{"id":18138,"date":"2017-11-18T10:15:30","date_gmt":"2017-11-18T09:15:30","guid":{"rendered":"http:\/\/www.info-algerie.com\/actualites\/locales-2017-le-msp-pret-a-partager-les-responsabilites-avec-les-elus-du-peuple-menasra\/"},"modified":"2017-11-18T10:15:30","modified_gmt":"2017-11-18T09:15:30","slug":"locales-2017-le-msp-pret-a-partager-les-responsabilites-avec-les-elus-du-peuple-menasra","status":"publish","type":"post","link":"https:\/\/www.info-algerie.com\/actualites\/locales-2017-le-msp-pret-a-partager-les-responsabilites-avec-les-elus-du-peuple-menasra\/","title":{"rendered":"Locales 2017: le MSP pr\u00eat \u00e0 partager les responsabilit\u00e9s avec les \u00e9lus du peuple (Menasra)"},"content":{"rendered":"<div class=\"K2FeedIntroText\">\n<p>M\u2019SILA &#8211; Le pr\u00e9sident du mouvement de la soci\u00e9t\u00e9 pour la paix (MSP), Abdelmadjid Menasra, a affirm\u00e9, vendredi soir \u00e0 M\u2019sila que sa formation politique est pr\u00eate \u00e0 \u00ab\u00a0partager les responsabilit\u00e9s avec les \u00e9lus que le peuple aura choisi lors des \u00e9lections locales de jeudi prochain\u00a0\u00bb.<\/p>\n<p>&#013;\n<\/p><\/div>\n<div class=\"K2FeedFullText\">&#013;<\/p>\n<p>Au cours d\u2019un meeting anim\u00e9 dans l\u2019ancienne salle omnisports de la ville, dans le cadre de la campagne \u00e9lectorale en pr\u00e9vision des locales du 23 novembre, M. Menasra a indiqu\u00e9 que les candidats du MSP \u00ab\u00a0travailleront de concert avec les personnes que le peuple \u00e9lira pour g\u00e9rer les collectivit\u00e9s locales\u00a0\u00bb, \u00e0 condition, a-t-il pr\u00e9cis\u00e9, que \u00ab\u00a0les \u00e9lections soient propres et transparentes\u00a0\u00bb.<\/p>\n<p>&#013;<\/p>\n<p>Le m\u00eame responsable politique a \u00e9galement assur\u00e9 que le \u00ab\u00a0partage des responsabilit\u00e9s\u00a0\u00bb dans la gestion des affaires publiques est \u00ab\u00a0un principe fondamental\u00a0\u00bb pour le MSP, faisant \u00e9cho, rappelle-t-il, aux propos du d\u00e9funt pr\u00e9sident du parti, Mahfoud Nahnah, qui disait que \u00ab\u00a0l\u2019Alg\u00e9rie a \u00e9t\u00e9 lib\u00e9r\u00e9e par tous et sera \u00e9difi\u00e9e par tous\u00a0\u00bb.<\/p>\n<p>&#013;<\/p>\n<p class=\"MsoNormal\">M. Menasra a, enfin, appel\u00e9 le peuple alg\u00e9rien \u00e0 se rendre aux urnes le 23 novembre pour choisir les meilleurs pour g\u00e9rer, dit-il, les affaires publiques, \u00e0 savoir \u00ab\u00a0ceux qui r\u00e9pondent aux crit\u00e8res de la comp\u00e9tence et de\u00a0 l\u2019int\u00e9grit\u00e9\u00a0\u00bb, consid\u00e9rant que les \u00e9lections locales sont un \u00ab\u00a0moyen de fortifier le pays contre les dangers auxquels il est confront\u00e9\u00a0\u00bb.<\/p>\n<\/div>\n<p>&#013;<br \/>\nSource: <a href=\"http:\/\/www.aps.dz\/algerie\/65788-locales-2017-le-msp-pret-a-partager-les-responsabilites-avec-les-elus-du-peuple-menasra\" target=\"_blank\">Locales 2017: le MSP pr\u00eat \u00e0 partager les responsabilit\u00e9s avec les \u00e9lus du peuple (Menasra)<\/a><\/p>\n<!--CusAds0-->\n<div style=\"font-size: 0px; height: 0px; line-height: 0px; margin: 0; padding: 0; clear: both;\"><\/div>","protected":false},"excerpt":{"rendered":"<p>M\u2019SILA &#8211; Le pr\u00e9sident du mouvement de la soci\u00e9t\u00e9 pour la paix (MSP), Abdelmadjid Menasra, a affirm\u00e9, vendredi soir \u00e0 M\u2019sila que sa formation politique est pr\u00eate \u00e0 \u00ab\u00a0partager les responsabilit\u00e9s avec les \u00e9lus que le peuple aura choisi lors des \u00e9lections locales de jeudi prochain\u00a0\u00bb. &#013; &#013; Au cours d\u2019un meeting anim\u00e9 dans l\u2019ancienne<\/p>\n","protected":false},"author":6,"featured_media":0,"comment_status":"open","ping_status":"open","sticky":false,"template":"","format":"standard","meta":{"footnotes":""},"categories":[22],"tags":[93],"class_list":["post-18138","post","type-post","status-publish","format-standard","hentry","category-infos","tag-onu"],"yoast_head":"<!-- This site is optimized with the Yoast SEO plugin v27.4 - https:\/\/yoast.com\/product\/yoast-seo-wordpress\/ -->\n<title>Locales 2017: le MSP pr\u00eat \u00e0 partager les responsabilit\u00e9s avec les \u00e9lus du peuple (Menasra) - info algerie<\/title>\n<meta name=\"robots\" content=\"index, follow, max-snippet:-1, max-image-preview:large, max-video-preview:-1\" \/>\n<link rel=\"canonical\" href=\"https:\/\/www.info-algerie.com\/actualites\/locales-2017-le-msp-pret-a-partager-les-responsabilites-avec-les-elus-du-peuple-menasra\/\" \/>\n<meta property=\"og:locale\" content=\"fr_FR\" \/>\n<meta property=\"og:type\" content=\"article\" \/>\n<meta property=\"og:title\" content=\"Locales 2017: le MSP pr\u00eat \u00e0 partager les responsabilit\u00e9s avec les \u00e9lus du peuple (Menasra) - info algerie\" \/>\n<meta property=\"og:description\" content=\"M\u2019SILA &#8211; Le pr\u00e9sident du mouvement de la soci\u00e9t\u00e9 pour la paix (MSP), Abdelmadjid Menasra, a affirm\u00e9, vendredi soir \u00e0 M\u2019sila que sa formation politique est pr\u00eate \u00e0 \u00ab\u00a0partager les responsabilit\u00e9s avec les \u00e9lus que le peuple aura choisi lors des \u00e9lections locales de jeudi prochain\u00a0\u00bb. &#013; &#013; Au cours d\u2019un meeting anim\u00e9 dans l\u2019ancienne\" \/>\n<meta property=\"og:url\" content=\"https:\/\/www.info-algerie.com\/actualites\/locales-2017-le-msp-pret-a-partager-les-responsabilites-avec-les-elus-du-peuple-menasra\/\" \/>\n<meta property=\"og:site_name\" content=\"info algerie\" \/>\n<meta property=\"article:publisher\" content=\"https:\/\/www.facebook.com\/infoalgerieactu\" \/>\n<meta property=\"article:published_time\" content=\"2017-11-18T09:15:30+00:00\" \/>\n<meta name=\"author\" content=\"La r\u00e9daction\" \/>\n<meta name=\"twitter:label1\" content=\"\u00c9crit par\" \/>\n\t<meta name=\"twitter:data1\" content=\"La r\u00e9daction\" \/>\n\t<meta name=\"twitter:label2\" content=\"Dur\u00e9e de lecture estim\u00e9e\" \/>\n\t<meta name=\"twitter:data2\" content=\"1 minute\" \/>\n<script type=\"application\/ld+json\" class=\"yoast-schema-graph\">{\"@context\":\"https:\\\/\\\/schema.org\",\"@graph\":[{\"@type\":\"Article\",\"@id\":\"https:\\\/\\\/www.info-algerie.com\\\/actualites\\\/locales-2017-le-msp-pret-a-partager-les-responsabilites-avec-les-elus-du-peuple-menasra\\\/#article\",\"isPartOf\":{\"@id\":\"https:\\\/\\\/www.info-algerie.com\\\/actualites\\\/locales-2017-le-msp-pret-a-partager-les-responsabilites-avec-les-elus-du-peuple-menasra\\\/\"},\"author\":{\"name\":\"La r\u00e9daction\",\"@id\":\"https:\\\/\\\/www.info-algerie.com\\\/actualites\\\/#\\\/schema\\\/person\\\/847aaec44920825b843a08f30ec6aa1e\"},\"headline\":\"Locales 2017: le MSP pr\u00eat \u00e0 partager les responsabilit\u00e9s avec les \u00e9lus du peuple (Menasra)\",\"datePublished\":\"2017-11-18T09:15:30+00:00\",\"mainEntityOfPage\":{\"@id\":\"https:\\\/\\\/www.info-algerie.com\\\/actualites\\\/locales-2017-le-msp-pret-a-partager-les-responsabilites-avec-les-elus-du-peuple-menasra\\\/\"},\"wordCount\":269,\"commentCount\":0,\"publisher\":{\"@id\":\"https:\\\/\\\/www.info-algerie.com\\\/actualites\\\/#organization\"},\"keywords\":[\"ONU\"],\"articleSection\":[\"infos\"],\"inLanguage\":\"fr-FR\",\"potentialAction\":[{\"@type\":\"CommentAction\",\"name\":\"Comment\",\"target\":[\"https:\\\/\\\/www.info-algerie.com\\\/actualites\\\/locales-2017-le-msp-pret-a-partager-les-responsabilites-avec-les-elus-du-peuple-menasra\\\/#respond\"]}]},{\"@type\":\"WebPage\",\"@id\":\"https:\\\/\\\/www.info-algerie.com\\\/actualites\\\/locales-2017-le-msp-pret-a-partager-les-responsabilites-avec-les-elus-du-peuple-menasra\\\/\",\"url\":\"https:\\\/\\\/www.info-algerie.com\\\/actualites\\\/locales-2017-le-msp-pret-a-partager-les-responsabilites-avec-les-elus-du-peuple-menasra\\\/\",\"name\":\"Locales 2017: le MSP pr\u00eat \u00e0 partager les responsabilit\u00e9s avec les \u00e9lus du peuple (Menasra) - info algerie\",\"isPartOf\":{\"@id\":\"https:\\\/\\\/www.info-algerie.com\\\/actualites\\\/#website\"},\"datePublished\":\"2017-11-18T09:15:30+00:00\",\"breadcrumb\":{\"@id\":\"https:\\\/\\\/www.info-algerie.com\\\/actualites\\\/locales-2017-le-msp-pret-a-partager-les-responsabilites-avec-les-elus-du-peuple-menasra\\\/#breadcrumb\"},\"inLanguage\":\"fr-FR\",\"potentialAction\":[{\"@type\":\"ReadAction\",\"target\":[\"https:\\\/\\\/www.info-algerie.com\\\/actualites\\\/locales-2017-le-msp-pret-a-partager-les-responsabilites-avec-les-elus-du-peuple-menasra\\\/\"]}]},{\"@type\":\"BreadcrumbList\",\"@id\":\"https:\\\/\\\/www.info-algerie.com\\\/actualites\\\/locales-2017-le-msp-pret-a-partager-les-responsabilites-avec-les-elus-du-peuple-menasra\\\/#breadcrumb\",\"itemListElement\":[{\"@type\":\"ListItem\",\"position\":1,\"name\":\"Accueil\",\"item\":\"https:\\\/\\\/www.info-algerie.com\\\/actualites\\\/\"},{\"@type\":\"ListItem\",\"position\":2,\"name\":\"Locales 2017: le MSP pr\u00eat \u00e0 partager les responsabilit\u00e9s avec les \u00e9lus du peuple (Menasra)\"}]},{\"@type\":\"WebSite\",\"@id\":\"https:\\\/\\\/www.info-algerie.com\\\/actualites\\\/#website\",\"url\":\"https:\\\/\\\/www.info-algerie.com\\\/actualites\\\/\",\"name\":\"info algerie\",\"description\":\"Toutes les actualit\u00e9s\",\"publisher\":{\"@id\":\"https:\\\/\\\/www.info-algerie.com\\\/actualites\\\/#organization\"},\"potentialAction\":[{\"@type\":\"SearchAction\",\"target\":{\"@type\":\"EntryPoint\",\"urlTemplate\":\"https:\\\/\\\/www.info-algerie.com\\\/actualites\\\/?s={search_term_string}\"},\"query-input\":{\"@type\":\"PropertyValueSpecification\",\"valueRequired\":true,\"valueName\":\"search_term_string\"}}],\"inLanguage\":\"fr-FR\"},{\"@type\":\"Organization\",\"@id\":\"https:\\\/\\\/www.info-algerie.com\\\/actualites\\\/#organization\",\"name\":\"info algerie\",\"url\":\"https:\\\/\\\/www.info-algerie.com\\\/actualites\\\/\",\"logo\":{\"@type\":\"ImageObject\",\"inLanguage\":\"fr-FR\",\"@id\":\"https:\\\/\\\/www.info-algerie.com\\\/actualites\\\/#\\\/schema\\\/logo\\\/image\\\/\",\"url\":\"https:\\\/\\\/www.info-algerie.com\\\/actualites\\\/wp-content\\\/uploads\\\/2022\\\/07\\\/logo-ia-120.png\",\"contentUrl\":\"https:\\\/\\\/www.info-algerie.com\\\/actualites\\\/wp-content\\\/uploads\\\/2022\\\/07\\\/logo-ia-120.png\",\"width\":120,\"height\":43,\"caption\":\"info algerie\"},\"image\":{\"@id\":\"https:\\\/\\\/www.info-algerie.com\\\/actualites\\\/#\\\/schema\\\/logo\\\/image\\\/\"},\"sameAs\":[\"https:\\\/\\\/www.facebook.com\\\/infoalgerieactu\",\"https:\\\/\\\/x.com\\\/infoalgerie1\"]},{\"@type\":\"Person\",\"@id\":\"https:\\\/\\\/www.info-algerie.com\\\/actualites\\\/#\\\/schema\\\/person\\\/847aaec44920825b843a08f30ec6aa1e\",\"name\":\"La r\u00e9daction\",\"image\":{\"@type\":\"ImageObject\",\"inLanguage\":\"fr-FR\",\"@id\":\"https:\\\/\\\/secure.gravatar.com\\\/avatar\\\/769db425c6f465158149f1ffd6cf61ce7a8a879d11dfbef8288af36dfddd418c?s=96&d=mm&r=g\",\"url\":\"https:\\\/\\\/secure.gravatar.com\\\/avatar\\\/769db425c6f465158149f1ffd6cf61ce7a8a879d11dfbef8288af36dfddd418c?s=96&d=mm&r=g\",\"contentUrl\":\"https:\\\/\\\/secure.gravatar.com\\\/avatar\\\/769db425c6f465158149f1ffd6cf61ce7a8a879d11dfbef8288af36dfddd418c?s=96&d=mm&r=g\",\"caption\":\"La r\u00e9daction\"},\"sameAs\":[\"http:\\\/\\\/www.lkeria.com\\\/\"],\"url\":\"https:\\\/\\\/www.info-algerie.com\\\/actualites\\\/author\\\/chakib32\\\/\"}]}<\/script>\n<!-- \/ Yoast SEO plugin. -->","yoast_head_json":{"title":"Locales 2017: le MSP pr\u00eat \u00e0 partager les responsabilit\u00e9s avec les \u00e9lus du peuple (Menasra) - info algerie","robots":{"index":"index","follow":"follow","max-snippet":"max-snippet:-1","max-image-preview":"max-image-preview:large","max-video-preview":"max-video-preview:-1"},"canonical":"https:\/\/www.info-algerie.com\/actualites\/locales-2017-le-msp-pret-a-partager-les-responsabilites-avec-les-elus-du-peuple-menasra\/","og_locale":"fr_FR","og_type":"article","og_title":"Locales 2017: le MSP pr\u00eat \u00e0 partager les responsabilit\u00e9s avec les \u00e9lus du peuple (Menasra) - info algerie","og_description":"M\u2019SILA &#8211; Le pr\u00e9sident du mouvement de la soci\u00e9t\u00e9 pour la paix (MSP), Abdelmadjid Menasra, a affirm\u00e9, vendredi soir \u00e0 M\u2019sila que sa formation politique est pr\u00eate \u00e0 \u00ab\u00a0partager les responsabilit\u00e9s avec les \u00e9lus que le peuple aura choisi lors des \u00e9lections locales de jeudi prochain\u00a0\u00bb. &#013; &#013; Au cours d\u2019un meeting anim\u00e9 dans l\u2019ancienne","og_url":"https:\/\/www.info-algerie.com\/actualites\/locales-2017-le-msp-pret-a-partager-les-responsabilites-avec-les-elus-du-peuple-menasra\/","og_site_name":"info algerie","article_publisher":"https:\/\/www.facebook.com\/infoalgerieactu","article_published_time":"2017-11-18T09:15:30+00:00","author":"La r\u00e9daction","twitter_misc":{"\u00c9crit par":"La r\u00e9daction","Dur\u00e9e de lecture estim\u00e9e":"1 minute"},"schema":{"@context":"https:\/\/schema.org","@graph":[{"@type":"Article","@id":"https:\/\/www.info-algerie.com\/actualites\/locales-2017-le-msp-pret-a-partager-les-responsabilites-avec-les-elus-du-peuple-menasra\/#article","isPartOf":{"@id":"https:\/\/www.info-algerie.com\/actualites\/locales-2017-le-msp-pret-a-partager-les-responsabilites-avec-les-elus-du-peuple-menasra\/"},"author":{"name":"La r\u00e9daction","@id":"https:\/\/www.info-algerie.com\/actualites\/#\/schema\/person\/847aaec44920825b843a08f30ec6aa1e"},"headline":"Locales 2017: le MSP pr\u00eat \u00e0 partager les responsabilit\u00e9s avec les \u00e9lus du peuple (Menasra)","datePublished":"2017-11-18T09:15:30+00:00","mainEntityOfPage":{"@id":"https:\/\/www.info-algerie.com\/actualites\/locales-2017-le-msp-pret-a-partager-les-responsabilites-avec-les-elus-du-peuple-menasra\/"},"wordCount":269,"commentCount":0,"publisher":{"@id":"https:\/\/www.info-algerie.com\/actualites\/#organization"},"keywords":["ONU"],"articleSection":["infos"],"inLanguage":"fr-FR","potentialAction":[{"@type":"CommentAction","name":"Comment","target":["https:\/\/www.info-algerie.com\/actualites\/locales-2017-le-msp-pret-a-partager-les-responsabilites-avec-les-elus-du-peuple-menasra\/#respond"]}]},{"@type":"WebPage","@id":"https:\/\/www.info-algerie.com\/actualites\/locales-2017-le-msp-pret-a-partager-les-responsabilites-avec-les-elus-du-peuple-menasra\/","url":"https:\/\/www.info-algerie.com\/actualites\/locales-2017-le-msp-pret-a-partager-les-responsabilites-avec-les-elus-du-peuple-menasra\/","name":"Locales 2017: le MSP pr\u00eat \u00e0 partager les responsabilit\u00e9s avec les \u00e9lus du peuple (Menasra) - info algerie","isPartOf":{"@id":"https:\/\/www.info-algerie.com\/actualites\/#website"},"datePublished":"2017-11-18T09:15:30+00:00","breadcrumb":{"@id":"https:\/\/www.info-algerie.com\/actualites\/locales-2017-le-msp-pret-a-partager-les-responsabilites-avec-les-elus-du-peuple-menasra\/#breadcrumb"},"inLanguage":"fr-FR","potentialAction":[{"@type":"ReadAction","target":["https:\/\/www.info-algerie.com\/actualites\/locales-2017-le-msp-pret-a-partager-les-responsabilites-avec-les-elus-du-peuple-menasra\/"]}]},{"@type":"BreadcrumbList","@id":"https:\/\/www.info-algerie.com\/actualites\/locales-2017-le-msp-pret-a-partager-les-responsabilites-avec-les-elus-du-peuple-menasra\/#breadcrumb","itemListElement":[{"@type":"ListItem","position":1,"name":"Accueil","item":"https:\/\/www.info-algerie.com\/actualites\/"},{"@type":"ListItem","position":2,"name":"Locales 2017: le MSP pr\u00eat \u00e0 partager les responsabilit\u00e9s avec les \u00e9lus du peuple (Menasra)"}]},{"@type":"WebSite","@id":"https:\/\/www.info-algerie.com\/actualites\/#website","url":"https:\/\/www.info-algerie.com\/actualites\/","name":"info algerie","description":"Toutes les actualit\u00e9s","publisher":{"@id":"https:\/\/www.info-algerie.com\/actualites\/#organization"},"potentialAction":[{"@type":"SearchAction","target":{"@type":"EntryPoint","urlTemplate":"https:\/\/www.info-algerie.com\/actualites\/?s={search_term_string}"},"query-input":{"@type":"PropertyValueSpecification","valueRequired":true,"valueName":"search_term_string"}}],"inLanguage":"fr-FR"},{"@type":"Organization","@id":"https:\/\/www.info-algerie.com\/actualites\/#organization","name":"info algerie","url":"https:\/\/www.info-algerie.com\/actualites\/","logo":{"@type":"ImageObject","inLanguage":"fr-FR","@id":"https:\/\/www.info-algerie.com\/actualites\/#\/schema\/logo\/image\/","url":"https:\/\/www.info-algerie.com\/actualites\/wp-content\/uploads\/2022\/07\/logo-ia-120.png","contentUrl":"https:\/\/www.info-algerie.com\/actualites\/wp-content\/uploads\/2022\/07\/logo-ia-120.png","width":120,"height":43,"caption":"info algerie"},"image":{"@id":"https:\/\/www.info-algerie.com\/actualites\/#\/schema\/logo\/image\/"},"sameAs":["https:\/\/www.facebook.com\/infoalgerieactu","https:\/\/x.com\/infoalgerie1"]},{"@type":"Person","@id":"https:\/\/www.info-algerie.com\/actualites\/#\/schema\/person\/847aaec44920825b843a08f30ec6aa1e","name":"La r\u00e9daction","image":{"@type":"ImageObject","inLanguage":"fr-FR","@id":"https:\/\/secure.gravatar.com\/avatar\/769db425c6f465158149f1ffd6cf61ce7a8a879d11dfbef8288af36dfddd418c?s=96&d=mm&r=g","url":"https:\/\/secure.gravatar.com\/avatar\/769db425c6f465158149f1ffd6cf61ce7a8a879d11dfbef8288af36dfddd418c?s=96&d=mm&r=g","contentUrl":"https:\/\/secure.gravatar.com\/avatar\/769db425c6f465158149f1ffd6cf61ce7a8a879d11dfbef8288af36dfddd418c?s=96&d=mm&r=g","caption":"La r\u00e9daction"},"sameAs":["http:\/\/www.lkeria.com\/"],"url":"https:\/\/www.info-algerie.com\/actualites\/author\/chakib32\/"}]}},"_links":{"self":[{"href":"https:\/\/www.info-algerie.com\/actualites\/wp-json\/wp\/v2\/posts\/18138","targetHints":{"allow":["GET"]}}],"collection":[{"href":"https:\/\/www.info-algerie.com\/actualites\/wp-json\/wp\/v2\/posts"}],"about":[{"href":"https:\/\/www.info-algerie.com\/actualites\/wp-json\/wp\/v2\/types\/post"}],"author":[{"embeddable":true,"href":"https:\/\/www.info-algerie.com\/actualites\/wp-json\/wp\/v2\/users\/6"}],"replies":[{"embeddable":true,"href":"https:\/\/www.info-algerie.com\/actualites\/wp-json\/wp\/v2\/comments?post=18138"}],"version-history":[{"count":0,"href":"https:\/\/www.info-algerie.com\/actualites\/wp-json\/wp\/v2\/posts\/18138\/revisions"}],"wp:attachment":[{"href":"https:\/\/www.info-algerie.com\/actualites\/wp-json\/wp\/v2\/media?parent=18138"}],"wp:term":[{"taxonomy":"category","embeddable":true,"href":"https:\/\/www.info-algerie.com\/actualites\/wp-json\/wp\/v2\/categories?post=18138"},{"taxonomy":"post_tag","embeddable":true,"href":"https:\/\/www.info-algerie.com\/actualites\/wp-json\/wp\/v2\/tags?post=18138"}],"curies":[{"name":"wp","href":"https:\/\/api.w.org\/{rel}","templated":true}]}}