{"id":18140,"date":"2017-11-18T11:26:49","date_gmt":"2017-11-18T10:26:49","guid":{"rendered":"http:\/\/www.info-algerie.com\/actualites\/loiac-attribue-le-prix-la-haye-2017-au-caert\/"},"modified":"2017-11-18T11:26:49","modified_gmt":"2017-11-18T10:26:49","slug":"loiac-attribue-le-prix-la-haye-2017-au-caert","status":"publish","type":"post","link":"https:\/\/www.info-algerie.com\/actualites\/loiac-attribue-le-prix-la-haye-2017-au-caert\/","title":{"rendered":"L&#039;OIAC attribue le Prix-La Haye 2017 au CAERT"},"content":{"rendered":"<div class=\"K2FeedIntroText\">\n<p>ALGER &#8211; Le Directeur G\u00e9n\u00e9ral de l&rsquo;Organisation pour l&rsquo;interdiction des Armes Chimiques (OIAC), Ahmet Uz\u00fcmc\u00fc, a annonc\u00e9 la d\u00e9cision du Comit\u00e9 de l&rsquo;OIAC d\u2019attribuer au Centre africain d&rsquo;Etudes et de Recherches sur le Terrorisme (CAERT) dont le si\u00e8ge est \u00e0 Alger, le Prix-La Haye 2017.<\/p>\n<p>&#013;\n<\/p><\/div>\n<div class=\"K2FeedFullText\">&#013;<\/p>\n<p>L\u2019Universit\u00e9 de Rome Tor Vergata a \u00e9galement re\u00e7u le m\u00eame prix. Ce prix de l\u2019OIAC qui constitue une reconnaissance aux efforts du CAERT est une mise en valeur de sa contribution exceptionnelle \u00e0 la lutte contre\u00a0 le terrorisme et aux objectifs de la Convention sur les armes chimiques (CWC).<\/p>\n<p>&#013;<\/p>\n<p>L&rsquo;Ambassadeur Uz\u00fcmc\u00fc a f\u00e9licit\u00e9 le CAERT et a d\u00e9clar\u00e9 que \u00ab\u00a0les laur\u00e9ats de cette ann\u00e9e ont fait progresser les objectifs de la Convention sur les armes chimiques pour parvenir \u00e0 un monde exempt d&rsquo;armes chimiques. Les deux institutions s&rsquo;attaquent \u00e0 des probl\u00e8mes d&rsquo;importance mondiale vitale et au coeur m\u00eame du travail de l&rsquo;OIAC maintenant et pour les ann\u00e9es \u00e0 venir\u00a0\u00bb.<\/p>\n<p>&#013;<\/p>\n<p class=\"MsoNormal\">La c\u00e9r\u00e9monie de remise des prix aura lieu le 27 novembre \u00e0 La Haye, au cours de la premi\u00e8re journ\u00e9e de la vingt-deuxi\u00e8me Conf\u00e9rence des Etats parties \u00e0 la Convention sur les armes chimiques.<\/p>\n<\/div>\n<p>&#013;<br \/>\nSource: <a href=\"http:\/\/www.aps.dz\/algerie\/65800-l-oiac-attribue-le-prix-la-haye-2017-au-caert\" target=\"_blank\">L&rsquo;OIAC attribue le Prix-La Haye 2017 au CAERT<\/a><\/p>\n<!--CusAds0-->\n<div style=\"font-size: 0px; height: 0px; line-height: 0px; margin: 0; padding: 0; clear: both;\"><\/div>","protected":false},"excerpt":{"rendered":"<p>ALGER &#8211; Le Directeur G\u00e9n\u00e9ral de l&rsquo;Organisation pour l&rsquo;interdiction des Armes Chimiques (OIAC), Ahmet Uz\u00fcmc\u00fc, a annonc\u00e9 la d\u00e9cision du Comit\u00e9 de l&rsquo;OIAC d\u2019attribuer au Centre africain d&rsquo;Etudes et de Recherches sur le Terrorisme (CAERT) dont le si\u00e8ge est \u00e0 Alger, le Prix-La Haye 2017. &#013; &#013; L\u2019Universit\u00e9 de Rome Tor Vergata a \u00e9galement re\u00e7u<\/p>\n","protected":false},"author":6,"featured_media":0,"comment_status":"open","ping_status":"open","sticky":false,"template":"","format":"standard","meta":{"footnotes":""},"categories":[22],"tags":[93],"class_list":["post-18140","post","type-post","status-publish","format-standard","hentry","category-infos","tag-onu"],"yoast_head":"<!-- This site is optimized with the Yoast SEO plugin v27.4 - https:\/\/yoast.com\/product\/yoast-seo-wordpress\/ -->\n<title>L&#039;OIAC attribue le Prix-La Haye 2017 au CAERT - info algerie<\/title>\n<meta name=\"robots\" content=\"index, follow, max-snippet:-1, max-image-preview:large, max-video-preview:-1\" \/>\n<link rel=\"canonical\" href=\"https:\/\/www.info-algerie.com\/actualites\/loiac-attribue-le-prix-la-haye-2017-au-caert\/\" \/>\n<meta property=\"og:locale\" content=\"fr_FR\" \/>\n<meta property=\"og:type\" content=\"article\" \/>\n<meta property=\"og:title\" content=\"L&#039;OIAC attribue le Prix-La Haye 2017 au CAERT - info algerie\" \/>\n<meta property=\"og:description\" content=\"ALGER &#8211; Le Directeur G\u00e9n\u00e9ral de l&rsquo;Organisation pour l&rsquo;interdiction des Armes Chimiques (OIAC), Ahmet Uz\u00fcmc\u00fc, a annonc\u00e9 la d\u00e9cision du Comit\u00e9 de l&rsquo;OIAC d\u2019attribuer au Centre africain d&rsquo;Etudes et de Recherches sur le Terrorisme (CAERT) dont le si\u00e8ge est \u00e0 Alger, le Prix-La Haye 2017. &#013; &#013; L\u2019Universit\u00e9 de Rome Tor Vergata a \u00e9galement re\u00e7u\" \/>\n<meta property=\"og:url\" content=\"https:\/\/www.info-algerie.com\/actualites\/loiac-attribue-le-prix-la-haye-2017-au-caert\/\" \/>\n<meta property=\"og:site_name\" content=\"info algerie\" \/>\n<meta property=\"article:publisher\" content=\"https:\/\/www.facebook.com\/infoalgerieactu\" \/>\n<meta property=\"article:published_time\" content=\"2017-11-18T10:26:49+00:00\" \/>\n<meta name=\"author\" content=\"La r\u00e9daction\" \/>\n<meta name=\"twitter:label1\" content=\"\u00c9crit par\" \/>\n\t<meta name=\"twitter:data1\" content=\"La r\u00e9daction\" \/>\n\t<meta name=\"twitter:label2\" content=\"Dur\u00e9e de lecture estim\u00e9e\" \/>\n\t<meta name=\"twitter:data2\" content=\"1 minute\" \/>\n<script type=\"application\/ld+json\" class=\"yoast-schema-graph\">{\"@context\":\"https:\\\/\\\/schema.org\",\"@graph\":[{\"@type\":\"Article\",\"@id\":\"https:\\\/\\\/www.info-algerie.com\\\/actualites\\\/loiac-attribue-le-prix-la-haye-2017-au-caert\\\/#article\",\"isPartOf\":{\"@id\":\"https:\\\/\\\/www.info-algerie.com\\\/actualites\\\/loiac-attribue-le-prix-la-haye-2017-au-caert\\\/\"},\"author\":{\"name\":\"La r\u00e9daction\",\"@id\":\"https:\\\/\\\/www.info-algerie.com\\\/actualites\\\/#\\\/schema\\\/person\\\/847aaec44920825b843a08f30ec6aa1e\"},\"headline\":\"L&#039;OIAC attribue le Prix-La Haye 2017 au CAERT\",\"datePublished\":\"2017-11-18T10:26:49+00:00\",\"mainEntityOfPage\":{\"@id\":\"https:\\\/\\\/www.info-algerie.com\\\/actualites\\\/loiac-attribue-le-prix-la-haye-2017-au-caert\\\/\"},\"wordCount\":229,\"commentCount\":0,\"publisher\":{\"@id\":\"https:\\\/\\\/www.info-algerie.com\\\/actualites\\\/#organization\"},\"keywords\":[\"ONU\"],\"articleSection\":[\"infos\"],\"inLanguage\":\"fr-FR\",\"potentialAction\":[{\"@type\":\"CommentAction\",\"name\":\"Comment\",\"target\":[\"https:\\\/\\\/www.info-algerie.com\\\/actualites\\\/loiac-attribue-le-prix-la-haye-2017-au-caert\\\/#respond\"]}]},{\"@type\":\"WebPage\",\"@id\":\"https:\\\/\\\/www.info-algerie.com\\\/actualites\\\/loiac-attribue-le-prix-la-haye-2017-au-caert\\\/\",\"url\":\"https:\\\/\\\/www.info-algerie.com\\\/actualites\\\/loiac-attribue-le-prix-la-haye-2017-au-caert\\\/\",\"name\":\"L&#039;OIAC attribue le Prix-La Haye 2017 au CAERT - info algerie\",\"isPartOf\":{\"@id\":\"https:\\\/\\\/www.info-algerie.com\\\/actualites\\\/#website\"},\"datePublished\":\"2017-11-18T10:26:49+00:00\",\"breadcrumb\":{\"@id\":\"https:\\\/\\\/www.info-algerie.com\\\/actualites\\\/loiac-attribue-le-prix-la-haye-2017-au-caert\\\/#breadcrumb\"},\"inLanguage\":\"fr-FR\",\"potentialAction\":[{\"@type\":\"ReadAction\",\"target\":[\"https:\\\/\\\/www.info-algerie.com\\\/actualites\\\/loiac-attribue-le-prix-la-haye-2017-au-caert\\\/\"]}]},{\"@type\":\"BreadcrumbList\",\"@id\":\"https:\\\/\\\/www.info-algerie.com\\\/actualites\\\/loiac-attribue-le-prix-la-haye-2017-au-caert\\\/#breadcrumb\",\"itemListElement\":[{\"@type\":\"ListItem\",\"position\":1,\"name\":\"Accueil\",\"item\":\"https:\\\/\\\/www.info-algerie.com\\\/actualites\\\/\"},{\"@type\":\"ListItem\",\"position\":2,\"name\":\"L&#039;OIAC attribue le Prix-La Haye 2017 au CAERT\"}]},{\"@type\":\"WebSite\",\"@id\":\"https:\\\/\\\/www.info-algerie.com\\\/actualites\\\/#website\",\"url\":\"https:\\\/\\\/www.info-algerie.com\\\/actualites\\\/\",\"name\":\"info algerie\",\"description\":\"Toutes les actualit\u00e9s\",\"publisher\":{\"@id\":\"https:\\\/\\\/www.info-algerie.com\\\/actualites\\\/#organization\"},\"potentialAction\":[{\"@type\":\"SearchAction\",\"target\":{\"@type\":\"EntryPoint\",\"urlTemplate\":\"https:\\\/\\\/www.info-algerie.com\\\/actualites\\\/?s={search_term_string}\"},\"query-input\":{\"@type\":\"PropertyValueSpecification\",\"valueRequired\":true,\"valueName\":\"search_term_string\"}}],\"inLanguage\":\"fr-FR\"},{\"@type\":\"Organization\",\"@id\":\"https:\\\/\\\/www.info-algerie.com\\\/actualites\\\/#organization\",\"name\":\"info algerie\",\"url\":\"https:\\\/\\\/www.info-algerie.com\\\/actualites\\\/\",\"logo\":{\"@type\":\"ImageObject\",\"inLanguage\":\"fr-FR\",\"@id\":\"https:\\\/\\\/www.info-algerie.com\\\/actualites\\\/#\\\/schema\\\/logo\\\/image\\\/\",\"url\":\"https:\\\/\\\/www.info-algerie.com\\\/actualites\\\/wp-content\\\/uploads\\\/2022\\\/07\\\/logo-ia-120.png\",\"contentUrl\":\"https:\\\/\\\/www.info-algerie.com\\\/actualites\\\/wp-content\\\/uploads\\\/2022\\\/07\\\/logo-ia-120.png\",\"width\":120,\"height\":43,\"caption\":\"info algerie\"},\"image\":{\"@id\":\"https:\\\/\\\/www.info-algerie.com\\\/actualites\\\/#\\\/schema\\\/logo\\\/image\\\/\"},\"sameAs\":[\"https:\\\/\\\/www.facebook.com\\\/infoalgerieactu\",\"https:\\\/\\\/x.com\\\/infoalgerie1\"]},{\"@type\":\"Person\",\"@id\":\"https:\\\/\\\/www.info-algerie.com\\\/actualites\\\/#\\\/schema\\\/person\\\/847aaec44920825b843a08f30ec6aa1e\",\"name\":\"La r\u00e9daction\",\"image\":{\"@type\":\"ImageObject\",\"inLanguage\":\"fr-FR\",\"@id\":\"https:\\\/\\\/secure.gravatar.com\\\/avatar\\\/769db425c6f465158149f1ffd6cf61ce7a8a879d11dfbef8288af36dfddd418c?s=96&d=mm&r=g\",\"url\":\"https:\\\/\\\/secure.gravatar.com\\\/avatar\\\/769db425c6f465158149f1ffd6cf61ce7a8a879d11dfbef8288af36dfddd418c?s=96&d=mm&r=g\",\"contentUrl\":\"https:\\\/\\\/secure.gravatar.com\\\/avatar\\\/769db425c6f465158149f1ffd6cf61ce7a8a879d11dfbef8288af36dfddd418c?s=96&d=mm&r=g\",\"caption\":\"La r\u00e9daction\"},\"sameAs\":[\"http:\\\/\\\/www.lkeria.com\\\/\"],\"url\":\"https:\\\/\\\/www.info-algerie.com\\\/actualites\\\/author\\\/chakib32\\\/\"}]}<\/script>\n<!-- \/ Yoast SEO plugin. -->","yoast_head_json":{"title":"L&#039;OIAC attribue le Prix-La Haye 2017 au CAERT - info algerie","robots":{"index":"index","follow":"follow","max-snippet":"max-snippet:-1","max-image-preview":"max-image-preview:large","max-video-preview":"max-video-preview:-1"},"canonical":"https:\/\/www.info-algerie.com\/actualites\/loiac-attribue-le-prix-la-haye-2017-au-caert\/","og_locale":"fr_FR","og_type":"article","og_title":"L&#039;OIAC attribue le Prix-La Haye 2017 au CAERT - info algerie","og_description":"ALGER &#8211; Le Directeur G\u00e9n\u00e9ral de l&rsquo;Organisation pour l&rsquo;interdiction des Armes Chimiques (OIAC), Ahmet Uz\u00fcmc\u00fc, a annonc\u00e9 la d\u00e9cision du Comit\u00e9 de l&rsquo;OIAC d\u2019attribuer au Centre africain d&rsquo;Etudes et de Recherches sur le Terrorisme (CAERT) dont le si\u00e8ge est \u00e0 Alger, le Prix-La Haye 2017. &#013; &#013; L\u2019Universit\u00e9 de Rome Tor Vergata a \u00e9galement re\u00e7u","og_url":"https:\/\/www.info-algerie.com\/actualites\/loiac-attribue-le-prix-la-haye-2017-au-caert\/","og_site_name":"info algerie","article_publisher":"https:\/\/www.facebook.com\/infoalgerieactu","article_published_time":"2017-11-18T10:26:49+00:00","author":"La r\u00e9daction","twitter_misc":{"\u00c9crit par":"La r\u00e9daction","Dur\u00e9e de lecture estim\u00e9e":"1 minute"},"schema":{"@context":"https:\/\/schema.org","@graph":[{"@type":"Article","@id":"https:\/\/www.info-algerie.com\/actualites\/loiac-attribue-le-prix-la-haye-2017-au-caert\/#article","isPartOf":{"@id":"https:\/\/www.info-algerie.com\/actualites\/loiac-attribue-le-prix-la-haye-2017-au-caert\/"},"author":{"name":"La r\u00e9daction","@id":"https:\/\/www.info-algerie.com\/actualites\/#\/schema\/person\/847aaec44920825b843a08f30ec6aa1e"},"headline":"L&#039;OIAC attribue le Prix-La Haye 2017 au CAERT","datePublished":"2017-11-18T10:26:49+00:00","mainEntityOfPage":{"@id":"https:\/\/www.info-algerie.com\/actualites\/loiac-attribue-le-prix-la-haye-2017-au-caert\/"},"wordCount":229,"commentCount":0,"publisher":{"@id":"https:\/\/www.info-algerie.com\/actualites\/#organization"},"keywords":["ONU"],"articleSection":["infos"],"inLanguage":"fr-FR","potentialAction":[{"@type":"CommentAction","name":"Comment","target":["https:\/\/www.info-algerie.com\/actualites\/loiac-attribue-le-prix-la-haye-2017-au-caert\/#respond"]}]},{"@type":"WebPage","@id":"https:\/\/www.info-algerie.com\/actualites\/loiac-attribue-le-prix-la-haye-2017-au-caert\/","url":"https:\/\/www.info-algerie.com\/actualites\/loiac-attribue-le-prix-la-haye-2017-au-caert\/","name":"L&#039;OIAC attribue le Prix-La Haye 2017 au CAERT - info algerie","isPartOf":{"@id":"https:\/\/www.info-algerie.com\/actualites\/#website"},"datePublished":"2017-11-18T10:26:49+00:00","breadcrumb":{"@id":"https:\/\/www.info-algerie.com\/actualites\/loiac-attribue-le-prix-la-haye-2017-au-caert\/#breadcrumb"},"inLanguage":"fr-FR","potentialAction":[{"@type":"ReadAction","target":["https:\/\/www.info-algerie.com\/actualites\/loiac-attribue-le-prix-la-haye-2017-au-caert\/"]}]},{"@type":"BreadcrumbList","@id":"https:\/\/www.info-algerie.com\/actualites\/loiac-attribue-le-prix-la-haye-2017-au-caert\/#breadcrumb","itemListElement":[{"@type":"ListItem","position":1,"name":"Accueil","item":"https:\/\/www.info-algerie.com\/actualites\/"},{"@type":"ListItem","position":2,"name":"L&#039;OIAC attribue le Prix-La Haye 2017 au CAERT"}]},{"@type":"WebSite","@id":"https:\/\/www.info-algerie.com\/actualites\/#website","url":"https:\/\/www.info-algerie.com\/actualites\/","name":"info algerie","description":"Toutes les actualit\u00e9s","publisher":{"@id":"https:\/\/www.info-algerie.com\/actualites\/#organization"},"potentialAction":[{"@type":"SearchAction","target":{"@type":"EntryPoint","urlTemplate":"https:\/\/www.info-algerie.com\/actualites\/?s={search_term_string}"},"query-input":{"@type":"PropertyValueSpecification","valueRequired":true,"valueName":"search_term_string"}}],"inLanguage":"fr-FR"},{"@type":"Organization","@id":"https:\/\/www.info-algerie.com\/actualites\/#organization","name":"info algerie","url":"https:\/\/www.info-algerie.com\/actualites\/","logo":{"@type":"ImageObject","inLanguage":"fr-FR","@id":"https:\/\/www.info-algerie.com\/actualites\/#\/schema\/logo\/image\/","url":"https:\/\/www.info-algerie.com\/actualites\/wp-content\/uploads\/2022\/07\/logo-ia-120.png","contentUrl":"https:\/\/www.info-algerie.com\/actualites\/wp-content\/uploads\/2022\/07\/logo-ia-120.png","width":120,"height":43,"caption":"info algerie"},"image":{"@id":"https:\/\/www.info-algerie.com\/actualites\/#\/schema\/logo\/image\/"},"sameAs":["https:\/\/www.facebook.com\/infoalgerieactu","https:\/\/x.com\/infoalgerie1"]},{"@type":"Person","@id":"https:\/\/www.info-algerie.com\/actualites\/#\/schema\/person\/847aaec44920825b843a08f30ec6aa1e","name":"La r\u00e9daction","image":{"@type":"ImageObject","inLanguage":"fr-FR","@id":"https:\/\/secure.gravatar.com\/avatar\/769db425c6f465158149f1ffd6cf61ce7a8a879d11dfbef8288af36dfddd418c?s=96&d=mm&r=g","url":"https:\/\/secure.gravatar.com\/avatar\/769db425c6f465158149f1ffd6cf61ce7a8a879d11dfbef8288af36dfddd418c?s=96&d=mm&r=g","contentUrl":"https:\/\/secure.gravatar.com\/avatar\/769db425c6f465158149f1ffd6cf61ce7a8a879d11dfbef8288af36dfddd418c?s=96&d=mm&r=g","caption":"La r\u00e9daction"},"sameAs":["http:\/\/www.lkeria.com\/"],"url":"https:\/\/www.info-algerie.com\/actualites\/author\/chakib32\/"}]}},"_links":{"self":[{"href":"https:\/\/www.info-algerie.com\/actualites\/wp-json\/wp\/v2\/posts\/18140","targetHints":{"allow":["GET"]}}],"collection":[{"href":"https:\/\/www.info-algerie.com\/actualites\/wp-json\/wp\/v2\/posts"}],"about":[{"href":"https:\/\/www.info-algerie.com\/actualites\/wp-json\/wp\/v2\/types\/post"}],"author":[{"embeddable":true,"href":"https:\/\/www.info-algerie.com\/actualites\/wp-json\/wp\/v2\/users\/6"}],"replies":[{"embeddable":true,"href":"https:\/\/www.info-algerie.com\/actualites\/wp-json\/wp\/v2\/comments?post=18140"}],"version-history":[{"count":0,"href":"https:\/\/www.info-algerie.com\/actualites\/wp-json\/wp\/v2\/posts\/18140\/revisions"}],"wp:attachment":[{"href":"https:\/\/www.info-algerie.com\/actualites\/wp-json\/wp\/v2\/media?parent=18140"}],"wp:term":[{"taxonomy":"category","embeddable":true,"href":"https:\/\/www.info-algerie.com\/actualites\/wp-json\/wp\/v2\/categories?post=18140"},{"taxonomy":"post_tag","embeddable":true,"href":"https:\/\/www.info-algerie.com\/actualites\/wp-json\/wp\/v2\/tags?post=18140"}],"curies":[{"name":"wp","href":"https:\/\/api.w.org\/{rel}","templated":true}]}}