{"id":18141,"date":"2017-11-18T11:24:18","date_gmt":"2017-11-18T10:24:18","guid":{"rendered":"http:\/\/www.info-algerie.com\/actualites\/locales-2017-journal-de-la-campagne-electorale\/"},"modified":"2017-11-18T11:24:18","modified_gmt":"2017-11-18T10:24:18","slug":"locales-2017-journal-de-la-campagne-electorale","status":"publish","type":"post","link":"https:\/\/www.info-algerie.com\/actualites\/locales-2017-journal-de-la-campagne-electorale\/","title":{"rendered":"Locales 2017: journal de la campagne \u00e9lectorale"},"content":{"rendered":"<div class=\"K2FeedIntroText\">\n<p>ALGER &#8211; journal de la 20eme journ\u00e9e de la campagne \u00e9lectorale des \u00e9lections locales du 23 novembre 2017.<\/p>\n<p>&#013;\n<\/p><\/div>\n<div class=\"K2FeedFullText\">&#013;<\/p>\n<p>\u00a0<\/p>\n<p>&#013;<\/p>\n<p><strong>Elections\/pr\u00e9paratifs:<\/strong> Le ministre de l&rsquo;Int\u00e9rieur, des collectivit\u00e9s locales et de l&rsquo;am\u00e9nagement du territoire, Noureddine Bedoui a affirm\u00e9, vendredi \u00e0 Souk Ahras, que toutes pr\u00e9paratifs humains et mat\u00e9riels ont \u00e9t\u00e9\u00a0 parachev\u00e9s tout en r\u00e9unissant les conditions devant assurer succ\u00e8s \u00e0 ce rendez-vous et garantissant la transparence lors des \u00e9lections du 23 novembre et l&rsquo;enti\u00e8re neutralit\u00e9 de l&rsquo;administration.<\/p>\n<p>&#013;<\/p>\n<p>C&rsquo;est seulement le citoyen qui d\u00e9cide celui qui remporte les \u00e9lections, a d\u00e9clar\u00e9 le ministre, en marge de l&rsquo;inauguration du nouveau si\u00e8ge de l&rsquo;APC de Souk-Ahras.<\/p>\n<p>&#013;<\/p>\n<p>Nous avons veill\u00e9 sur l&rsquo;enti\u00e8re neutralit\u00e9 de nos services et nos agents par respect \u00e0 la loi supr\u00eame et les l\u00e9gislations en vigueur, et ce en constante coordination avec la Haute instance ind\u00e9pendante de la surveillance des \u00e9lections (HIISE), a-t-il avanc\u00e9 dans ce sens.<\/p>\n<p>&#013;<\/p>\n<p>\u00a0<\/p>\n<p>&#013;<\/p>\n<p><strong>Sensibilisation:<\/strong> l&rsquo;arriv\u00e9e jeudi soir \u00e0 El Bayadh de la caravane nationale de sensibilisation sur l&rsquo;importance de la participation aux \u00e9lections locale, organis\u00e9e par le minist\u00e8re de l&rsquo;Int\u00e9rieur en coordination avec le minist\u00e8re de la Communication.<\/p>\n<p>&#013;<\/p>\n<p>Accueillie par les responsables de la Wilaya, la caravane sillonnera les diff\u00e9rentes rues et principaux quartiers du chef-lieu de cette wilaya, en vue de sensibiliser les citoyens sur l&rsquo;importance de la participation aux \u00e9lections pr\u00e9vues le 23 novembre en cours.<\/p>\n<p>&#013;<\/p>\n<p>La caravane distribuera, lors de son passage \u00e0 El-Bayadh, des chapeaux et des chemisiers portant le slogan \u00ab\u00a0Ensemble, \u00e9difions l&rsquo;Alg\u00e9rie\u00a0\u00bb. Elle projettera \u00e9galement des vid\u00e9os sur un grand \u00e9cran en circulant dans les rues de la wilaya en vue sensibiliser de l&rsquo;importance du scrutin.<\/p>\n<p>&#013;<\/p>\n<p>\u00a0<\/p>\n<p>&#013;<\/p>\n<p><strong>Meetings politiques:<\/strong> Le coordonnateur de la Haute instance ind\u00e9pendante de surveillance des \u00e9lections (HIISE) dans la wilaya, Hassan Naoui, a r\u00e9v\u00e9l\u00e9 vendredi que seulement un taux de 5,34% des meetings politiques programm\u00e9s dans le cadre de la campagne \u00e9lectorale du 23 novembre \u00e0 Bordj Bou Arreridj avait \u00e9t\u00e9 enregistr\u00e9.<\/p>\n<p>&#013;<\/p>\n<p>Sur un total de 431 meetings programm\u00e9s \u00e0 cet \u00e9gard seulement 23 meeting ont \u00e9t\u00e9 anim\u00e9s jusqu&rsquo;\u00e0 l&rsquo;avant derni\u00e8re semaine de la campagne \u00e0 travers 81 salles mobilis\u00e9es \u00e0 travers les 34 communes de la wilaya, a ajout\u00e9 la m\u00eame source.<\/p>\n<p>&#013;<\/p>\n<p class=\"MsoNormal\">\u00ab\u00a0En raison du d\u00e9sint\u00e9r\u00eat des citoyens, les candidats des partis politiques en lice pour les \u00e9lections locales du 23 novembre (3.868 candidats aux APC et 867 aux APW) sont incapables d&rsquo;animer leurs meetings\u00a0\u00bb explique M. Naoui.<\/p>\n<\/div>\n<p>&#013;<br \/>\nSource: <a href=\"http:\/\/www.aps.dz\/algerie\/65799-locales-2017-journal-de-la-campagne-electorale\" target=\"_blank\">Locales 2017: journal de la campagne \u00e9lectorale<\/a><\/p>\n<!--CusAds0-->\n<div style=\"font-size: 0px; height: 0px; line-height: 0px; margin: 0; padding: 0; clear: both;\"><\/div>","protected":false},"excerpt":{"rendered":"<p>ALGER &#8211; journal de la 20eme journ\u00e9e de la campagne \u00e9lectorale des \u00e9lections locales du 23 novembre 2017. &#013; &#013; \u00a0 &#013; Elections\/pr\u00e9paratifs: Le ministre de l&rsquo;Int\u00e9rieur, des collectivit\u00e9s locales et de l&rsquo;am\u00e9nagement du territoire, Noureddine Bedoui a affirm\u00e9, vendredi \u00e0 Souk Ahras, que toutes pr\u00e9paratifs humains et mat\u00e9riels ont \u00e9t\u00e9\u00a0 parachev\u00e9s tout en r\u00e9unissant<\/p>\n","protected":false},"author":6,"featured_media":0,"comment_status":"open","ping_status":"open","sticky":false,"template":"","format":"standard","meta":{"footnotes":""},"categories":[22],"tags":[93],"class_list":["post-18141","post","type-post","status-publish","format-standard","hentry","category-infos","tag-onu"],"yoast_head":"<!-- This site is optimized with the Yoast SEO plugin v27.4 - https:\/\/yoast.com\/product\/yoast-seo-wordpress\/ -->\n<title>Locales 2017: journal de la campagne \u00e9lectorale - info algerie<\/title>\n<meta name=\"robots\" content=\"index, follow, max-snippet:-1, max-image-preview:large, max-video-preview:-1\" \/>\n<link rel=\"canonical\" href=\"https:\/\/www.info-algerie.com\/actualites\/locales-2017-journal-de-la-campagne-electorale\/\" \/>\n<meta property=\"og:locale\" content=\"fr_FR\" \/>\n<meta property=\"og:type\" content=\"article\" \/>\n<meta property=\"og:title\" content=\"Locales 2017: journal de la campagne \u00e9lectorale - info algerie\" \/>\n<meta property=\"og:description\" content=\"ALGER &#8211; journal de la 20eme journ\u00e9e de la campagne \u00e9lectorale des \u00e9lections locales du 23 novembre 2017. &#013; &#013; \u00a0 &#013; Elections\/pr\u00e9paratifs: Le ministre de l&rsquo;Int\u00e9rieur, des collectivit\u00e9s locales et de l&rsquo;am\u00e9nagement du territoire, Noureddine Bedoui a affirm\u00e9, vendredi \u00e0 Souk Ahras, que toutes pr\u00e9paratifs humains et mat\u00e9riels ont \u00e9t\u00e9\u00a0 parachev\u00e9s tout en r\u00e9unissant\" \/>\n<meta property=\"og:url\" content=\"https:\/\/www.info-algerie.com\/actualites\/locales-2017-journal-de-la-campagne-electorale\/\" \/>\n<meta property=\"og:site_name\" content=\"info algerie\" \/>\n<meta property=\"article:publisher\" content=\"https:\/\/www.facebook.com\/infoalgerieactu\" \/>\n<meta property=\"article:published_time\" content=\"2017-11-18T10:24:18+00:00\" \/>\n<meta name=\"author\" content=\"La r\u00e9daction\" \/>\n<meta name=\"twitter:label1\" content=\"\u00c9crit par\" \/>\n\t<meta name=\"twitter:data1\" content=\"La r\u00e9daction\" \/>\n\t<meta name=\"twitter:label2\" content=\"Dur\u00e9e de lecture estim\u00e9e\" \/>\n\t<meta name=\"twitter:data2\" content=\"2 minutes\" \/>\n<script type=\"application\/ld+json\" class=\"yoast-schema-graph\">{\"@context\":\"https:\\\/\\\/schema.org\",\"@graph\":[{\"@type\":\"Article\",\"@id\":\"https:\\\/\\\/www.info-algerie.com\\\/actualites\\\/locales-2017-journal-de-la-campagne-electorale\\\/#article\",\"isPartOf\":{\"@id\":\"https:\\\/\\\/www.info-algerie.com\\\/actualites\\\/locales-2017-journal-de-la-campagne-electorale\\\/\"},\"author\":{\"name\":\"La r\u00e9daction\",\"@id\":\"https:\\\/\\\/www.info-algerie.com\\\/actualites\\\/#\\\/schema\\\/person\\\/847aaec44920825b843a08f30ec6aa1e\"},\"headline\":\"Locales 2017: journal de la campagne \u00e9lectorale\",\"datePublished\":\"2017-11-18T10:24:18+00:00\",\"mainEntityOfPage\":{\"@id\":\"https:\\\/\\\/www.info-algerie.com\\\/actualites\\\/locales-2017-journal-de-la-campagne-electorale\\\/\"},\"wordCount\":436,\"commentCount\":0,\"publisher\":{\"@id\":\"https:\\\/\\\/www.info-algerie.com\\\/actualites\\\/#organization\"},\"keywords\":[\"ONU\"],\"articleSection\":[\"infos\"],\"inLanguage\":\"fr-FR\",\"potentialAction\":[{\"@type\":\"CommentAction\",\"name\":\"Comment\",\"target\":[\"https:\\\/\\\/www.info-algerie.com\\\/actualites\\\/locales-2017-journal-de-la-campagne-electorale\\\/#respond\"]}]},{\"@type\":\"WebPage\",\"@id\":\"https:\\\/\\\/www.info-algerie.com\\\/actualites\\\/locales-2017-journal-de-la-campagne-electorale\\\/\",\"url\":\"https:\\\/\\\/www.info-algerie.com\\\/actualites\\\/locales-2017-journal-de-la-campagne-electorale\\\/\",\"name\":\"Locales 2017: journal de la campagne \u00e9lectorale - info algerie\",\"isPartOf\":{\"@id\":\"https:\\\/\\\/www.info-algerie.com\\\/actualites\\\/#website\"},\"datePublished\":\"2017-11-18T10:24:18+00:00\",\"breadcrumb\":{\"@id\":\"https:\\\/\\\/www.info-algerie.com\\\/actualites\\\/locales-2017-journal-de-la-campagne-electorale\\\/#breadcrumb\"},\"inLanguage\":\"fr-FR\",\"potentialAction\":[{\"@type\":\"ReadAction\",\"target\":[\"https:\\\/\\\/www.info-algerie.com\\\/actualites\\\/locales-2017-journal-de-la-campagne-electorale\\\/\"]}]},{\"@type\":\"BreadcrumbList\",\"@id\":\"https:\\\/\\\/www.info-algerie.com\\\/actualites\\\/locales-2017-journal-de-la-campagne-electorale\\\/#breadcrumb\",\"itemListElement\":[{\"@type\":\"ListItem\",\"position\":1,\"name\":\"Accueil\",\"item\":\"https:\\\/\\\/www.info-algerie.com\\\/actualites\\\/\"},{\"@type\":\"ListItem\",\"position\":2,\"name\":\"Locales 2017: journal de la campagne \u00e9lectorale\"}]},{\"@type\":\"WebSite\",\"@id\":\"https:\\\/\\\/www.info-algerie.com\\\/actualites\\\/#website\",\"url\":\"https:\\\/\\\/www.info-algerie.com\\\/actualites\\\/\",\"name\":\"info algerie\",\"description\":\"Toutes les actualit\u00e9s\",\"publisher\":{\"@id\":\"https:\\\/\\\/www.info-algerie.com\\\/actualites\\\/#organization\"},\"potentialAction\":[{\"@type\":\"SearchAction\",\"target\":{\"@type\":\"EntryPoint\",\"urlTemplate\":\"https:\\\/\\\/www.info-algerie.com\\\/actualites\\\/?s={search_term_string}\"},\"query-input\":{\"@type\":\"PropertyValueSpecification\",\"valueRequired\":true,\"valueName\":\"search_term_string\"}}],\"inLanguage\":\"fr-FR\"},{\"@type\":\"Organization\",\"@id\":\"https:\\\/\\\/www.info-algerie.com\\\/actualites\\\/#organization\",\"name\":\"info algerie\",\"url\":\"https:\\\/\\\/www.info-algerie.com\\\/actualites\\\/\",\"logo\":{\"@type\":\"ImageObject\",\"inLanguage\":\"fr-FR\",\"@id\":\"https:\\\/\\\/www.info-algerie.com\\\/actualites\\\/#\\\/schema\\\/logo\\\/image\\\/\",\"url\":\"https:\\\/\\\/www.info-algerie.com\\\/actualites\\\/wp-content\\\/uploads\\\/2022\\\/07\\\/logo-ia-120.png\",\"contentUrl\":\"https:\\\/\\\/www.info-algerie.com\\\/actualites\\\/wp-content\\\/uploads\\\/2022\\\/07\\\/logo-ia-120.png\",\"width\":120,\"height\":43,\"caption\":\"info algerie\"},\"image\":{\"@id\":\"https:\\\/\\\/www.info-algerie.com\\\/actualites\\\/#\\\/schema\\\/logo\\\/image\\\/\"},\"sameAs\":[\"https:\\\/\\\/www.facebook.com\\\/infoalgerieactu\",\"https:\\\/\\\/x.com\\\/infoalgerie1\"]},{\"@type\":\"Person\",\"@id\":\"https:\\\/\\\/www.info-algerie.com\\\/actualites\\\/#\\\/schema\\\/person\\\/847aaec44920825b843a08f30ec6aa1e\",\"name\":\"La r\u00e9daction\",\"image\":{\"@type\":\"ImageObject\",\"inLanguage\":\"fr-FR\",\"@id\":\"https:\\\/\\\/secure.gravatar.com\\\/avatar\\\/769db425c6f465158149f1ffd6cf61ce7a8a879d11dfbef8288af36dfddd418c?s=96&d=mm&r=g\",\"url\":\"https:\\\/\\\/secure.gravatar.com\\\/avatar\\\/769db425c6f465158149f1ffd6cf61ce7a8a879d11dfbef8288af36dfddd418c?s=96&d=mm&r=g\",\"contentUrl\":\"https:\\\/\\\/secure.gravatar.com\\\/avatar\\\/769db425c6f465158149f1ffd6cf61ce7a8a879d11dfbef8288af36dfddd418c?s=96&d=mm&r=g\",\"caption\":\"La r\u00e9daction\"},\"sameAs\":[\"http:\\\/\\\/www.lkeria.com\\\/\"],\"url\":\"https:\\\/\\\/www.info-algerie.com\\\/actualites\\\/author\\\/chakib32\\\/\"}]}<\/script>\n<!-- \/ Yoast SEO plugin. -->","yoast_head_json":{"title":"Locales 2017: journal de la campagne \u00e9lectorale - info algerie","robots":{"index":"index","follow":"follow","max-snippet":"max-snippet:-1","max-image-preview":"max-image-preview:large","max-video-preview":"max-video-preview:-1"},"canonical":"https:\/\/www.info-algerie.com\/actualites\/locales-2017-journal-de-la-campagne-electorale\/","og_locale":"fr_FR","og_type":"article","og_title":"Locales 2017: journal de la campagne \u00e9lectorale - info algerie","og_description":"ALGER &#8211; journal de la 20eme journ\u00e9e de la campagne \u00e9lectorale des \u00e9lections locales du 23 novembre 2017. &#013; &#013; \u00a0 &#013; Elections\/pr\u00e9paratifs: Le ministre de l&rsquo;Int\u00e9rieur, des collectivit\u00e9s locales et de l&rsquo;am\u00e9nagement du territoire, Noureddine Bedoui a affirm\u00e9, vendredi \u00e0 Souk Ahras, que toutes pr\u00e9paratifs humains et mat\u00e9riels ont \u00e9t\u00e9\u00a0 parachev\u00e9s tout en r\u00e9unissant","og_url":"https:\/\/www.info-algerie.com\/actualites\/locales-2017-journal-de-la-campagne-electorale\/","og_site_name":"info algerie","article_publisher":"https:\/\/www.facebook.com\/infoalgerieactu","article_published_time":"2017-11-18T10:24:18+00:00","author":"La r\u00e9daction","twitter_misc":{"\u00c9crit par":"La r\u00e9daction","Dur\u00e9e de lecture estim\u00e9e":"2 minutes"},"schema":{"@context":"https:\/\/schema.org","@graph":[{"@type":"Article","@id":"https:\/\/www.info-algerie.com\/actualites\/locales-2017-journal-de-la-campagne-electorale\/#article","isPartOf":{"@id":"https:\/\/www.info-algerie.com\/actualites\/locales-2017-journal-de-la-campagne-electorale\/"},"author":{"name":"La r\u00e9daction","@id":"https:\/\/www.info-algerie.com\/actualites\/#\/schema\/person\/847aaec44920825b843a08f30ec6aa1e"},"headline":"Locales 2017: journal de la campagne \u00e9lectorale","datePublished":"2017-11-18T10:24:18+00:00","mainEntityOfPage":{"@id":"https:\/\/www.info-algerie.com\/actualites\/locales-2017-journal-de-la-campagne-electorale\/"},"wordCount":436,"commentCount":0,"publisher":{"@id":"https:\/\/www.info-algerie.com\/actualites\/#organization"},"keywords":["ONU"],"articleSection":["infos"],"inLanguage":"fr-FR","potentialAction":[{"@type":"CommentAction","name":"Comment","target":["https:\/\/www.info-algerie.com\/actualites\/locales-2017-journal-de-la-campagne-electorale\/#respond"]}]},{"@type":"WebPage","@id":"https:\/\/www.info-algerie.com\/actualites\/locales-2017-journal-de-la-campagne-electorale\/","url":"https:\/\/www.info-algerie.com\/actualites\/locales-2017-journal-de-la-campagne-electorale\/","name":"Locales 2017: journal de la campagne \u00e9lectorale - info algerie","isPartOf":{"@id":"https:\/\/www.info-algerie.com\/actualites\/#website"},"datePublished":"2017-11-18T10:24:18+00:00","breadcrumb":{"@id":"https:\/\/www.info-algerie.com\/actualites\/locales-2017-journal-de-la-campagne-electorale\/#breadcrumb"},"inLanguage":"fr-FR","potentialAction":[{"@type":"ReadAction","target":["https:\/\/www.info-algerie.com\/actualites\/locales-2017-journal-de-la-campagne-electorale\/"]}]},{"@type":"BreadcrumbList","@id":"https:\/\/www.info-algerie.com\/actualites\/locales-2017-journal-de-la-campagne-electorale\/#breadcrumb","itemListElement":[{"@type":"ListItem","position":1,"name":"Accueil","item":"https:\/\/www.info-algerie.com\/actualites\/"},{"@type":"ListItem","position":2,"name":"Locales 2017: journal de la campagne \u00e9lectorale"}]},{"@type":"WebSite","@id":"https:\/\/www.info-algerie.com\/actualites\/#website","url":"https:\/\/www.info-algerie.com\/actualites\/","name":"info algerie","description":"Toutes les actualit\u00e9s","publisher":{"@id":"https:\/\/www.info-algerie.com\/actualites\/#organization"},"potentialAction":[{"@type":"SearchAction","target":{"@type":"EntryPoint","urlTemplate":"https:\/\/www.info-algerie.com\/actualites\/?s={search_term_string}"},"query-input":{"@type":"PropertyValueSpecification","valueRequired":true,"valueName":"search_term_string"}}],"inLanguage":"fr-FR"},{"@type":"Organization","@id":"https:\/\/www.info-algerie.com\/actualites\/#organization","name":"info algerie","url":"https:\/\/www.info-algerie.com\/actualites\/","logo":{"@type":"ImageObject","inLanguage":"fr-FR","@id":"https:\/\/www.info-algerie.com\/actualites\/#\/schema\/logo\/image\/","url":"https:\/\/www.info-algerie.com\/actualites\/wp-content\/uploads\/2022\/07\/logo-ia-120.png","contentUrl":"https:\/\/www.info-algerie.com\/actualites\/wp-content\/uploads\/2022\/07\/logo-ia-120.png","width":120,"height":43,"caption":"info algerie"},"image":{"@id":"https:\/\/www.info-algerie.com\/actualites\/#\/schema\/logo\/image\/"},"sameAs":["https:\/\/www.facebook.com\/infoalgerieactu","https:\/\/x.com\/infoalgerie1"]},{"@type":"Person","@id":"https:\/\/www.info-algerie.com\/actualites\/#\/schema\/person\/847aaec44920825b843a08f30ec6aa1e","name":"La r\u00e9daction","image":{"@type":"ImageObject","inLanguage":"fr-FR","@id":"https:\/\/secure.gravatar.com\/avatar\/769db425c6f465158149f1ffd6cf61ce7a8a879d11dfbef8288af36dfddd418c?s=96&d=mm&r=g","url":"https:\/\/secure.gravatar.com\/avatar\/769db425c6f465158149f1ffd6cf61ce7a8a879d11dfbef8288af36dfddd418c?s=96&d=mm&r=g","contentUrl":"https:\/\/secure.gravatar.com\/avatar\/769db425c6f465158149f1ffd6cf61ce7a8a879d11dfbef8288af36dfddd418c?s=96&d=mm&r=g","caption":"La r\u00e9daction"},"sameAs":["http:\/\/www.lkeria.com\/"],"url":"https:\/\/www.info-algerie.com\/actualites\/author\/chakib32\/"}]}},"_links":{"self":[{"href":"https:\/\/www.info-algerie.com\/actualites\/wp-json\/wp\/v2\/posts\/18141","targetHints":{"allow":["GET"]}}],"collection":[{"href":"https:\/\/www.info-algerie.com\/actualites\/wp-json\/wp\/v2\/posts"}],"about":[{"href":"https:\/\/www.info-algerie.com\/actualites\/wp-json\/wp\/v2\/types\/post"}],"author":[{"embeddable":true,"href":"https:\/\/www.info-algerie.com\/actualites\/wp-json\/wp\/v2\/users\/6"}],"replies":[{"embeddable":true,"href":"https:\/\/www.info-algerie.com\/actualites\/wp-json\/wp\/v2\/comments?post=18141"}],"version-history":[{"count":0,"href":"https:\/\/www.info-algerie.com\/actualites\/wp-json\/wp\/v2\/posts\/18141\/revisions"}],"wp:attachment":[{"href":"https:\/\/www.info-algerie.com\/actualites\/wp-json\/wp\/v2\/media?parent=18141"}],"wp:term":[{"taxonomy":"category","embeddable":true,"href":"https:\/\/www.info-algerie.com\/actualites\/wp-json\/wp\/v2\/categories?post=18141"},{"taxonomy":"post_tag","embeddable":true,"href":"https:\/\/www.info-algerie.com\/actualites\/wp-json\/wp\/v2\/tags?post=18141"}],"curies":[{"name":"wp","href":"https:\/\/api.w.org\/{rel}","templated":true}]}}