{"id":18143,"date":"2017-11-18T11:23:07","date_gmt":"2017-11-18T10:23:07","guid":{"rendered":"http:\/\/www.info-algerie.com\/actualites\/locales-2017-pour-le-renforcement-des-prerogatives-des-papc-et-la-preservation-de-la-stabilite-du-pays\/"},"modified":"2017-11-18T11:23:07","modified_gmt":"2017-11-18T10:23:07","slug":"locales-2017-pour-le-renforcement-des-prerogatives-des-papc-et-la-preservation-de-la-stabilite-du-pays","status":"publish","type":"post","link":"https:\/\/www.info-algerie.com\/actualites\/locales-2017-pour-le-renforcement-des-prerogatives-des-papc-et-la-preservation-de-la-stabilite-du-pays\/","title":{"rendered":"Locales 2017: pour le renforcement des pr\u00e9rogatives des P\/APC et la pr\u00e9servation de la stabilit\u00e9 du pays"},"content":{"rendered":"<div class=\"K2FeedImage\"><img decoding=\"async\" src=\"https:\/\/www.info-algerie.com\/actualites\/wp-content\/uploads\/2017\/11\/ffbc1f9610a078ea4f9d48f1e41838d7_S.jpg\" alt=\"Locales 2017: pour le renforcement des pr&#xE9;rogatives des P\/APC et la pr&#xE9;servation de la stabilit&#xE9; du pays\" \/><\/div>\n<div class=\"K2FeedIntroText\">\n<p><strong>ALGER &#8211; Renforcer les pr\u00e9rogatives des pr\u00e9sidents des Assembl\u00e9s populaire communales (APC), pr\u00e9server la s\u00e9curit\u00e9 et la stabilit\u00e9 du pays et parachever le programme du pr\u00e9sident de la R\u00e9publique, Abdelaziz Bouteflika, ont constitu\u00e9, encore une fois, les points forts des discours des leaders des partis politiques \u00e0 l&rsquo;occasion de la 20\u00e8me journ\u00e9e de la campagne \u00e9lectorale pour les locales du 23 novembre.<\/strong><\/p>\n<p>&#013;\n<\/p><\/div>\n<div class=\"K2FeedFullText\">&#013;<\/p>\n<p>Depuis Alger o\u00f9 il a anim\u00e9 un meeting, le pr\u00e9sident du Mouvement populaire alg\u00e9rien (MPA), <strong><a href=\"http:\/\/www.aps.dz\/algerie\/65758-locales-2017-amara-benyounes-pour-une-reprise-totale-des-prerogatives-par-les-p-apc\">Amara Benyoun\u00e8s<\/a><\/strong>, a plaid\u00e9 pour une reprise \u00ab\u00a0totale\u00a0\u00bb des pr\u00e9rogatives par les P\/APC afin de \u00ab\u00a0lib\u00e9rer l\u2019investissement, frein\u00e9 en grande partie par le probl\u00e8me du foncier\u00a0\u00bb.<\/p>\n<p>&#013;<\/p>\n<p>\u00ab\u00a0Le P\/APC, s&rsquo;est-il interrog\u00e9, est le premier magistrat de la commune. Trouvez-vous normal que les d\u00e9cisions prises par le pr\u00e9sident d&rsquo;APC, en concertation avec son assembl\u00e9e, ne soient pas applicables sans l\u2019aval du chef de da\u00efra ?\u00a0\u00bb<\/p>\n<p>&#013;<\/p>\n<hr \/>\n<h3>Lire aussi:\u00a0<a href=\"http:\/\/www.aps.dz\/algerie\/65759-les-chefs-de-partis-mettent-l-accent-sur-l-integrite-et-les-competences-des-futurs-elus\" target=\"_blank\" rel=\"noopener noreferrer\">Les chefs de partis mettent l&rsquo;accent sur l&rsquo;int\u00e9grit\u00e9 et les comp\u00e9tences des futurs \u00e9lus<\/a><\/h3>\n<p>&#013;<\/p>\n<hr \/>\n<h2>Allant dans le m\u00eame sens d&rsquo;id\u00e9es, le pr\u00e9sident du mouvement El Islah, <strong><a href=\"http:\/\/www.aps.dz\/algerie\/65774-ghouini-appelle-a-la-revision-des-codes-communal-et-de-wilaya\">Fillali Ghouini<\/a><\/strong>, a appel\u00e9, lors d&rsquo;un meeting \u00e0 Tiaret, \u00e0 la r\u00e9vision des codes communal et de wilaya dans le sens d&rsquo;accorder de larges pr\u00e9rogatives\u00a0 aux \u00e9lus. Il a dans ce sens, estim\u00e9 l&rsquo;importance de leur remettre la gestion du foncier, l&rsquo;investissement et l&rsquo;habitat.<\/h2>\n<p>&#013;<\/p>\n<p>M. Ghouini n&rsquo;a pas manqu\u00e9 de souligner l&rsquo;importance du parach\u00e8vement du processus de r\u00e9conciliation nationale qui se concr\u00e9tise, selon lui, gr\u00e2ce aux efforts de l&rsquo;Etat et des membres de la soci\u00e9t\u00e9 et ce, en le qualifiant de \u00ab\u00a0r\u00e9alisation la plus importante en Alg\u00e9rie apr\u00e8s le r\u00e9f\u00e9rendum d&rsquo;autod\u00e9termination\u00a0\u00bb.<\/p>\n<p>&#013;<\/p>\n<p>Lui embo\u00eetant le pas, le pr\u00e9sident de Tajamoue Amel Al-Djazair (TAJ), <strong><a href=\"http:\/\/www.aps.dz\/algerie\/65765-la-preservation-de-la-securite-et-de-la-stabilite-du-pays-en-tete-des-priorites-de-taj-ghoul\">Amar Ghoul<\/a><\/strong>, a fait savoir depuis Illizi, que la pr\u00e9servation de \u00ab\u00a0la s\u00e9curit\u00e9 et de la stabilit\u00e9\u00a0\u00bb du pays figuraient en t\u00eate des priorit\u00e9s de sa formation\u00a0 politique.<\/p>\n<p>&#013;<\/p>\n<p>Il a estim\u00e9 que son parti oeuvrait aussi pour la valorisation des acquis enregistr\u00e9s aux quatre coins du pays et ayant permis l\u2019am\u00e9lioration du cadre de vie du citoyen, soulignant, par la m\u00eame occasion, qu'\u00a0\u00bbun programme de d\u00e9veloppement des wilayas a \u00e9t\u00e9 arr\u00eat\u00e9 sur la base de la situation des collectivit\u00e9s en termes de contraintes et des besoins dans chaque r\u00e9gion\u00a0\u00bb.<\/p>\n<p>&#013;<\/p>\n<hr \/>\n<h3>Lire aussi:\u00a0<a href=\"http:\/\/www.aps.dz\/algerie\/65743-locales-2017-le-cndh-invite-l-ensemble-de-la-societe-a-une-participation-large\" target=\"_blank\" rel=\"noopener noreferrer\">Locales 2017 : le CNDH invite l&rsquo;ensemble de la soci\u00e9t\u00e9 \u00e0 une \u00ab\u00a0large\u00a0\u00bb participation<\/a><\/h3>\n<p>&#013;<\/p>\n<hr \/>\n<p>De son c\u00f4t\u00e9, le parti du Front de lib\u00e9ration nationale (FLN), par le biais de son secr\u00e9taire g\u00e9n\u00e9ral, <strong><a href=\"http:\/\/www.aps.dz\/algerie\/65766-ould-abbes-insiste-sur-l-implication-des-communes-dans-le-developpement-regional-et-national\">Djamel Ould Abb\u00e8s<\/a><\/strong>, a mis l&rsquo;accent, \u00e0 Oran, sur \u00ab\u00a0le parach\u00e8vement du programme du pr\u00e9sident Bouteflika\u00a0\u00bb, par le renforcement des structures de base de l&rsquo;Etat et l&rsquo;implication des communes dans le d\u00e9veloppement r\u00e9gional et national.<\/p>\n<p>&#013;<\/p>\n<p>En effet, M. Ould Abb\u00e8s a appel\u00e9 \u00e0 \u00ab\u00a0la mobilisation des citoyens pour cr\u00e9er de la richesse afin de r\u00e9pondre aux besoins des populations de l\u2019Alg\u00e9rie profonde qui ont droit \u00e0 l\u2019\u00e9ducation, \u00e0 la sant\u00e9, \u00e0 l\u2019eau potable, au gaz, au logement social et le logement rural\u00a0\u00bb, tout en \u00e9voquant les r\u00e9alisations du chef de l&rsquo;Etat lors des 18 ann\u00e9es de gouvernance, dont le retour de la paix et de la stabilit\u00e9 du pays.<\/p>\n<p>&#013;<\/p>\n<p>Le pr\u00e9sident du Parti de la libert\u00e9 et de la justice (PLJ), <strong><a href=\"http:\/\/www.aps.dz\/algerie\/65760-le-plj-appelle-a-faire-de-l-algerie-un-pays-fort-dans-son-environnement-afin-de-relever-les-defis\">Mohamed Sa\u00efd<\/a><\/strong>, a, pour sa part, appel\u00e9, depuis Mascara, \u00e0 faire de l\u2019Alg\u00e9rie \u00ab\u00a0un pays fort au sein de son environnement afin d\u2019affronter toutes les menaces et d\u00e9fis\u00a0\u00bb.<\/p>\n<p>&#013;<\/p>\n<p>Mohamed Sa\u00efd a estim\u00e9 que \u00ab\u00a0pour l\u2019Alg\u00e9rie soit forte au sein son environnement maghr\u00e9bin, m\u00e9diterran\u00e9en et africain et capable de faire face aux dangers et p\u00e9rils qui la menacent, il est n\u00e9cessaire d\u2019oeuvrer pour acqu\u00e9rir les \u00e9l\u00e9ments de cette force \u00e0 tous les niveaux et dans tous les domaines\u00a0\u00bb.<\/p>\n<p>&#013;<\/p>\n<hr \/>\n<h3>Lire aussi:\u00a0<a href=\"http:\/\/www.aps.dz\/algerie\/65761-bedoui-insiste-sur-la-transparence-des-elections-et-la-neutralite-totale-de-l-administration\" target=\"_blank\" rel=\"noopener noreferrer\">Bedoui insiste sur la transparence des \u00e9lections et la neutralit\u00e9 totale de l\u2019administration<\/a><\/h3>\n<p>&#013;<\/p>\n<hr \/>\n<p>Quant \u00e0 lui, le pr\u00e9sident du Mouvement de la soci\u00e9t\u00e9 pour la paix (MSP), <strong><a href=\"http:\/\/www.aps.dz\/algerie\/65771-le-prochain-scrutin-est-une-opportunite-pour-trouver-des-solutions-menasra\">Abdelmadjid Menasra<\/a><\/strong>, a consid\u00e9r\u00e9 \u00e0 Biskra que la participation de sa formation politique aux prochaines \u00e9lections locales \u00e9mane de la conviction\u00a0 que ce scrutin constitue une \u00ab\u00a0opportunit\u00e9 pour trouver des solutions et non pour aggraver les choses\u00a0\u00bb.<\/p>\n<p>&#013;<\/p>\n<p class=\"MsoNormal\">S\u2019exprimant lors d\u2019un meeting populaire, M. Menasra a estim\u00e9 qu\u2019il n\u2019y pas de place pour les \u00ab\u00a0discours de d\u00e9sespoir\u00a0\u00bb, ajoutant que son parti cherche, par sa participation, \u00e0 pr\u00e9server l&rsquo;espoir pour le peuple et l&rsquo;avenir.<\/p>\n<\/div>\n<p>&#013;<br \/>\nSource: <a href=\"http:\/\/www.aps.dz\/algerie\/65797-locales-2017-pour-le-renforcement-des-prerogatives-des-p-apc-et-la-preservation-de-la-stabilite-du-pays\" target=\"_blank\">Locales 2017: pour le renforcement des pr\u00e9rogatives des P\/APC et la pr\u00e9servation de la stabilit\u00e9 du pays<\/a><\/p>\n<!--CusAds0-->\n<div style=\"font-size: 0px; height: 0px; line-height: 0px; margin: 0; padding: 0; clear: both;\"><\/div>","protected":false},"excerpt":{"rendered":"<p>ALGER &#8211; Renforcer les pr\u00e9rogatives des pr\u00e9sidents des Assembl\u00e9s populaire communales (APC), pr\u00e9server la s\u00e9curit\u00e9 et la stabilit\u00e9 du pays et parachever le programme du pr\u00e9sident de la R\u00e9publique, Abdelaziz Bouteflika, ont constitu\u00e9, encore une fois, les points forts des discours des leaders des partis politiques \u00e0 l&rsquo;occasion de la 20\u00e8me journ\u00e9e de la campagne<\/p>\n","protected":false},"author":6,"featured_media":18144,"comment_status":"open","ping_status":"open","sticky":false,"template":"","format":"standard","meta":{"footnotes":""},"categories":[22],"tags":[93],"class_list":["post-18143","post","type-post","status-publish","format-standard","has-post-thumbnail","hentry","category-infos","tag-onu"],"yoast_head":"<!-- This site is optimized with the Yoast SEO plugin v27.4 - https:\/\/yoast.com\/product\/yoast-seo-wordpress\/ -->\n<title>Locales 2017: pour le renforcement des pr\u00e9rogatives des P\/APC et la pr\u00e9servation de la stabilit\u00e9 du pays - info algerie<\/title>\n<meta name=\"robots\" content=\"index, follow, max-snippet:-1, max-image-preview:large, max-video-preview:-1\" \/>\n<link rel=\"canonical\" href=\"https:\/\/www.info-algerie.com\/actualites\/locales-2017-pour-le-renforcement-des-prerogatives-des-papc-et-la-preservation-de-la-stabilite-du-pays\/\" \/>\n<meta property=\"og:locale\" content=\"fr_FR\" \/>\n<meta property=\"og:type\" content=\"article\" \/>\n<meta property=\"og:title\" content=\"Locales 2017: pour le renforcement des pr\u00e9rogatives des P\/APC et la pr\u00e9servation de la stabilit\u00e9 du pays - info algerie\" \/>\n<meta property=\"og:description\" content=\"ALGER &#8211; Renforcer les pr\u00e9rogatives des pr\u00e9sidents des Assembl\u00e9s populaire communales (APC), pr\u00e9server la s\u00e9curit\u00e9 et la stabilit\u00e9 du pays et parachever le programme du pr\u00e9sident de la R\u00e9publique, Abdelaziz Bouteflika, ont constitu\u00e9, encore une fois, les points forts des discours des leaders des partis politiques \u00e0 l&rsquo;occasion de la 20\u00e8me journ\u00e9e de la campagne\" \/>\n<meta property=\"og:url\" content=\"https:\/\/www.info-algerie.com\/actualites\/locales-2017-pour-le-renforcement-des-prerogatives-des-papc-et-la-preservation-de-la-stabilite-du-pays\/\" \/>\n<meta property=\"og:site_name\" content=\"info algerie\" \/>\n<meta property=\"article:publisher\" content=\"https:\/\/www.facebook.com\/infoalgerieactu\" \/>\n<meta property=\"article:published_time\" content=\"2017-11-18T10:23:07+00:00\" \/>\n<meta property=\"og:image\" content=\"https:\/\/www.info-algerie.com\/actualites\/wp-content\/uploads\/2017\/11\/ffbc1f9610a078ea4f9d48f1e41838d7_S-1.jpg\" \/>\n\t<meta property=\"og:image:width\" content=\"280\" \/>\n\t<meta property=\"og:image:height\" content=\"169\" \/>\n\t<meta property=\"og:image:type\" content=\"image\/jpeg\" \/>\n<meta name=\"author\" content=\"La r\u00e9daction\" \/>\n<meta name=\"twitter:label1\" content=\"\u00c9crit par\" \/>\n\t<meta name=\"twitter:data1\" content=\"La r\u00e9daction\" \/>\n\t<meta name=\"twitter:label2\" content=\"Dur\u00e9e de lecture estim\u00e9e\" \/>\n\t<meta name=\"twitter:data2\" content=\"4 minutes\" \/>\n<script type=\"application\/ld+json\" class=\"yoast-schema-graph\">{\"@context\":\"https:\\\/\\\/schema.org\",\"@graph\":[{\"@type\":\"Article\",\"@id\":\"https:\\\/\\\/www.info-algerie.com\\\/actualites\\\/locales-2017-pour-le-renforcement-des-prerogatives-des-papc-et-la-preservation-de-la-stabilite-du-pays\\\/#article\",\"isPartOf\":{\"@id\":\"https:\\\/\\\/www.info-algerie.com\\\/actualites\\\/locales-2017-pour-le-renforcement-des-prerogatives-des-papc-et-la-preservation-de-la-stabilite-du-pays\\\/\"},\"author\":{\"name\":\"La r\u00e9daction\",\"@id\":\"https:\\\/\\\/www.info-algerie.com\\\/actualites\\\/#\\\/schema\\\/person\\\/847aaec44920825b843a08f30ec6aa1e\"},\"headline\":\"Locales 2017: pour le renforcement des pr\u00e9rogatives des P\\\/APC et la pr\u00e9servation de la stabilit\u00e9 du pays\",\"datePublished\":\"2017-11-18T10:23:07+00:00\",\"mainEntityOfPage\":{\"@id\":\"https:\\\/\\\/www.info-algerie.com\\\/actualites\\\/locales-2017-pour-le-renforcement-des-prerogatives-des-papc-et-la-preservation-de-la-stabilite-du-pays\\\/\"},\"wordCount\":836,\"commentCount\":0,\"publisher\":{\"@id\":\"https:\\\/\\\/www.info-algerie.com\\\/actualites\\\/#organization\"},\"image\":{\"@id\":\"https:\\\/\\\/www.info-algerie.com\\\/actualites\\\/locales-2017-pour-le-renforcement-des-prerogatives-des-papc-et-la-preservation-de-la-stabilite-du-pays\\\/#primaryimage\"},\"thumbnailUrl\":\"https:\\\/\\\/www.info-algerie.com\\\/actualites\\\/wp-content\\\/uploads\\\/2017\\\/11\\\/ffbc1f9610a078ea4f9d48f1e41838d7_S-1.jpg\",\"keywords\":[\"ONU\"],\"articleSection\":[\"infos\"],\"inLanguage\":\"fr-FR\",\"potentialAction\":[{\"@type\":\"CommentAction\",\"name\":\"Comment\",\"target\":[\"https:\\\/\\\/www.info-algerie.com\\\/actualites\\\/locales-2017-pour-le-renforcement-des-prerogatives-des-papc-et-la-preservation-de-la-stabilite-du-pays\\\/#respond\"]}]},{\"@type\":\"WebPage\",\"@id\":\"https:\\\/\\\/www.info-algerie.com\\\/actualites\\\/locales-2017-pour-le-renforcement-des-prerogatives-des-papc-et-la-preservation-de-la-stabilite-du-pays\\\/\",\"url\":\"https:\\\/\\\/www.info-algerie.com\\\/actualites\\\/locales-2017-pour-le-renforcement-des-prerogatives-des-papc-et-la-preservation-de-la-stabilite-du-pays\\\/\",\"name\":\"Locales 2017: pour le renforcement des pr\u00e9rogatives des P\\\/APC et la pr\u00e9servation de la stabilit\u00e9 du pays - info algerie\",\"isPartOf\":{\"@id\":\"https:\\\/\\\/www.info-algerie.com\\\/actualites\\\/#website\"},\"primaryImageOfPage\":{\"@id\":\"https:\\\/\\\/www.info-algerie.com\\\/actualites\\\/locales-2017-pour-le-renforcement-des-prerogatives-des-papc-et-la-preservation-de-la-stabilite-du-pays\\\/#primaryimage\"},\"image\":{\"@id\":\"https:\\\/\\\/www.info-algerie.com\\\/actualites\\\/locales-2017-pour-le-renforcement-des-prerogatives-des-papc-et-la-preservation-de-la-stabilite-du-pays\\\/#primaryimage\"},\"thumbnailUrl\":\"https:\\\/\\\/www.info-algerie.com\\\/actualites\\\/wp-content\\\/uploads\\\/2017\\\/11\\\/ffbc1f9610a078ea4f9d48f1e41838d7_S-1.jpg\",\"datePublished\":\"2017-11-18T10:23:07+00:00\",\"breadcrumb\":{\"@id\":\"https:\\\/\\\/www.info-algerie.com\\\/actualites\\\/locales-2017-pour-le-renforcement-des-prerogatives-des-papc-et-la-preservation-de-la-stabilite-du-pays\\\/#breadcrumb\"},\"inLanguage\":\"fr-FR\",\"potentialAction\":[{\"@type\":\"ReadAction\",\"target\":[\"https:\\\/\\\/www.info-algerie.com\\\/actualites\\\/locales-2017-pour-le-renforcement-des-prerogatives-des-papc-et-la-preservation-de-la-stabilite-du-pays\\\/\"]}]},{\"@type\":\"ImageObject\",\"inLanguage\":\"fr-FR\",\"@id\":\"https:\\\/\\\/www.info-algerie.com\\\/actualites\\\/locales-2017-pour-le-renforcement-des-prerogatives-des-papc-et-la-preservation-de-la-stabilite-du-pays\\\/#primaryimage\",\"url\":\"https:\\\/\\\/www.info-algerie.com\\\/actualites\\\/wp-content\\\/uploads\\\/2017\\\/11\\\/ffbc1f9610a078ea4f9d48f1e41838d7_S-1.jpg\",\"contentUrl\":\"https:\\\/\\\/www.info-algerie.com\\\/actualites\\\/wp-content\\\/uploads\\\/2017\\\/11\\\/ffbc1f9610a078ea4f9d48f1e41838d7_S-1.jpg\",\"width\":280,\"height\":169},{\"@type\":\"BreadcrumbList\",\"@id\":\"https:\\\/\\\/www.info-algerie.com\\\/actualites\\\/locales-2017-pour-le-renforcement-des-prerogatives-des-papc-et-la-preservation-de-la-stabilite-du-pays\\\/#breadcrumb\",\"itemListElement\":[{\"@type\":\"ListItem\",\"position\":1,\"name\":\"Accueil\",\"item\":\"https:\\\/\\\/www.info-algerie.com\\\/actualites\\\/\"},{\"@type\":\"ListItem\",\"position\":2,\"name\":\"Locales 2017: pour le renforcement des pr\u00e9rogatives des P\\\/APC et la pr\u00e9servation de la stabilit\u00e9 du pays\"}]},{\"@type\":\"WebSite\",\"@id\":\"https:\\\/\\\/www.info-algerie.com\\\/actualites\\\/#website\",\"url\":\"https:\\\/\\\/www.info-algerie.com\\\/actualites\\\/\",\"name\":\"info algerie\",\"description\":\"Toutes les actualit\u00e9s\",\"publisher\":{\"@id\":\"https:\\\/\\\/www.info-algerie.com\\\/actualites\\\/#organization\"},\"potentialAction\":[{\"@type\":\"SearchAction\",\"target\":{\"@type\":\"EntryPoint\",\"urlTemplate\":\"https:\\\/\\\/www.info-algerie.com\\\/actualites\\\/?s={search_term_string}\"},\"query-input\":{\"@type\":\"PropertyValueSpecification\",\"valueRequired\":true,\"valueName\":\"search_term_string\"}}],\"inLanguage\":\"fr-FR\"},{\"@type\":\"Organization\",\"@id\":\"https:\\\/\\\/www.info-algerie.com\\\/actualites\\\/#organization\",\"name\":\"info algerie\",\"url\":\"https:\\\/\\\/www.info-algerie.com\\\/actualites\\\/\",\"logo\":{\"@type\":\"ImageObject\",\"inLanguage\":\"fr-FR\",\"@id\":\"https:\\\/\\\/www.info-algerie.com\\\/actualites\\\/#\\\/schema\\\/logo\\\/image\\\/\",\"url\":\"https:\\\/\\\/www.info-algerie.com\\\/actualites\\\/wp-content\\\/uploads\\\/2022\\\/07\\\/logo-ia-120.png\",\"contentUrl\":\"https:\\\/\\\/www.info-algerie.com\\\/actualites\\\/wp-content\\\/uploads\\\/2022\\\/07\\\/logo-ia-120.png\",\"width\":120,\"height\":43,\"caption\":\"info algerie\"},\"image\":{\"@id\":\"https:\\\/\\\/www.info-algerie.com\\\/actualites\\\/#\\\/schema\\\/logo\\\/image\\\/\"},\"sameAs\":[\"https:\\\/\\\/www.facebook.com\\\/infoalgerieactu\",\"https:\\\/\\\/x.com\\\/infoalgerie1\"]},{\"@type\":\"Person\",\"@id\":\"https:\\\/\\\/www.info-algerie.com\\\/actualites\\\/#\\\/schema\\\/person\\\/847aaec44920825b843a08f30ec6aa1e\",\"name\":\"La r\u00e9daction\",\"image\":{\"@type\":\"ImageObject\",\"inLanguage\":\"fr-FR\",\"@id\":\"https:\\\/\\\/secure.gravatar.com\\\/avatar\\\/769db425c6f465158149f1ffd6cf61ce7a8a879d11dfbef8288af36dfddd418c?s=96&d=mm&r=g\",\"url\":\"https:\\\/\\\/secure.gravatar.com\\\/avatar\\\/769db425c6f465158149f1ffd6cf61ce7a8a879d11dfbef8288af36dfddd418c?s=96&d=mm&r=g\",\"contentUrl\":\"https:\\\/\\\/secure.gravatar.com\\\/avatar\\\/769db425c6f465158149f1ffd6cf61ce7a8a879d11dfbef8288af36dfddd418c?s=96&d=mm&r=g\",\"caption\":\"La r\u00e9daction\"},\"sameAs\":[\"http:\\\/\\\/www.lkeria.com\\\/\"],\"url\":\"https:\\\/\\\/www.info-algerie.com\\\/actualites\\\/author\\\/chakib32\\\/\"}]}<\/script>\n<!-- \/ Yoast SEO plugin. -->","yoast_head_json":{"title":"Locales 2017: pour le renforcement des pr\u00e9rogatives des P\/APC et la pr\u00e9servation de la stabilit\u00e9 du pays - info algerie","robots":{"index":"index","follow":"follow","max-snippet":"max-snippet:-1","max-image-preview":"max-image-preview:large","max-video-preview":"max-video-preview:-1"},"canonical":"https:\/\/www.info-algerie.com\/actualites\/locales-2017-pour-le-renforcement-des-prerogatives-des-papc-et-la-preservation-de-la-stabilite-du-pays\/","og_locale":"fr_FR","og_type":"article","og_title":"Locales 2017: pour le renforcement des pr\u00e9rogatives des P\/APC et la pr\u00e9servation de la stabilit\u00e9 du pays - info algerie","og_description":"ALGER &#8211; Renforcer les pr\u00e9rogatives des pr\u00e9sidents des Assembl\u00e9s populaire communales (APC), pr\u00e9server la s\u00e9curit\u00e9 et la stabilit\u00e9 du pays et parachever le programme du pr\u00e9sident de la R\u00e9publique, Abdelaziz Bouteflika, ont constitu\u00e9, encore une fois, les points forts des discours des leaders des partis politiques \u00e0 l&rsquo;occasion de la 20\u00e8me journ\u00e9e de la campagne","og_url":"https:\/\/www.info-algerie.com\/actualites\/locales-2017-pour-le-renforcement-des-prerogatives-des-papc-et-la-preservation-de-la-stabilite-du-pays\/","og_site_name":"info algerie","article_publisher":"https:\/\/www.facebook.com\/infoalgerieactu","article_published_time":"2017-11-18T10:23:07+00:00","og_image":[{"width":280,"height":169,"url":"https:\/\/www.info-algerie.com\/actualites\/wp-content\/uploads\/2017\/11\/ffbc1f9610a078ea4f9d48f1e41838d7_S-1.jpg","type":"image\/jpeg"}],"author":"La r\u00e9daction","twitter_misc":{"\u00c9crit par":"La r\u00e9daction","Dur\u00e9e de lecture estim\u00e9e":"4 minutes"},"schema":{"@context":"https:\/\/schema.org","@graph":[{"@type":"Article","@id":"https:\/\/www.info-algerie.com\/actualites\/locales-2017-pour-le-renforcement-des-prerogatives-des-papc-et-la-preservation-de-la-stabilite-du-pays\/#article","isPartOf":{"@id":"https:\/\/www.info-algerie.com\/actualites\/locales-2017-pour-le-renforcement-des-prerogatives-des-papc-et-la-preservation-de-la-stabilite-du-pays\/"},"author":{"name":"La r\u00e9daction","@id":"https:\/\/www.info-algerie.com\/actualites\/#\/schema\/person\/847aaec44920825b843a08f30ec6aa1e"},"headline":"Locales 2017: pour le renforcement des pr\u00e9rogatives des P\/APC et la pr\u00e9servation de la stabilit\u00e9 du pays","datePublished":"2017-11-18T10:23:07+00:00","mainEntityOfPage":{"@id":"https:\/\/www.info-algerie.com\/actualites\/locales-2017-pour-le-renforcement-des-prerogatives-des-papc-et-la-preservation-de-la-stabilite-du-pays\/"},"wordCount":836,"commentCount":0,"publisher":{"@id":"https:\/\/www.info-algerie.com\/actualites\/#organization"},"image":{"@id":"https:\/\/www.info-algerie.com\/actualites\/locales-2017-pour-le-renforcement-des-prerogatives-des-papc-et-la-preservation-de-la-stabilite-du-pays\/#primaryimage"},"thumbnailUrl":"https:\/\/www.info-algerie.com\/actualites\/wp-content\/uploads\/2017\/11\/ffbc1f9610a078ea4f9d48f1e41838d7_S-1.jpg","keywords":["ONU"],"articleSection":["infos"],"inLanguage":"fr-FR","potentialAction":[{"@type":"CommentAction","name":"Comment","target":["https:\/\/www.info-algerie.com\/actualites\/locales-2017-pour-le-renforcement-des-prerogatives-des-papc-et-la-preservation-de-la-stabilite-du-pays\/#respond"]}]},{"@type":"WebPage","@id":"https:\/\/www.info-algerie.com\/actualites\/locales-2017-pour-le-renforcement-des-prerogatives-des-papc-et-la-preservation-de-la-stabilite-du-pays\/","url":"https:\/\/www.info-algerie.com\/actualites\/locales-2017-pour-le-renforcement-des-prerogatives-des-papc-et-la-preservation-de-la-stabilite-du-pays\/","name":"Locales 2017: pour le renforcement des pr\u00e9rogatives des P\/APC et la pr\u00e9servation de la stabilit\u00e9 du pays - info algerie","isPartOf":{"@id":"https:\/\/www.info-algerie.com\/actualites\/#website"},"primaryImageOfPage":{"@id":"https:\/\/www.info-algerie.com\/actualites\/locales-2017-pour-le-renforcement-des-prerogatives-des-papc-et-la-preservation-de-la-stabilite-du-pays\/#primaryimage"},"image":{"@id":"https:\/\/www.info-algerie.com\/actualites\/locales-2017-pour-le-renforcement-des-prerogatives-des-papc-et-la-preservation-de-la-stabilite-du-pays\/#primaryimage"},"thumbnailUrl":"https:\/\/www.info-algerie.com\/actualites\/wp-content\/uploads\/2017\/11\/ffbc1f9610a078ea4f9d48f1e41838d7_S-1.jpg","datePublished":"2017-11-18T10:23:07+00:00","breadcrumb":{"@id":"https:\/\/www.info-algerie.com\/actualites\/locales-2017-pour-le-renforcement-des-prerogatives-des-papc-et-la-preservation-de-la-stabilite-du-pays\/#breadcrumb"},"inLanguage":"fr-FR","potentialAction":[{"@type":"ReadAction","target":["https:\/\/www.info-algerie.com\/actualites\/locales-2017-pour-le-renforcement-des-prerogatives-des-papc-et-la-preservation-de-la-stabilite-du-pays\/"]}]},{"@type":"ImageObject","inLanguage":"fr-FR","@id":"https:\/\/www.info-algerie.com\/actualites\/locales-2017-pour-le-renforcement-des-prerogatives-des-papc-et-la-preservation-de-la-stabilite-du-pays\/#primaryimage","url":"https:\/\/www.info-algerie.com\/actualites\/wp-content\/uploads\/2017\/11\/ffbc1f9610a078ea4f9d48f1e41838d7_S-1.jpg","contentUrl":"https:\/\/www.info-algerie.com\/actualites\/wp-content\/uploads\/2017\/11\/ffbc1f9610a078ea4f9d48f1e41838d7_S-1.jpg","width":280,"height":169},{"@type":"BreadcrumbList","@id":"https:\/\/www.info-algerie.com\/actualites\/locales-2017-pour-le-renforcement-des-prerogatives-des-papc-et-la-preservation-de-la-stabilite-du-pays\/#breadcrumb","itemListElement":[{"@type":"ListItem","position":1,"name":"Accueil","item":"https:\/\/www.info-algerie.com\/actualites\/"},{"@type":"ListItem","position":2,"name":"Locales 2017: pour le renforcement des pr\u00e9rogatives des P\/APC et la pr\u00e9servation de la stabilit\u00e9 du pays"}]},{"@type":"WebSite","@id":"https:\/\/www.info-algerie.com\/actualites\/#website","url":"https:\/\/www.info-algerie.com\/actualites\/","name":"info algerie","description":"Toutes les actualit\u00e9s","publisher":{"@id":"https:\/\/www.info-algerie.com\/actualites\/#organization"},"potentialAction":[{"@type":"SearchAction","target":{"@type":"EntryPoint","urlTemplate":"https:\/\/www.info-algerie.com\/actualites\/?s={search_term_string}"},"query-input":{"@type":"PropertyValueSpecification","valueRequired":true,"valueName":"search_term_string"}}],"inLanguage":"fr-FR"},{"@type":"Organization","@id":"https:\/\/www.info-algerie.com\/actualites\/#organization","name":"info algerie","url":"https:\/\/www.info-algerie.com\/actualites\/","logo":{"@type":"ImageObject","inLanguage":"fr-FR","@id":"https:\/\/www.info-algerie.com\/actualites\/#\/schema\/logo\/image\/","url":"https:\/\/www.info-algerie.com\/actualites\/wp-content\/uploads\/2022\/07\/logo-ia-120.png","contentUrl":"https:\/\/www.info-algerie.com\/actualites\/wp-content\/uploads\/2022\/07\/logo-ia-120.png","width":120,"height":43,"caption":"info algerie"},"image":{"@id":"https:\/\/www.info-algerie.com\/actualites\/#\/schema\/logo\/image\/"},"sameAs":["https:\/\/www.facebook.com\/infoalgerieactu","https:\/\/x.com\/infoalgerie1"]},{"@type":"Person","@id":"https:\/\/www.info-algerie.com\/actualites\/#\/schema\/person\/847aaec44920825b843a08f30ec6aa1e","name":"La r\u00e9daction","image":{"@type":"ImageObject","inLanguage":"fr-FR","@id":"https:\/\/secure.gravatar.com\/avatar\/769db425c6f465158149f1ffd6cf61ce7a8a879d11dfbef8288af36dfddd418c?s=96&d=mm&r=g","url":"https:\/\/secure.gravatar.com\/avatar\/769db425c6f465158149f1ffd6cf61ce7a8a879d11dfbef8288af36dfddd418c?s=96&d=mm&r=g","contentUrl":"https:\/\/secure.gravatar.com\/avatar\/769db425c6f465158149f1ffd6cf61ce7a8a879d11dfbef8288af36dfddd418c?s=96&d=mm&r=g","caption":"La r\u00e9daction"},"sameAs":["http:\/\/www.lkeria.com\/"],"url":"https:\/\/www.info-algerie.com\/actualites\/author\/chakib32\/"}]}},"_links":{"self":[{"href":"https:\/\/www.info-algerie.com\/actualites\/wp-json\/wp\/v2\/posts\/18143","targetHints":{"allow":["GET"]}}],"collection":[{"href":"https:\/\/www.info-algerie.com\/actualites\/wp-json\/wp\/v2\/posts"}],"about":[{"href":"https:\/\/www.info-algerie.com\/actualites\/wp-json\/wp\/v2\/types\/post"}],"author":[{"embeddable":true,"href":"https:\/\/www.info-algerie.com\/actualites\/wp-json\/wp\/v2\/users\/6"}],"replies":[{"embeddable":true,"href":"https:\/\/www.info-algerie.com\/actualites\/wp-json\/wp\/v2\/comments?post=18143"}],"version-history":[{"count":0,"href":"https:\/\/www.info-algerie.com\/actualites\/wp-json\/wp\/v2\/posts\/18143\/revisions"}],"wp:featuredmedia":[{"embeddable":true,"href":"https:\/\/www.info-algerie.com\/actualites\/wp-json\/wp\/v2\/media\/18144"}],"wp:attachment":[{"href":"https:\/\/www.info-algerie.com\/actualites\/wp-json\/wp\/v2\/media?parent=18143"}],"wp:term":[{"taxonomy":"category","embeddable":true,"href":"https:\/\/www.info-algerie.com\/actualites\/wp-json\/wp\/v2\/categories?post=18143"},{"taxonomy":"post_tag","embeddable":true,"href":"https:\/\/www.info-algerie.com\/actualites\/wp-json\/wp\/v2\/tags?post=18143"}],"curies":[{"name":"wp","href":"https:\/\/api.w.org\/{rel}","templated":true}]}}