{"id":18148,"date":"2017-11-18T13:52:14","date_gmt":"2017-11-18T12:52:14","guid":{"rendered":"http:\/\/www.info-algerie.com\/actualites\/ahmed-gaid-salah-en-visite-de-travail-a-la-1ere-rm\/"},"modified":"2017-11-18T13:52:14","modified_gmt":"2017-11-18T12:52:14","slug":"ahmed-gaid-salah-en-visite-de-travail-a-la-1ere-rm","status":"publish","type":"post","link":"https:\/\/www.info-algerie.com\/actualites\/ahmed-gaid-salah-en-visite-de-travail-a-la-1ere-rm\/","title":{"rendered":"Ahmed Gaid Salah en visite de travail \u00e0 la 1\u00e8re RM"},"content":{"rendered":"<div class=\"K2FeedImage\"><img decoding=\"async\" src=\"https:\/\/www.info-algerie.com\/actualites\/wp-content\/uploads\/2017\/11\/f7e3bb07141a78417b7f60b4c255684b_S.jpg\" alt=\"Ahmed Gaid Salah en visite de travail &#xE0; la 1&#xE8;re RM\" \/><\/div>\n<div class=\"K2FeedIntroText\">\n<p><strong>ALGER, 18 nov 2017 (APS) &#8211; Le G\u00e9n\u00e9ral de Corps d\u2019Arm\u00e9e Ahmed Ga\u00efd Salah, Vice-ministre de la D\u00e9fense nationale, Chef d\u2019Etat-major de l\u2019Arm\u00e9e nationale populaire (ANP) effectuera \u00e0 partir de dimanche une visite de travail \u00e0 la 1\u00e8re R\u00e9gion militaire dans le cadre du suivi de l\u2019ex\u00e9cution des programmes de pr\u00e9paration au combat au titre de l\u2019ann\u00e9e 2017\/2018, indique samedi le minist\u00e8re de la D\u00e9fense nationale (MDN) dans un communiqu\u00e9.<\/strong><\/p>\n<p>&#013;\n<\/p><\/div>\n<div class=\"K2FeedFullText\">&#013;<\/p>\n<p>\u00a0\u00ab\u00a0Le G\u00e9n\u00e9ral de Corps d\u2019Arm\u00e9e Ahmed Ga\u00efd Salah, Vice-ministre de la D\u00e9fense nationale, Chef d\u2019Etat-major de l\u2019Arm\u00e9e nationale populaire effectuera demain dimanche 19 novembre 2017, une visite de travail et d\u2019inspection \u00e0 la 12\u00e8me Division d\u2019infanterie m\u00e9canis\u00e9e \u00e0 El-Djelfa et le 20 novembre 2017 au Poste de Commandement de la 1\u00e8re R\u00e9gion militaire\u00a0\u00bb, pr\u00e9cise la m\u00eame source.<\/p>\n<p>&#013;<\/p>\n<p>\u00ab\u00a0Cette visite, qui rentre dans le cadre du suivi de l\u2019ex\u00e9cution des programmes de pr\u00e9paration au combat au titre de l\u2019ann\u00e9e 2017\/2018, sera une opportunit\u00e9 durant laquelle le G\u00e9n\u00e9ral de Corps d\u2019Arm\u00e9e aura \u00e0 inspecter quelques unit\u00e9s et tenir des r\u00e9unions d\u2019orientation avec les cadres et les personnels de la R\u00e9gion\u00a0\u00bb, conclut le communiqu\u00e9.\u00a0<\/p>\n<\/div>\n<p>&#013;<br \/>\nSource: <a href=\"http:\/\/www.aps.dz\/algerie\/65817-gaid-salah-en-visite-de-travail-a-la-1e-rm-pour-suivre-l-execution-des-programmes-de-preparation-au-combat\" target=\"_blank\">Ahmed Gaid Salah en visite de travail \u00e0 la 1\u00e8re RM<\/a><\/p>\n<!--CusAds0-->\n<div style=\"font-size: 0px; height: 0px; line-height: 0px; margin: 0; padding: 0; clear: both;\"><\/div>","protected":false},"excerpt":{"rendered":"<p>ALGER, 18 nov 2017 (APS) &#8211; Le G\u00e9n\u00e9ral de Corps d\u2019Arm\u00e9e Ahmed Ga\u00efd Salah, Vice-ministre de la D\u00e9fense nationale, Chef d\u2019Etat-major de l\u2019Arm\u00e9e nationale populaire (ANP) effectuera \u00e0 partir de dimanche une visite de travail \u00e0 la 1\u00e8re R\u00e9gion militaire dans le cadre du suivi de l\u2019ex\u00e9cution des programmes de pr\u00e9paration au combat au titre<\/p>\n","protected":false},"author":6,"featured_media":18149,"comment_status":"open","ping_status":"open","sticky":false,"template":"","format":"standard","meta":{"footnotes":""},"categories":[22],"tags":[93],"class_list":["post-18148","post","type-post","status-publish","format-standard","has-post-thumbnail","hentry","category-infos","tag-onu"],"yoast_head":"<!-- This site is optimized with the Yoast SEO plugin v27.4 - https:\/\/yoast.com\/product\/yoast-seo-wordpress\/ -->\n<title>Ahmed Gaid Salah en visite de travail \u00e0 la 1\u00e8re RM - info algerie<\/title>\n<meta name=\"robots\" content=\"index, follow, max-snippet:-1, max-image-preview:large, max-video-preview:-1\" \/>\n<link rel=\"canonical\" href=\"https:\/\/www.info-algerie.com\/actualites\/ahmed-gaid-salah-en-visite-de-travail-a-la-1ere-rm\/\" \/>\n<meta property=\"og:locale\" content=\"fr_FR\" \/>\n<meta property=\"og:type\" content=\"article\" \/>\n<meta property=\"og:title\" content=\"Ahmed Gaid Salah en visite de travail \u00e0 la 1\u00e8re RM - info algerie\" \/>\n<meta property=\"og:description\" content=\"ALGER, 18 nov 2017 (APS) &#8211; Le G\u00e9n\u00e9ral de Corps d\u2019Arm\u00e9e Ahmed Ga\u00efd Salah, Vice-ministre de la D\u00e9fense nationale, Chef d\u2019Etat-major de l\u2019Arm\u00e9e nationale populaire (ANP) effectuera \u00e0 partir de dimanche une visite de travail \u00e0 la 1\u00e8re R\u00e9gion militaire dans le cadre du suivi de l\u2019ex\u00e9cution des programmes de pr\u00e9paration au combat au titre\" \/>\n<meta property=\"og:url\" content=\"https:\/\/www.info-algerie.com\/actualites\/ahmed-gaid-salah-en-visite-de-travail-a-la-1ere-rm\/\" \/>\n<meta property=\"og:site_name\" content=\"info algerie\" \/>\n<meta property=\"article:publisher\" content=\"https:\/\/www.facebook.com\/infoalgerieactu\" \/>\n<meta property=\"article:published_time\" content=\"2017-11-18T12:52:14+00:00\" \/>\n<meta property=\"og:image\" content=\"https:\/\/www.info-algerie.com\/actualites\/wp-content\/uploads\/2017\/11\/f7e3bb07141a78417b7f60b4c255684b_S-1.jpg\" \/>\n\t<meta property=\"og:image:width\" content=\"280\" \/>\n\t<meta property=\"og:image:height\" content=\"169\" \/>\n\t<meta property=\"og:image:type\" content=\"image\/jpeg\" \/>\n<meta name=\"author\" content=\"La r\u00e9daction\" \/>\n<meta name=\"twitter:label1\" content=\"\u00c9crit par\" \/>\n\t<meta name=\"twitter:data1\" content=\"La r\u00e9daction\" \/>\n\t<meta name=\"twitter:label2\" content=\"Dur\u00e9e de lecture estim\u00e9e\" \/>\n\t<meta name=\"twitter:data2\" content=\"1 minute\" \/>\n<script type=\"application\/ld+json\" class=\"yoast-schema-graph\">{\"@context\":\"https:\\\/\\\/schema.org\",\"@graph\":[{\"@type\":\"Article\",\"@id\":\"https:\\\/\\\/www.info-algerie.com\\\/actualites\\\/ahmed-gaid-salah-en-visite-de-travail-a-la-1ere-rm\\\/#article\",\"isPartOf\":{\"@id\":\"https:\\\/\\\/www.info-algerie.com\\\/actualites\\\/ahmed-gaid-salah-en-visite-de-travail-a-la-1ere-rm\\\/\"},\"author\":{\"name\":\"La r\u00e9daction\",\"@id\":\"https:\\\/\\\/www.info-algerie.com\\\/actualites\\\/#\\\/schema\\\/person\\\/847aaec44920825b843a08f30ec6aa1e\"},\"headline\":\"Ahmed Gaid Salah en visite de travail \u00e0 la 1\u00e8re RM\",\"datePublished\":\"2017-11-18T12:52:14+00:00\",\"mainEntityOfPage\":{\"@id\":\"https:\\\/\\\/www.info-algerie.com\\\/actualites\\\/ahmed-gaid-salah-en-visite-de-travail-a-la-1ere-rm\\\/\"},\"wordCount\":235,\"commentCount\":0,\"publisher\":{\"@id\":\"https:\\\/\\\/www.info-algerie.com\\\/actualites\\\/#organization\"},\"image\":{\"@id\":\"https:\\\/\\\/www.info-algerie.com\\\/actualites\\\/ahmed-gaid-salah-en-visite-de-travail-a-la-1ere-rm\\\/#primaryimage\"},\"thumbnailUrl\":\"https:\\\/\\\/www.info-algerie.com\\\/actualites\\\/wp-content\\\/uploads\\\/2017\\\/11\\\/f7e3bb07141a78417b7f60b4c255684b_S-1.jpg\",\"keywords\":[\"ONU\"],\"articleSection\":[\"infos\"],\"inLanguage\":\"fr-FR\",\"potentialAction\":[{\"@type\":\"CommentAction\",\"name\":\"Comment\",\"target\":[\"https:\\\/\\\/www.info-algerie.com\\\/actualites\\\/ahmed-gaid-salah-en-visite-de-travail-a-la-1ere-rm\\\/#respond\"]}]},{\"@type\":\"WebPage\",\"@id\":\"https:\\\/\\\/www.info-algerie.com\\\/actualites\\\/ahmed-gaid-salah-en-visite-de-travail-a-la-1ere-rm\\\/\",\"url\":\"https:\\\/\\\/www.info-algerie.com\\\/actualites\\\/ahmed-gaid-salah-en-visite-de-travail-a-la-1ere-rm\\\/\",\"name\":\"Ahmed Gaid Salah en visite de travail \u00e0 la 1\u00e8re RM - info algerie\",\"isPartOf\":{\"@id\":\"https:\\\/\\\/www.info-algerie.com\\\/actualites\\\/#website\"},\"primaryImageOfPage\":{\"@id\":\"https:\\\/\\\/www.info-algerie.com\\\/actualites\\\/ahmed-gaid-salah-en-visite-de-travail-a-la-1ere-rm\\\/#primaryimage\"},\"image\":{\"@id\":\"https:\\\/\\\/www.info-algerie.com\\\/actualites\\\/ahmed-gaid-salah-en-visite-de-travail-a-la-1ere-rm\\\/#primaryimage\"},\"thumbnailUrl\":\"https:\\\/\\\/www.info-algerie.com\\\/actualites\\\/wp-content\\\/uploads\\\/2017\\\/11\\\/f7e3bb07141a78417b7f60b4c255684b_S-1.jpg\",\"datePublished\":\"2017-11-18T12:52:14+00:00\",\"breadcrumb\":{\"@id\":\"https:\\\/\\\/www.info-algerie.com\\\/actualites\\\/ahmed-gaid-salah-en-visite-de-travail-a-la-1ere-rm\\\/#breadcrumb\"},\"inLanguage\":\"fr-FR\",\"potentialAction\":[{\"@type\":\"ReadAction\",\"target\":[\"https:\\\/\\\/www.info-algerie.com\\\/actualites\\\/ahmed-gaid-salah-en-visite-de-travail-a-la-1ere-rm\\\/\"]}]},{\"@type\":\"ImageObject\",\"inLanguage\":\"fr-FR\",\"@id\":\"https:\\\/\\\/www.info-algerie.com\\\/actualites\\\/ahmed-gaid-salah-en-visite-de-travail-a-la-1ere-rm\\\/#primaryimage\",\"url\":\"https:\\\/\\\/www.info-algerie.com\\\/actualites\\\/wp-content\\\/uploads\\\/2017\\\/11\\\/f7e3bb07141a78417b7f60b4c255684b_S-1.jpg\",\"contentUrl\":\"https:\\\/\\\/www.info-algerie.com\\\/actualites\\\/wp-content\\\/uploads\\\/2017\\\/11\\\/f7e3bb07141a78417b7f60b4c255684b_S-1.jpg\",\"width\":280,\"height\":169},{\"@type\":\"BreadcrumbList\",\"@id\":\"https:\\\/\\\/www.info-algerie.com\\\/actualites\\\/ahmed-gaid-salah-en-visite-de-travail-a-la-1ere-rm\\\/#breadcrumb\",\"itemListElement\":[{\"@type\":\"ListItem\",\"position\":1,\"name\":\"Accueil\",\"item\":\"https:\\\/\\\/www.info-algerie.com\\\/actualites\\\/\"},{\"@type\":\"ListItem\",\"position\":2,\"name\":\"Ahmed Gaid Salah en visite de travail \u00e0 la 1\u00e8re RM\"}]},{\"@type\":\"WebSite\",\"@id\":\"https:\\\/\\\/www.info-algerie.com\\\/actualites\\\/#website\",\"url\":\"https:\\\/\\\/www.info-algerie.com\\\/actualites\\\/\",\"name\":\"info algerie\",\"description\":\"Toutes les actualit\u00e9s\",\"publisher\":{\"@id\":\"https:\\\/\\\/www.info-algerie.com\\\/actualites\\\/#organization\"},\"potentialAction\":[{\"@type\":\"SearchAction\",\"target\":{\"@type\":\"EntryPoint\",\"urlTemplate\":\"https:\\\/\\\/www.info-algerie.com\\\/actualites\\\/?s={search_term_string}\"},\"query-input\":{\"@type\":\"PropertyValueSpecification\",\"valueRequired\":true,\"valueName\":\"search_term_string\"}}],\"inLanguage\":\"fr-FR\"},{\"@type\":\"Organization\",\"@id\":\"https:\\\/\\\/www.info-algerie.com\\\/actualites\\\/#organization\",\"name\":\"info algerie\",\"url\":\"https:\\\/\\\/www.info-algerie.com\\\/actualites\\\/\",\"logo\":{\"@type\":\"ImageObject\",\"inLanguage\":\"fr-FR\",\"@id\":\"https:\\\/\\\/www.info-algerie.com\\\/actualites\\\/#\\\/schema\\\/logo\\\/image\\\/\",\"url\":\"https:\\\/\\\/www.info-algerie.com\\\/actualites\\\/wp-content\\\/uploads\\\/2022\\\/07\\\/logo-ia-120.png\",\"contentUrl\":\"https:\\\/\\\/www.info-algerie.com\\\/actualites\\\/wp-content\\\/uploads\\\/2022\\\/07\\\/logo-ia-120.png\",\"width\":120,\"height\":43,\"caption\":\"info algerie\"},\"image\":{\"@id\":\"https:\\\/\\\/www.info-algerie.com\\\/actualites\\\/#\\\/schema\\\/logo\\\/image\\\/\"},\"sameAs\":[\"https:\\\/\\\/www.facebook.com\\\/infoalgerieactu\",\"https:\\\/\\\/x.com\\\/infoalgerie1\"]},{\"@type\":\"Person\",\"@id\":\"https:\\\/\\\/www.info-algerie.com\\\/actualites\\\/#\\\/schema\\\/person\\\/847aaec44920825b843a08f30ec6aa1e\",\"name\":\"La r\u00e9daction\",\"image\":{\"@type\":\"ImageObject\",\"inLanguage\":\"fr-FR\",\"@id\":\"https:\\\/\\\/secure.gravatar.com\\\/avatar\\\/769db425c6f465158149f1ffd6cf61ce7a8a879d11dfbef8288af36dfddd418c?s=96&d=mm&r=g\",\"url\":\"https:\\\/\\\/secure.gravatar.com\\\/avatar\\\/769db425c6f465158149f1ffd6cf61ce7a8a879d11dfbef8288af36dfddd418c?s=96&d=mm&r=g\",\"contentUrl\":\"https:\\\/\\\/secure.gravatar.com\\\/avatar\\\/769db425c6f465158149f1ffd6cf61ce7a8a879d11dfbef8288af36dfddd418c?s=96&d=mm&r=g\",\"caption\":\"La r\u00e9daction\"},\"sameAs\":[\"http:\\\/\\\/www.lkeria.com\\\/\"],\"url\":\"https:\\\/\\\/www.info-algerie.com\\\/actualites\\\/author\\\/chakib32\\\/\"}]}<\/script>\n<!-- \/ Yoast SEO plugin. -->","yoast_head_json":{"title":"Ahmed Gaid Salah en visite de travail \u00e0 la 1\u00e8re RM - info algerie","robots":{"index":"index","follow":"follow","max-snippet":"max-snippet:-1","max-image-preview":"max-image-preview:large","max-video-preview":"max-video-preview:-1"},"canonical":"https:\/\/www.info-algerie.com\/actualites\/ahmed-gaid-salah-en-visite-de-travail-a-la-1ere-rm\/","og_locale":"fr_FR","og_type":"article","og_title":"Ahmed Gaid Salah en visite de travail \u00e0 la 1\u00e8re RM - info algerie","og_description":"ALGER, 18 nov 2017 (APS) &#8211; Le G\u00e9n\u00e9ral de Corps d\u2019Arm\u00e9e Ahmed Ga\u00efd Salah, Vice-ministre de la D\u00e9fense nationale, Chef d\u2019Etat-major de l\u2019Arm\u00e9e nationale populaire (ANP) effectuera \u00e0 partir de dimanche une visite de travail \u00e0 la 1\u00e8re R\u00e9gion militaire dans le cadre du suivi de l\u2019ex\u00e9cution des programmes de pr\u00e9paration au combat au titre","og_url":"https:\/\/www.info-algerie.com\/actualites\/ahmed-gaid-salah-en-visite-de-travail-a-la-1ere-rm\/","og_site_name":"info algerie","article_publisher":"https:\/\/www.facebook.com\/infoalgerieactu","article_published_time":"2017-11-18T12:52:14+00:00","og_image":[{"width":280,"height":169,"url":"https:\/\/www.info-algerie.com\/actualites\/wp-content\/uploads\/2017\/11\/f7e3bb07141a78417b7f60b4c255684b_S-1.jpg","type":"image\/jpeg"}],"author":"La r\u00e9daction","twitter_misc":{"\u00c9crit par":"La r\u00e9daction","Dur\u00e9e de lecture estim\u00e9e":"1 minute"},"schema":{"@context":"https:\/\/schema.org","@graph":[{"@type":"Article","@id":"https:\/\/www.info-algerie.com\/actualites\/ahmed-gaid-salah-en-visite-de-travail-a-la-1ere-rm\/#article","isPartOf":{"@id":"https:\/\/www.info-algerie.com\/actualites\/ahmed-gaid-salah-en-visite-de-travail-a-la-1ere-rm\/"},"author":{"name":"La r\u00e9daction","@id":"https:\/\/www.info-algerie.com\/actualites\/#\/schema\/person\/847aaec44920825b843a08f30ec6aa1e"},"headline":"Ahmed Gaid Salah en visite de travail \u00e0 la 1\u00e8re RM","datePublished":"2017-11-18T12:52:14+00:00","mainEntityOfPage":{"@id":"https:\/\/www.info-algerie.com\/actualites\/ahmed-gaid-salah-en-visite-de-travail-a-la-1ere-rm\/"},"wordCount":235,"commentCount":0,"publisher":{"@id":"https:\/\/www.info-algerie.com\/actualites\/#organization"},"image":{"@id":"https:\/\/www.info-algerie.com\/actualites\/ahmed-gaid-salah-en-visite-de-travail-a-la-1ere-rm\/#primaryimage"},"thumbnailUrl":"https:\/\/www.info-algerie.com\/actualites\/wp-content\/uploads\/2017\/11\/f7e3bb07141a78417b7f60b4c255684b_S-1.jpg","keywords":["ONU"],"articleSection":["infos"],"inLanguage":"fr-FR","potentialAction":[{"@type":"CommentAction","name":"Comment","target":["https:\/\/www.info-algerie.com\/actualites\/ahmed-gaid-salah-en-visite-de-travail-a-la-1ere-rm\/#respond"]}]},{"@type":"WebPage","@id":"https:\/\/www.info-algerie.com\/actualites\/ahmed-gaid-salah-en-visite-de-travail-a-la-1ere-rm\/","url":"https:\/\/www.info-algerie.com\/actualites\/ahmed-gaid-salah-en-visite-de-travail-a-la-1ere-rm\/","name":"Ahmed Gaid Salah en visite de travail \u00e0 la 1\u00e8re RM - info algerie","isPartOf":{"@id":"https:\/\/www.info-algerie.com\/actualites\/#website"},"primaryImageOfPage":{"@id":"https:\/\/www.info-algerie.com\/actualites\/ahmed-gaid-salah-en-visite-de-travail-a-la-1ere-rm\/#primaryimage"},"image":{"@id":"https:\/\/www.info-algerie.com\/actualites\/ahmed-gaid-salah-en-visite-de-travail-a-la-1ere-rm\/#primaryimage"},"thumbnailUrl":"https:\/\/www.info-algerie.com\/actualites\/wp-content\/uploads\/2017\/11\/f7e3bb07141a78417b7f60b4c255684b_S-1.jpg","datePublished":"2017-11-18T12:52:14+00:00","breadcrumb":{"@id":"https:\/\/www.info-algerie.com\/actualites\/ahmed-gaid-salah-en-visite-de-travail-a-la-1ere-rm\/#breadcrumb"},"inLanguage":"fr-FR","potentialAction":[{"@type":"ReadAction","target":["https:\/\/www.info-algerie.com\/actualites\/ahmed-gaid-salah-en-visite-de-travail-a-la-1ere-rm\/"]}]},{"@type":"ImageObject","inLanguage":"fr-FR","@id":"https:\/\/www.info-algerie.com\/actualites\/ahmed-gaid-salah-en-visite-de-travail-a-la-1ere-rm\/#primaryimage","url":"https:\/\/www.info-algerie.com\/actualites\/wp-content\/uploads\/2017\/11\/f7e3bb07141a78417b7f60b4c255684b_S-1.jpg","contentUrl":"https:\/\/www.info-algerie.com\/actualites\/wp-content\/uploads\/2017\/11\/f7e3bb07141a78417b7f60b4c255684b_S-1.jpg","width":280,"height":169},{"@type":"BreadcrumbList","@id":"https:\/\/www.info-algerie.com\/actualites\/ahmed-gaid-salah-en-visite-de-travail-a-la-1ere-rm\/#breadcrumb","itemListElement":[{"@type":"ListItem","position":1,"name":"Accueil","item":"https:\/\/www.info-algerie.com\/actualites\/"},{"@type":"ListItem","position":2,"name":"Ahmed Gaid Salah en visite de travail \u00e0 la 1\u00e8re RM"}]},{"@type":"WebSite","@id":"https:\/\/www.info-algerie.com\/actualites\/#website","url":"https:\/\/www.info-algerie.com\/actualites\/","name":"info algerie","description":"Toutes les actualit\u00e9s","publisher":{"@id":"https:\/\/www.info-algerie.com\/actualites\/#organization"},"potentialAction":[{"@type":"SearchAction","target":{"@type":"EntryPoint","urlTemplate":"https:\/\/www.info-algerie.com\/actualites\/?s={search_term_string}"},"query-input":{"@type":"PropertyValueSpecification","valueRequired":true,"valueName":"search_term_string"}}],"inLanguage":"fr-FR"},{"@type":"Organization","@id":"https:\/\/www.info-algerie.com\/actualites\/#organization","name":"info algerie","url":"https:\/\/www.info-algerie.com\/actualites\/","logo":{"@type":"ImageObject","inLanguage":"fr-FR","@id":"https:\/\/www.info-algerie.com\/actualites\/#\/schema\/logo\/image\/","url":"https:\/\/www.info-algerie.com\/actualites\/wp-content\/uploads\/2022\/07\/logo-ia-120.png","contentUrl":"https:\/\/www.info-algerie.com\/actualites\/wp-content\/uploads\/2022\/07\/logo-ia-120.png","width":120,"height":43,"caption":"info algerie"},"image":{"@id":"https:\/\/www.info-algerie.com\/actualites\/#\/schema\/logo\/image\/"},"sameAs":["https:\/\/www.facebook.com\/infoalgerieactu","https:\/\/x.com\/infoalgerie1"]},{"@type":"Person","@id":"https:\/\/www.info-algerie.com\/actualites\/#\/schema\/person\/847aaec44920825b843a08f30ec6aa1e","name":"La r\u00e9daction","image":{"@type":"ImageObject","inLanguage":"fr-FR","@id":"https:\/\/secure.gravatar.com\/avatar\/769db425c6f465158149f1ffd6cf61ce7a8a879d11dfbef8288af36dfddd418c?s=96&d=mm&r=g","url":"https:\/\/secure.gravatar.com\/avatar\/769db425c6f465158149f1ffd6cf61ce7a8a879d11dfbef8288af36dfddd418c?s=96&d=mm&r=g","contentUrl":"https:\/\/secure.gravatar.com\/avatar\/769db425c6f465158149f1ffd6cf61ce7a8a879d11dfbef8288af36dfddd418c?s=96&d=mm&r=g","caption":"La r\u00e9daction"},"sameAs":["http:\/\/www.lkeria.com\/"],"url":"https:\/\/www.info-algerie.com\/actualites\/author\/chakib32\/"}]}},"_links":{"self":[{"href":"https:\/\/www.info-algerie.com\/actualites\/wp-json\/wp\/v2\/posts\/18148","targetHints":{"allow":["GET"]}}],"collection":[{"href":"https:\/\/www.info-algerie.com\/actualites\/wp-json\/wp\/v2\/posts"}],"about":[{"href":"https:\/\/www.info-algerie.com\/actualites\/wp-json\/wp\/v2\/types\/post"}],"author":[{"embeddable":true,"href":"https:\/\/www.info-algerie.com\/actualites\/wp-json\/wp\/v2\/users\/6"}],"replies":[{"embeddable":true,"href":"https:\/\/www.info-algerie.com\/actualites\/wp-json\/wp\/v2\/comments?post=18148"}],"version-history":[{"count":0,"href":"https:\/\/www.info-algerie.com\/actualites\/wp-json\/wp\/v2\/posts\/18148\/revisions"}],"wp:featuredmedia":[{"embeddable":true,"href":"https:\/\/www.info-algerie.com\/actualites\/wp-json\/wp\/v2\/media\/18149"}],"wp:attachment":[{"href":"https:\/\/www.info-algerie.com\/actualites\/wp-json\/wp\/v2\/media?parent=18148"}],"wp:term":[{"taxonomy":"category","embeddable":true,"href":"https:\/\/www.info-algerie.com\/actualites\/wp-json\/wp\/v2\/categories?post=18148"},{"taxonomy":"post_tag","embeddable":true,"href":"https:\/\/www.info-algerie.com\/actualites\/wp-json\/wp\/v2\/tags?post=18148"}],"curies":[{"name":"wp","href":"https:\/\/api.w.org\/{rel}","templated":true}]}}