{"id":18167,"date":"2017-11-18T19:36:18","date_gmt":"2017-11-18T18:36:18","guid":{"rendered":"http:\/\/www.info-algerie.com\/actualites\/le-president-du-pra-insiste-sur-le-retablissement-de-la-confiance-entre-les-assemblees-elues-et-les-citoyens\/"},"modified":"2017-11-18T19:36:18","modified_gmt":"2017-11-18T18:36:18","slug":"le-president-du-pra-insiste-sur-le-retablissement-de-la-confiance-entre-les-assemblees-elues-et-les-citoyens","status":"publish","type":"post","link":"https:\/\/www.info-algerie.com\/actualites\/le-president-du-pra-insiste-sur-le-retablissement-de-la-confiance-entre-les-assemblees-elues-et-les-citoyens\/","title":{"rendered":"Le pr\u00e9sident du PRA insiste sur le r\u00e9tablissement de la confiance entre les assembl\u00e9es \u00e9lues et les citoyens"},"content":{"rendered":"<div class=\"K2FeedIntroText\">\n<p><strong>ORAN &#8211; Le pr\u00e9sident du Parti du renouveau alg\u00e9rien (PRA), Kamel Bensalem a insist\u00e9, samedi \u00e0 Oran, sur le r\u00e9tablissement de la confiance entre les assembl\u00e9es \u00e9lues et les citoyens.<\/strong><\/p>\n<p>&#013;\n<\/p><\/div>\n<div class=\"K2FeedFullText\">&#013;<\/p>\n<p>Kamel Bensalem a appel\u00e9, lors d&rsquo;un meeting anim\u00e9 dans le cadre de la campagne pour les \u00e9lections locales du 23 novembre, au \u00ab\u00a0renouvellement de la confiance entre les assembl\u00e9es communales et de wilayas et les citoyens, pour rendre effective la d\u00e9mocratie participative\u00a0\u00bb.<\/p>\n<p>&#013;<\/p>\n<p>\u00ab\u00a0Les prochaines \u00e9lections locales doivent \u00eatre un point de d\u00e9part pour un lendemain meilleur\u00a0\u00bb, a d\u00e9clar\u00e9 le pr\u00e9sident du PRA, appelant les candidats en lice de sa formation politique \u00e0 s&rsquo;engager avec force dans ces joutes \u00e9lectorales pour briguer le maximum de si\u00e8ges et dessiner le futur d&rsquo;une \u00ab\u00a0nouvelle Alg\u00e9rie au grand bonheur des d\u00e9munis, et des personnes aux besoins sp\u00e9cifiques\u00a0\u00bb.<\/p>\n<p>&#013;<\/p>\n<p>Kamel Bensalem a affirm\u00e9 que la participation du peuple au scrutin du 23 novembre \u00ab\u00a0ne peut que renforcer les institutions de l&rsquo;Etat\u00a0\u00bb, ajoutant que \u00ab\u00a0le pr\u00e9sident d&rsquo;APC a une grande responsabilit\u00e9, une noble mission, celle de r\u00e9pondre aux attentes de ses concitoyens et servir l&rsquo;Alg\u00e9rie\u00a0\u00bb.<\/p>\n<p>&#013;<\/p>\n<p>L&rsquo;orateur, qui a \u00e9voqu\u00e9 le pass\u00e9 h\u00e9ro\u00efque de l&rsquo;Alg\u00e9rie, un mod\u00e8le de lutte dans le monde qui a gagn\u00e9 la sympathie de tous les peuples \u00e9pris de libert\u00e9 et de tol\u00e9rance et un bastion du savoir contribuant au rayonnement de la civilisation musulmane, a soulign\u00e9 devant une assistance form\u00e9e d&rsquo;artistes, de com\u00e9diens, de cadres et de militants de son parti, que \u00ab\u00a0la grandeur d&rsquo;un pays se mesure aussi \u00e0 la force de ses institutions \u00e9lues\u00a0\u00bb.<\/p>\n<p>&#013;<\/p>\n<p>\u00a0<\/p>\n<\/div>\n<p>&#013;<br \/>\nSource: <a href=\"http:\/\/www.aps.dz\/algerie\/65843-le-president-du-pra-insiste-sur-le-retablissement-de-la-confiance-entre-les-assemblees-elues-et-les-citoyens\" target=\"_blank\">Le pr\u00e9sident du PRA insiste sur le r\u00e9tablissement de la confiance entre les assembl\u00e9es \u00e9lues et les citoyens<\/a><\/p>\n<!--CusAds0-->\n<div style=\"font-size: 0px; height: 0px; line-height: 0px; margin: 0; padding: 0; clear: both;\"><\/div>","protected":false},"excerpt":{"rendered":"<p>ORAN &#8211; Le pr\u00e9sident du Parti du renouveau alg\u00e9rien (PRA), Kamel Bensalem a insist\u00e9, samedi \u00e0 Oran, sur le r\u00e9tablissement de la confiance entre les assembl\u00e9es \u00e9lues et les citoyens. &#013; &#013; Kamel Bensalem a appel\u00e9, lors d&rsquo;un meeting anim\u00e9 dans le cadre de la campagne pour les \u00e9lections locales du 23 novembre, au \u00ab\u00a0renouvellement<\/p>\n","protected":false},"author":6,"featured_media":0,"comment_status":"open","ping_status":"open","sticky":false,"template":"","format":"standard","meta":{"footnotes":""},"categories":[22],"tags":[93],"class_list":["post-18167","post","type-post","status-publish","format-standard","hentry","category-infos","tag-onu"],"yoast_head":"<!-- This site is optimized with the Yoast SEO plugin v27.4 - https:\/\/yoast.com\/product\/yoast-seo-wordpress\/ -->\n<title>Le pr\u00e9sident du PRA insiste sur le r\u00e9tablissement de la confiance entre les assembl\u00e9es \u00e9lues et les citoyens - info algerie<\/title>\n<meta name=\"robots\" content=\"index, follow, max-snippet:-1, max-image-preview:large, max-video-preview:-1\" \/>\n<link rel=\"canonical\" href=\"https:\/\/www.info-algerie.com\/actualites\/le-president-du-pra-insiste-sur-le-retablissement-de-la-confiance-entre-les-assemblees-elues-et-les-citoyens\/\" \/>\n<meta property=\"og:locale\" content=\"fr_FR\" \/>\n<meta property=\"og:type\" content=\"article\" \/>\n<meta property=\"og:title\" content=\"Le pr\u00e9sident du PRA insiste sur le r\u00e9tablissement de la confiance entre les assembl\u00e9es \u00e9lues et les citoyens - info algerie\" \/>\n<meta property=\"og:description\" content=\"ORAN &#8211; Le pr\u00e9sident du Parti du renouveau alg\u00e9rien (PRA), Kamel Bensalem a insist\u00e9, samedi \u00e0 Oran, sur le r\u00e9tablissement de la confiance entre les assembl\u00e9es \u00e9lues et les citoyens. &#013; &#013; Kamel Bensalem a appel\u00e9, lors d&rsquo;un meeting anim\u00e9 dans le cadre de la campagne pour les \u00e9lections locales du 23 novembre, au \u00ab\u00a0renouvellement\" \/>\n<meta property=\"og:url\" content=\"https:\/\/www.info-algerie.com\/actualites\/le-president-du-pra-insiste-sur-le-retablissement-de-la-confiance-entre-les-assemblees-elues-et-les-citoyens\/\" \/>\n<meta property=\"og:site_name\" content=\"info algerie\" \/>\n<meta property=\"article:publisher\" content=\"https:\/\/www.facebook.com\/infoalgerieactu\" \/>\n<meta property=\"article:published_time\" content=\"2017-11-18T18:36:18+00:00\" \/>\n<meta name=\"author\" content=\"La r\u00e9daction\" \/>\n<meta name=\"twitter:label1\" content=\"\u00c9crit par\" \/>\n\t<meta name=\"twitter:data1\" content=\"La r\u00e9daction\" \/>\n\t<meta name=\"twitter:label2\" content=\"Dur\u00e9e de lecture estim\u00e9e\" \/>\n\t<meta name=\"twitter:data2\" content=\"1 minute\" \/>\n<script type=\"application\/ld+json\" class=\"yoast-schema-graph\">{\"@context\":\"https:\\\/\\\/schema.org\",\"@graph\":[{\"@type\":\"Article\",\"@id\":\"https:\\\/\\\/www.info-algerie.com\\\/actualites\\\/le-president-du-pra-insiste-sur-le-retablissement-de-la-confiance-entre-les-assemblees-elues-et-les-citoyens\\\/#article\",\"isPartOf\":{\"@id\":\"https:\\\/\\\/www.info-algerie.com\\\/actualites\\\/le-president-du-pra-insiste-sur-le-retablissement-de-la-confiance-entre-les-assemblees-elues-et-les-citoyens\\\/\"},\"author\":{\"name\":\"La r\u00e9daction\",\"@id\":\"https:\\\/\\\/www.info-algerie.com\\\/actualites\\\/#\\\/schema\\\/person\\\/847aaec44920825b843a08f30ec6aa1e\"},\"headline\":\"Le pr\u00e9sident du PRA insiste sur le r\u00e9tablissement de la confiance entre les assembl\u00e9es \u00e9lues et les citoyens\",\"datePublished\":\"2017-11-18T18:36:18+00:00\",\"mainEntityOfPage\":{\"@id\":\"https:\\\/\\\/www.info-algerie.com\\\/actualites\\\/le-president-du-pra-insiste-sur-le-retablissement-de-la-confiance-entre-les-assemblees-elues-et-les-citoyens\\\/\"},\"wordCount\":324,\"commentCount\":0,\"publisher\":{\"@id\":\"https:\\\/\\\/www.info-algerie.com\\\/actualites\\\/#organization\"},\"keywords\":[\"ONU\"],\"articleSection\":[\"infos\"],\"inLanguage\":\"fr-FR\",\"potentialAction\":[{\"@type\":\"CommentAction\",\"name\":\"Comment\",\"target\":[\"https:\\\/\\\/www.info-algerie.com\\\/actualites\\\/le-president-du-pra-insiste-sur-le-retablissement-de-la-confiance-entre-les-assemblees-elues-et-les-citoyens\\\/#respond\"]}]},{\"@type\":\"WebPage\",\"@id\":\"https:\\\/\\\/www.info-algerie.com\\\/actualites\\\/le-president-du-pra-insiste-sur-le-retablissement-de-la-confiance-entre-les-assemblees-elues-et-les-citoyens\\\/\",\"url\":\"https:\\\/\\\/www.info-algerie.com\\\/actualites\\\/le-president-du-pra-insiste-sur-le-retablissement-de-la-confiance-entre-les-assemblees-elues-et-les-citoyens\\\/\",\"name\":\"Le pr\u00e9sident du PRA insiste sur le r\u00e9tablissement de la confiance entre les assembl\u00e9es \u00e9lues et les citoyens - info algerie\",\"isPartOf\":{\"@id\":\"https:\\\/\\\/www.info-algerie.com\\\/actualites\\\/#website\"},\"datePublished\":\"2017-11-18T18:36:18+00:00\",\"breadcrumb\":{\"@id\":\"https:\\\/\\\/www.info-algerie.com\\\/actualites\\\/le-president-du-pra-insiste-sur-le-retablissement-de-la-confiance-entre-les-assemblees-elues-et-les-citoyens\\\/#breadcrumb\"},\"inLanguage\":\"fr-FR\",\"potentialAction\":[{\"@type\":\"ReadAction\",\"target\":[\"https:\\\/\\\/www.info-algerie.com\\\/actualites\\\/le-president-du-pra-insiste-sur-le-retablissement-de-la-confiance-entre-les-assemblees-elues-et-les-citoyens\\\/\"]}]},{\"@type\":\"BreadcrumbList\",\"@id\":\"https:\\\/\\\/www.info-algerie.com\\\/actualites\\\/le-president-du-pra-insiste-sur-le-retablissement-de-la-confiance-entre-les-assemblees-elues-et-les-citoyens\\\/#breadcrumb\",\"itemListElement\":[{\"@type\":\"ListItem\",\"position\":1,\"name\":\"Accueil\",\"item\":\"https:\\\/\\\/www.info-algerie.com\\\/actualites\\\/\"},{\"@type\":\"ListItem\",\"position\":2,\"name\":\"Le pr\u00e9sident du PRA insiste sur le r\u00e9tablissement de la confiance entre les assembl\u00e9es \u00e9lues et les citoyens\"}]},{\"@type\":\"WebSite\",\"@id\":\"https:\\\/\\\/www.info-algerie.com\\\/actualites\\\/#website\",\"url\":\"https:\\\/\\\/www.info-algerie.com\\\/actualites\\\/\",\"name\":\"info algerie\",\"description\":\"Toutes les actualit\u00e9s\",\"publisher\":{\"@id\":\"https:\\\/\\\/www.info-algerie.com\\\/actualites\\\/#organization\"},\"potentialAction\":[{\"@type\":\"SearchAction\",\"target\":{\"@type\":\"EntryPoint\",\"urlTemplate\":\"https:\\\/\\\/www.info-algerie.com\\\/actualites\\\/?s={search_term_string}\"},\"query-input\":{\"@type\":\"PropertyValueSpecification\",\"valueRequired\":true,\"valueName\":\"search_term_string\"}}],\"inLanguage\":\"fr-FR\"},{\"@type\":\"Organization\",\"@id\":\"https:\\\/\\\/www.info-algerie.com\\\/actualites\\\/#organization\",\"name\":\"info algerie\",\"url\":\"https:\\\/\\\/www.info-algerie.com\\\/actualites\\\/\",\"logo\":{\"@type\":\"ImageObject\",\"inLanguage\":\"fr-FR\",\"@id\":\"https:\\\/\\\/www.info-algerie.com\\\/actualites\\\/#\\\/schema\\\/logo\\\/image\\\/\",\"url\":\"https:\\\/\\\/www.info-algerie.com\\\/actualites\\\/wp-content\\\/uploads\\\/2022\\\/07\\\/logo-ia-120.png\",\"contentUrl\":\"https:\\\/\\\/www.info-algerie.com\\\/actualites\\\/wp-content\\\/uploads\\\/2022\\\/07\\\/logo-ia-120.png\",\"width\":120,\"height\":43,\"caption\":\"info algerie\"},\"image\":{\"@id\":\"https:\\\/\\\/www.info-algerie.com\\\/actualites\\\/#\\\/schema\\\/logo\\\/image\\\/\"},\"sameAs\":[\"https:\\\/\\\/www.facebook.com\\\/infoalgerieactu\",\"https:\\\/\\\/x.com\\\/infoalgerie1\"]},{\"@type\":\"Person\",\"@id\":\"https:\\\/\\\/www.info-algerie.com\\\/actualites\\\/#\\\/schema\\\/person\\\/847aaec44920825b843a08f30ec6aa1e\",\"name\":\"La r\u00e9daction\",\"image\":{\"@type\":\"ImageObject\",\"inLanguage\":\"fr-FR\",\"@id\":\"https:\\\/\\\/secure.gravatar.com\\\/avatar\\\/769db425c6f465158149f1ffd6cf61ce7a8a879d11dfbef8288af36dfddd418c?s=96&d=mm&r=g\",\"url\":\"https:\\\/\\\/secure.gravatar.com\\\/avatar\\\/769db425c6f465158149f1ffd6cf61ce7a8a879d11dfbef8288af36dfddd418c?s=96&d=mm&r=g\",\"contentUrl\":\"https:\\\/\\\/secure.gravatar.com\\\/avatar\\\/769db425c6f465158149f1ffd6cf61ce7a8a879d11dfbef8288af36dfddd418c?s=96&d=mm&r=g\",\"caption\":\"La r\u00e9daction\"},\"sameAs\":[\"http:\\\/\\\/www.lkeria.com\\\/\"],\"url\":\"https:\\\/\\\/www.info-algerie.com\\\/actualites\\\/author\\\/chakib32\\\/\"}]}<\/script>\n<!-- \/ Yoast SEO plugin. -->","yoast_head_json":{"title":"Le pr\u00e9sident du PRA insiste sur le r\u00e9tablissement de la confiance entre les assembl\u00e9es \u00e9lues et les citoyens - info algerie","robots":{"index":"index","follow":"follow","max-snippet":"max-snippet:-1","max-image-preview":"max-image-preview:large","max-video-preview":"max-video-preview:-1"},"canonical":"https:\/\/www.info-algerie.com\/actualites\/le-president-du-pra-insiste-sur-le-retablissement-de-la-confiance-entre-les-assemblees-elues-et-les-citoyens\/","og_locale":"fr_FR","og_type":"article","og_title":"Le pr\u00e9sident du PRA insiste sur le r\u00e9tablissement de la confiance entre les assembl\u00e9es \u00e9lues et les citoyens - info algerie","og_description":"ORAN &#8211; Le pr\u00e9sident du Parti du renouveau alg\u00e9rien (PRA), Kamel Bensalem a insist\u00e9, samedi \u00e0 Oran, sur le r\u00e9tablissement de la confiance entre les assembl\u00e9es \u00e9lues et les citoyens. &#013; &#013; Kamel Bensalem a appel\u00e9, lors d&rsquo;un meeting anim\u00e9 dans le cadre de la campagne pour les \u00e9lections locales du 23 novembre, au \u00ab\u00a0renouvellement","og_url":"https:\/\/www.info-algerie.com\/actualites\/le-president-du-pra-insiste-sur-le-retablissement-de-la-confiance-entre-les-assemblees-elues-et-les-citoyens\/","og_site_name":"info algerie","article_publisher":"https:\/\/www.facebook.com\/infoalgerieactu","article_published_time":"2017-11-18T18:36:18+00:00","author":"La r\u00e9daction","twitter_misc":{"\u00c9crit par":"La r\u00e9daction","Dur\u00e9e de lecture estim\u00e9e":"1 minute"},"schema":{"@context":"https:\/\/schema.org","@graph":[{"@type":"Article","@id":"https:\/\/www.info-algerie.com\/actualites\/le-president-du-pra-insiste-sur-le-retablissement-de-la-confiance-entre-les-assemblees-elues-et-les-citoyens\/#article","isPartOf":{"@id":"https:\/\/www.info-algerie.com\/actualites\/le-president-du-pra-insiste-sur-le-retablissement-de-la-confiance-entre-les-assemblees-elues-et-les-citoyens\/"},"author":{"name":"La r\u00e9daction","@id":"https:\/\/www.info-algerie.com\/actualites\/#\/schema\/person\/847aaec44920825b843a08f30ec6aa1e"},"headline":"Le pr\u00e9sident du PRA insiste sur le r\u00e9tablissement de la confiance entre les assembl\u00e9es \u00e9lues et les citoyens","datePublished":"2017-11-18T18:36:18+00:00","mainEntityOfPage":{"@id":"https:\/\/www.info-algerie.com\/actualites\/le-president-du-pra-insiste-sur-le-retablissement-de-la-confiance-entre-les-assemblees-elues-et-les-citoyens\/"},"wordCount":324,"commentCount":0,"publisher":{"@id":"https:\/\/www.info-algerie.com\/actualites\/#organization"},"keywords":["ONU"],"articleSection":["infos"],"inLanguage":"fr-FR","potentialAction":[{"@type":"CommentAction","name":"Comment","target":["https:\/\/www.info-algerie.com\/actualites\/le-president-du-pra-insiste-sur-le-retablissement-de-la-confiance-entre-les-assemblees-elues-et-les-citoyens\/#respond"]}]},{"@type":"WebPage","@id":"https:\/\/www.info-algerie.com\/actualites\/le-president-du-pra-insiste-sur-le-retablissement-de-la-confiance-entre-les-assemblees-elues-et-les-citoyens\/","url":"https:\/\/www.info-algerie.com\/actualites\/le-president-du-pra-insiste-sur-le-retablissement-de-la-confiance-entre-les-assemblees-elues-et-les-citoyens\/","name":"Le pr\u00e9sident du PRA insiste sur le r\u00e9tablissement de la confiance entre les assembl\u00e9es \u00e9lues et les citoyens - info algerie","isPartOf":{"@id":"https:\/\/www.info-algerie.com\/actualites\/#website"},"datePublished":"2017-11-18T18:36:18+00:00","breadcrumb":{"@id":"https:\/\/www.info-algerie.com\/actualites\/le-president-du-pra-insiste-sur-le-retablissement-de-la-confiance-entre-les-assemblees-elues-et-les-citoyens\/#breadcrumb"},"inLanguage":"fr-FR","potentialAction":[{"@type":"ReadAction","target":["https:\/\/www.info-algerie.com\/actualites\/le-president-du-pra-insiste-sur-le-retablissement-de-la-confiance-entre-les-assemblees-elues-et-les-citoyens\/"]}]},{"@type":"BreadcrumbList","@id":"https:\/\/www.info-algerie.com\/actualites\/le-president-du-pra-insiste-sur-le-retablissement-de-la-confiance-entre-les-assemblees-elues-et-les-citoyens\/#breadcrumb","itemListElement":[{"@type":"ListItem","position":1,"name":"Accueil","item":"https:\/\/www.info-algerie.com\/actualites\/"},{"@type":"ListItem","position":2,"name":"Le pr\u00e9sident du PRA insiste sur le r\u00e9tablissement de la confiance entre les assembl\u00e9es \u00e9lues et les citoyens"}]},{"@type":"WebSite","@id":"https:\/\/www.info-algerie.com\/actualites\/#website","url":"https:\/\/www.info-algerie.com\/actualites\/","name":"info algerie","description":"Toutes les actualit\u00e9s","publisher":{"@id":"https:\/\/www.info-algerie.com\/actualites\/#organization"},"potentialAction":[{"@type":"SearchAction","target":{"@type":"EntryPoint","urlTemplate":"https:\/\/www.info-algerie.com\/actualites\/?s={search_term_string}"},"query-input":{"@type":"PropertyValueSpecification","valueRequired":true,"valueName":"search_term_string"}}],"inLanguage":"fr-FR"},{"@type":"Organization","@id":"https:\/\/www.info-algerie.com\/actualites\/#organization","name":"info algerie","url":"https:\/\/www.info-algerie.com\/actualites\/","logo":{"@type":"ImageObject","inLanguage":"fr-FR","@id":"https:\/\/www.info-algerie.com\/actualites\/#\/schema\/logo\/image\/","url":"https:\/\/www.info-algerie.com\/actualites\/wp-content\/uploads\/2022\/07\/logo-ia-120.png","contentUrl":"https:\/\/www.info-algerie.com\/actualites\/wp-content\/uploads\/2022\/07\/logo-ia-120.png","width":120,"height":43,"caption":"info algerie"},"image":{"@id":"https:\/\/www.info-algerie.com\/actualites\/#\/schema\/logo\/image\/"},"sameAs":["https:\/\/www.facebook.com\/infoalgerieactu","https:\/\/x.com\/infoalgerie1"]},{"@type":"Person","@id":"https:\/\/www.info-algerie.com\/actualites\/#\/schema\/person\/847aaec44920825b843a08f30ec6aa1e","name":"La r\u00e9daction","image":{"@type":"ImageObject","inLanguage":"fr-FR","@id":"https:\/\/secure.gravatar.com\/avatar\/769db425c6f465158149f1ffd6cf61ce7a8a879d11dfbef8288af36dfddd418c?s=96&d=mm&r=g","url":"https:\/\/secure.gravatar.com\/avatar\/769db425c6f465158149f1ffd6cf61ce7a8a879d11dfbef8288af36dfddd418c?s=96&d=mm&r=g","contentUrl":"https:\/\/secure.gravatar.com\/avatar\/769db425c6f465158149f1ffd6cf61ce7a8a879d11dfbef8288af36dfddd418c?s=96&d=mm&r=g","caption":"La r\u00e9daction"},"sameAs":["http:\/\/www.lkeria.com\/"],"url":"https:\/\/www.info-algerie.com\/actualites\/author\/chakib32\/"}]}},"_links":{"self":[{"href":"https:\/\/www.info-algerie.com\/actualites\/wp-json\/wp\/v2\/posts\/18167","targetHints":{"allow":["GET"]}}],"collection":[{"href":"https:\/\/www.info-algerie.com\/actualites\/wp-json\/wp\/v2\/posts"}],"about":[{"href":"https:\/\/www.info-algerie.com\/actualites\/wp-json\/wp\/v2\/types\/post"}],"author":[{"embeddable":true,"href":"https:\/\/www.info-algerie.com\/actualites\/wp-json\/wp\/v2\/users\/6"}],"replies":[{"embeddable":true,"href":"https:\/\/www.info-algerie.com\/actualites\/wp-json\/wp\/v2\/comments?post=18167"}],"version-history":[{"count":0,"href":"https:\/\/www.info-algerie.com\/actualites\/wp-json\/wp\/v2\/posts\/18167\/revisions"}],"wp:attachment":[{"href":"https:\/\/www.info-algerie.com\/actualites\/wp-json\/wp\/v2\/media?parent=18167"}],"wp:term":[{"taxonomy":"category","embeddable":true,"href":"https:\/\/www.info-algerie.com\/actualites\/wp-json\/wp\/v2\/categories?post=18167"},{"taxonomy":"post_tag","embeddable":true,"href":"https:\/\/www.info-algerie.com\/actualites\/wp-json\/wp\/v2\/tags?post=18167"}],"curies":[{"name":"wp","href":"https:\/\/api.w.org\/{rel}","templated":true}]}}