{"id":18179,"date":"2017-11-19T09:34:01","date_gmt":"2017-11-19T08:34:01","guid":{"rendered":"http:\/\/www.info-algerie.com\/actualites\/boucherma-appelle-a-mettre-en-valeur-les-competences-pour-booster-leconomie-nationale\/"},"modified":"2017-11-19T09:34:01","modified_gmt":"2017-11-19T08:34:01","slug":"boucherma-appelle-a-mettre-en-valeur-les-competences-pour-booster-leconomie-nationale","status":"publish","type":"post","link":"https:\/\/www.info-algerie.com\/actualites\/boucherma-appelle-a-mettre-en-valeur-les-competences-pour-booster-leconomie-nationale\/","title":{"rendered":"Boucherma appelle \u00e0 mettre en valeur les comp\u00e9tences pour booster l\u2019\u00e9conomie nationale"},"content":{"rendered":"<div class=\"K2FeedIntroText\">\n<p class=\"MsoNoSpacing\">\u00a0<\/p>\n<p>&#013;<\/p>\n<p>BATNA- Le coordinateur g\u00e9n\u00e9ral du Parti des jeunes (PJ), Hamana Boucherma, a plaid\u00e9 samedi apr\u00e8s-midi \u00e0 Batna \u00e0 mettre en valeur les comp\u00e9tences pour booster l\u2019\u00e9conomie nationale.<\/p>\n<p>&#013;\n<\/p><\/div>\n<div class=\"K2FeedFullText\">&#013;<\/p>\n<p>Lors d\u2019un meeting anim\u00e9 \u00e0 la maison de la culture Mohamed La\u00efd Al Khalifa dans le cadre de la campagne \u00e9lectorale pour les \u00e9lections locale de jeudi prochain, le coordinateur g\u00e9n\u00e9ral du PJ a consid\u00e9r\u00e9 qu\u2019il fallait investir dans la ressource humaine qui repr\u00e9sente la v\u00e9ritable voie pour servir le pays par \u00ab\u00a0l\u2019association de nos cadres \u00e0 la dynamisation du d\u00e9veloppement local\u00a0\u00bb.<\/p>\n<p>&#013;<\/p>\n<p>\u00ab\u00a0Il suffit d\u2019impliquer les jeunes comp\u00e9tents et int\u00e8gres pour permettre un saut qualitatif dans le d\u00e9veloppement global\u00a0\u00bb, a encore estim\u00e9 Boucherma, affirmant \u00ab\u00a0adresser, \u00e0 partir de la capitale des Aur\u00e8s, un message d\u2019espoir\u00a0\u00bb.<\/p>\n<p>&#013;<\/p>\n<p>\u00a0<\/p>\n<p>&#013;<\/p>\n<p>\u00ab\u00a0Le rendez-vous du 23 novembre est une opportunit\u00e9 pour le peuple alg\u00e9rien d\u2019inciter l\u2019Etat et les d\u00e9cideurs \u00e0 valoriser les comp\u00e9tences en votant avec force en leur faveur\u00a0\u00bb, a soutenu Boucherma qui a r\u00e9it\u00e9r\u00e9 la d\u00e9termination de son parti \u00e0 \u00ab\u00a0d\u00e9fendre la s\u00e9curit\u00e9 et la stabilit\u00e9 de l\u2019Alg\u00e9rie\u00a0\u00bb, qualifiant de \u00ab\u00a0ligne rouge\u00a0\u00bb l\u2019unit\u00e9 du peuple et du territoire national.<\/p>\n<\/div>\n<p>&#013;<br \/>\nSource: <a href=\"http:\/\/www.aps.dz\/algerie\/65855-boucherma-appelle-a-mettre-en-valeur-les-competences-pour-booster-l-economie-nationale\" target=\"_blank\">Boucherma appelle \u00e0 mettre en valeur les comp\u00e9tences pour booster l\u2019\u00e9conomie nationale<\/a><\/p>\n<!--CusAds0-->\n<div style=\"font-size: 0px; height: 0px; line-height: 0px; margin: 0; padding: 0; clear: both;\"><\/div>","protected":false},"excerpt":{"rendered":"<p>\u00a0 &#013; BATNA- Le coordinateur g\u00e9n\u00e9ral du Parti des jeunes (PJ), Hamana Boucherma, a plaid\u00e9 samedi apr\u00e8s-midi \u00e0 Batna \u00e0 mettre en valeur les comp\u00e9tences pour booster l\u2019\u00e9conomie nationale. &#013; &#013; Lors d\u2019un meeting anim\u00e9 \u00e0 la maison de la culture Mohamed La\u00efd Al Khalifa dans le cadre de la campagne \u00e9lectorale pour les \u00e9lections<\/p>\n","protected":false},"author":6,"featured_media":0,"comment_status":"open","ping_status":"open","sticky":false,"template":"","format":"standard","meta":{"footnotes":""},"categories":[22],"tags":[93],"class_list":["post-18179","post","type-post","status-publish","format-standard","hentry","category-infos","tag-onu"],"yoast_head":"<!-- This site is optimized with the Yoast SEO plugin v27.4 - https:\/\/yoast.com\/product\/yoast-seo-wordpress\/ -->\n<title>Boucherma appelle \u00e0 mettre en valeur les comp\u00e9tences pour booster l\u2019\u00e9conomie nationale - info algerie<\/title>\n<meta name=\"robots\" content=\"index, follow, max-snippet:-1, max-image-preview:large, max-video-preview:-1\" \/>\n<link rel=\"canonical\" href=\"https:\/\/www.info-algerie.com\/actualites\/boucherma-appelle-a-mettre-en-valeur-les-competences-pour-booster-leconomie-nationale\/\" \/>\n<meta property=\"og:locale\" content=\"fr_FR\" \/>\n<meta property=\"og:type\" content=\"article\" \/>\n<meta property=\"og:title\" content=\"Boucherma appelle \u00e0 mettre en valeur les comp\u00e9tences pour booster l\u2019\u00e9conomie nationale - info algerie\" \/>\n<meta property=\"og:description\" content=\"\u00a0 &#013; BATNA- Le coordinateur g\u00e9n\u00e9ral du Parti des jeunes (PJ), Hamana Boucherma, a plaid\u00e9 samedi apr\u00e8s-midi \u00e0 Batna \u00e0 mettre en valeur les comp\u00e9tences pour booster l\u2019\u00e9conomie nationale. &#013; &#013; Lors d\u2019un meeting anim\u00e9 \u00e0 la maison de la culture Mohamed La\u00efd Al Khalifa dans le cadre de la campagne \u00e9lectorale pour les \u00e9lections\" \/>\n<meta property=\"og:url\" content=\"https:\/\/www.info-algerie.com\/actualites\/boucherma-appelle-a-mettre-en-valeur-les-competences-pour-booster-leconomie-nationale\/\" \/>\n<meta property=\"og:site_name\" content=\"info algerie\" \/>\n<meta property=\"article:publisher\" content=\"https:\/\/www.facebook.com\/infoalgerieactu\" \/>\n<meta property=\"article:published_time\" content=\"2017-11-19T08:34:01+00:00\" \/>\n<meta name=\"author\" content=\"La r\u00e9daction\" \/>\n<meta name=\"twitter:label1\" content=\"\u00c9crit par\" \/>\n\t<meta name=\"twitter:data1\" content=\"La r\u00e9daction\" \/>\n\t<meta name=\"twitter:label2\" content=\"Dur\u00e9e de lecture estim\u00e9e\" \/>\n\t<meta name=\"twitter:data2\" content=\"1 minute\" \/>\n<script type=\"application\/ld+json\" class=\"yoast-schema-graph\">{\"@context\":\"https:\\\/\\\/schema.org\",\"@graph\":[{\"@type\":\"Article\",\"@id\":\"https:\\\/\\\/www.info-algerie.com\\\/actualites\\\/boucherma-appelle-a-mettre-en-valeur-les-competences-pour-booster-leconomie-nationale\\\/#article\",\"isPartOf\":{\"@id\":\"https:\\\/\\\/www.info-algerie.com\\\/actualites\\\/boucherma-appelle-a-mettre-en-valeur-les-competences-pour-booster-leconomie-nationale\\\/\"},\"author\":{\"name\":\"La r\u00e9daction\",\"@id\":\"https:\\\/\\\/www.info-algerie.com\\\/actualites\\\/#\\\/schema\\\/person\\\/847aaec44920825b843a08f30ec6aa1e\"},\"headline\":\"Boucherma appelle \u00e0 mettre en valeur les comp\u00e9tences pour booster l\u2019\u00e9conomie nationale\",\"datePublished\":\"2017-11-19T08:34:01+00:00\",\"mainEntityOfPage\":{\"@id\":\"https:\\\/\\\/www.info-algerie.com\\\/actualites\\\/boucherma-appelle-a-mettre-en-valeur-les-competences-pour-booster-leconomie-nationale\\\/\"},\"wordCount\":234,\"commentCount\":0,\"publisher\":{\"@id\":\"https:\\\/\\\/www.info-algerie.com\\\/actualites\\\/#organization\"},\"keywords\":[\"ONU\"],\"articleSection\":[\"infos\"],\"inLanguage\":\"fr-FR\",\"potentialAction\":[{\"@type\":\"CommentAction\",\"name\":\"Comment\",\"target\":[\"https:\\\/\\\/www.info-algerie.com\\\/actualites\\\/boucherma-appelle-a-mettre-en-valeur-les-competences-pour-booster-leconomie-nationale\\\/#respond\"]}]},{\"@type\":\"WebPage\",\"@id\":\"https:\\\/\\\/www.info-algerie.com\\\/actualites\\\/boucherma-appelle-a-mettre-en-valeur-les-competences-pour-booster-leconomie-nationale\\\/\",\"url\":\"https:\\\/\\\/www.info-algerie.com\\\/actualites\\\/boucherma-appelle-a-mettre-en-valeur-les-competences-pour-booster-leconomie-nationale\\\/\",\"name\":\"Boucherma appelle \u00e0 mettre en valeur les comp\u00e9tences pour booster l\u2019\u00e9conomie nationale - info algerie\",\"isPartOf\":{\"@id\":\"https:\\\/\\\/www.info-algerie.com\\\/actualites\\\/#website\"},\"datePublished\":\"2017-11-19T08:34:01+00:00\",\"breadcrumb\":{\"@id\":\"https:\\\/\\\/www.info-algerie.com\\\/actualites\\\/boucherma-appelle-a-mettre-en-valeur-les-competences-pour-booster-leconomie-nationale\\\/#breadcrumb\"},\"inLanguage\":\"fr-FR\",\"potentialAction\":[{\"@type\":\"ReadAction\",\"target\":[\"https:\\\/\\\/www.info-algerie.com\\\/actualites\\\/boucherma-appelle-a-mettre-en-valeur-les-competences-pour-booster-leconomie-nationale\\\/\"]}]},{\"@type\":\"BreadcrumbList\",\"@id\":\"https:\\\/\\\/www.info-algerie.com\\\/actualites\\\/boucherma-appelle-a-mettre-en-valeur-les-competences-pour-booster-leconomie-nationale\\\/#breadcrumb\",\"itemListElement\":[{\"@type\":\"ListItem\",\"position\":1,\"name\":\"Accueil\",\"item\":\"https:\\\/\\\/www.info-algerie.com\\\/actualites\\\/\"},{\"@type\":\"ListItem\",\"position\":2,\"name\":\"Boucherma appelle \u00e0 mettre en valeur les comp\u00e9tences pour booster l\u2019\u00e9conomie nationale\"}]},{\"@type\":\"WebSite\",\"@id\":\"https:\\\/\\\/www.info-algerie.com\\\/actualites\\\/#website\",\"url\":\"https:\\\/\\\/www.info-algerie.com\\\/actualites\\\/\",\"name\":\"info algerie\",\"description\":\"Toutes les actualit\u00e9s\",\"publisher\":{\"@id\":\"https:\\\/\\\/www.info-algerie.com\\\/actualites\\\/#organization\"},\"potentialAction\":[{\"@type\":\"SearchAction\",\"target\":{\"@type\":\"EntryPoint\",\"urlTemplate\":\"https:\\\/\\\/www.info-algerie.com\\\/actualites\\\/?s={search_term_string}\"},\"query-input\":{\"@type\":\"PropertyValueSpecification\",\"valueRequired\":true,\"valueName\":\"search_term_string\"}}],\"inLanguage\":\"fr-FR\"},{\"@type\":\"Organization\",\"@id\":\"https:\\\/\\\/www.info-algerie.com\\\/actualites\\\/#organization\",\"name\":\"info algerie\",\"url\":\"https:\\\/\\\/www.info-algerie.com\\\/actualites\\\/\",\"logo\":{\"@type\":\"ImageObject\",\"inLanguage\":\"fr-FR\",\"@id\":\"https:\\\/\\\/www.info-algerie.com\\\/actualites\\\/#\\\/schema\\\/logo\\\/image\\\/\",\"url\":\"https:\\\/\\\/www.info-algerie.com\\\/actualites\\\/wp-content\\\/uploads\\\/2022\\\/07\\\/logo-ia-120.png\",\"contentUrl\":\"https:\\\/\\\/www.info-algerie.com\\\/actualites\\\/wp-content\\\/uploads\\\/2022\\\/07\\\/logo-ia-120.png\",\"width\":120,\"height\":43,\"caption\":\"info algerie\"},\"image\":{\"@id\":\"https:\\\/\\\/www.info-algerie.com\\\/actualites\\\/#\\\/schema\\\/logo\\\/image\\\/\"},\"sameAs\":[\"https:\\\/\\\/www.facebook.com\\\/infoalgerieactu\",\"https:\\\/\\\/x.com\\\/infoalgerie1\"]},{\"@type\":\"Person\",\"@id\":\"https:\\\/\\\/www.info-algerie.com\\\/actualites\\\/#\\\/schema\\\/person\\\/847aaec44920825b843a08f30ec6aa1e\",\"name\":\"La r\u00e9daction\",\"image\":{\"@type\":\"ImageObject\",\"inLanguage\":\"fr-FR\",\"@id\":\"https:\\\/\\\/secure.gravatar.com\\\/avatar\\\/769db425c6f465158149f1ffd6cf61ce7a8a879d11dfbef8288af36dfddd418c?s=96&d=mm&r=g\",\"url\":\"https:\\\/\\\/secure.gravatar.com\\\/avatar\\\/769db425c6f465158149f1ffd6cf61ce7a8a879d11dfbef8288af36dfddd418c?s=96&d=mm&r=g\",\"contentUrl\":\"https:\\\/\\\/secure.gravatar.com\\\/avatar\\\/769db425c6f465158149f1ffd6cf61ce7a8a879d11dfbef8288af36dfddd418c?s=96&d=mm&r=g\",\"caption\":\"La r\u00e9daction\"},\"sameAs\":[\"http:\\\/\\\/www.lkeria.com\\\/\"],\"url\":\"https:\\\/\\\/www.info-algerie.com\\\/actualites\\\/author\\\/chakib32\\\/\"}]}<\/script>\n<!-- \/ Yoast SEO plugin. -->","yoast_head_json":{"title":"Boucherma appelle \u00e0 mettre en valeur les comp\u00e9tences pour booster l\u2019\u00e9conomie nationale - info algerie","robots":{"index":"index","follow":"follow","max-snippet":"max-snippet:-1","max-image-preview":"max-image-preview:large","max-video-preview":"max-video-preview:-1"},"canonical":"https:\/\/www.info-algerie.com\/actualites\/boucherma-appelle-a-mettre-en-valeur-les-competences-pour-booster-leconomie-nationale\/","og_locale":"fr_FR","og_type":"article","og_title":"Boucherma appelle \u00e0 mettre en valeur les comp\u00e9tences pour booster l\u2019\u00e9conomie nationale - info algerie","og_description":"\u00a0 &#013; BATNA- Le coordinateur g\u00e9n\u00e9ral du Parti des jeunes (PJ), Hamana Boucherma, a plaid\u00e9 samedi apr\u00e8s-midi \u00e0 Batna \u00e0 mettre en valeur les comp\u00e9tences pour booster l\u2019\u00e9conomie nationale. &#013; &#013; Lors d\u2019un meeting anim\u00e9 \u00e0 la maison de la culture Mohamed La\u00efd Al Khalifa dans le cadre de la campagne \u00e9lectorale pour les \u00e9lections","og_url":"https:\/\/www.info-algerie.com\/actualites\/boucherma-appelle-a-mettre-en-valeur-les-competences-pour-booster-leconomie-nationale\/","og_site_name":"info algerie","article_publisher":"https:\/\/www.facebook.com\/infoalgerieactu","article_published_time":"2017-11-19T08:34:01+00:00","author":"La r\u00e9daction","twitter_misc":{"\u00c9crit par":"La r\u00e9daction","Dur\u00e9e de lecture estim\u00e9e":"1 minute"},"schema":{"@context":"https:\/\/schema.org","@graph":[{"@type":"Article","@id":"https:\/\/www.info-algerie.com\/actualites\/boucherma-appelle-a-mettre-en-valeur-les-competences-pour-booster-leconomie-nationale\/#article","isPartOf":{"@id":"https:\/\/www.info-algerie.com\/actualites\/boucherma-appelle-a-mettre-en-valeur-les-competences-pour-booster-leconomie-nationale\/"},"author":{"name":"La r\u00e9daction","@id":"https:\/\/www.info-algerie.com\/actualites\/#\/schema\/person\/847aaec44920825b843a08f30ec6aa1e"},"headline":"Boucherma appelle \u00e0 mettre en valeur les comp\u00e9tences pour booster l\u2019\u00e9conomie nationale","datePublished":"2017-11-19T08:34:01+00:00","mainEntityOfPage":{"@id":"https:\/\/www.info-algerie.com\/actualites\/boucherma-appelle-a-mettre-en-valeur-les-competences-pour-booster-leconomie-nationale\/"},"wordCount":234,"commentCount":0,"publisher":{"@id":"https:\/\/www.info-algerie.com\/actualites\/#organization"},"keywords":["ONU"],"articleSection":["infos"],"inLanguage":"fr-FR","potentialAction":[{"@type":"CommentAction","name":"Comment","target":["https:\/\/www.info-algerie.com\/actualites\/boucherma-appelle-a-mettre-en-valeur-les-competences-pour-booster-leconomie-nationale\/#respond"]}]},{"@type":"WebPage","@id":"https:\/\/www.info-algerie.com\/actualites\/boucherma-appelle-a-mettre-en-valeur-les-competences-pour-booster-leconomie-nationale\/","url":"https:\/\/www.info-algerie.com\/actualites\/boucherma-appelle-a-mettre-en-valeur-les-competences-pour-booster-leconomie-nationale\/","name":"Boucherma appelle \u00e0 mettre en valeur les comp\u00e9tences pour booster l\u2019\u00e9conomie nationale - info algerie","isPartOf":{"@id":"https:\/\/www.info-algerie.com\/actualites\/#website"},"datePublished":"2017-11-19T08:34:01+00:00","breadcrumb":{"@id":"https:\/\/www.info-algerie.com\/actualites\/boucherma-appelle-a-mettre-en-valeur-les-competences-pour-booster-leconomie-nationale\/#breadcrumb"},"inLanguage":"fr-FR","potentialAction":[{"@type":"ReadAction","target":["https:\/\/www.info-algerie.com\/actualites\/boucherma-appelle-a-mettre-en-valeur-les-competences-pour-booster-leconomie-nationale\/"]}]},{"@type":"BreadcrumbList","@id":"https:\/\/www.info-algerie.com\/actualites\/boucherma-appelle-a-mettre-en-valeur-les-competences-pour-booster-leconomie-nationale\/#breadcrumb","itemListElement":[{"@type":"ListItem","position":1,"name":"Accueil","item":"https:\/\/www.info-algerie.com\/actualites\/"},{"@type":"ListItem","position":2,"name":"Boucherma appelle \u00e0 mettre en valeur les comp\u00e9tences pour booster l\u2019\u00e9conomie nationale"}]},{"@type":"WebSite","@id":"https:\/\/www.info-algerie.com\/actualites\/#website","url":"https:\/\/www.info-algerie.com\/actualites\/","name":"info algerie","description":"Toutes les actualit\u00e9s","publisher":{"@id":"https:\/\/www.info-algerie.com\/actualites\/#organization"},"potentialAction":[{"@type":"SearchAction","target":{"@type":"EntryPoint","urlTemplate":"https:\/\/www.info-algerie.com\/actualites\/?s={search_term_string}"},"query-input":{"@type":"PropertyValueSpecification","valueRequired":true,"valueName":"search_term_string"}}],"inLanguage":"fr-FR"},{"@type":"Organization","@id":"https:\/\/www.info-algerie.com\/actualites\/#organization","name":"info algerie","url":"https:\/\/www.info-algerie.com\/actualites\/","logo":{"@type":"ImageObject","inLanguage":"fr-FR","@id":"https:\/\/www.info-algerie.com\/actualites\/#\/schema\/logo\/image\/","url":"https:\/\/www.info-algerie.com\/actualites\/wp-content\/uploads\/2022\/07\/logo-ia-120.png","contentUrl":"https:\/\/www.info-algerie.com\/actualites\/wp-content\/uploads\/2022\/07\/logo-ia-120.png","width":120,"height":43,"caption":"info algerie"},"image":{"@id":"https:\/\/www.info-algerie.com\/actualites\/#\/schema\/logo\/image\/"},"sameAs":["https:\/\/www.facebook.com\/infoalgerieactu","https:\/\/x.com\/infoalgerie1"]},{"@type":"Person","@id":"https:\/\/www.info-algerie.com\/actualites\/#\/schema\/person\/847aaec44920825b843a08f30ec6aa1e","name":"La r\u00e9daction","image":{"@type":"ImageObject","inLanguage":"fr-FR","@id":"https:\/\/secure.gravatar.com\/avatar\/769db425c6f465158149f1ffd6cf61ce7a8a879d11dfbef8288af36dfddd418c?s=96&d=mm&r=g","url":"https:\/\/secure.gravatar.com\/avatar\/769db425c6f465158149f1ffd6cf61ce7a8a879d11dfbef8288af36dfddd418c?s=96&d=mm&r=g","contentUrl":"https:\/\/secure.gravatar.com\/avatar\/769db425c6f465158149f1ffd6cf61ce7a8a879d11dfbef8288af36dfddd418c?s=96&d=mm&r=g","caption":"La r\u00e9daction"},"sameAs":["http:\/\/www.lkeria.com\/"],"url":"https:\/\/www.info-algerie.com\/actualites\/author\/chakib32\/"}]}},"_links":{"self":[{"href":"https:\/\/www.info-algerie.com\/actualites\/wp-json\/wp\/v2\/posts\/18179","targetHints":{"allow":["GET"]}}],"collection":[{"href":"https:\/\/www.info-algerie.com\/actualites\/wp-json\/wp\/v2\/posts"}],"about":[{"href":"https:\/\/www.info-algerie.com\/actualites\/wp-json\/wp\/v2\/types\/post"}],"author":[{"embeddable":true,"href":"https:\/\/www.info-algerie.com\/actualites\/wp-json\/wp\/v2\/users\/6"}],"replies":[{"embeddable":true,"href":"https:\/\/www.info-algerie.com\/actualites\/wp-json\/wp\/v2\/comments?post=18179"}],"version-history":[{"count":0,"href":"https:\/\/www.info-algerie.com\/actualites\/wp-json\/wp\/v2\/posts\/18179\/revisions"}],"wp:attachment":[{"href":"https:\/\/www.info-algerie.com\/actualites\/wp-json\/wp\/v2\/media?parent=18179"}],"wp:term":[{"taxonomy":"category","embeddable":true,"href":"https:\/\/www.info-algerie.com\/actualites\/wp-json\/wp\/v2\/categories?post=18179"},{"taxonomy":"post_tag","embeddable":true,"href":"https:\/\/www.info-algerie.com\/actualites\/wp-json\/wp\/v2\/tags?post=18179"}],"curies":[{"name":"wp","href":"https:\/\/api.w.org\/{rel}","templated":true}]}}