{"id":18180,"date":"2017-11-19T09:32:06","date_gmt":"2017-11-19T08:32:06","guid":{"rendered":"http:\/\/www.info-algerie.com\/actualites\/la-consolidation-du-front-interne-passe-par-un-interet-serieux-aux-zones-frontalieres-union\/"},"modified":"2017-11-19T09:32:06","modified_gmt":"2017-11-19T08:32:06","slug":"la-consolidation-du-front-interne-passe-par-un-interet-serieux-aux-zones-frontalieres-union","status":"publish","type":"post","link":"https:\/\/www.info-algerie.com\/actualites\/la-consolidation-du-front-interne-passe-par-un-interet-serieux-aux-zones-frontalieres-union\/","title":{"rendered":"La consolidation du Front interne passe par un &quot;int\u00e9r\u00eat s\u00e9rieux&quot; aux zones frontali\u00e8res (Union)"},"content":{"rendered":"<div class=\"K2FeedIntroText\">\n<p class=\"MsoNoSpacing\">TINDOUF- Le repr\u00e9sentant de l&rsquo;Union Nahda-Adala-Bina, Slimane Chenine a affirm\u00e9, samedi \u00e0 Tindouf, que la consolidation du Front interne passe par un \u00ab\u00a0int\u00e9r\u00eat s\u00e9rieux\u00a0\u00bb aux zones frontali\u00e8res.<\/p>\n<p>&#013;\n<\/p><\/div>\n<div class=\"K2FeedFullText\">&#013;<\/p>\n<p class=\"MsoNoSpacing\">\u00ab\u00a0La consolidation du Front interne implique essentiellement d&rsquo;accorder un int\u00e9r\u00eat s\u00e9rieux et responsable aux zones frontali\u00e8res\u00a0\u00bb, a d\u00e9clar\u00e9 M. Chenine lors d&rsquo;un meeting populaire qu&rsquo;il a anim\u00e9 \u00e0 la Maison de jeunes de la commune Oum Lassel dans le cadre de la campagne \u00e9lectorale des locales\u00a0 du 23 novembre.<\/p>\n<p>&#013;<\/p>\n<p class=\"MsoNoSpacing\">Il a soutenu, dans ce sens, que la conjoncture appelle \u00e0 accorder un int\u00e9r\u00eat particulier \u00e0 ces zones frontali\u00e8res afin de les prot\u00e9ger des menaces qui les guettent, soulignant l&rsquo;importance \u00ab\u00a0primordiale\u00a0\u00bb de ces r\u00e9gions \u00ab\u00a0en d\u00e9pit de la marginalisation et l&rsquo;exclusion dont elle souffrent\u00a0\u00bb.<\/p>\n<p>&#013;<\/p>\n<p class=\"MsoNoSpacing\">M. Chenine a appel\u00e9, \u00e0 ce propos, au soutien des efforts d\u00e9ploy\u00e9s par l&rsquo;Arm\u00e9e nationale populaire dans ces r\u00e9gions pour \u00ab\u00a0pr\u00e9server la s\u00e9curit\u00e9 de l&rsquo;Alg\u00e9rie\u00a0\u00bb.<\/p>\n<p>&#013;<\/p>\n<p class=\"MsoNoSpacing\">Par ailleurs, le repr\u00e9sentant de l&rsquo;Union Nahda-Adala-Bina a estim\u00e9 que les Assembl\u00e9es locales \u00e9lues doivent avoir \u00ab\u00a0l&rsquo;adh\u00e9sion des citoyens\u00a0\u00bb et \u00ab\u00a0\u00eatre en coh\u00e9sion avec la politique de l&rsquo;Etat \u00e0 long terme\u00a0\u00bb<\/p>\n<p>&#013;<\/p>\n<p>A la fin de son intervention, M. Chenine a exhort\u00e9 les citoyens de la wilaya de Tindouf \u00e0 voter \u00ab\u00a0massivement\u00a0\u00bb pour la liste de l&rsquo;alliance dont il fait partie.<\/p>\n<\/div>\n<p>&#013;<br \/>\nSource: <a href=\"http:\/\/www.aps.dz\/algerie\/65854-la-consolidation-du-front-interne-passe-par-un-interet-serieux-aux-zones-frontalieres-union\" target=\"_blank\">La consolidation du Front interne passe par un \u00ab\u00a0int\u00e9r\u00eat s\u00e9rieux\u00a0\u00bb aux zones frontali\u00e8res (Union)<\/a><\/p>\n<!--CusAds0-->\n<div style=\"font-size: 0px; height: 0px; line-height: 0px; margin: 0; padding: 0; clear: both;\"><\/div>","protected":false},"excerpt":{"rendered":"<p>TINDOUF- Le repr\u00e9sentant de l&rsquo;Union Nahda-Adala-Bina, Slimane Chenine a affirm\u00e9, samedi \u00e0 Tindouf, que la consolidation du Front interne passe par un \u00ab\u00a0int\u00e9r\u00eat s\u00e9rieux\u00a0\u00bb aux zones frontali\u00e8res. &#013; &#013; \u00ab\u00a0La consolidation du Front interne implique essentiellement d&rsquo;accorder un int\u00e9r\u00eat s\u00e9rieux et responsable aux zones frontali\u00e8res\u00a0\u00bb, a d\u00e9clar\u00e9 M. Chenine lors d&rsquo;un meeting populaire qu&rsquo;il a<\/p>\n","protected":false},"author":6,"featured_media":0,"comment_status":"open","ping_status":"open","sticky":false,"template":"","format":"standard","meta":{"footnotes":""},"categories":[22],"tags":[93],"class_list":["post-18180","post","type-post","status-publish","format-standard","hentry","category-infos","tag-onu"],"yoast_head":"<!-- This site is optimized with the Yoast SEO plugin v27.4 - https:\/\/yoast.com\/product\/yoast-seo-wordpress\/ -->\n<title>La consolidation du Front interne passe par un &quot;int\u00e9r\u00eat s\u00e9rieux&quot; aux zones frontali\u00e8res (Union) - info algerie<\/title>\n<meta name=\"robots\" content=\"index, follow, max-snippet:-1, max-image-preview:large, max-video-preview:-1\" \/>\n<link rel=\"canonical\" href=\"https:\/\/www.info-algerie.com\/actualites\/la-consolidation-du-front-interne-passe-par-un-interet-serieux-aux-zones-frontalieres-union\/\" \/>\n<meta property=\"og:locale\" content=\"fr_FR\" \/>\n<meta property=\"og:type\" content=\"article\" \/>\n<meta property=\"og:title\" content=\"La consolidation du Front interne passe par un &quot;int\u00e9r\u00eat s\u00e9rieux&quot; aux zones frontali\u00e8res (Union) - info algerie\" \/>\n<meta property=\"og:description\" content=\"TINDOUF- Le repr\u00e9sentant de l&rsquo;Union Nahda-Adala-Bina, Slimane Chenine a affirm\u00e9, samedi \u00e0 Tindouf, que la consolidation du Front interne passe par un \u00ab\u00a0int\u00e9r\u00eat s\u00e9rieux\u00a0\u00bb aux zones frontali\u00e8res. &#013; &#013; \u00ab\u00a0La consolidation du Front interne implique essentiellement d&rsquo;accorder un int\u00e9r\u00eat s\u00e9rieux et responsable aux zones frontali\u00e8res\u00a0\u00bb, a d\u00e9clar\u00e9 M. Chenine lors d&rsquo;un meeting populaire qu&rsquo;il a\" \/>\n<meta property=\"og:url\" content=\"https:\/\/www.info-algerie.com\/actualites\/la-consolidation-du-front-interne-passe-par-un-interet-serieux-aux-zones-frontalieres-union\/\" \/>\n<meta property=\"og:site_name\" content=\"info algerie\" \/>\n<meta property=\"article:publisher\" content=\"https:\/\/www.facebook.com\/infoalgerieactu\" \/>\n<meta property=\"article:published_time\" content=\"2017-11-19T08:32:06+00:00\" \/>\n<meta name=\"author\" content=\"La r\u00e9daction\" \/>\n<meta name=\"twitter:label1\" content=\"\u00c9crit par\" \/>\n\t<meta name=\"twitter:data1\" content=\"La r\u00e9daction\" \/>\n\t<meta name=\"twitter:label2\" content=\"Dur\u00e9e de lecture estim\u00e9e\" \/>\n\t<meta name=\"twitter:data2\" content=\"1 minute\" \/>\n<script type=\"application\/ld+json\" class=\"yoast-schema-graph\">{\"@context\":\"https:\\\/\\\/schema.org\",\"@graph\":[{\"@type\":\"Article\",\"@id\":\"https:\\\/\\\/www.info-algerie.com\\\/actualites\\\/la-consolidation-du-front-interne-passe-par-un-interet-serieux-aux-zones-frontalieres-union\\\/#article\",\"isPartOf\":{\"@id\":\"https:\\\/\\\/www.info-algerie.com\\\/actualites\\\/la-consolidation-du-front-interne-passe-par-un-interet-serieux-aux-zones-frontalieres-union\\\/\"},\"author\":{\"name\":\"La r\u00e9daction\",\"@id\":\"https:\\\/\\\/www.info-algerie.com\\\/actualites\\\/#\\\/schema\\\/person\\\/847aaec44920825b843a08f30ec6aa1e\"},\"headline\":\"La consolidation du Front interne passe par un &quot;int\u00e9r\u00eat s\u00e9rieux&quot; aux zones frontali\u00e8res (Union)\",\"datePublished\":\"2017-11-19T08:32:06+00:00\",\"mainEntityOfPage\":{\"@id\":\"https:\\\/\\\/www.info-algerie.com\\\/actualites\\\/la-consolidation-du-front-interne-passe-par-un-interet-serieux-aux-zones-frontalieres-union\\\/\"},\"wordCount\":275,\"commentCount\":0,\"publisher\":{\"@id\":\"https:\\\/\\\/www.info-algerie.com\\\/actualites\\\/#organization\"},\"keywords\":[\"ONU\"],\"articleSection\":[\"infos\"],\"inLanguage\":\"fr-FR\",\"potentialAction\":[{\"@type\":\"CommentAction\",\"name\":\"Comment\",\"target\":[\"https:\\\/\\\/www.info-algerie.com\\\/actualites\\\/la-consolidation-du-front-interne-passe-par-un-interet-serieux-aux-zones-frontalieres-union\\\/#respond\"]}]},{\"@type\":\"WebPage\",\"@id\":\"https:\\\/\\\/www.info-algerie.com\\\/actualites\\\/la-consolidation-du-front-interne-passe-par-un-interet-serieux-aux-zones-frontalieres-union\\\/\",\"url\":\"https:\\\/\\\/www.info-algerie.com\\\/actualites\\\/la-consolidation-du-front-interne-passe-par-un-interet-serieux-aux-zones-frontalieres-union\\\/\",\"name\":\"La consolidation du Front interne passe par un &quot;int\u00e9r\u00eat s\u00e9rieux&quot; aux zones frontali\u00e8res (Union) - info algerie\",\"isPartOf\":{\"@id\":\"https:\\\/\\\/www.info-algerie.com\\\/actualites\\\/#website\"},\"datePublished\":\"2017-11-19T08:32:06+00:00\",\"breadcrumb\":{\"@id\":\"https:\\\/\\\/www.info-algerie.com\\\/actualites\\\/la-consolidation-du-front-interne-passe-par-un-interet-serieux-aux-zones-frontalieres-union\\\/#breadcrumb\"},\"inLanguage\":\"fr-FR\",\"potentialAction\":[{\"@type\":\"ReadAction\",\"target\":[\"https:\\\/\\\/www.info-algerie.com\\\/actualites\\\/la-consolidation-du-front-interne-passe-par-un-interet-serieux-aux-zones-frontalieres-union\\\/\"]}]},{\"@type\":\"BreadcrumbList\",\"@id\":\"https:\\\/\\\/www.info-algerie.com\\\/actualites\\\/la-consolidation-du-front-interne-passe-par-un-interet-serieux-aux-zones-frontalieres-union\\\/#breadcrumb\",\"itemListElement\":[{\"@type\":\"ListItem\",\"position\":1,\"name\":\"Accueil\",\"item\":\"https:\\\/\\\/www.info-algerie.com\\\/actualites\\\/\"},{\"@type\":\"ListItem\",\"position\":2,\"name\":\"La consolidation du Front interne passe par un &quot;int\u00e9r\u00eat s\u00e9rieux&quot; aux zones frontali\u00e8res (Union)\"}]},{\"@type\":\"WebSite\",\"@id\":\"https:\\\/\\\/www.info-algerie.com\\\/actualites\\\/#website\",\"url\":\"https:\\\/\\\/www.info-algerie.com\\\/actualites\\\/\",\"name\":\"info algerie\",\"description\":\"Toutes les actualit\u00e9s\",\"publisher\":{\"@id\":\"https:\\\/\\\/www.info-algerie.com\\\/actualites\\\/#organization\"},\"potentialAction\":[{\"@type\":\"SearchAction\",\"target\":{\"@type\":\"EntryPoint\",\"urlTemplate\":\"https:\\\/\\\/www.info-algerie.com\\\/actualites\\\/?s={search_term_string}\"},\"query-input\":{\"@type\":\"PropertyValueSpecification\",\"valueRequired\":true,\"valueName\":\"search_term_string\"}}],\"inLanguage\":\"fr-FR\"},{\"@type\":\"Organization\",\"@id\":\"https:\\\/\\\/www.info-algerie.com\\\/actualites\\\/#organization\",\"name\":\"info algerie\",\"url\":\"https:\\\/\\\/www.info-algerie.com\\\/actualites\\\/\",\"logo\":{\"@type\":\"ImageObject\",\"inLanguage\":\"fr-FR\",\"@id\":\"https:\\\/\\\/www.info-algerie.com\\\/actualites\\\/#\\\/schema\\\/logo\\\/image\\\/\",\"url\":\"https:\\\/\\\/www.info-algerie.com\\\/actualites\\\/wp-content\\\/uploads\\\/2022\\\/07\\\/logo-ia-120.png\",\"contentUrl\":\"https:\\\/\\\/www.info-algerie.com\\\/actualites\\\/wp-content\\\/uploads\\\/2022\\\/07\\\/logo-ia-120.png\",\"width\":120,\"height\":43,\"caption\":\"info algerie\"},\"image\":{\"@id\":\"https:\\\/\\\/www.info-algerie.com\\\/actualites\\\/#\\\/schema\\\/logo\\\/image\\\/\"},\"sameAs\":[\"https:\\\/\\\/www.facebook.com\\\/infoalgerieactu\",\"https:\\\/\\\/x.com\\\/infoalgerie1\"]},{\"@type\":\"Person\",\"@id\":\"https:\\\/\\\/www.info-algerie.com\\\/actualites\\\/#\\\/schema\\\/person\\\/847aaec44920825b843a08f30ec6aa1e\",\"name\":\"La r\u00e9daction\",\"image\":{\"@type\":\"ImageObject\",\"inLanguage\":\"fr-FR\",\"@id\":\"https:\\\/\\\/secure.gravatar.com\\\/avatar\\\/769db425c6f465158149f1ffd6cf61ce7a8a879d11dfbef8288af36dfddd418c?s=96&d=mm&r=g\",\"url\":\"https:\\\/\\\/secure.gravatar.com\\\/avatar\\\/769db425c6f465158149f1ffd6cf61ce7a8a879d11dfbef8288af36dfddd418c?s=96&d=mm&r=g\",\"contentUrl\":\"https:\\\/\\\/secure.gravatar.com\\\/avatar\\\/769db425c6f465158149f1ffd6cf61ce7a8a879d11dfbef8288af36dfddd418c?s=96&d=mm&r=g\",\"caption\":\"La r\u00e9daction\"},\"sameAs\":[\"http:\\\/\\\/www.lkeria.com\\\/\"],\"url\":\"https:\\\/\\\/www.info-algerie.com\\\/actualites\\\/author\\\/chakib32\\\/\"}]}<\/script>\n<!-- \/ Yoast SEO plugin. -->","yoast_head_json":{"title":"La consolidation du Front interne passe par un &quot;int\u00e9r\u00eat s\u00e9rieux&quot; aux zones frontali\u00e8res (Union) - info algerie","robots":{"index":"index","follow":"follow","max-snippet":"max-snippet:-1","max-image-preview":"max-image-preview:large","max-video-preview":"max-video-preview:-1"},"canonical":"https:\/\/www.info-algerie.com\/actualites\/la-consolidation-du-front-interne-passe-par-un-interet-serieux-aux-zones-frontalieres-union\/","og_locale":"fr_FR","og_type":"article","og_title":"La consolidation du Front interne passe par un &quot;int\u00e9r\u00eat s\u00e9rieux&quot; aux zones frontali\u00e8res (Union) - info algerie","og_description":"TINDOUF- Le repr\u00e9sentant de l&rsquo;Union Nahda-Adala-Bina, Slimane Chenine a affirm\u00e9, samedi \u00e0 Tindouf, que la consolidation du Front interne passe par un \u00ab\u00a0int\u00e9r\u00eat s\u00e9rieux\u00a0\u00bb aux zones frontali\u00e8res. &#013; &#013; \u00ab\u00a0La consolidation du Front interne implique essentiellement d&rsquo;accorder un int\u00e9r\u00eat s\u00e9rieux et responsable aux zones frontali\u00e8res\u00a0\u00bb, a d\u00e9clar\u00e9 M. Chenine lors d&rsquo;un meeting populaire qu&rsquo;il a","og_url":"https:\/\/www.info-algerie.com\/actualites\/la-consolidation-du-front-interne-passe-par-un-interet-serieux-aux-zones-frontalieres-union\/","og_site_name":"info algerie","article_publisher":"https:\/\/www.facebook.com\/infoalgerieactu","article_published_time":"2017-11-19T08:32:06+00:00","author":"La r\u00e9daction","twitter_misc":{"\u00c9crit par":"La r\u00e9daction","Dur\u00e9e de lecture estim\u00e9e":"1 minute"},"schema":{"@context":"https:\/\/schema.org","@graph":[{"@type":"Article","@id":"https:\/\/www.info-algerie.com\/actualites\/la-consolidation-du-front-interne-passe-par-un-interet-serieux-aux-zones-frontalieres-union\/#article","isPartOf":{"@id":"https:\/\/www.info-algerie.com\/actualites\/la-consolidation-du-front-interne-passe-par-un-interet-serieux-aux-zones-frontalieres-union\/"},"author":{"name":"La r\u00e9daction","@id":"https:\/\/www.info-algerie.com\/actualites\/#\/schema\/person\/847aaec44920825b843a08f30ec6aa1e"},"headline":"La consolidation du Front interne passe par un &quot;int\u00e9r\u00eat s\u00e9rieux&quot; aux zones frontali\u00e8res (Union)","datePublished":"2017-11-19T08:32:06+00:00","mainEntityOfPage":{"@id":"https:\/\/www.info-algerie.com\/actualites\/la-consolidation-du-front-interne-passe-par-un-interet-serieux-aux-zones-frontalieres-union\/"},"wordCount":275,"commentCount":0,"publisher":{"@id":"https:\/\/www.info-algerie.com\/actualites\/#organization"},"keywords":["ONU"],"articleSection":["infos"],"inLanguage":"fr-FR","potentialAction":[{"@type":"CommentAction","name":"Comment","target":["https:\/\/www.info-algerie.com\/actualites\/la-consolidation-du-front-interne-passe-par-un-interet-serieux-aux-zones-frontalieres-union\/#respond"]}]},{"@type":"WebPage","@id":"https:\/\/www.info-algerie.com\/actualites\/la-consolidation-du-front-interne-passe-par-un-interet-serieux-aux-zones-frontalieres-union\/","url":"https:\/\/www.info-algerie.com\/actualites\/la-consolidation-du-front-interne-passe-par-un-interet-serieux-aux-zones-frontalieres-union\/","name":"La consolidation du Front interne passe par un &quot;int\u00e9r\u00eat s\u00e9rieux&quot; aux zones frontali\u00e8res (Union) - info algerie","isPartOf":{"@id":"https:\/\/www.info-algerie.com\/actualites\/#website"},"datePublished":"2017-11-19T08:32:06+00:00","breadcrumb":{"@id":"https:\/\/www.info-algerie.com\/actualites\/la-consolidation-du-front-interne-passe-par-un-interet-serieux-aux-zones-frontalieres-union\/#breadcrumb"},"inLanguage":"fr-FR","potentialAction":[{"@type":"ReadAction","target":["https:\/\/www.info-algerie.com\/actualites\/la-consolidation-du-front-interne-passe-par-un-interet-serieux-aux-zones-frontalieres-union\/"]}]},{"@type":"BreadcrumbList","@id":"https:\/\/www.info-algerie.com\/actualites\/la-consolidation-du-front-interne-passe-par-un-interet-serieux-aux-zones-frontalieres-union\/#breadcrumb","itemListElement":[{"@type":"ListItem","position":1,"name":"Accueil","item":"https:\/\/www.info-algerie.com\/actualites\/"},{"@type":"ListItem","position":2,"name":"La consolidation du Front interne passe par un &quot;int\u00e9r\u00eat s\u00e9rieux&quot; aux zones frontali\u00e8res (Union)"}]},{"@type":"WebSite","@id":"https:\/\/www.info-algerie.com\/actualites\/#website","url":"https:\/\/www.info-algerie.com\/actualites\/","name":"info algerie","description":"Toutes les actualit\u00e9s","publisher":{"@id":"https:\/\/www.info-algerie.com\/actualites\/#organization"},"potentialAction":[{"@type":"SearchAction","target":{"@type":"EntryPoint","urlTemplate":"https:\/\/www.info-algerie.com\/actualites\/?s={search_term_string}"},"query-input":{"@type":"PropertyValueSpecification","valueRequired":true,"valueName":"search_term_string"}}],"inLanguage":"fr-FR"},{"@type":"Organization","@id":"https:\/\/www.info-algerie.com\/actualites\/#organization","name":"info algerie","url":"https:\/\/www.info-algerie.com\/actualites\/","logo":{"@type":"ImageObject","inLanguage":"fr-FR","@id":"https:\/\/www.info-algerie.com\/actualites\/#\/schema\/logo\/image\/","url":"https:\/\/www.info-algerie.com\/actualites\/wp-content\/uploads\/2022\/07\/logo-ia-120.png","contentUrl":"https:\/\/www.info-algerie.com\/actualites\/wp-content\/uploads\/2022\/07\/logo-ia-120.png","width":120,"height":43,"caption":"info algerie"},"image":{"@id":"https:\/\/www.info-algerie.com\/actualites\/#\/schema\/logo\/image\/"},"sameAs":["https:\/\/www.facebook.com\/infoalgerieactu","https:\/\/x.com\/infoalgerie1"]},{"@type":"Person","@id":"https:\/\/www.info-algerie.com\/actualites\/#\/schema\/person\/847aaec44920825b843a08f30ec6aa1e","name":"La r\u00e9daction","image":{"@type":"ImageObject","inLanguage":"fr-FR","@id":"https:\/\/secure.gravatar.com\/avatar\/769db425c6f465158149f1ffd6cf61ce7a8a879d11dfbef8288af36dfddd418c?s=96&d=mm&r=g","url":"https:\/\/secure.gravatar.com\/avatar\/769db425c6f465158149f1ffd6cf61ce7a8a879d11dfbef8288af36dfddd418c?s=96&d=mm&r=g","contentUrl":"https:\/\/secure.gravatar.com\/avatar\/769db425c6f465158149f1ffd6cf61ce7a8a879d11dfbef8288af36dfddd418c?s=96&d=mm&r=g","caption":"La r\u00e9daction"},"sameAs":["http:\/\/www.lkeria.com\/"],"url":"https:\/\/www.info-algerie.com\/actualites\/author\/chakib32\/"}]}},"_links":{"self":[{"href":"https:\/\/www.info-algerie.com\/actualites\/wp-json\/wp\/v2\/posts\/18180","targetHints":{"allow":["GET"]}}],"collection":[{"href":"https:\/\/www.info-algerie.com\/actualites\/wp-json\/wp\/v2\/posts"}],"about":[{"href":"https:\/\/www.info-algerie.com\/actualites\/wp-json\/wp\/v2\/types\/post"}],"author":[{"embeddable":true,"href":"https:\/\/www.info-algerie.com\/actualites\/wp-json\/wp\/v2\/users\/6"}],"replies":[{"embeddable":true,"href":"https:\/\/www.info-algerie.com\/actualites\/wp-json\/wp\/v2\/comments?post=18180"}],"version-history":[{"count":0,"href":"https:\/\/www.info-algerie.com\/actualites\/wp-json\/wp\/v2\/posts\/18180\/revisions"}],"wp:attachment":[{"href":"https:\/\/www.info-algerie.com\/actualites\/wp-json\/wp\/v2\/media?parent=18180"}],"wp:term":[{"taxonomy":"category","embeddable":true,"href":"https:\/\/www.info-algerie.com\/actualites\/wp-json\/wp\/v2\/categories?post=18180"},{"taxonomy":"post_tag","embeddable":true,"href":"https:\/\/www.info-algerie.com\/actualites\/wp-json\/wp\/v2\/tags?post=18180"}],"curies":[{"name":"wp","href":"https:\/\/api.w.org\/{rel}","templated":true}]}}