{"id":18184,"date":"2017-11-19T11:16:14","date_gmt":"2017-11-19T10:16:14","guid":{"rendered":"http:\/\/www.info-algerie.com\/actualites\/belkacem-sahli-en-faveur-de-lintroduction-du-principe-de-la-prospective-dans-la-gouvernance-locale\/"},"modified":"2017-11-19T11:16:14","modified_gmt":"2017-11-19T10:16:14","slug":"belkacem-sahli-en-faveur-de-lintroduction-du-principe-de-la-prospective-dans-la-gouvernance-locale","status":"publish","type":"post","link":"https:\/\/www.info-algerie.com\/actualites\/belkacem-sahli-en-faveur-de-lintroduction-du-principe-de-la-prospective-dans-la-gouvernance-locale\/","title":{"rendered":"Belkacem Sahli en faveur de l\u2019introduction du principe de la prospective dans la gouvernance locale"},"content":{"rendered":"<div class=\"K2FeedIntroText\">\n<p>GUELMA &#8211; Le secr\u00e9taire g\u00e9n\u00e9ral de l\u2019Alliance nationale r\u00e9publicaine (ANR), Belkacem Sahli, s&rsquo;est dit samedi\u00a0 soir \u00e0 Guelma en faveur de l\u2019introduction du principe de la \u00ab\u00a0prospective dans la gouvernance locale des communes\u00a0\u00bb.<\/p>\n<p>&#013;\n<\/p><\/div>\n<div class=\"K2FeedFullText\">&#013;<\/p>\n<p>M. Sahli, qui animait un meeting au th\u00e9\u00e2tre r\u00e9gional Mahmoud Triki dans le cadre de la campagne \u00e9lectorale en perspective des \u00e9lections locales du 23 novembre, a estim\u00e9 que les r\u00e9formes profondes qui seront inclues dans les codes communal et de wilaya, exigent que l&rsquo;\u00e9lu local soit \u00ab\u00a0capable de\u00a0pr\u00e9voir une vision de d\u00e9veloppement pour la commune sur une dur\u00e9e d\u2019au moins cinq ans\u2019\u2019.<\/p>\n<p>&#013;<\/p>\n<p>Ce m\u00eame responsable partisan a ajout\u00e9 que le fait que les anciens \u00e9lus ne jouissaient pas d\u2019un \u2018\u2018esprit prospectif a \u00e9t\u00e9 \u00e0 l\u2019origine directe du manque d&rsquo;infrastructures \u00e9ducatives, sanitaires et de loisirs\u00a0\u00bb dans les grands quartiers r\u00e9sidentiels r\u00e9alis\u00e9s dans le cadre du programme du\u00a0pr\u00e9sident de la R\u00e9publique Abdelaziz Bouteflika, ajoutant que l&rsquo;\u00e9lu local est responsable de l&rsquo;am\u00e9lioration du cadre de vie des citoyens \u00e0 travers des propositions de projets essentiels \u00e0 ces quartiers.<\/p>\n<p>&#013;<\/p>\n<p>M. Sahli a consid\u00e9r\u00e9, par ailleurs, que le futur \u00e9lu local doit avoir les caract\u00e9ristiques d\u2019un \u2018\u2018manager moderne\u2019\u2019 conscient des d\u00e9fis d\u00e9veloppementaux, sociaux et politiques, indiquant qu\u2019il est en mesure de donner une vision mod\u00e8le \u00e0 sa commune \u00e0 travers sa participation aux programmes mis en place par les autorit\u00e9s publiques dans le cadre de la coop\u00e9ration internationale, notamment la signature \u00ab\u00a0d&rsquo;accords de jumelage\u00a0\u00bb avec des communes de pays \u00e9trangers.<\/p>\n<p>&#013;<\/p>\n<p>Le secr\u00e9taire g\u00e9n\u00e9ral de l\u2019alliance nationale r\u00e9publicaine a r\u00e9sum\u00e9 les prochains d\u00e9fis auxquels sera confront\u00e9 l\u2019\u00e9lu local \u00e0 3 d\u00e9fis majeurs, relatifs \u00e0 la concr\u00e9tisation du concept de d\u00e9mocratie participative en impliquant diff\u00e9rentes cat\u00e9gories dans la gestion des affaires publiques,\u00a0\u00ab\u00a0l&rsquo;am\u00e9lioration du climat des affaires\u00a0\u00bb pour attirer les investisseurs nationaux et \u00e9trangers, en plus d\u2019accompagner la dynamique sociale et cr\u00e9er des \u00ab\u00a0passerelles d\u2019interactivit\u00e9 avec les citoyens\u00a0\u00bb.<\/p>\n<p>&#013;<\/p>\n<p>M. Sahli a exhort\u00e9, enfin, les citoyens \u00e0 voter massivement aux \u00e9lections locales en choisissant \u00a0\u00bbdes candidats comp\u00e9tents, capables de relever les d\u00e9fis du d\u00e9veloppement\u00a0\u00bb.<\/p>\n<\/div>\n<p>&#013;<br \/>\nSource: <a href=\"http:\/\/www.aps.dz\/algerie\/65866-belkacem-sahli-en-faveur-de-l-introduction-du-principe-de-la-prospective-dans-la-gouvernance-locale\" target=\"_blank\">Belkacem Sahli en faveur de l\u2019introduction du principe de la prospective dans la gouvernance locale<\/a><\/p>\n<!--CusAds0-->\n<div style=\"font-size: 0px; height: 0px; line-height: 0px; margin: 0; padding: 0; clear: both;\"><\/div>","protected":false},"excerpt":{"rendered":"<p>GUELMA &#8211; Le secr\u00e9taire g\u00e9n\u00e9ral de l\u2019Alliance nationale r\u00e9publicaine (ANR), Belkacem Sahli, s&rsquo;est dit samedi\u00a0 soir \u00e0 Guelma en faveur de l\u2019introduction du principe de la \u00ab\u00a0prospective dans la gouvernance locale des communes\u00a0\u00bb. &#013; &#013; M. Sahli, qui animait un meeting au th\u00e9\u00e2tre r\u00e9gional Mahmoud Triki dans le cadre de la campagne \u00e9lectorale en perspective<\/p>\n","protected":false},"author":6,"featured_media":0,"comment_status":"open","ping_status":"open","sticky":false,"template":"","format":"standard","meta":{"footnotes":""},"categories":[22],"tags":[93],"class_list":["post-18184","post","type-post","status-publish","format-standard","hentry","category-infos","tag-onu"],"yoast_head":"<!-- This site is optimized with the Yoast SEO plugin v27.4 - https:\/\/yoast.com\/product\/yoast-seo-wordpress\/ -->\n<title>Belkacem Sahli en faveur de l\u2019introduction du principe de la prospective dans la gouvernance locale - info algerie<\/title>\n<meta name=\"robots\" content=\"index, follow, max-snippet:-1, max-image-preview:large, max-video-preview:-1\" \/>\n<link rel=\"canonical\" href=\"https:\/\/www.info-algerie.com\/actualites\/belkacem-sahli-en-faveur-de-lintroduction-du-principe-de-la-prospective-dans-la-gouvernance-locale\/\" \/>\n<meta property=\"og:locale\" content=\"fr_FR\" \/>\n<meta property=\"og:type\" content=\"article\" \/>\n<meta property=\"og:title\" content=\"Belkacem Sahli en faveur de l\u2019introduction du principe de la prospective dans la gouvernance locale - info algerie\" \/>\n<meta property=\"og:description\" content=\"GUELMA &#8211; Le secr\u00e9taire g\u00e9n\u00e9ral de l\u2019Alliance nationale r\u00e9publicaine (ANR), Belkacem Sahli, s&rsquo;est dit samedi\u00a0 soir \u00e0 Guelma en faveur de l\u2019introduction du principe de la \u00ab\u00a0prospective dans la gouvernance locale des communes\u00a0\u00bb. &#013; &#013; M. Sahli, qui animait un meeting au th\u00e9\u00e2tre r\u00e9gional Mahmoud Triki dans le cadre de la campagne \u00e9lectorale en perspective\" \/>\n<meta property=\"og:url\" content=\"https:\/\/www.info-algerie.com\/actualites\/belkacem-sahli-en-faveur-de-lintroduction-du-principe-de-la-prospective-dans-la-gouvernance-locale\/\" \/>\n<meta property=\"og:site_name\" content=\"info algerie\" \/>\n<meta property=\"article:publisher\" content=\"https:\/\/www.facebook.com\/infoalgerieactu\" \/>\n<meta property=\"article:published_time\" content=\"2017-11-19T10:16:14+00:00\" \/>\n<meta name=\"author\" content=\"La r\u00e9daction\" \/>\n<meta name=\"twitter:label1\" content=\"\u00c9crit par\" \/>\n\t<meta name=\"twitter:data1\" content=\"La r\u00e9daction\" \/>\n\t<meta name=\"twitter:label2\" content=\"Dur\u00e9e de lecture estim\u00e9e\" \/>\n\t<meta name=\"twitter:data2\" content=\"2 minutes\" \/>\n<script type=\"application\/ld+json\" class=\"yoast-schema-graph\">{\"@context\":\"https:\\\/\\\/schema.org\",\"@graph\":[{\"@type\":\"Article\",\"@id\":\"https:\\\/\\\/www.info-algerie.com\\\/actualites\\\/belkacem-sahli-en-faveur-de-lintroduction-du-principe-de-la-prospective-dans-la-gouvernance-locale\\\/#article\",\"isPartOf\":{\"@id\":\"https:\\\/\\\/www.info-algerie.com\\\/actualites\\\/belkacem-sahli-en-faveur-de-lintroduction-du-principe-de-la-prospective-dans-la-gouvernance-locale\\\/\"},\"author\":{\"name\":\"La r\u00e9daction\",\"@id\":\"https:\\\/\\\/www.info-algerie.com\\\/actualites\\\/#\\\/schema\\\/person\\\/847aaec44920825b843a08f30ec6aa1e\"},\"headline\":\"Belkacem Sahli en faveur de l\u2019introduction du principe de la prospective dans la gouvernance locale\",\"datePublished\":\"2017-11-19T10:16:14+00:00\",\"mainEntityOfPage\":{\"@id\":\"https:\\\/\\\/www.info-algerie.com\\\/actualites\\\/belkacem-sahli-en-faveur-de-lintroduction-du-principe-de-la-prospective-dans-la-gouvernance-locale\\\/\"},\"wordCount\":412,\"commentCount\":0,\"publisher\":{\"@id\":\"https:\\\/\\\/www.info-algerie.com\\\/actualites\\\/#organization\"},\"keywords\":[\"ONU\"],\"articleSection\":[\"infos\"],\"inLanguage\":\"fr-FR\",\"potentialAction\":[{\"@type\":\"CommentAction\",\"name\":\"Comment\",\"target\":[\"https:\\\/\\\/www.info-algerie.com\\\/actualites\\\/belkacem-sahli-en-faveur-de-lintroduction-du-principe-de-la-prospective-dans-la-gouvernance-locale\\\/#respond\"]}]},{\"@type\":\"WebPage\",\"@id\":\"https:\\\/\\\/www.info-algerie.com\\\/actualites\\\/belkacem-sahli-en-faveur-de-lintroduction-du-principe-de-la-prospective-dans-la-gouvernance-locale\\\/\",\"url\":\"https:\\\/\\\/www.info-algerie.com\\\/actualites\\\/belkacem-sahli-en-faveur-de-lintroduction-du-principe-de-la-prospective-dans-la-gouvernance-locale\\\/\",\"name\":\"Belkacem Sahli en faveur de l\u2019introduction du principe de la prospective dans la gouvernance locale - info algerie\",\"isPartOf\":{\"@id\":\"https:\\\/\\\/www.info-algerie.com\\\/actualites\\\/#website\"},\"datePublished\":\"2017-11-19T10:16:14+00:00\",\"breadcrumb\":{\"@id\":\"https:\\\/\\\/www.info-algerie.com\\\/actualites\\\/belkacem-sahli-en-faveur-de-lintroduction-du-principe-de-la-prospective-dans-la-gouvernance-locale\\\/#breadcrumb\"},\"inLanguage\":\"fr-FR\",\"potentialAction\":[{\"@type\":\"ReadAction\",\"target\":[\"https:\\\/\\\/www.info-algerie.com\\\/actualites\\\/belkacem-sahli-en-faveur-de-lintroduction-du-principe-de-la-prospective-dans-la-gouvernance-locale\\\/\"]}]},{\"@type\":\"BreadcrumbList\",\"@id\":\"https:\\\/\\\/www.info-algerie.com\\\/actualites\\\/belkacem-sahli-en-faveur-de-lintroduction-du-principe-de-la-prospective-dans-la-gouvernance-locale\\\/#breadcrumb\",\"itemListElement\":[{\"@type\":\"ListItem\",\"position\":1,\"name\":\"Accueil\",\"item\":\"https:\\\/\\\/www.info-algerie.com\\\/actualites\\\/\"},{\"@type\":\"ListItem\",\"position\":2,\"name\":\"Belkacem Sahli en faveur de l\u2019introduction du principe de la prospective dans la gouvernance locale\"}]},{\"@type\":\"WebSite\",\"@id\":\"https:\\\/\\\/www.info-algerie.com\\\/actualites\\\/#website\",\"url\":\"https:\\\/\\\/www.info-algerie.com\\\/actualites\\\/\",\"name\":\"info algerie\",\"description\":\"Toutes les actualit\u00e9s\",\"publisher\":{\"@id\":\"https:\\\/\\\/www.info-algerie.com\\\/actualites\\\/#organization\"},\"potentialAction\":[{\"@type\":\"SearchAction\",\"target\":{\"@type\":\"EntryPoint\",\"urlTemplate\":\"https:\\\/\\\/www.info-algerie.com\\\/actualites\\\/?s={search_term_string}\"},\"query-input\":{\"@type\":\"PropertyValueSpecification\",\"valueRequired\":true,\"valueName\":\"search_term_string\"}}],\"inLanguage\":\"fr-FR\"},{\"@type\":\"Organization\",\"@id\":\"https:\\\/\\\/www.info-algerie.com\\\/actualites\\\/#organization\",\"name\":\"info algerie\",\"url\":\"https:\\\/\\\/www.info-algerie.com\\\/actualites\\\/\",\"logo\":{\"@type\":\"ImageObject\",\"inLanguage\":\"fr-FR\",\"@id\":\"https:\\\/\\\/www.info-algerie.com\\\/actualites\\\/#\\\/schema\\\/logo\\\/image\\\/\",\"url\":\"https:\\\/\\\/www.info-algerie.com\\\/actualites\\\/wp-content\\\/uploads\\\/2022\\\/07\\\/logo-ia-120.png\",\"contentUrl\":\"https:\\\/\\\/www.info-algerie.com\\\/actualites\\\/wp-content\\\/uploads\\\/2022\\\/07\\\/logo-ia-120.png\",\"width\":120,\"height\":43,\"caption\":\"info algerie\"},\"image\":{\"@id\":\"https:\\\/\\\/www.info-algerie.com\\\/actualites\\\/#\\\/schema\\\/logo\\\/image\\\/\"},\"sameAs\":[\"https:\\\/\\\/www.facebook.com\\\/infoalgerieactu\",\"https:\\\/\\\/x.com\\\/infoalgerie1\"]},{\"@type\":\"Person\",\"@id\":\"https:\\\/\\\/www.info-algerie.com\\\/actualites\\\/#\\\/schema\\\/person\\\/847aaec44920825b843a08f30ec6aa1e\",\"name\":\"La r\u00e9daction\",\"image\":{\"@type\":\"ImageObject\",\"inLanguage\":\"fr-FR\",\"@id\":\"https:\\\/\\\/secure.gravatar.com\\\/avatar\\\/769db425c6f465158149f1ffd6cf61ce7a8a879d11dfbef8288af36dfddd418c?s=96&d=mm&r=g\",\"url\":\"https:\\\/\\\/secure.gravatar.com\\\/avatar\\\/769db425c6f465158149f1ffd6cf61ce7a8a879d11dfbef8288af36dfddd418c?s=96&d=mm&r=g\",\"contentUrl\":\"https:\\\/\\\/secure.gravatar.com\\\/avatar\\\/769db425c6f465158149f1ffd6cf61ce7a8a879d11dfbef8288af36dfddd418c?s=96&d=mm&r=g\",\"caption\":\"La r\u00e9daction\"},\"sameAs\":[\"http:\\\/\\\/www.lkeria.com\\\/\"],\"url\":\"https:\\\/\\\/www.info-algerie.com\\\/actualites\\\/author\\\/chakib32\\\/\"}]}<\/script>\n<!-- \/ Yoast SEO plugin. -->","yoast_head_json":{"title":"Belkacem Sahli en faveur de l\u2019introduction du principe de la prospective dans la gouvernance locale - info algerie","robots":{"index":"index","follow":"follow","max-snippet":"max-snippet:-1","max-image-preview":"max-image-preview:large","max-video-preview":"max-video-preview:-1"},"canonical":"https:\/\/www.info-algerie.com\/actualites\/belkacem-sahli-en-faveur-de-lintroduction-du-principe-de-la-prospective-dans-la-gouvernance-locale\/","og_locale":"fr_FR","og_type":"article","og_title":"Belkacem Sahli en faveur de l\u2019introduction du principe de la prospective dans la gouvernance locale - info algerie","og_description":"GUELMA &#8211; Le secr\u00e9taire g\u00e9n\u00e9ral de l\u2019Alliance nationale r\u00e9publicaine (ANR), Belkacem Sahli, s&rsquo;est dit samedi\u00a0 soir \u00e0 Guelma en faveur de l\u2019introduction du principe de la \u00ab\u00a0prospective dans la gouvernance locale des communes\u00a0\u00bb. &#013; &#013; M. Sahli, qui animait un meeting au th\u00e9\u00e2tre r\u00e9gional Mahmoud Triki dans le cadre de la campagne \u00e9lectorale en perspective","og_url":"https:\/\/www.info-algerie.com\/actualites\/belkacem-sahli-en-faveur-de-lintroduction-du-principe-de-la-prospective-dans-la-gouvernance-locale\/","og_site_name":"info algerie","article_publisher":"https:\/\/www.facebook.com\/infoalgerieactu","article_published_time":"2017-11-19T10:16:14+00:00","author":"La r\u00e9daction","twitter_misc":{"\u00c9crit par":"La r\u00e9daction","Dur\u00e9e de lecture estim\u00e9e":"2 minutes"},"schema":{"@context":"https:\/\/schema.org","@graph":[{"@type":"Article","@id":"https:\/\/www.info-algerie.com\/actualites\/belkacem-sahli-en-faveur-de-lintroduction-du-principe-de-la-prospective-dans-la-gouvernance-locale\/#article","isPartOf":{"@id":"https:\/\/www.info-algerie.com\/actualites\/belkacem-sahli-en-faveur-de-lintroduction-du-principe-de-la-prospective-dans-la-gouvernance-locale\/"},"author":{"name":"La r\u00e9daction","@id":"https:\/\/www.info-algerie.com\/actualites\/#\/schema\/person\/847aaec44920825b843a08f30ec6aa1e"},"headline":"Belkacem Sahli en faveur de l\u2019introduction du principe de la prospective dans la gouvernance locale","datePublished":"2017-11-19T10:16:14+00:00","mainEntityOfPage":{"@id":"https:\/\/www.info-algerie.com\/actualites\/belkacem-sahli-en-faveur-de-lintroduction-du-principe-de-la-prospective-dans-la-gouvernance-locale\/"},"wordCount":412,"commentCount":0,"publisher":{"@id":"https:\/\/www.info-algerie.com\/actualites\/#organization"},"keywords":["ONU"],"articleSection":["infos"],"inLanguage":"fr-FR","potentialAction":[{"@type":"CommentAction","name":"Comment","target":["https:\/\/www.info-algerie.com\/actualites\/belkacem-sahli-en-faveur-de-lintroduction-du-principe-de-la-prospective-dans-la-gouvernance-locale\/#respond"]}]},{"@type":"WebPage","@id":"https:\/\/www.info-algerie.com\/actualites\/belkacem-sahli-en-faveur-de-lintroduction-du-principe-de-la-prospective-dans-la-gouvernance-locale\/","url":"https:\/\/www.info-algerie.com\/actualites\/belkacem-sahli-en-faveur-de-lintroduction-du-principe-de-la-prospective-dans-la-gouvernance-locale\/","name":"Belkacem Sahli en faveur de l\u2019introduction du principe de la prospective dans la gouvernance locale - info algerie","isPartOf":{"@id":"https:\/\/www.info-algerie.com\/actualites\/#website"},"datePublished":"2017-11-19T10:16:14+00:00","breadcrumb":{"@id":"https:\/\/www.info-algerie.com\/actualites\/belkacem-sahli-en-faveur-de-lintroduction-du-principe-de-la-prospective-dans-la-gouvernance-locale\/#breadcrumb"},"inLanguage":"fr-FR","potentialAction":[{"@type":"ReadAction","target":["https:\/\/www.info-algerie.com\/actualites\/belkacem-sahli-en-faveur-de-lintroduction-du-principe-de-la-prospective-dans-la-gouvernance-locale\/"]}]},{"@type":"BreadcrumbList","@id":"https:\/\/www.info-algerie.com\/actualites\/belkacem-sahli-en-faveur-de-lintroduction-du-principe-de-la-prospective-dans-la-gouvernance-locale\/#breadcrumb","itemListElement":[{"@type":"ListItem","position":1,"name":"Accueil","item":"https:\/\/www.info-algerie.com\/actualites\/"},{"@type":"ListItem","position":2,"name":"Belkacem Sahli en faveur de l\u2019introduction du principe de la prospective dans la gouvernance locale"}]},{"@type":"WebSite","@id":"https:\/\/www.info-algerie.com\/actualites\/#website","url":"https:\/\/www.info-algerie.com\/actualites\/","name":"info algerie","description":"Toutes les actualit\u00e9s","publisher":{"@id":"https:\/\/www.info-algerie.com\/actualites\/#organization"},"potentialAction":[{"@type":"SearchAction","target":{"@type":"EntryPoint","urlTemplate":"https:\/\/www.info-algerie.com\/actualites\/?s={search_term_string}"},"query-input":{"@type":"PropertyValueSpecification","valueRequired":true,"valueName":"search_term_string"}}],"inLanguage":"fr-FR"},{"@type":"Organization","@id":"https:\/\/www.info-algerie.com\/actualites\/#organization","name":"info algerie","url":"https:\/\/www.info-algerie.com\/actualites\/","logo":{"@type":"ImageObject","inLanguage":"fr-FR","@id":"https:\/\/www.info-algerie.com\/actualites\/#\/schema\/logo\/image\/","url":"https:\/\/www.info-algerie.com\/actualites\/wp-content\/uploads\/2022\/07\/logo-ia-120.png","contentUrl":"https:\/\/www.info-algerie.com\/actualites\/wp-content\/uploads\/2022\/07\/logo-ia-120.png","width":120,"height":43,"caption":"info algerie"},"image":{"@id":"https:\/\/www.info-algerie.com\/actualites\/#\/schema\/logo\/image\/"},"sameAs":["https:\/\/www.facebook.com\/infoalgerieactu","https:\/\/x.com\/infoalgerie1"]},{"@type":"Person","@id":"https:\/\/www.info-algerie.com\/actualites\/#\/schema\/person\/847aaec44920825b843a08f30ec6aa1e","name":"La r\u00e9daction","image":{"@type":"ImageObject","inLanguage":"fr-FR","@id":"https:\/\/secure.gravatar.com\/avatar\/769db425c6f465158149f1ffd6cf61ce7a8a879d11dfbef8288af36dfddd418c?s=96&d=mm&r=g","url":"https:\/\/secure.gravatar.com\/avatar\/769db425c6f465158149f1ffd6cf61ce7a8a879d11dfbef8288af36dfddd418c?s=96&d=mm&r=g","contentUrl":"https:\/\/secure.gravatar.com\/avatar\/769db425c6f465158149f1ffd6cf61ce7a8a879d11dfbef8288af36dfddd418c?s=96&d=mm&r=g","caption":"La r\u00e9daction"},"sameAs":["http:\/\/www.lkeria.com\/"],"url":"https:\/\/www.info-algerie.com\/actualites\/author\/chakib32\/"}]}},"_links":{"self":[{"href":"https:\/\/www.info-algerie.com\/actualites\/wp-json\/wp\/v2\/posts\/18184","targetHints":{"allow":["GET"]}}],"collection":[{"href":"https:\/\/www.info-algerie.com\/actualites\/wp-json\/wp\/v2\/posts"}],"about":[{"href":"https:\/\/www.info-algerie.com\/actualites\/wp-json\/wp\/v2\/types\/post"}],"author":[{"embeddable":true,"href":"https:\/\/www.info-algerie.com\/actualites\/wp-json\/wp\/v2\/users\/6"}],"replies":[{"embeddable":true,"href":"https:\/\/www.info-algerie.com\/actualites\/wp-json\/wp\/v2\/comments?post=18184"}],"version-history":[{"count":0,"href":"https:\/\/www.info-algerie.com\/actualites\/wp-json\/wp\/v2\/posts\/18184\/revisions"}],"wp:attachment":[{"href":"https:\/\/www.info-algerie.com\/actualites\/wp-json\/wp\/v2\/media?parent=18184"}],"wp:term":[{"taxonomy":"category","embeddable":true,"href":"https:\/\/www.info-algerie.com\/actualites\/wp-json\/wp\/v2\/categories?post=18184"},{"taxonomy":"post_tag","embeddable":true,"href":"https:\/\/www.info-algerie.com\/actualites\/wp-json\/wp\/v2\/tags?post=18184"}],"curies":[{"name":"wp","href":"https:\/\/api.w.org\/{rel}","templated":true}]}}