{"id":18189,"date":"2017-11-19T11:47:42","date_gmt":"2017-11-19T10:47:42","guid":{"rendered":"http:\/\/www.info-algerie.com\/actualites\/aissa-belhadi-appelle-a-laccompagnement-et-lactivation-des-programmes-de-developpement\/"},"modified":"2017-11-19T11:47:42","modified_gmt":"2017-11-19T10:47:42","slug":"aissa-belhadi-appelle-a-laccompagnement-et-lactivation-des-programmes-de-developpement","status":"publish","type":"post","link":"https:\/\/www.info-algerie.com\/actualites\/aissa-belhadi-appelle-a-laccompagnement-et-lactivation-des-programmes-de-developpement\/","title":{"rendered":"Aissa Belhadi appelle \u00e0 l\u2019accompagnement et l&#039;activation des programmes de d\u00e9veloppement"},"content":{"rendered":"<div class=\"K2FeedIntroText\">\n<p class=\"MsoNoSpacing\">AIN TEMOUCHENT &#8211; Le secr\u00e9taire g\u00e9n\u00e9ral du Front de la bonne gouvernance (FBG), Aissa Belhadi a plaid\u00e9, samedi soir \u00e0 Ain T\u00e9mouchent, pour les choix de sa formation politique qui adopte l\u2019accompagnement et l&rsquo;activation des programme du d\u00e9veloppement comme bases essentielles dont ses candidats s\u2019engagent \u00e0 respecter.<\/p>\n<p>&#013;\n<\/p><\/div>\n<div class=\"K2FeedFullText\">&#013;<\/p>\n<p class=\"MsoNoSpacing\">Lors d\u2019un meeting anim\u00e9 \u00e0 la biblioth\u00e8que principale de lecture \u00ab\u00a0Malek Bennabi\u00a0\u00bb dans le cadre de la campagne \u00e9lectorale pour les \u00e9lections locales, Aissa Blehadi a soulign\u00e9 que la commune est un trait d\u2019union entre l\u2019\u00e9lu et l\u2019administration, affirmant que le FBG oeuvre \u00e0 accompagner le citoyen par un bon accueil, \u00e0 prendre en charge ses probl\u00e8mes et \u00e0 adopter la franchise dans l&rsquo;accompagnement.<\/p>\n<p>&#013;<\/p>\n<p class=\"MsoNoSpacing\">Le secr\u00e9taire g\u00e9n\u00e9ral du FBG a ajout\u00e9 que l&rsquo;activation des programmes du d\u00e9veloppement est la base du programme du parti fond\u00e9 sur les principes de transparence et d&rsquo;int\u00e9grit\u00e9, signalant que le programme du FBG est pratique faisant du citoyen l\u2019axe principal de l\u2019\u00e9quation du d\u00e9veloppement.<\/p>\n<p>&#013;<\/p>\n<p class=\"MsoNoSpacing\">Le m\u00eame intervenant a rappel\u00e9 les bienfaits de la paix et de la s\u00e9curit\u00e9, conditions essentielles pour le d\u00e9veloppement et la prosp\u00e9rit\u00e9 concr\u00e9tis\u00e9es gr\u00e2ce \u00e0 l&rsquo;initiative du pr\u00e9sident de la R\u00e9publique, M. Abdelaziz Bouteflika portant sur la charte de la paix et de r\u00e9conciliation nationale ayant mis fin \u00e0 l&rsquo;effusion du sang, renforc\u00e9 la solidarit\u00e9 nationale et restaur\u00e9 la paix et la stabilit\u00e9.<\/p>\n<p>&#013;<\/p>\n<p>Le secr\u00e9taire g\u00e9n\u00e9ral du FBG a soulign\u00e9 que \u00ab\u00a0gr\u00e2ce \u00e0 la paix et la stabilit\u00e9, l\u2019Alg\u00e9rie a r\u00e9ussi \u00e0 pr\u00e9server ses institutions, son r\u00e9gime r\u00e9publicain et voil\u00e0 qu&rsquo;aujourd&rsquo;hui nous prenons part \u00e0 ce rendez-vous \u00e9lectoral et que notre parti pr\u00e9sente des candidats anim\u00e9s de volont\u00e9 de pr\u00e9server l\u2019int\u00e9r\u00eat g\u00e9n\u00e9ral et de r\u00e9aliser un lendemain meilleurs pour nos citoyens\u00a0\u00bb.<\/p>\n<\/div>\n<p>&#013;<br \/>\nSource: <a href=\"http:\/\/www.aps.dz\/algerie\/65873-aissa-belhadi-appelle-a-l-accompagnement-et-l-activation-des-programmes-de-developpement\" target=\"_blank\">Aissa Belhadi appelle \u00e0 l\u2019accompagnement et l&rsquo;activation des programmes de d\u00e9veloppement<\/a><\/p>\n<!--CusAds0-->\n<div style=\"font-size: 0px; height: 0px; line-height: 0px; margin: 0; padding: 0; clear: both;\"><\/div>","protected":false},"excerpt":{"rendered":"<p>AIN TEMOUCHENT &#8211; Le secr\u00e9taire g\u00e9n\u00e9ral du Front de la bonne gouvernance (FBG), Aissa Belhadi a plaid\u00e9, samedi soir \u00e0 Ain T\u00e9mouchent, pour les choix de sa formation politique qui adopte l\u2019accompagnement et l&rsquo;activation des programme du d\u00e9veloppement comme bases essentielles dont ses candidats s\u2019engagent \u00e0 respecter. &#013; &#013; Lors d\u2019un meeting anim\u00e9 \u00e0 la<\/p>\n","protected":false},"author":6,"featured_media":0,"comment_status":"open","ping_status":"open","sticky":false,"template":"","format":"standard","meta":{"footnotes":""},"categories":[22],"tags":[93],"class_list":["post-18189","post","type-post","status-publish","format-standard","hentry","category-infos","tag-onu"],"yoast_head":"<!-- This site is optimized with the Yoast SEO plugin v27.4 - https:\/\/yoast.com\/product\/yoast-seo-wordpress\/ -->\n<title>Aissa Belhadi appelle \u00e0 l\u2019accompagnement et l&#039;activation des programmes de d\u00e9veloppement - info algerie<\/title>\n<meta name=\"robots\" content=\"index, follow, max-snippet:-1, max-image-preview:large, max-video-preview:-1\" \/>\n<link rel=\"canonical\" href=\"https:\/\/www.info-algerie.com\/actualites\/aissa-belhadi-appelle-a-laccompagnement-et-lactivation-des-programmes-de-developpement\/\" \/>\n<meta property=\"og:locale\" content=\"fr_FR\" \/>\n<meta property=\"og:type\" content=\"article\" \/>\n<meta property=\"og:title\" content=\"Aissa Belhadi appelle \u00e0 l\u2019accompagnement et l&#039;activation des programmes de d\u00e9veloppement - info algerie\" \/>\n<meta property=\"og:description\" content=\"AIN TEMOUCHENT &#8211; Le secr\u00e9taire g\u00e9n\u00e9ral du Front de la bonne gouvernance (FBG), Aissa Belhadi a plaid\u00e9, samedi soir \u00e0 Ain T\u00e9mouchent, pour les choix de sa formation politique qui adopte l\u2019accompagnement et l&rsquo;activation des programme du d\u00e9veloppement comme bases essentielles dont ses candidats s\u2019engagent \u00e0 respecter. &#013; &#013; Lors d\u2019un meeting anim\u00e9 \u00e0 la\" \/>\n<meta property=\"og:url\" content=\"https:\/\/www.info-algerie.com\/actualites\/aissa-belhadi-appelle-a-laccompagnement-et-lactivation-des-programmes-de-developpement\/\" \/>\n<meta property=\"og:site_name\" content=\"info algerie\" \/>\n<meta property=\"article:publisher\" content=\"https:\/\/www.facebook.com\/infoalgerieactu\" \/>\n<meta property=\"article:published_time\" content=\"2017-11-19T10:47:42+00:00\" \/>\n<meta name=\"author\" content=\"La r\u00e9daction\" \/>\n<meta name=\"twitter:label1\" content=\"\u00c9crit par\" \/>\n\t<meta name=\"twitter:data1\" content=\"La r\u00e9daction\" \/>\n\t<meta name=\"twitter:label2\" content=\"Dur\u00e9e de lecture estim\u00e9e\" \/>\n\t<meta name=\"twitter:data2\" content=\"2 minutes\" \/>\n<script type=\"application\/ld+json\" class=\"yoast-schema-graph\">{\"@context\":\"https:\\\/\\\/schema.org\",\"@graph\":[{\"@type\":\"Article\",\"@id\":\"https:\\\/\\\/www.info-algerie.com\\\/actualites\\\/aissa-belhadi-appelle-a-laccompagnement-et-lactivation-des-programmes-de-developpement\\\/#article\",\"isPartOf\":{\"@id\":\"https:\\\/\\\/www.info-algerie.com\\\/actualites\\\/aissa-belhadi-appelle-a-laccompagnement-et-lactivation-des-programmes-de-developpement\\\/\"},\"author\":{\"name\":\"La r\u00e9daction\",\"@id\":\"https:\\\/\\\/www.info-algerie.com\\\/actualites\\\/#\\\/schema\\\/person\\\/847aaec44920825b843a08f30ec6aa1e\"},\"headline\":\"Aissa Belhadi appelle \u00e0 l\u2019accompagnement et l&#039;activation des programmes de d\u00e9veloppement\",\"datePublished\":\"2017-11-19T10:47:42+00:00\",\"mainEntityOfPage\":{\"@id\":\"https:\\\/\\\/www.info-algerie.com\\\/actualites\\\/aissa-belhadi-appelle-a-laccompagnement-et-lactivation-des-programmes-de-developpement\\\/\"},\"wordCount\":351,\"commentCount\":0,\"publisher\":{\"@id\":\"https:\\\/\\\/www.info-algerie.com\\\/actualites\\\/#organization\"},\"keywords\":[\"ONU\"],\"articleSection\":[\"infos\"],\"inLanguage\":\"fr-FR\",\"potentialAction\":[{\"@type\":\"CommentAction\",\"name\":\"Comment\",\"target\":[\"https:\\\/\\\/www.info-algerie.com\\\/actualites\\\/aissa-belhadi-appelle-a-laccompagnement-et-lactivation-des-programmes-de-developpement\\\/#respond\"]}]},{\"@type\":\"WebPage\",\"@id\":\"https:\\\/\\\/www.info-algerie.com\\\/actualites\\\/aissa-belhadi-appelle-a-laccompagnement-et-lactivation-des-programmes-de-developpement\\\/\",\"url\":\"https:\\\/\\\/www.info-algerie.com\\\/actualites\\\/aissa-belhadi-appelle-a-laccompagnement-et-lactivation-des-programmes-de-developpement\\\/\",\"name\":\"Aissa Belhadi appelle \u00e0 l\u2019accompagnement et l&#039;activation des programmes de d\u00e9veloppement - info algerie\",\"isPartOf\":{\"@id\":\"https:\\\/\\\/www.info-algerie.com\\\/actualites\\\/#website\"},\"datePublished\":\"2017-11-19T10:47:42+00:00\",\"breadcrumb\":{\"@id\":\"https:\\\/\\\/www.info-algerie.com\\\/actualites\\\/aissa-belhadi-appelle-a-laccompagnement-et-lactivation-des-programmes-de-developpement\\\/#breadcrumb\"},\"inLanguage\":\"fr-FR\",\"potentialAction\":[{\"@type\":\"ReadAction\",\"target\":[\"https:\\\/\\\/www.info-algerie.com\\\/actualites\\\/aissa-belhadi-appelle-a-laccompagnement-et-lactivation-des-programmes-de-developpement\\\/\"]}]},{\"@type\":\"BreadcrumbList\",\"@id\":\"https:\\\/\\\/www.info-algerie.com\\\/actualites\\\/aissa-belhadi-appelle-a-laccompagnement-et-lactivation-des-programmes-de-developpement\\\/#breadcrumb\",\"itemListElement\":[{\"@type\":\"ListItem\",\"position\":1,\"name\":\"Accueil\",\"item\":\"https:\\\/\\\/www.info-algerie.com\\\/actualites\\\/\"},{\"@type\":\"ListItem\",\"position\":2,\"name\":\"Aissa Belhadi appelle \u00e0 l\u2019accompagnement et l&#039;activation des programmes de d\u00e9veloppement\"}]},{\"@type\":\"WebSite\",\"@id\":\"https:\\\/\\\/www.info-algerie.com\\\/actualites\\\/#website\",\"url\":\"https:\\\/\\\/www.info-algerie.com\\\/actualites\\\/\",\"name\":\"info algerie\",\"description\":\"Toutes les actualit\u00e9s\",\"publisher\":{\"@id\":\"https:\\\/\\\/www.info-algerie.com\\\/actualites\\\/#organization\"},\"potentialAction\":[{\"@type\":\"SearchAction\",\"target\":{\"@type\":\"EntryPoint\",\"urlTemplate\":\"https:\\\/\\\/www.info-algerie.com\\\/actualites\\\/?s={search_term_string}\"},\"query-input\":{\"@type\":\"PropertyValueSpecification\",\"valueRequired\":true,\"valueName\":\"search_term_string\"}}],\"inLanguage\":\"fr-FR\"},{\"@type\":\"Organization\",\"@id\":\"https:\\\/\\\/www.info-algerie.com\\\/actualites\\\/#organization\",\"name\":\"info algerie\",\"url\":\"https:\\\/\\\/www.info-algerie.com\\\/actualites\\\/\",\"logo\":{\"@type\":\"ImageObject\",\"inLanguage\":\"fr-FR\",\"@id\":\"https:\\\/\\\/www.info-algerie.com\\\/actualites\\\/#\\\/schema\\\/logo\\\/image\\\/\",\"url\":\"https:\\\/\\\/www.info-algerie.com\\\/actualites\\\/wp-content\\\/uploads\\\/2022\\\/07\\\/logo-ia-120.png\",\"contentUrl\":\"https:\\\/\\\/www.info-algerie.com\\\/actualites\\\/wp-content\\\/uploads\\\/2022\\\/07\\\/logo-ia-120.png\",\"width\":120,\"height\":43,\"caption\":\"info algerie\"},\"image\":{\"@id\":\"https:\\\/\\\/www.info-algerie.com\\\/actualites\\\/#\\\/schema\\\/logo\\\/image\\\/\"},\"sameAs\":[\"https:\\\/\\\/www.facebook.com\\\/infoalgerieactu\",\"https:\\\/\\\/x.com\\\/infoalgerie1\"]},{\"@type\":\"Person\",\"@id\":\"https:\\\/\\\/www.info-algerie.com\\\/actualites\\\/#\\\/schema\\\/person\\\/847aaec44920825b843a08f30ec6aa1e\",\"name\":\"La r\u00e9daction\",\"image\":{\"@type\":\"ImageObject\",\"inLanguage\":\"fr-FR\",\"@id\":\"https:\\\/\\\/secure.gravatar.com\\\/avatar\\\/769db425c6f465158149f1ffd6cf61ce7a8a879d11dfbef8288af36dfddd418c?s=96&d=mm&r=g\",\"url\":\"https:\\\/\\\/secure.gravatar.com\\\/avatar\\\/769db425c6f465158149f1ffd6cf61ce7a8a879d11dfbef8288af36dfddd418c?s=96&d=mm&r=g\",\"contentUrl\":\"https:\\\/\\\/secure.gravatar.com\\\/avatar\\\/769db425c6f465158149f1ffd6cf61ce7a8a879d11dfbef8288af36dfddd418c?s=96&d=mm&r=g\",\"caption\":\"La r\u00e9daction\"},\"sameAs\":[\"http:\\\/\\\/www.lkeria.com\\\/\"],\"url\":\"https:\\\/\\\/www.info-algerie.com\\\/actualites\\\/author\\\/chakib32\\\/\"}]}<\/script>\n<!-- \/ Yoast SEO plugin. -->","yoast_head_json":{"title":"Aissa Belhadi appelle \u00e0 l\u2019accompagnement et l&#039;activation des programmes de d\u00e9veloppement - info algerie","robots":{"index":"index","follow":"follow","max-snippet":"max-snippet:-1","max-image-preview":"max-image-preview:large","max-video-preview":"max-video-preview:-1"},"canonical":"https:\/\/www.info-algerie.com\/actualites\/aissa-belhadi-appelle-a-laccompagnement-et-lactivation-des-programmes-de-developpement\/","og_locale":"fr_FR","og_type":"article","og_title":"Aissa Belhadi appelle \u00e0 l\u2019accompagnement et l&#039;activation des programmes de d\u00e9veloppement - info algerie","og_description":"AIN TEMOUCHENT &#8211; Le secr\u00e9taire g\u00e9n\u00e9ral du Front de la bonne gouvernance (FBG), Aissa Belhadi a plaid\u00e9, samedi soir \u00e0 Ain T\u00e9mouchent, pour les choix de sa formation politique qui adopte l\u2019accompagnement et l&rsquo;activation des programme du d\u00e9veloppement comme bases essentielles dont ses candidats s\u2019engagent \u00e0 respecter. &#013; &#013; Lors d\u2019un meeting anim\u00e9 \u00e0 la","og_url":"https:\/\/www.info-algerie.com\/actualites\/aissa-belhadi-appelle-a-laccompagnement-et-lactivation-des-programmes-de-developpement\/","og_site_name":"info algerie","article_publisher":"https:\/\/www.facebook.com\/infoalgerieactu","article_published_time":"2017-11-19T10:47:42+00:00","author":"La r\u00e9daction","twitter_misc":{"\u00c9crit par":"La r\u00e9daction","Dur\u00e9e de lecture estim\u00e9e":"2 minutes"},"schema":{"@context":"https:\/\/schema.org","@graph":[{"@type":"Article","@id":"https:\/\/www.info-algerie.com\/actualites\/aissa-belhadi-appelle-a-laccompagnement-et-lactivation-des-programmes-de-developpement\/#article","isPartOf":{"@id":"https:\/\/www.info-algerie.com\/actualites\/aissa-belhadi-appelle-a-laccompagnement-et-lactivation-des-programmes-de-developpement\/"},"author":{"name":"La r\u00e9daction","@id":"https:\/\/www.info-algerie.com\/actualites\/#\/schema\/person\/847aaec44920825b843a08f30ec6aa1e"},"headline":"Aissa Belhadi appelle \u00e0 l\u2019accompagnement et l&#039;activation des programmes de d\u00e9veloppement","datePublished":"2017-11-19T10:47:42+00:00","mainEntityOfPage":{"@id":"https:\/\/www.info-algerie.com\/actualites\/aissa-belhadi-appelle-a-laccompagnement-et-lactivation-des-programmes-de-developpement\/"},"wordCount":351,"commentCount":0,"publisher":{"@id":"https:\/\/www.info-algerie.com\/actualites\/#organization"},"keywords":["ONU"],"articleSection":["infos"],"inLanguage":"fr-FR","potentialAction":[{"@type":"CommentAction","name":"Comment","target":["https:\/\/www.info-algerie.com\/actualites\/aissa-belhadi-appelle-a-laccompagnement-et-lactivation-des-programmes-de-developpement\/#respond"]}]},{"@type":"WebPage","@id":"https:\/\/www.info-algerie.com\/actualites\/aissa-belhadi-appelle-a-laccompagnement-et-lactivation-des-programmes-de-developpement\/","url":"https:\/\/www.info-algerie.com\/actualites\/aissa-belhadi-appelle-a-laccompagnement-et-lactivation-des-programmes-de-developpement\/","name":"Aissa Belhadi appelle \u00e0 l\u2019accompagnement et l&#039;activation des programmes de d\u00e9veloppement - info algerie","isPartOf":{"@id":"https:\/\/www.info-algerie.com\/actualites\/#website"},"datePublished":"2017-11-19T10:47:42+00:00","breadcrumb":{"@id":"https:\/\/www.info-algerie.com\/actualites\/aissa-belhadi-appelle-a-laccompagnement-et-lactivation-des-programmes-de-developpement\/#breadcrumb"},"inLanguage":"fr-FR","potentialAction":[{"@type":"ReadAction","target":["https:\/\/www.info-algerie.com\/actualites\/aissa-belhadi-appelle-a-laccompagnement-et-lactivation-des-programmes-de-developpement\/"]}]},{"@type":"BreadcrumbList","@id":"https:\/\/www.info-algerie.com\/actualites\/aissa-belhadi-appelle-a-laccompagnement-et-lactivation-des-programmes-de-developpement\/#breadcrumb","itemListElement":[{"@type":"ListItem","position":1,"name":"Accueil","item":"https:\/\/www.info-algerie.com\/actualites\/"},{"@type":"ListItem","position":2,"name":"Aissa Belhadi appelle \u00e0 l\u2019accompagnement et l&#039;activation des programmes de d\u00e9veloppement"}]},{"@type":"WebSite","@id":"https:\/\/www.info-algerie.com\/actualites\/#website","url":"https:\/\/www.info-algerie.com\/actualites\/","name":"info algerie","description":"Toutes les actualit\u00e9s","publisher":{"@id":"https:\/\/www.info-algerie.com\/actualites\/#organization"},"potentialAction":[{"@type":"SearchAction","target":{"@type":"EntryPoint","urlTemplate":"https:\/\/www.info-algerie.com\/actualites\/?s={search_term_string}"},"query-input":{"@type":"PropertyValueSpecification","valueRequired":true,"valueName":"search_term_string"}}],"inLanguage":"fr-FR"},{"@type":"Organization","@id":"https:\/\/www.info-algerie.com\/actualites\/#organization","name":"info algerie","url":"https:\/\/www.info-algerie.com\/actualites\/","logo":{"@type":"ImageObject","inLanguage":"fr-FR","@id":"https:\/\/www.info-algerie.com\/actualites\/#\/schema\/logo\/image\/","url":"https:\/\/www.info-algerie.com\/actualites\/wp-content\/uploads\/2022\/07\/logo-ia-120.png","contentUrl":"https:\/\/www.info-algerie.com\/actualites\/wp-content\/uploads\/2022\/07\/logo-ia-120.png","width":120,"height":43,"caption":"info algerie"},"image":{"@id":"https:\/\/www.info-algerie.com\/actualites\/#\/schema\/logo\/image\/"},"sameAs":["https:\/\/www.facebook.com\/infoalgerieactu","https:\/\/x.com\/infoalgerie1"]},{"@type":"Person","@id":"https:\/\/www.info-algerie.com\/actualites\/#\/schema\/person\/847aaec44920825b843a08f30ec6aa1e","name":"La r\u00e9daction","image":{"@type":"ImageObject","inLanguage":"fr-FR","@id":"https:\/\/secure.gravatar.com\/avatar\/769db425c6f465158149f1ffd6cf61ce7a8a879d11dfbef8288af36dfddd418c?s=96&d=mm&r=g","url":"https:\/\/secure.gravatar.com\/avatar\/769db425c6f465158149f1ffd6cf61ce7a8a879d11dfbef8288af36dfddd418c?s=96&d=mm&r=g","contentUrl":"https:\/\/secure.gravatar.com\/avatar\/769db425c6f465158149f1ffd6cf61ce7a8a879d11dfbef8288af36dfddd418c?s=96&d=mm&r=g","caption":"La r\u00e9daction"},"sameAs":["http:\/\/www.lkeria.com\/"],"url":"https:\/\/www.info-algerie.com\/actualites\/author\/chakib32\/"}]}},"_links":{"self":[{"href":"https:\/\/www.info-algerie.com\/actualites\/wp-json\/wp\/v2\/posts\/18189","targetHints":{"allow":["GET"]}}],"collection":[{"href":"https:\/\/www.info-algerie.com\/actualites\/wp-json\/wp\/v2\/posts"}],"about":[{"href":"https:\/\/www.info-algerie.com\/actualites\/wp-json\/wp\/v2\/types\/post"}],"author":[{"embeddable":true,"href":"https:\/\/www.info-algerie.com\/actualites\/wp-json\/wp\/v2\/users\/6"}],"replies":[{"embeddable":true,"href":"https:\/\/www.info-algerie.com\/actualites\/wp-json\/wp\/v2\/comments?post=18189"}],"version-history":[{"count":0,"href":"https:\/\/www.info-algerie.com\/actualites\/wp-json\/wp\/v2\/posts\/18189\/revisions"}],"wp:attachment":[{"href":"https:\/\/www.info-algerie.com\/actualites\/wp-json\/wp\/v2\/media?parent=18189"}],"wp:term":[{"taxonomy":"category","embeddable":true,"href":"https:\/\/www.info-algerie.com\/actualites\/wp-json\/wp\/v2\/categories?post=18189"},{"taxonomy":"post_tag","embeddable":true,"href":"https:\/\/www.info-algerie.com\/actualites\/wp-json\/wp\/v2\/tags?post=18189"}],"curies":[{"name":"wp","href":"https:\/\/api.w.org\/{rel}","templated":true}]}}