{"id":18191,"date":"2017-11-19T13:15:43","date_gmt":"2017-11-19T12:15:43","guid":{"rendered":"http:\/\/www.info-algerie.com\/actualites\/depart-des-premieres-caravanes-de-bureaux-itinerants-vers-les-zones-eparses-du-grand-sud\/"},"modified":"2017-11-19T13:15:43","modified_gmt":"2017-11-19T12:15:43","slug":"depart-des-premieres-caravanes-de-bureaux-itinerants-vers-les-zones-eparses-du-grand-sud","status":"publish","type":"post","link":"https:\/\/www.info-algerie.com\/actualites\/depart-des-premieres-caravanes-de-bureaux-itinerants-vers-les-zones-eparses-du-grand-sud\/","title":{"rendered":"D\u00e9part des premi\u00e8res caravanes de bureaux itin\u00e9rants vers les zones \u00e9parses du Grand Sud"},"content":{"rendered":"<div class=\"K2FeedIntroText\">\n<p class=\"MsoNoSpacing\">OUARGLA- Les premi\u00e8res caravanes de bureaux itin\u00e9rants se sont \u00e9branl\u00e9es dans certaines wilayas du Grand Sud pour aller \u00e0 la rencontre des \u00e9lecteurs vivant en zones \u00e9parses et leur permettre de choisir leurs repr\u00e9sentants aux assembl\u00e9es locales, ont constat\u00e9 dimanche des journalistes de l\u2019APS.<\/p>\n<p>&#013;\n<\/p><\/div>\n<div class=\"K2FeedFullText\">&#013;<\/p>\n<p class=\"MsoNoSpacing\">Pr\u00e8s de 140 bureaux itin\u00e9rants sont retenus par l\u2019administration pour sillonner les zones \u00e9parses des wilayas du Sud, en majorit\u00e9 dans les wilayas de l\u2019extr\u00eame Sud telles qu\u2019Adrar (42 bureaux), Tamanrasset (34), El-Oued (21), Tindouf et Illizi (10 chacune), et Bechar et Laghouat (9\u00a0 chacune).<\/p>\n<p>&#013;<\/p>\n<p class=\"MsoNoSpacing\">Pour ces r\u00e9gions ou le scrutin est avanc\u00e9 r\u00e9glementairement d\u2019un maximum de 72 heures, plusieurs caravanes de bureaux itin\u00e9rants, dot\u00e9s du mobilier \u00e9lectoral et encadr\u00e9s par des agents administratifs et accompagn\u00e9s de repr\u00e9sentants de candidats, ont pris le d\u00e9part samedi \u00e0 l\u2019instar de Tindouf et Tamanrasset, et d\u2019autres ce dimanche comme c\u2019est le cas dans les wilayas de Tamanrasset et Illizi.<\/p>\n<p>&#013;<\/p>\n<p class=\"MsoNoSpacing\">L\u2019\u00e9tendue des territoires des wilayas du Sud, dont beaucoup de zones sont \u00e9loign\u00e9es et se trouvent \u00e0 des centaines de kilom\u00e8tres des si\u00e8ges de leur commune de rattachement, a contraint l\u2019administration \u00e0 mettre en place ces bureaux pour aller \u00e0 la rencontre des \u00e9lecteurs, souvent des populations nomades en fr\u00e9quentes transhumances.<\/p>\n<p>&#013;<\/p>\n<p class=\"MsoNoSpacing\">Les walis de 10 wilayas du pays ont \u00e9t\u00e9 autoris\u00e9s \u00e0 avancer la date d\u2019ouverture du scrutin relatif \u00e0 l&rsquo;\u00e9lection des membres des Assembl\u00e9es populaires communales et de wilayas (APC-APW), indique un arr\u00eat\u00e9 minist\u00e9riel, sign\u00e9 par le ministre de l\u2019Int\u00e9rieur, des Collectivit\u00e9s locales et de l\u2019Am\u00e9nagement du territoire, Noureddine Bedoui, paru au Journal officiel N 64.<\/p>\n<p>&#013;<\/p>\n<p class=\"MsoNoSpacing\">Les wilayas concern\u00e9es, dont la majorit\u00e9 se situe au sud du pays, sont Adrar, Laghouat, B\u00e9char, Tamanrasset, Ouargla, Illizi, Tindouf, El-Oued, Na\u00e2ma et Batna. Elles sont autoris\u00e9es \u00e0 avancer de soixante-douze (72) heures au maximum, la date d\u2019ouverture du scrutin pour l\u2019\u00e9lection des membres des APC-APW, selon l&rsquo;arr\u00eat\u00e9 minist\u00e9riel.<\/p>\n<p>&#013;<\/p>\n<p>Dans le cas o\u00f9 il est jug\u00e9 n\u00e9cessaire d&rsquo;adapter cette disposition aux sp\u00e9cificit\u00e9s locales, les walis des wilayas sus-cit\u00e9es peuvent avancer la date d&rsquo;ouverture du scrutin, selon le cas, soit de vingt-quatre (24) heures, soit de quarante-huit (48) heures, pr\u00e9cise l\u2019arr\u00eat\u00e9.<\/p>\n<\/div>\n<p>&#013;<br \/>\nSource: <a href=\"http:\/\/www.aps.dz\/algerie\/65882-depart-des-premieres-caravanes-de-bureaux-itinerants-vers-les-zones-eparses-du-grand-sud\" target=\"_blank\">D\u00e9part des premi\u00e8res caravanes de bureaux itin\u00e9rants vers les zones \u00e9parses du Grand Sud<\/a><\/p>\n<!--CusAds0-->\n<div style=\"font-size: 0px; height: 0px; line-height: 0px; margin: 0; padding: 0; clear: both;\"><\/div>","protected":false},"excerpt":{"rendered":"<p>OUARGLA- Les premi\u00e8res caravanes de bureaux itin\u00e9rants se sont \u00e9branl\u00e9es dans certaines wilayas du Grand Sud pour aller \u00e0 la rencontre des \u00e9lecteurs vivant en zones \u00e9parses et leur permettre de choisir leurs repr\u00e9sentants aux assembl\u00e9es locales, ont constat\u00e9 dimanche des journalistes de l\u2019APS. &#013; &#013; Pr\u00e8s de 140 bureaux itin\u00e9rants sont retenus par l\u2019administration<\/p>\n","protected":false},"author":6,"featured_media":0,"comment_status":"open","ping_status":"open","sticky":false,"template":"","format":"standard","meta":{"footnotes":""},"categories":[22],"tags":[93],"class_list":["post-18191","post","type-post","status-publish","format-standard","hentry","category-infos","tag-onu"],"yoast_head":"<!-- This site is optimized with the Yoast SEO plugin v27.4 - https:\/\/yoast.com\/product\/yoast-seo-wordpress\/ -->\n<title>D\u00e9part des premi\u00e8res caravanes de bureaux itin\u00e9rants vers les zones \u00e9parses du Grand Sud - info algerie<\/title>\n<meta name=\"robots\" content=\"index, follow, max-snippet:-1, max-image-preview:large, max-video-preview:-1\" \/>\n<link rel=\"canonical\" href=\"https:\/\/www.info-algerie.com\/actualites\/depart-des-premieres-caravanes-de-bureaux-itinerants-vers-les-zones-eparses-du-grand-sud\/\" \/>\n<meta property=\"og:locale\" content=\"fr_FR\" \/>\n<meta property=\"og:type\" content=\"article\" \/>\n<meta property=\"og:title\" content=\"D\u00e9part des premi\u00e8res caravanes de bureaux itin\u00e9rants vers les zones \u00e9parses du Grand Sud - info algerie\" \/>\n<meta property=\"og:description\" content=\"OUARGLA- Les premi\u00e8res caravanes de bureaux itin\u00e9rants se sont \u00e9branl\u00e9es dans certaines wilayas du Grand Sud pour aller \u00e0 la rencontre des \u00e9lecteurs vivant en zones \u00e9parses et leur permettre de choisir leurs repr\u00e9sentants aux assembl\u00e9es locales, ont constat\u00e9 dimanche des journalistes de l\u2019APS. &#013; &#013; Pr\u00e8s de 140 bureaux itin\u00e9rants sont retenus par l\u2019administration\" \/>\n<meta property=\"og:url\" content=\"https:\/\/www.info-algerie.com\/actualites\/depart-des-premieres-caravanes-de-bureaux-itinerants-vers-les-zones-eparses-du-grand-sud\/\" \/>\n<meta property=\"og:site_name\" content=\"info algerie\" \/>\n<meta property=\"article:publisher\" content=\"https:\/\/www.facebook.com\/infoalgerieactu\" \/>\n<meta property=\"article:published_time\" content=\"2017-11-19T12:15:43+00:00\" \/>\n<meta name=\"author\" content=\"La r\u00e9daction\" \/>\n<meta name=\"twitter:label1\" content=\"\u00c9crit par\" \/>\n\t<meta name=\"twitter:data1\" content=\"La r\u00e9daction\" \/>\n\t<meta name=\"twitter:label2\" content=\"Dur\u00e9e de lecture estim\u00e9e\" \/>\n\t<meta name=\"twitter:data2\" content=\"2 minutes\" \/>\n<script type=\"application\/ld+json\" class=\"yoast-schema-graph\">{\"@context\":\"https:\\\/\\\/schema.org\",\"@graph\":[{\"@type\":\"Article\",\"@id\":\"https:\\\/\\\/www.info-algerie.com\\\/actualites\\\/depart-des-premieres-caravanes-de-bureaux-itinerants-vers-les-zones-eparses-du-grand-sud\\\/#article\",\"isPartOf\":{\"@id\":\"https:\\\/\\\/www.info-algerie.com\\\/actualites\\\/depart-des-premieres-caravanes-de-bureaux-itinerants-vers-les-zones-eparses-du-grand-sud\\\/\"},\"author\":{\"name\":\"La r\u00e9daction\",\"@id\":\"https:\\\/\\\/www.info-algerie.com\\\/actualites\\\/#\\\/schema\\\/person\\\/847aaec44920825b843a08f30ec6aa1e\"},\"headline\":\"D\u00e9part des premi\u00e8res caravanes de bureaux itin\u00e9rants vers les zones \u00e9parses du Grand Sud\",\"datePublished\":\"2017-11-19T12:15:43+00:00\",\"mainEntityOfPage\":{\"@id\":\"https:\\\/\\\/www.info-algerie.com\\\/actualites\\\/depart-des-premieres-caravanes-de-bureaux-itinerants-vers-les-zones-eparses-du-grand-sud\\\/\"},\"wordCount\":421,\"commentCount\":0,\"publisher\":{\"@id\":\"https:\\\/\\\/www.info-algerie.com\\\/actualites\\\/#organization\"},\"keywords\":[\"ONU\"],\"articleSection\":[\"infos\"],\"inLanguage\":\"fr-FR\",\"potentialAction\":[{\"@type\":\"CommentAction\",\"name\":\"Comment\",\"target\":[\"https:\\\/\\\/www.info-algerie.com\\\/actualites\\\/depart-des-premieres-caravanes-de-bureaux-itinerants-vers-les-zones-eparses-du-grand-sud\\\/#respond\"]}]},{\"@type\":\"WebPage\",\"@id\":\"https:\\\/\\\/www.info-algerie.com\\\/actualites\\\/depart-des-premieres-caravanes-de-bureaux-itinerants-vers-les-zones-eparses-du-grand-sud\\\/\",\"url\":\"https:\\\/\\\/www.info-algerie.com\\\/actualites\\\/depart-des-premieres-caravanes-de-bureaux-itinerants-vers-les-zones-eparses-du-grand-sud\\\/\",\"name\":\"D\u00e9part des premi\u00e8res caravanes de bureaux itin\u00e9rants vers les zones \u00e9parses du Grand Sud - info algerie\",\"isPartOf\":{\"@id\":\"https:\\\/\\\/www.info-algerie.com\\\/actualites\\\/#website\"},\"datePublished\":\"2017-11-19T12:15:43+00:00\",\"breadcrumb\":{\"@id\":\"https:\\\/\\\/www.info-algerie.com\\\/actualites\\\/depart-des-premieres-caravanes-de-bureaux-itinerants-vers-les-zones-eparses-du-grand-sud\\\/#breadcrumb\"},\"inLanguage\":\"fr-FR\",\"potentialAction\":[{\"@type\":\"ReadAction\",\"target\":[\"https:\\\/\\\/www.info-algerie.com\\\/actualites\\\/depart-des-premieres-caravanes-de-bureaux-itinerants-vers-les-zones-eparses-du-grand-sud\\\/\"]}]},{\"@type\":\"BreadcrumbList\",\"@id\":\"https:\\\/\\\/www.info-algerie.com\\\/actualites\\\/depart-des-premieres-caravanes-de-bureaux-itinerants-vers-les-zones-eparses-du-grand-sud\\\/#breadcrumb\",\"itemListElement\":[{\"@type\":\"ListItem\",\"position\":1,\"name\":\"Accueil\",\"item\":\"https:\\\/\\\/www.info-algerie.com\\\/actualites\\\/\"},{\"@type\":\"ListItem\",\"position\":2,\"name\":\"D\u00e9part des premi\u00e8res caravanes de bureaux itin\u00e9rants vers les zones \u00e9parses du Grand Sud\"}]},{\"@type\":\"WebSite\",\"@id\":\"https:\\\/\\\/www.info-algerie.com\\\/actualites\\\/#website\",\"url\":\"https:\\\/\\\/www.info-algerie.com\\\/actualites\\\/\",\"name\":\"info algerie\",\"description\":\"Toutes les actualit\u00e9s\",\"publisher\":{\"@id\":\"https:\\\/\\\/www.info-algerie.com\\\/actualites\\\/#organization\"},\"potentialAction\":[{\"@type\":\"SearchAction\",\"target\":{\"@type\":\"EntryPoint\",\"urlTemplate\":\"https:\\\/\\\/www.info-algerie.com\\\/actualites\\\/?s={search_term_string}\"},\"query-input\":{\"@type\":\"PropertyValueSpecification\",\"valueRequired\":true,\"valueName\":\"search_term_string\"}}],\"inLanguage\":\"fr-FR\"},{\"@type\":\"Organization\",\"@id\":\"https:\\\/\\\/www.info-algerie.com\\\/actualites\\\/#organization\",\"name\":\"info algerie\",\"url\":\"https:\\\/\\\/www.info-algerie.com\\\/actualites\\\/\",\"logo\":{\"@type\":\"ImageObject\",\"inLanguage\":\"fr-FR\",\"@id\":\"https:\\\/\\\/www.info-algerie.com\\\/actualites\\\/#\\\/schema\\\/logo\\\/image\\\/\",\"url\":\"https:\\\/\\\/www.info-algerie.com\\\/actualites\\\/wp-content\\\/uploads\\\/2022\\\/07\\\/logo-ia-120.png\",\"contentUrl\":\"https:\\\/\\\/www.info-algerie.com\\\/actualites\\\/wp-content\\\/uploads\\\/2022\\\/07\\\/logo-ia-120.png\",\"width\":120,\"height\":43,\"caption\":\"info algerie\"},\"image\":{\"@id\":\"https:\\\/\\\/www.info-algerie.com\\\/actualites\\\/#\\\/schema\\\/logo\\\/image\\\/\"},\"sameAs\":[\"https:\\\/\\\/www.facebook.com\\\/infoalgerieactu\",\"https:\\\/\\\/x.com\\\/infoalgerie1\"]},{\"@type\":\"Person\",\"@id\":\"https:\\\/\\\/www.info-algerie.com\\\/actualites\\\/#\\\/schema\\\/person\\\/847aaec44920825b843a08f30ec6aa1e\",\"name\":\"La r\u00e9daction\",\"image\":{\"@type\":\"ImageObject\",\"inLanguage\":\"fr-FR\",\"@id\":\"https:\\\/\\\/secure.gravatar.com\\\/avatar\\\/769db425c6f465158149f1ffd6cf61ce7a8a879d11dfbef8288af36dfddd418c?s=96&d=mm&r=g\",\"url\":\"https:\\\/\\\/secure.gravatar.com\\\/avatar\\\/769db425c6f465158149f1ffd6cf61ce7a8a879d11dfbef8288af36dfddd418c?s=96&d=mm&r=g\",\"contentUrl\":\"https:\\\/\\\/secure.gravatar.com\\\/avatar\\\/769db425c6f465158149f1ffd6cf61ce7a8a879d11dfbef8288af36dfddd418c?s=96&d=mm&r=g\",\"caption\":\"La r\u00e9daction\"},\"sameAs\":[\"http:\\\/\\\/www.lkeria.com\\\/\"],\"url\":\"https:\\\/\\\/www.info-algerie.com\\\/actualites\\\/author\\\/chakib32\\\/\"}]}<\/script>\n<!-- \/ Yoast SEO plugin. -->","yoast_head_json":{"title":"D\u00e9part des premi\u00e8res caravanes de bureaux itin\u00e9rants vers les zones \u00e9parses du Grand Sud - info algerie","robots":{"index":"index","follow":"follow","max-snippet":"max-snippet:-1","max-image-preview":"max-image-preview:large","max-video-preview":"max-video-preview:-1"},"canonical":"https:\/\/www.info-algerie.com\/actualites\/depart-des-premieres-caravanes-de-bureaux-itinerants-vers-les-zones-eparses-du-grand-sud\/","og_locale":"fr_FR","og_type":"article","og_title":"D\u00e9part des premi\u00e8res caravanes de bureaux itin\u00e9rants vers les zones \u00e9parses du Grand Sud - info algerie","og_description":"OUARGLA- Les premi\u00e8res caravanes de bureaux itin\u00e9rants se sont \u00e9branl\u00e9es dans certaines wilayas du Grand Sud pour aller \u00e0 la rencontre des \u00e9lecteurs vivant en zones \u00e9parses et leur permettre de choisir leurs repr\u00e9sentants aux assembl\u00e9es locales, ont constat\u00e9 dimanche des journalistes de l\u2019APS. &#013; &#013; Pr\u00e8s de 140 bureaux itin\u00e9rants sont retenus par l\u2019administration","og_url":"https:\/\/www.info-algerie.com\/actualites\/depart-des-premieres-caravanes-de-bureaux-itinerants-vers-les-zones-eparses-du-grand-sud\/","og_site_name":"info algerie","article_publisher":"https:\/\/www.facebook.com\/infoalgerieactu","article_published_time":"2017-11-19T12:15:43+00:00","author":"La r\u00e9daction","twitter_misc":{"\u00c9crit par":"La r\u00e9daction","Dur\u00e9e de lecture estim\u00e9e":"2 minutes"},"schema":{"@context":"https:\/\/schema.org","@graph":[{"@type":"Article","@id":"https:\/\/www.info-algerie.com\/actualites\/depart-des-premieres-caravanes-de-bureaux-itinerants-vers-les-zones-eparses-du-grand-sud\/#article","isPartOf":{"@id":"https:\/\/www.info-algerie.com\/actualites\/depart-des-premieres-caravanes-de-bureaux-itinerants-vers-les-zones-eparses-du-grand-sud\/"},"author":{"name":"La r\u00e9daction","@id":"https:\/\/www.info-algerie.com\/actualites\/#\/schema\/person\/847aaec44920825b843a08f30ec6aa1e"},"headline":"D\u00e9part des premi\u00e8res caravanes de bureaux itin\u00e9rants vers les zones \u00e9parses du Grand Sud","datePublished":"2017-11-19T12:15:43+00:00","mainEntityOfPage":{"@id":"https:\/\/www.info-algerie.com\/actualites\/depart-des-premieres-caravanes-de-bureaux-itinerants-vers-les-zones-eparses-du-grand-sud\/"},"wordCount":421,"commentCount":0,"publisher":{"@id":"https:\/\/www.info-algerie.com\/actualites\/#organization"},"keywords":["ONU"],"articleSection":["infos"],"inLanguage":"fr-FR","potentialAction":[{"@type":"CommentAction","name":"Comment","target":["https:\/\/www.info-algerie.com\/actualites\/depart-des-premieres-caravanes-de-bureaux-itinerants-vers-les-zones-eparses-du-grand-sud\/#respond"]}]},{"@type":"WebPage","@id":"https:\/\/www.info-algerie.com\/actualites\/depart-des-premieres-caravanes-de-bureaux-itinerants-vers-les-zones-eparses-du-grand-sud\/","url":"https:\/\/www.info-algerie.com\/actualites\/depart-des-premieres-caravanes-de-bureaux-itinerants-vers-les-zones-eparses-du-grand-sud\/","name":"D\u00e9part des premi\u00e8res caravanes de bureaux itin\u00e9rants vers les zones \u00e9parses du Grand Sud - info algerie","isPartOf":{"@id":"https:\/\/www.info-algerie.com\/actualites\/#website"},"datePublished":"2017-11-19T12:15:43+00:00","breadcrumb":{"@id":"https:\/\/www.info-algerie.com\/actualites\/depart-des-premieres-caravanes-de-bureaux-itinerants-vers-les-zones-eparses-du-grand-sud\/#breadcrumb"},"inLanguage":"fr-FR","potentialAction":[{"@type":"ReadAction","target":["https:\/\/www.info-algerie.com\/actualites\/depart-des-premieres-caravanes-de-bureaux-itinerants-vers-les-zones-eparses-du-grand-sud\/"]}]},{"@type":"BreadcrumbList","@id":"https:\/\/www.info-algerie.com\/actualites\/depart-des-premieres-caravanes-de-bureaux-itinerants-vers-les-zones-eparses-du-grand-sud\/#breadcrumb","itemListElement":[{"@type":"ListItem","position":1,"name":"Accueil","item":"https:\/\/www.info-algerie.com\/actualites\/"},{"@type":"ListItem","position":2,"name":"D\u00e9part des premi\u00e8res caravanes de bureaux itin\u00e9rants vers les zones \u00e9parses du Grand Sud"}]},{"@type":"WebSite","@id":"https:\/\/www.info-algerie.com\/actualites\/#website","url":"https:\/\/www.info-algerie.com\/actualites\/","name":"info algerie","description":"Toutes les actualit\u00e9s","publisher":{"@id":"https:\/\/www.info-algerie.com\/actualites\/#organization"},"potentialAction":[{"@type":"SearchAction","target":{"@type":"EntryPoint","urlTemplate":"https:\/\/www.info-algerie.com\/actualites\/?s={search_term_string}"},"query-input":{"@type":"PropertyValueSpecification","valueRequired":true,"valueName":"search_term_string"}}],"inLanguage":"fr-FR"},{"@type":"Organization","@id":"https:\/\/www.info-algerie.com\/actualites\/#organization","name":"info algerie","url":"https:\/\/www.info-algerie.com\/actualites\/","logo":{"@type":"ImageObject","inLanguage":"fr-FR","@id":"https:\/\/www.info-algerie.com\/actualites\/#\/schema\/logo\/image\/","url":"https:\/\/www.info-algerie.com\/actualites\/wp-content\/uploads\/2022\/07\/logo-ia-120.png","contentUrl":"https:\/\/www.info-algerie.com\/actualites\/wp-content\/uploads\/2022\/07\/logo-ia-120.png","width":120,"height":43,"caption":"info algerie"},"image":{"@id":"https:\/\/www.info-algerie.com\/actualites\/#\/schema\/logo\/image\/"},"sameAs":["https:\/\/www.facebook.com\/infoalgerieactu","https:\/\/x.com\/infoalgerie1"]},{"@type":"Person","@id":"https:\/\/www.info-algerie.com\/actualites\/#\/schema\/person\/847aaec44920825b843a08f30ec6aa1e","name":"La r\u00e9daction","image":{"@type":"ImageObject","inLanguage":"fr-FR","@id":"https:\/\/secure.gravatar.com\/avatar\/769db425c6f465158149f1ffd6cf61ce7a8a879d11dfbef8288af36dfddd418c?s=96&d=mm&r=g","url":"https:\/\/secure.gravatar.com\/avatar\/769db425c6f465158149f1ffd6cf61ce7a8a879d11dfbef8288af36dfddd418c?s=96&d=mm&r=g","contentUrl":"https:\/\/secure.gravatar.com\/avatar\/769db425c6f465158149f1ffd6cf61ce7a8a879d11dfbef8288af36dfddd418c?s=96&d=mm&r=g","caption":"La r\u00e9daction"},"sameAs":["http:\/\/www.lkeria.com\/"],"url":"https:\/\/www.info-algerie.com\/actualites\/author\/chakib32\/"}]}},"_links":{"self":[{"href":"https:\/\/www.info-algerie.com\/actualites\/wp-json\/wp\/v2\/posts\/18191","targetHints":{"allow":["GET"]}}],"collection":[{"href":"https:\/\/www.info-algerie.com\/actualites\/wp-json\/wp\/v2\/posts"}],"about":[{"href":"https:\/\/www.info-algerie.com\/actualites\/wp-json\/wp\/v2\/types\/post"}],"author":[{"embeddable":true,"href":"https:\/\/www.info-algerie.com\/actualites\/wp-json\/wp\/v2\/users\/6"}],"replies":[{"embeddable":true,"href":"https:\/\/www.info-algerie.com\/actualites\/wp-json\/wp\/v2\/comments?post=18191"}],"version-history":[{"count":0,"href":"https:\/\/www.info-algerie.com\/actualites\/wp-json\/wp\/v2\/posts\/18191\/revisions"}],"wp:attachment":[{"href":"https:\/\/www.info-algerie.com\/actualites\/wp-json\/wp\/v2\/media?parent=18191"}],"wp:term":[{"taxonomy":"category","embeddable":true,"href":"https:\/\/www.info-algerie.com\/actualites\/wp-json\/wp\/v2\/categories?post=18191"},{"taxonomy":"post_tag","embeddable":true,"href":"https:\/\/www.info-algerie.com\/actualites\/wp-json\/wp\/v2\/tags?post=18191"}],"curies":[{"name":"wp","href":"https:\/\/api.w.org\/{rel}","templated":true}]}}