{"id":18196,"date":"2017-11-19T12:35:20","date_gmt":"2017-11-19T11:35:20","guid":{"rendered":"http:\/\/www.info-algerie.com\/actualites\/le-code-communal-et-de-wilaya-adopte-avant-la-fin-du-1er-semestre-2018\/"},"modified":"2017-11-19T12:35:20","modified_gmt":"2017-11-19T11:35:20","slug":"le-code-communal-et-de-wilaya-adopte-avant-la-fin-du-1er-semestre-2018","status":"publish","type":"post","link":"https:\/\/www.info-algerie.com\/actualites\/le-code-communal-et-de-wilaya-adopte-avant-la-fin-du-1er-semestre-2018\/","title":{"rendered":"Le code communal et de wilaya adopt\u00e9 avant la fin du 1er semestre 2018\u00a0\u00a0\u00a0"},"content":{"rendered":"<div class=\"K2FeedImage\"><img decoding=\"async\" src=\"https:\/\/www.info-algerie.com\/actualites\/wp-content\/uploads\/2017\/11\/3768b219a90facbeedcfaf694c6d6300_S.jpg\" alt=\"Le code communal et de wilaya adopt&#xE9; avant la fin du 1er semestre 2018&#xA0;&#xA0;&#xA0;\" \/><\/div>\n<div class=\"K2FeedIntroText\">\n<p>ALGER &#8211; La loi relative au code communal et de wilaya sera adopt\u00e9e avant la fin du premier semestre 2018, a annonc\u00e9 dimanche \u00e0 Alger le ministre de l&rsquo;Int\u00e9rieur, des collectivit\u00e9s locales et de l&rsquo;Am\u00e9nagement du territoire, Noureddine Bedoui.<\/p>\n<p>&#013;\n<\/p><\/div>\n<div class=\"K2FeedFullText\">&#013;<\/p>\n<p>Intervenant sur les ondes de la chaine III de la Radio nationale, le ministre a indiqu\u00e9 que le texte relatif \u00e0 la r\u00e9vision du code communal et de wilaya sera adopt\u00e9 avant la fin du premier semestre 2018, pr\u00e9cisant que le processus de r\u00e9formes engag\u00e9es par le secteur \u00ab\u00a0entame sa derni\u00e8re phase\u00a0\u00bb.<\/p>\n<p>&#013;<\/p>\n<blockquote><p>&#013;<\/p>\n<p><em><strong>Pour ce qui est de la transparence du scrutin des \u00e9lections locales de jeudi prochain, M. Bedoui a affirm\u00e9 que la constitution garantit l&rsquo;organisation d&rsquo;\u00e9lections \u00ab\u00a0responsables et libres\u00a0\u00bb dans lesquelles le citoyen trouvera la voix qu&rsquo;il aura exprimer dans l&rsquo;isoloir, ajoutant que la loi organique \u00ab\u00a0fait obligation \u00e0 tous les intervenants dans l&rsquo;op\u00e9ration \u00e0 oeuvrer pour des \u00e9lections transparentes\u00a0\u00bb. <\/strong><\/em><\/p>\n<p>&#013;\n<\/p><\/blockquote>\n<p>&#013;<\/p>\n<p>M. Bedoui a rappel\u00e9, dans ce sens, le r\u00f4le assign\u00e9 \u00e0 la Haute instance ind\u00e9pendante de surveillance des \u00e9lections (HIISE) qui accompagne les pouvoirs publics et l&rsquo;administration dans le processus de vote.<\/p>\n<p>&#013;<\/p>\n<hr \/>\n<p><a href=\"http:\/\/www.aps.dz\/algerie\/65761-bedoui-insiste-sur-la-transparence-des-elections-et-la-neutralite-totale-de-l-administration\">Lire aussi: Bedoui insiste sur la transparence des \u00e9lections et la neutralit\u00e9 totale de l\u2019administration<\/a><\/p>\n<p>&#013;<\/p>\n<hr \/>\n<p>Il a aussi soutenu que la disposition r\u00e9glementaire contenue dans la loi \u00e9lectorale et obligeant les partis politiques \u00e0 obtenir 4% des suffrages lors des \u00e9lections pr\u00e9c\u00e9dentes pour pouvoir postuler \u00ab\u00a0est tr\u00e8s positive\u00a0\u00bb dans le sens ou elle a permis de voir une dynamique au sein des partis,\u00a0faisant \u00e9galement remarquer une progression (+10%) en mati\u00e8re de listes d\u00e9pos\u00e9es comparativement aux \u00e9lections locales de 2012.<\/p>\n<p>&#013;<\/p>\n<blockquote><p>&#013;<\/p>\n<p><em><strong>Revenant sur la campagne \u00e9lectorale des \u00e9lections locales, M. Bedoui a indiqu\u00e9 qu&rsquo;elle a \u00e9t\u00e9 une occasion pour que \u00ab\u00a0les pr\u00e9occupations du citoyen s&rsquo;expriment dans la proximit\u00e9\u00a0\u00bb, qualifiant cela de \u00ab\u00a0tr\u00e8s important\u00a0\u00bb, dans la mesure ou \u00ab\u00a0le d\u00e9bat et l&rsquo;\u00e9coute participent \u00e0 ancrer la d\u00e9mocratie participative au niveau local\u00a0\u00bb, soulignant par la m\u00eame occasion, que la tenue des \u00e9lections sont r\u00e9gies par des \u00ab\u00a0dates constitutionnelles\u00a0\u00bb, Exhortant les acteurs politiques \u00e0 \u00ab\u00a0une culture de respect des dates de chaque \u00e9lection\u00a0\u00bb, M. Bedoui a rappel\u00e9 que \u00ab\u00a0les \u00e9lections pr\u00e9sidentielles auront lieu en 2019\u00a0\u00bb. <\/strong><\/em><\/p>\n<p>&#013;\n<\/p><\/blockquote>\n<p>&#013;<\/p>\n<p>A propos des pr\u00e9paratifs li\u00e9s au d\u00e9roulement du scrutin du 23 novembre, le ministre a indiqu\u00e9 son d\u00e9partement est \u00ab\u00a0totalement pr\u00eat\u00a0\u00bb pour cette consultation, relevant que certains bureaux itin\u00e9rants ont commenc\u00e9 d\u00e9j\u00e0 \u00e0 se mettre en place pour permettre aux gens des zones isol\u00e9es de voter.<\/p>\n<p>&#013;<\/p>\n<p>M. Bedoui a annonc\u00e9 que suite \u00e0 la r\u00e9vision annuelle du 1 au 31 octobre, le corps \u00e9lectoral compte 22.878.056 \u00e9lecteurs, pr\u00e9cisant que ce chiffre \u00ab\u00a0demeure provisoire car n\u00e9cessitant sa consolidation commune par commune\u00a0\u00bb, promettant de \u00ab\u00a0donner dans quelques jours le chiffre exact du corps\u00a0 \u00e9lectoral\u00a0\u00bb.<\/p>\n<p>&#013;<\/p>\n<hr \/>\n<p><a href=\"http:\/\/www.aps.dz\/algerie\/65746-la-democratie-participative-une-revendication-populaire-consacree-par-la-constitution\">Lire aussi: La d\u00e9mocratie participative, une revendication populaire consacr\u00e9e par la Constitution<\/a><\/p>\n<p>&#013;<\/p>\n<hr \/>\n<p>Interrogeant sur la tendance \u00e0 l&rsquo;abstention du scrutin, M. Bedoui estim\u00e9 qu&rsquo;il s&rsquo;agit d&rsquo;un \u00ab\u00a0ph\u00e9nom\u00e8ne et une r\u00e9alit\u00e9 qui s&rsquo;exprime partout \u00e0 travers le monde\u00a0\u00bb, relevant cependant que les sp\u00e9cificit\u00e9s des \u00e9lections locales, le travail de proximit\u00e9 accompli et les pr\u00e9occupations citoyennes \u00e9voqu\u00e9es \u00e0 cette occasion, feront que le citoyen se sentira plus concern\u00e9 par le vote.<\/p>\n<\/div>\n<p>&#013;<br \/>\nSource: <a href=\"http:\/\/www.aps.dz\/algerie\/65878-le-code-communal-et-de-wilaya-adopte-avant-la-fin-du-1er-semestre-2018\" target=\"_blank\">Le code communal et de wilaya adopt\u00e9 avant la fin du 1er semestre 2018\u00a0\u00a0\u00a0<\/a><\/p>\n<!--CusAds0-->\n<div style=\"font-size: 0px; height: 0px; line-height: 0px; margin: 0; padding: 0; clear: both;\"><\/div>","protected":false},"excerpt":{"rendered":"<p>ALGER &#8211; La loi relative au code communal et de wilaya sera adopt\u00e9e avant la fin du premier semestre 2018, a annonc\u00e9 dimanche \u00e0 Alger le ministre de l&rsquo;Int\u00e9rieur, des collectivit\u00e9s locales et de l&rsquo;Am\u00e9nagement du territoire, Noureddine Bedoui. &#013; &#013; Intervenant sur les ondes de la chaine III de la Radio nationale, le ministre<\/p>\n","protected":false},"author":6,"featured_media":18197,"comment_status":"open","ping_status":"open","sticky":false,"template":"","format":"standard","meta":{"footnotes":""},"categories":[22],"tags":[93],"class_list":["post-18196","post","type-post","status-publish","format-standard","has-post-thumbnail","hentry","category-infos","tag-onu"],"yoast_head":"<!-- This site is optimized with the Yoast SEO plugin v27.4 - https:\/\/yoast.com\/product\/yoast-seo-wordpress\/ -->\n<title>Le code communal et de wilaya adopt\u00e9 avant la fin du 1er semestre 2018\u00a0\u00a0\u00a0 - info algerie<\/title>\n<meta name=\"robots\" content=\"index, follow, max-snippet:-1, max-image-preview:large, max-video-preview:-1\" \/>\n<link rel=\"canonical\" href=\"https:\/\/www.info-algerie.com\/actualites\/le-code-communal-et-de-wilaya-adopte-avant-la-fin-du-1er-semestre-2018\/\" \/>\n<meta property=\"og:locale\" content=\"fr_FR\" \/>\n<meta property=\"og:type\" content=\"article\" \/>\n<meta property=\"og:title\" content=\"Le code communal et de wilaya adopt\u00e9 avant la fin du 1er semestre 2018\u00a0\u00a0\u00a0 - info algerie\" \/>\n<meta property=\"og:description\" content=\"ALGER &#8211; La loi relative au code communal et de wilaya sera adopt\u00e9e avant la fin du premier semestre 2018, a annonc\u00e9 dimanche \u00e0 Alger le ministre de l&rsquo;Int\u00e9rieur, des collectivit\u00e9s locales et de l&rsquo;Am\u00e9nagement du territoire, Noureddine Bedoui. &#013; &#013; Intervenant sur les ondes de la chaine III de la Radio nationale, le ministre\" \/>\n<meta property=\"og:url\" content=\"https:\/\/www.info-algerie.com\/actualites\/le-code-communal-et-de-wilaya-adopte-avant-la-fin-du-1er-semestre-2018\/\" \/>\n<meta property=\"og:site_name\" content=\"info algerie\" \/>\n<meta property=\"article:publisher\" content=\"https:\/\/www.facebook.com\/infoalgerieactu\" \/>\n<meta property=\"article:published_time\" content=\"2017-11-19T11:35:20+00:00\" \/>\n<meta property=\"og:image\" content=\"https:\/\/www.info-algerie.com\/actualites\/wp-content\/uploads\/2017\/11\/3768b219a90facbeedcfaf694c6d6300_S-1.jpg\" \/>\n\t<meta property=\"og:image:width\" content=\"280\" \/>\n\t<meta property=\"og:image:height\" content=\"220\" \/>\n\t<meta property=\"og:image:type\" content=\"image\/jpeg\" \/>\n<meta name=\"author\" content=\"La r\u00e9daction\" \/>\n<meta name=\"twitter:label1\" content=\"\u00c9crit par\" \/>\n\t<meta name=\"twitter:data1\" content=\"La r\u00e9daction\" \/>\n\t<meta name=\"twitter:label2\" content=\"Dur\u00e9e de lecture estim\u00e9e\" \/>\n\t<meta name=\"twitter:data2\" content=\"3 minutes\" \/>\n<script type=\"application\/ld+json\" class=\"yoast-schema-graph\">{\"@context\":\"https:\\\/\\\/schema.org\",\"@graph\":[{\"@type\":\"Article\",\"@id\":\"https:\\\/\\\/www.info-algerie.com\\\/actualites\\\/le-code-communal-et-de-wilaya-adopte-avant-la-fin-du-1er-semestre-2018\\\/#article\",\"isPartOf\":{\"@id\":\"https:\\\/\\\/www.info-algerie.com\\\/actualites\\\/le-code-communal-et-de-wilaya-adopte-avant-la-fin-du-1er-semestre-2018\\\/\"},\"author\":{\"name\":\"La r\u00e9daction\",\"@id\":\"https:\\\/\\\/www.info-algerie.com\\\/actualites\\\/#\\\/schema\\\/person\\\/847aaec44920825b843a08f30ec6aa1e\"},\"headline\":\"Le code communal et de wilaya adopt\u00e9 avant la fin du 1er semestre 2018\u00a0\u00a0\u00a0\",\"datePublished\":\"2017-11-19T11:35:20+00:00\",\"mainEntityOfPage\":{\"@id\":\"https:\\\/\\\/www.info-algerie.com\\\/actualites\\\/le-code-communal-et-de-wilaya-adopte-avant-la-fin-du-1er-semestre-2018\\\/\"},\"wordCount\":581,\"commentCount\":0,\"publisher\":{\"@id\":\"https:\\\/\\\/www.info-algerie.com\\\/actualites\\\/#organization\"},\"image\":{\"@id\":\"https:\\\/\\\/www.info-algerie.com\\\/actualites\\\/le-code-communal-et-de-wilaya-adopte-avant-la-fin-du-1er-semestre-2018\\\/#primaryimage\"},\"thumbnailUrl\":\"https:\\\/\\\/www.info-algerie.com\\\/actualites\\\/wp-content\\\/uploads\\\/2017\\\/11\\\/3768b219a90facbeedcfaf694c6d6300_S-1.jpg\",\"keywords\":[\"ONU\"],\"articleSection\":[\"infos\"],\"inLanguage\":\"fr-FR\",\"potentialAction\":[{\"@type\":\"CommentAction\",\"name\":\"Comment\",\"target\":[\"https:\\\/\\\/www.info-algerie.com\\\/actualites\\\/le-code-communal-et-de-wilaya-adopte-avant-la-fin-du-1er-semestre-2018\\\/#respond\"]}]},{\"@type\":\"WebPage\",\"@id\":\"https:\\\/\\\/www.info-algerie.com\\\/actualites\\\/le-code-communal-et-de-wilaya-adopte-avant-la-fin-du-1er-semestre-2018\\\/\",\"url\":\"https:\\\/\\\/www.info-algerie.com\\\/actualites\\\/le-code-communal-et-de-wilaya-adopte-avant-la-fin-du-1er-semestre-2018\\\/\",\"name\":\"Le code communal et de wilaya adopt\u00e9 avant la fin du 1er semestre 2018\u00a0\u00a0\u00a0 - info algerie\",\"isPartOf\":{\"@id\":\"https:\\\/\\\/www.info-algerie.com\\\/actualites\\\/#website\"},\"primaryImageOfPage\":{\"@id\":\"https:\\\/\\\/www.info-algerie.com\\\/actualites\\\/le-code-communal-et-de-wilaya-adopte-avant-la-fin-du-1er-semestre-2018\\\/#primaryimage\"},\"image\":{\"@id\":\"https:\\\/\\\/www.info-algerie.com\\\/actualites\\\/le-code-communal-et-de-wilaya-adopte-avant-la-fin-du-1er-semestre-2018\\\/#primaryimage\"},\"thumbnailUrl\":\"https:\\\/\\\/www.info-algerie.com\\\/actualites\\\/wp-content\\\/uploads\\\/2017\\\/11\\\/3768b219a90facbeedcfaf694c6d6300_S-1.jpg\",\"datePublished\":\"2017-11-19T11:35:20+00:00\",\"breadcrumb\":{\"@id\":\"https:\\\/\\\/www.info-algerie.com\\\/actualites\\\/le-code-communal-et-de-wilaya-adopte-avant-la-fin-du-1er-semestre-2018\\\/#breadcrumb\"},\"inLanguage\":\"fr-FR\",\"potentialAction\":[{\"@type\":\"ReadAction\",\"target\":[\"https:\\\/\\\/www.info-algerie.com\\\/actualites\\\/le-code-communal-et-de-wilaya-adopte-avant-la-fin-du-1er-semestre-2018\\\/\"]}]},{\"@type\":\"ImageObject\",\"inLanguage\":\"fr-FR\",\"@id\":\"https:\\\/\\\/www.info-algerie.com\\\/actualites\\\/le-code-communal-et-de-wilaya-adopte-avant-la-fin-du-1er-semestre-2018\\\/#primaryimage\",\"url\":\"https:\\\/\\\/www.info-algerie.com\\\/actualites\\\/wp-content\\\/uploads\\\/2017\\\/11\\\/3768b219a90facbeedcfaf694c6d6300_S-1.jpg\",\"contentUrl\":\"https:\\\/\\\/www.info-algerie.com\\\/actualites\\\/wp-content\\\/uploads\\\/2017\\\/11\\\/3768b219a90facbeedcfaf694c6d6300_S-1.jpg\",\"width\":280,\"height\":220},{\"@type\":\"BreadcrumbList\",\"@id\":\"https:\\\/\\\/www.info-algerie.com\\\/actualites\\\/le-code-communal-et-de-wilaya-adopte-avant-la-fin-du-1er-semestre-2018\\\/#breadcrumb\",\"itemListElement\":[{\"@type\":\"ListItem\",\"position\":1,\"name\":\"Accueil\",\"item\":\"https:\\\/\\\/www.info-algerie.com\\\/actualites\\\/\"},{\"@type\":\"ListItem\",\"position\":2,\"name\":\"Le code communal et de wilaya adopt\u00e9 avant la fin du 1er semestre 2018\u00a0\u00a0\u00a0\"}]},{\"@type\":\"WebSite\",\"@id\":\"https:\\\/\\\/www.info-algerie.com\\\/actualites\\\/#website\",\"url\":\"https:\\\/\\\/www.info-algerie.com\\\/actualites\\\/\",\"name\":\"info algerie\",\"description\":\"Toutes les actualit\u00e9s\",\"publisher\":{\"@id\":\"https:\\\/\\\/www.info-algerie.com\\\/actualites\\\/#organization\"},\"potentialAction\":[{\"@type\":\"SearchAction\",\"target\":{\"@type\":\"EntryPoint\",\"urlTemplate\":\"https:\\\/\\\/www.info-algerie.com\\\/actualites\\\/?s={search_term_string}\"},\"query-input\":{\"@type\":\"PropertyValueSpecification\",\"valueRequired\":true,\"valueName\":\"search_term_string\"}}],\"inLanguage\":\"fr-FR\"},{\"@type\":\"Organization\",\"@id\":\"https:\\\/\\\/www.info-algerie.com\\\/actualites\\\/#organization\",\"name\":\"info algerie\",\"url\":\"https:\\\/\\\/www.info-algerie.com\\\/actualites\\\/\",\"logo\":{\"@type\":\"ImageObject\",\"inLanguage\":\"fr-FR\",\"@id\":\"https:\\\/\\\/www.info-algerie.com\\\/actualites\\\/#\\\/schema\\\/logo\\\/image\\\/\",\"url\":\"https:\\\/\\\/www.info-algerie.com\\\/actualites\\\/wp-content\\\/uploads\\\/2022\\\/07\\\/logo-ia-120.png\",\"contentUrl\":\"https:\\\/\\\/www.info-algerie.com\\\/actualites\\\/wp-content\\\/uploads\\\/2022\\\/07\\\/logo-ia-120.png\",\"width\":120,\"height\":43,\"caption\":\"info algerie\"},\"image\":{\"@id\":\"https:\\\/\\\/www.info-algerie.com\\\/actualites\\\/#\\\/schema\\\/logo\\\/image\\\/\"},\"sameAs\":[\"https:\\\/\\\/www.facebook.com\\\/infoalgerieactu\",\"https:\\\/\\\/x.com\\\/infoalgerie1\"]},{\"@type\":\"Person\",\"@id\":\"https:\\\/\\\/www.info-algerie.com\\\/actualites\\\/#\\\/schema\\\/person\\\/847aaec44920825b843a08f30ec6aa1e\",\"name\":\"La r\u00e9daction\",\"image\":{\"@type\":\"ImageObject\",\"inLanguage\":\"fr-FR\",\"@id\":\"https:\\\/\\\/secure.gravatar.com\\\/avatar\\\/769db425c6f465158149f1ffd6cf61ce7a8a879d11dfbef8288af36dfddd418c?s=96&d=mm&r=g\",\"url\":\"https:\\\/\\\/secure.gravatar.com\\\/avatar\\\/769db425c6f465158149f1ffd6cf61ce7a8a879d11dfbef8288af36dfddd418c?s=96&d=mm&r=g\",\"contentUrl\":\"https:\\\/\\\/secure.gravatar.com\\\/avatar\\\/769db425c6f465158149f1ffd6cf61ce7a8a879d11dfbef8288af36dfddd418c?s=96&d=mm&r=g\",\"caption\":\"La r\u00e9daction\"},\"sameAs\":[\"http:\\\/\\\/www.lkeria.com\\\/\"],\"url\":\"https:\\\/\\\/www.info-algerie.com\\\/actualites\\\/author\\\/chakib32\\\/\"}]}<\/script>\n<!-- \/ Yoast SEO plugin. -->","yoast_head_json":{"title":"Le code communal et de wilaya adopt\u00e9 avant la fin du 1er semestre 2018\u00a0\u00a0\u00a0 - info algerie","robots":{"index":"index","follow":"follow","max-snippet":"max-snippet:-1","max-image-preview":"max-image-preview:large","max-video-preview":"max-video-preview:-1"},"canonical":"https:\/\/www.info-algerie.com\/actualites\/le-code-communal-et-de-wilaya-adopte-avant-la-fin-du-1er-semestre-2018\/","og_locale":"fr_FR","og_type":"article","og_title":"Le code communal et de wilaya adopt\u00e9 avant la fin du 1er semestre 2018\u00a0\u00a0\u00a0 - info algerie","og_description":"ALGER &#8211; La loi relative au code communal et de wilaya sera adopt\u00e9e avant la fin du premier semestre 2018, a annonc\u00e9 dimanche \u00e0 Alger le ministre de l&rsquo;Int\u00e9rieur, des collectivit\u00e9s locales et de l&rsquo;Am\u00e9nagement du territoire, Noureddine Bedoui. &#013; &#013; Intervenant sur les ondes de la chaine III de la Radio nationale, le ministre","og_url":"https:\/\/www.info-algerie.com\/actualites\/le-code-communal-et-de-wilaya-adopte-avant-la-fin-du-1er-semestre-2018\/","og_site_name":"info algerie","article_publisher":"https:\/\/www.facebook.com\/infoalgerieactu","article_published_time":"2017-11-19T11:35:20+00:00","og_image":[{"width":280,"height":220,"url":"https:\/\/www.info-algerie.com\/actualites\/wp-content\/uploads\/2017\/11\/3768b219a90facbeedcfaf694c6d6300_S-1.jpg","type":"image\/jpeg"}],"author":"La r\u00e9daction","twitter_misc":{"\u00c9crit par":"La r\u00e9daction","Dur\u00e9e de lecture estim\u00e9e":"3 minutes"},"schema":{"@context":"https:\/\/schema.org","@graph":[{"@type":"Article","@id":"https:\/\/www.info-algerie.com\/actualites\/le-code-communal-et-de-wilaya-adopte-avant-la-fin-du-1er-semestre-2018\/#article","isPartOf":{"@id":"https:\/\/www.info-algerie.com\/actualites\/le-code-communal-et-de-wilaya-adopte-avant-la-fin-du-1er-semestre-2018\/"},"author":{"name":"La r\u00e9daction","@id":"https:\/\/www.info-algerie.com\/actualites\/#\/schema\/person\/847aaec44920825b843a08f30ec6aa1e"},"headline":"Le code communal et de wilaya adopt\u00e9 avant la fin du 1er semestre 2018\u00a0\u00a0\u00a0","datePublished":"2017-11-19T11:35:20+00:00","mainEntityOfPage":{"@id":"https:\/\/www.info-algerie.com\/actualites\/le-code-communal-et-de-wilaya-adopte-avant-la-fin-du-1er-semestre-2018\/"},"wordCount":581,"commentCount":0,"publisher":{"@id":"https:\/\/www.info-algerie.com\/actualites\/#organization"},"image":{"@id":"https:\/\/www.info-algerie.com\/actualites\/le-code-communal-et-de-wilaya-adopte-avant-la-fin-du-1er-semestre-2018\/#primaryimage"},"thumbnailUrl":"https:\/\/www.info-algerie.com\/actualites\/wp-content\/uploads\/2017\/11\/3768b219a90facbeedcfaf694c6d6300_S-1.jpg","keywords":["ONU"],"articleSection":["infos"],"inLanguage":"fr-FR","potentialAction":[{"@type":"CommentAction","name":"Comment","target":["https:\/\/www.info-algerie.com\/actualites\/le-code-communal-et-de-wilaya-adopte-avant-la-fin-du-1er-semestre-2018\/#respond"]}]},{"@type":"WebPage","@id":"https:\/\/www.info-algerie.com\/actualites\/le-code-communal-et-de-wilaya-adopte-avant-la-fin-du-1er-semestre-2018\/","url":"https:\/\/www.info-algerie.com\/actualites\/le-code-communal-et-de-wilaya-adopte-avant-la-fin-du-1er-semestre-2018\/","name":"Le code communal et de wilaya adopt\u00e9 avant la fin du 1er semestre 2018\u00a0\u00a0\u00a0 - info algerie","isPartOf":{"@id":"https:\/\/www.info-algerie.com\/actualites\/#website"},"primaryImageOfPage":{"@id":"https:\/\/www.info-algerie.com\/actualites\/le-code-communal-et-de-wilaya-adopte-avant-la-fin-du-1er-semestre-2018\/#primaryimage"},"image":{"@id":"https:\/\/www.info-algerie.com\/actualites\/le-code-communal-et-de-wilaya-adopte-avant-la-fin-du-1er-semestre-2018\/#primaryimage"},"thumbnailUrl":"https:\/\/www.info-algerie.com\/actualites\/wp-content\/uploads\/2017\/11\/3768b219a90facbeedcfaf694c6d6300_S-1.jpg","datePublished":"2017-11-19T11:35:20+00:00","breadcrumb":{"@id":"https:\/\/www.info-algerie.com\/actualites\/le-code-communal-et-de-wilaya-adopte-avant-la-fin-du-1er-semestre-2018\/#breadcrumb"},"inLanguage":"fr-FR","potentialAction":[{"@type":"ReadAction","target":["https:\/\/www.info-algerie.com\/actualites\/le-code-communal-et-de-wilaya-adopte-avant-la-fin-du-1er-semestre-2018\/"]}]},{"@type":"ImageObject","inLanguage":"fr-FR","@id":"https:\/\/www.info-algerie.com\/actualites\/le-code-communal-et-de-wilaya-adopte-avant-la-fin-du-1er-semestre-2018\/#primaryimage","url":"https:\/\/www.info-algerie.com\/actualites\/wp-content\/uploads\/2017\/11\/3768b219a90facbeedcfaf694c6d6300_S-1.jpg","contentUrl":"https:\/\/www.info-algerie.com\/actualites\/wp-content\/uploads\/2017\/11\/3768b219a90facbeedcfaf694c6d6300_S-1.jpg","width":280,"height":220},{"@type":"BreadcrumbList","@id":"https:\/\/www.info-algerie.com\/actualites\/le-code-communal-et-de-wilaya-adopte-avant-la-fin-du-1er-semestre-2018\/#breadcrumb","itemListElement":[{"@type":"ListItem","position":1,"name":"Accueil","item":"https:\/\/www.info-algerie.com\/actualites\/"},{"@type":"ListItem","position":2,"name":"Le code communal et de wilaya adopt\u00e9 avant la fin du 1er semestre 2018\u00a0\u00a0\u00a0"}]},{"@type":"WebSite","@id":"https:\/\/www.info-algerie.com\/actualites\/#website","url":"https:\/\/www.info-algerie.com\/actualites\/","name":"info algerie","description":"Toutes les actualit\u00e9s","publisher":{"@id":"https:\/\/www.info-algerie.com\/actualites\/#organization"},"potentialAction":[{"@type":"SearchAction","target":{"@type":"EntryPoint","urlTemplate":"https:\/\/www.info-algerie.com\/actualites\/?s={search_term_string}"},"query-input":{"@type":"PropertyValueSpecification","valueRequired":true,"valueName":"search_term_string"}}],"inLanguage":"fr-FR"},{"@type":"Organization","@id":"https:\/\/www.info-algerie.com\/actualites\/#organization","name":"info algerie","url":"https:\/\/www.info-algerie.com\/actualites\/","logo":{"@type":"ImageObject","inLanguage":"fr-FR","@id":"https:\/\/www.info-algerie.com\/actualites\/#\/schema\/logo\/image\/","url":"https:\/\/www.info-algerie.com\/actualites\/wp-content\/uploads\/2022\/07\/logo-ia-120.png","contentUrl":"https:\/\/www.info-algerie.com\/actualites\/wp-content\/uploads\/2022\/07\/logo-ia-120.png","width":120,"height":43,"caption":"info algerie"},"image":{"@id":"https:\/\/www.info-algerie.com\/actualites\/#\/schema\/logo\/image\/"},"sameAs":["https:\/\/www.facebook.com\/infoalgerieactu","https:\/\/x.com\/infoalgerie1"]},{"@type":"Person","@id":"https:\/\/www.info-algerie.com\/actualites\/#\/schema\/person\/847aaec44920825b843a08f30ec6aa1e","name":"La r\u00e9daction","image":{"@type":"ImageObject","inLanguage":"fr-FR","@id":"https:\/\/secure.gravatar.com\/avatar\/769db425c6f465158149f1ffd6cf61ce7a8a879d11dfbef8288af36dfddd418c?s=96&d=mm&r=g","url":"https:\/\/secure.gravatar.com\/avatar\/769db425c6f465158149f1ffd6cf61ce7a8a879d11dfbef8288af36dfddd418c?s=96&d=mm&r=g","contentUrl":"https:\/\/secure.gravatar.com\/avatar\/769db425c6f465158149f1ffd6cf61ce7a8a879d11dfbef8288af36dfddd418c?s=96&d=mm&r=g","caption":"La r\u00e9daction"},"sameAs":["http:\/\/www.lkeria.com\/"],"url":"https:\/\/www.info-algerie.com\/actualites\/author\/chakib32\/"}]}},"_links":{"self":[{"href":"https:\/\/www.info-algerie.com\/actualites\/wp-json\/wp\/v2\/posts\/18196","targetHints":{"allow":["GET"]}}],"collection":[{"href":"https:\/\/www.info-algerie.com\/actualites\/wp-json\/wp\/v2\/posts"}],"about":[{"href":"https:\/\/www.info-algerie.com\/actualites\/wp-json\/wp\/v2\/types\/post"}],"author":[{"embeddable":true,"href":"https:\/\/www.info-algerie.com\/actualites\/wp-json\/wp\/v2\/users\/6"}],"replies":[{"embeddable":true,"href":"https:\/\/www.info-algerie.com\/actualites\/wp-json\/wp\/v2\/comments?post=18196"}],"version-history":[{"count":0,"href":"https:\/\/www.info-algerie.com\/actualites\/wp-json\/wp\/v2\/posts\/18196\/revisions"}],"wp:featuredmedia":[{"embeddable":true,"href":"https:\/\/www.info-algerie.com\/actualites\/wp-json\/wp\/v2\/media\/18197"}],"wp:attachment":[{"href":"https:\/\/www.info-algerie.com\/actualites\/wp-json\/wp\/v2\/media?parent=18196"}],"wp:term":[{"taxonomy":"category","embeddable":true,"href":"https:\/\/www.info-algerie.com\/actualites\/wp-json\/wp\/v2\/categories?post=18196"},{"taxonomy":"post_tag","embeddable":true,"href":"https:\/\/www.info-algerie.com\/actualites\/wp-json\/wp\/v2\/tags?post=18196"}],"curies":[{"name":"wp","href":"https:\/\/api.w.org\/{rel}","templated":true}]}}