{"id":18231,"date":"2017-11-20T09:47:06","date_gmt":"2017-11-20T08:47:06","guid":{"rendered":"http:\/\/www.info-algerie.com\/actualites\/deradicalisation-lapproche-algerienne-servira-de-modele-mondial-carnegie\/"},"modified":"2017-11-20T09:47:06","modified_gmt":"2017-11-20T08:47:06","slug":"deradicalisation-lapproche-algerienne-servira-de-modele-mondial-carnegie","status":"publish","type":"post","link":"https:\/\/www.info-algerie.com\/actualites\/deradicalisation-lapproche-algerienne-servira-de-modele-mondial-carnegie\/","title":{"rendered":"D\u00e9radicalisation: l\u2019approche alg\u00e9rienne servira de mod\u00e8le mondial (Carnegie)"},"content":{"rendered":"<div class=\"K2FeedImage\"><img decoding=\"async\" src=\"https:\/\/www.info-algerie.com\/actualites\/wp-content\/uploads\/2017\/11\/41ffe95f70f1c5f171f6d9a57989ded1_S.jpg\" alt=\"D&#xE9;radicalisation: l&#x2019;approche alg&#xE9;rienne servira de mod&#xE8;le mondial (Carnegie)\" \/><\/div>\n<div class=\"K2FeedIntroText\">\n<p>WASHINGTON- L\u2019exp\u00e9rience alg\u00e9rienne en mati\u00e8re de d\u00e9radicalisation servira de mod\u00e8le de r\u00e9f\u00e9rence pour d\u2019autres initiatives de d\u00e9sengagement dans le monde, a indiqu\u00e9 le centre Carnegie pour le Moyen-Orient dans une analyse publi\u00e9e vendredi dernier, intitul\u00e9e \u00ab\u00a0une vie apr\u00e8s le djihadisme\u00a0\u00bb.<\/p>\n<p>&#013;\n<\/p><\/div>\n<div class=\"K2FeedFullText\">&#013;<\/p>\n<blockquote><p>&#013;<\/p>\n<p class=\"MsoNoSpacing\"><em><strong>Si jusqu\u2019ici, \u00ab\u00a0il n\u2019existe aucun mod\u00e8le ou programme id\u00e9al pour le d\u00e9sengagement des djihadistes (&#8230;) l\u2019exp\u00e9rience alg\u00e9rienne constitue un point de d\u00e9part utile pour d\u00e9velopper des initiatives de d\u00e9radicalisation ailleurs\u00a0\u00bb, dans le monde, souligne ce centre bas\u00e9 \u00e0 Beyrouth et relevant du\u00a0<\/strong><\/em><span lang=\"EN-US\"><em><strong>Think Tank Washingtonien Carnegie endowment for international peace.<\/strong><\/em><\/span><\/p>\n<p>&#013;\n<\/p><\/blockquote>\n<p>&#013;<\/p>\n<p>Et d\u2019ajouter \u00ab\u00a0une le\u00e7on doit \u00eatre tir\u00e9e de l&rsquo;exp\u00e9rience alg\u00e9rienne, c&rsquo;est que la r\u00e9ponse militaire n&rsquo;est pas suffisante en soi\u00a0\u00bb car \u00ab\u00a0le djihadisme est avant tout un ph\u00e9nom\u00e8ne social\u00a0\u00bb et, par cons\u00e9quent l\u2019incapacit\u00e9 \u00e0 l\u2019affronter sur le plan social pourrait l\u2019aider \u00e0 resurgir sous une autre forme.<\/p>\n<p>&#013;<\/p>\n<hr \/>\n<p><a href=\"http:\/\/www.aps.dz\/algerie\/65781-lutte-contre-l-extremisme-et-le-terrorisme-l-approche-algerienne-exposee-a-washington\">Lire aussi: Lutte contre l\u2019extr\u00e9misme et le terrorisme: l\u2019approche alg\u00e9rienne expos\u00e9e \u00e0 Washington<\/a><\/p>\n<p>&#013;<\/p>\n<hr \/>\n<p>En Alg\u00e9rie, les autorit\u00e9s ont \u00ab\u00a0retenu une approche tr\u00e8s diff\u00e9rente en adoptant des m\u00e9thodes plus conciliantes y compris une tr\u00eave, un processus de r\u00e9conciliation nationale, des programmes de d\u00e9sengagement et de r\u00e9habilitation, ainsi que des investissements dans le d\u00e9veloppement\u00a0\u00bb, \u00a0explique Dalia Ghanem-Yazbeck, l\u2019auteur de l\u2019analyse.<\/p>\n<p>&#013;<\/p>\n<blockquote><p>&#013;<\/p>\n<p class=\"MsoNoSpacing\"><em><strong>\u00ab\u00a0Aujourd&rsquo;hui, l&rsquo;Alg\u00e9rie, avec la combinaison d&rsquo;approches rigoureuse et douce (\u00e0 la fois), fournit un exemple r\u00e9ussi pour neutraliser\u00a0\u00bb le terrorisme, rel\u00e8ve-t-elle.<\/strong><\/em><\/p>\n<p>&#013;\n<\/p><\/blockquote>\n<p>&#013;<\/p>\n<p class=\"MsoNoSpacing\">En 1995, \u00ab\u00a0le retour de l\u2019Alg\u00e9rie au processus politique pluraliste a permis la r\u00e9int\u00e9gration de toutes les parties dans la vie politique\u00a0\u00bb en accordant aux \u00ab\u00a0\u00e9gar\u00e9s\u00a0\u00bb une voie pacifique pour s\u2019exprimer en alternative \u00e0 la violence, note l\u2019analyste.<\/p>\n<p>&#013;<\/p>\n<p class=\"MsoNoSpacing\">La loi sur la Rahma (Cl\u00e9mence) a incit\u00e9 pr\u00e8s de 2.000 \u00ab\u00a0terroristes\u00a0\u00bb \u00e0 d\u00e9poser les armes durant la p\u00e9riode 1995-1996.<\/p>\n<p>&#013;<\/p>\n<p class=\"MsoNoSpacing\">\u00a0 \u00a0 \u00a0 \u00a0 \u00a0 \u00a0 \u00a0 \u00a0 \u00a0 \u00a0 \u00a0 \u00a0 \u00a0 \u00a0 \u00a0 \u00a0 \u00a0 \u00a0 \u00a0 \u00a0 \u00a0 \u00a0 \u00a0 \u00a0 \u00a0 \u00a0 \u00a0 \u00a0 \u00a0 \u00a0 \u00a0 \u00a0 \u00a0 \u00a0 \u00a0 \u00a0 \u00a0 \u00a0 \u00a0 \u00a0\u00a0<img decoding=\"async\" src=\"https:\/\/www.info-algerie.com\/actualites\/wp-content\/uploads\/2017\/11\/wiam.jpg\" alt=\"\" \/><\/p>\n<p>&#013;<\/p>\n<p class=\"MsoNoSpacing\">De mani\u00e8re plus significative, les efforts de r\u00e9conciliation se sont poursuivis par l\u2019adoption en 1999 de la loi sur la concorde civile et ont \u00e9t\u00e9 couronn\u00e9s en 2005 par la charte pour la paix et la r\u00e9conciliation nationale, adopt\u00e9e par r\u00e9f\u00e9rendum populaire, rappelle encore l&rsquo;analyste.<\/p>\n<p>&#013;<\/p>\n<p class=\"MsoNoSpacing\">Le dispositif offre l\u2019extinction de toutes les poursuites judiciaires contre les terroristes qui acceptent de d\u00e9poser les armes \u00e0 l\u2019exception des personnes ayant particip\u00e9 \u00e0 des crimes, des massacres, \u00e0 des attentats explosifs ou \u00e0 des viols.<\/p>\n<p>&#013;<\/p>\n<p class=\"MsoNoSpacing\">Au total 7.000 terroristes en plus d\u2019autres groupes ont renonc\u00e9 aux armes et accept\u00e9 de rentrer chez eux.<\/p>\n<p>&#013;<\/p>\n<blockquote><p>&#013;<\/p>\n<p class=\"MsoNoSpacing\"><em><strong>\u00ab\u00a0Ce processus a permis de restaurer la foi et la confiance des Alg\u00e9riens en leurs dirigeants\u00a0\u00bb, constate l\u2019analyste.<\/strong><\/em><\/p>\n<p>&#013;\n<\/p><\/blockquote>\n<p>&#013;<\/p>\n<p class=\"MsoNoSpacing\">La charte a contribu\u00e9 \u00e0 contrer la rh\u00e9torique extr\u00e9miste en donnant l\u2019occasion aux repentis de s\u2019exprimer sur les effets n\u00e9gatifs de l\u2019action terroriste et en les encourageant \u00e0 parler publiquement de leurs exp\u00e9riences dans les groupes arm\u00e9s et des raisons de leur d\u00e9sengagement, met-t-elle en exergue.<\/p>\n<p>&#013;<\/p>\n<hr \/>\n<p><a href=\"http:\/\/www.aps.dz\/algerie\/64352-messahel-souligne-le-role-crucial-de-la-femme-dans-la-lutte-contre-la-radicalisation\">Lire aussi: Messahel souligne le r\u00f4le crucial de la femme dans la lutte contre la radicalisation<\/a><\/p>\n<p>&#013;<\/p>\n<hr \/>\n<p>L\u2019appel des repentis \u00e0 mettre un terme \u00e0 la violence a aussi contribu\u00e9 \u00e0 \u00ab\u00a0humaniser\u00a0\u00bb les terroristes qui n\u2019avaient pas encore rendu les armes et \u00e0 dissuader les candidats au terrorisme de rejoindre des groupes extremistes.<\/p>\n<p>&#013;<\/p>\n<p class=\"MsoNoSpacing\">\u00a0 \u00a0 \u00a0 \u00a0 \u00a0 \u00a0 \u00a0 \u00a0 \u00a0 \u00a0 \u00a0 \u00a0 \u00a0 \u00a0 \u00a0 \u00a0 \u00a0 \u00a0 \u00a0 \u00a0 \u00a0 \u00a0 \u00a0 \u00a0 \u00a0 \u00a0 \u00a0 \u00a0 \u00a0 \u00a0 \u00a0 \u00a0 \u00a0 \u00a0 \u00a0 \u00a0 \u00a0 \u00a0 \u00a0 \u00a0\u00a0<img decoding=\"async\" src=\"https:\/\/www.info-algerie.com\/actualites\/wp-content\/uploads\/2017\/11\/siege-cerneige.jpg\" alt=\"\" \/><\/p>\n<p>&#013;<\/p>\n<p>Le dispositif a \u00e9t\u00e9 assorti de compensations financi\u00e8res en faveur des \u00ab\u00a0victimes de la trag\u00e9die nationale\u00a0\u00bb, y compris aux familles des terroristes, souligne le Think Tank qui rel\u00e8ve que la r\u00e9habilitation professionnelle des repentis visait \u00e0 les r\u00e9int\u00e9grer dans la soci\u00e9t\u00e9.<\/p>\n<p>&#013;<\/p>\n<p>\u00ab\u00a0La compensation financi\u00e8re et les possibilit\u00e9s d&#8217;emploi visaient \u00e0 limiter les difficult\u00e9s \u00e9conomiques et \u00e0 d\u00e9courager la r\u00e9cidive, en offrant aux repentis un sentiment d\u2019appartenance et de citoyennet\u00e9\u00a0\u00bb, \u00e9crit Carnegie.<\/p>\n<p>&#013;<\/p>\n<p>\u00ab\u00a0Les initiatives du gouvernement ont priv\u00e9 les djihadistes d&rsquo;un vivier de recrutement potentiel en offrant une alternative au djihadisme\u00a0\u00bb, conclu le Think Tank.<\/p>\n<\/div>\n<p>&#013;<br \/>\nSource: <a href=\"http:\/\/www.aps.dz\/algerie\/65931-deradicalisation-l-approche-algerienne-servira-de-modele-mondial-carnegie\" target=\"_blank\">D\u00e9radicalisation: l\u2019approche alg\u00e9rienne servira de mod\u00e8le mondial (Carnegie)<\/a><\/p>\n<!--CusAds0-->\n<div style=\"font-size: 0px; height: 0px; line-height: 0px; margin: 0; padding: 0; clear: both;\"><\/div>","protected":false},"excerpt":{"rendered":"<p>WASHINGTON- L\u2019exp\u00e9rience alg\u00e9rienne en mati\u00e8re de d\u00e9radicalisation servira de mod\u00e8le de r\u00e9f\u00e9rence pour d\u2019autres initiatives de d\u00e9sengagement dans le monde, a indiqu\u00e9 le centre Carnegie pour le Moyen-Orient dans une analyse publi\u00e9e vendredi dernier, intitul\u00e9e \u00ab\u00a0une vie apr\u00e8s le djihadisme\u00a0\u00bb. &#013; &#013; &#013; Si jusqu\u2019ici, \u00ab\u00a0il n\u2019existe aucun mod\u00e8le ou programme id\u00e9al pour le d\u00e9sengagement<\/p>\n","protected":false},"author":6,"featured_media":18232,"comment_status":"open","ping_status":"open","sticky":false,"template":"","format":"standard","meta":{"footnotes":""},"categories":[22],"tags":[93],"class_list":["post-18231","post","type-post","status-publish","format-standard","has-post-thumbnail","hentry","category-infos","tag-onu"],"yoast_head":"<!-- This site is optimized with the Yoast SEO plugin v27.5 - https:\/\/yoast.com\/product\/yoast-seo-wordpress\/ -->\n<title>D\u00e9radicalisation: l\u2019approche alg\u00e9rienne servira de mod\u00e8le mondial (Carnegie) - info algerie<\/title>\n<meta name=\"robots\" content=\"index, follow, max-snippet:-1, max-image-preview:large, max-video-preview:-1\" \/>\n<link rel=\"canonical\" href=\"https:\/\/www.info-algerie.com\/actualites\/deradicalisation-lapproche-algerienne-servira-de-modele-mondial-carnegie\/\" \/>\n<meta property=\"og:locale\" content=\"fr_FR\" \/>\n<meta property=\"og:type\" content=\"article\" \/>\n<meta property=\"og:title\" content=\"D\u00e9radicalisation: l\u2019approche alg\u00e9rienne servira de mod\u00e8le mondial (Carnegie) - info algerie\" \/>\n<meta property=\"og:description\" content=\"WASHINGTON- L\u2019exp\u00e9rience alg\u00e9rienne en mati\u00e8re de d\u00e9radicalisation servira de mod\u00e8le de r\u00e9f\u00e9rence pour d\u2019autres initiatives de d\u00e9sengagement dans le monde, a indiqu\u00e9 le centre Carnegie pour le Moyen-Orient dans une analyse publi\u00e9e vendredi dernier, intitul\u00e9e \u00ab\u00a0une vie apr\u00e8s le djihadisme\u00a0\u00bb. &#013; &#013; &#013; Si jusqu\u2019ici, \u00ab\u00a0il n\u2019existe aucun mod\u00e8le ou programme id\u00e9al pour le d\u00e9sengagement\" \/>\n<meta property=\"og:url\" content=\"https:\/\/www.info-algerie.com\/actualites\/deradicalisation-lapproche-algerienne-servira-de-modele-mondial-carnegie\/\" \/>\n<meta property=\"og:site_name\" content=\"info algerie\" \/>\n<meta property=\"article:publisher\" content=\"https:\/\/www.facebook.com\/infoalgerieactu\" \/>\n<meta property=\"article:published_time\" content=\"2017-11-20T08:47:06+00:00\" \/>\n<meta property=\"og:image\" content=\"https:\/\/www.info-algerie.com\/actualites\/wp-content\/uploads\/2017\/11\/41ffe95f70f1c5f171f6d9a57989ded1_S-1.jpg\" \/>\n\t<meta property=\"og:image:width\" content=\"280\" \/>\n\t<meta property=\"og:image:height\" content=\"165\" \/>\n\t<meta property=\"og:image:type\" content=\"image\/jpeg\" \/>\n<meta name=\"author\" content=\"La r\u00e9daction\" \/>\n<meta name=\"twitter:label1\" content=\"\u00c9crit par\" \/>\n\t<meta name=\"twitter:data1\" content=\"La r\u00e9daction\" \/>\n\t<meta name=\"twitter:label2\" content=\"Dur\u00e9e de lecture estim\u00e9e\" \/>\n\t<meta name=\"twitter:data2\" content=\"3 minutes\" \/>\n<script type=\"application\/ld+json\" class=\"yoast-schema-graph\">{\"@context\":\"https:\\\/\\\/schema.org\",\"@graph\":[{\"@type\":\"Article\",\"@id\":\"https:\\\/\\\/www.info-algerie.com\\\/actualites\\\/deradicalisation-lapproche-algerienne-servira-de-modele-mondial-carnegie\\\/#article\",\"isPartOf\":{\"@id\":\"https:\\\/\\\/www.info-algerie.com\\\/actualites\\\/deradicalisation-lapproche-algerienne-servira-de-modele-mondial-carnegie\\\/\"},\"author\":{\"name\":\"La r\u00e9daction\",\"@id\":\"https:\\\/\\\/www.info-algerie.com\\\/actualites\\\/#\\\/schema\\\/person\\\/847aaec44920825b843a08f30ec6aa1e\"},\"headline\":\"D\u00e9radicalisation: l\u2019approche alg\u00e9rienne servira de mod\u00e8le mondial (Carnegie)\",\"datePublished\":\"2017-11-20T08:47:06+00:00\",\"mainEntityOfPage\":{\"@id\":\"https:\\\/\\\/www.info-algerie.com\\\/actualites\\\/deradicalisation-lapproche-algerienne-servira-de-modele-mondial-carnegie\\\/\"},\"wordCount\":698,\"commentCount\":0,\"publisher\":{\"@id\":\"https:\\\/\\\/www.info-algerie.com\\\/actualites\\\/#organization\"},\"image\":{\"@id\":\"https:\\\/\\\/www.info-algerie.com\\\/actualites\\\/deradicalisation-lapproche-algerienne-servira-de-modele-mondial-carnegie\\\/#primaryimage\"},\"thumbnailUrl\":\"https:\\\/\\\/www.info-algerie.com\\\/actualites\\\/wp-content\\\/uploads\\\/2017\\\/11\\\/41ffe95f70f1c5f171f6d9a57989ded1_S-1.jpg\",\"keywords\":[\"ONU\"],\"articleSection\":[\"infos\"],\"inLanguage\":\"fr-FR\",\"potentialAction\":[{\"@type\":\"CommentAction\",\"name\":\"Comment\",\"target\":[\"https:\\\/\\\/www.info-algerie.com\\\/actualites\\\/deradicalisation-lapproche-algerienne-servira-de-modele-mondial-carnegie\\\/#respond\"]}]},{\"@type\":\"WebPage\",\"@id\":\"https:\\\/\\\/www.info-algerie.com\\\/actualites\\\/deradicalisation-lapproche-algerienne-servira-de-modele-mondial-carnegie\\\/\",\"url\":\"https:\\\/\\\/www.info-algerie.com\\\/actualites\\\/deradicalisation-lapproche-algerienne-servira-de-modele-mondial-carnegie\\\/\",\"name\":\"D\u00e9radicalisation: l\u2019approche alg\u00e9rienne servira de mod\u00e8le mondial (Carnegie) - info algerie\",\"isPartOf\":{\"@id\":\"https:\\\/\\\/www.info-algerie.com\\\/actualites\\\/#website\"},\"primaryImageOfPage\":{\"@id\":\"https:\\\/\\\/www.info-algerie.com\\\/actualites\\\/deradicalisation-lapproche-algerienne-servira-de-modele-mondial-carnegie\\\/#primaryimage\"},\"image\":{\"@id\":\"https:\\\/\\\/www.info-algerie.com\\\/actualites\\\/deradicalisation-lapproche-algerienne-servira-de-modele-mondial-carnegie\\\/#primaryimage\"},\"thumbnailUrl\":\"https:\\\/\\\/www.info-algerie.com\\\/actualites\\\/wp-content\\\/uploads\\\/2017\\\/11\\\/41ffe95f70f1c5f171f6d9a57989ded1_S-1.jpg\",\"datePublished\":\"2017-11-20T08:47:06+00:00\",\"breadcrumb\":{\"@id\":\"https:\\\/\\\/www.info-algerie.com\\\/actualites\\\/deradicalisation-lapproche-algerienne-servira-de-modele-mondial-carnegie\\\/#breadcrumb\"},\"inLanguage\":\"fr-FR\",\"potentialAction\":[{\"@type\":\"ReadAction\",\"target\":[\"https:\\\/\\\/www.info-algerie.com\\\/actualites\\\/deradicalisation-lapproche-algerienne-servira-de-modele-mondial-carnegie\\\/\"]}]},{\"@type\":\"ImageObject\",\"inLanguage\":\"fr-FR\",\"@id\":\"https:\\\/\\\/www.info-algerie.com\\\/actualites\\\/deradicalisation-lapproche-algerienne-servira-de-modele-mondial-carnegie\\\/#primaryimage\",\"url\":\"https:\\\/\\\/www.info-algerie.com\\\/actualites\\\/wp-content\\\/uploads\\\/2017\\\/11\\\/41ffe95f70f1c5f171f6d9a57989ded1_S-1.jpg\",\"contentUrl\":\"https:\\\/\\\/www.info-algerie.com\\\/actualites\\\/wp-content\\\/uploads\\\/2017\\\/11\\\/41ffe95f70f1c5f171f6d9a57989ded1_S-1.jpg\",\"width\":280,\"height\":165},{\"@type\":\"BreadcrumbList\",\"@id\":\"https:\\\/\\\/www.info-algerie.com\\\/actualites\\\/deradicalisation-lapproche-algerienne-servira-de-modele-mondial-carnegie\\\/#breadcrumb\",\"itemListElement\":[{\"@type\":\"ListItem\",\"position\":1,\"name\":\"Accueil\",\"item\":\"https:\\\/\\\/www.info-algerie.com\\\/actualites\\\/\"},{\"@type\":\"ListItem\",\"position\":2,\"name\":\"D\u00e9radicalisation: l\u2019approche alg\u00e9rienne servira de mod\u00e8le mondial (Carnegie)\"}]},{\"@type\":\"WebSite\",\"@id\":\"https:\\\/\\\/www.info-algerie.com\\\/actualites\\\/#website\",\"url\":\"https:\\\/\\\/www.info-algerie.com\\\/actualites\\\/\",\"name\":\"info algerie\",\"description\":\"Toutes les actualit\u00e9s\",\"publisher\":{\"@id\":\"https:\\\/\\\/www.info-algerie.com\\\/actualites\\\/#organization\"},\"potentialAction\":[{\"@type\":\"SearchAction\",\"target\":{\"@type\":\"EntryPoint\",\"urlTemplate\":\"https:\\\/\\\/www.info-algerie.com\\\/actualites\\\/?s={search_term_string}\"},\"query-input\":{\"@type\":\"PropertyValueSpecification\",\"valueRequired\":true,\"valueName\":\"search_term_string\"}}],\"inLanguage\":\"fr-FR\"},{\"@type\":\"Organization\",\"@id\":\"https:\\\/\\\/www.info-algerie.com\\\/actualites\\\/#organization\",\"name\":\"info algerie\",\"url\":\"https:\\\/\\\/www.info-algerie.com\\\/actualites\\\/\",\"logo\":{\"@type\":\"ImageObject\",\"inLanguage\":\"fr-FR\",\"@id\":\"https:\\\/\\\/www.info-algerie.com\\\/actualites\\\/#\\\/schema\\\/logo\\\/image\\\/\",\"url\":\"https:\\\/\\\/www.info-algerie.com\\\/actualites\\\/wp-content\\\/uploads\\\/2022\\\/07\\\/logo-ia-120.png\",\"contentUrl\":\"https:\\\/\\\/www.info-algerie.com\\\/actualites\\\/wp-content\\\/uploads\\\/2022\\\/07\\\/logo-ia-120.png\",\"width\":120,\"height\":43,\"caption\":\"info algerie\"},\"image\":{\"@id\":\"https:\\\/\\\/www.info-algerie.com\\\/actualites\\\/#\\\/schema\\\/logo\\\/image\\\/\"},\"sameAs\":[\"https:\\\/\\\/www.facebook.com\\\/infoalgerieactu\",\"https:\\\/\\\/x.com\\\/infoalgerie1\"]},{\"@type\":\"Person\",\"@id\":\"https:\\\/\\\/www.info-algerie.com\\\/actualites\\\/#\\\/schema\\\/person\\\/847aaec44920825b843a08f30ec6aa1e\",\"name\":\"La r\u00e9daction\",\"image\":{\"@type\":\"ImageObject\",\"inLanguage\":\"fr-FR\",\"@id\":\"https:\\\/\\\/secure.gravatar.com\\\/avatar\\\/769db425c6f465158149f1ffd6cf61ce7a8a879d11dfbef8288af36dfddd418c?s=96&d=mm&r=g\",\"url\":\"https:\\\/\\\/secure.gravatar.com\\\/avatar\\\/769db425c6f465158149f1ffd6cf61ce7a8a879d11dfbef8288af36dfddd418c?s=96&d=mm&r=g\",\"contentUrl\":\"https:\\\/\\\/secure.gravatar.com\\\/avatar\\\/769db425c6f465158149f1ffd6cf61ce7a8a879d11dfbef8288af36dfddd418c?s=96&d=mm&r=g\",\"caption\":\"La r\u00e9daction\"},\"sameAs\":[\"http:\\\/\\\/www.lkeria.com\\\/\"],\"url\":\"https:\\\/\\\/www.info-algerie.com\\\/actualites\\\/author\\\/chakib32\\\/\"}]}<\/script>\n<!-- \/ Yoast SEO plugin. -->","yoast_head_json":{"title":"D\u00e9radicalisation: l\u2019approche alg\u00e9rienne servira de mod\u00e8le mondial (Carnegie) - info algerie","robots":{"index":"index","follow":"follow","max-snippet":"max-snippet:-1","max-image-preview":"max-image-preview:large","max-video-preview":"max-video-preview:-1"},"canonical":"https:\/\/www.info-algerie.com\/actualites\/deradicalisation-lapproche-algerienne-servira-de-modele-mondial-carnegie\/","og_locale":"fr_FR","og_type":"article","og_title":"D\u00e9radicalisation: l\u2019approche alg\u00e9rienne servira de mod\u00e8le mondial (Carnegie) - info algerie","og_description":"WASHINGTON- L\u2019exp\u00e9rience alg\u00e9rienne en mati\u00e8re de d\u00e9radicalisation servira de mod\u00e8le de r\u00e9f\u00e9rence pour d\u2019autres initiatives de d\u00e9sengagement dans le monde, a indiqu\u00e9 le centre Carnegie pour le Moyen-Orient dans une analyse publi\u00e9e vendredi dernier, intitul\u00e9e \u00ab\u00a0une vie apr\u00e8s le djihadisme\u00a0\u00bb. &#013; &#013; &#013; Si jusqu\u2019ici, \u00ab\u00a0il n\u2019existe aucun mod\u00e8le ou programme id\u00e9al pour le d\u00e9sengagement","og_url":"https:\/\/www.info-algerie.com\/actualites\/deradicalisation-lapproche-algerienne-servira-de-modele-mondial-carnegie\/","og_site_name":"info algerie","article_publisher":"https:\/\/www.facebook.com\/infoalgerieactu","article_published_time":"2017-11-20T08:47:06+00:00","og_image":[{"width":280,"height":165,"url":"https:\/\/www.info-algerie.com\/actualites\/wp-content\/uploads\/2017\/11\/41ffe95f70f1c5f171f6d9a57989ded1_S-1.jpg","type":"image\/jpeg"}],"author":"La r\u00e9daction","twitter_misc":{"\u00c9crit par":"La r\u00e9daction","Dur\u00e9e de lecture estim\u00e9e":"3 minutes"},"schema":{"@context":"https:\/\/schema.org","@graph":[{"@type":"Article","@id":"https:\/\/www.info-algerie.com\/actualites\/deradicalisation-lapproche-algerienne-servira-de-modele-mondial-carnegie\/#article","isPartOf":{"@id":"https:\/\/www.info-algerie.com\/actualites\/deradicalisation-lapproche-algerienne-servira-de-modele-mondial-carnegie\/"},"author":{"name":"La r\u00e9daction","@id":"https:\/\/www.info-algerie.com\/actualites\/#\/schema\/person\/847aaec44920825b843a08f30ec6aa1e"},"headline":"D\u00e9radicalisation: l\u2019approche alg\u00e9rienne servira de mod\u00e8le mondial (Carnegie)","datePublished":"2017-11-20T08:47:06+00:00","mainEntityOfPage":{"@id":"https:\/\/www.info-algerie.com\/actualites\/deradicalisation-lapproche-algerienne-servira-de-modele-mondial-carnegie\/"},"wordCount":698,"commentCount":0,"publisher":{"@id":"https:\/\/www.info-algerie.com\/actualites\/#organization"},"image":{"@id":"https:\/\/www.info-algerie.com\/actualites\/deradicalisation-lapproche-algerienne-servira-de-modele-mondial-carnegie\/#primaryimage"},"thumbnailUrl":"https:\/\/www.info-algerie.com\/actualites\/wp-content\/uploads\/2017\/11\/41ffe95f70f1c5f171f6d9a57989ded1_S-1.jpg","keywords":["ONU"],"articleSection":["infos"],"inLanguage":"fr-FR","potentialAction":[{"@type":"CommentAction","name":"Comment","target":["https:\/\/www.info-algerie.com\/actualites\/deradicalisation-lapproche-algerienne-servira-de-modele-mondial-carnegie\/#respond"]}]},{"@type":"WebPage","@id":"https:\/\/www.info-algerie.com\/actualites\/deradicalisation-lapproche-algerienne-servira-de-modele-mondial-carnegie\/","url":"https:\/\/www.info-algerie.com\/actualites\/deradicalisation-lapproche-algerienne-servira-de-modele-mondial-carnegie\/","name":"D\u00e9radicalisation: l\u2019approche alg\u00e9rienne servira de mod\u00e8le mondial (Carnegie) - info algerie","isPartOf":{"@id":"https:\/\/www.info-algerie.com\/actualites\/#website"},"primaryImageOfPage":{"@id":"https:\/\/www.info-algerie.com\/actualites\/deradicalisation-lapproche-algerienne-servira-de-modele-mondial-carnegie\/#primaryimage"},"image":{"@id":"https:\/\/www.info-algerie.com\/actualites\/deradicalisation-lapproche-algerienne-servira-de-modele-mondial-carnegie\/#primaryimage"},"thumbnailUrl":"https:\/\/www.info-algerie.com\/actualites\/wp-content\/uploads\/2017\/11\/41ffe95f70f1c5f171f6d9a57989ded1_S-1.jpg","datePublished":"2017-11-20T08:47:06+00:00","breadcrumb":{"@id":"https:\/\/www.info-algerie.com\/actualites\/deradicalisation-lapproche-algerienne-servira-de-modele-mondial-carnegie\/#breadcrumb"},"inLanguage":"fr-FR","potentialAction":[{"@type":"ReadAction","target":["https:\/\/www.info-algerie.com\/actualites\/deradicalisation-lapproche-algerienne-servira-de-modele-mondial-carnegie\/"]}]},{"@type":"ImageObject","inLanguage":"fr-FR","@id":"https:\/\/www.info-algerie.com\/actualites\/deradicalisation-lapproche-algerienne-servira-de-modele-mondial-carnegie\/#primaryimage","url":"https:\/\/www.info-algerie.com\/actualites\/wp-content\/uploads\/2017\/11\/41ffe95f70f1c5f171f6d9a57989ded1_S-1.jpg","contentUrl":"https:\/\/www.info-algerie.com\/actualites\/wp-content\/uploads\/2017\/11\/41ffe95f70f1c5f171f6d9a57989ded1_S-1.jpg","width":280,"height":165},{"@type":"BreadcrumbList","@id":"https:\/\/www.info-algerie.com\/actualites\/deradicalisation-lapproche-algerienne-servira-de-modele-mondial-carnegie\/#breadcrumb","itemListElement":[{"@type":"ListItem","position":1,"name":"Accueil","item":"https:\/\/www.info-algerie.com\/actualites\/"},{"@type":"ListItem","position":2,"name":"D\u00e9radicalisation: l\u2019approche alg\u00e9rienne servira de mod\u00e8le mondial (Carnegie)"}]},{"@type":"WebSite","@id":"https:\/\/www.info-algerie.com\/actualites\/#website","url":"https:\/\/www.info-algerie.com\/actualites\/","name":"info algerie","description":"Toutes les actualit\u00e9s","publisher":{"@id":"https:\/\/www.info-algerie.com\/actualites\/#organization"},"potentialAction":[{"@type":"SearchAction","target":{"@type":"EntryPoint","urlTemplate":"https:\/\/www.info-algerie.com\/actualites\/?s={search_term_string}"},"query-input":{"@type":"PropertyValueSpecification","valueRequired":true,"valueName":"search_term_string"}}],"inLanguage":"fr-FR"},{"@type":"Organization","@id":"https:\/\/www.info-algerie.com\/actualites\/#organization","name":"info algerie","url":"https:\/\/www.info-algerie.com\/actualites\/","logo":{"@type":"ImageObject","inLanguage":"fr-FR","@id":"https:\/\/www.info-algerie.com\/actualites\/#\/schema\/logo\/image\/","url":"https:\/\/www.info-algerie.com\/actualites\/wp-content\/uploads\/2022\/07\/logo-ia-120.png","contentUrl":"https:\/\/www.info-algerie.com\/actualites\/wp-content\/uploads\/2022\/07\/logo-ia-120.png","width":120,"height":43,"caption":"info algerie"},"image":{"@id":"https:\/\/www.info-algerie.com\/actualites\/#\/schema\/logo\/image\/"},"sameAs":["https:\/\/www.facebook.com\/infoalgerieactu","https:\/\/x.com\/infoalgerie1"]},{"@type":"Person","@id":"https:\/\/www.info-algerie.com\/actualites\/#\/schema\/person\/847aaec44920825b843a08f30ec6aa1e","name":"La r\u00e9daction","image":{"@type":"ImageObject","inLanguage":"fr-FR","@id":"https:\/\/secure.gravatar.com\/avatar\/769db425c6f465158149f1ffd6cf61ce7a8a879d11dfbef8288af36dfddd418c?s=96&d=mm&r=g","url":"https:\/\/secure.gravatar.com\/avatar\/769db425c6f465158149f1ffd6cf61ce7a8a879d11dfbef8288af36dfddd418c?s=96&d=mm&r=g","contentUrl":"https:\/\/secure.gravatar.com\/avatar\/769db425c6f465158149f1ffd6cf61ce7a8a879d11dfbef8288af36dfddd418c?s=96&d=mm&r=g","caption":"La r\u00e9daction"},"sameAs":["http:\/\/www.lkeria.com\/"],"url":"https:\/\/www.info-algerie.com\/actualites\/author\/chakib32\/"}]}},"_links":{"self":[{"href":"https:\/\/www.info-algerie.com\/actualites\/wp-json\/wp\/v2\/posts\/18231","targetHints":{"allow":["GET"]}}],"collection":[{"href":"https:\/\/www.info-algerie.com\/actualites\/wp-json\/wp\/v2\/posts"}],"about":[{"href":"https:\/\/www.info-algerie.com\/actualites\/wp-json\/wp\/v2\/types\/post"}],"author":[{"embeddable":true,"href":"https:\/\/www.info-algerie.com\/actualites\/wp-json\/wp\/v2\/users\/6"}],"replies":[{"embeddable":true,"href":"https:\/\/www.info-algerie.com\/actualites\/wp-json\/wp\/v2\/comments?post=18231"}],"version-history":[{"count":0,"href":"https:\/\/www.info-algerie.com\/actualites\/wp-json\/wp\/v2\/posts\/18231\/revisions"}],"wp:featuredmedia":[{"embeddable":true,"href":"https:\/\/www.info-algerie.com\/actualites\/wp-json\/wp\/v2\/media\/18232"}],"wp:attachment":[{"href":"https:\/\/www.info-algerie.com\/actualites\/wp-json\/wp\/v2\/media?parent=18231"}],"wp:term":[{"taxonomy":"category","embeddable":true,"href":"https:\/\/www.info-algerie.com\/actualites\/wp-json\/wp\/v2\/categories?post=18231"},{"taxonomy":"post_tag","embeddable":true,"href":"https:\/\/www.info-algerie.com\/actualites\/wp-json\/wp\/v2\/tags?post=18231"}],"curies":[{"name":"wp","href":"https:\/\/api.w.org\/{rel}","templated":true}]}}