{"id":18240,"date":"2017-11-20T13:46:46","date_gmt":"2017-11-20T12:46:46","guid":{"rendered":"http:\/\/www.info-algerie.com\/actualites\/les-etudiants-algeriens-en-france-ne-beneficient-pas-de-facilites-de-sejour\/"},"modified":"2017-11-20T13:46:46","modified_gmt":"2017-11-20T12:46:46","slug":"les-etudiants-algeriens-en-france-ne-beneficient-pas-de-facilites-de-sejour","status":"publish","type":"post","link":"https:\/\/www.info-algerie.com\/actualites\/les-etudiants-algeriens-en-france-ne-beneficient-pas-de-facilites-de-sejour\/","title":{"rendered":"Les \u00e9tudiants alg\u00e9riens en France ne b\u00e9n\u00e9ficient pas de facilit\u00e9s de s\u00e9jour"},"content":{"rendered":"<div class=\"K2FeedImage\"><img decoding=\"async\" src=\"https:\/\/www.info-algerie.com\/actualites\/wp-content\/uploads\/2017\/11\/22c143b171ee74ffb32da86284f5fd86_S.jpg\" alt=\"Les &#xE9;tudiants alg&#xE9;riens en France ne b&#xE9;n&#xE9;ficient pas de facilit&#xE9;s de s&#xE9;jour\" \/><\/div>\n<div class=\"K2FeedIntroText\">\n<p class=\"MsoNoSpacing\">PARIS-Les \u00e9tudiants alg\u00e9riens en France ne b\u00e9n\u00e9ficient pas de facilit\u00e9s de s\u00e9jour et de maintien sur le territoire, indique lundi un rapport de l\u2019Organisation de la coop\u00e9ration et du d\u00e9veloppement \u00e9conomiques (OCDE), recommandant l\u2019ajustement de l\u2019accord bilat\u00e9ral de 1968.<\/p>\n<p>&#013;\n<\/p><\/div>\n<div class=\"K2FeedFullText\">&#013;<\/p>\n<blockquote><p>&#013;<\/p>\n<p><em><strong>La situation des \u00e9tudiants alg\u00e9riens en France \u00ab\u00a0est particuli\u00e8re par rapport aux autres \u00e9tudiants \u00e9trangers\u00a0\u00bb, rel\u00e8ve le rapport sur le recrutement des travailleurs immigr\u00e9s en France qui souligne que \u00ab\u00a0r\u00e9gis par l\u2019accord franco-alg\u00e9rien de 1968, les \u00e9tudiants de ce pays ne b\u00e9n\u00e9ficient pas des nouvelles dispositions facilitant le s\u00e9jour des \u00e9tudiants et leur maintien sur le territoire\u00a0\u00bb.<\/strong><\/em><\/p>\n<p>&#013;\n<\/p><\/blockquote>\n<p>&#013;<\/p>\n<p>Il fait observer que \u00ab\u00a0malgr\u00e9 ces d\u00e9savantages, le taux de maintien au s\u00e9jour des anciens \u00e9tudiants alg\u00e9riens apr\u00e8s sept ans de s\u00e9jour, figure parmi les plus \u00e9lev\u00e9s (53 % pour la cohorte 2002, 44 % pour la cohorte 2008) et devrait progresser d\u2019apr\u00e8s les donn\u00e9es sur quatre ans de la cohorte 2011\u00a0\u00bb.<\/p>\n<p>&#013;<\/p>\n<hr \/>\n<p class=\"MsoNoSpacing\"><a href=\"http:\/\/www.oran-aps.dz\/spip.php?article22872\">Lire aussi\u00a0: La coop\u00e9ration algero-fran\u00e7aise examin\u00e9e \u00e0 Alger et Oran<\/a><\/p>\n<p>&#013;<\/p>\n<hr \/>\n<p>Le rapport pr\u00e9cise \u00e9galement que les trois quarts des anciens \u00e9tudiants alg\u00e9riens ayant chang\u00e9 de statut le font vers un \u00ab\u00a0motif familial\u00a0\u00bb, relevant que \u00ab\u00a0l\u2019acc\u00e8s \u00e0 des titres tr\u00e8s qualifi\u00e9s reste toujours aussi minoritaire\u00a0\u00bb.<\/p>\n<p>&#013;<\/p>\n<blockquote><p>&#013;<\/p>\n<p><em><strong>Pour l\u2019OCDE, la question se pose de l\u2019ajustement des conditions pr\u00e9valant dans l\u2019accord franco-alg\u00e9rien sur le droit commun, estimant qu'\u00a0\u00bbacc\u00e9der plus facilement \u00e0 des changements de statut permettrait aux Alg\u00e9riens dipl\u00f4m\u00e9s en France de mieux lier leurs profils avec les besoins du march\u00e9\u00a0 du travail\u00a0\u00bb.<\/strong><\/em><\/p>\n<p>&#013;\n<\/p><\/blockquote>\n<p>&#013;<\/p>\n<p>Par ailleurs, l\u2019\u00e9tude de 346 pages fait ressortir que, de fa\u00e7on g\u00e9n\u00e9rale, les \u00e9trangers dipl\u00f4m\u00e9s en France sont \u00ab\u00a0sous repr\u00e9sent\u00e9s dans les professions et en difficult\u00e9 de recrutement\u00a0\u00bb.<\/p>\n<p>&#013;<\/p>\n<blockquote><p>&#013;<\/p>\n<p><em><strong>\u00ab\u00a0Pr\u00e8s d\u2019un tiers d&rsquo;\u00e9tudiants \u00e9trangers se maintiennent sur le territoire (France) \u00e0 l\u2019issue de leurs \u00e9tudes, ce qui repr\u00e9sente une des proportions les plus \u00e9lev\u00e9es parmi les pays de l\u2019OCDE. Toutefois, les ressortissants de pays tiers dipl\u00f4m\u00e9s en France sont sous repr\u00e9sent\u00e9s dans les professions en difficult\u00e9 de recrutement et leur insertion sur le march\u00e9 du travail \u00e0 moyen terme n\u2019est pas toujours aussi favorable qu\u2019escompt\u00e9\u00a0\u00bb, a-t-on expliqu\u00e9, indiquant que les pays de l\u2019OCDE \u00ab\u00a0se livrent une concurrence pour attirer et retenir les \u00e9tudiants internationaux\u00a0\u00bb.<\/strong><\/em><\/p>\n<p>&#013;\n<\/p><\/blockquote>\n<p>&#013;<\/p>\n<p>Pour l\u2019\u00e9tude, les raisons sont \u00ab\u00a0diverses\u00a0\u00bb, dont notamment le fait, d\u2019une part, que les \u00e9tudiants \u00e9trangers paient des frais d\u2019inscription qui peuvent \u00eatre relativement \u00e9lev\u00e9s : les attirer rev\u00eat donc un int\u00e9r\u00eat \u00e9conomique et, d\u2019autre part, ils peuvent constituer un vivier potentiel de main-d\u2019oeuvre qualifi\u00e9e.<\/p>\n<p>&#013;<\/p>\n<p>En outre, la composition par nationalit\u00e9 des \u00e9tudiants \u00e9trangers de pays tiers inscrits en France \u00ab\u00a0est li\u00e9e \u00e0 son histoire et ses relations avec un grand nombre de pays d\u2019Afrique subsaharienne\u00a0\u00bb, explique le rapport qui souligne que la part des \u00e9tudiants marocains, tunisiens ou ivoiriens \u00ab\u00a0est de 7 \u00e0 15 fois plus \u00e9lev\u00e9e en France que dans le reste des pays europ\u00e9ens de l\u2019OCDE, et au moins 40 fois plus \u00e9lev\u00e9e pour un grand nombre de ressortissants de pays d\u2019Afrique comme l\u2019Alg\u00e9rie, le S\u00e9n\u00e9gal, le Gabon et le Madagascar\u00a0\u00bb.<\/p>\n<\/div>\n<p>&#013;<br \/>\nSource: <a href=\"http:\/\/www.aps.dz\/algerie\/65946-les-etudiants-algeriens-en-france-ne-beneficient-pas-de-facilites-de-sejour\" target=\"_blank\">Les \u00e9tudiants alg\u00e9riens en France ne b\u00e9n\u00e9ficient pas de facilit\u00e9s de s\u00e9jour<\/a><\/p>\n<!--CusAds0-->\n<div style=\"font-size: 0px; height: 0px; line-height: 0px; margin: 0; padding: 0; clear: both;\"><\/div>","protected":false},"excerpt":{"rendered":"<p>PARIS-Les \u00e9tudiants alg\u00e9riens en France ne b\u00e9n\u00e9ficient pas de facilit\u00e9s de s\u00e9jour et de maintien sur le territoire, indique lundi un rapport de l\u2019Organisation de la coop\u00e9ration et du d\u00e9veloppement \u00e9conomiques (OCDE), recommandant l\u2019ajustement de l\u2019accord bilat\u00e9ral de 1968. &#013; &#013; &#013; La situation des \u00e9tudiants alg\u00e9riens en France \u00ab\u00a0est particuli\u00e8re par rapport aux autres<\/p>\n","protected":false},"author":6,"featured_media":18241,"comment_status":"open","ping_status":"open","sticky":false,"template":"","format":"standard","meta":{"footnotes":""},"categories":[22],"tags":[93],"class_list":["post-18240","post","type-post","status-publish","format-standard","has-post-thumbnail","hentry","category-infos","tag-onu"],"yoast_head":"<!-- This site is optimized with the Yoast SEO plugin v27.5 - https:\/\/yoast.com\/product\/yoast-seo-wordpress\/ -->\n<title>Les \u00e9tudiants alg\u00e9riens en France ne b\u00e9n\u00e9ficient pas de facilit\u00e9s de s\u00e9jour - info algerie<\/title>\n<meta name=\"robots\" content=\"index, follow, max-snippet:-1, max-image-preview:large, max-video-preview:-1\" \/>\n<link rel=\"canonical\" href=\"https:\/\/www.info-algerie.com\/actualites\/les-etudiants-algeriens-en-france-ne-beneficient-pas-de-facilites-de-sejour\/\" \/>\n<meta property=\"og:locale\" content=\"fr_FR\" \/>\n<meta property=\"og:type\" content=\"article\" \/>\n<meta property=\"og:title\" content=\"Les \u00e9tudiants alg\u00e9riens en France ne b\u00e9n\u00e9ficient pas de facilit\u00e9s de s\u00e9jour - info algerie\" \/>\n<meta property=\"og:description\" content=\"PARIS-Les \u00e9tudiants alg\u00e9riens en France ne b\u00e9n\u00e9ficient pas de facilit\u00e9s de s\u00e9jour et de maintien sur le territoire, indique lundi un rapport de l\u2019Organisation de la coop\u00e9ration et du d\u00e9veloppement \u00e9conomiques (OCDE), recommandant l\u2019ajustement de l\u2019accord bilat\u00e9ral de 1968. &#013; &#013; &#013; La situation des \u00e9tudiants alg\u00e9riens en France \u00ab\u00a0est particuli\u00e8re par rapport aux autres\" \/>\n<meta property=\"og:url\" content=\"https:\/\/www.info-algerie.com\/actualites\/les-etudiants-algeriens-en-france-ne-beneficient-pas-de-facilites-de-sejour\/\" \/>\n<meta property=\"og:site_name\" content=\"info algerie\" \/>\n<meta property=\"article:publisher\" content=\"https:\/\/www.facebook.com\/infoalgerieactu\" \/>\n<meta property=\"article:published_time\" content=\"2017-11-20T12:46:46+00:00\" \/>\n<meta property=\"og:image\" content=\"https:\/\/www.info-algerie.com\/actualites\/wp-content\/uploads\/2017\/11\/22c143b171ee74ffb32da86284f5fd86_S-1.jpg\" \/>\n\t<meta property=\"og:image:width\" content=\"280\" \/>\n\t<meta property=\"og:image:height\" content=\"140\" \/>\n\t<meta property=\"og:image:type\" content=\"image\/jpeg\" \/>\n<meta name=\"author\" content=\"La r\u00e9daction\" \/>\n<meta name=\"twitter:label1\" content=\"\u00c9crit par\" \/>\n\t<meta name=\"twitter:data1\" content=\"La r\u00e9daction\" \/>\n\t<meta name=\"twitter:label2\" content=\"Dur\u00e9e de lecture estim\u00e9e\" \/>\n\t<meta name=\"twitter:data2\" content=\"3 minutes\" \/>\n<script type=\"application\/ld+json\" class=\"yoast-schema-graph\">{\"@context\":\"https:\\\/\\\/schema.org\",\"@graph\":[{\"@type\":\"Article\",\"@id\":\"https:\\\/\\\/www.info-algerie.com\\\/actualites\\\/les-etudiants-algeriens-en-france-ne-beneficient-pas-de-facilites-de-sejour\\\/#article\",\"isPartOf\":{\"@id\":\"https:\\\/\\\/www.info-algerie.com\\\/actualites\\\/les-etudiants-algeriens-en-france-ne-beneficient-pas-de-facilites-de-sejour\\\/\"},\"author\":{\"name\":\"La r\u00e9daction\",\"@id\":\"https:\\\/\\\/www.info-algerie.com\\\/actualites\\\/#\\\/schema\\\/person\\\/847aaec44920825b843a08f30ec6aa1e\"},\"headline\":\"Les \u00e9tudiants alg\u00e9riens en France ne b\u00e9n\u00e9ficient pas de facilit\u00e9s de s\u00e9jour\",\"datePublished\":\"2017-11-20T12:46:46+00:00\",\"mainEntityOfPage\":{\"@id\":\"https:\\\/\\\/www.info-algerie.com\\\/actualites\\\/les-etudiants-algeriens-en-france-ne-beneficient-pas-de-facilites-de-sejour\\\/\"},\"wordCount\":590,\"commentCount\":0,\"publisher\":{\"@id\":\"https:\\\/\\\/www.info-algerie.com\\\/actualites\\\/#organization\"},\"image\":{\"@id\":\"https:\\\/\\\/www.info-algerie.com\\\/actualites\\\/les-etudiants-algeriens-en-france-ne-beneficient-pas-de-facilites-de-sejour\\\/#primaryimage\"},\"thumbnailUrl\":\"https:\\\/\\\/www.info-algerie.com\\\/actualites\\\/wp-content\\\/uploads\\\/2017\\\/11\\\/22c143b171ee74ffb32da86284f5fd86_S-1.jpg\",\"keywords\":[\"ONU\"],\"articleSection\":[\"infos\"],\"inLanguage\":\"fr-FR\",\"potentialAction\":[{\"@type\":\"CommentAction\",\"name\":\"Comment\",\"target\":[\"https:\\\/\\\/www.info-algerie.com\\\/actualites\\\/les-etudiants-algeriens-en-france-ne-beneficient-pas-de-facilites-de-sejour\\\/#respond\"]}]},{\"@type\":\"WebPage\",\"@id\":\"https:\\\/\\\/www.info-algerie.com\\\/actualites\\\/les-etudiants-algeriens-en-france-ne-beneficient-pas-de-facilites-de-sejour\\\/\",\"url\":\"https:\\\/\\\/www.info-algerie.com\\\/actualites\\\/les-etudiants-algeriens-en-france-ne-beneficient-pas-de-facilites-de-sejour\\\/\",\"name\":\"Les \u00e9tudiants alg\u00e9riens en France ne b\u00e9n\u00e9ficient pas de facilit\u00e9s de s\u00e9jour - info algerie\",\"isPartOf\":{\"@id\":\"https:\\\/\\\/www.info-algerie.com\\\/actualites\\\/#website\"},\"primaryImageOfPage\":{\"@id\":\"https:\\\/\\\/www.info-algerie.com\\\/actualites\\\/les-etudiants-algeriens-en-france-ne-beneficient-pas-de-facilites-de-sejour\\\/#primaryimage\"},\"image\":{\"@id\":\"https:\\\/\\\/www.info-algerie.com\\\/actualites\\\/les-etudiants-algeriens-en-france-ne-beneficient-pas-de-facilites-de-sejour\\\/#primaryimage\"},\"thumbnailUrl\":\"https:\\\/\\\/www.info-algerie.com\\\/actualites\\\/wp-content\\\/uploads\\\/2017\\\/11\\\/22c143b171ee74ffb32da86284f5fd86_S-1.jpg\",\"datePublished\":\"2017-11-20T12:46:46+00:00\",\"breadcrumb\":{\"@id\":\"https:\\\/\\\/www.info-algerie.com\\\/actualites\\\/les-etudiants-algeriens-en-france-ne-beneficient-pas-de-facilites-de-sejour\\\/#breadcrumb\"},\"inLanguage\":\"fr-FR\",\"potentialAction\":[{\"@type\":\"ReadAction\",\"target\":[\"https:\\\/\\\/www.info-algerie.com\\\/actualites\\\/les-etudiants-algeriens-en-france-ne-beneficient-pas-de-facilites-de-sejour\\\/\"]}]},{\"@type\":\"ImageObject\",\"inLanguage\":\"fr-FR\",\"@id\":\"https:\\\/\\\/www.info-algerie.com\\\/actualites\\\/les-etudiants-algeriens-en-france-ne-beneficient-pas-de-facilites-de-sejour\\\/#primaryimage\",\"url\":\"https:\\\/\\\/www.info-algerie.com\\\/actualites\\\/wp-content\\\/uploads\\\/2017\\\/11\\\/22c143b171ee74ffb32da86284f5fd86_S-1.jpg\",\"contentUrl\":\"https:\\\/\\\/www.info-algerie.com\\\/actualites\\\/wp-content\\\/uploads\\\/2017\\\/11\\\/22c143b171ee74ffb32da86284f5fd86_S-1.jpg\",\"width\":280,\"height\":140},{\"@type\":\"BreadcrumbList\",\"@id\":\"https:\\\/\\\/www.info-algerie.com\\\/actualites\\\/les-etudiants-algeriens-en-france-ne-beneficient-pas-de-facilites-de-sejour\\\/#breadcrumb\",\"itemListElement\":[{\"@type\":\"ListItem\",\"position\":1,\"name\":\"Accueil\",\"item\":\"https:\\\/\\\/www.info-algerie.com\\\/actualites\\\/\"},{\"@type\":\"ListItem\",\"position\":2,\"name\":\"Les \u00e9tudiants alg\u00e9riens en France ne b\u00e9n\u00e9ficient pas de facilit\u00e9s de s\u00e9jour\"}]},{\"@type\":\"WebSite\",\"@id\":\"https:\\\/\\\/www.info-algerie.com\\\/actualites\\\/#website\",\"url\":\"https:\\\/\\\/www.info-algerie.com\\\/actualites\\\/\",\"name\":\"info algerie\",\"description\":\"Toutes les actualit\u00e9s\",\"publisher\":{\"@id\":\"https:\\\/\\\/www.info-algerie.com\\\/actualites\\\/#organization\"},\"potentialAction\":[{\"@type\":\"SearchAction\",\"target\":{\"@type\":\"EntryPoint\",\"urlTemplate\":\"https:\\\/\\\/www.info-algerie.com\\\/actualites\\\/?s={search_term_string}\"},\"query-input\":{\"@type\":\"PropertyValueSpecification\",\"valueRequired\":true,\"valueName\":\"search_term_string\"}}],\"inLanguage\":\"fr-FR\"},{\"@type\":\"Organization\",\"@id\":\"https:\\\/\\\/www.info-algerie.com\\\/actualites\\\/#organization\",\"name\":\"info algerie\",\"url\":\"https:\\\/\\\/www.info-algerie.com\\\/actualites\\\/\",\"logo\":{\"@type\":\"ImageObject\",\"inLanguage\":\"fr-FR\",\"@id\":\"https:\\\/\\\/www.info-algerie.com\\\/actualites\\\/#\\\/schema\\\/logo\\\/image\\\/\",\"url\":\"https:\\\/\\\/www.info-algerie.com\\\/actualites\\\/wp-content\\\/uploads\\\/2022\\\/07\\\/logo-ia-120.png\",\"contentUrl\":\"https:\\\/\\\/www.info-algerie.com\\\/actualites\\\/wp-content\\\/uploads\\\/2022\\\/07\\\/logo-ia-120.png\",\"width\":120,\"height\":43,\"caption\":\"info algerie\"},\"image\":{\"@id\":\"https:\\\/\\\/www.info-algerie.com\\\/actualites\\\/#\\\/schema\\\/logo\\\/image\\\/\"},\"sameAs\":[\"https:\\\/\\\/www.facebook.com\\\/infoalgerieactu\",\"https:\\\/\\\/x.com\\\/infoalgerie1\"]},{\"@type\":\"Person\",\"@id\":\"https:\\\/\\\/www.info-algerie.com\\\/actualites\\\/#\\\/schema\\\/person\\\/847aaec44920825b843a08f30ec6aa1e\",\"name\":\"La r\u00e9daction\",\"image\":{\"@type\":\"ImageObject\",\"inLanguage\":\"fr-FR\",\"@id\":\"https:\\\/\\\/secure.gravatar.com\\\/avatar\\\/769db425c6f465158149f1ffd6cf61ce7a8a879d11dfbef8288af36dfddd418c?s=96&d=mm&r=g\",\"url\":\"https:\\\/\\\/secure.gravatar.com\\\/avatar\\\/769db425c6f465158149f1ffd6cf61ce7a8a879d11dfbef8288af36dfddd418c?s=96&d=mm&r=g\",\"contentUrl\":\"https:\\\/\\\/secure.gravatar.com\\\/avatar\\\/769db425c6f465158149f1ffd6cf61ce7a8a879d11dfbef8288af36dfddd418c?s=96&d=mm&r=g\",\"caption\":\"La r\u00e9daction\"},\"sameAs\":[\"http:\\\/\\\/www.lkeria.com\\\/\"],\"url\":\"https:\\\/\\\/www.info-algerie.com\\\/actualites\\\/author\\\/chakib32\\\/\"}]}<\/script>\n<!-- \/ Yoast SEO plugin. -->","yoast_head_json":{"title":"Les \u00e9tudiants alg\u00e9riens en France ne b\u00e9n\u00e9ficient pas de facilit\u00e9s de s\u00e9jour - info algerie","robots":{"index":"index","follow":"follow","max-snippet":"max-snippet:-1","max-image-preview":"max-image-preview:large","max-video-preview":"max-video-preview:-1"},"canonical":"https:\/\/www.info-algerie.com\/actualites\/les-etudiants-algeriens-en-france-ne-beneficient-pas-de-facilites-de-sejour\/","og_locale":"fr_FR","og_type":"article","og_title":"Les \u00e9tudiants alg\u00e9riens en France ne b\u00e9n\u00e9ficient pas de facilit\u00e9s de s\u00e9jour - info algerie","og_description":"PARIS-Les \u00e9tudiants alg\u00e9riens en France ne b\u00e9n\u00e9ficient pas de facilit\u00e9s de s\u00e9jour et de maintien sur le territoire, indique lundi un rapport de l\u2019Organisation de la coop\u00e9ration et du d\u00e9veloppement \u00e9conomiques (OCDE), recommandant l\u2019ajustement de l\u2019accord bilat\u00e9ral de 1968. &#013; &#013; &#013; La situation des \u00e9tudiants alg\u00e9riens en France \u00ab\u00a0est particuli\u00e8re par rapport aux autres","og_url":"https:\/\/www.info-algerie.com\/actualites\/les-etudiants-algeriens-en-france-ne-beneficient-pas-de-facilites-de-sejour\/","og_site_name":"info algerie","article_publisher":"https:\/\/www.facebook.com\/infoalgerieactu","article_published_time":"2017-11-20T12:46:46+00:00","og_image":[{"width":280,"height":140,"url":"https:\/\/www.info-algerie.com\/actualites\/wp-content\/uploads\/2017\/11\/22c143b171ee74ffb32da86284f5fd86_S-1.jpg","type":"image\/jpeg"}],"author":"La r\u00e9daction","twitter_misc":{"\u00c9crit par":"La r\u00e9daction","Dur\u00e9e de lecture estim\u00e9e":"3 minutes"},"schema":{"@context":"https:\/\/schema.org","@graph":[{"@type":"Article","@id":"https:\/\/www.info-algerie.com\/actualites\/les-etudiants-algeriens-en-france-ne-beneficient-pas-de-facilites-de-sejour\/#article","isPartOf":{"@id":"https:\/\/www.info-algerie.com\/actualites\/les-etudiants-algeriens-en-france-ne-beneficient-pas-de-facilites-de-sejour\/"},"author":{"name":"La r\u00e9daction","@id":"https:\/\/www.info-algerie.com\/actualites\/#\/schema\/person\/847aaec44920825b843a08f30ec6aa1e"},"headline":"Les \u00e9tudiants alg\u00e9riens en France ne b\u00e9n\u00e9ficient pas de facilit\u00e9s de s\u00e9jour","datePublished":"2017-11-20T12:46:46+00:00","mainEntityOfPage":{"@id":"https:\/\/www.info-algerie.com\/actualites\/les-etudiants-algeriens-en-france-ne-beneficient-pas-de-facilites-de-sejour\/"},"wordCount":590,"commentCount":0,"publisher":{"@id":"https:\/\/www.info-algerie.com\/actualites\/#organization"},"image":{"@id":"https:\/\/www.info-algerie.com\/actualites\/les-etudiants-algeriens-en-france-ne-beneficient-pas-de-facilites-de-sejour\/#primaryimage"},"thumbnailUrl":"https:\/\/www.info-algerie.com\/actualites\/wp-content\/uploads\/2017\/11\/22c143b171ee74ffb32da86284f5fd86_S-1.jpg","keywords":["ONU"],"articleSection":["infos"],"inLanguage":"fr-FR","potentialAction":[{"@type":"CommentAction","name":"Comment","target":["https:\/\/www.info-algerie.com\/actualites\/les-etudiants-algeriens-en-france-ne-beneficient-pas-de-facilites-de-sejour\/#respond"]}]},{"@type":"WebPage","@id":"https:\/\/www.info-algerie.com\/actualites\/les-etudiants-algeriens-en-france-ne-beneficient-pas-de-facilites-de-sejour\/","url":"https:\/\/www.info-algerie.com\/actualites\/les-etudiants-algeriens-en-france-ne-beneficient-pas-de-facilites-de-sejour\/","name":"Les \u00e9tudiants alg\u00e9riens en France ne b\u00e9n\u00e9ficient pas de facilit\u00e9s de s\u00e9jour - info algerie","isPartOf":{"@id":"https:\/\/www.info-algerie.com\/actualites\/#website"},"primaryImageOfPage":{"@id":"https:\/\/www.info-algerie.com\/actualites\/les-etudiants-algeriens-en-france-ne-beneficient-pas-de-facilites-de-sejour\/#primaryimage"},"image":{"@id":"https:\/\/www.info-algerie.com\/actualites\/les-etudiants-algeriens-en-france-ne-beneficient-pas-de-facilites-de-sejour\/#primaryimage"},"thumbnailUrl":"https:\/\/www.info-algerie.com\/actualites\/wp-content\/uploads\/2017\/11\/22c143b171ee74ffb32da86284f5fd86_S-1.jpg","datePublished":"2017-11-20T12:46:46+00:00","breadcrumb":{"@id":"https:\/\/www.info-algerie.com\/actualites\/les-etudiants-algeriens-en-france-ne-beneficient-pas-de-facilites-de-sejour\/#breadcrumb"},"inLanguage":"fr-FR","potentialAction":[{"@type":"ReadAction","target":["https:\/\/www.info-algerie.com\/actualites\/les-etudiants-algeriens-en-france-ne-beneficient-pas-de-facilites-de-sejour\/"]}]},{"@type":"ImageObject","inLanguage":"fr-FR","@id":"https:\/\/www.info-algerie.com\/actualites\/les-etudiants-algeriens-en-france-ne-beneficient-pas-de-facilites-de-sejour\/#primaryimage","url":"https:\/\/www.info-algerie.com\/actualites\/wp-content\/uploads\/2017\/11\/22c143b171ee74ffb32da86284f5fd86_S-1.jpg","contentUrl":"https:\/\/www.info-algerie.com\/actualites\/wp-content\/uploads\/2017\/11\/22c143b171ee74ffb32da86284f5fd86_S-1.jpg","width":280,"height":140},{"@type":"BreadcrumbList","@id":"https:\/\/www.info-algerie.com\/actualites\/les-etudiants-algeriens-en-france-ne-beneficient-pas-de-facilites-de-sejour\/#breadcrumb","itemListElement":[{"@type":"ListItem","position":1,"name":"Accueil","item":"https:\/\/www.info-algerie.com\/actualites\/"},{"@type":"ListItem","position":2,"name":"Les \u00e9tudiants alg\u00e9riens en France ne b\u00e9n\u00e9ficient pas de facilit\u00e9s de s\u00e9jour"}]},{"@type":"WebSite","@id":"https:\/\/www.info-algerie.com\/actualites\/#website","url":"https:\/\/www.info-algerie.com\/actualites\/","name":"info algerie","description":"Toutes les actualit\u00e9s","publisher":{"@id":"https:\/\/www.info-algerie.com\/actualites\/#organization"},"potentialAction":[{"@type":"SearchAction","target":{"@type":"EntryPoint","urlTemplate":"https:\/\/www.info-algerie.com\/actualites\/?s={search_term_string}"},"query-input":{"@type":"PropertyValueSpecification","valueRequired":true,"valueName":"search_term_string"}}],"inLanguage":"fr-FR"},{"@type":"Organization","@id":"https:\/\/www.info-algerie.com\/actualites\/#organization","name":"info algerie","url":"https:\/\/www.info-algerie.com\/actualites\/","logo":{"@type":"ImageObject","inLanguage":"fr-FR","@id":"https:\/\/www.info-algerie.com\/actualites\/#\/schema\/logo\/image\/","url":"https:\/\/www.info-algerie.com\/actualites\/wp-content\/uploads\/2022\/07\/logo-ia-120.png","contentUrl":"https:\/\/www.info-algerie.com\/actualites\/wp-content\/uploads\/2022\/07\/logo-ia-120.png","width":120,"height":43,"caption":"info algerie"},"image":{"@id":"https:\/\/www.info-algerie.com\/actualites\/#\/schema\/logo\/image\/"},"sameAs":["https:\/\/www.facebook.com\/infoalgerieactu","https:\/\/x.com\/infoalgerie1"]},{"@type":"Person","@id":"https:\/\/www.info-algerie.com\/actualites\/#\/schema\/person\/847aaec44920825b843a08f30ec6aa1e","name":"La r\u00e9daction","image":{"@type":"ImageObject","inLanguage":"fr-FR","@id":"https:\/\/secure.gravatar.com\/avatar\/769db425c6f465158149f1ffd6cf61ce7a8a879d11dfbef8288af36dfddd418c?s=96&d=mm&r=g","url":"https:\/\/secure.gravatar.com\/avatar\/769db425c6f465158149f1ffd6cf61ce7a8a879d11dfbef8288af36dfddd418c?s=96&d=mm&r=g","contentUrl":"https:\/\/secure.gravatar.com\/avatar\/769db425c6f465158149f1ffd6cf61ce7a8a879d11dfbef8288af36dfddd418c?s=96&d=mm&r=g","caption":"La r\u00e9daction"},"sameAs":["http:\/\/www.lkeria.com\/"],"url":"https:\/\/www.info-algerie.com\/actualites\/author\/chakib32\/"}]}},"_links":{"self":[{"href":"https:\/\/www.info-algerie.com\/actualites\/wp-json\/wp\/v2\/posts\/18240","targetHints":{"allow":["GET"]}}],"collection":[{"href":"https:\/\/www.info-algerie.com\/actualites\/wp-json\/wp\/v2\/posts"}],"about":[{"href":"https:\/\/www.info-algerie.com\/actualites\/wp-json\/wp\/v2\/types\/post"}],"author":[{"embeddable":true,"href":"https:\/\/www.info-algerie.com\/actualites\/wp-json\/wp\/v2\/users\/6"}],"replies":[{"embeddable":true,"href":"https:\/\/www.info-algerie.com\/actualites\/wp-json\/wp\/v2\/comments?post=18240"}],"version-history":[{"count":0,"href":"https:\/\/www.info-algerie.com\/actualites\/wp-json\/wp\/v2\/posts\/18240\/revisions"}],"wp:featuredmedia":[{"embeddable":true,"href":"https:\/\/www.info-algerie.com\/actualites\/wp-json\/wp\/v2\/media\/18241"}],"wp:attachment":[{"href":"https:\/\/www.info-algerie.com\/actualites\/wp-json\/wp\/v2\/media?parent=18240"}],"wp:term":[{"taxonomy":"category","embeddable":true,"href":"https:\/\/www.info-algerie.com\/actualites\/wp-json\/wp\/v2\/categories?post=18240"},{"taxonomy":"post_tag","embeddable":true,"href":"https:\/\/www.info-algerie.com\/actualites\/wp-json\/wp\/v2\/tags?post=18240"}],"curies":[{"name":"wp","href":"https:\/\/api.w.org\/{rel}","templated":true}]}}