{"id":18246,"date":"2017-11-20T12:32:22","date_gmt":"2017-11-20T11:32:22","guid":{"rendered":"http:\/\/www.info-algerie.com\/actualites\/campagne-electorale-des-themes-consensuels-et-des-positionnements-politiques\/"},"modified":"2017-11-20T12:32:22","modified_gmt":"2017-11-20T11:32:22","slug":"campagne-electorale-des-themes-consensuels-et-des-positionnements-politiques","status":"publish","type":"post","link":"https:\/\/www.info-algerie.com\/actualites\/campagne-electorale-des-themes-consensuels-et-des-positionnements-politiques\/","title":{"rendered":"Campagne \u00e9lectorale: des th\u00e8mes consensuels et des positionnements politiques"},"content":{"rendered":"<div class=\"K2FeedImage\"><img decoding=\"async\" src=\"https:\/\/www.info-algerie.com\/actualites\/wp-content\/uploads\/2017\/11\/e05b79c82492a94f2c507eac1a1d4d25_S.jpg\" alt=\"Campagne &#xE9;lectorale: des th&#xE8;mes consensuels et des positionnements politiques\" \/><\/div>\n<div class=\"K2FeedIntroText\">\n<p>ALGER- La campagne pour les \u00e9lections des Assembl\u00e9es populaires communales et de wilaya (APC\/APW) de jeudi prochain, qui s&rsquo;est achev\u00e9e dimanche, a mis en \u00e9vidence des th\u00e8mes consensuels entre les partis politiques, en relation directe avec la gestion des collectivit\u00e9s locales, mais a \u00e9t\u00e9 aussi l&rsquo;occasion de prises de position, parfois contrast\u00e9es, sur des questions politiques, \u00e9conomiques et sociales.<\/p>\n<p>&#013;\n<\/p><\/div>\n<div class=\"K2FeedFullText\">&#013;<\/p>\n<p>Ainsi, la d\u00e9centralisation dans la prise de d\u00e9cision dans la gestion des collectivit\u00e9s locales et l&rsquo;\u00e9largissement des pr\u00e9rogatives des \u00e9lus, pour insuffler une dynamique plus soutenue au d\u00e9veloppement, se sont affirm\u00e9s comme des questions centrales qui ont cristallis\u00e9 un r\u00e9el consensus entre les partis, durant cette campagne de trois semaines marqu\u00e9e par un discours \u00e9lectoral, dans l&rsquo;ensemble, assez mod\u00e9r\u00e9 dans le ton et avec \u00ab\u00a0tr\u00e8s peu de d\u00e9passements\u00a0\u00bb, selon la\u00a0 Haute Instance ind\u00e9pendante de surveillance des \u00e9lections (HIISE).\u00a0<\/p>\n<p>&#013;<\/p>\n<p>Le secr\u00e9taire g\u00e9n\u00e9ral du Rassemblement national d\u00e9mocratique (RND, 2\u00e8me force politique \u00e0 l&rsquo;APN avec 100 si\u00e8ges), et Premier ministre, Ahmed Ouyahia, a estim\u00e9 n\u00e9cessaire la r\u00e9vision de certaines dispositions du code de la commune et de la wilaya afin de rendre la gestion des collectivit\u00e9s locales \u00ab\u00a0plus performante\u00a0\u00bb, dans un cadre d\u00e9centralis\u00e9.<\/p>\n<p>&#013;<\/p>\n<p>Il a relev\u00e9, au titre de la relance du d\u00e9veloppement local, un triplement des dotations budg\u00e9taires de l&rsquo;Etat dans le cadre des plans communaux de d\u00e9veloppement (PCD), passant de 35 milliards DA \u00e0 100 milliards DA en 2018.<\/p>\n<p>&#013;<\/p>\n<hr \/>\n<p class=\"MsoNormal\"><a href=\"http:\/\/www.aps.dz\/algerie\/65928-dernier-jour-de-la-campagne-electorale-appel-a-un-vote-massif\">Lire aussi:\u00a0 Dernier jour de la campagne \u00e9lectorale: appel \u00e0 un vote massif<\/a><\/p>\n<p>&#013;<\/p>\n<hr \/>\n<p>Mettant en exergue la notion de d\u00e9mocratie participative, il a observ\u00e9 que cette r\u00e9forme reste, cependant, tributaire de l&rsquo;implication du citoyen qui se doit d&rsquo;exercer \u00ab\u00a0pleinement sa citoyennet\u00e9 et s&rsquo;int\u00e9resser de pr\u00e8s aux affaires de sa commune\u00a0\u00bb.\u00a0<\/p>\n<p>&#013;<\/p>\n<p>Le RND entend confirmer lors de ces \u00e9lections la progression enregistr\u00e9e aux l\u00e9gislatives du 4 mai.\u00a0\u00a0\u00a0<\/p>\n<p>&#013;<\/p>\n<p>\u00a0Pour le pr\u00e9sident du Mouvement populaire alg\u00e9rien (MPA, 13 si\u00e8ges, membre des partis de la majorit\u00e9 pr\u00e9sidentielle), Amara Benyoun\u00e8s, le pr\u00e9sident de l&rsquo;APC doit \u00eatre le \u00ab\u00a0premier magistrat de sa commune\u00a0\u00bb, pr\u00e9conisant de conf\u00e9rer \u00e0 l&rsquo;assembl\u00e9e locale, entre autres pr\u00e9rogatives, celle de g\u00e9rer le foncier destin\u00e9 \u00e0 l&rsquo;investissement, \u00e0 la place de l&rsquo;administration.<\/p>\n<p>&#013;<\/p>\n<p>Il a admis, dans le m\u00eame temps, un n\u00e9cessaire \u00ab\u00a0\u00e9quilibre des pouvoirs et la coop\u00e9ration avec l&rsquo;administration\u00a0\u00bb.<\/p>\n<p>&#013;<\/p>\n<p>La secr\u00e9taire g\u00e9n\u00e9rale du Parti des travailleurs (PT, 11 si\u00e8ges), Louisa Hanoune, a, \u00e9galement, soutenu le renforcement des pr\u00e9rogatives des \u00e9lus locaux, mais n&rsquo;est pas favorable \u00e0 la d\u00e9mocratie participative qui veut dire, selon elle, \u00ab\u00a0l&rsquo;annulation de la d\u00e9mocratie de mandat (\u00e9lectif)\u00a0\u00bb.<\/p>\n<p>&#013;<\/p>\n<p>Le pr\u00e9sident du Mouvement de la soci\u00e9t\u00e9 de la paix (MSP, 34 si\u00e8ges) Abdelmadjid Menasra, a indiqu\u00e9 que l&rsquo;\u00e9largissement des pr\u00e9rogatives de l&rsquo;\u00e9lu lui permettra de concr\u00e9tiser son programme \u00e9lectoral, sans \u00eatre entrav\u00e9e par la \u00ab\u00a0tutelle\u00a0\u00bb de l&rsquo;administration, tout en d\u00e9fendant un \u00e9quilibre des attributions entre les deux parties.\u00a0<\/p>\n<p>&#013;<\/p>\n<hr \/>\n<p><a href=\"http:\/\/www.aps.dz\/algerie\/65896-dernier-jour-de-la-campagne-electorale-des-partis-dressent-le-bilan-d-autres-toujours-sur-le-terrain\">Lire aussi: Dernier jour de la campagne \u00e9lectorale: des partis dressent leurs bilans<\/a><\/p>\n<p>&#013;<\/p>\n<hr \/>\n<p>Tout comme il a insist\u00e9 sur la r\u00e9forme de la fiscalit\u00e9 locale pour augmenter les ressources financi\u00e8res des communes.<\/p>\n<p>&#013;<\/p>\n<p>Le pr\u00e9sident de Tajamoue Amel Al-Djazair (TAJ, 20 si\u00e8ges, membre de la majorit\u00e9 pr\u00e9sidentielle), Amar Ghoul, a plaid\u00e9 pour une \u00ab\u00a0meilleure coordination\u00a0\u00bb entre \u00e9lus et administration au service de l&rsquo;int\u00e9r\u00eat g\u00e9n\u00e9ral, \u00e0 travers une d\u00e9finition claire des pr\u00e9rogatives de chacun.<\/p>\n<p>&#013;<\/p>\n<p>Dans le m\u00eame ordre d&rsquo;id\u00e9es, le secr\u00e9taire g\u00e9n\u00e9ral du Mouvement Ennahda, Mohamed Dhouibi, repr\u00e9sentant de (l&rsquo;Union Ennahda-Adala-Binaa, 15 si\u00e8ges) a pr\u00e9conis\u00e9 une \u00ab\u00a0compl\u00e9mentarit\u00e9\u00a0\u00bb entre les \u00e9lus et l&rsquo;administration.<\/p>\n<p>&#013;<\/p>\n<p>Le pr\u00e9sident du Rassemblement pour la culture et la d\u00e9mocratie (RCD, 9 si\u00e8ges), Mohcine Belabbes, a plaid\u00e9 pour l&rsquo;implication du citoyen dans la \u00ab\u00a0prise de d\u00e9cision\u00a0\u00bb au niveau de sa commune, notamment \u00e0 travers les associations et les comit\u00e9s de quartiers, dans le cadre d&rsquo;une d\u00e9mocratie\u00a0 participative.<\/p>\n<p>&#013;<\/p>\n<p>Le secr\u00e9taire g\u00e9n\u00e9ral de l&rsquo;Alliance nationale r\u00e9publicaine (ANR, 6 si\u00e8ges), Belkacem Sahli, s&rsquo;est prononc\u00e9, lui aussi, pour l&rsquo;amendement des codes de la commune et de la wilaya et la cons\u00e9cration de la d\u00e9mocratie participative.<\/p>\n<p>&#013;<\/p>\n<p>Le ministre de l&rsquo;Int\u00e9rieur, des Collectivit\u00e9s locales et de l&rsquo;Am\u00e9nagement du territoire, Noureddine Bedoui, a indiqu\u00e9 dimanche que le projet de loi portant r\u00e9vision du code communal et de wilaya sera adopt\u00e9 avant la fin du premier semestre 2018, pr\u00e9cisant que le processus de r\u00e9forme engag\u00e9 par le secteur \u00ab\u00a0entame sa derni\u00e8re phase\u00a0\u00bb.<\/p>\n<p>&#013;<\/p>\n<p>\u00a0<\/p>\n<p>&#013;<\/p>\n<p><strong>Pr\u00e9server les acquis de la s\u00e9curit\u00e9 et la stabilit\u00e9 et maintenir la croissance <\/strong><\/p>\n<p>&#013;<\/p>\n<p>\u00a0<\/p>\n<p>&#013;<\/p>\n<p>La campagne \u00e9lectorale a \u00e9t\u00e9, par ailleurs, une opportunit\u00e9 pour les partis politiques de d\u00e9velopper les grands axes de leurs programmes politiques et de se d\u00e9terminer par rapport aux questions nationales.<\/p>\n<p>&#013;<\/p>\n<p>Le secr\u00e9taire g\u00e9n\u00e9ral du parti du Front de lib\u00e9ration nationale (FLN, 1ere force politique, avec 161 si\u00e8ge \u00e0 l&rsquo;APN), Djamel Ould Abb\u00e8s, a mis en exergue les effets de la Charte pour la paix et la r\u00e9conciliation nationale, qui a permis le r\u00e9tablissement de la s\u00e9curit\u00e9 et de la stabilit\u00e9\u00a0et sans lesquelles aucune relance du processus de construction du pays n&rsquo;aurait \u00e9t\u00e9 possible.<\/p>\n<p>&#013;<\/p>\n<hr \/>\n<p class=\"MsoNormal\"><a href=\"http:\/\/www.aps.dz\/algerie\/65940-debut-du-vote-dans-les-bureaux-itinerants-sillonnant-les-zones-eparses-et-nomades\">Lire aussi: D\u00e9but du vote dans les bureaux itin\u00e9rants sillonnant les zones \u00e9parses et nomades\u00a0<\/a><\/p>\n<p>&#013;<\/p>\n<hr \/>\n<p>Il a insist\u00e9 sur l&rsquo;importance de pr\u00e9server ces acquis et poursuivre les programmes de d\u00e9veloppement socio-\u00e9conomiques engag\u00e9s par le pr\u00e9sident de la R\u00e9publique, Abdelaziz Bouteflika, promettant que le parti du FLN oeuvrera \u00e0 sauvegarder les \u00ab\u00a0acquis sociaux\u00a0\u00bb.\u00a0<\/p>\n<p>&#013;<\/p>\n<p>L&rsquo;ensemble de la classe politique a \u00e9t\u00e9 unanime sur la pr\u00e9servation de la s\u00e9curit\u00e9 et de la stabilit\u00e9 de l&rsquo;Alg\u00e9rie, une \u00ab\u00a0ligne rouge\u00a0\u00bb que nul n&rsquo;a le droit de franchir, et sur une forte participation des citoyens aux \u00e9lections.\u00a0\u00a0\u00a0\u00a0<\/p>\n<p>&#013;<\/p>\n<p>Le secr\u00e9taire g\u00e9n\u00e9ral du FLN -parti qui ambitionne de rafler la majorit\u00e9 des APC et des APW- a, d&rsquo;autre part, mis en avant la \u00ab\u00a0l\u00e9gitimit\u00e9 historique\u00a0\u00bb dont jouit le FLN et son statut de \u00ab\u00a0colonne vert\u00e9brale de l&rsquo;Etat alg\u00e9rien\u00a0\u00bb.\u00a0<\/p>\n<p>&#013;<\/p>\n<p>Sur ce point, le pr\u00e9sident du MPA a estim\u00e9 qu&rsquo;il \u00e9tait temps de \u00ab\u00a0passer de la l\u00e9gitimit\u00e9 r\u00e9volutionnaire \u00e0 l\u00e9gitimit\u00e9 d\u00e9mocratique\u00a0\u00bb pour b\u00e2tir un \u00ab\u00a0Etat puissant et moderne\u00a0\u00bb.<\/p>\n<p>&#013;<\/p>\n<p>Le secr\u00e9taire g\u00e9n\u00e9ral de l&rsquo;ANR, Belkacem Sahli, a d\u00e9clar\u00e9, pour sa part, que \u00ab\u00a0la religion, la langue et la l\u00e9gitimit\u00e9 r\u00e9volutionnaire\u00a0\u00bb sont partag\u00e9s par tous les Alg\u00e9riens et ne doivent pas \u00eatre utilis\u00e9s dans des \u00ab\u00a0surench\u00e8res politiques et \u00e9lectorales\u00a0\u00bb.\u00a0<\/p>\n<p>&#013;<\/p>\n<p>Au volet \u00e9conomique, le RND et le MPA ont \u00e9t\u00e9 parmi les partis qui ont le plus d\u00e9fendu le financement non conventionnel de l&rsquo;\u00e9conomie, pour \u00e9viter un coup d&rsquo;arr\u00eat \u00e0 la croissance, dans un contexte de rar\u00e9faction des ressources financi\u00e8res du pays induite par une baisse drastique des cours\u00a0du p\u00e9trole.<\/p>\n<p>&#013;<\/p>\n<p>La plupart des formations ont plaid\u00e9, en outre, pour une \u00e9conomie de march\u00e9, estimant que l&rsquo;avenir de l&rsquo;\u00e9conomie nationale passe imp\u00e9rativement par le d\u00e9veloppement de l&rsquo;entreprise priv\u00e9e.<\/p>\n<p>&#013;<\/p>\n<p>La secr\u00e9taire g\u00e9n\u00e9rale du PT, Louisa Hanoune, a, de son c\u00f4t\u00e9, d\u00e9nonc\u00e9 ce qu&rsquo;elle a qualifi\u00e9 de politique \u00ab\u00a0d&rsquo;aust\u00e9rit\u00e9\u00a0\u00bb du gouvernement et exprim\u00e9 son opposition au projet de loi de finances 2018, contenant, selon elle, une orientation g\u00e9n\u00e9rale allant dans un \u00ab\u00a0sens lib\u00e9ral qui tourne le dos au bien-\u00eatre des franges populaires et favorise la logique de profit\u00a0\u00bb.\u00a0<\/p>\n<p>&#013;<\/p>\n<p>Le premier secr\u00e9taire du Front des forces socialistes (FFS, 14 si\u00e8ges, plus vieux parti d&rsquo;opposition), Mohamed Hadj Djilani, a affirm\u00e9 que sa formation oeuuvrait \u00e0 \u00e9difier un \u00ab\u00a0Etat de droit et de justice sociale\u00a0\u00bb et militait toujours pour un \u00ab\u00a0consensus national\u00a0\u00bb et un \u00ab\u00a0changement pacifique\u00a0\u00bb.<\/p>\n<p>&#013;<\/p>\n<p>Le secr\u00e9taire g\u00e9n\u00e9ral de Talaei El-Houriyet (parti qui participe pour la premi\u00e8re fois \u00e0 une \u00e9lection), de l&rsquo;ancien chef de gouvernement, Ali Benflis, a appel\u00e9 au dialogue national et des \u00ab\u00a0\u00e9lections propres\u00a0\u00bb pour mettre en place les institutions de l&rsquo;Etat, dont une APN \u00ab\u00a0l\u00e9gitime\u00a0\u00bb, de laquelle seront issus un \u00ab\u00a0gouvernement d&rsquo;union nationale\u00a0\u00bb et une \u00ab\u00a0nouvelle constitution d&rsquo;entente pour organiser la vie politique du pays\u00a0\u00bb.<\/p>\n<p>&#013;<\/p>\n<p>\u00a0<\/p>\n<p>&#013;<\/p>\n<p>Le pr\u00e9sident du Front El Moustakbel (14 si\u00e8ges), Abdelaziz Belaid, a, quant lui, fait de la \u00ab\u00a0moralisation de l&rsquo;action politique\u00a0\u00bb et du \u00ab\u00a0dialogue national\u00a0\u00bb des cr\u00e9dos de son discours \u00e9lectoral. \u00a0<\/p>\n<\/div>\n<p>&#013;<br \/>\nSource: <a href=\"http:\/\/www.aps.dz\/algerie\/65941-campagne-electorale-des-themes-consensuels-et-des-positionnements-politiques\" target=\"_blank\">Campagne \u00e9lectorale: des th\u00e8mes consensuels et des positionnements politiques<\/a><\/p>\n<!--CusAds0-->\n<div style=\"font-size: 0px; height: 0px; line-height: 0px; margin: 0; padding: 0; clear: both;\"><\/div>","protected":false},"excerpt":{"rendered":"<p>ALGER- La campagne pour les \u00e9lections des Assembl\u00e9es populaires communales et de wilaya (APC\/APW) de jeudi prochain, qui s&rsquo;est achev\u00e9e dimanche, a mis en \u00e9vidence des th\u00e8mes consensuels entre les partis politiques, en relation directe avec la gestion des collectivit\u00e9s locales, mais a \u00e9t\u00e9 aussi l&rsquo;occasion de prises de position, parfois contrast\u00e9es, sur des questions<\/p>\n","protected":false},"author":6,"featured_media":18247,"comment_status":"open","ping_status":"open","sticky":false,"template":"","format":"standard","meta":{"footnotes":""},"categories":[22],"tags":[93],"class_list":["post-18246","post","type-post","status-publish","format-standard","has-post-thumbnail","hentry","category-infos","tag-onu"],"yoast_head":"<!-- This site is optimized with the Yoast SEO plugin v27.5 - https:\/\/yoast.com\/product\/yoast-seo-wordpress\/ -->\n<title>Campagne \u00e9lectorale: des th\u00e8mes consensuels et des positionnements politiques - info algerie<\/title>\n<meta name=\"robots\" content=\"index, follow, max-snippet:-1, max-image-preview:large, max-video-preview:-1\" \/>\n<link rel=\"canonical\" href=\"https:\/\/www.info-algerie.com\/actualites\/campagne-electorale-des-themes-consensuels-et-des-positionnements-politiques\/\" \/>\n<meta property=\"og:locale\" content=\"fr_FR\" \/>\n<meta property=\"og:type\" content=\"article\" \/>\n<meta property=\"og:title\" content=\"Campagne \u00e9lectorale: des th\u00e8mes consensuels et des positionnements politiques - info algerie\" \/>\n<meta property=\"og:description\" content=\"ALGER- La campagne pour les \u00e9lections des Assembl\u00e9es populaires communales et de wilaya (APC\/APW) de jeudi prochain, qui s&rsquo;est achev\u00e9e dimanche, a mis en \u00e9vidence des th\u00e8mes consensuels entre les partis politiques, en relation directe avec la gestion des collectivit\u00e9s locales, mais a \u00e9t\u00e9 aussi l&rsquo;occasion de prises de position, parfois contrast\u00e9es, sur des questions\" \/>\n<meta property=\"og:url\" content=\"https:\/\/www.info-algerie.com\/actualites\/campagne-electorale-des-themes-consensuels-et-des-positionnements-politiques\/\" \/>\n<meta property=\"og:site_name\" content=\"info algerie\" \/>\n<meta property=\"article:publisher\" content=\"https:\/\/www.facebook.com\/infoalgerieactu\" \/>\n<meta property=\"article:published_time\" content=\"2017-11-20T11:32:22+00:00\" \/>\n<meta property=\"og:image\" content=\"https:\/\/www.info-algerie.com\/actualites\/wp-content\/uploads\/2017\/11\/e05b79c82492a94f2c507eac1a1d4d25_S-1.jpg\" \/>\n\t<meta property=\"og:image:width\" content=\"280\" \/>\n\t<meta property=\"og:image:height\" content=\"163\" \/>\n\t<meta property=\"og:image:type\" content=\"image\/jpeg\" \/>\n<meta name=\"author\" content=\"La r\u00e9daction\" \/>\n<meta name=\"twitter:label1\" content=\"\u00c9crit par\" \/>\n\t<meta name=\"twitter:data1\" content=\"La r\u00e9daction\" \/>\n\t<meta name=\"twitter:label2\" content=\"Dur\u00e9e de lecture estim\u00e9e\" \/>\n\t<meta name=\"twitter:data2\" content=\"7 minutes\" \/>\n<script type=\"application\/ld+json\" class=\"yoast-schema-graph\">{\"@context\":\"https:\\\/\\\/schema.org\",\"@graph\":[{\"@type\":\"Article\",\"@id\":\"https:\\\/\\\/www.info-algerie.com\\\/actualites\\\/campagne-electorale-des-themes-consensuels-et-des-positionnements-politiques\\\/#article\",\"isPartOf\":{\"@id\":\"https:\\\/\\\/www.info-algerie.com\\\/actualites\\\/campagne-electorale-des-themes-consensuels-et-des-positionnements-politiques\\\/\"},\"author\":{\"name\":\"La r\u00e9daction\",\"@id\":\"https:\\\/\\\/www.info-algerie.com\\\/actualites\\\/#\\\/schema\\\/person\\\/847aaec44920825b843a08f30ec6aa1e\"},\"headline\":\"Campagne \u00e9lectorale: des th\u00e8mes consensuels et des positionnements politiques\",\"datePublished\":\"2017-11-20T11:32:22+00:00\",\"mainEntityOfPage\":{\"@id\":\"https:\\\/\\\/www.info-algerie.com\\\/actualites\\\/campagne-electorale-des-themes-consensuels-et-des-positionnements-politiques\\\/\"},\"wordCount\":1488,\"commentCount\":0,\"publisher\":{\"@id\":\"https:\\\/\\\/www.info-algerie.com\\\/actualites\\\/#organization\"},\"image\":{\"@id\":\"https:\\\/\\\/www.info-algerie.com\\\/actualites\\\/campagne-electorale-des-themes-consensuels-et-des-positionnements-politiques\\\/#primaryimage\"},\"thumbnailUrl\":\"https:\\\/\\\/www.info-algerie.com\\\/actualites\\\/wp-content\\\/uploads\\\/2017\\\/11\\\/e05b79c82492a94f2c507eac1a1d4d25_S-1.jpg\",\"keywords\":[\"ONU\"],\"articleSection\":[\"infos\"],\"inLanguage\":\"fr-FR\",\"potentialAction\":[{\"@type\":\"CommentAction\",\"name\":\"Comment\",\"target\":[\"https:\\\/\\\/www.info-algerie.com\\\/actualites\\\/campagne-electorale-des-themes-consensuels-et-des-positionnements-politiques\\\/#respond\"]}]},{\"@type\":\"WebPage\",\"@id\":\"https:\\\/\\\/www.info-algerie.com\\\/actualites\\\/campagne-electorale-des-themes-consensuels-et-des-positionnements-politiques\\\/\",\"url\":\"https:\\\/\\\/www.info-algerie.com\\\/actualites\\\/campagne-electorale-des-themes-consensuels-et-des-positionnements-politiques\\\/\",\"name\":\"Campagne \u00e9lectorale: des th\u00e8mes consensuels et des positionnements politiques - info algerie\",\"isPartOf\":{\"@id\":\"https:\\\/\\\/www.info-algerie.com\\\/actualites\\\/#website\"},\"primaryImageOfPage\":{\"@id\":\"https:\\\/\\\/www.info-algerie.com\\\/actualites\\\/campagne-electorale-des-themes-consensuels-et-des-positionnements-politiques\\\/#primaryimage\"},\"image\":{\"@id\":\"https:\\\/\\\/www.info-algerie.com\\\/actualites\\\/campagne-electorale-des-themes-consensuels-et-des-positionnements-politiques\\\/#primaryimage\"},\"thumbnailUrl\":\"https:\\\/\\\/www.info-algerie.com\\\/actualites\\\/wp-content\\\/uploads\\\/2017\\\/11\\\/e05b79c82492a94f2c507eac1a1d4d25_S-1.jpg\",\"datePublished\":\"2017-11-20T11:32:22+00:00\",\"breadcrumb\":{\"@id\":\"https:\\\/\\\/www.info-algerie.com\\\/actualites\\\/campagne-electorale-des-themes-consensuels-et-des-positionnements-politiques\\\/#breadcrumb\"},\"inLanguage\":\"fr-FR\",\"potentialAction\":[{\"@type\":\"ReadAction\",\"target\":[\"https:\\\/\\\/www.info-algerie.com\\\/actualites\\\/campagne-electorale-des-themes-consensuels-et-des-positionnements-politiques\\\/\"]}]},{\"@type\":\"ImageObject\",\"inLanguage\":\"fr-FR\",\"@id\":\"https:\\\/\\\/www.info-algerie.com\\\/actualites\\\/campagne-electorale-des-themes-consensuels-et-des-positionnements-politiques\\\/#primaryimage\",\"url\":\"https:\\\/\\\/www.info-algerie.com\\\/actualites\\\/wp-content\\\/uploads\\\/2017\\\/11\\\/e05b79c82492a94f2c507eac1a1d4d25_S-1.jpg\",\"contentUrl\":\"https:\\\/\\\/www.info-algerie.com\\\/actualites\\\/wp-content\\\/uploads\\\/2017\\\/11\\\/e05b79c82492a94f2c507eac1a1d4d25_S-1.jpg\",\"width\":280,\"height\":163},{\"@type\":\"BreadcrumbList\",\"@id\":\"https:\\\/\\\/www.info-algerie.com\\\/actualites\\\/campagne-electorale-des-themes-consensuels-et-des-positionnements-politiques\\\/#breadcrumb\",\"itemListElement\":[{\"@type\":\"ListItem\",\"position\":1,\"name\":\"Accueil\",\"item\":\"https:\\\/\\\/www.info-algerie.com\\\/actualites\\\/\"},{\"@type\":\"ListItem\",\"position\":2,\"name\":\"Campagne \u00e9lectorale: des th\u00e8mes consensuels et des positionnements politiques\"}]},{\"@type\":\"WebSite\",\"@id\":\"https:\\\/\\\/www.info-algerie.com\\\/actualites\\\/#website\",\"url\":\"https:\\\/\\\/www.info-algerie.com\\\/actualites\\\/\",\"name\":\"info algerie\",\"description\":\"Toutes les actualit\u00e9s\",\"publisher\":{\"@id\":\"https:\\\/\\\/www.info-algerie.com\\\/actualites\\\/#organization\"},\"potentialAction\":[{\"@type\":\"SearchAction\",\"target\":{\"@type\":\"EntryPoint\",\"urlTemplate\":\"https:\\\/\\\/www.info-algerie.com\\\/actualites\\\/?s={search_term_string}\"},\"query-input\":{\"@type\":\"PropertyValueSpecification\",\"valueRequired\":true,\"valueName\":\"search_term_string\"}}],\"inLanguage\":\"fr-FR\"},{\"@type\":\"Organization\",\"@id\":\"https:\\\/\\\/www.info-algerie.com\\\/actualites\\\/#organization\",\"name\":\"info algerie\",\"url\":\"https:\\\/\\\/www.info-algerie.com\\\/actualites\\\/\",\"logo\":{\"@type\":\"ImageObject\",\"inLanguage\":\"fr-FR\",\"@id\":\"https:\\\/\\\/www.info-algerie.com\\\/actualites\\\/#\\\/schema\\\/logo\\\/image\\\/\",\"url\":\"https:\\\/\\\/www.info-algerie.com\\\/actualites\\\/wp-content\\\/uploads\\\/2022\\\/07\\\/logo-ia-120.png\",\"contentUrl\":\"https:\\\/\\\/www.info-algerie.com\\\/actualites\\\/wp-content\\\/uploads\\\/2022\\\/07\\\/logo-ia-120.png\",\"width\":120,\"height\":43,\"caption\":\"info algerie\"},\"image\":{\"@id\":\"https:\\\/\\\/www.info-algerie.com\\\/actualites\\\/#\\\/schema\\\/logo\\\/image\\\/\"},\"sameAs\":[\"https:\\\/\\\/www.facebook.com\\\/infoalgerieactu\",\"https:\\\/\\\/x.com\\\/infoalgerie1\"]},{\"@type\":\"Person\",\"@id\":\"https:\\\/\\\/www.info-algerie.com\\\/actualites\\\/#\\\/schema\\\/person\\\/847aaec44920825b843a08f30ec6aa1e\",\"name\":\"La r\u00e9daction\",\"image\":{\"@type\":\"ImageObject\",\"inLanguage\":\"fr-FR\",\"@id\":\"https:\\\/\\\/secure.gravatar.com\\\/avatar\\\/769db425c6f465158149f1ffd6cf61ce7a8a879d11dfbef8288af36dfddd418c?s=96&d=mm&r=g\",\"url\":\"https:\\\/\\\/secure.gravatar.com\\\/avatar\\\/769db425c6f465158149f1ffd6cf61ce7a8a879d11dfbef8288af36dfddd418c?s=96&d=mm&r=g\",\"contentUrl\":\"https:\\\/\\\/secure.gravatar.com\\\/avatar\\\/769db425c6f465158149f1ffd6cf61ce7a8a879d11dfbef8288af36dfddd418c?s=96&d=mm&r=g\",\"caption\":\"La r\u00e9daction\"},\"sameAs\":[\"http:\\\/\\\/www.lkeria.com\\\/\"],\"url\":\"https:\\\/\\\/www.info-algerie.com\\\/actualites\\\/author\\\/chakib32\\\/\"}]}<\/script>\n<!-- \/ Yoast SEO plugin. -->","yoast_head_json":{"title":"Campagne \u00e9lectorale: des th\u00e8mes consensuels et des positionnements politiques - info algerie","robots":{"index":"index","follow":"follow","max-snippet":"max-snippet:-1","max-image-preview":"max-image-preview:large","max-video-preview":"max-video-preview:-1"},"canonical":"https:\/\/www.info-algerie.com\/actualites\/campagne-electorale-des-themes-consensuels-et-des-positionnements-politiques\/","og_locale":"fr_FR","og_type":"article","og_title":"Campagne \u00e9lectorale: des th\u00e8mes consensuels et des positionnements politiques - info algerie","og_description":"ALGER- La campagne pour les \u00e9lections des Assembl\u00e9es populaires communales et de wilaya (APC\/APW) de jeudi prochain, qui s&rsquo;est achev\u00e9e dimanche, a mis en \u00e9vidence des th\u00e8mes consensuels entre les partis politiques, en relation directe avec la gestion des collectivit\u00e9s locales, mais a \u00e9t\u00e9 aussi l&rsquo;occasion de prises de position, parfois contrast\u00e9es, sur des questions","og_url":"https:\/\/www.info-algerie.com\/actualites\/campagne-electorale-des-themes-consensuels-et-des-positionnements-politiques\/","og_site_name":"info algerie","article_publisher":"https:\/\/www.facebook.com\/infoalgerieactu","article_published_time":"2017-11-20T11:32:22+00:00","og_image":[{"width":280,"height":163,"url":"https:\/\/www.info-algerie.com\/actualites\/wp-content\/uploads\/2017\/11\/e05b79c82492a94f2c507eac1a1d4d25_S-1.jpg","type":"image\/jpeg"}],"author":"La r\u00e9daction","twitter_misc":{"\u00c9crit par":"La r\u00e9daction","Dur\u00e9e de lecture estim\u00e9e":"7 minutes"},"schema":{"@context":"https:\/\/schema.org","@graph":[{"@type":"Article","@id":"https:\/\/www.info-algerie.com\/actualites\/campagne-electorale-des-themes-consensuels-et-des-positionnements-politiques\/#article","isPartOf":{"@id":"https:\/\/www.info-algerie.com\/actualites\/campagne-electorale-des-themes-consensuels-et-des-positionnements-politiques\/"},"author":{"name":"La r\u00e9daction","@id":"https:\/\/www.info-algerie.com\/actualites\/#\/schema\/person\/847aaec44920825b843a08f30ec6aa1e"},"headline":"Campagne \u00e9lectorale: des th\u00e8mes consensuels et des positionnements politiques","datePublished":"2017-11-20T11:32:22+00:00","mainEntityOfPage":{"@id":"https:\/\/www.info-algerie.com\/actualites\/campagne-electorale-des-themes-consensuels-et-des-positionnements-politiques\/"},"wordCount":1488,"commentCount":0,"publisher":{"@id":"https:\/\/www.info-algerie.com\/actualites\/#organization"},"image":{"@id":"https:\/\/www.info-algerie.com\/actualites\/campagne-electorale-des-themes-consensuels-et-des-positionnements-politiques\/#primaryimage"},"thumbnailUrl":"https:\/\/www.info-algerie.com\/actualites\/wp-content\/uploads\/2017\/11\/e05b79c82492a94f2c507eac1a1d4d25_S-1.jpg","keywords":["ONU"],"articleSection":["infos"],"inLanguage":"fr-FR","potentialAction":[{"@type":"CommentAction","name":"Comment","target":["https:\/\/www.info-algerie.com\/actualites\/campagne-electorale-des-themes-consensuels-et-des-positionnements-politiques\/#respond"]}]},{"@type":"WebPage","@id":"https:\/\/www.info-algerie.com\/actualites\/campagne-electorale-des-themes-consensuels-et-des-positionnements-politiques\/","url":"https:\/\/www.info-algerie.com\/actualites\/campagne-electorale-des-themes-consensuels-et-des-positionnements-politiques\/","name":"Campagne \u00e9lectorale: des th\u00e8mes consensuels et des positionnements politiques - info algerie","isPartOf":{"@id":"https:\/\/www.info-algerie.com\/actualites\/#website"},"primaryImageOfPage":{"@id":"https:\/\/www.info-algerie.com\/actualites\/campagne-electorale-des-themes-consensuels-et-des-positionnements-politiques\/#primaryimage"},"image":{"@id":"https:\/\/www.info-algerie.com\/actualites\/campagne-electorale-des-themes-consensuels-et-des-positionnements-politiques\/#primaryimage"},"thumbnailUrl":"https:\/\/www.info-algerie.com\/actualites\/wp-content\/uploads\/2017\/11\/e05b79c82492a94f2c507eac1a1d4d25_S-1.jpg","datePublished":"2017-11-20T11:32:22+00:00","breadcrumb":{"@id":"https:\/\/www.info-algerie.com\/actualites\/campagne-electorale-des-themes-consensuels-et-des-positionnements-politiques\/#breadcrumb"},"inLanguage":"fr-FR","potentialAction":[{"@type":"ReadAction","target":["https:\/\/www.info-algerie.com\/actualites\/campagne-electorale-des-themes-consensuels-et-des-positionnements-politiques\/"]}]},{"@type":"ImageObject","inLanguage":"fr-FR","@id":"https:\/\/www.info-algerie.com\/actualites\/campagne-electorale-des-themes-consensuels-et-des-positionnements-politiques\/#primaryimage","url":"https:\/\/www.info-algerie.com\/actualites\/wp-content\/uploads\/2017\/11\/e05b79c82492a94f2c507eac1a1d4d25_S-1.jpg","contentUrl":"https:\/\/www.info-algerie.com\/actualites\/wp-content\/uploads\/2017\/11\/e05b79c82492a94f2c507eac1a1d4d25_S-1.jpg","width":280,"height":163},{"@type":"BreadcrumbList","@id":"https:\/\/www.info-algerie.com\/actualites\/campagne-electorale-des-themes-consensuels-et-des-positionnements-politiques\/#breadcrumb","itemListElement":[{"@type":"ListItem","position":1,"name":"Accueil","item":"https:\/\/www.info-algerie.com\/actualites\/"},{"@type":"ListItem","position":2,"name":"Campagne \u00e9lectorale: des th\u00e8mes consensuels et des positionnements politiques"}]},{"@type":"WebSite","@id":"https:\/\/www.info-algerie.com\/actualites\/#website","url":"https:\/\/www.info-algerie.com\/actualites\/","name":"info algerie","description":"Toutes les actualit\u00e9s","publisher":{"@id":"https:\/\/www.info-algerie.com\/actualites\/#organization"},"potentialAction":[{"@type":"SearchAction","target":{"@type":"EntryPoint","urlTemplate":"https:\/\/www.info-algerie.com\/actualites\/?s={search_term_string}"},"query-input":{"@type":"PropertyValueSpecification","valueRequired":true,"valueName":"search_term_string"}}],"inLanguage":"fr-FR"},{"@type":"Organization","@id":"https:\/\/www.info-algerie.com\/actualites\/#organization","name":"info algerie","url":"https:\/\/www.info-algerie.com\/actualites\/","logo":{"@type":"ImageObject","inLanguage":"fr-FR","@id":"https:\/\/www.info-algerie.com\/actualites\/#\/schema\/logo\/image\/","url":"https:\/\/www.info-algerie.com\/actualites\/wp-content\/uploads\/2022\/07\/logo-ia-120.png","contentUrl":"https:\/\/www.info-algerie.com\/actualites\/wp-content\/uploads\/2022\/07\/logo-ia-120.png","width":120,"height":43,"caption":"info algerie"},"image":{"@id":"https:\/\/www.info-algerie.com\/actualites\/#\/schema\/logo\/image\/"},"sameAs":["https:\/\/www.facebook.com\/infoalgerieactu","https:\/\/x.com\/infoalgerie1"]},{"@type":"Person","@id":"https:\/\/www.info-algerie.com\/actualites\/#\/schema\/person\/847aaec44920825b843a08f30ec6aa1e","name":"La r\u00e9daction","image":{"@type":"ImageObject","inLanguage":"fr-FR","@id":"https:\/\/secure.gravatar.com\/avatar\/769db425c6f465158149f1ffd6cf61ce7a8a879d11dfbef8288af36dfddd418c?s=96&d=mm&r=g","url":"https:\/\/secure.gravatar.com\/avatar\/769db425c6f465158149f1ffd6cf61ce7a8a879d11dfbef8288af36dfddd418c?s=96&d=mm&r=g","contentUrl":"https:\/\/secure.gravatar.com\/avatar\/769db425c6f465158149f1ffd6cf61ce7a8a879d11dfbef8288af36dfddd418c?s=96&d=mm&r=g","caption":"La r\u00e9daction"},"sameAs":["http:\/\/www.lkeria.com\/"],"url":"https:\/\/www.info-algerie.com\/actualites\/author\/chakib32\/"}]}},"_links":{"self":[{"href":"https:\/\/www.info-algerie.com\/actualites\/wp-json\/wp\/v2\/posts\/18246","targetHints":{"allow":["GET"]}}],"collection":[{"href":"https:\/\/www.info-algerie.com\/actualites\/wp-json\/wp\/v2\/posts"}],"about":[{"href":"https:\/\/www.info-algerie.com\/actualites\/wp-json\/wp\/v2\/types\/post"}],"author":[{"embeddable":true,"href":"https:\/\/www.info-algerie.com\/actualites\/wp-json\/wp\/v2\/users\/6"}],"replies":[{"embeddable":true,"href":"https:\/\/www.info-algerie.com\/actualites\/wp-json\/wp\/v2\/comments?post=18246"}],"version-history":[{"count":0,"href":"https:\/\/www.info-algerie.com\/actualites\/wp-json\/wp\/v2\/posts\/18246\/revisions"}],"wp:featuredmedia":[{"embeddable":true,"href":"https:\/\/www.info-algerie.com\/actualites\/wp-json\/wp\/v2\/media\/18247"}],"wp:attachment":[{"href":"https:\/\/www.info-algerie.com\/actualites\/wp-json\/wp\/v2\/media?parent=18246"}],"wp:term":[{"taxonomy":"category","embeddable":true,"href":"https:\/\/www.info-algerie.com\/actualites\/wp-json\/wp\/v2\/categories?post=18246"},{"taxonomy":"post_tag","embeddable":true,"href":"https:\/\/www.info-algerie.com\/actualites\/wp-json\/wp\/v2\/tags?post=18246"}],"curies":[{"name":"wp","href":"https:\/\/api.w.org\/{rel}","templated":true}]}}