{"id":208,"date":"2015-08-23T10:00:00","date_gmt":"2015-08-23T09:00:00","guid":{"rendered":"http:\/\/www.info-algerie.com\/actualites\/oran-des-enfants-cancereux-crient-a-labandon\/"},"modified":"2015-08-23T22:29:22","modified_gmt":"2015-08-23T21:29:22","slug":"oran-des-enfants-cancereux-crient-a-labandon","status":"publish","type":"post","link":"https:\/\/www.info-algerie.com\/actualites\/oran-des-enfants-cancereux-crient-a-labandon\/","title":{"rendered":"ORAN : Des enfants canc\u00e9reux crient \u00e0 l&rsquo;abandon"},"content":{"rendered":"<p class=\"article_abstract\" style=\"text-align: justify;\"><strong><a href=\"https:\/\/www.info-algerie.com\/actualites\/wp-content\/uploads\/2015\/08\/enfants-canc\u00e9reux.jpg\"><img loading=\"lazy\" decoding=\"async\" class=\" wp-image-224 alignleft\" src=\"https:\/\/www.info-algerie.com\/actualites\/wp-content\/uploads\/2015\/08\/enfants-canc\u00e9reux-300x169.jpg\" alt=\"enfants canc\u00e9reux\" width=\"199\" height=\"112\" srcset=\"https:\/\/www.info-algerie.com\/actualites\/wp-content\/uploads\/2015\/08\/enfants-canc\u00e9reux-300x169.jpg 300w, https:\/\/www.info-algerie.com\/actualites\/wp-content\/uploads\/2015\/08\/enfants-canc\u00e9reux.jpg 664w\" sizes=\"auto, (max-width: 199px) 100vw, 199px\" \/><\/a>Des dizaines de bienfaiteurs r\u00e9pondent favorablement, d&rsquo;autres continuent \u00e0 h\u00e9siter croyant que donner leur sang peut les exposer \u00e0 des dangers.<\/strong><\/p>\n<p style=\"text-align: justify;\">Les parents des enfants canc\u00e9reux, pris en charge au niveau du centre hospitalier Emir Abdelkader d&rsquo;Oran, prennent leur patience en mal. La situation sanitaire de leur prog\u00e9niture risque d&#8217;empirer encore plus dans l&rsquo;\u00e9ventuel cas o\u00f9 des actions les concernant tardent \u00e0 venir. Pour cause, ces enfants gravement malades souffrent cruellement du manque des plaquettes sanguines.<\/p>\n<p style=\"text-align: justify;\">Leur calvaire, dont l&rsquo;\u00e9pilogue n&rsquo;est pas pour demain, risque de s&rsquo;inscrire dans la dur\u00e9e \u00e9tant donn\u00e9 que le centre des canc\u00e9reux prend en charge pas moins de 100 enfants malades prenant quotidiennement, venant d&rsquo;un peu partout des 16 wilayas de l&rsquo;ouest et du sud-ouest du pays.<\/p>\n<p style=\"text-align: justify;\">Ces enfants, accompagn\u00e9s par leurs parents, ne trouvent rien de mieux \u00e0 faire que de se r\u00e9signer \u00e0 leur triste sort d\u00e8s que \u00abla sentence\u00bb de la disette du sang leur est signifi\u00e9e. Or, la prise en charge des enfants canc\u00e9reux n\u00e9cessite des traitements et un suivi aussi rigoureux que ponctuel. Ce n&rsquo;est plus le cas pour les enfants d&rsquo;Oran et ceux venant des villes \u00abl&rsquo;entourant\u00bb.<\/p>\n<p style=\"text-align: justify;\">Faute de donneurs, les parents sont dans la majeure partie des cas contraints de se rendre dans des mosqu\u00e9es, des campus, amadouant les \u00e9tudiants et les fid\u00e8les. Si plusieurs dizaines de bienfaiteurs r\u00e9pondent favorablement, d&rsquo;autres continuent \u00e0 h\u00e9siter croyant que donner leur sang peut les exposer \u00e0 des dangers.<\/p>\n<p style=\"text-align: justify;\">Ce n&rsquo;est pas tout: les responsables, locaux et hi\u00e9rarchiques en charge de la sant\u00e9, continuent \u00e0 cacher toutes les v\u00e9rit\u00e9s sur la prise en charge des canc\u00e9reux en versant vaniteusement dans l&rsquo;\u00e9num\u00e9ration des innombrables cons\u00e9crations r\u00e9alis\u00e9es par les centres de sant\u00e9 d&rsquo;Oran. La r\u00e9alit\u00e9 du terrain est toute autre.<\/p>\n<p style=\"text-align: justify;\">Les manques sont tout aussi innombrables, \u00e0 commencer par les d\u00e9fauts et les d\u00e9fections r\u00e9p\u00e9titifs des machines et \u00e9quipements devant prodiguer des soins de haut niveau aux malades pr\u00e9sentant de graves pathologies, le cancer. \u00abLes appareils de la radioth\u00e9rapie sont souvent en panne\u00bb, dira un oncologue expliquant que \u00ableur r\u00e9paration n\u00e9cessite toute une armada de mesures administratives prenant ainsi du temps\u00bb. Et d&rsquo;ajouter qu&rsquo;\u00aben accomplissant ces mesures, la prise en charge des enfants malades est souvent espac\u00e9e\u00bb.<\/p>\n<p style=\"text-align: justify;\">Idem pour les appareils de tra\u00e7age des cellules canc\u00e9reuses. Cet \u00e9quipement, tant utilis\u00e9 par les praticiens dans le cadre de la lutte contre le cancer, est souvent d\u00e9fectueux alors que son entretien exige \u00e9galement du temps au grand dam des malades de la partie ouest du pays.<\/p>\n<p style=\"text-align: justify;\">Idem pour l&rsquo;outil de haute technologie, en l&rsquo;occurrence l&rsquo;irradiation \u00e0 r\u00e9sonance magn\u00e9tique, IRM. Cet \u00e9quipement, tant demand\u00e9, fait souvent faux bond en tombant en panne. La gratuit\u00e9 des soins n&rsquo;est que slogan destin\u00e9 \u00e0 la consommation locale.<\/p>\n<p style=\"text-align: justify;\">Plusieurs dizaines de malades continuent \u00e0 subir les effets \u00abpervers\u00bb de la m\u00e9decine en se retrouvant oblig\u00e9s de faire appel aux services du secteur priv\u00e9. Il s&rsquo;agit entre autres de plusieurs bilans et autres analyses qui ne peuvent \u00eatre effectu\u00e9s que dans les cliniques et laboratoires priv\u00e9s. \u00abC&rsquo;est \u00e0 se poser des questions sur les v\u00e9ritables raisons qui poussent ces praticiens \u00e0 nous orienter vers les structure sanitaires priv\u00e9es\u00bb, d\u00e9plore un parent d&rsquo;un malade venu de Mechria.<\/p>\n<p style=\"text-align: justify;\">\u00abLes pouvoirs publics, \u00e0 commencer par la direction de la sant\u00e9 jusqu&rsquo;au pouvoir central, sont au fait de ces d\u00e9fections\u00bb, dira un cadre de la sant\u00e9, expliquant que \u00abdes courriers exp\u00e9ditifs leur sont exp\u00e9di\u00e9s les informant de la situation, \u00e0 commencer par l&rsquo;\u00e9tat de la prise en charge des malades\u00bb.<\/p>\n<p style=\"text-align: justify;\">Cela se passe ainsi alors que les praticiens mettent l&rsquo;accent sur la n\u00e9cessit\u00e9 du d\u00e9pistage pr\u00e9coce du cancer. A-t-on r\u00e9ellement les moyens n\u00e9cessaires devant accompagner une telle politique? Une telle question ne trouve toujours pas de r\u00e9ponse! Du moins \u00e0 Oran o\u00f9 plusieurs dizaines de malades sont dans l&rsquo;attente d&rsquo;une r\u00e9elle prise en charge et \u00e0 temps, telle que dict\u00e9e par l&rsquo;Organisation mondiale de la sant\u00e9.<\/p>\n<p>Source: <a href=\"http:\/\/www.lexpressiondz.com\/actualite\/223480-des-enfants-cancereux-crient-a-l-abandon.html\" target=\"_blank\">ORAN : Des enfants canc\u00e9reux crient \u00e0 l&rsquo;abandon<\/a><\/p>\n<!--CusAds0-->\n<div style=\"font-size: 0px; height: 0px; line-height: 0px; margin: 0; padding: 0; clear: both;\"><\/div>","protected":false},"excerpt":{"rendered":"<p>Des dizaines de bienfaiteurs r\u00e9pondent favorablement, d&rsquo;autres continuent \u00e0 h\u00e9siter croyant que donner leur sang peut les exposer \u00e0 des dangers. Les parents des enfants canc\u00e9reux, pris en charge au niveau du centre hospitalier Emir Abdelkader d&rsquo;Oran, prennent leur patience en mal. La situation sanitaire de leur prog\u00e9niture risque d&#8217;empirer encore plus dans l&rsquo;\u00e9ventuel cas<\/p>\n","protected":false},"author":6,"featured_media":224,"comment_status":"open","ping_status":"open","sticky":false,"template":"","format":"standard","meta":{"footnotes":""},"categories":[9],"tags":[35,36],"class_list":["post-208","post","type-post","status-publish","format-standard","has-post-thumbnail","hentry","category-culture-sante","tag-cancer","tag-enfants"],"yoast_head":"<!-- This site is optimized with the Yoast SEO plugin v27.5 - https:\/\/yoast.com\/product\/yoast-seo-wordpress\/ -->\n<title>ORAN : Des enfants canc\u00e9reux crient \u00e0 l&#039;abandon<\/title>\n<meta name=\"description\" content=\"ORAN : Des enfants canc\u00e9reux crient \u00e0 l&#039;abandon\" \/>\n<meta name=\"robots\" content=\"index, follow, max-snippet:-1, max-image-preview:large, max-video-preview:-1\" \/>\n<link rel=\"canonical\" href=\"https:\/\/www.info-algerie.com\/actualites\/oran-des-enfants-cancereux-crient-a-labandon\/\" \/>\n<meta property=\"og:locale\" content=\"fr_FR\" \/>\n<meta property=\"og:type\" content=\"article\" \/>\n<meta property=\"og:title\" content=\"ORAN : Des enfants canc\u00e9reux crient \u00e0 l&#039;abandon\" \/>\n<meta property=\"og:description\" content=\"ORAN : Des enfants canc\u00e9reux crient \u00e0 l&#039;abandon\" \/>\n<meta property=\"og:url\" content=\"https:\/\/www.info-algerie.com\/actualites\/oran-des-enfants-cancereux-crient-a-labandon\/\" \/>\n<meta property=\"og:site_name\" content=\"info algerie\" \/>\n<meta property=\"article:publisher\" content=\"https:\/\/www.facebook.com\/infoalgerieactu\" \/>\n<meta property=\"article:published_time\" content=\"2015-08-23T09:00:00+00:00\" \/>\n<meta property=\"article:modified_time\" content=\"2015-08-23T21:29:22+00:00\" \/>\n<meta property=\"og:image\" content=\"https:\/\/www.info-algerie.com\/actualites\/wp-content\/uploads\/2015\/08\/enfants-canc\u00e9reux.jpg\" \/>\n\t<meta property=\"og:image:width\" content=\"664\" \/>\n\t<meta property=\"og:image:height\" content=\"373\" \/>\n\t<meta property=\"og:image:type\" content=\"image\/jpeg\" \/>\n<meta name=\"author\" content=\"La r\u00e9daction\" \/>\n<meta name=\"twitter:label1\" content=\"\u00c9crit par\" \/>\n\t<meta name=\"twitter:data1\" content=\"La r\u00e9daction\" \/>\n\t<meta name=\"twitter:label2\" content=\"Dur\u00e9e de lecture estim\u00e9e\" \/>\n\t<meta name=\"twitter:data2\" content=\"3 minutes\" \/>\n<script type=\"application\/ld+json\" class=\"yoast-schema-graph\">{\"@context\":\"https:\\\/\\\/schema.org\",\"@graph\":[{\"@type\":\"Article\",\"@id\":\"https:\\\/\\\/www.info-algerie.com\\\/actualites\\\/oran-des-enfants-cancereux-crient-a-labandon\\\/#article\",\"isPartOf\":{\"@id\":\"https:\\\/\\\/www.info-algerie.com\\\/actualites\\\/oran-des-enfants-cancereux-crient-a-labandon\\\/\"},\"author\":{\"name\":\"La r\u00e9daction\",\"@id\":\"https:\\\/\\\/www.info-algerie.com\\\/actualites\\\/#\\\/schema\\\/person\\\/847aaec44920825b843a08f30ec6aa1e\"},\"headline\":\"ORAN : Des enfants canc\u00e9reux crient \u00e0 l&rsquo;abandon\",\"datePublished\":\"2015-08-23T09:00:00+00:00\",\"dateModified\":\"2015-08-23T21:29:22+00:00\",\"mainEntityOfPage\":{\"@id\":\"https:\\\/\\\/www.info-algerie.com\\\/actualites\\\/oran-des-enfants-cancereux-crient-a-labandon\\\/\"},\"wordCount\":726,\"commentCount\":0,\"publisher\":{\"@id\":\"https:\\\/\\\/www.info-algerie.com\\\/actualites\\\/#organization\"},\"image\":{\"@id\":\"https:\\\/\\\/www.info-algerie.com\\\/actualites\\\/oran-des-enfants-cancereux-crient-a-labandon\\\/#primaryimage\"},\"thumbnailUrl\":\"https:\\\/\\\/www.info-algerie.com\\\/actualites\\\/wp-content\\\/uploads\\\/2015\\\/08\\\/enfants-canc\u00e9reux.jpg\",\"keywords\":[\"cancer\",\"enfants\"],\"articleSection\":[\"culture sant\u00e9\"],\"inLanguage\":\"fr-FR\",\"potentialAction\":[{\"@type\":\"CommentAction\",\"name\":\"Comment\",\"target\":[\"https:\\\/\\\/www.info-algerie.com\\\/actualites\\\/oran-des-enfants-cancereux-crient-a-labandon\\\/#respond\"]}]},{\"@type\":\"WebPage\",\"@id\":\"https:\\\/\\\/www.info-algerie.com\\\/actualites\\\/oran-des-enfants-cancereux-crient-a-labandon\\\/\",\"url\":\"https:\\\/\\\/www.info-algerie.com\\\/actualites\\\/oran-des-enfants-cancereux-crient-a-labandon\\\/\",\"name\":\"ORAN : Des enfants canc\u00e9reux crient \u00e0 l'abandon\",\"isPartOf\":{\"@id\":\"https:\\\/\\\/www.info-algerie.com\\\/actualites\\\/#website\"},\"primaryImageOfPage\":{\"@id\":\"https:\\\/\\\/www.info-algerie.com\\\/actualites\\\/oran-des-enfants-cancereux-crient-a-labandon\\\/#primaryimage\"},\"image\":{\"@id\":\"https:\\\/\\\/www.info-algerie.com\\\/actualites\\\/oran-des-enfants-cancereux-crient-a-labandon\\\/#primaryimage\"},\"thumbnailUrl\":\"https:\\\/\\\/www.info-algerie.com\\\/actualites\\\/wp-content\\\/uploads\\\/2015\\\/08\\\/enfants-canc\u00e9reux.jpg\",\"datePublished\":\"2015-08-23T09:00:00+00:00\",\"dateModified\":\"2015-08-23T21:29:22+00:00\",\"description\":\"ORAN : Des enfants canc\u00e9reux crient \u00e0 l'abandon\",\"breadcrumb\":{\"@id\":\"https:\\\/\\\/www.info-algerie.com\\\/actualites\\\/oran-des-enfants-cancereux-crient-a-labandon\\\/#breadcrumb\"},\"inLanguage\":\"fr-FR\",\"potentialAction\":[{\"@type\":\"ReadAction\",\"target\":[\"https:\\\/\\\/www.info-algerie.com\\\/actualites\\\/oran-des-enfants-cancereux-crient-a-labandon\\\/\"]}]},{\"@type\":\"ImageObject\",\"inLanguage\":\"fr-FR\",\"@id\":\"https:\\\/\\\/www.info-algerie.com\\\/actualites\\\/oran-des-enfants-cancereux-crient-a-labandon\\\/#primaryimage\",\"url\":\"https:\\\/\\\/www.info-algerie.com\\\/actualites\\\/wp-content\\\/uploads\\\/2015\\\/08\\\/enfants-canc\u00e9reux.jpg\",\"contentUrl\":\"https:\\\/\\\/www.info-algerie.com\\\/actualites\\\/wp-content\\\/uploads\\\/2015\\\/08\\\/enfants-canc\u00e9reux.jpg\",\"width\":664,\"height\":373,\"caption\":\"enfants canc\u00e9reux\"},{\"@type\":\"BreadcrumbList\",\"@id\":\"https:\\\/\\\/www.info-algerie.com\\\/actualites\\\/oran-des-enfants-cancereux-crient-a-labandon\\\/#breadcrumb\",\"itemListElement\":[{\"@type\":\"ListItem\",\"position\":1,\"name\":\"Accueil\",\"item\":\"https:\\\/\\\/www.info-algerie.com\\\/actualites\\\/\"},{\"@type\":\"ListItem\",\"position\":2,\"name\":\"ORAN : Des enfants canc\u00e9reux crient \u00e0 l&rsquo;abandon\"}]},{\"@type\":\"WebSite\",\"@id\":\"https:\\\/\\\/www.info-algerie.com\\\/actualites\\\/#website\",\"url\":\"https:\\\/\\\/www.info-algerie.com\\\/actualites\\\/\",\"name\":\"info algerie\",\"description\":\"Toutes les actualit\u00e9s\",\"publisher\":{\"@id\":\"https:\\\/\\\/www.info-algerie.com\\\/actualites\\\/#organization\"},\"potentialAction\":[{\"@type\":\"SearchAction\",\"target\":{\"@type\":\"EntryPoint\",\"urlTemplate\":\"https:\\\/\\\/www.info-algerie.com\\\/actualites\\\/?s={search_term_string}\"},\"query-input\":{\"@type\":\"PropertyValueSpecification\",\"valueRequired\":true,\"valueName\":\"search_term_string\"}}],\"inLanguage\":\"fr-FR\"},{\"@type\":\"Organization\",\"@id\":\"https:\\\/\\\/www.info-algerie.com\\\/actualites\\\/#organization\",\"name\":\"info algerie\",\"url\":\"https:\\\/\\\/www.info-algerie.com\\\/actualites\\\/\",\"logo\":{\"@type\":\"ImageObject\",\"inLanguage\":\"fr-FR\",\"@id\":\"https:\\\/\\\/www.info-algerie.com\\\/actualites\\\/#\\\/schema\\\/logo\\\/image\\\/\",\"url\":\"https:\\\/\\\/www.info-algerie.com\\\/actualites\\\/wp-content\\\/uploads\\\/2022\\\/07\\\/logo-ia-120.png\",\"contentUrl\":\"https:\\\/\\\/www.info-algerie.com\\\/actualites\\\/wp-content\\\/uploads\\\/2022\\\/07\\\/logo-ia-120.png\",\"width\":120,\"height\":43,\"caption\":\"info algerie\"},\"image\":{\"@id\":\"https:\\\/\\\/www.info-algerie.com\\\/actualites\\\/#\\\/schema\\\/logo\\\/image\\\/\"},\"sameAs\":[\"https:\\\/\\\/www.facebook.com\\\/infoalgerieactu\",\"https:\\\/\\\/x.com\\\/infoalgerie1\"]},{\"@type\":\"Person\",\"@id\":\"https:\\\/\\\/www.info-algerie.com\\\/actualites\\\/#\\\/schema\\\/person\\\/847aaec44920825b843a08f30ec6aa1e\",\"name\":\"La r\u00e9daction\",\"image\":{\"@type\":\"ImageObject\",\"inLanguage\":\"fr-FR\",\"@id\":\"https:\\\/\\\/secure.gravatar.com\\\/avatar\\\/769db425c6f465158149f1ffd6cf61ce7a8a879d11dfbef8288af36dfddd418c?s=96&d=mm&r=g\",\"url\":\"https:\\\/\\\/secure.gravatar.com\\\/avatar\\\/769db425c6f465158149f1ffd6cf61ce7a8a879d11dfbef8288af36dfddd418c?s=96&d=mm&r=g\",\"contentUrl\":\"https:\\\/\\\/secure.gravatar.com\\\/avatar\\\/769db425c6f465158149f1ffd6cf61ce7a8a879d11dfbef8288af36dfddd418c?s=96&d=mm&r=g\",\"caption\":\"La r\u00e9daction\"},\"sameAs\":[\"http:\\\/\\\/www.lkeria.com\\\/\"],\"url\":\"https:\\\/\\\/www.info-algerie.com\\\/actualites\\\/author\\\/chakib32\\\/\"}]}<\/script>\n<!-- \/ Yoast SEO plugin. -->","yoast_head_json":{"title":"ORAN : Des enfants canc\u00e9reux crient \u00e0 l'abandon","description":"ORAN : Des enfants canc\u00e9reux crient \u00e0 l'abandon","robots":{"index":"index","follow":"follow","max-snippet":"max-snippet:-1","max-image-preview":"max-image-preview:large","max-video-preview":"max-video-preview:-1"},"canonical":"https:\/\/www.info-algerie.com\/actualites\/oran-des-enfants-cancereux-crient-a-labandon\/","og_locale":"fr_FR","og_type":"article","og_title":"ORAN : Des enfants canc\u00e9reux crient \u00e0 l'abandon","og_description":"ORAN : Des enfants canc\u00e9reux crient \u00e0 l'abandon","og_url":"https:\/\/www.info-algerie.com\/actualites\/oran-des-enfants-cancereux-crient-a-labandon\/","og_site_name":"info algerie","article_publisher":"https:\/\/www.facebook.com\/infoalgerieactu","article_published_time":"2015-08-23T09:00:00+00:00","article_modified_time":"2015-08-23T21:29:22+00:00","og_image":[{"width":664,"height":373,"url":"https:\/\/www.info-algerie.com\/actualites\/wp-content\/uploads\/2015\/08\/enfants-canc\u00e9reux.jpg","type":"image\/jpeg"}],"author":"La r\u00e9daction","twitter_misc":{"\u00c9crit par":"La r\u00e9daction","Dur\u00e9e de lecture estim\u00e9e":"3 minutes"},"schema":{"@context":"https:\/\/schema.org","@graph":[{"@type":"Article","@id":"https:\/\/www.info-algerie.com\/actualites\/oran-des-enfants-cancereux-crient-a-labandon\/#article","isPartOf":{"@id":"https:\/\/www.info-algerie.com\/actualites\/oran-des-enfants-cancereux-crient-a-labandon\/"},"author":{"name":"La r\u00e9daction","@id":"https:\/\/www.info-algerie.com\/actualites\/#\/schema\/person\/847aaec44920825b843a08f30ec6aa1e"},"headline":"ORAN : Des enfants canc\u00e9reux crient \u00e0 l&rsquo;abandon","datePublished":"2015-08-23T09:00:00+00:00","dateModified":"2015-08-23T21:29:22+00:00","mainEntityOfPage":{"@id":"https:\/\/www.info-algerie.com\/actualites\/oran-des-enfants-cancereux-crient-a-labandon\/"},"wordCount":726,"commentCount":0,"publisher":{"@id":"https:\/\/www.info-algerie.com\/actualites\/#organization"},"image":{"@id":"https:\/\/www.info-algerie.com\/actualites\/oran-des-enfants-cancereux-crient-a-labandon\/#primaryimage"},"thumbnailUrl":"https:\/\/www.info-algerie.com\/actualites\/wp-content\/uploads\/2015\/08\/enfants-canc\u00e9reux.jpg","keywords":["cancer","enfants"],"articleSection":["culture sant\u00e9"],"inLanguage":"fr-FR","potentialAction":[{"@type":"CommentAction","name":"Comment","target":["https:\/\/www.info-algerie.com\/actualites\/oran-des-enfants-cancereux-crient-a-labandon\/#respond"]}]},{"@type":"WebPage","@id":"https:\/\/www.info-algerie.com\/actualites\/oran-des-enfants-cancereux-crient-a-labandon\/","url":"https:\/\/www.info-algerie.com\/actualites\/oran-des-enfants-cancereux-crient-a-labandon\/","name":"ORAN : Des enfants canc\u00e9reux crient \u00e0 l'abandon","isPartOf":{"@id":"https:\/\/www.info-algerie.com\/actualites\/#website"},"primaryImageOfPage":{"@id":"https:\/\/www.info-algerie.com\/actualites\/oran-des-enfants-cancereux-crient-a-labandon\/#primaryimage"},"image":{"@id":"https:\/\/www.info-algerie.com\/actualites\/oran-des-enfants-cancereux-crient-a-labandon\/#primaryimage"},"thumbnailUrl":"https:\/\/www.info-algerie.com\/actualites\/wp-content\/uploads\/2015\/08\/enfants-canc\u00e9reux.jpg","datePublished":"2015-08-23T09:00:00+00:00","dateModified":"2015-08-23T21:29:22+00:00","description":"ORAN : Des enfants canc\u00e9reux crient \u00e0 l'abandon","breadcrumb":{"@id":"https:\/\/www.info-algerie.com\/actualites\/oran-des-enfants-cancereux-crient-a-labandon\/#breadcrumb"},"inLanguage":"fr-FR","potentialAction":[{"@type":"ReadAction","target":["https:\/\/www.info-algerie.com\/actualites\/oran-des-enfants-cancereux-crient-a-labandon\/"]}]},{"@type":"ImageObject","inLanguage":"fr-FR","@id":"https:\/\/www.info-algerie.com\/actualites\/oran-des-enfants-cancereux-crient-a-labandon\/#primaryimage","url":"https:\/\/www.info-algerie.com\/actualites\/wp-content\/uploads\/2015\/08\/enfants-canc\u00e9reux.jpg","contentUrl":"https:\/\/www.info-algerie.com\/actualites\/wp-content\/uploads\/2015\/08\/enfants-canc\u00e9reux.jpg","width":664,"height":373,"caption":"enfants canc\u00e9reux"},{"@type":"BreadcrumbList","@id":"https:\/\/www.info-algerie.com\/actualites\/oran-des-enfants-cancereux-crient-a-labandon\/#breadcrumb","itemListElement":[{"@type":"ListItem","position":1,"name":"Accueil","item":"https:\/\/www.info-algerie.com\/actualites\/"},{"@type":"ListItem","position":2,"name":"ORAN : Des enfants canc\u00e9reux crient \u00e0 l&rsquo;abandon"}]},{"@type":"WebSite","@id":"https:\/\/www.info-algerie.com\/actualites\/#website","url":"https:\/\/www.info-algerie.com\/actualites\/","name":"info algerie","description":"Toutes les actualit\u00e9s","publisher":{"@id":"https:\/\/www.info-algerie.com\/actualites\/#organization"},"potentialAction":[{"@type":"SearchAction","target":{"@type":"EntryPoint","urlTemplate":"https:\/\/www.info-algerie.com\/actualites\/?s={search_term_string}"},"query-input":{"@type":"PropertyValueSpecification","valueRequired":true,"valueName":"search_term_string"}}],"inLanguage":"fr-FR"},{"@type":"Organization","@id":"https:\/\/www.info-algerie.com\/actualites\/#organization","name":"info algerie","url":"https:\/\/www.info-algerie.com\/actualites\/","logo":{"@type":"ImageObject","inLanguage":"fr-FR","@id":"https:\/\/www.info-algerie.com\/actualites\/#\/schema\/logo\/image\/","url":"https:\/\/www.info-algerie.com\/actualites\/wp-content\/uploads\/2022\/07\/logo-ia-120.png","contentUrl":"https:\/\/www.info-algerie.com\/actualites\/wp-content\/uploads\/2022\/07\/logo-ia-120.png","width":120,"height":43,"caption":"info algerie"},"image":{"@id":"https:\/\/www.info-algerie.com\/actualites\/#\/schema\/logo\/image\/"},"sameAs":["https:\/\/www.facebook.com\/infoalgerieactu","https:\/\/x.com\/infoalgerie1"]},{"@type":"Person","@id":"https:\/\/www.info-algerie.com\/actualites\/#\/schema\/person\/847aaec44920825b843a08f30ec6aa1e","name":"La r\u00e9daction","image":{"@type":"ImageObject","inLanguage":"fr-FR","@id":"https:\/\/secure.gravatar.com\/avatar\/769db425c6f465158149f1ffd6cf61ce7a8a879d11dfbef8288af36dfddd418c?s=96&d=mm&r=g","url":"https:\/\/secure.gravatar.com\/avatar\/769db425c6f465158149f1ffd6cf61ce7a8a879d11dfbef8288af36dfddd418c?s=96&d=mm&r=g","contentUrl":"https:\/\/secure.gravatar.com\/avatar\/769db425c6f465158149f1ffd6cf61ce7a8a879d11dfbef8288af36dfddd418c?s=96&d=mm&r=g","caption":"La r\u00e9daction"},"sameAs":["http:\/\/www.lkeria.com\/"],"url":"https:\/\/www.info-algerie.com\/actualites\/author\/chakib32\/"}]}},"_links":{"self":[{"href":"https:\/\/www.info-algerie.com\/actualites\/wp-json\/wp\/v2\/posts\/208","targetHints":{"allow":["GET"]}}],"collection":[{"href":"https:\/\/www.info-algerie.com\/actualites\/wp-json\/wp\/v2\/posts"}],"about":[{"href":"https:\/\/www.info-algerie.com\/actualites\/wp-json\/wp\/v2\/types\/post"}],"author":[{"embeddable":true,"href":"https:\/\/www.info-algerie.com\/actualites\/wp-json\/wp\/v2\/users\/6"}],"replies":[{"embeddable":true,"href":"https:\/\/www.info-algerie.com\/actualites\/wp-json\/wp\/v2\/comments?post=208"}],"version-history":[{"count":3,"href":"https:\/\/www.info-algerie.com\/actualites\/wp-json\/wp\/v2\/posts\/208\/revisions"}],"predecessor-version":[{"id":226,"href":"https:\/\/www.info-algerie.com\/actualites\/wp-json\/wp\/v2\/posts\/208\/revisions\/226"}],"wp:featuredmedia":[{"embeddable":true,"href":"https:\/\/www.info-algerie.com\/actualites\/wp-json\/wp\/v2\/media\/224"}],"wp:attachment":[{"href":"https:\/\/www.info-algerie.com\/actualites\/wp-json\/wp\/v2\/media?parent=208"}],"wp:term":[{"taxonomy":"category","embeddable":true,"href":"https:\/\/www.info-algerie.com\/actualites\/wp-json\/wp\/v2\/categories?post=208"},{"taxonomy":"post_tag","embeddable":true,"href":"https:\/\/www.info-algerie.com\/actualites\/wp-json\/wp\/v2\/tags?post=208"}],"curies":[{"name":"wp","href":"https:\/\/api.w.org\/{rel}","templated":true}]}}