{"id":210,"date":"2015-08-23T10:00:00","date_gmt":"2015-08-23T09:00:00","guid":{"rendered":"http:\/\/www.info-algerie.com\/actualites\/lex-chef-du-gouvernement-mokdad-sifi-declare-je-ne-veux-pas-etre-a-la-place-de-sellal\/"},"modified":"2015-08-23T22:33:06","modified_gmt":"2015-08-23T21:33:06","slug":"lex-chef-du-gouvernement-mokdad-sifi-declare-je-ne-veux-pas-etre-a-la-place-de-sellal","status":"publish","type":"post","link":"https:\/\/www.info-algerie.com\/actualites\/lex-chef-du-gouvernement-mokdad-sifi-declare-je-ne-veux-pas-etre-a-la-place-de-sellal\/","title":{"rendered":"L&rsquo;EX-CHEF DU GOUVERNEMENT, MOKDAD SIFI, D\u00c9CLARE : &quot;Je ne veux pas \u00eatre \u00e0 la place de Sellal&quot;"},"content":{"rendered":"<p class=\"article_abstract\" style=\"text-align: justify;\"><a href=\"https:\/\/www.info-algerie.com\/actualites\/wp-content\/uploads\/2015\/08\/MOKDAD-SIFI.jpg\"><img loading=\"lazy\" decoding=\"async\" class=\"wp-image-228 alignleft\" src=\"https:\/\/www.info-algerie.com\/actualites\/wp-content\/uploads\/2015\/08\/MOKDAD-SIFI-300x161.jpg\" alt=\"MOKDAD SIFI\" width=\"173\" height=\"93\" srcset=\"https:\/\/www.info-algerie.com\/actualites\/wp-content\/uploads\/2015\/08\/MOKDAD-SIFI-300x161.jpg 300w, https:\/\/www.info-algerie.com\/actualites\/wp-content\/uploads\/2015\/08\/MOKDAD-SIFI-310x165.jpg 310w, https:\/\/www.info-algerie.com\/actualites\/wp-content\/uploads\/2015\/08\/MOKDAD-SIFI.jpg 470w\" sizes=\"auto, (max-width: 173px) 100vw, 173px\" \/><\/a>Tout en \u00e9pargnant Abdelmalek Sellal, M.Sifi n&rsquo;a pas manqu\u00e9 d&rsquo;\u00e9pingler Ahmed Ouyahia, l&rsquo;actuel directeur de cabinet de la pr\u00e9sidence de la R\u00e9publique.<\/p>\n<p style=\"text-align: justify;\">L&rsquo;ancien chef du gouvernement sous Liamine Zeroual (1994-1995), Mokdad Sifi, a d\u00e9clar\u00e9 hier, \u00e0 Alger que \u00abAbdelmalek Sellal h\u00e9rite d&rsquo;une situation \u00e9conomique et sociale catastrophiques suite \u00e0 l&rsquo;effondrement des prix des hydrocarbures et \u00e0 la grande injustice contre les citoyens marquant la p\u00e9riode allant de 1996 \u00e0 ce jour\u00bb.<\/p>\n<p style=\"text-align: justify;\">Tout en \u00e9pargnant Abdelmalek Sellal, M. Sifi n&rsquo;a pas manqu\u00e9 d&rsquo;\u00e9pingler Ahmed Ouyahia, l&rsquo;actuel directeur de cabinet de la pr\u00e9sidence de la R\u00e9publique. De tr\u00e8s mauvaises d\u00e9cisions dont la fermeture de plus de 1300 entreprises publiques, et l&#8217;emprisonnement de plus de 6 200 cadres dirigeants&#8230;etc, ont \u00e9t\u00e9 prises depuis 1996 \u00e0 l&rsquo;\u00e9poque o\u00f9 Ouyahia \u00e9tait chef du gouvernement.<\/p>\n<p style=\"text-align: justify;\">D&#8217;embl\u00e9e, Sifi a entam\u00e9 son intervention par une interrogation: o\u00f9 va l&rsquo;Alg\u00e9rie? La r\u00e9ponse \u00e0 cette interrogation, estime-t-il \u00abr\u00e9side dans la question elle-m\u00eame, qui traduit l&rsquo;angoisse et l&rsquo;\u00e9norme incertitude des citoyens sur l&rsquo;avenir du pays qui se dirige vers l&rsquo;inconnu\u00bb.<\/p>\n<p style=\"text-align: justify;\">\u00abL&rsquo;inqui\u00e9tude des Alg\u00e9riens est fond\u00e9e et logique, qui se base sur de grandes probabilit\u00e9s qui s&rsquo;imposent, si les autorit\u00e9s persistent dans leur immobilisme et n&rsquo;admettent pas de mettre en place une nouvelle feuille de route pour redresser la situation\u00bb, dit-il. \u00abSi d&rsquo;aventure on n&rsquo;apporte pas des solutions ad\u00e9quates \u00e0 la situation actuelle, on ira loin dans la catastrophe et le pire est \u00e0 venir\u00bb, indique l&rsquo;ex-ministre de l&rsquo;Equipement sous le gouvernement de Reda Malek.<\/p>\n<p style=\"text-align: justify;\">\u00abEst-ce que la situation \u00e9conomique, sociale, s\u00e9curitaire d&rsquo;aujourd&rsquo;hui est similaire \u00e0 celle pr\u00e9valant durant les ann\u00e9es 1990? Et qui sont les enseignements ou les le\u00e7ons tir\u00e9s du combat engag\u00e9 \u00e0 cette \u00e9poque pour permettre \u00e0 l&rsquo; Alg\u00e9rie de rester debout?\u00bb, sont en somme des questions pos\u00e9es par l&rsquo;ex-candidat \u00e0 la pr\u00e9sidentielle de 1999, avant de se retirer de la course avec les autres candidats.<\/p>\n<p style=\"text-align: justify;\">De m\u00eame, le conf\u00e9rencier s&rsquo;est demand\u00e9 si l&rsquo;Alg\u00e9rie est pr\u00eate \u00e0 affronter un autre choc p\u00e9trolier qui se profile \u00e0 l&rsquo;horizon. En fait, dit-il \u00abautant que la situation \u00e0 laquelle on est parvenu durant les ann\u00e9es 1990, la situation actuelle est le r\u00e9sultat de la tr\u00e8s mauvaise gouvernance, des mesures criminelles des gouvernants depuis 1996\u00bb. Mais la comparaison entre les deux situations s&rsquo;arr\u00eate \u00e0 ce niveau, indique-t-il.<\/p>\n<p style=\"text-align: justify;\">\u00abEn 1994, les institutions \u00e9taient quasiinexistantes: il n&rsquo; y avait ni la pr\u00e9sidence de la R\u00e9publique, ni l&rsquo; APN ni aucune autre assembl\u00e9e \u00e9lue (APW, APC) encore moins des moyens financiers.<\/p>\n<p style=\"text-align: justify;\">Le service de la dette qui \u00e9tait de l&rsquo;ordre de 9 milliards de dollars d\u00e9passait les revenus ext\u00e9rieurs qui furent de 8 milliards de dollars; sur le plan de la coop\u00e9ration internationale, l&rsquo;Alg\u00e9rie a \u00e9t\u00e9 isol\u00e9e, y compris par les pays arabes\u00bb, a-t-il soulign\u00e9. Pour couronner le tout, \u00ables services de s\u00e9curit\u00e9 et les corps constitu\u00e9s n&rsquo;\u00e9taient ni form\u00e9s ni organis\u00e9s et ne disposaient pas de moyens humains, mat\u00e9riels et l&rsquo;expertise suffisante\u00bb, souligne-t-il.<\/p>\n<p style=\"text-align: justify;\">Or, poursuit-il, \u00abaujourd&rsquo;hui, il ne reste de la manne p\u00e9troli\u00e8re record et incroyable (750 milliards de dollars de 1999 \u00e0 2014), que 160 milliards de dollars, tandis que 48 autres ont \u00e9t\u00e9 dilapid\u00e9s, on n&rsquo;a plus de dette ext\u00e9rieure, nos services de s\u00e9curit\u00e9 sont mieux \u00e9quip\u00e9s et form\u00e9s, la coop\u00e9ration internationale existe\u00bb. \u00abN\u00e9anmoins, l&rsquo;Alg\u00e9rie est soutenue actuellement sur le plan s\u00e9curitaire\u00bb, estime-t-il pour dire que l&rsquo; Alg\u00e9rie dispose de suffisamment de moyens, mais&#8230;<\/p>\n<p style=\"text-align: justify;\">En 1994 et 1995, apr\u00e8s un travail de longue haleine, on a pu mobiliser le peuple et r\u00e9habiliter la confiance entre les citoyens et les gouvernants, toutes les cat\u00e9gories sociales, parmi les travailleurs, les enseignants et les journalistes qui ont pay\u00e9 un lourd tribut, \u00e9taient \u00e0 l&rsquo;avant-garde de la lutte pour la sauvegarde de l&rsquo; Alg\u00e9rie\u00bb. Pour preuve, il cite une participation massive \u00e0 l&rsquo;\u00e9lection pr\u00e9sidentielle de 1995. Aujourd&rsquo;hui, malheureusement, sur le plan d\u00e9mographique, la population est pass\u00e9e de 29 millions en 1994 \u00e0 39 millions en 2015,dont 50% sont \u00e2g\u00e9s de moins de 30 ans et n&rsquo;ont pas v\u00e9cu la trag\u00e9die nationale. Cette cat\u00e9gorie de population est d\u00e9sillusionn\u00e9e et totalement d\u00e9motiv\u00e9e et affiche sa d\u00e9ception des gouvernants. Pour eux, fait-il savoir, \u00abla gouvernance est synonyme de corruption et le gaspillage, \u00e9touffement des libert\u00e9s et la hogra\u00bb.<\/p>\n<p style=\"text-align: justify;\">A mon avis, dit-il, \u00abils sont les premi\u00e8res victimes collat\u00e9rales du r\u00e9gime actuel. Ils sont souvent berc\u00e9s entre le cr\u00e9dits Ansej, la possibilit\u00e9 d&rsquo;acqu\u00e9rir un logement Aadl et la qu\u00eate d&rsquo;un visa Schengen\u00bb. Ils passent, indique-t-il \u00abd&rsquo;une d\u00e9ception \u00e0 une autre et sont dans l&rsquo;incertitude totale quant \u00e0 l&rsquo;avenir du pays\u00bb.<\/p>\n<p style=\"text-align: justify;\">En d\u00e9finitive, r\u00e9sume-t-il \u00able nombre de ceux qui ont perdu confiance et en proie au r\u00e9el d\u00e9faitisme et en sans aucune certitude sur l&rsquo;avenir imm\u00e9diat et \u00e0 moyen terme du pays, est de loin plus important en 2015 par rapport \u00e0 1994\u00bb. Ceux-l\u00e0, affirme-t-il, \u00abn&rsquo;accepteront aucune aust\u00e9rit\u00e9 qui sera d\u00e9cr\u00e9t\u00e9e apr\u00e8s une d\u00e9cennie de distribution flagrante de la rente p\u00e9troli\u00e8re\u00bb.<\/p>\n<p style=\"text-align: justify;\">\u00abMalgr\u00e9 l&rsquo;existence de moyens suffisants, les gouvernants actuels n&rsquo;ont pas les capacit\u00e9s de faire face \u00e0 un choc \u00e9conomique et social de cette ampleur, comparativement \u00e0 ceux des ann\u00e9es 1990\u00bb, a-t-il encore estim\u00e9. La chose la plus importante en cette situation difficile est le peuple \u00e0 qui on doit rendre la confiance en ses dirigeants et le mobiliser. Dans sa conception d&rsquo;une solution de sortie de crise, M Sifi dira que le gouvernement doit faire son mea-culpa pour mobiliser les cadres et le peuple. Toutefois, au yeux de Sifi, celui qui s\u00e8me la hogra recueillera la violence\u00bb, est l&rsquo;adage qui sied bien aux gouvernants actuels. D&rsquo;apr\u00e8s M.Sifi, \u00abapr\u00e8s le d\u00e9c\u00e8s de l&rsquo;ancien pr\u00e9sident, Houari Boumediene,<\/p>\n<p style=\"text-align: justify;\">l&rsquo;Alg\u00e9rie n&rsquo;a plus de projet de soci\u00e9t\u00e9, les gouvernements successifs jusqu&rsquo; \u00e0 aujourd&rsquo;hui ont eu recours aux slogans\u00bb. \u00abIl nous faut amorcer un nouveau pacte social apr\u00e8s celui des ann\u00e9es 1990. Et sans doute l&rsquo;une des le\u00e7ons principales qu&rsquo;il faut tirer de cette \u00e9poque est de r\u00e9tablir la confiance entre le peuple et les gouvernants et lui proposer le projet le concernant.<\/p>\n<p style=\"text-align: justify;\">En tout \u00e9tat de cause, le gouvernement actuel doit se d\u00e9barrasser de sa r\u00e9putation d&rsquo;injustice contre le peuple qui lui colle depuis toujours\u00bb, a-t-il conclu. Par ailleurs, Mokdad Sifi qui s&rsquo;inscrit en porte-\u00e0-faux contre la Charte de la paix et de la r\u00e9conciliation nationale, d\u00e9plore l&rsquo;absence de l&rsquo; Etat face \u00e0 l&rsquo;activisme politique de l&rsquo;ancien \u00e9mir de l&rsquo;AIS. Enfin, pour l&rsquo;ex-chef du gouvernement, l&rsquo;\u00e9lection pr\u00e9sidentielle anticip\u00e9e pourra constituer une solution \u00e0 la crise actuelle.<\/p>\n<p style=\"text-align: justify;\">Interrog\u00e9 sur le duel suppos\u00e9 entre le d\u00e9partement des renseignements et la pr\u00e9sidence de la R\u00e9publique, il dira qu&rsquo; \u00aben 1994 et 1995, il n&rsquo;y avait pas ce genre de t\u00e9lescopage\u00bb.<\/p>\n<p>Source: <a href=\"http:\/\/www.lexpressiondz.com\/actualite\/223504-je-ne-veux-pas-etre-a-la-place-de-sellal.html\" target=\"_blank\">L&rsquo;EX-CHEF DU GOUVERNEMENT, MOKDAD SIFI, D\u00c9CLARE : \u00ab\u00a0Je ne veux pas \u00eatre \u00e0 la place de Sellal\u00a0\u00bb<\/a><\/p>\n<!--CusAds0-->\n<div style=\"font-size: 0px; height: 0px; line-height: 0px; margin: 0; padding: 0; clear: both;\"><\/div>","protected":false},"excerpt":{"rendered":"<p>Tout en \u00e9pargnant Abdelmalek Sellal, M.Sifi n&rsquo;a pas manqu\u00e9 d&rsquo;\u00e9pingler Ahmed Ouyahia, l&rsquo;actuel directeur de cabinet de la pr\u00e9sidence de la R\u00e9publique. L&rsquo;ancien chef du gouvernement sous Liamine Zeroual (1994-1995), Mokdad Sifi, a d\u00e9clar\u00e9 hier, \u00e0 Alger que \u00abAbdelmalek Sellal h\u00e9rite d&rsquo;une situation \u00e9conomique et sociale catastrophiques suite \u00e0 l&rsquo;effondrement des prix des hydrocarbures et<\/p>\n","protected":false},"author":6,"featured_media":228,"comment_status":"open","ping_status":"open","sticky":false,"template":"","format":"standard","meta":{"footnotes":""},"categories":[7],"tags":[],"class_list":["post-210","post","type-post","status-publish","format-standard","has-post-thumbnail","hentry","category-politique"],"yoast_head":"<!-- This site is optimized with the Yoast SEO plugin v27.5 - https:\/\/yoast.com\/product\/yoast-seo-wordpress\/ -->\n<title>MOKDAD SIFI, Je ne veux pas \u00eatre \u00e0 la place de Sellal<\/title>\n<meta name=\"description\" content=\"L&#039;EX-CHEF DU GOUVERNEMENT, MOKDAD SIFI, D\u00c9CLARE : &quot;Je ne veux pas \u00eatre \u00e0 la place de Sellal&quot;\" \/>\n<meta name=\"robots\" content=\"index, follow, max-snippet:-1, max-image-preview:large, max-video-preview:-1\" \/>\n<link rel=\"canonical\" href=\"https:\/\/www.info-algerie.com\/actualites\/lex-chef-du-gouvernement-mokdad-sifi-declare-je-ne-veux-pas-etre-a-la-place-de-sellal\/\" \/>\n<meta property=\"og:locale\" content=\"fr_FR\" \/>\n<meta property=\"og:type\" content=\"article\" \/>\n<meta property=\"og:title\" content=\"MOKDAD SIFI, Je ne veux pas \u00eatre \u00e0 la place de Sellal\" \/>\n<meta property=\"og:description\" content=\"L&#039;EX-CHEF DU GOUVERNEMENT, MOKDAD SIFI, D\u00c9CLARE : &quot;Je ne veux pas \u00eatre \u00e0 la place de Sellal&quot;\" \/>\n<meta property=\"og:url\" content=\"https:\/\/www.info-algerie.com\/actualites\/lex-chef-du-gouvernement-mokdad-sifi-declare-je-ne-veux-pas-etre-a-la-place-de-sellal\/\" \/>\n<meta property=\"og:site_name\" content=\"info algerie\" \/>\n<meta property=\"article:publisher\" content=\"https:\/\/www.facebook.com\/infoalgerieactu\" \/>\n<meta property=\"article:published_time\" content=\"2015-08-23T09:00:00+00:00\" \/>\n<meta property=\"article:modified_time\" content=\"2015-08-23T21:33:06+00:00\" \/>\n<meta property=\"og:image\" content=\"https:\/\/www.info-algerie.com\/actualites\/wp-content\/uploads\/2015\/08\/MOKDAD-SIFI.jpg\" \/>\n\t<meta property=\"og:image:width\" content=\"470\" \/>\n\t<meta property=\"og:image:height\" content=\"252\" \/>\n\t<meta property=\"og:image:type\" content=\"image\/jpeg\" \/>\n<meta name=\"author\" content=\"La r\u00e9daction\" \/>\n<meta name=\"twitter:label1\" content=\"\u00c9crit par\" \/>\n\t<meta name=\"twitter:data1\" content=\"La r\u00e9daction\" \/>\n\t<meta name=\"twitter:label2\" content=\"Dur\u00e9e de lecture estim\u00e9e\" \/>\n\t<meta name=\"twitter:data2\" content=\"6 minutes\" \/>\n<script type=\"application\/ld+json\" class=\"yoast-schema-graph\">{\"@context\":\"https:\\\/\\\/schema.org\",\"@graph\":[{\"@type\":\"Article\",\"@id\":\"https:\\\/\\\/www.info-algerie.com\\\/actualites\\\/lex-chef-du-gouvernement-mokdad-sifi-declare-je-ne-veux-pas-etre-a-la-place-de-sellal\\\/#article\",\"isPartOf\":{\"@id\":\"https:\\\/\\\/www.info-algerie.com\\\/actualites\\\/lex-chef-du-gouvernement-mokdad-sifi-declare-je-ne-veux-pas-etre-a-la-place-de-sellal\\\/\"},\"author\":{\"name\":\"La r\u00e9daction\",\"@id\":\"https:\\\/\\\/www.info-algerie.com\\\/actualites\\\/#\\\/schema\\\/person\\\/847aaec44920825b843a08f30ec6aa1e\"},\"headline\":\"L&rsquo;EX-CHEF DU GOUVERNEMENT, MOKDAD SIFI, D\u00c9CLARE : &quot;Je ne veux pas \u00eatre \u00e0 la place de Sellal&quot;\",\"datePublished\":\"2015-08-23T09:00:00+00:00\",\"dateModified\":\"2015-08-23T21:33:06+00:00\",\"mainEntityOfPage\":{\"@id\":\"https:\\\/\\\/www.info-algerie.com\\\/actualites\\\/lex-chef-du-gouvernement-mokdad-sifi-declare-je-ne-veux-pas-etre-a-la-place-de-sellal\\\/\"},\"wordCount\":1254,\"commentCount\":0,\"publisher\":{\"@id\":\"https:\\\/\\\/www.info-algerie.com\\\/actualites\\\/#organization\"},\"image\":{\"@id\":\"https:\\\/\\\/www.info-algerie.com\\\/actualites\\\/lex-chef-du-gouvernement-mokdad-sifi-declare-je-ne-veux-pas-etre-a-la-place-de-sellal\\\/#primaryimage\"},\"thumbnailUrl\":\"https:\\\/\\\/www.info-algerie.com\\\/actualites\\\/wp-content\\\/uploads\\\/2015\\\/08\\\/MOKDAD-SIFI.jpg\",\"articleSection\":[\"Politique\"],\"inLanguage\":\"fr-FR\",\"potentialAction\":[{\"@type\":\"CommentAction\",\"name\":\"Comment\",\"target\":[\"https:\\\/\\\/www.info-algerie.com\\\/actualites\\\/lex-chef-du-gouvernement-mokdad-sifi-declare-je-ne-veux-pas-etre-a-la-place-de-sellal\\\/#respond\"]}]},{\"@type\":\"WebPage\",\"@id\":\"https:\\\/\\\/www.info-algerie.com\\\/actualites\\\/lex-chef-du-gouvernement-mokdad-sifi-declare-je-ne-veux-pas-etre-a-la-place-de-sellal\\\/\",\"url\":\"https:\\\/\\\/www.info-algerie.com\\\/actualites\\\/lex-chef-du-gouvernement-mokdad-sifi-declare-je-ne-veux-pas-etre-a-la-place-de-sellal\\\/\",\"name\":\"MOKDAD SIFI, Je ne veux pas \u00eatre \u00e0 la place de Sellal\",\"isPartOf\":{\"@id\":\"https:\\\/\\\/www.info-algerie.com\\\/actualites\\\/#website\"},\"primaryImageOfPage\":{\"@id\":\"https:\\\/\\\/www.info-algerie.com\\\/actualites\\\/lex-chef-du-gouvernement-mokdad-sifi-declare-je-ne-veux-pas-etre-a-la-place-de-sellal\\\/#primaryimage\"},\"image\":{\"@id\":\"https:\\\/\\\/www.info-algerie.com\\\/actualites\\\/lex-chef-du-gouvernement-mokdad-sifi-declare-je-ne-veux-pas-etre-a-la-place-de-sellal\\\/#primaryimage\"},\"thumbnailUrl\":\"https:\\\/\\\/www.info-algerie.com\\\/actualites\\\/wp-content\\\/uploads\\\/2015\\\/08\\\/MOKDAD-SIFI.jpg\",\"datePublished\":\"2015-08-23T09:00:00+00:00\",\"dateModified\":\"2015-08-23T21:33:06+00:00\",\"description\":\"L'EX-CHEF DU GOUVERNEMENT, MOKDAD SIFI, D\u00c9CLARE : &quot;Je ne veux pas \u00eatre \u00e0 la place de Sellal&quot;\",\"breadcrumb\":{\"@id\":\"https:\\\/\\\/www.info-algerie.com\\\/actualites\\\/lex-chef-du-gouvernement-mokdad-sifi-declare-je-ne-veux-pas-etre-a-la-place-de-sellal\\\/#breadcrumb\"},\"inLanguage\":\"fr-FR\",\"potentialAction\":[{\"@type\":\"ReadAction\",\"target\":[\"https:\\\/\\\/www.info-algerie.com\\\/actualites\\\/lex-chef-du-gouvernement-mokdad-sifi-declare-je-ne-veux-pas-etre-a-la-place-de-sellal\\\/\"]}]},{\"@type\":\"ImageObject\",\"inLanguage\":\"fr-FR\",\"@id\":\"https:\\\/\\\/www.info-algerie.com\\\/actualites\\\/lex-chef-du-gouvernement-mokdad-sifi-declare-je-ne-veux-pas-etre-a-la-place-de-sellal\\\/#primaryimage\",\"url\":\"https:\\\/\\\/www.info-algerie.com\\\/actualites\\\/wp-content\\\/uploads\\\/2015\\\/08\\\/MOKDAD-SIFI.jpg\",\"contentUrl\":\"https:\\\/\\\/www.info-algerie.com\\\/actualites\\\/wp-content\\\/uploads\\\/2015\\\/08\\\/MOKDAD-SIFI.jpg\",\"width\":470,\"height\":252,\"caption\":\"MOKDAD SIFI\"},{\"@type\":\"BreadcrumbList\",\"@id\":\"https:\\\/\\\/www.info-algerie.com\\\/actualites\\\/lex-chef-du-gouvernement-mokdad-sifi-declare-je-ne-veux-pas-etre-a-la-place-de-sellal\\\/#breadcrumb\",\"itemListElement\":[{\"@type\":\"ListItem\",\"position\":1,\"name\":\"Accueil\",\"item\":\"https:\\\/\\\/www.info-algerie.com\\\/actualites\\\/\"},{\"@type\":\"ListItem\",\"position\":2,\"name\":\"L&rsquo;EX-CHEF DU GOUVERNEMENT, MOKDAD SIFI, D\u00c9CLARE : &quot;Je ne veux pas \u00eatre \u00e0 la place de Sellal&quot;\"}]},{\"@type\":\"WebSite\",\"@id\":\"https:\\\/\\\/www.info-algerie.com\\\/actualites\\\/#website\",\"url\":\"https:\\\/\\\/www.info-algerie.com\\\/actualites\\\/\",\"name\":\"info algerie\",\"description\":\"Toutes les actualit\u00e9s\",\"publisher\":{\"@id\":\"https:\\\/\\\/www.info-algerie.com\\\/actualites\\\/#organization\"},\"potentialAction\":[{\"@type\":\"SearchAction\",\"target\":{\"@type\":\"EntryPoint\",\"urlTemplate\":\"https:\\\/\\\/www.info-algerie.com\\\/actualites\\\/?s={search_term_string}\"},\"query-input\":{\"@type\":\"PropertyValueSpecification\",\"valueRequired\":true,\"valueName\":\"search_term_string\"}}],\"inLanguage\":\"fr-FR\"},{\"@type\":\"Organization\",\"@id\":\"https:\\\/\\\/www.info-algerie.com\\\/actualites\\\/#organization\",\"name\":\"info algerie\",\"url\":\"https:\\\/\\\/www.info-algerie.com\\\/actualites\\\/\",\"logo\":{\"@type\":\"ImageObject\",\"inLanguage\":\"fr-FR\",\"@id\":\"https:\\\/\\\/www.info-algerie.com\\\/actualites\\\/#\\\/schema\\\/logo\\\/image\\\/\",\"url\":\"https:\\\/\\\/www.info-algerie.com\\\/actualites\\\/wp-content\\\/uploads\\\/2022\\\/07\\\/logo-ia-120.png\",\"contentUrl\":\"https:\\\/\\\/www.info-algerie.com\\\/actualites\\\/wp-content\\\/uploads\\\/2022\\\/07\\\/logo-ia-120.png\",\"width\":120,\"height\":43,\"caption\":\"info algerie\"},\"image\":{\"@id\":\"https:\\\/\\\/www.info-algerie.com\\\/actualites\\\/#\\\/schema\\\/logo\\\/image\\\/\"},\"sameAs\":[\"https:\\\/\\\/www.facebook.com\\\/infoalgerieactu\",\"https:\\\/\\\/x.com\\\/infoalgerie1\"]},{\"@type\":\"Person\",\"@id\":\"https:\\\/\\\/www.info-algerie.com\\\/actualites\\\/#\\\/schema\\\/person\\\/847aaec44920825b843a08f30ec6aa1e\",\"name\":\"La r\u00e9daction\",\"image\":{\"@type\":\"ImageObject\",\"inLanguage\":\"fr-FR\",\"@id\":\"https:\\\/\\\/secure.gravatar.com\\\/avatar\\\/769db425c6f465158149f1ffd6cf61ce7a8a879d11dfbef8288af36dfddd418c?s=96&d=mm&r=g\",\"url\":\"https:\\\/\\\/secure.gravatar.com\\\/avatar\\\/769db425c6f465158149f1ffd6cf61ce7a8a879d11dfbef8288af36dfddd418c?s=96&d=mm&r=g\",\"contentUrl\":\"https:\\\/\\\/secure.gravatar.com\\\/avatar\\\/769db425c6f465158149f1ffd6cf61ce7a8a879d11dfbef8288af36dfddd418c?s=96&d=mm&r=g\",\"caption\":\"La r\u00e9daction\"},\"sameAs\":[\"http:\\\/\\\/www.lkeria.com\\\/\"],\"url\":\"https:\\\/\\\/www.info-algerie.com\\\/actualites\\\/author\\\/chakib32\\\/\"}]}<\/script>\n<!-- \/ Yoast SEO plugin. -->","yoast_head_json":{"title":"MOKDAD SIFI, Je ne veux pas \u00eatre \u00e0 la place de Sellal","description":"L'EX-CHEF DU GOUVERNEMENT, MOKDAD SIFI, D\u00c9CLARE : &quot;Je ne veux pas \u00eatre \u00e0 la place de Sellal&quot;","robots":{"index":"index","follow":"follow","max-snippet":"max-snippet:-1","max-image-preview":"max-image-preview:large","max-video-preview":"max-video-preview:-1"},"canonical":"https:\/\/www.info-algerie.com\/actualites\/lex-chef-du-gouvernement-mokdad-sifi-declare-je-ne-veux-pas-etre-a-la-place-de-sellal\/","og_locale":"fr_FR","og_type":"article","og_title":"MOKDAD SIFI, Je ne veux pas \u00eatre \u00e0 la place de Sellal","og_description":"L'EX-CHEF DU GOUVERNEMENT, MOKDAD SIFI, D\u00c9CLARE : &quot;Je ne veux pas \u00eatre \u00e0 la place de Sellal&quot;","og_url":"https:\/\/www.info-algerie.com\/actualites\/lex-chef-du-gouvernement-mokdad-sifi-declare-je-ne-veux-pas-etre-a-la-place-de-sellal\/","og_site_name":"info algerie","article_publisher":"https:\/\/www.facebook.com\/infoalgerieactu","article_published_time":"2015-08-23T09:00:00+00:00","article_modified_time":"2015-08-23T21:33:06+00:00","og_image":[{"width":470,"height":252,"url":"https:\/\/www.info-algerie.com\/actualites\/wp-content\/uploads\/2015\/08\/MOKDAD-SIFI.jpg","type":"image\/jpeg"}],"author":"La r\u00e9daction","twitter_misc":{"\u00c9crit par":"La r\u00e9daction","Dur\u00e9e de lecture estim\u00e9e":"6 minutes"},"schema":{"@context":"https:\/\/schema.org","@graph":[{"@type":"Article","@id":"https:\/\/www.info-algerie.com\/actualites\/lex-chef-du-gouvernement-mokdad-sifi-declare-je-ne-veux-pas-etre-a-la-place-de-sellal\/#article","isPartOf":{"@id":"https:\/\/www.info-algerie.com\/actualites\/lex-chef-du-gouvernement-mokdad-sifi-declare-je-ne-veux-pas-etre-a-la-place-de-sellal\/"},"author":{"name":"La r\u00e9daction","@id":"https:\/\/www.info-algerie.com\/actualites\/#\/schema\/person\/847aaec44920825b843a08f30ec6aa1e"},"headline":"L&rsquo;EX-CHEF DU GOUVERNEMENT, MOKDAD SIFI, D\u00c9CLARE : &quot;Je ne veux pas \u00eatre \u00e0 la place de Sellal&quot;","datePublished":"2015-08-23T09:00:00+00:00","dateModified":"2015-08-23T21:33:06+00:00","mainEntityOfPage":{"@id":"https:\/\/www.info-algerie.com\/actualites\/lex-chef-du-gouvernement-mokdad-sifi-declare-je-ne-veux-pas-etre-a-la-place-de-sellal\/"},"wordCount":1254,"commentCount":0,"publisher":{"@id":"https:\/\/www.info-algerie.com\/actualites\/#organization"},"image":{"@id":"https:\/\/www.info-algerie.com\/actualites\/lex-chef-du-gouvernement-mokdad-sifi-declare-je-ne-veux-pas-etre-a-la-place-de-sellal\/#primaryimage"},"thumbnailUrl":"https:\/\/www.info-algerie.com\/actualites\/wp-content\/uploads\/2015\/08\/MOKDAD-SIFI.jpg","articleSection":["Politique"],"inLanguage":"fr-FR","potentialAction":[{"@type":"CommentAction","name":"Comment","target":["https:\/\/www.info-algerie.com\/actualites\/lex-chef-du-gouvernement-mokdad-sifi-declare-je-ne-veux-pas-etre-a-la-place-de-sellal\/#respond"]}]},{"@type":"WebPage","@id":"https:\/\/www.info-algerie.com\/actualites\/lex-chef-du-gouvernement-mokdad-sifi-declare-je-ne-veux-pas-etre-a-la-place-de-sellal\/","url":"https:\/\/www.info-algerie.com\/actualites\/lex-chef-du-gouvernement-mokdad-sifi-declare-je-ne-veux-pas-etre-a-la-place-de-sellal\/","name":"MOKDAD SIFI, Je ne veux pas \u00eatre \u00e0 la place de Sellal","isPartOf":{"@id":"https:\/\/www.info-algerie.com\/actualites\/#website"},"primaryImageOfPage":{"@id":"https:\/\/www.info-algerie.com\/actualites\/lex-chef-du-gouvernement-mokdad-sifi-declare-je-ne-veux-pas-etre-a-la-place-de-sellal\/#primaryimage"},"image":{"@id":"https:\/\/www.info-algerie.com\/actualites\/lex-chef-du-gouvernement-mokdad-sifi-declare-je-ne-veux-pas-etre-a-la-place-de-sellal\/#primaryimage"},"thumbnailUrl":"https:\/\/www.info-algerie.com\/actualites\/wp-content\/uploads\/2015\/08\/MOKDAD-SIFI.jpg","datePublished":"2015-08-23T09:00:00+00:00","dateModified":"2015-08-23T21:33:06+00:00","description":"L'EX-CHEF DU GOUVERNEMENT, MOKDAD SIFI, D\u00c9CLARE : &quot;Je ne veux pas \u00eatre \u00e0 la place de Sellal&quot;","breadcrumb":{"@id":"https:\/\/www.info-algerie.com\/actualites\/lex-chef-du-gouvernement-mokdad-sifi-declare-je-ne-veux-pas-etre-a-la-place-de-sellal\/#breadcrumb"},"inLanguage":"fr-FR","potentialAction":[{"@type":"ReadAction","target":["https:\/\/www.info-algerie.com\/actualites\/lex-chef-du-gouvernement-mokdad-sifi-declare-je-ne-veux-pas-etre-a-la-place-de-sellal\/"]}]},{"@type":"ImageObject","inLanguage":"fr-FR","@id":"https:\/\/www.info-algerie.com\/actualites\/lex-chef-du-gouvernement-mokdad-sifi-declare-je-ne-veux-pas-etre-a-la-place-de-sellal\/#primaryimage","url":"https:\/\/www.info-algerie.com\/actualites\/wp-content\/uploads\/2015\/08\/MOKDAD-SIFI.jpg","contentUrl":"https:\/\/www.info-algerie.com\/actualites\/wp-content\/uploads\/2015\/08\/MOKDAD-SIFI.jpg","width":470,"height":252,"caption":"MOKDAD SIFI"},{"@type":"BreadcrumbList","@id":"https:\/\/www.info-algerie.com\/actualites\/lex-chef-du-gouvernement-mokdad-sifi-declare-je-ne-veux-pas-etre-a-la-place-de-sellal\/#breadcrumb","itemListElement":[{"@type":"ListItem","position":1,"name":"Accueil","item":"https:\/\/www.info-algerie.com\/actualites\/"},{"@type":"ListItem","position":2,"name":"L&rsquo;EX-CHEF DU GOUVERNEMENT, MOKDAD SIFI, D\u00c9CLARE : &quot;Je ne veux pas \u00eatre \u00e0 la place de Sellal&quot;"}]},{"@type":"WebSite","@id":"https:\/\/www.info-algerie.com\/actualites\/#website","url":"https:\/\/www.info-algerie.com\/actualites\/","name":"info algerie","description":"Toutes les actualit\u00e9s","publisher":{"@id":"https:\/\/www.info-algerie.com\/actualites\/#organization"},"potentialAction":[{"@type":"SearchAction","target":{"@type":"EntryPoint","urlTemplate":"https:\/\/www.info-algerie.com\/actualites\/?s={search_term_string}"},"query-input":{"@type":"PropertyValueSpecification","valueRequired":true,"valueName":"search_term_string"}}],"inLanguage":"fr-FR"},{"@type":"Organization","@id":"https:\/\/www.info-algerie.com\/actualites\/#organization","name":"info algerie","url":"https:\/\/www.info-algerie.com\/actualites\/","logo":{"@type":"ImageObject","inLanguage":"fr-FR","@id":"https:\/\/www.info-algerie.com\/actualites\/#\/schema\/logo\/image\/","url":"https:\/\/www.info-algerie.com\/actualites\/wp-content\/uploads\/2022\/07\/logo-ia-120.png","contentUrl":"https:\/\/www.info-algerie.com\/actualites\/wp-content\/uploads\/2022\/07\/logo-ia-120.png","width":120,"height":43,"caption":"info algerie"},"image":{"@id":"https:\/\/www.info-algerie.com\/actualites\/#\/schema\/logo\/image\/"},"sameAs":["https:\/\/www.facebook.com\/infoalgerieactu","https:\/\/x.com\/infoalgerie1"]},{"@type":"Person","@id":"https:\/\/www.info-algerie.com\/actualites\/#\/schema\/person\/847aaec44920825b843a08f30ec6aa1e","name":"La r\u00e9daction","image":{"@type":"ImageObject","inLanguage":"fr-FR","@id":"https:\/\/secure.gravatar.com\/avatar\/769db425c6f465158149f1ffd6cf61ce7a8a879d11dfbef8288af36dfddd418c?s=96&d=mm&r=g","url":"https:\/\/secure.gravatar.com\/avatar\/769db425c6f465158149f1ffd6cf61ce7a8a879d11dfbef8288af36dfddd418c?s=96&d=mm&r=g","contentUrl":"https:\/\/secure.gravatar.com\/avatar\/769db425c6f465158149f1ffd6cf61ce7a8a879d11dfbef8288af36dfddd418c?s=96&d=mm&r=g","caption":"La r\u00e9daction"},"sameAs":["http:\/\/www.lkeria.com\/"],"url":"https:\/\/www.info-algerie.com\/actualites\/author\/chakib32\/"}]}},"_links":{"self":[{"href":"https:\/\/www.info-algerie.com\/actualites\/wp-json\/wp\/v2\/posts\/210","targetHints":{"allow":["GET"]}}],"collection":[{"href":"https:\/\/www.info-algerie.com\/actualites\/wp-json\/wp\/v2\/posts"}],"about":[{"href":"https:\/\/www.info-algerie.com\/actualites\/wp-json\/wp\/v2\/types\/post"}],"author":[{"embeddable":true,"href":"https:\/\/www.info-algerie.com\/actualites\/wp-json\/wp\/v2\/users\/6"}],"replies":[{"embeddable":true,"href":"https:\/\/www.info-algerie.com\/actualites\/wp-json\/wp\/v2\/comments?post=210"}],"version-history":[{"count":2,"href":"https:\/\/www.info-algerie.com\/actualites\/wp-json\/wp\/v2\/posts\/210\/revisions"}],"predecessor-version":[{"id":229,"href":"https:\/\/www.info-algerie.com\/actualites\/wp-json\/wp\/v2\/posts\/210\/revisions\/229"}],"wp:featuredmedia":[{"embeddable":true,"href":"https:\/\/www.info-algerie.com\/actualites\/wp-json\/wp\/v2\/media\/228"}],"wp:attachment":[{"href":"https:\/\/www.info-algerie.com\/actualites\/wp-json\/wp\/v2\/media?parent=210"}],"wp:term":[{"taxonomy":"category","embeddable":true,"href":"https:\/\/www.info-algerie.com\/actualites\/wp-json\/wp\/v2\/categories?post=210"},{"taxonomy":"post_tag","embeddable":true,"href":"https:\/\/www.info-algerie.com\/actualites\/wp-json\/wp\/v2\/tags?post=210"}],"curies":[{"name":"wp","href":"https:\/\/api.w.org\/{rel}","templated":true}]}}