{"id":23327,"date":"2018-05-14T12:41:55","date_gmt":"2018-05-14T11:41:55","guid":{"rendered":"http:\/\/www.info-algerie.com\/actualites\/journee-internationale-du-vivre-ensemble-une-initiative-algerienne-pour-la-promotion-de-la-culture-de-la-paix\/"},"modified":"2018-05-14T12:41:55","modified_gmt":"2018-05-14T11:41:55","slug":"journee-internationale-du-vivre-ensemble-une-initiative-algerienne-pour-la-promotion-de-la-culture-de-la-paix","status":"publish","type":"post","link":"https:\/\/www.info-algerie.com\/actualites\/journee-internationale-du-vivre-ensemble-une-initiative-algerienne-pour-la-promotion-de-la-culture-de-la-paix\/","title":{"rendered":"Journ\u00e9e internationale du vivre-ensemble: une initiative alg\u00e9rienne pour la promotion de la culture de la paix"},"content":{"rendered":"<div class=\"K2FeedImage\"><img decoding=\"async\" src=\"https:\/\/www.info-algerie.com\/actualites\/wp-content\/uploads\/2018\/05\/8015dbbdcce751ed6418ecd288f98989_S.jpg\" alt=\"Journ&#xE9;e internationale du vivre-ensemble: une initiative alg&#xE9;rienne pour la promotion de la culture de la paix\" \/><\/div>\n<div class=\"K2FeedIntroText\">\n<p><strong>ALGER &#8211; L&rsquo;Alg\u00e9rie c\u00e9l\u00e9brera le 16 mai la premi\u00e8re \u00e9dition de \u00ab\u00a0la Journ\u00e9e internationale du vivre-ensemble en paix\u00a0\u00bb, un \u00e9v\u00e8nement dont la cons\u00e9cration au niveau mondial est le fruit d&rsquo;une initiative alg\u00e9rienne, puis\u00e9e de sa propre exp\u00e9rience et tendant \u00e0 la promotion de la culture de la paix et de la r\u00e9conciliation nationale.<\/strong><\/p>\n<p>&#013;\n<\/p><\/div>\n<div class=\"K2FeedFullText\">&#013;<\/p>\n<p>En effet, ce projet avait \u00e9t\u00e9 formul\u00e9, en 2014 lors d&rsquo;un congr\u00e8s \u00e0 Oran, par l&rsquo;Association internationale soufie alawia (AISA), une ONG affili\u00e9e \u00e0 l&rsquo;Association Cheikh el Alawi pour la culture et l&rsquo;\u00e9ducation soufie, bas\u00e9e \u00e0 Mostaganem. Il a \u00e9t\u00e9 ensuite adopt\u00e9 par consensus par les pays membres de l&rsquo;Organisation des Nations unies (ONU) en d\u00e9cembre dernier (R\u00e9solution 72\/130 de l&rsquo;Assembl\u00e9e g\u00e9n\u00e9rale).<\/p>\n<p>&#013;<\/p>\n<hr \/>\n<h3>Lire aussi:\u00a0<a href=\"http:\/\/www.aps.dz\/algerie\/74021-vivre-en-paix-prise-en-charge-des-victimes-de-la-tragedie-nationale-pour-endiguer-toute-tentation-extremiste\" target=\"_blank\" rel=\"noopener noreferrer\">Vivre en paix: prise en charge des victimes de la Trag\u00e9die nationale pour endiguer toute tentation extr\u00e9miste<\/a><\/h3>\n<p>&#013;<\/p>\n<hr \/>\n<p>Son objectif est une \u00ab\u00a0mobilisation continue des efforts d\u00e9ploy\u00e9s par la communaut\u00e9 internationale en faveur de la paix, de la tol\u00e9rance, de l&rsquo;inclusion, de la compr\u00e9hension et de la fraternit\u00e9\u00a0\u00bb.<\/p>\n<p>&#013;<\/p>\n<p>L&rsquo;institution de cette journ\u00e9e refl\u00e8te \u00ab\u00a0la r\u00e9ussite du travail accompli par la diplomatie alg\u00e9rienne qui a obtenu l&rsquo;adh\u00e9sion de l&rsquo;ensemble des pays\u00a0\u00bb, s&rsquo;est f\u00e9licit\u00e9 Cheikh Khaled Bentoun\u00e8s, pr\u00e9sident d&rsquo;honneur de l&rsquo;AISA,<\/p>\n<p>&#013;<\/p>\n<p>La r\u00e9solution 72\/130 de l&rsquo;Assembl\u00e9e g\u00e9n\u00e9rale de l&rsquo;organisation des Nations unies a proclam\u00e9 le 16 mai Journ\u00e9e internationale du vivre-ensemble en paix en tant que \u00ab\u00a0moyen de mobiliser r\u00e9guli\u00e8rement les efforts de la communaut\u00e9 internationale en faveur de la paix, de la tol\u00e9rance, de l&rsquo;inclusion, de la compr\u00e9hension et de la solidarit\u00e9\u00a0\u00bb.<\/p>\n<p>&#013;<\/p>\n<p>Cette journ\u00e9e est \u00ab\u00a0l&rsquo;occasion pour tous d&rsquo;exprimer le d\u00e9sir profond de vivre et d&rsquo;agir ensemble, unis dans la diff\u00e9rence et dans la diversit\u00e9, en vue de b\u00e2tir un monde viable reposant sur la paix, la solidarit\u00e9 et l&rsquo;harmonie\u00a0\u00bb.<\/p>\n<p>&#013;<\/p>\n<p>Le texte de la r\u00e9solution invite tous les Etats membres, les organismes des Nations unies et les autres organisations internationales et r\u00e9gionales, ainsi que la soci\u00e9t\u00e9 civile, y compris les organisations non gouvernementales et les particuliers, \u00e0 c\u00e9l\u00e9brer la Journ\u00e9e internationale du vivre-ensemble en paix \u00ab\u00a0dans le respect de la culture et d&rsquo;autres particularit\u00e9s ou coutumes locales, nationales et r\u00e9gionales, y compris en prenant des initiatives \u00e9ducatives et en menant des activit\u00e9s de sensibilisation\u00a0\u00bb.<\/p>\n<p>&#013;<\/p>\n<hr \/>\n<h3>Lire aussi:\u00a0<a href=\"http:\/\/www.aps.dz\/algerie\/73964-flici-la-celebration-de-la-journee-du-vivre-ensemble-en-paix-conforte-la-charte-de-la-reconciliation-nationale\" target=\"_blank\" rel=\"noopener noreferrer\">Flici: la c\u00e9l\u00e9bration de la journ\u00e9e du vivre-ensemble en paix conforte la Charte de la r\u00e9conciliation nationale<\/a><\/h3>\n<p>&#013;<\/p>\n<hr \/>\n<p>Il invite, \u00e9galement, tous les Etats membres \u00e0 \u00ab\u00a0continuer d&rsquo;agir en faveur de la r\u00e9conciliation afin de contribuer \u00e0 la paix et au d\u00e9veloppement durable, notamment en collaborant avec les communaut\u00e9s religieuses et leurs dirigeants, ainsi qu&rsquo;avec d&rsquo;autres parties prenantes, en prenant des mesures de r\u00e9conciliation et de solidarit\u00e9 et en incitant les \u00eatres humains au pardon et \u00e0 la compassion\u00a0\u00bb.<\/p>\n<p>&#013;<\/p>\n<p>L&rsquo;Assembl\u00e9e g\u00e9n\u00e9rale de l&rsquo;ONU a charg\u00e9 l&rsquo;Organisation des Nations unies pour l&rsquo;\u00e9ducation, la science et la culture (UNESCO) de coordonner, avec d&rsquo;autres institutions sp\u00e9cialis\u00e9es, la c\u00e9l\u00e9bration de cette journ\u00e9e \u00e0 travers tous les pays, en les exhortant \u00e0 promouvoir la culture de la paix et de la r\u00e9conciliation et \u00e0 s&rsquo;inspirer de l&rsquo;exp\u00e9rience alg\u00e9rienne.<\/p>\n<p>&#013;<\/p>\n<p>Le pr\u00e9sident de la R\u00e9publique, Abdelaziz Bouteflika, avait pris, en 2005, l&rsquo;initiative de la Charte pour la paix et la R\u00e9conciliation nationale, massivement pl\u00e9biscit\u00e9e par le peuple alg\u00e9rien lors d&rsquo;un r\u00e9f\u00e9rendum et qui a permis de mettre un terme \u00e0 la trag\u00e9die nationale qui avait fait durant les ann\u00e9es 90 quelque 200.000 victimes.<\/p>\n<p>&#013;<\/p>\n<p>La Charte pour la paix et la r\u00e9conciliation nationale, qui faisait suite \u00e0 la loi sur la Concorde civile, adopt\u00e9e \u00e9galement par r\u00e9f\u00e9rendum en 1999, avait permis de r\u00e9tablir la paix, la s\u00e9curit\u00e9 et la stabilit\u00e9 apr\u00e8s une d\u00e9cennie de violence terroriste et de relancer le processus de d\u00e9veloppement \u00e9conomique et social.<\/p>\n<p>&#013;<\/p>\n<p>Les valeurs de paix et de r\u00e9conciliation nationale ont \u00e9t\u00e9 consacr\u00e9es dans la Constitution r\u00e9vis\u00e9e en 2016.<\/p>\n<p>&#013;<\/p>\n<hr \/>\n<h3>Lire aussi:\u00a0<a href=\"http:\/\/www.aps.dz\/algerie\/73194-messahel-expose-a-paris-les-conclusions-de-la-conference-d-alger-sur-la-lutte-contre-le-financement-du-terrorisme\" target=\"_blank\" rel=\"noopener noreferrer\">Messahel expose \u00e0 Paris les conclusions de la Conf\u00e9rence d\u2019Alger sur la lutte contre le financement du terrorisme<\/a><\/h3>\n<p>&#013;<\/p>\n<hr \/>\n<p>Evoquant l&rsquo;exp\u00e9rience alg\u00e9rienne en mati\u00e8re de lutte contre le terrorisme, l&rsquo;extr\u00e9misme et sur la d\u00e9radicalisation dans des forums internationaux, le ministre des Affaires \u00e9trang\u00e8res, Abdelkader Messahel, a indiqu\u00e9 que l&rsquo;Alg\u00e9rie promeut \u00ab\u00a0les valeurs et principes encourageant le vivre ensemble en paix \u00e0 travers la r\u00e9conciliation, le pardon, la tol\u00e9rance, la valorisation de la diff\u00e9rence, le respect mutuel, l&rsquo;inclusion, la compr\u00e9hension, la solidarit\u00e9, le dialogue, la n\u00e9gociation et le rejet de la violence\u00a0\u00bb.<\/p>\n<p>&#013;<\/p>\n<p>La d\u00e9marche de l&rsquo;Alg\u00e9rie a \u00e9galement int\u00e9gr\u00e9 la r\u00e9habilitation et la r\u00e9appropriation de son histoire et de son identit\u00e9 nationale dans leur triple dimension amazighe, arabe et musulmane, en faisant notamment de tamazight une langue nationale et officielle au c\u00f4t\u00e9 de la langue arabe, et de Yennayer, c\u00e9l\u00e9br\u00e9 depuis des mill\u00e9naires dans l&rsquo;ensemble des campagnes alg\u00e9riennes, une f\u00eate nationale.<\/p>\n<p>&#013;<\/p>\n<p>Lors de sa participation \u00e0 la 204e session du Conseil ex\u00e9cutif de l&rsquo;UNESCO, M. Messahel a rappel\u00e9 que l&rsquo;Alg\u00e9rie \u00e9tait un pays \u00ab\u00a0de confluence et de convergence de vues\u00a0\u00bb, citant le r\u00f4le de Saint Augustin, un homme de paix qui a marqu\u00e9 l&rsquo;Eglise, et de celui de l&rsquo;Emir Abdelkader dans la protection des chr\u00e9tiens d&rsquo;Orient en Syrie.<\/p>\n<p>&#013;<\/p>\n<p>Il a appel\u00e9 \u00e0 cette occasion \u00e0 faire de la Journ\u00e9e internationale du vivre ensemble en paix \u00ab\u00a0une dynamique de paix et de tol\u00e9rance \u00ab\u00a0.<\/p>\n<p>&#013;<\/p>\n<p>\u00a0<\/p>\n<p>&#013;<\/p>\n<p style=\"text-align: center\"><strong>R\u00e9solution de l&rsquo;ONU sur la Journ\u00e9e international du vivre ensemble en paix<\/strong><\/p>\n<p>&#013;<\/p>\n<p>\u00a0<\/p>\n<p>&#013;<\/p>\n<p>La r\u00e9solution 72\/130 de l&rsquo;Assembl\u00e9e g\u00e9n\u00e9rale de l&rsquo;organisation des Nations unies a proclam\u00e9 le 16 mai Journ\u00e9e internationale du vivre-ensemble en paix en tant que \u00ab\u00a0moyen de mobiliser r\u00e9guli\u00e8rement les efforts de la communaut\u00e9 internationale en faveur de la paix, de la tol\u00e9rance, de l&rsquo;inclusion, de la compr\u00e9hension et de la solidarit\u00e9\u00a0\u00bb.<\/p>\n<p>&#013;<\/p>\n<p>Cette journ\u00e9e est \u00ab\u00a0l&rsquo;occasion pour tous d&rsquo;exprimer le d\u00e9sir profond de vivre et d&rsquo;agir ensemble, unis dans la diff\u00e9rence et dans la diversit\u00e9, en vue de b\u00e2tir un monde viable reposant sur la paix, la solidarit\u00e9 et l&rsquo;harmonie\u00a0\u00bb.<\/p>\n<p>&#013;<\/p>\n<p>Le texte de la r\u00e9solution invite tous les Etats membres, les organismes des Nations unies et les autres organisations internationales et r\u00e9gionales, ainsi que la soci\u00e9t\u00e9 civile, y compris les organisations non gouvernementales et les particuliers, \u00e0 c\u00e9l\u00e9brer la Journ\u00e9e internationale du vivre-ensemble en paix \u00ab\u00a0dans le respect de la culture et d&rsquo;autres particularit\u00e9s ou coutumes locales, nationales et r\u00e9gionales, y compris en prenant des initiatives \u00e9ducatives et en menant des activit\u00e9s de sensibilisation\u00a0\u00bb.<\/p>\n<p>&#013;<\/p>\n<hr \/>\n<h3>Lire aussi:\u00a0<a href=\"http:\/\/www.aps.dz\/monde\/72805-onu-obligation-de-cooperation-et-d-efficacite-face-a-un-terrorisme-en-constante-evolution\" target=\"_blank\" rel=\"noopener noreferrer\">ONU: obligation de coop\u00e9ration et d&rsquo;efficacit\u00e9 face \u00e0 un terrorisme en constante \u00e9volution<\/a><\/h3>\n<p>&#013;<\/p>\n<hr \/>\n<p>Il invite, \u00e9galement, tous les Etats membres \u00e0 \u00ab\u00a0continuer d&rsquo;agir en faveur de la r\u00e9conciliation afin de contribuer \u00e0 la paix et au d\u00e9veloppement durable, notamment en collaborant avec les communaut\u00e9s religieuses et leurs dirigeants, ainsi qu&rsquo;avec d&rsquo;autres parties prenantes, en prenant des mesures de r\u00e9conciliation et de solidarit\u00e9 et en incitant les \u00eatres humains au pardon et \u00e0 la compassion\u00a0\u00bb.<\/p>\n<p>&#013;<\/p>\n<p>La r\u00e9solution prie le secr\u00e9taire g\u00e9n\u00e9ral de l&rsquo;ONU de porter la pr\u00e9sente r\u00e9solution \u00e0 l&rsquo;attention de tous les Etats membres, des organismes des Nations unies et des autres organisations internationales et r\u00e9gionales, ainsi que de la soci\u00e9t\u00e9 civile, dont les particuliers et les organisations non gouvernementales.<\/p>\n<p>&#013;<\/p>\n<p>Elle invite, en outre, l&rsquo;Organisation des nations unies pour l&rsquo;\u00e9ducation, la science et la culture (UNICEF) \u00e0 faciliter la c\u00e9l\u00e9bration de la Journ\u00e9e internationale du vivre-ensemble en paix en collaboration avec d&rsquo;autres organismes comp\u00e9tents, dans le respect des dispositions de l&rsquo;annexe de la r\u00e9solution 1980\/67 du Conseil \u00e9conomique et social et note que toutes les activit\u00e9s qui pourraient d\u00e9couler de l&rsquo;application de la pr\u00e9sente r\u00e9solution devraient \u00eatre financ\u00e9es au moyen de contributions volontaires.<\/p>\n<\/div>\n<p>&#013;<br \/>\nSource: <a href=\"http:\/\/www.aps.dz\/algerie\/74022-journee-internationale-du-vivre-ensemble-une-initiative-algerienne-pour-la-promotion-de-la-culture-de-la-paix\" target=\"_blank\">Journ\u00e9e internationale du vivre-ensemble: une initiative alg\u00e9rienne pour la promotion de la culture de la paix<\/a><\/p>\n<!--CusAds0-->\n<div style=\"font-size: 0px; height: 0px; line-height: 0px; margin: 0; padding: 0; clear: both;\"><\/div>","protected":false},"excerpt":{"rendered":"<p>ALGER &#8211; L&rsquo;Alg\u00e9rie c\u00e9l\u00e9brera le 16 mai la premi\u00e8re \u00e9dition de \u00ab\u00a0la Journ\u00e9e internationale du vivre-ensemble en paix\u00a0\u00bb, un \u00e9v\u00e8nement dont la cons\u00e9cration au niveau mondial est le fruit d&rsquo;une initiative alg\u00e9rienne, puis\u00e9e de sa propre exp\u00e9rience et tendant \u00e0 la promotion de la culture de la paix et de la r\u00e9conciliation nationale. &#013; &#013;<\/p>\n","protected":false},"author":6,"featured_media":23328,"comment_status":"open","ping_status":"open","sticky":false,"template":"","format":"standard","meta":{"footnotes":""},"categories":[22],"tags":[93],"class_list":["post-23327","post","type-post","status-publish","format-standard","has-post-thumbnail","hentry","category-infos","tag-onu"],"yoast_head":"<!-- This site is optimized with the Yoast SEO plugin v27.5 - https:\/\/yoast.com\/product\/yoast-seo-wordpress\/ -->\n<title>Journ\u00e9e internationale du vivre-ensemble: une initiative alg\u00e9rienne pour la promotion de la culture de la paix - info algerie<\/title>\n<meta name=\"robots\" content=\"index, follow, max-snippet:-1, max-image-preview:large, max-video-preview:-1\" \/>\n<link rel=\"canonical\" href=\"https:\/\/www.info-algerie.com\/actualites\/journee-internationale-du-vivre-ensemble-une-initiative-algerienne-pour-la-promotion-de-la-culture-de-la-paix\/\" \/>\n<meta property=\"og:locale\" content=\"fr_FR\" \/>\n<meta property=\"og:type\" content=\"article\" \/>\n<meta property=\"og:title\" content=\"Journ\u00e9e internationale du vivre-ensemble: une initiative alg\u00e9rienne pour la promotion de la culture de la paix - info algerie\" \/>\n<meta property=\"og:description\" content=\"ALGER &#8211; L&rsquo;Alg\u00e9rie c\u00e9l\u00e9brera le 16 mai la premi\u00e8re \u00e9dition de \u00ab\u00a0la Journ\u00e9e internationale du vivre-ensemble en paix\u00a0\u00bb, un \u00e9v\u00e8nement dont la cons\u00e9cration au niveau mondial est le fruit d&rsquo;une initiative alg\u00e9rienne, puis\u00e9e de sa propre exp\u00e9rience et tendant \u00e0 la promotion de la culture de la paix et de la r\u00e9conciliation nationale. &#013; &#013;\" \/>\n<meta property=\"og:url\" content=\"https:\/\/www.info-algerie.com\/actualites\/journee-internationale-du-vivre-ensemble-une-initiative-algerienne-pour-la-promotion-de-la-culture-de-la-paix\/\" \/>\n<meta property=\"og:site_name\" content=\"info algerie\" \/>\n<meta property=\"article:publisher\" content=\"https:\/\/www.facebook.com\/infoalgerieactu\" \/>\n<meta property=\"article:published_time\" content=\"2018-05-14T11:41:55+00:00\" \/>\n<meta property=\"og:image\" content=\"https:\/\/www.info-algerie.com\/actualites\/wp-content\/uploads\/2018\/05\/8015dbbdcce751ed6418ecd288f98989_S-1.jpg\" \/>\n\t<meta property=\"og:image:width\" content=\"280\" \/>\n\t<meta property=\"og:image:height\" content=\"169\" \/>\n\t<meta property=\"og:image:type\" content=\"image\/jpeg\" \/>\n<meta name=\"author\" content=\"La r\u00e9daction\" \/>\n<meta name=\"twitter:label1\" content=\"\u00c9crit par\" \/>\n\t<meta name=\"twitter:data1\" content=\"La r\u00e9daction\" \/>\n\t<meta name=\"twitter:label2\" content=\"Dur\u00e9e de lecture estim\u00e9e\" \/>\n\t<meta name=\"twitter:data2\" content=\"7 minutes\" \/>\n<script type=\"application\/ld+json\" class=\"yoast-schema-graph\">{\"@context\":\"https:\\\/\\\/schema.org\",\"@graph\":[{\"@type\":\"Article\",\"@id\":\"https:\\\/\\\/www.info-algerie.com\\\/actualites\\\/journee-internationale-du-vivre-ensemble-une-initiative-algerienne-pour-la-promotion-de-la-culture-de-la-paix\\\/#article\",\"isPartOf\":{\"@id\":\"https:\\\/\\\/www.info-algerie.com\\\/actualites\\\/journee-internationale-du-vivre-ensemble-une-initiative-algerienne-pour-la-promotion-de-la-culture-de-la-paix\\\/\"},\"author\":{\"name\":\"La r\u00e9daction\",\"@id\":\"https:\\\/\\\/www.info-algerie.com\\\/actualites\\\/#\\\/schema\\\/person\\\/847aaec44920825b843a08f30ec6aa1e\"},\"headline\":\"Journ\u00e9e internationale du vivre-ensemble: une initiative alg\u00e9rienne pour la promotion de la culture de la paix\",\"datePublished\":\"2018-05-14T11:41:55+00:00\",\"mainEntityOfPage\":{\"@id\":\"https:\\\/\\\/www.info-algerie.com\\\/actualites\\\/journee-internationale-du-vivre-ensemble-une-initiative-algerienne-pour-la-promotion-de-la-culture-de-la-paix\\\/\"},\"wordCount\":1458,\"commentCount\":0,\"publisher\":{\"@id\":\"https:\\\/\\\/www.info-algerie.com\\\/actualites\\\/#organization\"},\"image\":{\"@id\":\"https:\\\/\\\/www.info-algerie.com\\\/actualites\\\/journee-internationale-du-vivre-ensemble-une-initiative-algerienne-pour-la-promotion-de-la-culture-de-la-paix\\\/#primaryimage\"},\"thumbnailUrl\":\"https:\\\/\\\/www.info-algerie.com\\\/actualites\\\/wp-content\\\/uploads\\\/2018\\\/05\\\/8015dbbdcce751ed6418ecd288f98989_S-1.jpg\",\"keywords\":[\"ONU\"],\"articleSection\":[\"infos\"],\"inLanguage\":\"fr-FR\",\"potentialAction\":[{\"@type\":\"CommentAction\",\"name\":\"Comment\",\"target\":[\"https:\\\/\\\/www.info-algerie.com\\\/actualites\\\/journee-internationale-du-vivre-ensemble-une-initiative-algerienne-pour-la-promotion-de-la-culture-de-la-paix\\\/#respond\"]}]},{\"@type\":\"WebPage\",\"@id\":\"https:\\\/\\\/www.info-algerie.com\\\/actualites\\\/journee-internationale-du-vivre-ensemble-une-initiative-algerienne-pour-la-promotion-de-la-culture-de-la-paix\\\/\",\"url\":\"https:\\\/\\\/www.info-algerie.com\\\/actualites\\\/journee-internationale-du-vivre-ensemble-une-initiative-algerienne-pour-la-promotion-de-la-culture-de-la-paix\\\/\",\"name\":\"Journ\u00e9e internationale du vivre-ensemble: une initiative alg\u00e9rienne pour la promotion de la culture de la paix - info algerie\",\"isPartOf\":{\"@id\":\"https:\\\/\\\/www.info-algerie.com\\\/actualites\\\/#website\"},\"primaryImageOfPage\":{\"@id\":\"https:\\\/\\\/www.info-algerie.com\\\/actualites\\\/journee-internationale-du-vivre-ensemble-une-initiative-algerienne-pour-la-promotion-de-la-culture-de-la-paix\\\/#primaryimage\"},\"image\":{\"@id\":\"https:\\\/\\\/www.info-algerie.com\\\/actualites\\\/journee-internationale-du-vivre-ensemble-une-initiative-algerienne-pour-la-promotion-de-la-culture-de-la-paix\\\/#primaryimage\"},\"thumbnailUrl\":\"https:\\\/\\\/www.info-algerie.com\\\/actualites\\\/wp-content\\\/uploads\\\/2018\\\/05\\\/8015dbbdcce751ed6418ecd288f98989_S-1.jpg\",\"datePublished\":\"2018-05-14T11:41:55+00:00\",\"breadcrumb\":{\"@id\":\"https:\\\/\\\/www.info-algerie.com\\\/actualites\\\/journee-internationale-du-vivre-ensemble-une-initiative-algerienne-pour-la-promotion-de-la-culture-de-la-paix\\\/#breadcrumb\"},\"inLanguage\":\"fr-FR\",\"potentialAction\":[{\"@type\":\"ReadAction\",\"target\":[\"https:\\\/\\\/www.info-algerie.com\\\/actualites\\\/journee-internationale-du-vivre-ensemble-une-initiative-algerienne-pour-la-promotion-de-la-culture-de-la-paix\\\/\"]}]},{\"@type\":\"ImageObject\",\"inLanguage\":\"fr-FR\",\"@id\":\"https:\\\/\\\/www.info-algerie.com\\\/actualites\\\/journee-internationale-du-vivre-ensemble-une-initiative-algerienne-pour-la-promotion-de-la-culture-de-la-paix\\\/#primaryimage\",\"url\":\"https:\\\/\\\/www.info-algerie.com\\\/actualites\\\/wp-content\\\/uploads\\\/2018\\\/05\\\/8015dbbdcce751ed6418ecd288f98989_S-1.jpg\",\"contentUrl\":\"https:\\\/\\\/www.info-algerie.com\\\/actualites\\\/wp-content\\\/uploads\\\/2018\\\/05\\\/8015dbbdcce751ed6418ecd288f98989_S-1.jpg\",\"width\":280,\"height\":169},{\"@type\":\"BreadcrumbList\",\"@id\":\"https:\\\/\\\/www.info-algerie.com\\\/actualites\\\/journee-internationale-du-vivre-ensemble-une-initiative-algerienne-pour-la-promotion-de-la-culture-de-la-paix\\\/#breadcrumb\",\"itemListElement\":[{\"@type\":\"ListItem\",\"position\":1,\"name\":\"Accueil\",\"item\":\"https:\\\/\\\/www.info-algerie.com\\\/actualites\\\/\"},{\"@type\":\"ListItem\",\"position\":2,\"name\":\"Journ\u00e9e internationale du vivre-ensemble: une initiative alg\u00e9rienne pour la promotion de la culture de la paix\"}]},{\"@type\":\"WebSite\",\"@id\":\"https:\\\/\\\/www.info-algerie.com\\\/actualites\\\/#website\",\"url\":\"https:\\\/\\\/www.info-algerie.com\\\/actualites\\\/\",\"name\":\"info algerie\",\"description\":\"Toutes les actualit\u00e9s\",\"publisher\":{\"@id\":\"https:\\\/\\\/www.info-algerie.com\\\/actualites\\\/#organization\"},\"potentialAction\":[{\"@type\":\"SearchAction\",\"target\":{\"@type\":\"EntryPoint\",\"urlTemplate\":\"https:\\\/\\\/www.info-algerie.com\\\/actualites\\\/?s={search_term_string}\"},\"query-input\":{\"@type\":\"PropertyValueSpecification\",\"valueRequired\":true,\"valueName\":\"search_term_string\"}}],\"inLanguage\":\"fr-FR\"},{\"@type\":\"Organization\",\"@id\":\"https:\\\/\\\/www.info-algerie.com\\\/actualites\\\/#organization\",\"name\":\"info algerie\",\"url\":\"https:\\\/\\\/www.info-algerie.com\\\/actualites\\\/\",\"logo\":{\"@type\":\"ImageObject\",\"inLanguage\":\"fr-FR\",\"@id\":\"https:\\\/\\\/www.info-algerie.com\\\/actualites\\\/#\\\/schema\\\/logo\\\/image\\\/\",\"url\":\"https:\\\/\\\/www.info-algerie.com\\\/actualites\\\/wp-content\\\/uploads\\\/2022\\\/07\\\/logo-ia-120.png\",\"contentUrl\":\"https:\\\/\\\/www.info-algerie.com\\\/actualites\\\/wp-content\\\/uploads\\\/2022\\\/07\\\/logo-ia-120.png\",\"width\":120,\"height\":43,\"caption\":\"info algerie\"},\"image\":{\"@id\":\"https:\\\/\\\/www.info-algerie.com\\\/actualites\\\/#\\\/schema\\\/logo\\\/image\\\/\"},\"sameAs\":[\"https:\\\/\\\/www.facebook.com\\\/infoalgerieactu\",\"https:\\\/\\\/x.com\\\/infoalgerie1\"]},{\"@type\":\"Person\",\"@id\":\"https:\\\/\\\/www.info-algerie.com\\\/actualites\\\/#\\\/schema\\\/person\\\/847aaec44920825b843a08f30ec6aa1e\",\"name\":\"La r\u00e9daction\",\"image\":{\"@type\":\"ImageObject\",\"inLanguage\":\"fr-FR\",\"@id\":\"https:\\\/\\\/secure.gravatar.com\\\/avatar\\\/769db425c6f465158149f1ffd6cf61ce7a8a879d11dfbef8288af36dfddd418c?s=96&d=mm&r=g\",\"url\":\"https:\\\/\\\/secure.gravatar.com\\\/avatar\\\/769db425c6f465158149f1ffd6cf61ce7a8a879d11dfbef8288af36dfddd418c?s=96&d=mm&r=g\",\"contentUrl\":\"https:\\\/\\\/secure.gravatar.com\\\/avatar\\\/769db425c6f465158149f1ffd6cf61ce7a8a879d11dfbef8288af36dfddd418c?s=96&d=mm&r=g\",\"caption\":\"La r\u00e9daction\"},\"sameAs\":[\"http:\\\/\\\/www.lkeria.com\\\/\"],\"url\":\"https:\\\/\\\/www.info-algerie.com\\\/actualites\\\/author\\\/chakib32\\\/\"}]}<\/script>\n<!-- \/ Yoast SEO plugin. -->","yoast_head_json":{"title":"Journ\u00e9e internationale du vivre-ensemble: une initiative alg\u00e9rienne pour la promotion de la culture de la paix - info algerie","robots":{"index":"index","follow":"follow","max-snippet":"max-snippet:-1","max-image-preview":"max-image-preview:large","max-video-preview":"max-video-preview:-1"},"canonical":"https:\/\/www.info-algerie.com\/actualites\/journee-internationale-du-vivre-ensemble-une-initiative-algerienne-pour-la-promotion-de-la-culture-de-la-paix\/","og_locale":"fr_FR","og_type":"article","og_title":"Journ\u00e9e internationale du vivre-ensemble: une initiative alg\u00e9rienne pour la promotion de la culture de la paix - info algerie","og_description":"ALGER &#8211; L&rsquo;Alg\u00e9rie c\u00e9l\u00e9brera le 16 mai la premi\u00e8re \u00e9dition de \u00ab\u00a0la Journ\u00e9e internationale du vivre-ensemble en paix\u00a0\u00bb, un \u00e9v\u00e8nement dont la cons\u00e9cration au niveau mondial est le fruit d&rsquo;une initiative alg\u00e9rienne, puis\u00e9e de sa propre exp\u00e9rience et tendant \u00e0 la promotion de la culture de la paix et de la r\u00e9conciliation nationale. &#013; &#013;","og_url":"https:\/\/www.info-algerie.com\/actualites\/journee-internationale-du-vivre-ensemble-une-initiative-algerienne-pour-la-promotion-de-la-culture-de-la-paix\/","og_site_name":"info algerie","article_publisher":"https:\/\/www.facebook.com\/infoalgerieactu","article_published_time":"2018-05-14T11:41:55+00:00","og_image":[{"width":280,"height":169,"url":"https:\/\/www.info-algerie.com\/actualites\/wp-content\/uploads\/2018\/05\/8015dbbdcce751ed6418ecd288f98989_S-1.jpg","type":"image\/jpeg"}],"author":"La r\u00e9daction","twitter_misc":{"\u00c9crit par":"La r\u00e9daction","Dur\u00e9e de lecture estim\u00e9e":"7 minutes"},"schema":{"@context":"https:\/\/schema.org","@graph":[{"@type":"Article","@id":"https:\/\/www.info-algerie.com\/actualites\/journee-internationale-du-vivre-ensemble-une-initiative-algerienne-pour-la-promotion-de-la-culture-de-la-paix\/#article","isPartOf":{"@id":"https:\/\/www.info-algerie.com\/actualites\/journee-internationale-du-vivre-ensemble-une-initiative-algerienne-pour-la-promotion-de-la-culture-de-la-paix\/"},"author":{"name":"La r\u00e9daction","@id":"https:\/\/www.info-algerie.com\/actualites\/#\/schema\/person\/847aaec44920825b843a08f30ec6aa1e"},"headline":"Journ\u00e9e internationale du vivre-ensemble: une initiative alg\u00e9rienne pour la promotion de la culture de la paix","datePublished":"2018-05-14T11:41:55+00:00","mainEntityOfPage":{"@id":"https:\/\/www.info-algerie.com\/actualites\/journee-internationale-du-vivre-ensemble-une-initiative-algerienne-pour-la-promotion-de-la-culture-de-la-paix\/"},"wordCount":1458,"commentCount":0,"publisher":{"@id":"https:\/\/www.info-algerie.com\/actualites\/#organization"},"image":{"@id":"https:\/\/www.info-algerie.com\/actualites\/journee-internationale-du-vivre-ensemble-une-initiative-algerienne-pour-la-promotion-de-la-culture-de-la-paix\/#primaryimage"},"thumbnailUrl":"https:\/\/www.info-algerie.com\/actualites\/wp-content\/uploads\/2018\/05\/8015dbbdcce751ed6418ecd288f98989_S-1.jpg","keywords":["ONU"],"articleSection":["infos"],"inLanguage":"fr-FR","potentialAction":[{"@type":"CommentAction","name":"Comment","target":["https:\/\/www.info-algerie.com\/actualites\/journee-internationale-du-vivre-ensemble-une-initiative-algerienne-pour-la-promotion-de-la-culture-de-la-paix\/#respond"]}]},{"@type":"WebPage","@id":"https:\/\/www.info-algerie.com\/actualites\/journee-internationale-du-vivre-ensemble-une-initiative-algerienne-pour-la-promotion-de-la-culture-de-la-paix\/","url":"https:\/\/www.info-algerie.com\/actualites\/journee-internationale-du-vivre-ensemble-une-initiative-algerienne-pour-la-promotion-de-la-culture-de-la-paix\/","name":"Journ\u00e9e internationale du vivre-ensemble: une initiative alg\u00e9rienne pour la promotion de la culture de la paix - info algerie","isPartOf":{"@id":"https:\/\/www.info-algerie.com\/actualites\/#website"},"primaryImageOfPage":{"@id":"https:\/\/www.info-algerie.com\/actualites\/journee-internationale-du-vivre-ensemble-une-initiative-algerienne-pour-la-promotion-de-la-culture-de-la-paix\/#primaryimage"},"image":{"@id":"https:\/\/www.info-algerie.com\/actualites\/journee-internationale-du-vivre-ensemble-une-initiative-algerienne-pour-la-promotion-de-la-culture-de-la-paix\/#primaryimage"},"thumbnailUrl":"https:\/\/www.info-algerie.com\/actualites\/wp-content\/uploads\/2018\/05\/8015dbbdcce751ed6418ecd288f98989_S-1.jpg","datePublished":"2018-05-14T11:41:55+00:00","breadcrumb":{"@id":"https:\/\/www.info-algerie.com\/actualites\/journee-internationale-du-vivre-ensemble-une-initiative-algerienne-pour-la-promotion-de-la-culture-de-la-paix\/#breadcrumb"},"inLanguage":"fr-FR","potentialAction":[{"@type":"ReadAction","target":["https:\/\/www.info-algerie.com\/actualites\/journee-internationale-du-vivre-ensemble-une-initiative-algerienne-pour-la-promotion-de-la-culture-de-la-paix\/"]}]},{"@type":"ImageObject","inLanguage":"fr-FR","@id":"https:\/\/www.info-algerie.com\/actualites\/journee-internationale-du-vivre-ensemble-une-initiative-algerienne-pour-la-promotion-de-la-culture-de-la-paix\/#primaryimage","url":"https:\/\/www.info-algerie.com\/actualites\/wp-content\/uploads\/2018\/05\/8015dbbdcce751ed6418ecd288f98989_S-1.jpg","contentUrl":"https:\/\/www.info-algerie.com\/actualites\/wp-content\/uploads\/2018\/05\/8015dbbdcce751ed6418ecd288f98989_S-1.jpg","width":280,"height":169},{"@type":"BreadcrumbList","@id":"https:\/\/www.info-algerie.com\/actualites\/journee-internationale-du-vivre-ensemble-une-initiative-algerienne-pour-la-promotion-de-la-culture-de-la-paix\/#breadcrumb","itemListElement":[{"@type":"ListItem","position":1,"name":"Accueil","item":"https:\/\/www.info-algerie.com\/actualites\/"},{"@type":"ListItem","position":2,"name":"Journ\u00e9e internationale du vivre-ensemble: une initiative alg\u00e9rienne pour la promotion de la culture de la paix"}]},{"@type":"WebSite","@id":"https:\/\/www.info-algerie.com\/actualites\/#website","url":"https:\/\/www.info-algerie.com\/actualites\/","name":"info algerie","description":"Toutes les actualit\u00e9s","publisher":{"@id":"https:\/\/www.info-algerie.com\/actualites\/#organization"},"potentialAction":[{"@type":"SearchAction","target":{"@type":"EntryPoint","urlTemplate":"https:\/\/www.info-algerie.com\/actualites\/?s={search_term_string}"},"query-input":{"@type":"PropertyValueSpecification","valueRequired":true,"valueName":"search_term_string"}}],"inLanguage":"fr-FR"},{"@type":"Organization","@id":"https:\/\/www.info-algerie.com\/actualites\/#organization","name":"info algerie","url":"https:\/\/www.info-algerie.com\/actualites\/","logo":{"@type":"ImageObject","inLanguage":"fr-FR","@id":"https:\/\/www.info-algerie.com\/actualites\/#\/schema\/logo\/image\/","url":"https:\/\/www.info-algerie.com\/actualites\/wp-content\/uploads\/2022\/07\/logo-ia-120.png","contentUrl":"https:\/\/www.info-algerie.com\/actualites\/wp-content\/uploads\/2022\/07\/logo-ia-120.png","width":120,"height":43,"caption":"info algerie"},"image":{"@id":"https:\/\/www.info-algerie.com\/actualites\/#\/schema\/logo\/image\/"},"sameAs":["https:\/\/www.facebook.com\/infoalgerieactu","https:\/\/x.com\/infoalgerie1"]},{"@type":"Person","@id":"https:\/\/www.info-algerie.com\/actualites\/#\/schema\/person\/847aaec44920825b843a08f30ec6aa1e","name":"La r\u00e9daction","image":{"@type":"ImageObject","inLanguage":"fr-FR","@id":"https:\/\/secure.gravatar.com\/avatar\/769db425c6f465158149f1ffd6cf61ce7a8a879d11dfbef8288af36dfddd418c?s=96&d=mm&r=g","url":"https:\/\/secure.gravatar.com\/avatar\/769db425c6f465158149f1ffd6cf61ce7a8a879d11dfbef8288af36dfddd418c?s=96&d=mm&r=g","contentUrl":"https:\/\/secure.gravatar.com\/avatar\/769db425c6f465158149f1ffd6cf61ce7a8a879d11dfbef8288af36dfddd418c?s=96&d=mm&r=g","caption":"La r\u00e9daction"},"sameAs":["http:\/\/www.lkeria.com\/"],"url":"https:\/\/www.info-algerie.com\/actualites\/author\/chakib32\/"}]}},"_links":{"self":[{"href":"https:\/\/www.info-algerie.com\/actualites\/wp-json\/wp\/v2\/posts\/23327","targetHints":{"allow":["GET"]}}],"collection":[{"href":"https:\/\/www.info-algerie.com\/actualites\/wp-json\/wp\/v2\/posts"}],"about":[{"href":"https:\/\/www.info-algerie.com\/actualites\/wp-json\/wp\/v2\/types\/post"}],"author":[{"embeddable":true,"href":"https:\/\/www.info-algerie.com\/actualites\/wp-json\/wp\/v2\/users\/6"}],"replies":[{"embeddable":true,"href":"https:\/\/www.info-algerie.com\/actualites\/wp-json\/wp\/v2\/comments?post=23327"}],"version-history":[{"count":0,"href":"https:\/\/www.info-algerie.com\/actualites\/wp-json\/wp\/v2\/posts\/23327\/revisions"}],"wp:featuredmedia":[{"embeddable":true,"href":"https:\/\/www.info-algerie.com\/actualites\/wp-json\/wp\/v2\/media\/23328"}],"wp:attachment":[{"href":"https:\/\/www.info-algerie.com\/actualites\/wp-json\/wp\/v2\/media?parent=23327"}],"wp:term":[{"taxonomy":"category","embeddable":true,"href":"https:\/\/www.info-algerie.com\/actualites\/wp-json\/wp\/v2\/categories?post=23327"},{"taxonomy":"post_tag","embeddable":true,"href":"https:\/\/www.info-algerie.com\/actualites\/wp-json\/wp\/v2\/tags?post=23327"}],"curies":[{"name":"wp","href":"https:\/\/api.w.org\/{rel}","templated":true}]}}