{"id":23329,"date":"2018-05-14T12:32:35","date_gmt":"2018-05-14T11:32:35","guid":{"rendered":"http:\/\/www.info-algerie.com\/actualites\/vivre-en-paix-prise-en-charge-des-victimes-de-la-tragedie-nationale-pour-endiguer-toute-tentation-extremiste\/"},"modified":"2018-05-14T12:32:35","modified_gmt":"2018-05-14T11:32:35","slug":"vivre-en-paix-prise-en-charge-des-victimes-de-la-tragedie-nationale-pour-endiguer-toute-tentation-extremiste","status":"publish","type":"post","link":"https:\/\/www.info-algerie.com\/actualites\/vivre-en-paix-prise-en-charge-des-victimes-de-la-tragedie-nationale-pour-endiguer-toute-tentation-extremiste\/","title":{"rendered":"Vivre en paix: prise en charge des victimes de la Trag\u00e9die nationale pour endiguer toute tentation extr\u00e9miste"},"content":{"rendered":"<div class=\"K2FeedIntroText\">\n<p><strong>ALGER &#8211; La prise en charge des victimes de la trag\u00e9die nationale, inscrite dans la Charte pour la paix et la R\u00e9conciliation nationale, pl\u00e9biscit\u00e9 par un referendum populaire en 2005, aura permis d\u2019endiguer les tentations extr\u00e9mistes et de pr\u00e9server la coh\u00e9sion de la soci\u00e9t\u00e9 et de son unit\u00e9.<\/strong><\/p>\n<p>&#013;\n<\/p><\/div>\n<div class=\"K2FeedFullText\">&#013;<\/p>\n<p>C\u2019est ainsi qu\u2019une s\u00e9rie de lois et de d\u00e9crets ont vu le jour pour une v\u00e9ritable mise en \u0153uvre de cette Charte qui a g\u00e9n\u00e9r\u00e9 notamment le r\u00e9tablissement de la paix et de la stabilit\u00e9 dans tout le pays et contribu\u00e9 au renforcement de l`harmonie de la soci\u00e9t\u00e9 alg\u00e9rienne.<\/p>\n<p>&#013;<\/p>\n<p>Des milliers de dossiers ont \u00e9t\u00e9 \u00e0 cet effet trait\u00e9s dans le cadre de la Concorde civile et de la Charte pour la paix et la r\u00e9conciliation nationale afin de r\u00e9gulariser toutes les situations en suspens caus\u00e9es par la d\u00e9cennie de terrorisme et de violence, v\u00e9cue par le pays dans les ann\u00e9es 90 du si\u00e8cle dernier.<\/p>\n<p>&#013;<\/p>\n<hr \/>\n<h3>Lire aussi:\u00a0<a href=\"http:\/\/www.aps.dz\/algerie\/73964-flici-la-celebration-de-la-journee-du-vivre-ensemble-en-paix-conforte-la-charte-de-la-reconciliation-nationale\" target=\"_blank\" rel=\"noopener noreferrer\">Flici: la c\u00e9l\u00e9bration de la journ\u00e9e du vivre-ensemble en paix conforte la Charte de la r\u00e9conciliation nationale<\/a><\/h3>\n<p>&#013;<\/p>\n<hr \/>\n<p>L`application de la Charte pour la r\u00e9conciliation nationale a permis d\u00e8s lors de consolider la coh\u00e9sion de la nation et son unit\u00e9 et contribu\u00e9 \u00e0 la pr\u00e9munir contre toute sorte d\u2019extr\u00e9misme et de radicalisme.<\/p>\n<p>&#013;<\/p>\n<p>Un rapport final et global sur les activit\u00e9s de la Cellule d\u2019assistance judiciaire pour l`application de la Charte pour la paix et la r\u00e9conciliation nationale a \u00e9t\u00e9 remis au mois de septembre 2015 au pr\u00e9sident de la R\u00e9publique Abdelaziz Bouteflika.<\/p>\n<p>&#013;<\/p>\n<p>Le rapport de la cellule pr\u00e9sid\u00e9e par Me Merouane Azzi a pr\u00e9sent\u00e9 des recommandations \u00e0 la lumi\u00e8re des s\u00e9ances d`\u00e9coute men\u00e9es \u00e0 travers le territoire national depuis 2006.<\/p>\n<p>&#013;<\/p>\n<p>Ces recommandations concernent, entre autres, la r\u00e9vision de l`indemnisation des victimes du terrorisme, le statut des enfants n\u00e9s dans les maquis, l`indemnisation des personnes ayant subi des pertes mat\u00e9rielles et \u00e9conomiques durant la p\u00e9riode de la trag\u00e9die nationale ainsi que ceux qui \u00e9taient d\u00e9tenus dans le sud du pays.<\/p>\n<p>&#013;<\/p>\n<p>Les dispositions de cette charte ont touch\u00e9 quatre cat\u00e9gories: les terroristes qui ont choisi la voie de la repentance, les familles de terroristes, les disparus et les travailleurs licenci\u00e9s en raison de leur implication dans des actes terroristes.<\/p>\n<p>&#013;<\/p>\n<hr \/>\n<h3>Lire aussi:\u00a0<a href=\"http:\/\/www.aps.dz\/algerie\/73392-le-recouvrement-de-la-paix-decoulant-de-la-reconciliation-nationale-s-est-traduit-sur-la-vie-quotidienne-des-citoyens\" target=\"_blank\" rel=\"noopener noreferrer\">Le recouvrement de la paix d\u00e9coulant de la r\u00e9conciliation nationale s\u2019est traduit sur la vie quotidienne des citoyens<\/a><\/h3>\n<p>&#013;<\/p>\n<hr \/>\n<p>Plus 6.000 autres personnes avaient b\u00e9n\u00e9fici\u00e9 des dispositions de la Concorde civile, d\u00e9cid\u00e9es en 1999, pour atteindre un total de 15.000 Alg\u00e9riens ayant \u00e9t\u00e9 touch\u00e9s par les dispositions de la concorde civile, de la paix et de la r\u00e9conciliation nationale.<\/p>\n<p>&#013;<\/p>\n<p>Concernant le dossier des disparus, l`Etat avait promulgu\u00e9 des dispositions ayant permis le recensement officiel de 7.144 familles ayant perdu un ou plusieurs de leurs membres, dont 7.100 familles de disparus ont b\u00e9n\u00e9fici\u00e9 d`indemnisations.<\/p>\n<p>&#013;<\/p>\n<p>L`Etat a d\u00e9cid\u00e9, conform\u00e9ment aux dispositions de cette Charte, des indemnisations au profit de 11.224 familles de terroristes n\u00e9cessiteuses.<\/p>\n<p>&#013;<\/p>\n<p>Dans un message \u00e0 l`occasion de la comm\u00e9moration du 10\u00e8me anniversaire de l`adoption de cette Charte, le pr\u00e9sident Bouteflika, avait affirm\u00e9 que les choix du peuple consign\u00e9s dans la Loi portant la Concorde civile et la Charte pour la paix et la r\u00e9conciliation nationale seront \u00ab\u00a0int\u00e9gralement respect\u00e9s et pr\u00e9serv\u00e9s sans concession aucune\u00a0\u00bb.<\/p>\n<p>&#013;<\/p>\n<p>Il a \u00e9galement renouvel\u00e9 son appel aux \u00e9gar\u00e9s pour qu&rsquo;ils se ressaisissent et abandonnent la voie du crime, afin de b\u00e9n\u00e9ficier des dispositions de la Charte pour la paix et la R\u00e9conciliation nationale, appelant par la m\u00eame occasion, le peuple alg\u00e9rien \u00e0 pr\u00e9server la R\u00e9conciliation nationale de toute alt\u00e9ration, de toute exploitation politicienne et de toute surench\u00e8re, au service de l`unit\u00e9 et de la stabilit\u00e9 de l`Alg\u00e9rie.<\/p>\n<p>&#013;<\/p>\n<hr \/>\n<h3>Lire aussi:\u00a0<a href=\"http:\/\/www.aps.dz\/algerie\/70946-la-reconciliation-nationale-un-modele-pour-les-pays-confrontes-a-des-problemes-securitaires-conseil-de-la-jeunesse-arabo-africaine\" target=\"_blank\" rel=\"noopener noreferrer\">La r\u00e9conciliation nationale, un mod\u00e8le pour les pays confront\u00e9s \u00e0 des probl\u00e8mes s\u00e9curitaires<\/a><\/h3>\n<p>&#013;<\/p>\n<hr \/>\n<p>Evoquant les acquis enregistr\u00e9s \u00e0 la faveur de la Charte pour la paix et la r\u00e9conciliation nationale, le chef de l`Etat a affirm\u00e9 que \u00ab\u00a0tout ce qui a pu \u00eatre accompli \u00e0 l&rsquo;ombre de la Concorde civile, de la Paix et de la R\u00e9conciliation nationale, constitue une somme d`acquis pour lesquels nous remercions Allah et sur lesquels nous pouvons continuer \u00e0 b\u00e2tir davantage et \u00e0 avancer plus loin encore\u00a0\u00bb.<\/p>\n<p>&#013;<\/p>\n<p>\u00ab\u00a0La paix retrouv\u00e9e, la s\u00e9curit\u00e9 du pays pr\u00e9serv\u00e9e et la construction nationale relanc\u00e9e, telles sont les trois r\u00e9alisations majeures qu`a facilit\u00e9 votre choix en faveur de la R\u00e9conciliation nationale et il \u00e9tait utile de les rappeler en cette date comm\u00e9morative\u00a0\u00bb, a relev\u00e9 le pr\u00e9sident de la R\u00e9publique.<\/p>\n<p>&#013;<\/p>\n<p>De son c\u00f4t\u00e9, la secr\u00e9taire g\u00e9n\u00e9rale de l\u2019Organisation Nationale des Victimes du Terrorisme (ONVT), Fatima Zahra Flici, a indiqu\u00e9 samedi dernier \u00e0 A\u00efn Defla que la c\u00e9l\u00e9bration de \u00ab\u00a0la journ\u00e9e internationale du vivre-ensemble en paix\u00a0\u00bb, d\u00e9cid\u00e9e par les Nations Unies sur proposition de l\u2019Alg\u00e9rie, \u00ab\u00a0confortait la Charte de la r\u00e9conciliation nationale qui a permis au pays de recouvrer la paix et la stabilit\u00e9\u00a0\u00bb.<\/p>\n<p>&#013;<\/p>\n<p>Elle a soulign\u00e9, dans ce sens, que cette Charte \u00ab\u00a0s&rsquo;est r\u00e9v\u00e9l\u00e9e \u00eatre un puissant appui pour la reconstruction du tissu de la nation et la reconstitution de la coh\u00e9sion nationale et de l&rsquo;unit\u00e9 du pays\u00a0\u00bb, ajoutant que la d\u00e9marche privil\u00e9gi\u00e9e pour y arriver \u00ab\u00a0visait notamment \u00e0 promouvoir la culture de la paix, de la tol\u00e9rance et de l\u2019inclusion\u00a0\u00bb.<\/p>\n<p>&#013;<\/p>\n<p>Adopt\u00e9e par l\u2019Assembl\u00e9e g\u00e9n\u00e9rale des Nations unies le 8 d\u00e9cembre dernier, sur proposition de l&rsquo;Alg\u00e9rie, la r\u00e9solution 72\/130 a proclam\u00e9 le 16 mai de chaque ann\u00e9e, \u00ab\u00a0Journ\u00e9e internationale du vivre ensemble en paix\u00a0\u00bb.<\/p>\n<\/div>\n<p>&#013;<br \/>\nSource: <a href=\"http:\/\/www.aps.dz\/algerie\/74021-vivre-en-paix-prise-en-charge-des-victimes-de-la-tragedie-nationale-pour-endiguer-toute-tentation-extremiste\" target=\"_blank\">Vivre en paix: prise en charge des victimes de la Trag\u00e9die nationale pour endiguer toute tentation extr\u00e9miste<\/a><\/p>\n<!--CusAds0-->\n<div style=\"font-size: 0px; height: 0px; line-height: 0px; margin: 0; padding: 0; clear: both;\"><\/div>","protected":false},"excerpt":{"rendered":"<p>ALGER &#8211; La prise en charge des victimes de la trag\u00e9die nationale, inscrite dans la Charte pour la paix et la R\u00e9conciliation nationale, pl\u00e9biscit\u00e9 par un referendum populaire en 2005, aura permis d\u2019endiguer les tentations extr\u00e9mistes et de pr\u00e9server la coh\u00e9sion de la soci\u00e9t\u00e9 et de son unit\u00e9. &#013; &#013; C\u2019est ainsi qu\u2019une s\u00e9rie de<\/p>\n","protected":false},"author":6,"featured_media":0,"comment_status":"open","ping_status":"open","sticky":false,"template":"","format":"standard","meta":{"footnotes":""},"categories":[22],"tags":[93],"class_list":["post-23329","post","type-post","status-publish","format-standard","hentry","category-infos","tag-onu"],"yoast_head":"<!-- This site is optimized with the Yoast SEO plugin v27.5 - https:\/\/yoast.com\/product\/yoast-seo-wordpress\/ -->\n<title>Vivre en paix: prise en charge des victimes de la Trag\u00e9die nationale pour endiguer toute tentation extr\u00e9miste - info algerie<\/title>\n<meta name=\"robots\" content=\"index, follow, max-snippet:-1, max-image-preview:large, max-video-preview:-1\" \/>\n<link rel=\"canonical\" href=\"https:\/\/www.info-algerie.com\/actualites\/vivre-en-paix-prise-en-charge-des-victimes-de-la-tragedie-nationale-pour-endiguer-toute-tentation-extremiste\/\" \/>\n<meta property=\"og:locale\" content=\"fr_FR\" \/>\n<meta property=\"og:type\" content=\"article\" \/>\n<meta property=\"og:title\" content=\"Vivre en paix: prise en charge des victimes de la Trag\u00e9die nationale pour endiguer toute tentation extr\u00e9miste - info algerie\" \/>\n<meta property=\"og:description\" content=\"ALGER &#8211; La prise en charge des victimes de la trag\u00e9die nationale, inscrite dans la Charte pour la paix et la R\u00e9conciliation nationale, pl\u00e9biscit\u00e9 par un referendum populaire en 2005, aura permis d\u2019endiguer les tentations extr\u00e9mistes et de pr\u00e9server la coh\u00e9sion de la soci\u00e9t\u00e9 et de son unit\u00e9. &#013; &#013; C\u2019est ainsi qu\u2019une s\u00e9rie de\" \/>\n<meta property=\"og:url\" content=\"https:\/\/www.info-algerie.com\/actualites\/vivre-en-paix-prise-en-charge-des-victimes-de-la-tragedie-nationale-pour-endiguer-toute-tentation-extremiste\/\" \/>\n<meta property=\"og:site_name\" content=\"info algerie\" \/>\n<meta property=\"article:publisher\" content=\"https:\/\/www.facebook.com\/infoalgerieactu\" \/>\n<meta property=\"article:published_time\" content=\"2018-05-14T11:32:35+00:00\" \/>\n<meta name=\"author\" content=\"La r\u00e9daction\" \/>\n<meta name=\"twitter:label1\" content=\"\u00c9crit par\" \/>\n\t<meta name=\"twitter:data1\" content=\"La r\u00e9daction\" \/>\n\t<meta name=\"twitter:label2\" content=\"Dur\u00e9e de lecture estim\u00e9e\" \/>\n\t<meta name=\"twitter:data2\" content=\"5 minutes\" \/>\n<script type=\"application\/ld+json\" class=\"yoast-schema-graph\">{\"@context\":\"https:\\\/\\\/schema.org\",\"@graph\":[{\"@type\":\"Article\",\"@id\":\"https:\\\/\\\/www.info-algerie.com\\\/actualites\\\/vivre-en-paix-prise-en-charge-des-victimes-de-la-tragedie-nationale-pour-endiguer-toute-tentation-extremiste\\\/#article\",\"isPartOf\":{\"@id\":\"https:\\\/\\\/www.info-algerie.com\\\/actualites\\\/vivre-en-paix-prise-en-charge-des-victimes-de-la-tragedie-nationale-pour-endiguer-toute-tentation-extremiste\\\/\"},\"author\":{\"name\":\"La r\u00e9daction\",\"@id\":\"https:\\\/\\\/www.info-algerie.com\\\/actualites\\\/#\\\/schema\\\/person\\\/847aaec44920825b843a08f30ec6aa1e\"},\"headline\":\"Vivre en paix: prise en charge des victimes de la Trag\u00e9die nationale pour endiguer toute tentation extr\u00e9miste\",\"datePublished\":\"2018-05-14T11:32:35+00:00\",\"mainEntityOfPage\":{\"@id\":\"https:\\\/\\\/www.info-algerie.com\\\/actualites\\\/vivre-en-paix-prise-en-charge-des-victimes-de-la-tragedie-nationale-pour-endiguer-toute-tentation-extremiste\\\/\"},\"wordCount\":1053,\"commentCount\":0,\"publisher\":{\"@id\":\"https:\\\/\\\/www.info-algerie.com\\\/actualites\\\/#organization\"},\"keywords\":[\"ONU\"],\"articleSection\":[\"infos\"],\"inLanguage\":\"fr-FR\",\"potentialAction\":[{\"@type\":\"CommentAction\",\"name\":\"Comment\",\"target\":[\"https:\\\/\\\/www.info-algerie.com\\\/actualites\\\/vivre-en-paix-prise-en-charge-des-victimes-de-la-tragedie-nationale-pour-endiguer-toute-tentation-extremiste\\\/#respond\"]}]},{\"@type\":\"WebPage\",\"@id\":\"https:\\\/\\\/www.info-algerie.com\\\/actualites\\\/vivre-en-paix-prise-en-charge-des-victimes-de-la-tragedie-nationale-pour-endiguer-toute-tentation-extremiste\\\/\",\"url\":\"https:\\\/\\\/www.info-algerie.com\\\/actualites\\\/vivre-en-paix-prise-en-charge-des-victimes-de-la-tragedie-nationale-pour-endiguer-toute-tentation-extremiste\\\/\",\"name\":\"Vivre en paix: prise en charge des victimes de la Trag\u00e9die nationale pour endiguer toute tentation extr\u00e9miste - info algerie\",\"isPartOf\":{\"@id\":\"https:\\\/\\\/www.info-algerie.com\\\/actualites\\\/#website\"},\"datePublished\":\"2018-05-14T11:32:35+00:00\",\"breadcrumb\":{\"@id\":\"https:\\\/\\\/www.info-algerie.com\\\/actualites\\\/vivre-en-paix-prise-en-charge-des-victimes-de-la-tragedie-nationale-pour-endiguer-toute-tentation-extremiste\\\/#breadcrumb\"},\"inLanguage\":\"fr-FR\",\"potentialAction\":[{\"@type\":\"ReadAction\",\"target\":[\"https:\\\/\\\/www.info-algerie.com\\\/actualites\\\/vivre-en-paix-prise-en-charge-des-victimes-de-la-tragedie-nationale-pour-endiguer-toute-tentation-extremiste\\\/\"]}]},{\"@type\":\"BreadcrumbList\",\"@id\":\"https:\\\/\\\/www.info-algerie.com\\\/actualites\\\/vivre-en-paix-prise-en-charge-des-victimes-de-la-tragedie-nationale-pour-endiguer-toute-tentation-extremiste\\\/#breadcrumb\",\"itemListElement\":[{\"@type\":\"ListItem\",\"position\":1,\"name\":\"Accueil\",\"item\":\"https:\\\/\\\/www.info-algerie.com\\\/actualites\\\/\"},{\"@type\":\"ListItem\",\"position\":2,\"name\":\"Vivre en paix: prise en charge des victimes de la Trag\u00e9die nationale pour endiguer toute tentation extr\u00e9miste\"}]},{\"@type\":\"WebSite\",\"@id\":\"https:\\\/\\\/www.info-algerie.com\\\/actualites\\\/#website\",\"url\":\"https:\\\/\\\/www.info-algerie.com\\\/actualites\\\/\",\"name\":\"info algerie\",\"description\":\"Toutes les actualit\u00e9s\",\"publisher\":{\"@id\":\"https:\\\/\\\/www.info-algerie.com\\\/actualites\\\/#organization\"},\"potentialAction\":[{\"@type\":\"SearchAction\",\"target\":{\"@type\":\"EntryPoint\",\"urlTemplate\":\"https:\\\/\\\/www.info-algerie.com\\\/actualites\\\/?s={search_term_string}\"},\"query-input\":{\"@type\":\"PropertyValueSpecification\",\"valueRequired\":true,\"valueName\":\"search_term_string\"}}],\"inLanguage\":\"fr-FR\"},{\"@type\":\"Organization\",\"@id\":\"https:\\\/\\\/www.info-algerie.com\\\/actualites\\\/#organization\",\"name\":\"info algerie\",\"url\":\"https:\\\/\\\/www.info-algerie.com\\\/actualites\\\/\",\"logo\":{\"@type\":\"ImageObject\",\"inLanguage\":\"fr-FR\",\"@id\":\"https:\\\/\\\/www.info-algerie.com\\\/actualites\\\/#\\\/schema\\\/logo\\\/image\\\/\",\"url\":\"https:\\\/\\\/www.info-algerie.com\\\/actualites\\\/wp-content\\\/uploads\\\/2022\\\/07\\\/logo-ia-120.png\",\"contentUrl\":\"https:\\\/\\\/www.info-algerie.com\\\/actualites\\\/wp-content\\\/uploads\\\/2022\\\/07\\\/logo-ia-120.png\",\"width\":120,\"height\":43,\"caption\":\"info algerie\"},\"image\":{\"@id\":\"https:\\\/\\\/www.info-algerie.com\\\/actualites\\\/#\\\/schema\\\/logo\\\/image\\\/\"},\"sameAs\":[\"https:\\\/\\\/www.facebook.com\\\/infoalgerieactu\",\"https:\\\/\\\/x.com\\\/infoalgerie1\"]},{\"@type\":\"Person\",\"@id\":\"https:\\\/\\\/www.info-algerie.com\\\/actualites\\\/#\\\/schema\\\/person\\\/847aaec44920825b843a08f30ec6aa1e\",\"name\":\"La r\u00e9daction\",\"image\":{\"@type\":\"ImageObject\",\"inLanguage\":\"fr-FR\",\"@id\":\"https:\\\/\\\/secure.gravatar.com\\\/avatar\\\/769db425c6f465158149f1ffd6cf61ce7a8a879d11dfbef8288af36dfddd418c?s=96&d=mm&r=g\",\"url\":\"https:\\\/\\\/secure.gravatar.com\\\/avatar\\\/769db425c6f465158149f1ffd6cf61ce7a8a879d11dfbef8288af36dfddd418c?s=96&d=mm&r=g\",\"contentUrl\":\"https:\\\/\\\/secure.gravatar.com\\\/avatar\\\/769db425c6f465158149f1ffd6cf61ce7a8a879d11dfbef8288af36dfddd418c?s=96&d=mm&r=g\",\"caption\":\"La r\u00e9daction\"},\"sameAs\":[\"http:\\\/\\\/www.lkeria.com\\\/\"],\"url\":\"https:\\\/\\\/www.info-algerie.com\\\/actualites\\\/author\\\/chakib32\\\/\"}]}<\/script>\n<!-- \/ Yoast SEO plugin. -->","yoast_head_json":{"title":"Vivre en paix: prise en charge des victimes de la Trag\u00e9die nationale pour endiguer toute tentation extr\u00e9miste - info algerie","robots":{"index":"index","follow":"follow","max-snippet":"max-snippet:-1","max-image-preview":"max-image-preview:large","max-video-preview":"max-video-preview:-1"},"canonical":"https:\/\/www.info-algerie.com\/actualites\/vivre-en-paix-prise-en-charge-des-victimes-de-la-tragedie-nationale-pour-endiguer-toute-tentation-extremiste\/","og_locale":"fr_FR","og_type":"article","og_title":"Vivre en paix: prise en charge des victimes de la Trag\u00e9die nationale pour endiguer toute tentation extr\u00e9miste - info algerie","og_description":"ALGER &#8211; La prise en charge des victimes de la trag\u00e9die nationale, inscrite dans la Charte pour la paix et la R\u00e9conciliation nationale, pl\u00e9biscit\u00e9 par un referendum populaire en 2005, aura permis d\u2019endiguer les tentations extr\u00e9mistes et de pr\u00e9server la coh\u00e9sion de la soci\u00e9t\u00e9 et de son unit\u00e9. &#013; &#013; C\u2019est ainsi qu\u2019une s\u00e9rie de","og_url":"https:\/\/www.info-algerie.com\/actualites\/vivre-en-paix-prise-en-charge-des-victimes-de-la-tragedie-nationale-pour-endiguer-toute-tentation-extremiste\/","og_site_name":"info algerie","article_publisher":"https:\/\/www.facebook.com\/infoalgerieactu","article_published_time":"2018-05-14T11:32:35+00:00","author":"La r\u00e9daction","twitter_misc":{"\u00c9crit par":"La r\u00e9daction","Dur\u00e9e de lecture estim\u00e9e":"5 minutes"},"schema":{"@context":"https:\/\/schema.org","@graph":[{"@type":"Article","@id":"https:\/\/www.info-algerie.com\/actualites\/vivre-en-paix-prise-en-charge-des-victimes-de-la-tragedie-nationale-pour-endiguer-toute-tentation-extremiste\/#article","isPartOf":{"@id":"https:\/\/www.info-algerie.com\/actualites\/vivre-en-paix-prise-en-charge-des-victimes-de-la-tragedie-nationale-pour-endiguer-toute-tentation-extremiste\/"},"author":{"name":"La r\u00e9daction","@id":"https:\/\/www.info-algerie.com\/actualites\/#\/schema\/person\/847aaec44920825b843a08f30ec6aa1e"},"headline":"Vivre en paix: prise en charge des victimes de la Trag\u00e9die nationale pour endiguer toute tentation extr\u00e9miste","datePublished":"2018-05-14T11:32:35+00:00","mainEntityOfPage":{"@id":"https:\/\/www.info-algerie.com\/actualites\/vivre-en-paix-prise-en-charge-des-victimes-de-la-tragedie-nationale-pour-endiguer-toute-tentation-extremiste\/"},"wordCount":1053,"commentCount":0,"publisher":{"@id":"https:\/\/www.info-algerie.com\/actualites\/#organization"},"keywords":["ONU"],"articleSection":["infos"],"inLanguage":"fr-FR","potentialAction":[{"@type":"CommentAction","name":"Comment","target":["https:\/\/www.info-algerie.com\/actualites\/vivre-en-paix-prise-en-charge-des-victimes-de-la-tragedie-nationale-pour-endiguer-toute-tentation-extremiste\/#respond"]}]},{"@type":"WebPage","@id":"https:\/\/www.info-algerie.com\/actualites\/vivre-en-paix-prise-en-charge-des-victimes-de-la-tragedie-nationale-pour-endiguer-toute-tentation-extremiste\/","url":"https:\/\/www.info-algerie.com\/actualites\/vivre-en-paix-prise-en-charge-des-victimes-de-la-tragedie-nationale-pour-endiguer-toute-tentation-extremiste\/","name":"Vivre en paix: prise en charge des victimes de la Trag\u00e9die nationale pour endiguer toute tentation extr\u00e9miste - info algerie","isPartOf":{"@id":"https:\/\/www.info-algerie.com\/actualites\/#website"},"datePublished":"2018-05-14T11:32:35+00:00","breadcrumb":{"@id":"https:\/\/www.info-algerie.com\/actualites\/vivre-en-paix-prise-en-charge-des-victimes-de-la-tragedie-nationale-pour-endiguer-toute-tentation-extremiste\/#breadcrumb"},"inLanguage":"fr-FR","potentialAction":[{"@type":"ReadAction","target":["https:\/\/www.info-algerie.com\/actualites\/vivre-en-paix-prise-en-charge-des-victimes-de-la-tragedie-nationale-pour-endiguer-toute-tentation-extremiste\/"]}]},{"@type":"BreadcrumbList","@id":"https:\/\/www.info-algerie.com\/actualites\/vivre-en-paix-prise-en-charge-des-victimes-de-la-tragedie-nationale-pour-endiguer-toute-tentation-extremiste\/#breadcrumb","itemListElement":[{"@type":"ListItem","position":1,"name":"Accueil","item":"https:\/\/www.info-algerie.com\/actualites\/"},{"@type":"ListItem","position":2,"name":"Vivre en paix: prise en charge des victimes de la Trag\u00e9die nationale pour endiguer toute tentation extr\u00e9miste"}]},{"@type":"WebSite","@id":"https:\/\/www.info-algerie.com\/actualites\/#website","url":"https:\/\/www.info-algerie.com\/actualites\/","name":"info algerie","description":"Toutes les actualit\u00e9s","publisher":{"@id":"https:\/\/www.info-algerie.com\/actualites\/#organization"},"potentialAction":[{"@type":"SearchAction","target":{"@type":"EntryPoint","urlTemplate":"https:\/\/www.info-algerie.com\/actualites\/?s={search_term_string}"},"query-input":{"@type":"PropertyValueSpecification","valueRequired":true,"valueName":"search_term_string"}}],"inLanguage":"fr-FR"},{"@type":"Organization","@id":"https:\/\/www.info-algerie.com\/actualites\/#organization","name":"info algerie","url":"https:\/\/www.info-algerie.com\/actualites\/","logo":{"@type":"ImageObject","inLanguage":"fr-FR","@id":"https:\/\/www.info-algerie.com\/actualites\/#\/schema\/logo\/image\/","url":"https:\/\/www.info-algerie.com\/actualites\/wp-content\/uploads\/2022\/07\/logo-ia-120.png","contentUrl":"https:\/\/www.info-algerie.com\/actualites\/wp-content\/uploads\/2022\/07\/logo-ia-120.png","width":120,"height":43,"caption":"info algerie"},"image":{"@id":"https:\/\/www.info-algerie.com\/actualites\/#\/schema\/logo\/image\/"},"sameAs":["https:\/\/www.facebook.com\/infoalgerieactu","https:\/\/x.com\/infoalgerie1"]},{"@type":"Person","@id":"https:\/\/www.info-algerie.com\/actualites\/#\/schema\/person\/847aaec44920825b843a08f30ec6aa1e","name":"La r\u00e9daction","image":{"@type":"ImageObject","inLanguage":"fr-FR","@id":"https:\/\/secure.gravatar.com\/avatar\/769db425c6f465158149f1ffd6cf61ce7a8a879d11dfbef8288af36dfddd418c?s=96&d=mm&r=g","url":"https:\/\/secure.gravatar.com\/avatar\/769db425c6f465158149f1ffd6cf61ce7a8a879d11dfbef8288af36dfddd418c?s=96&d=mm&r=g","contentUrl":"https:\/\/secure.gravatar.com\/avatar\/769db425c6f465158149f1ffd6cf61ce7a8a879d11dfbef8288af36dfddd418c?s=96&d=mm&r=g","caption":"La r\u00e9daction"},"sameAs":["http:\/\/www.lkeria.com\/"],"url":"https:\/\/www.info-algerie.com\/actualites\/author\/chakib32\/"}]}},"_links":{"self":[{"href":"https:\/\/www.info-algerie.com\/actualites\/wp-json\/wp\/v2\/posts\/23329","targetHints":{"allow":["GET"]}}],"collection":[{"href":"https:\/\/www.info-algerie.com\/actualites\/wp-json\/wp\/v2\/posts"}],"about":[{"href":"https:\/\/www.info-algerie.com\/actualites\/wp-json\/wp\/v2\/types\/post"}],"author":[{"embeddable":true,"href":"https:\/\/www.info-algerie.com\/actualites\/wp-json\/wp\/v2\/users\/6"}],"replies":[{"embeddable":true,"href":"https:\/\/www.info-algerie.com\/actualites\/wp-json\/wp\/v2\/comments?post=23329"}],"version-history":[{"count":0,"href":"https:\/\/www.info-algerie.com\/actualites\/wp-json\/wp\/v2\/posts\/23329\/revisions"}],"wp:attachment":[{"href":"https:\/\/www.info-algerie.com\/actualites\/wp-json\/wp\/v2\/media?parent=23329"}],"wp:term":[{"taxonomy":"category","embeddable":true,"href":"https:\/\/www.info-algerie.com\/actualites\/wp-json\/wp\/v2\/categories?post=23329"},{"taxonomy":"post_tag","embeddable":true,"href":"https:\/\/www.info-algerie.com\/actualites\/wp-json\/wp\/v2\/tags?post=23329"}],"curies":[{"name":"wp","href":"https:\/\/api.w.org\/{rel}","templated":true}]}}