{"id":23334,"date":"2018-05-14T14:35:15","date_gmt":"2018-05-14T13:35:15","guid":{"rendered":"http:\/\/www.info-algerie.com\/actualites\/messahel-plaide-pour-le-renforcement-du-dialogue-algerie-ue-dans-linteret-mutuel\/"},"modified":"2018-05-14T14:35:15","modified_gmt":"2018-05-14T13:35:15","slug":"messahel-plaide-pour-le-renforcement-du-dialogue-algerie-ue-dans-linteret-mutuel","status":"publish","type":"post","link":"https:\/\/www.info-algerie.com\/actualites\/messahel-plaide-pour-le-renforcement-du-dialogue-algerie-ue-dans-linteret-mutuel\/","title":{"rendered":"Messahel plaide pour le renforcement du dialogue Alg\u00e9rie-UE dans &quot;l&#039;int\u00e9r\u00eat mutuel&quot;"},"content":{"rendered":"<div class=\"K2FeedImage\"><img decoding=\"async\" src=\"https:\/\/www.info-algerie.com\/actualites\/wp-content\/uploads\/2018\/05\/56cdb87f1c8cd84b3d11935f2596c099_S.jpg\" \/><\/div>\n<div class=\"K2FeedIntroText\">\n<p>BRUXELLES- Le ministre des Affaires \u00e9trang\u00e8res, Abdelkader Messahel a plaid\u00e9 lundi \u00e0 Bruxelles pour le renforcement du \u00ab\u00a0dialogue et de la concertation\u00a0\u00bb entre l&rsquo;Alg\u00e9rie et l&rsquo;Union europ\u00e9enne (UE)\u00a0en vue de \u00ab\u00a0densifier\u00a0\u00bb les relations bilat\u00e9rales dans \u00ab\u00a0l&rsquo;int\u00e9r\u00eat mutuel et l&rsquo;\u00e9quilibre des int\u00e9r\u00eats\u00a0\u00bb.<\/p>\n<p>&#013;\n<\/p><\/div>\n<div class=\"K2FeedFullText\">&#013;<\/p>\n<blockquote><p>&#013;<\/p>\n<p><em><strong>\u00ab\u00a0J\u2019aimerais souligner, par ailleurs, que le dialogue et la concertation restent le meilleur moyen de rapprocher nos positions et points de vue pour les centrer sur les fondamentaux de notre relation globale, la densifier davantage dans l\u2019int\u00e9r\u00eat mutuel et l\u2019\u00e9quilibre des int\u00e9r\u00eats et faire face aux d\u00e9fis communs de s\u00e9curit\u00e9 et de d\u00e9veloppement qui se posent \u00e0 nous\u00a0\u00bb, a-t-il d\u00e9clar\u00e9 dans une allocution prononc\u00e9e \u00e0 l&rsquo;ouverture de la 11\u00e8me session du Conseil d&rsquo;association Alg\u00e9rie-UE.<\/strong><\/em><\/p>\n<p>&#013;\n<\/p><\/blockquote>\n<p>&#013;<\/p>\n<p>Pour le chef de la diplomatie alg\u00e9rienne, cette approche est \u00ab\u00a0valable\u00a0\u00bb aussi pour les questions commerciales ainsi que pour \u00ab\u00a0les pr\u00e9occupations soulev\u00e9es\u00a0\u00bb par l&rsquo;UE concernant ses parts de march\u00e9 en Alg\u00e9rie suite aux \u00ab\u00a0mesures de rationalisation des importations\u00a0\u00bb prises par le gouvernement\u00a0 alg\u00e9rien dans \u00ab\u00a0un contexte bien particulier\u00a0\u00bb.<\/p>\n<p>&#013;<\/p>\n<p>M.Messahel s&rsquo;est dit, \u00e0 ce titre, \u00ab\u00a0profond\u00e9ment convaincu\u00a0\u00bb que les discussions engag\u00e9es par les deux parties sur ce dossier permettront d\u2019arriver \u00e0 \u00ab\u00a0des solutions pragmatiques et acceptables qui prennent en ligne de compte les int\u00e9r\u00eats l\u00e9gitimes de chaque partie\u00a0\u00bb.<\/p>\n<p>&#013;<\/p>\n<p>Le ministre s&rsquo;est r\u00e9joui des \u00ab\u00a0nouveaux progr\u00e8s\u00a0\u00bb enregistr\u00e9s dans le cadre de la coop\u00e9ration sectorielle entre l&rsquo;Alg\u00e9rie et l&rsquo;UE gr\u00e2ce \u00e0 \u00ab\u00a0l\u2019engagement des deux parties et \u00e0 l\u2019int\u00e9r\u00eat qu\u2019elle suscite chez les b\u00e9n\u00e9ficiaires\u00a0\u00bb.<\/p>\n<p>&#013;<\/p>\n<hr \/>\n<p><a href=\"http:\/\/www.aps.dz\/economie\/73981-conseil-d-association-algerie-ue-la-mise-en-oeuvre-des-priorites-du-partenariat-a-l-ordre-du-jour\">Lire aussi:\u00a0Conseil d&rsquo;association Alg\u00e9rie-UE: la mise en oeuvre des priorit\u00e9s du partenariat \u00e0 l&rsquo;ordre du jour<\/a><\/p>\n<p>&#013;<\/p>\n<hr \/>\n<p>\u00ab\u00a0Les avanc\u00e9es significatives enregistr\u00e9es dans les domaines de la coop\u00e9ration \u00e9nerg\u00e9tique et de l\u2019innovation sont \u00e9galement \u00e0 encourager pour qu\u2019elles se traduisent en actions de coop\u00e9ration concr\u00e8tes et visibles\u00a0\u00bb, a-t-il ajout\u00e9.<\/p>\n<p>&#013;<\/p>\n<p>Le premier responsable de la diplomatie alg\u00e9rienne s&rsquo;est dit \u00e9galement \u00ab\u00a0satisfait\u00a0\u00bb du dialogue politique et s\u00e9curitaire entre l&rsquo;Alg\u00e9rie et l&rsquo;UE, en cours de structuration et d&rsquo;approfondissement.<\/p>\n<p>&#013;<\/p>\n<blockquote><p>&#013;<\/p>\n<p><em><strong>\u00ab\u00a0J\u2019ai eu le plaisir l\u2019ann\u00e9e derni\u00e8re de lancer ici m\u00eame \u00e0 Bruxelles, avec Vous-m\u00eame, la premi\u00e8re session de notre Dialogue de Haut niveau sur la coop\u00e9ration dans les domaines de la s\u00e9curit\u00e9 r\u00e9gionale et le contre-terrorisme. Il s\u2019agit l\u00e0 d\u2019une illustration parfaite du haut degr\u00e9 de confiance qui caract\u00e9rise d\u00e9sormais les rapports entre l\u2019Alg\u00e9rie et l\u2019UE\u00a0\u00bb, a-t-il indiqu\u00e9.<\/strong><\/em><\/p>\n<p>&#013;\n<\/p><\/blockquote>\n<p>&#013;<\/p>\n<p>Le ministre s&rsquo;est dit \u00e9galement \u00ab\u00a0intimement convaincu\u00a0\u00bb que les \u00e9changes de vues sur les d\u00e9veloppements internes respectifs ainsi que sur les mutations r\u00e9centes dans la r\u00e9gion \u00ab\u00a0seront riches et utiles\u00a0\u00bb et qu\u2019ils permettront, aux deux parties, \u00ab\u00a0d\u2019aller de l\u2019avant dans la voie de l\u2019approfondissement du dialogue politique de Haut niveau et du Partenariat\u00a0\u00bb Alg\u00e9rie-UE.<\/p>\n<p>&#013;<\/p>\n<p>M.Messahel a estim\u00e9 que la 11\u00e8me session du Conseil d&rsquo;association Alg\u00e9rie-UE \u00ab\u00a0rev\u00eat une importance particuli\u00e8re\u00a0\u00bb sur le plan statutaire, mais \u00e9galement par rapport au contexte actuel pour \u00ab\u00a0redoubler d\u2019efforts et d\u2019imagination en vue de renforcer davantage le partenariat Alg\u00e9rie-UE dans diff\u00e9rents domaines\u00a0\u00bb.<\/p>\n<p>&#013;<\/p>\n<hr \/>\n<p><a href=\"http:\/\/www.aps.dz\/economie\/67235-l-algerie-et-l-ue-satisfaites-du-bilan-du-programme-d-appui-a-l-accord-d-association\">Lire aussi: L&rsquo;Alg\u00e9rie et l&rsquo;UE satisfaites du bilan du Programme d\u2019appui \u00e0 l\u2019Accord d\u2019association<\/a><\/p>\n<p>&#013;<\/p>\n<hr \/>\n<blockquote><p>&#013;<\/p>\n<p><strong><em>Il a rappel\u00e9, par ailleurs, que l&rsquo;exercice d\u2019\u00e9valuation conjointe de la mise en oeuvre de l\u2019Accord d\u2019association a \u00e9t\u00e9 conduit \u00ab\u00a0avec succ\u00e8s\u00a0\u00bb et a \u00ab\u00a0abouti \u00e0 des conclusions op\u00e9rationnelles\u00a0\u00bb que l&rsquo;Alg\u00e9rie et l&rsquo;UE doivent mettre en pratique ensemble.<\/em><\/strong><\/p>\n<p>&#013;\n<\/p><\/blockquote>\n<p>&#013;<\/p>\n<p>Les travaux de la 11\u00e8me session du Conseil d&rsquo;association Alg\u00e9rie-UE ont \u00e9t\u00e9 co-pr\u00e9sid\u00e9s par le ministre des Affaires \u00e9trang\u00e8res, Abdelkader Messahel et la chef de la diplomatie europ\u00e9enne Federica Mogherini.<\/p>\n<p>&#013;<\/p>\n<p>La nouvelle session de la plus haute instance de concertation et de dialogue politique entre l&rsquo;Alg\u00e9rie et l&rsquo;UE a \u00e9t\u00e9 consacr\u00e9e \u00e0 l&rsquo;examen de la mise en oeuvre des priorit\u00e9s du partenariat bilat\u00e9ral adopt\u00e9es lors de la pr\u00e9c\u00e9dente session de ce Conseil.<\/p>\n<p>&#013;<\/p>\n<blockquote><p>&#013;<\/p>\n<p><strong><em>Ces priorit\u00e9s de partenariat \u00e9tablissent un cadre de coop\u00e9ration politique renouvel\u00e9e et une coop\u00e9ration renforc\u00e9e. Elles ont \u00e9t\u00e9 d\u00e9finies d&rsquo;un commun accord dans le cadre de la politique europ\u00e9enne de voisinage r\u00e9vis\u00e9e et de la strat\u00e9gie globale de l&rsquo;UE pour la politique \u00e9trang\u00e8re et de s\u00e9curit\u00e9.<\/em><\/strong><\/p>\n<p>&#013;\n<\/p><\/blockquote>\n<p>&#013;<\/p>\n<p>Les deux parties ont examin\u00e9 \u00e9galement l\u2019\u00e9tat et les perspectives des relations de coop\u00e9ration et de partenariat entre l\u2019Alg\u00e9rie et l\u2019UE ainsi que les moyens de les renforcer davantage dans les diff\u00e9rents volets couverts par l&rsquo;Accord d&rsquo;association.<\/p>\n<\/div>\n<p>&#013;<br \/>\nSource: <a href=\"http:\/\/www.aps.dz\/algerie\/74029-messahel-plaide-a-bruxelles-pour-le-renforcement-du-dialogue-algerie-ue-dans-l-interet-mutuel\" target=\"_blank\">Messahel plaide pour le renforcement du dialogue Alg\u00e9rie-UE dans \u00ab\u00a0l&rsquo;int\u00e9r\u00eat mutuel\u00a0\u00bb<\/a><\/p>\n<!--CusAds0-->\n<div style=\"font-size: 0px; height: 0px; line-height: 0px; margin: 0; padding: 0; clear: both;\"><\/div>","protected":false},"excerpt":{"rendered":"<p>BRUXELLES- Le ministre des Affaires \u00e9trang\u00e8res, Abdelkader Messahel a plaid\u00e9 lundi \u00e0 Bruxelles pour le renforcement du \u00ab\u00a0dialogue et de la concertation\u00a0\u00bb entre l&rsquo;Alg\u00e9rie et l&rsquo;Union europ\u00e9enne (UE)\u00a0en vue de \u00ab\u00a0densifier\u00a0\u00bb les relations bilat\u00e9rales dans \u00ab\u00a0l&rsquo;int\u00e9r\u00eat mutuel et l&rsquo;\u00e9quilibre des int\u00e9r\u00eats\u00a0\u00bb. &#013; &#013; &#013; \u00ab\u00a0J\u2019aimerais souligner, par ailleurs, que le dialogue et la concertation restent<\/p>\n","protected":false},"author":6,"featured_media":23335,"comment_status":"open","ping_status":"open","sticky":false,"template":"","format":"standard","meta":{"footnotes":""},"categories":[22],"tags":[93],"class_list":["post-23334","post","type-post","status-publish","format-standard","has-post-thumbnail","hentry","category-infos","tag-onu"],"yoast_head":"<!-- This site is optimized with the Yoast SEO plugin v27.5 - https:\/\/yoast.com\/product\/yoast-seo-wordpress\/ -->\n<title>Messahel plaide pour le renforcement du dialogue Alg\u00e9rie-UE dans &quot;l&#039;int\u00e9r\u00eat mutuel&quot; - info algerie<\/title>\n<meta name=\"robots\" content=\"index, follow, max-snippet:-1, max-image-preview:large, max-video-preview:-1\" \/>\n<link rel=\"canonical\" href=\"https:\/\/www.info-algerie.com\/actualites\/messahel-plaide-pour-le-renforcement-du-dialogue-algerie-ue-dans-linteret-mutuel\/\" \/>\n<meta property=\"og:locale\" content=\"fr_FR\" \/>\n<meta property=\"og:type\" content=\"article\" \/>\n<meta property=\"og:title\" content=\"Messahel plaide pour le renforcement du dialogue Alg\u00e9rie-UE dans &quot;l&#039;int\u00e9r\u00eat mutuel&quot; - info algerie\" \/>\n<meta property=\"og:description\" content=\"BRUXELLES- Le ministre des Affaires \u00e9trang\u00e8res, Abdelkader Messahel a plaid\u00e9 lundi \u00e0 Bruxelles pour le renforcement du \u00ab\u00a0dialogue et de la concertation\u00a0\u00bb entre l&rsquo;Alg\u00e9rie et l&rsquo;Union europ\u00e9enne (UE)\u00a0en vue de \u00ab\u00a0densifier\u00a0\u00bb les relations bilat\u00e9rales dans \u00ab\u00a0l&rsquo;int\u00e9r\u00eat mutuel et l&rsquo;\u00e9quilibre des int\u00e9r\u00eats\u00a0\u00bb. &#013; &#013; &#013; \u00ab\u00a0J\u2019aimerais souligner, par ailleurs, que le dialogue et la concertation restent\" \/>\n<meta property=\"og:url\" content=\"https:\/\/www.info-algerie.com\/actualites\/messahel-plaide-pour-le-renforcement-du-dialogue-algerie-ue-dans-linteret-mutuel\/\" \/>\n<meta property=\"og:site_name\" content=\"info algerie\" \/>\n<meta property=\"article:publisher\" content=\"https:\/\/www.facebook.com\/infoalgerieactu\" \/>\n<meta property=\"article:published_time\" content=\"2018-05-14T13:35:15+00:00\" \/>\n<meta property=\"og:image\" content=\"https:\/\/www.info-algerie.com\/actualites\/wp-content\/uploads\/2018\/05\/56cdb87f1c8cd84b3d11935f2596c099_S-1.jpg\" \/>\n\t<meta property=\"og:image:width\" content=\"280\" \/>\n\t<meta property=\"og:image:height\" content=\"181\" \/>\n\t<meta property=\"og:image:type\" content=\"image\/jpeg\" \/>\n<meta name=\"author\" content=\"La r\u00e9daction\" \/>\n<meta name=\"twitter:label1\" content=\"\u00c9crit par\" \/>\n\t<meta name=\"twitter:data1\" content=\"La r\u00e9daction\" \/>\n\t<meta name=\"twitter:label2\" content=\"Dur\u00e9e de lecture estim\u00e9e\" \/>\n\t<meta name=\"twitter:data2\" content=\"4 minutes\" \/>\n<script type=\"application\/ld+json\" class=\"yoast-schema-graph\">{\"@context\":\"https:\\\/\\\/schema.org\",\"@graph\":[{\"@type\":\"Article\",\"@id\":\"https:\\\/\\\/www.info-algerie.com\\\/actualites\\\/messahel-plaide-pour-le-renforcement-du-dialogue-algerie-ue-dans-linteret-mutuel\\\/#article\",\"isPartOf\":{\"@id\":\"https:\\\/\\\/www.info-algerie.com\\\/actualites\\\/messahel-plaide-pour-le-renforcement-du-dialogue-algerie-ue-dans-linteret-mutuel\\\/\"},\"author\":{\"name\":\"La r\u00e9daction\",\"@id\":\"https:\\\/\\\/www.info-algerie.com\\\/actualites\\\/#\\\/schema\\\/person\\\/847aaec44920825b843a08f30ec6aa1e\"},\"headline\":\"Messahel plaide pour le renforcement du dialogue Alg\u00e9rie-UE dans &quot;l&#039;int\u00e9r\u00eat mutuel&quot;\",\"datePublished\":\"2018-05-14T13:35:15+00:00\",\"mainEntityOfPage\":{\"@id\":\"https:\\\/\\\/www.info-algerie.com\\\/actualites\\\/messahel-plaide-pour-le-renforcement-du-dialogue-algerie-ue-dans-linteret-mutuel\\\/\"},\"wordCount\":855,\"commentCount\":0,\"publisher\":{\"@id\":\"https:\\\/\\\/www.info-algerie.com\\\/actualites\\\/#organization\"},\"image\":{\"@id\":\"https:\\\/\\\/www.info-algerie.com\\\/actualites\\\/messahel-plaide-pour-le-renforcement-du-dialogue-algerie-ue-dans-linteret-mutuel\\\/#primaryimage\"},\"thumbnailUrl\":\"https:\\\/\\\/www.info-algerie.com\\\/actualites\\\/wp-content\\\/uploads\\\/2018\\\/05\\\/56cdb87f1c8cd84b3d11935f2596c099_S-1.jpg\",\"keywords\":[\"ONU\"],\"articleSection\":[\"infos\"],\"inLanguage\":\"fr-FR\",\"potentialAction\":[{\"@type\":\"CommentAction\",\"name\":\"Comment\",\"target\":[\"https:\\\/\\\/www.info-algerie.com\\\/actualites\\\/messahel-plaide-pour-le-renforcement-du-dialogue-algerie-ue-dans-linteret-mutuel\\\/#respond\"]}]},{\"@type\":\"WebPage\",\"@id\":\"https:\\\/\\\/www.info-algerie.com\\\/actualites\\\/messahel-plaide-pour-le-renforcement-du-dialogue-algerie-ue-dans-linteret-mutuel\\\/\",\"url\":\"https:\\\/\\\/www.info-algerie.com\\\/actualites\\\/messahel-plaide-pour-le-renforcement-du-dialogue-algerie-ue-dans-linteret-mutuel\\\/\",\"name\":\"Messahel plaide pour le renforcement du dialogue Alg\u00e9rie-UE dans &quot;l&#039;int\u00e9r\u00eat mutuel&quot; - info algerie\",\"isPartOf\":{\"@id\":\"https:\\\/\\\/www.info-algerie.com\\\/actualites\\\/#website\"},\"primaryImageOfPage\":{\"@id\":\"https:\\\/\\\/www.info-algerie.com\\\/actualites\\\/messahel-plaide-pour-le-renforcement-du-dialogue-algerie-ue-dans-linteret-mutuel\\\/#primaryimage\"},\"image\":{\"@id\":\"https:\\\/\\\/www.info-algerie.com\\\/actualites\\\/messahel-plaide-pour-le-renforcement-du-dialogue-algerie-ue-dans-linteret-mutuel\\\/#primaryimage\"},\"thumbnailUrl\":\"https:\\\/\\\/www.info-algerie.com\\\/actualites\\\/wp-content\\\/uploads\\\/2018\\\/05\\\/56cdb87f1c8cd84b3d11935f2596c099_S-1.jpg\",\"datePublished\":\"2018-05-14T13:35:15+00:00\",\"breadcrumb\":{\"@id\":\"https:\\\/\\\/www.info-algerie.com\\\/actualites\\\/messahel-plaide-pour-le-renforcement-du-dialogue-algerie-ue-dans-linteret-mutuel\\\/#breadcrumb\"},\"inLanguage\":\"fr-FR\",\"potentialAction\":[{\"@type\":\"ReadAction\",\"target\":[\"https:\\\/\\\/www.info-algerie.com\\\/actualites\\\/messahel-plaide-pour-le-renforcement-du-dialogue-algerie-ue-dans-linteret-mutuel\\\/\"]}]},{\"@type\":\"ImageObject\",\"inLanguage\":\"fr-FR\",\"@id\":\"https:\\\/\\\/www.info-algerie.com\\\/actualites\\\/messahel-plaide-pour-le-renforcement-du-dialogue-algerie-ue-dans-linteret-mutuel\\\/#primaryimage\",\"url\":\"https:\\\/\\\/www.info-algerie.com\\\/actualites\\\/wp-content\\\/uploads\\\/2018\\\/05\\\/56cdb87f1c8cd84b3d11935f2596c099_S-1.jpg\",\"contentUrl\":\"https:\\\/\\\/www.info-algerie.com\\\/actualites\\\/wp-content\\\/uploads\\\/2018\\\/05\\\/56cdb87f1c8cd84b3d11935f2596c099_S-1.jpg\",\"width\":280,\"height\":181},{\"@type\":\"BreadcrumbList\",\"@id\":\"https:\\\/\\\/www.info-algerie.com\\\/actualites\\\/messahel-plaide-pour-le-renforcement-du-dialogue-algerie-ue-dans-linteret-mutuel\\\/#breadcrumb\",\"itemListElement\":[{\"@type\":\"ListItem\",\"position\":1,\"name\":\"Accueil\",\"item\":\"https:\\\/\\\/www.info-algerie.com\\\/actualites\\\/\"},{\"@type\":\"ListItem\",\"position\":2,\"name\":\"Messahel plaide pour le renforcement du dialogue Alg\u00e9rie-UE dans &quot;l&#039;int\u00e9r\u00eat mutuel&quot;\"}]},{\"@type\":\"WebSite\",\"@id\":\"https:\\\/\\\/www.info-algerie.com\\\/actualites\\\/#website\",\"url\":\"https:\\\/\\\/www.info-algerie.com\\\/actualites\\\/\",\"name\":\"info algerie\",\"description\":\"Toutes les actualit\u00e9s\",\"publisher\":{\"@id\":\"https:\\\/\\\/www.info-algerie.com\\\/actualites\\\/#organization\"},\"potentialAction\":[{\"@type\":\"SearchAction\",\"target\":{\"@type\":\"EntryPoint\",\"urlTemplate\":\"https:\\\/\\\/www.info-algerie.com\\\/actualites\\\/?s={search_term_string}\"},\"query-input\":{\"@type\":\"PropertyValueSpecification\",\"valueRequired\":true,\"valueName\":\"search_term_string\"}}],\"inLanguage\":\"fr-FR\"},{\"@type\":\"Organization\",\"@id\":\"https:\\\/\\\/www.info-algerie.com\\\/actualites\\\/#organization\",\"name\":\"info algerie\",\"url\":\"https:\\\/\\\/www.info-algerie.com\\\/actualites\\\/\",\"logo\":{\"@type\":\"ImageObject\",\"inLanguage\":\"fr-FR\",\"@id\":\"https:\\\/\\\/www.info-algerie.com\\\/actualites\\\/#\\\/schema\\\/logo\\\/image\\\/\",\"url\":\"https:\\\/\\\/www.info-algerie.com\\\/actualites\\\/wp-content\\\/uploads\\\/2022\\\/07\\\/logo-ia-120.png\",\"contentUrl\":\"https:\\\/\\\/www.info-algerie.com\\\/actualites\\\/wp-content\\\/uploads\\\/2022\\\/07\\\/logo-ia-120.png\",\"width\":120,\"height\":43,\"caption\":\"info algerie\"},\"image\":{\"@id\":\"https:\\\/\\\/www.info-algerie.com\\\/actualites\\\/#\\\/schema\\\/logo\\\/image\\\/\"},\"sameAs\":[\"https:\\\/\\\/www.facebook.com\\\/infoalgerieactu\",\"https:\\\/\\\/x.com\\\/infoalgerie1\"]},{\"@type\":\"Person\",\"@id\":\"https:\\\/\\\/www.info-algerie.com\\\/actualites\\\/#\\\/schema\\\/person\\\/847aaec44920825b843a08f30ec6aa1e\",\"name\":\"La r\u00e9daction\",\"image\":{\"@type\":\"ImageObject\",\"inLanguage\":\"fr-FR\",\"@id\":\"https:\\\/\\\/secure.gravatar.com\\\/avatar\\\/769db425c6f465158149f1ffd6cf61ce7a8a879d11dfbef8288af36dfddd418c?s=96&d=mm&r=g\",\"url\":\"https:\\\/\\\/secure.gravatar.com\\\/avatar\\\/769db425c6f465158149f1ffd6cf61ce7a8a879d11dfbef8288af36dfddd418c?s=96&d=mm&r=g\",\"contentUrl\":\"https:\\\/\\\/secure.gravatar.com\\\/avatar\\\/769db425c6f465158149f1ffd6cf61ce7a8a879d11dfbef8288af36dfddd418c?s=96&d=mm&r=g\",\"caption\":\"La r\u00e9daction\"},\"sameAs\":[\"http:\\\/\\\/www.lkeria.com\\\/\"],\"url\":\"https:\\\/\\\/www.info-algerie.com\\\/actualites\\\/author\\\/chakib32\\\/\"}]}<\/script>\n<!-- \/ Yoast SEO plugin. -->","yoast_head_json":{"title":"Messahel plaide pour le renforcement du dialogue Alg\u00e9rie-UE dans &quot;l&#039;int\u00e9r\u00eat mutuel&quot; - info algerie","robots":{"index":"index","follow":"follow","max-snippet":"max-snippet:-1","max-image-preview":"max-image-preview:large","max-video-preview":"max-video-preview:-1"},"canonical":"https:\/\/www.info-algerie.com\/actualites\/messahel-plaide-pour-le-renforcement-du-dialogue-algerie-ue-dans-linteret-mutuel\/","og_locale":"fr_FR","og_type":"article","og_title":"Messahel plaide pour le renforcement du dialogue Alg\u00e9rie-UE dans &quot;l&#039;int\u00e9r\u00eat mutuel&quot; - info algerie","og_description":"BRUXELLES- Le ministre des Affaires \u00e9trang\u00e8res, Abdelkader Messahel a plaid\u00e9 lundi \u00e0 Bruxelles pour le renforcement du \u00ab\u00a0dialogue et de la concertation\u00a0\u00bb entre l&rsquo;Alg\u00e9rie et l&rsquo;Union europ\u00e9enne (UE)\u00a0en vue de \u00ab\u00a0densifier\u00a0\u00bb les relations bilat\u00e9rales dans \u00ab\u00a0l&rsquo;int\u00e9r\u00eat mutuel et l&rsquo;\u00e9quilibre des int\u00e9r\u00eats\u00a0\u00bb. &#013; &#013; &#013; \u00ab\u00a0J\u2019aimerais souligner, par ailleurs, que le dialogue et la concertation restent","og_url":"https:\/\/www.info-algerie.com\/actualites\/messahel-plaide-pour-le-renforcement-du-dialogue-algerie-ue-dans-linteret-mutuel\/","og_site_name":"info algerie","article_publisher":"https:\/\/www.facebook.com\/infoalgerieactu","article_published_time":"2018-05-14T13:35:15+00:00","og_image":[{"width":280,"height":181,"url":"https:\/\/www.info-algerie.com\/actualites\/wp-content\/uploads\/2018\/05\/56cdb87f1c8cd84b3d11935f2596c099_S-1.jpg","type":"image\/jpeg"}],"author":"La r\u00e9daction","twitter_misc":{"\u00c9crit par":"La r\u00e9daction","Dur\u00e9e de lecture estim\u00e9e":"4 minutes"},"schema":{"@context":"https:\/\/schema.org","@graph":[{"@type":"Article","@id":"https:\/\/www.info-algerie.com\/actualites\/messahel-plaide-pour-le-renforcement-du-dialogue-algerie-ue-dans-linteret-mutuel\/#article","isPartOf":{"@id":"https:\/\/www.info-algerie.com\/actualites\/messahel-plaide-pour-le-renforcement-du-dialogue-algerie-ue-dans-linteret-mutuel\/"},"author":{"name":"La r\u00e9daction","@id":"https:\/\/www.info-algerie.com\/actualites\/#\/schema\/person\/847aaec44920825b843a08f30ec6aa1e"},"headline":"Messahel plaide pour le renforcement du dialogue Alg\u00e9rie-UE dans &quot;l&#039;int\u00e9r\u00eat mutuel&quot;","datePublished":"2018-05-14T13:35:15+00:00","mainEntityOfPage":{"@id":"https:\/\/www.info-algerie.com\/actualites\/messahel-plaide-pour-le-renforcement-du-dialogue-algerie-ue-dans-linteret-mutuel\/"},"wordCount":855,"commentCount":0,"publisher":{"@id":"https:\/\/www.info-algerie.com\/actualites\/#organization"},"image":{"@id":"https:\/\/www.info-algerie.com\/actualites\/messahel-plaide-pour-le-renforcement-du-dialogue-algerie-ue-dans-linteret-mutuel\/#primaryimage"},"thumbnailUrl":"https:\/\/www.info-algerie.com\/actualites\/wp-content\/uploads\/2018\/05\/56cdb87f1c8cd84b3d11935f2596c099_S-1.jpg","keywords":["ONU"],"articleSection":["infos"],"inLanguage":"fr-FR","potentialAction":[{"@type":"CommentAction","name":"Comment","target":["https:\/\/www.info-algerie.com\/actualites\/messahel-plaide-pour-le-renforcement-du-dialogue-algerie-ue-dans-linteret-mutuel\/#respond"]}]},{"@type":"WebPage","@id":"https:\/\/www.info-algerie.com\/actualites\/messahel-plaide-pour-le-renforcement-du-dialogue-algerie-ue-dans-linteret-mutuel\/","url":"https:\/\/www.info-algerie.com\/actualites\/messahel-plaide-pour-le-renforcement-du-dialogue-algerie-ue-dans-linteret-mutuel\/","name":"Messahel plaide pour le renforcement du dialogue Alg\u00e9rie-UE dans &quot;l&#039;int\u00e9r\u00eat mutuel&quot; - info algerie","isPartOf":{"@id":"https:\/\/www.info-algerie.com\/actualites\/#website"},"primaryImageOfPage":{"@id":"https:\/\/www.info-algerie.com\/actualites\/messahel-plaide-pour-le-renforcement-du-dialogue-algerie-ue-dans-linteret-mutuel\/#primaryimage"},"image":{"@id":"https:\/\/www.info-algerie.com\/actualites\/messahel-plaide-pour-le-renforcement-du-dialogue-algerie-ue-dans-linteret-mutuel\/#primaryimage"},"thumbnailUrl":"https:\/\/www.info-algerie.com\/actualites\/wp-content\/uploads\/2018\/05\/56cdb87f1c8cd84b3d11935f2596c099_S-1.jpg","datePublished":"2018-05-14T13:35:15+00:00","breadcrumb":{"@id":"https:\/\/www.info-algerie.com\/actualites\/messahel-plaide-pour-le-renforcement-du-dialogue-algerie-ue-dans-linteret-mutuel\/#breadcrumb"},"inLanguage":"fr-FR","potentialAction":[{"@type":"ReadAction","target":["https:\/\/www.info-algerie.com\/actualites\/messahel-plaide-pour-le-renforcement-du-dialogue-algerie-ue-dans-linteret-mutuel\/"]}]},{"@type":"ImageObject","inLanguage":"fr-FR","@id":"https:\/\/www.info-algerie.com\/actualites\/messahel-plaide-pour-le-renforcement-du-dialogue-algerie-ue-dans-linteret-mutuel\/#primaryimage","url":"https:\/\/www.info-algerie.com\/actualites\/wp-content\/uploads\/2018\/05\/56cdb87f1c8cd84b3d11935f2596c099_S-1.jpg","contentUrl":"https:\/\/www.info-algerie.com\/actualites\/wp-content\/uploads\/2018\/05\/56cdb87f1c8cd84b3d11935f2596c099_S-1.jpg","width":280,"height":181},{"@type":"BreadcrumbList","@id":"https:\/\/www.info-algerie.com\/actualites\/messahel-plaide-pour-le-renforcement-du-dialogue-algerie-ue-dans-linteret-mutuel\/#breadcrumb","itemListElement":[{"@type":"ListItem","position":1,"name":"Accueil","item":"https:\/\/www.info-algerie.com\/actualites\/"},{"@type":"ListItem","position":2,"name":"Messahel plaide pour le renforcement du dialogue Alg\u00e9rie-UE dans &quot;l&#039;int\u00e9r\u00eat mutuel&quot;"}]},{"@type":"WebSite","@id":"https:\/\/www.info-algerie.com\/actualites\/#website","url":"https:\/\/www.info-algerie.com\/actualites\/","name":"info algerie","description":"Toutes les actualit\u00e9s","publisher":{"@id":"https:\/\/www.info-algerie.com\/actualites\/#organization"},"potentialAction":[{"@type":"SearchAction","target":{"@type":"EntryPoint","urlTemplate":"https:\/\/www.info-algerie.com\/actualites\/?s={search_term_string}"},"query-input":{"@type":"PropertyValueSpecification","valueRequired":true,"valueName":"search_term_string"}}],"inLanguage":"fr-FR"},{"@type":"Organization","@id":"https:\/\/www.info-algerie.com\/actualites\/#organization","name":"info algerie","url":"https:\/\/www.info-algerie.com\/actualites\/","logo":{"@type":"ImageObject","inLanguage":"fr-FR","@id":"https:\/\/www.info-algerie.com\/actualites\/#\/schema\/logo\/image\/","url":"https:\/\/www.info-algerie.com\/actualites\/wp-content\/uploads\/2022\/07\/logo-ia-120.png","contentUrl":"https:\/\/www.info-algerie.com\/actualites\/wp-content\/uploads\/2022\/07\/logo-ia-120.png","width":120,"height":43,"caption":"info algerie"},"image":{"@id":"https:\/\/www.info-algerie.com\/actualites\/#\/schema\/logo\/image\/"},"sameAs":["https:\/\/www.facebook.com\/infoalgerieactu","https:\/\/x.com\/infoalgerie1"]},{"@type":"Person","@id":"https:\/\/www.info-algerie.com\/actualites\/#\/schema\/person\/847aaec44920825b843a08f30ec6aa1e","name":"La r\u00e9daction","image":{"@type":"ImageObject","inLanguage":"fr-FR","@id":"https:\/\/secure.gravatar.com\/avatar\/769db425c6f465158149f1ffd6cf61ce7a8a879d11dfbef8288af36dfddd418c?s=96&d=mm&r=g","url":"https:\/\/secure.gravatar.com\/avatar\/769db425c6f465158149f1ffd6cf61ce7a8a879d11dfbef8288af36dfddd418c?s=96&d=mm&r=g","contentUrl":"https:\/\/secure.gravatar.com\/avatar\/769db425c6f465158149f1ffd6cf61ce7a8a879d11dfbef8288af36dfddd418c?s=96&d=mm&r=g","caption":"La r\u00e9daction"},"sameAs":["http:\/\/www.lkeria.com\/"],"url":"https:\/\/www.info-algerie.com\/actualites\/author\/chakib32\/"}]}},"_links":{"self":[{"href":"https:\/\/www.info-algerie.com\/actualites\/wp-json\/wp\/v2\/posts\/23334","targetHints":{"allow":["GET"]}}],"collection":[{"href":"https:\/\/www.info-algerie.com\/actualites\/wp-json\/wp\/v2\/posts"}],"about":[{"href":"https:\/\/www.info-algerie.com\/actualites\/wp-json\/wp\/v2\/types\/post"}],"author":[{"embeddable":true,"href":"https:\/\/www.info-algerie.com\/actualites\/wp-json\/wp\/v2\/users\/6"}],"replies":[{"embeddable":true,"href":"https:\/\/www.info-algerie.com\/actualites\/wp-json\/wp\/v2\/comments?post=23334"}],"version-history":[{"count":0,"href":"https:\/\/www.info-algerie.com\/actualites\/wp-json\/wp\/v2\/posts\/23334\/revisions"}],"wp:featuredmedia":[{"embeddable":true,"href":"https:\/\/www.info-algerie.com\/actualites\/wp-json\/wp\/v2\/media\/23335"}],"wp:attachment":[{"href":"https:\/\/www.info-algerie.com\/actualites\/wp-json\/wp\/v2\/media?parent=23334"}],"wp:term":[{"taxonomy":"category","embeddable":true,"href":"https:\/\/www.info-algerie.com\/actualites\/wp-json\/wp\/v2\/categories?post=23334"},{"taxonomy":"post_tag","embeddable":true,"href":"https:\/\/www.info-algerie.com\/actualites\/wp-json\/wp\/v2\/tags?post=23334"}],"curies":[{"name":"wp","href":"https:\/\/api.w.org\/{rel}","templated":true}]}}