{"id":23339,"date":"2018-05-14T15:43:59","date_gmt":"2018-05-14T14:43:59","guid":{"rendered":"http:\/\/www.info-algerie.com\/actualites\/lalgerie-et-lue-reaffirment-leur-engagement-a-approfondir-leurs-relations-pour-un-espace-commun-de-stabilite\/"},"modified":"2018-05-14T15:43:59","modified_gmt":"2018-05-14T14:43:59","slug":"lalgerie-et-lue-reaffirment-leur-engagement-a-approfondir-leurs-relations-pour-un-espace-commun-de-stabilite","status":"publish","type":"post","link":"https:\/\/www.info-algerie.com\/actualites\/lalgerie-et-lue-reaffirment-leur-engagement-a-approfondir-leurs-relations-pour-un-espace-commun-de-stabilite\/","title":{"rendered":"L&#039;Alg\u00e9rie et l&#039;UE r\u00e9affirment leur engagement \u00e0 approfondir leurs relations pour un &quot;espace commun de stabilit\u00e9&quot;"},"content":{"rendered":"<div class=\"K2FeedImage\"><img decoding=\"async\" src=\"https:\/\/www.info-algerie.com\/actualites\/wp-content\/uploads\/2018\/05\/427cfeeffd722890e7cc4dd5df0406fb_S.jpg\" \/><\/div>\n<div class=\"K2FeedIntroText\">\n<p>BRUXELLES- L&rsquo;Alg\u00e9rie et l&rsquo;Union europ\u00e9enne (UE) ont r\u00e9affirm\u00e9 lundi \u00e0 Bruxelles leur \u00ab\u00a0attachement\u00a0\u00bb \u00e0 la mise en oeuvre des priorit\u00e9s communes de partenariat et des conclusions de l\u2019\u00e9valuation\u00a0 conjointe de l&rsquo;Accord d&rsquo;association, r\u00e9it\u00e9rant leur engagement \u00e0 approfondir leurs relations dans le but de \u00ab\u00a0r\u00e9aliser un espace commun de stabilit\u00e9, de d\u00e9mocratie et de prosp\u00e9rit\u00e9 partag\u00e9e\u00a0\u00bb.<\/p>\n<p>&#013;\n<\/p><\/div>\n<div class=\"K2FeedFullText\">&#013;<\/p>\n<p>Dans une d\u00e9claration conjointe publi\u00e9e \u00e0 l&rsquo;issue de la 11\u00e8me session de leur Conseil d&rsquo;association, l&rsquo;Alg\u00e9rie et l&rsquo;UE ont soulign\u00e9 \u00ab\u00a0l&rsquo;importance du r\u00f4le de la soci\u00e9t\u00e9 civile et de la d\u00e9mocratie participative\u00a0\u00bb, marquant leur int\u00e9r\u00eat pour \u00ab\u00a0un partage d\u2019exp\u00e9rience\u00a0\u00bb dans ces domaines.<\/p>\n<p>&#013;<\/p>\n<p>L&rsquo;UE qui a salu\u00e9, \u00e0 cet \u00e9gard, \u00ab\u00a0la voie des r\u00e9formes\u00a0\u00bb engag\u00e9es par l\u2019Alg\u00e9rie suite \u00e0 la r\u00e9vision constitutionnelle de 2016, a soulign\u00e9 \u00e9galement que le partenariat Alg\u00e9rie-UE se fonde sur \u00ab\u00a0des principes partag\u00e9s de d\u00e9mocratie\u00a0\u00bb.<\/p>\n<p>&#013;<\/p>\n<blockquote><p>&#013;<\/p>\n<p><em><strong>L&rsquo;Alg\u00e9rie et l&rsquo;UE se sont engag\u00e9s \u00e9galement \u00e0 renforcer leur coop\u00e9ration en mati\u00e8re de diversification de l\u2019\u00e9conomie alg\u00e9rienne, \u00ab\u00a0dans un contexte particulier induit par la chute des prix des hydrocarbures depuis 2014\u00a0\u00bb.<\/strong><\/em><\/p>\n<p>&#013;\n<\/p><\/blockquote>\n<p>&#013;<\/p>\n<p>Les deux parties se sont f\u00e9licit\u00e9es \u00e0 cet \u00e9gard de l&rsquo;adoption du cadre unique d&rsquo;appui, qui d\u00e9finit les priorit\u00e9s de la coop\u00e9ration technique et financi\u00e8re bilat\u00e9rale pour la p\u00e9riode 2018-2020 et o\u00f9 \u00ab\u00a0le soutien \u00e0 la diversification \u00e9conomique figure en premi\u00e8re place\u00a0\u00bb.<\/p>\n<p>&#013;<\/p>\n<hr \/>\n<p><a href=\"http:\/\/www.aps.dz\/algerie\/74029-messahel-plaide-a-bruxelles-pour-le-renforcement-du-dialogue-algerie-ue-dans-l-interet-mutuel\">Lire aussi: Messahel plaide pour le renforcement du dialogue Alg\u00e9rie-UE dans \u00ab\u00a0l&rsquo;int\u00e9r\u00eat mutuel\u00a0\u00bb<\/a><\/p>\n<p>&#013;<\/p>\n<hr \/>\n<p>Elles en veulent pour preuve, la signature lors du Conseil d&rsquo;association, de la convention de financement du Programme d&rsquo;appui au secteur de l&rsquo;agriculture (PASA) qui vise \u00e0 renforcer certaines fili\u00e8res strat\u00e9giques pour la s\u00e9curit\u00e9 alimentaire en Alg\u00e9rie.<\/p>\n<p>&#013;<\/p>\n<p>L&rsquo;Alg\u00e9rie et l&rsquo;UE ont r\u00e9affirm\u00e9, \u00e0 l&rsquo;occasion, leur volont\u00e9 \u00e0 ce que \u00ab\u00a0toutes mesures relatives \u00e0 leurs \u00e9changes commerciaux soient prises dans le respect de l&rsquo;Accord d&rsquo;Association\u00a0\u00bb, soulignant que cet accord \u00ab\u00a0int\u00e8gre des m\u00e9canismes permettant de tenir compte des difficult\u00e9s \u00e9conomiques\u00a0 rencontr\u00e9es par l\u2019une ou l\u2019autre partie\u00a0\u00bb.<\/p>\n<p>&#013;<\/p>\n<p>\u00ab\u00a0Il est envisag\u00e9 que les discussions bilat\u00e9rales engag\u00e9es \u00e0 cet effet pourront \u00eatre finalis\u00e9es dans les meilleurs d\u00e9lais et, si possible, avant la fin de l&rsquo;ann\u00e9e\u00a0\u00bb, est-il soulign\u00e9 dans la d\u00e9claration.<\/p>\n<p>&#013;<\/p>\n<p>Les deux parties ont rappel\u00e9, dans ce contexte, l\u2019importance d&rsquo;un climat des affaires propice \u00e0 l&rsquo;entrepreneuriat et \u00e0 l&rsquo;investissement, ainsi que \u00ab\u00a0l&rsquo;importance d&rsquo;encourager les investissements directs comme moyen de renforcer leurs relations sur le long terme en vue d\u2019un partenariat global\u00a0 et strat\u00e9gique\u00a0\u00bb.<\/p>\n<p>&#013;<\/p>\n<p>\u00a0<\/p>\n<p>&#013;<\/p>\n<p>=Alg\u00e9rie-UE: un partenariat multiforme=<\/p>\n<p>&#013;<\/p>\n<p>\u00a0<\/p>\n<p>&#013;<\/p>\n<p>Le partenariat multiforme entre l&rsquo;UE et l&rsquo;Alg\u00e9rie couvre \u00e9galement de nombreux autres domaines, en t\u00e9moigne, l&rsquo;adh\u00e9sion de l&rsquo;Alg\u00e9rie au Partenariat sur la recherche et l&rsquo;innovation dans la r\u00e9gion m\u00e9diterran\u00e9enne (PRIMA) et\u00a0 le lancement de la coop\u00e9ration dans le domaine de la protection civile et la gestion des risques majeurs.<\/p>\n<p>&#013;<\/p>\n<p>L\u2019UE et de l\u2019Alg\u00e9rie ont affirm\u00e9, par ailleurs, leur volont\u00e9 de \u00ab\u00a0dynamiser\u00a0\u00bb leur Dialogue de haut niveau en mati\u00e8re \u00e9nerg\u00e9tique, afin de \u00ab\u00a0renforcer la s\u00e9curit\u00e9 \u00e9nerg\u00e9tique, consolider leurs \u00e9changes et promouvoir l&rsquo;utilisation des \u00e9nergies renouvelables et l&rsquo;efficacit\u00e9 \u00e9nerg\u00e9tique\u00a0\u00bb.<\/p>\n<p>&#013;<\/p>\n<p>Les deux parties se sont f\u00e9licit\u00e9s de la d\u00e9cision de cr\u00e9er une Commission parlementaire mixte UE-Alg\u00e9rie, dont la premi\u00e8re r\u00e9union est pr\u00e9vue durant le deuxi\u00e8me semestre 2018.<\/p>\n<p>&#013;<\/p>\n<p>Elles se sont engag\u00e9es, en outre, \u00e0 renforcer leur dialogue sur la question des flux migratoires pour \u00ab\u00a0tirer tout le profit des voies l\u00e9gales de mobilit\u00e9, dans le cadre d\u2019une approche globale et d\u2019un agenda positif pour les deux parties\u00a0\u00bb.<\/p>\n<p>&#013;<\/p>\n<p>L&rsquo;Alg\u00e9rie et l&rsquo;UE se sont engag\u00e9es, \u00e0 ce titre, \u00e0 poursuivre leurs efforts pour \u00ab\u00a0lutter contre les r\u00e9seaux criminels qui organisent le trafic des personnes\u00a0\u00bb, rappelant qu&rsquo;\u00e0 terme, \u00ab\u00a0seul un contexte r\u00e9gional stable, le respect de la dignit\u00e9 humaine et un n\u00e9cessaire d\u00e9veloppement socio-\u00e9conomique pourront r\u00e9duire et r\u00e9guler ce ph\u00e9nom\u00e8ne\u00a0\u00bb.<\/p>\n<p>&#013;<\/p>\n<p>Les deux parties ont convenu ainsi d'\u00a0\u00bboeuvrer ensemble\u00a0\u00bb en vue du r\u00e8glement des conflits et des crises dans la r\u00e9gion, qui \u00ab\u00a0sont parfois la source des ph\u00e9nom\u00e8nes de migration irr\u00e9guli\u00e8re\u00a0\u00bb.<\/p>\n<p>&#013;<\/p>\n<p>Evoquant la menace terroriste pour leurs citoyens, l&rsquo;Alg\u00e9rie et l&rsquo;UE ont d\u00e9cid\u00e9 d'\u00a0\u00bbaffronter ces menaces avec la plus ferme d\u00e9termination sans omettre la n\u00e9cessit\u00e9 du traitement en profondeur des causes du terrorisme et de la radicalisation et ses connexions avec les r\u00e9seaux criminels\u00a0\u00bb.<\/p>\n<p>&#013;<\/p>\n<p>Elles se sont f\u00e9licit\u00e9es, \u00e0 ce titre, du lancement en octobre 2017 du Dialogue informel de Haut niveau en mati\u00e8re de s\u00e9curit\u00e9 et de lutte contre le terrorisme, qui \u00ab\u00a0renforce leur coop\u00e9ration dans ce domaine\u00a0\u00bb.<\/p>\n<p>&#013;<\/p>\n<p>Sur le plan r\u00e9gional, l&rsquo;Alg\u00e9rie et l&rsquo;UE ont r\u00e9affirm\u00e9 leur d\u00e9termination \u00e0 \u00ab\u00a0poursuivre leur collaboration pour mettre fin aux crises et conflits que connait la r\u00e9gion, faire face aux d\u00e9fis s\u00e9curitaires multiformes qui en d\u00e9coulent et renforcer la r\u00e9silience et la stabilit\u00e9 r\u00e9gionales\u00a0\u00bb.<\/p>\n<p>&#013;<\/p>\n<p>Par ailleurs, l\u2019examen des questions r\u00e9gionales et internationales d\u2019int\u00e9r\u00eat commun a permis de relever \u00ab\u00a0une large convergence de vues\u00a0\u00bb entre les deux parties.<\/p>\n<\/div>\n<p>&#013;<br \/>\nSource: <a href=\"http:\/\/www.aps.dz\/algerie\/74034-l-algerie-et-l-ue-reaffirment-leur-engagement-a-approfondir-leurs-relations-pour-un-espace-commun-de-stabilite\" target=\"_blank\">L&rsquo;Alg\u00e9rie et l&rsquo;UE r\u00e9affirment leur engagement \u00e0 approfondir leurs relations pour un \u00ab\u00a0espace commun de stabilit\u00e9\u00a0\u00bb<\/a><\/p>\n<!--CusAds0-->\n<div style=\"font-size: 0px; height: 0px; line-height: 0px; margin: 0; padding: 0; clear: both;\"><\/div>","protected":false},"excerpt":{"rendered":"<p>BRUXELLES- L&rsquo;Alg\u00e9rie et l&rsquo;Union europ\u00e9enne (UE) ont r\u00e9affirm\u00e9 lundi \u00e0 Bruxelles leur \u00ab\u00a0attachement\u00a0\u00bb \u00e0 la mise en oeuvre des priorit\u00e9s communes de partenariat et des conclusions de l\u2019\u00e9valuation\u00a0 conjointe de l&rsquo;Accord d&rsquo;association, r\u00e9it\u00e9rant leur engagement \u00e0 approfondir leurs relations dans le but de \u00ab\u00a0r\u00e9aliser un espace commun de stabilit\u00e9, de d\u00e9mocratie et de prosp\u00e9rit\u00e9 partag\u00e9e\u00a0\u00bb.<\/p>\n","protected":false},"author":6,"featured_media":23340,"comment_status":"open","ping_status":"open","sticky":false,"template":"","format":"standard","meta":{"footnotes":""},"categories":[22],"tags":[93],"class_list":["post-23339","post","type-post","status-publish","format-standard","has-post-thumbnail","hentry","category-infos","tag-onu"],"yoast_head":"<!-- This site is optimized with the Yoast SEO plugin v27.5 - https:\/\/yoast.com\/product\/yoast-seo-wordpress\/ -->\n<title>L&#039;Alg\u00e9rie et l&#039;UE r\u00e9affirment leur engagement \u00e0 approfondir leurs relations pour un &quot;espace commun de stabilit\u00e9&quot; - info algerie<\/title>\n<meta name=\"robots\" content=\"index, follow, max-snippet:-1, max-image-preview:large, max-video-preview:-1\" \/>\n<link rel=\"canonical\" href=\"https:\/\/www.info-algerie.com\/actualites\/lalgerie-et-lue-reaffirment-leur-engagement-a-approfondir-leurs-relations-pour-un-espace-commun-de-stabilite\/\" \/>\n<meta property=\"og:locale\" content=\"fr_FR\" \/>\n<meta property=\"og:type\" content=\"article\" \/>\n<meta property=\"og:title\" content=\"L&#039;Alg\u00e9rie et l&#039;UE r\u00e9affirment leur engagement \u00e0 approfondir leurs relations pour un &quot;espace commun de stabilit\u00e9&quot; - info algerie\" \/>\n<meta property=\"og:description\" content=\"BRUXELLES- L&rsquo;Alg\u00e9rie et l&rsquo;Union europ\u00e9enne (UE) ont r\u00e9affirm\u00e9 lundi \u00e0 Bruxelles leur \u00ab\u00a0attachement\u00a0\u00bb \u00e0 la mise en oeuvre des priorit\u00e9s communes de partenariat et des conclusions de l\u2019\u00e9valuation\u00a0 conjointe de l&rsquo;Accord d&rsquo;association, r\u00e9it\u00e9rant leur engagement \u00e0 approfondir leurs relations dans le but de \u00ab\u00a0r\u00e9aliser un espace commun de stabilit\u00e9, de d\u00e9mocratie et de prosp\u00e9rit\u00e9 partag\u00e9e\u00a0\u00bb.\" \/>\n<meta property=\"og:url\" content=\"https:\/\/www.info-algerie.com\/actualites\/lalgerie-et-lue-reaffirment-leur-engagement-a-approfondir-leurs-relations-pour-un-espace-commun-de-stabilite\/\" \/>\n<meta property=\"og:site_name\" content=\"info algerie\" \/>\n<meta property=\"article:publisher\" content=\"https:\/\/www.facebook.com\/infoalgerieactu\" \/>\n<meta property=\"article:published_time\" content=\"2018-05-14T14:43:59+00:00\" \/>\n<meta property=\"og:image\" content=\"https:\/\/www.info-algerie.com\/actualites\/wp-content\/uploads\/2018\/05\/427cfeeffd722890e7cc4dd5df0406fb_S-1.jpg\" \/>\n\t<meta property=\"og:image:width\" content=\"280\" \/>\n\t<meta property=\"og:image:height\" content=\"181\" \/>\n\t<meta property=\"og:image:type\" content=\"image\/jpeg\" \/>\n<meta name=\"author\" content=\"La r\u00e9daction\" \/>\n<meta name=\"twitter:label1\" content=\"\u00c9crit par\" \/>\n\t<meta name=\"twitter:data1\" content=\"La r\u00e9daction\" \/>\n\t<meta name=\"twitter:label2\" content=\"Dur\u00e9e de lecture estim\u00e9e\" \/>\n\t<meta name=\"twitter:data2\" content=\"4 minutes\" \/>\n<script type=\"application\/ld+json\" class=\"yoast-schema-graph\">{\"@context\":\"https:\\\/\\\/schema.org\",\"@graph\":[{\"@type\":\"Article\",\"@id\":\"https:\\\/\\\/www.info-algerie.com\\\/actualites\\\/lalgerie-et-lue-reaffirment-leur-engagement-a-approfondir-leurs-relations-pour-un-espace-commun-de-stabilite\\\/#article\",\"isPartOf\":{\"@id\":\"https:\\\/\\\/www.info-algerie.com\\\/actualites\\\/lalgerie-et-lue-reaffirment-leur-engagement-a-approfondir-leurs-relations-pour-un-espace-commun-de-stabilite\\\/\"},\"author\":{\"name\":\"La r\u00e9daction\",\"@id\":\"https:\\\/\\\/www.info-algerie.com\\\/actualites\\\/#\\\/schema\\\/person\\\/847aaec44920825b843a08f30ec6aa1e\"},\"headline\":\"L&#039;Alg\u00e9rie et l&#039;UE r\u00e9affirment leur engagement \u00e0 approfondir leurs relations pour un &quot;espace commun de stabilit\u00e9&quot;\",\"datePublished\":\"2018-05-14T14:43:59+00:00\",\"mainEntityOfPage\":{\"@id\":\"https:\\\/\\\/www.info-algerie.com\\\/actualites\\\/lalgerie-et-lue-reaffirment-leur-engagement-a-approfondir-leurs-relations-pour-un-espace-commun-de-stabilite\\\/\"},\"wordCount\":960,\"commentCount\":0,\"publisher\":{\"@id\":\"https:\\\/\\\/www.info-algerie.com\\\/actualites\\\/#organization\"},\"image\":{\"@id\":\"https:\\\/\\\/www.info-algerie.com\\\/actualites\\\/lalgerie-et-lue-reaffirment-leur-engagement-a-approfondir-leurs-relations-pour-un-espace-commun-de-stabilite\\\/#primaryimage\"},\"thumbnailUrl\":\"https:\\\/\\\/www.info-algerie.com\\\/actualites\\\/wp-content\\\/uploads\\\/2018\\\/05\\\/427cfeeffd722890e7cc4dd5df0406fb_S-1.jpg\",\"keywords\":[\"ONU\"],\"articleSection\":[\"infos\"],\"inLanguage\":\"fr-FR\",\"potentialAction\":[{\"@type\":\"CommentAction\",\"name\":\"Comment\",\"target\":[\"https:\\\/\\\/www.info-algerie.com\\\/actualites\\\/lalgerie-et-lue-reaffirment-leur-engagement-a-approfondir-leurs-relations-pour-un-espace-commun-de-stabilite\\\/#respond\"]}]},{\"@type\":\"WebPage\",\"@id\":\"https:\\\/\\\/www.info-algerie.com\\\/actualites\\\/lalgerie-et-lue-reaffirment-leur-engagement-a-approfondir-leurs-relations-pour-un-espace-commun-de-stabilite\\\/\",\"url\":\"https:\\\/\\\/www.info-algerie.com\\\/actualites\\\/lalgerie-et-lue-reaffirment-leur-engagement-a-approfondir-leurs-relations-pour-un-espace-commun-de-stabilite\\\/\",\"name\":\"L&#039;Alg\u00e9rie et l&#039;UE r\u00e9affirment leur engagement \u00e0 approfondir leurs relations pour un &quot;espace commun de stabilit\u00e9&quot; - info algerie\",\"isPartOf\":{\"@id\":\"https:\\\/\\\/www.info-algerie.com\\\/actualites\\\/#website\"},\"primaryImageOfPage\":{\"@id\":\"https:\\\/\\\/www.info-algerie.com\\\/actualites\\\/lalgerie-et-lue-reaffirment-leur-engagement-a-approfondir-leurs-relations-pour-un-espace-commun-de-stabilite\\\/#primaryimage\"},\"image\":{\"@id\":\"https:\\\/\\\/www.info-algerie.com\\\/actualites\\\/lalgerie-et-lue-reaffirment-leur-engagement-a-approfondir-leurs-relations-pour-un-espace-commun-de-stabilite\\\/#primaryimage\"},\"thumbnailUrl\":\"https:\\\/\\\/www.info-algerie.com\\\/actualites\\\/wp-content\\\/uploads\\\/2018\\\/05\\\/427cfeeffd722890e7cc4dd5df0406fb_S-1.jpg\",\"datePublished\":\"2018-05-14T14:43:59+00:00\",\"breadcrumb\":{\"@id\":\"https:\\\/\\\/www.info-algerie.com\\\/actualites\\\/lalgerie-et-lue-reaffirment-leur-engagement-a-approfondir-leurs-relations-pour-un-espace-commun-de-stabilite\\\/#breadcrumb\"},\"inLanguage\":\"fr-FR\",\"potentialAction\":[{\"@type\":\"ReadAction\",\"target\":[\"https:\\\/\\\/www.info-algerie.com\\\/actualites\\\/lalgerie-et-lue-reaffirment-leur-engagement-a-approfondir-leurs-relations-pour-un-espace-commun-de-stabilite\\\/\"]}]},{\"@type\":\"ImageObject\",\"inLanguage\":\"fr-FR\",\"@id\":\"https:\\\/\\\/www.info-algerie.com\\\/actualites\\\/lalgerie-et-lue-reaffirment-leur-engagement-a-approfondir-leurs-relations-pour-un-espace-commun-de-stabilite\\\/#primaryimage\",\"url\":\"https:\\\/\\\/www.info-algerie.com\\\/actualites\\\/wp-content\\\/uploads\\\/2018\\\/05\\\/427cfeeffd722890e7cc4dd5df0406fb_S-1.jpg\",\"contentUrl\":\"https:\\\/\\\/www.info-algerie.com\\\/actualites\\\/wp-content\\\/uploads\\\/2018\\\/05\\\/427cfeeffd722890e7cc4dd5df0406fb_S-1.jpg\",\"width\":280,\"height\":181},{\"@type\":\"BreadcrumbList\",\"@id\":\"https:\\\/\\\/www.info-algerie.com\\\/actualites\\\/lalgerie-et-lue-reaffirment-leur-engagement-a-approfondir-leurs-relations-pour-un-espace-commun-de-stabilite\\\/#breadcrumb\",\"itemListElement\":[{\"@type\":\"ListItem\",\"position\":1,\"name\":\"Accueil\",\"item\":\"https:\\\/\\\/www.info-algerie.com\\\/actualites\\\/\"},{\"@type\":\"ListItem\",\"position\":2,\"name\":\"L&#039;Alg\u00e9rie et l&#039;UE r\u00e9affirment leur engagement \u00e0 approfondir leurs relations pour un &quot;espace commun de stabilit\u00e9&quot;\"}]},{\"@type\":\"WebSite\",\"@id\":\"https:\\\/\\\/www.info-algerie.com\\\/actualites\\\/#website\",\"url\":\"https:\\\/\\\/www.info-algerie.com\\\/actualites\\\/\",\"name\":\"info algerie\",\"description\":\"Toutes les actualit\u00e9s\",\"publisher\":{\"@id\":\"https:\\\/\\\/www.info-algerie.com\\\/actualites\\\/#organization\"},\"potentialAction\":[{\"@type\":\"SearchAction\",\"target\":{\"@type\":\"EntryPoint\",\"urlTemplate\":\"https:\\\/\\\/www.info-algerie.com\\\/actualites\\\/?s={search_term_string}\"},\"query-input\":{\"@type\":\"PropertyValueSpecification\",\"valueRequired\":true,\"valueName\":\"search_term_string\"}}],\"inLanguage\":\"fr-FR\"},{\"@type\":\"Organization\",\"@id\":\"https:\\\/\\\/www.info-algerie.com\\\/actualites\\\/#organization\",\"name\":\"info algerie\",\"url\":\"https:\\\/\\\/www.info-algerie.com\\\/actualites\\\/\",\"logo\":{\"@type\":\"ImageObject\",\"inLanguage\":\"fr-FR\",\"@id\":\"https:\\\/\\\/www.info-algerie.com\\\/actualites\\\/#\\\/schema\\\/logo\\\/image\\\/\",\"url\":\"https:\\\/\\\/www.info-algerie.com\\\/actualites\\\/wp-content\\\/uploads\\\/2022\\\/07\\\/logo-ia-120.png\",\"contentUrl\":\"https:\\\/\\\/www.info-algerie.com\\\/actualites\\\/wp-content\\\/uploads\\\/2022\\\/07\\\/logo-ia-120.png\",\"width\":120,\"height\":43,\"caption\":\"info algerie\"},\"image\":{\"@id\":\"https:\\\/\\\/www.info-algerie.com\\\/actualites\\\/#\\\/schema\\\/logo\\\/image\\\/\"},\"sameAs\":[\"https:\\\/\\\/www.facebook.com\\\/infoalgerieactu\",\"https:\\\/\\\/x.com\\\/infoalgerie1\"]},{\"@type\":\"Person\",\"@id\":\"https:\\\/\\\/www.info-algerie.com\\\/actualites\\\/#\\\/schema\\\/person\\\/847aaec44920825b843a08f30ec6aa1e\",\"name\":\"La r\u00e9daction\",\"image\":{\"@type\":\"ImageObject\",\"inLanguage\":\"fr-FR\",\"@id\":\"https:\\\/\\\/secure.gravatar.com\\\/avatar\\\/769db425c6f465158149f1ffd6cf61ce7a8a879d11dfbef8288af36dfddd418c?s=96&d=mm&r=g\",\"url\":\"https:\\\/\\\/secure.gravatar.com\\\/avatar\\\/769db425c6f465158149f1ffd6cf61ce7a8a879d11dfbef8288af36dfddd418c?s=96&d=mm&r=g\",\"contentUrl\":\"https:\\\/\\\/secure.gravatar.com\\\/avatar\\\/769db425c6f465158149f1ffd6cf61ce7a8a879d11dfbef8288af36dfddd418c?s=96&d=mm&r=g\",\"caption\":\"La r\u00e9daction\"},\"sameAs\":[\"http:\\\/\\\/www.lkeria.com\\\/\"],\"url\":\"https:\\\/\\\/www.info-algerie.com\\\/actualites\\\/author\\\/chakib32\\\/\"}]}<\/script>\n<!-- \/ Yoast SEO plugin. -->","yoast_head_json":{"title":"L&#039;Alg\u00e9rie et l&#039;UE r\u00e9affirment leur engagement \u00e0 approfondir leurs relations pour un &quot;espace commun de stabilit\u00e9&quot; - info algerie","robots":{"index":"index","follow":"follow","max-snippet":"max-snippet:-1","max-image-preview":"max-image-preview:large","max-video-preview":"max-video-preview:-1"},"canonical":"https:\/\/www.info-algerie.com\/actualites\/lalgerie-et-lue-reaffirment-leur-engagement-a-approfondir-leurs-relations-pour-un-espace-commun-de-stabilite\/","og_locale":"fr_FR","og_type":"article","og_title":"L&#039;Alg\u00e9rie et l&#039;UE r\u00e9affirment leur engagement \u00e0 approfondir leurs relations pour un &quot;espace commun de stabilit\u00e9&quot; - info algerie","og_description":"BRUXELLES- L&rsquo;Alg\u00e9rie et l&rsquo;Union europ\u00e9enne (UE) ont r\u00e9affirm\u00e9 lundi \u00e0 Bruxelles leur \u00ab\u00a0attachement\u00a0\u00bb \u00e0 la mise en oeuvre des priorit\u00e9s communes de partenariat et des conclusions de l\u2019\u00e9valuation\u00a0 conjointe de l&rsquo;Accord d&rsquo;association, r\u00e9it\u00e9rant leur engagement \u00e0 approfondir leurs relations dans le but de \u00ab\u00a0r\u00e9aliser un espace commun de stabilit\u00e9, de d\u00e9mocratie et de prosp\u00e9rit\u00e9 partag\u00e9e\u00a0\u00bb.","og_url":"https:\/\/www.info-algerie.com\/actualites\/lalgerie-et-lue-reaffirment-leur-engagement-a-approfondir-leurs-relations-pour-un-espace-commun-de-stabilite\/","og_site_name":"info algerie","article_publisher":"https:\/\/www.facebook.com\/infoalgerieactu","article_published_time":"2018-05-14T14:43:59+00:00","og_image":[{"width":280,"height":181,"url":"https:\/\/www.info-algerie.com\/actualites\/wp-content\/uploads\/2018\/05\/427cfeeffd722890e7cc4dd5df0406fb_S-1.jpg","type":"image\/jpeg"}],"author":"La r\u00e9daction","twitter_misc":{"\u00c9crit par":"La r\u00e9daction","Dur\u00e9e de lecture estim\u00e9e":"4 minutes"},"schema":{"@context":"https:\/\/schema.org","@graph":[{"@type":"Article","@id":"https:\/\/www.info-algerie.com\/actualites\/lalgerie-et-lue-reaffirment-leur-engagement-a-approfondir-leurs-relations-pour-un-espace-commun-de-stabilite\/#article","isPartOf":{"@id":"https:\/\/www.info-algerie.com\/actualites\/lalgerie-et-lue-reaffirment-leur-engagement-a-approfondir-leurs-relations-pour-un-espace-commun-de-stabilite\/"},"author":{"name":"La r\u00e9daction","@id":"https:\/\/www.info-algerie.com\/actualites\/#\/schema\/person\/847aaec44920825b843a08f30ec6aa1e"},"headline":"L&#039;Alg\u00e9rie et l&#039;UE r\u00e9affirment leur engagement \u00e0 approfondir leurs relations pour un &quot;espace commun de stabilit\u00e9&quot;","datePublished":"2018-05-14T14:43:59+00:00","mainEntityOfPage":{"@id":"https:\/\/www.info-algerie.com\/actualites\/lalgerie-et-lue-reaffirment-leur-engagement-a-approfondir-leurs-relations-pour-un-espace-commun-de-stabilite\/"},"wordCount":960,"commentCount":0,"publisher":{"@id":"https:\/\/www.info-algerie.com\/actualites\/#organization"},"image":{"@id":"https:\/\/www.info-algerie.com\/actualites\/lalgerie-et-lue-reaffirment-leur-engagement-a-approfondir-leurs-relations-pour-un-espace-commun-de-stabilite\/#primaryimage"},"thumbnailUrl":"https:\/\/www.info-algerie.com\/actualites\/wp-content\/uploads\/2018\/05\/427cfeeffd722890e7cc4dd5df0406fb_S-1.jpg","keywords":["ONU"],"articleSection":["infos"],"inLanguage":"fr-FR","potentialAction":[{"@type":"CommentAction","name":"Comment","target":["https:\/\/www.info-algerie.com\/actualites\/lalgerie-et-lue-reaffirment-leur-engagement-a-approfondir-leurs-relations-pour-un-espace-commun-de-stabilite\/#respond"]}]},{"@type":"WebPage","@id":"https:\/\/www.info-algerie.com\/actualites\/lalgerie-et-lue-reaffirment-leur-engagement-a-approfondir-leurs-relations-pour-un-espace-commun-de-stabilite\/","url":"https:\/\/www.info-algerie.com\/actualites\/lalgerie-et-lue-reaffirment-leur-engagement-a-approfondir-leurs-relations-pour-un-espace-commun-de-stabilite\/","name":"L&#039;Alg\u00e9rie et l&#039;UE r\u00e9affirment leur engagement \u00e0 approfondir leurs relations pour un &quot;espace commun de stabilit\u00e9&quot; - info algerie","isPartOf":{"@id":"https:\/\/www.info-algerie.com\/actualites\/#website"},"primaryImageOfPage":{"@id":"https:\/\/www.info-algerie.com\/actualites\/lalgerie-et-lue-reaffirment-leur-engagement-a-approfondir-leurs-relations-pour-un-espace-commun-de-stabilite\/#primaryimage"},"image":{"@id":"https:\/\/www.info-algerie.com\/actualites\/lalgerie-et-lue-reaffirment-leur-engagement-a-approfondir-leurs-relations-pour-un-espace-commun-de-stabilite\/#primaryimage"},"thumbnailUrl":"https:\/\/www.info-algerie.com\/actualites\/wp-content\/uploads\/2018\/05\/427cfeeffd722890e7cc4dd5df0406fb_S-1.jpg","datePublished":"2018-05-14T14:43:59+00:00","breadcrumb":{"@id":"https:\/\/www.info-algerie.com\/actualites\/lalgerie-et-lue-reaffirment-leur-engagement-a-approfondir-leurs-relations-pour-un-espace-commun-de-stabilite\/#breadcrumb"},"inLanguage":"fr-FR","potentialAction":[{"@type":"ReadAction","target":["https:\/\/www.info-algerie.com\/actualites\/lalgerie-et-lue-reaffirment-leur-engagement-a-approfondir-leurs-relations-pour-un-espace-commun-de-stabilite\/"]}]},{"@type":"ImageObject","inLanguage":"fr-FR","@id":"https:\/\/www.info-algerie.com\/actualites\/lalgerie-et-lue-reaffirment-leur-engagement-a-approfondir-leurs-relations-pour-un-espace-commun-de-stabilite\/#primaryimage","url":"https:\/\/www.info-algerie.com\/actualites\/wp-content\/uploads\/2018\/05\/427cfeeffd722890e7cc4dd5df0406fb_S-1.jpg","contentUrl":"https:\/\/www.info-algerie.com\/actualites\/wp-content\/uploads\/2018\/05\/427cfeeffd722890e7cc4dd5df0406fb_S-1.jpg","width":280,"height":181},{"@type":"BreadcrumbList","@id":"https:\/\/www.info-algerie.com\/actualites\/lalgerie-et-lue-reaffirment-leur-engagement-a-approfondir-leurs-relations-pour-un-espace-commun-de-stabilite\/#breadcrumb","itemListElement":[{"@type":"ListItem","position":1,"name":"Accueil","item":"https:\/\/www.info-algerie.com\/actualites\/"},{"@type":"ListItem","position":2,"name":"L&#039;Alg\u00e9rie et l&#039;UE r\u00e9affirment leur engagement \u00e0 approfondir leurs relations pour un &quot;espace commun de stabilit\u00e9&quot;"}]},{"@type":"WebSite","@id":"https:\/\/www.info-algerie.com\/actualites\/#website","url":"https:\/\/www.info-algerie.com\/actualites\/","name":"info algerie","description":"Toutes les actualit\u00e9s","publisher":{"@id":"https:\/\/www.info-algerie.com\/actualites\/#organization"},"potentialAction":[{"@type":"SearchAction","target":{"@type":"EntryPoint","urlTemplate":"https:\/\/www.info-algerie.com\/actualites\/?s={search_term_string}"},"query-input":{"@type":"PropertyValueSpecification","valueRequired":true,"valueName":"search_term_string"}}],"inLanguage":"fr-FR"},{"@type":"Organization","@id":"https:\/\/www.info-algerie.com\/actualites\/#organization","name":"info algerie","url":"https:\/\/www.info-algerie.com\/actualites\/","logo":{"@type":"ImageObject","inLanguage":"fr-FR","@id":"https:\/\/www.info-algerie.com\/actualites\/#\/schema\/logo\/image\/","url":"https:\/\/www.info-algerie.com\/actualites\/wp-content\/uploads\/2022\/07\/logo-ia-120.png","contentUrl":"https:\/\/www.info-algerie.com\/actualites\/wp-content\/uploads\/2022\/07\/logo-ia-120.png","width":120,"height":43,"caption":"info algerie"},"image":{"@id":"https:\/\/www.info-algerie.com\/actualites\/#\/schema\/logo\/image\/"},"sameAs":["https:\/\/www.facebook.com\/infoalgerieactu","https:\/\/x.com\/infoalgerie1"]},{"@type":"Person","@id":"https:\/\/www.info-algerie.com\/actualites\/#\/schema\/person\/847aaec44920825b843a08f30ec6aa1e","name":"La r\u00e9daction","image":{"@type":"ImageObject","inLanguage":"fr-FR","@id":"https:\/\/secure.gravatar.com\/avatar\/769db425c6f465158149f1ffd6cf61ce7a8a879d11dfbef8288af36dfddd418c?s=96&d=mm&r=g","url":"https:\/\/secure.gravatar.com\/avatar\/769db425c6f465158149f1ffd6cf61ce7a8a879d11dfbef8288af36dfddd418c?s=96&d=mm&r=g","contentUrl":"https:\/\/secure.gravatar.com\/avatar\/769db425c6f465158149f1ffd6cf61ce7a8a879d11dfbef8288af36dfddd418c?s=96&d=mm&r=g","caption":"La r\u00e9daction"},"sameAs":["http:\/\/www.lkeria.com\/"],"url":"https:\/\/www.info-algerie.com\/actualites\/author\/chakib32\/"}]}},"_links":{"self":[{"href":"https:\/\/www.info-algerie.com\/actualites\/wp-json\/wp\/v2\/posts\/23339","targetHints":{"allow":["GET"]}}],"collection":[{"href":"https:\/\/www.info-algerie.com\/actualites\/wp-json\/wp\/v2\/posts"}],"about":[{"href":"https:\/\/www.info-algerie.com\/actualites\/wp-json\/wp\/v2\/types\/post"}],"author":[{"embeddable":true,"href":"https:\/\/www.info-algerie.com\/actualites\/wp-json\/wp\/v2\/users\/6"}],"replies":[{"embeddable":true,"href":"https:\/\/www.info-algerie.com\/actualites\/wp-json\/wp\/v2\/comments?post=23339"}],"version-history":[{"count":0,"href":"https:\/\/www.info-algerie.com\/actualites\/wp-json\/wp\/v2\/posts\/23339\/revisions"}],"wp:featuredmedia":[{"embeddable":true,"href":"https:\/\/www.info-algerie.com\/actualites\/wp-json\/wp\/v2\/media\/23340"}],"wp:attachment":[{"href":"https:\/\/www.info-algerie.com\/actualites\/wp-json\/wp\/v2\/media?parent=23339"}],"wp:term":[{"taxonomy":"category","embeddable":true,"href":"https:\/\/www.info-algerie.com\/actualites\/wp-json\/wp\/v2\/categories?post=23339"},{"taxonomy":"post_tag","embeddable":true,"href":"https:\/\/www.info-algerie.com\/actualites\/wp-json\/wp\/v2\/tags?post=23339"}],"curies":[{"name":"wp","href":"https:\/\/api.w.org\/{rel}","templated":true}]}}