{"id":23342,"date":"2018-05-14T15:26:15","date_gmt":"2018-05-14T14:26:15","guid":{"rendered":"http:\/\/www.info-algerie.com\/actualites\/noureddine-bedoui-entame-une-visite-de-travail-a-madrid\/"},"modified":"2018-05-14T15:26:15","modified_gmt":"2018-05-14T14:26:15","slug":"noureddine-bedoui-entame-une-visite-de-travail-a-madrid","status":"publish","type":"post","link":"https:\/\/www.info-algerie.com\/actualites\/noureddine-bedoui-entame-une-visite-de-travail-a-madrid\/","title":{"rendered":"Noureddine Bedoui entame une visite de travail \u00e0 Madrid"},"content":{"rendered":"<div class=\"K2FeedImage\"><img decoding=\"async\" src=\"https:\/\/www.info-algerie.com\/actualites\/wp-content\/uploads\/2018\/05\/3e5c9567ca4a512804e9ebb75b38cd13_S.jpg\" alt=\"Noureddine Bedoui entame une visite de travail &#xE0; Madrid\" \/><\/div>\n<div class=\"K2FeedIntroText\">\n<p>MADRID- Le ministre de l\u2019Int\u00e9rieur, des Collectivit\u00e9s locales, et de l\u2019Am\u00e9nagement du territoire, Noureddine Bedoui a entam\u00e9, lundi, une visite de travail \u00e0 Madrid, en se rendant \u00e0 diverses infrastructures relevant du minist\u00e8re espagnol de l\u2019Int\u00e9rieur.<\/p>\n<p>&#013;\n<\/p><\/div>\n<div class=\"K2FeedFullText\">&#013;<\/p>\n<p>Accompagn\u00e9 par le Directeur g\u00e9n\u00e9ral de la suret\u00e9 nationale, le g\u00e9n\u00e9ral major Hamel Abdelghani et celui de la Protection civile, Mustapha Habiri, le ministre de l\u2019Int\u00e9rieur a tout d\u2019abord visit\u00e9 le centre des appels d\u2019urgence relevant de la Protection civile espagnole.<\/p>\n<p>&#013;<\/p>\n<blockquote><p>&#013;<\/p>\n<p><em><strong>La d\u00e9l\u00e9gation alg\u00e9rienne a re\u00e7u, \u00e0 cette occasion, d\u2019amples informations sur le syst\u00e8me espagnol de la Protection civile et les missions allou\u00e9es au centre des appels d\u2019urgence dont notamment l\u2019intervention rapide dans les catastrophes naturelles, les inondations, les s\u00e9ismes, les incendies etc.\u00a0<\/strong><\/em><\/p>\n<p>&#013;\n<\/p><\/blockquote>\n<p>&#013;<\/p>\n<p>Ce centre, qui re\u00e7oit quotidiennement plus de douze mille appels, regroupe diff\u00e9rents services tels que la police, la protection civile, les gardes forestiers pour permettre une meilleure coordination entre les services et une grande efficacit\u00e9 dans les interventions, ont expliqu\u00e9 ses responsables.\u00a0<\/p>\n<p>&#013;<\/p>\n<hr \/>\n<p><a href=\"http:\/\/www.aps.dz\/algerie\/65624-l-algerie-un-partenaire-strategique-pour-l-espagne\">Lire aussi: L&rsquo;Alg\u00e9rie, un partenaire \u00ab\u00a0strat\u00e9gique\u00a0\u00bb pour l&rsquo;Espagne<\/a><\/p>\n<p>&#013;<\/p>\n<hr \/>\n<p>Les 17 communaut\u00e9s espagnoles disposent de centres similaires \u00e0 celui de Madrid, a-t-on pr\u00e9cis\u00e9.\u00a0<\/p>\n<p>&#013;<\/p>\n<p>M.Bedoui qui a visit\u00e9 divers services de ce centre a appel\u00e9 au renforcement de la coop\u00e9ration entre les experts des deux pays notamment en ce qui concerne le syst\u00e8me d\u2019information g\u00e9ographique.<\/p>\n<p>&#013;<\/p>\n<p>La d\u00e9l\u00e9gation minist\u00e9rielle a ensuite visit\u00e9 le centre de cyber s\u00e9curit\u00e9 et son r\u00f4le dans la lutte contre la cybercriminalit\u00e9 et la protection des donn\u00e9es afin de faire face aux nouvelles menaces via Internet qui p\u00e8sent sur les individus et sur les entreprises, les administrations, les banques et autres infrastructures sensibles.<\/p>\n<p>&#013;<\/p>\n<p>Le ministre de l\u2019Int\u00e9rieur a ensuite visit\u00e9 le centre de d\u00e9livrance des documents d\u2019identit\u00e9 biom\u00e9triques de Madrid (cartes de r\u00e9sidence, passeports, permis de conduire).\u00a0<\/p>\n<p>&#013;<\/p>\n<p>L\u2019Espagne dispose de trois cents centres reli\u00e9s \u00e0 un centre de donn\u00e9es, ont indiqu\u00e9 des responsables espagnoles. M. Bedoui s\u2019est inform\u00e9 sur le fonctionnement et l\u2019organisation de ce centre qui d\u00e9livre les documents d\u2019identit\u00e9 de mani\u00e8re instantan\u00e9e.<\/p>\n<p>&#013;<\/p>\n<p>Le ministre de l&rsquo;Int\u00e9rieur s\u2019entretiendra en fin d\u2019apr\u00e8s midi avec son homologue espagnol Juan Ignacio Zoido. Cette r\u00e9union sera \u00e9largie aux membres des d\u00e9l\u00e9gations des deux pays.<\/p>\n<\/div>\n<p>&#013;<br \/>\nSource: <a href=\"http:\/\/www.aps.dz\/algerie\/74033-noureddine-bedoui-entame-une-visite-de-travail-a-madrid\" target=\"_blank\">Noureddine Bedoui entame une visite de travail \u00e0 Madrid<\/a><\/p>\n<!--CusAds0-->\n<div style=\"font-size: 0px; height: 0px; line-height: 0px; margin: 0; padding: 0; clear: both;\"><\/div>","protected":false},"excerpt":{"rendered":"<p>MADRID- Le ministre de l\u2019Int\u00e9rieur, des Collectivit\u00e9s locales, et de l\u2019Am\u00e9nagement du territoire, Noureddine Bedoui a entam\u00e9, lundi, une visite de travail \u00e0 Madrid, en se rendant \u00e0 diverses infrastructures relevant du minist\u00e8re espagnol de l\u2019Int\u00e9rieur. &#013; &#013; Accompagn\u00e9 par le Directeur g\u00e9n\u00e9ral de la suret\u00e9 nationale, le g\u00e9n\u00e9ral major Hamel Abdelghani et celui de<\/p>\n","protected":false},"author":6,"featured_media":23343,"comment_status":"open","ping_status":"open","sticky":false,"template":"","format":"standard","meta":{"footnotes":""},"categories":[22],"tags":[93],"class_list":["post-23342","post","type-post","status-publish","format-standard","has-post-thumbnail","hentry","category-infos","tag-onu"],"yoast_head":"<!-- This site is optimized with the Yoast SEO plugin v27.5 - https:\/\/yoast.com\/product\/yoast-seo-wordpress\/ -->\n<title>Noureddine Bedoui entame une visite de travail \u00e0 Madrid - info algerie<\/title>\n<meta name=\"robots\" content=\"index, follow, max-snippet:-1, max-image-preview:large, max-video-preview:-1\" \/>\n<link rel=\"canonical\" href=\"https:\/\/www.info-algerie.com\/actualites\/noureddine-bedoui-entame-une-visite-de-travail-a-madrid\/\" \/>\n<meta property=\"og:locale\" content=\"fr_FR\" \/>\n<meta property=\"og:type\" content=\"article\" \/>\n<meta property=\"og:title\" content=\"Noureddine Bedoui entame une visite de travail \u00e0 Madrid - info algerie\" \/>\n<meta property=\"og:description\" content=\"MADRID- Le ministre de l\u2019Int\u00e9rieur, des Collectivit\u00e9s locales, et de l\u2019Am\u00e9nagement du territoire, Noureddine Bedoui a entam\u00e9, lundi, une visite de travail \u00e0 Madrid, en se rendant \u00e0 diverses infrastructures relevant du minist\u00e8re espagnol de l\u2019Int\u00e9rieur. &#013; &#013; Accompagn\u00e9 par le Directeur g\u00e9n\u00e9ral de la suret\u00e9 nationale, le g\u00e9n\u00e9ral major Hamel Abdelghani et celui de\" \/>\n<meta property=\"og:url\" content=\"https:\/\/www.info-algerie.com\/actualites\/noureddine-bedoui-entame-une-visite-de-travail-a-madrid\/\" \/>\n<meta property=\"og:site_name\" content=\"info algerie\" \/>\n<meta property=\"article:publisher\" content=\"https:\/\/www.facebook.com\/infoalgerieactu\" \/>\n<meta property=\"article:published_time\" content=\"2018-05-14T14:26:15+00:00\" \/>\n<meta property=\"og:image\" content=\"https:\/\/www.info-algerie.com\/actualites\/wp-content\/uploads\/2018\/05\/3e5c9567ca4a512804e9ebb75b38cd13_S-1.jpg\" \/>\n\t<meta property=\"og:image:width\" content=\"280\" \/>\n\t<meta property=\"og:image:height\" content=\"169\" \/>\n\t<meta property=\"og:image:type\" content=\"image\/jpeg\" \/>\n<meta name=\"author\" content=\"La r\u00e9daction\" \/>\n<meta name=\"twitter:label1\" content=\"\u00c9crit par\" \/>\n\t<meta name=\"twitter:data1\" content=\"La r\u00e9daction\" \/>\n\t<meta name=\"twitter:label2\" content=\"Dur\u00e9e de lecture estim\u00e9e\" \/>\n\t<meta name=\"twitter:data2\" content=\"2 minutes\" \/>\n<script type=\"application\/ld+json\" class=\"yoast-schema-graph\">{\"@context\":\"https:\\\/\\\/schema.org\",\"@graph\":[{\"@type\":\"Article\",\"@id\":\"https:\\\/\\\/www.info-algerie.com\\\/actualites\\\/noureddine-bedoui-entame-une-visite-de-travail-a-madrid\\\/#article\",\"isPartOf\":{\"@id\":\"https:\\\/\\\/www.info-algerie.com\\\/actualites\\\/noureddine-bedoui-entame-une-visite-de-travail-a-madrid\\\/\"},\"author\":{\"name\":\"La r\u00e9daction\",\"@id\":\"https:\\\/\\\/www.info-algerie.com\\\/actualites\\\/#\\\/schema\\\/person\\\/847aaec44920825b843a08f30ec6aa1e\"},\"headline\":\"Noureddine Bedoui entame une visite de travail \u00e0 Madrid\",\"datePublished\":\"2018-05-14T14:26:15+00:00\",\"mainEntityOfPage\":{\"@id\":\"https:\\\/\\\/www.info-algerie.com\\\/actualites\\\/noureddine-bedoui-entame-une-visite-de-travail-a-madrid\\\/\"},\"wordCount\":433,\"commentCount\":0,\"publisher\":{\"@id\":\"https:\\\/\\\/www.info-algerie.com\\\/actualites\\\/#organization\"},\"image\":{\"@id\":\"https:\\\/\\\/www.info-algerie.com\\\/actualites\\\/noureddine-bedoui-entame-une-visite-de-travail-a-madrid\\\/#primaryimage\"},\"thumbnailUrl\":\"https:\\\/\\\/www.info-algerie.com\\\/actualites\\\/wp-content\\\/uploads\\\/2018\\\/05\\\/3e5c9567ca4a512804e9ebb75b38cd13_S-1.jpg\",\"keywords\":[\"ONU\"],\"articleSection\":[\"infos\"],\"inLanguage\":\"fr-FR\",\"potentialAction\":[{\"@type\":\"CommentAction\",\"name\":\"Comment\",\"target\":[\"https:\\\/\\\/www.info-algerie.com\\\/actualites\\\/noureddine-bedoui-entame-une-visite-de-travail-a-madrid\\\/#respond\"]}]},{\"@type\":\"WebPage\",\"@id\":\"https:\\\/\\\/www.info-algerie.com\\\/actualites\\\/noureddine-bedoui-entame-une-visite-de-travail-a-madrid\\\/\",\"url\":\"https:\\\/\\\/www.info-algerie.com\\\/actualites\\\/noureddine-bedoui-entame-une-visite-de-travail-a-madrid\\\/\",\"name\":\"Noureddine Bedoui entame une visite de travail \u00e0 Madrid - info algerie\",\"isPartOf\":{\"@id\":\"https:\\\/\\\/www.info-algerie.com\\\/actualites\\\/#website\"},\"primaryImageOfPage\":{\"@id\":\"https:\\\/\\\/www.info-algerie.com\\\/actualites\\\/noureddine-bedoui-entame-une-visite-de-travail-a-madrid\\\/#primaryimage\"},\"image\":{\"@id\":\"https:\\\/\\\/www.info-algerie.com\\\/actualites\\\/noureddine-bedoui-entame-une-visite-de-travail-a-madrid\\\/#primaryimage\"},\"thumbnailUrl\":\"https:\\\/\\\/www.info-algerie.com\\\/actualites\\\/wp-content\\\/uploads\\\/2018\\\/05\\\/3e5c9567ca4a512804e9ebb75b38cd13_S-1.jpg\",\"datePublished\":\"2018-05-14T14:26:15+00:00\",\"breadcrumb\":{\"@id\":\"https:\\\/\\\/www.info-algerie.com\\\/actualites\\\/noureddine-bedoui-entame-une-visite-de-travail-a-madrid\\\/#breadcrumb\"},\"inLanguage\":\"fr-FR\",\"potentialAction\":[{\"@type\":\"ReadAction\",\"target\":[\"https:\\\/\\\/www.info-algerie.com\\\/actualites\\\/noureddine-bedoui-entame-une-visite-de-travail-a-madrid\\\/\"]}]},{\"@type\":\"ImageObject\",\"inLanguage\":\"fr-FR\",\"@id\":\"https:\\\/\\\/www.info-algerie.com\\\/actualites\\\/noureddine-bedoui-entame-une-visite-de-travail-a-madrid\\\/#primaryimage\",\"url\":\"https:\\\/\\\/www.info-algerie.com\\\/actualites\\\/wp-content\\\/uploads\\\/2018\\\/05\\\/3e5c9567ca4a512804e9ebb75b38cd13_S-1.jpg\",\"contentUrl\":\"https:\\\/\\\/www.info-algerie.com\\\/actualites\\\/wp-content\\\/uploads\\\/2018\\\/05\\\/3e5c9567ca4a512804e9ebb75b38cd13_S-1.jpg\",\"width\":280,\"height\":169},{\"@type\":\"BreadcrumbList\",\"@id\":\"https:\\\/\\\/www.info-algerie.com\\\/actualites\\\/noureddine-bedoui-entame-une-visite-de-travail-a-madrid\\\/#breadcrumb\",\"itemListElement\":[{\"@type\":\"ListItem\",\"position\":1,\"name\":\"Accueil\",\"item\":\"https:\\\/\\\/www.info-algerie.com\\\/actualites\\\/\"},{\"@type\":\"ListItem\",\"position\":2,\"name\":\"Noureddine Bedoui entame une visite de travail \u00e0 Madrid\"}]},{\"@type\":\"WebSite\",\"@id\":\"https:\\\/\\\/www.info-algerie.com\\\/actualites\\\/#website\",\"url\":\"https:\\\/\\\/www.info-algerie.com\\\/actualites\\\/\",\"name\":\"info algerie\",\"description\":\"Toutes les actualit\u00e9s\",\"publisher\":{\"@id\":\"https:\\\/\\\/www.info-algerie.com\\\/actualites\\\/#organization\"},\"potentialAction\":[{\"@type\":\"SearchAction\",\"target\":{\"@type\":\"EntryPoint\",\"urlTemplate\":\"https:\\\/\\\/www.info-algerie.com\\\/actualites\\\/?s={search_term_string}\"},\"query-input\":{\"@type\":\"PropertyValueSpecification\",\"valueRequired\":true,\"valueName\":\"search_term_string\"}}],\"inLanguage\":\"fr-FR\"},{\"@type\":\"Organization\",\"@id\":\"https:\\\/\\\/www.info-algerie.com\\\/actualites\\\/#organization\",\"name\":\"info algerie\",\"url\":\"https:\\\/\\\/www.info-algerie.com\\\/actualites\\\/\",\"logo\":{\"@type\":\"ImageObject\",\"inLanguage\":\"fr-FR\",\"@id\":\"https:\\\/\\\/www.info-algerie.com\\\/actualites\\\/#\\\/schema\\\/logo\\\/image\\\/\",\"url\":\"https:\\\/\\\/www.info-algerie.com\\\/actualites\\\/wp-content\\\/uploads\\\/2022\\\/07\\\/logo-ia-120.png\",\"contentUrl\":\"https:\\\/\\\/www.info-algerie.com\\\/actualites\\\/wp-content\\\/uploads\\\/2022\\\/07\\\/logo-ia-120.png\",\"width\":120,\"height\":43,\"caption\":\"info algerie\"},\"image\":{\"@id\":\"https:\\\/\\\/www.info-algerie.com\\\/actualites\\\/#\\\/schema\\\/logo\\\/image\\\/\"},\"sameAs\":[\"https:\\\/\\\/www.facebook.com\\\/infoalgerieactu\",\"https:\\\/\\\/x.com\\\/infoalgerie1\"]},{\"@type\":\"Person\",\"@id\":\"https:\\\/\\\/www.info-algerie.com\\\/actualites\\\/#\\\/schema\\\/person\\\/847aaec44920825b843a08f30ec6aa1e\",\"name\":\"La r\u00e9daction\",\"image\":{\"@type\":\"ImageObject\",\"inLanguage\":\"fr-FR\",\"@id\":\"https:\\\/\\\/secure.gravatar.com\\\/avatar\\\/769db425c6f465158149f1ffd6cf61ce7a8a879d11dfbef8288af36dfddd418c?s=96&d=mm&r=g\",\"url\":\"https:\\\/\\\/secure.gravatar.com\\\/avatar\\\/769db425c6f465158149f1ffd6cf61ce7a8a879d11dfbef8288af36dfddd418c?s=96&d=mm&r=g\",\"contentUrl\":\"https:\\\/\\\/secure.gravatar.com\\\/avatar\\\/769db425c6f465158149f1ffd6cf61ce7a8a879d11dfbef8288af36dfddd418c?s=96&d=mm&r=g\",\"caption\":\"La r\u00e9daction\"},\"sameAs\":[\"http:\\\/\\\/www.lkeria.com\\\/\"],\"url\":\"https:\\\/\\\/www.info-algerie.com\\\/actualites\\\/author\\\/chakib32\\\/\"}]}<\/script>\n<!-- \/ Yoast SEO plugin. -->","yoast_head_json":{"title":"Noureddine Bedoui entame une visite de travail \u00e0 Madrid - info algerie","robots":{"index":"index","follow":"follow","max-snippet":"max-snippet:-1","max-image-preview":"max-image-preview:large","max-video-preview":"max-video-preview:-1"},"canonical":"https:\/\/www.info-algerie.com\/actualites\/noureddine-bedoui-entame-une-visite-de-travail-a-madrid\/","og_locale":"fr_FR","og_type":"article","og_title":"Noureddine Bedoui entame une visite de travail \u00e0 Madrid - info algerie","og_description":"MADRID- Le ministre de l\u2019Int\u00e9rieur, des Collectivit\u00e9s locales, et de l\u2019Am\u00e9nagement du territoire, Noureddine Bedoui a entam\u00e9, lundi, une visite de travail \u00e0 Madrid, en se rendant \u00e0 diverses infrastructures relevant du minist\u00e8re espagnol de l\u2019Int\u00e9rieur. &#013; &#013; Accompagn\u00e9 par le Directeur g\u00e9n\u00e9ral de la suret\u00e9 nationale, le g\u00e9n\u00e9ral major Hamel Abdelghani et celui de","og_url":"https:\/\/www.info-algerie.com\/actualites\/noureddine-bedoui-entame-une-visite-de-travail-a-madrid\/","og_site_name":"info algerie","article_publisher":"https:\/\/www.facebook.com\/infoalgerieactu","article_published_time":"2018-05-14T14:26:15+00:00","og_image":[{"width":280,"height":169,"url":"https:\/\/www.info-algerie.com\/actualites\/wp-content\/uploads\/2018\/05\/3e5c9567ca4a512804e9ebb75b38cd13_S-1.jpg","type":"image\/jpeg"}],"author":"La r\u00e9daction","twitter_misc":{"\u00c9crit par":"La r\u00e9daction","Dur\u00e9e de lecture estim\u00e9e":"2 minutes"},"schema":{"@context":"https:\/\/schema.org","@graph":[{"@type":"Article","@id":"https:\/\/www.info-algerie.com\/actualites\/noureddine-bedoui-entame-une-visite-de-travail-a-madrid\/#article","isPartOf":{"@id":"https:\/\/www.info-algerie.com\/actualites\/noureddine-bedoui-entame-une-visite-de-travail-a-madrid\/"},"author":{"name":"La r\u00e9daction","@id":"https:\/\/www.info-algerie.com\/actualites\/#\/schema\/person\/847aaec44920825b843a08f30ec6aa1e"},"headline":"Noureddine Bedoui entame une visite de travail \u00e0 Madrid","datePublished":"2018-05-14T14:26:15+00:00","mainEntityOfPage":{"@id":"https:\/\/www.info-algerie.com\/actualites\/noureddine-bedoui-entame-une-visite-de-travail-a-madrid\/"},"wordCount":433,"commentCount":0,"publisher":{"@id":"https:\/\/www.info-algerie.com\/actualites\/#organization"},"image":{"@id":"https:\/\/www.info-algerie.com\/actualites\/noureddine-bedoui-entame-une-visite-de-travail-a-madrid\/#primaryimage"},"thumbnailUrl":"https:\/\/www.info-algerie.com\/actualites\/wp-content\/uploads\/2018\/05\/3e5c9567ca4a512804e9ebb75b38cd13_S-1.jpg","keywords":["ONU"],"articleSection":["infos"],"inLanguage":"fr-FR","potentialAction":[{"@type":"CommentAction","name":"Comment","target":["https:\/\/www.info-algerie.com\/actualites\/noureddine-bedoui-entame-une-visite-de-travail-a-madrid\/#respond"]}]},{"@type":"WebPage","@id":"https:\/\/www.info-algerie.com\/actualites\/noureddine-bedoui-entame-une-visite-de-travail-a-madrid\/","url":"https:\/\/www.info-algerie.com\/actualites\/noureddine-bedoui-entame-une-visite-de-travail-a-madrid\/","name":"Noureddine Bedoui entame une visite de travail \u00e0 Madrid - info algerie","isPartOf":{"@id":"https:\/\/www.info-algerie.com\/actualites\/#website"},"primaryImageOfPage":{"@id":"https:\/\/www.info-algerie.com\/actualites\/noureddine-bedoui-entame-une-visite-de-travail-a-madrid\/#primaryimage"},"image":{"@id":"https:\/\/www.info-algerie.com\/actualites\/noureddine-bedoui-entame-une-visite-de-travail-a-madrid\/#primaryimage"},"thumbnailUrl":"https:\/\/www.info-algerie.com\/actualites\/wp-content\/uploads\/2018\/05\/3e5c9567ca4a512804e9ebb75b38cd13_S-1.jpg","datePublished":"2018-05-14T14:26:15+00:00","breadcrumb":{"@id":"https:\/\/www.info-algerie.com\/actualites\/noureddine-bedoui-entame-une-visite-de-travail-a-madrid\/#breadcrumb"},"inLanguage":"fr-FR","potentialAction":[{"@type":"ReadAction","target":["https:\/\/www.info-algerie.com\/actualites\/noureddine-bedoui-entame-une-visite-de-travail-a-madrid\/"]}]},{"@type":"ImageObject","inLanguage":"fr-FR","@id":"https:\/\/www.info-algerie.com\/actualites\/noureddine-bedoui-entame-une-visite-de-travail-a-madrid\/#primaryimage","url":"https:\/\/www.info-algerie.com\/actualites\/wp-content\/uploads\/2018\/05\/3e5c9567ca4a512804e9ebb75b38cd13_S-1.jpg","contentUrl":"https:\/\/www.info-algerie.com\/actualites\/wp-content\/uploads\/2018\/05\/3e5c9567ca4a512804e9ebb75b38cd13_S-1.jpg","width":280,"height":169},{"@type":"BreadcrumbList","@id":"https:\/\/www.info-algerie.com\/actualites\/noureddine-bedoui-entame-une-visite-de-travail-a-madrid\/#breadcrumb","itemListElement":[{"@type":"ListItem","position":1,"name":"Accueil","item":"https:\/\/www.info-algerie.com\/actualites\/"},{"@type":"ListItem","position":2,"name":"Noureddine Bedoui entame une visite de travail \u00e0 Madrid"}]},{"@type":"WebSite","@id":"https:\/\/www.info-algerie.com\/actualites\/#website","url":"https:\/\/www.info-algerie.com\/actualites\/","name":"info algerie","description":"Toutes les actualit\u00e9s","publisher":{"@id":"https:\/\/www.info-algerie.com\/actualites\/#organization"},"potentialAction":[{"@type":"SearchAction","target":{"@type":"EntryPoint","urlTemplate":"https:\/\/www.info-algerie.com\/actualites\/?s={search_term_string}"},"query-input":{"@type":"PropertyValueSpecification","valueRequired":true,"valueName":"search_term_string"}}],"inLanguage":"fr-FR"},{"@type":"Organization","@id":"https:\/\/www.info-algerie.com\/actualites\/#organization","name":"info algerie","url":"https:\/\/www.info-algerie.com\/actualites\/","logo":{"@type":"ImageObject","inLanguage":"fr-FR","@id":"https:\/\/www.info-algerie.com\/actualites\/#\/schema\/logo\/image\/","url":"https:\/\/www.info-algerie.com\/actualites\/wp-content\/uploads\/2022\/07\/logo-ia-120.png","contentUrl":"https:\/\/www.info-algerie.com\/actualites\/wp-content\/uploads\/2022\/07\/logo-ia-120.png","width":120,"height":43,"caption":"info algerie"},"image":{"@id":"https:\/\/www.info-algerie.com\/actualites\/#\/schema\/logo\/image\/"},"sameAs":["https:\/\/www.facebook.com\/infoalgerieactu","https:\/\/x.com\/infoalgerie1"]},{"@type":"Person","@id":"https:\/\/www.info-algerie.com\/actualites\/#\/schema\/person\/847aaec44920825b843a08f30ec6aa1e","name":"La r\u00e9daction","image":{"@type":"ImageObject","inLanguage":"fr-FR","@id":"https:\/\/secure.gravatar.com\/avatar\/769db425c6f465158149f1ffd6cf61ce7a8a879d11dfbef8288af36dfddd418c?s=96&d=mm&r=g","url":"https:\/\/secure.gravatar.com\/avatar\/769db425c6f465158149f1ffd6cf61ce7a8a879d11dfbef8288af36dfddd418c?s=96&d=mm&r=g","contentUrl":"https:\/\/secure.gravatar.com\/avatar\/769db425c6f465158149f1ffd6cf61ce7a8a879d11dfbef8288af36dfddd418c?s=96&d=mm&r=g","caption":"La r\u00e9daction"},"sameAs":["http:\/\/www.lkeria.com\/"],"url":"https:\/\/www.info-algerie.com\/actualites\/author\/chakib32\/"}]}},"_links":{"self":[{"href":"https:\/\/www.info-algerie.com\/actualites\/wp-json\/wp\/v2\/posts\/23342","targetHints":{"allow":["GET"]}}],"collection":[{"href":"https:\/\/www.info-algerie.com\/actualites\/wp-json\/wp\/v2\/posts"}],"about":[{"href":"https:\/\/www.info-algerie.com\/actualites\/wp-json\/wp\/v2\/types\/post"}],"author":[{"embeddable":true,"href":"https:\/\/www.info-algerie.com\/actualites\/wp-json\/wp\/v2\/users\/6"}],"replies":[{"embeddable":true,"href":"https:\/\/www.info-algerie.com\/actualites\/wp-json\/wp\/v2\/comments?post=23342"}],"version-history":[{"count":0,"href":"https:\/\/www.info-algerie.com\/actualites\/wp-json\/wp\/v2\/posts\/23342\/revisions"}],"wp:featuredmedia":[{"embeddable":true,"href":"https:\/\/www.info-algerie.com\/actualites\/wp-json\/wp\/v2\/media\/23343"}],"wp:attachment":[{"href":"https:\/\/www.info-algerie.com\/actualites\/wp-json\/wp\/v2\/media?parent=23342"}],"wp:term":[{"taxonomy":"category","embeddable":true,"href":"https:\/\/www.info-algerie.com\/actualites\/wp-json\/wp\/v2\/categories?post=23342"},{"taxonomy":"post_tag","embeddable":true,"href":"https:\/\/www.info-algerie.com\/actualites\/wp-json\/wp\/v2\/tags?post=23342"}],"curies":[{"name":"wp","href":"https:\/\/api.w.org\/{rel}","templated":true}]}}