{"id":23345,"date":"2018-05-14T17:56:54","date_gmt":"2018-05-14T16:56:54","guid":{"rendered":"http:\/\/www.info-algerie.com\/actualites\/journee-internationale-du-vivre-ensemble-en-paix-la-proposition-de-lalgerie-decoule-de-ses-principes-de-tolerance\/"},"modified":"2018-05-14T17:56:54","modified_gmt":"2018-05-14T16:56:54","slug":"journee-internationale-du-vivre-ensemble-en-paix-la-proposition-de-lalgerie-decoule-de-ses-principes-de-tolerance","status":"publish","type":"post","link":"https:\/\/www.info-algerie.com\/actualites\/journee-internationale-du-vivre-ensemble-en-paix-la-proposition-de-lalgerie-decoule-de-ses-principes-de-tolerance\/","title":{"rendered":"Journ\u00e9e internationale du vivre-ensemble en paix: la proposition de l&#039;Alg\u00e9rie d\u00e9coule de ses principes de tol\u00e9rance"},"content":{"rendered":"<div class=\"K2FeedImage\"><img decoding=\"async\" src=\"https:\/\/www.info-algerie.com\/actualites\/wp-content\/uploads\/2018\/05\/431284669837c86762c88e3803c394a3_S.jpg\" alt=\"Journ&#xE9;e internationale du vivre-ensemble en paix: la proposition de l'Alg&#xE9;rie d&#xE9;coule de ses principes de tol&#xE9;rance\" \/><\/div>\n<div class=\"K2FeedIntroText\">\n<p>ALGER &#8211; Le ministre de la Culture, Azzedine Mihoubi a affirm\u00e9 que la proposition de l&rsquo;Alg\u00e9rie sur la Journ\u00e9e internationale \u00ab\u00a0du vivre-ensemble en paix\u00a0\u00bb, adopt\u00e9e en d\u00e9cembre dernier par l&rsquo;Assembl\u00e9e g\u00e9n\u00e9rale de l&rsquo;ONU, d\u00e9coule de son sens \u00e9lev\u00e9 et constant en mati\u00e8re de\u00a0d\u00e9fense des principes de tol\u00e9rance, m\u00eame dans les p\u00e9riodes les plus difficiles qu&rsquo;elle a v\u00e9cues.\u00a0<\/p>\n<p>&#013;\n<\/p><\/div>\n<div class=\"K2FeedFullText\">&#013;<\/p>\n<p>Invit\u00e9 au Forum de la Radio alg\u00e9rienne, M. Mihoubi a longuement \u00e9voqu\u00e9 le concept de la Journ\u00e9e internationale du vivre ensemble en paix, c\u00e9l\u00e9br\u00e9e le 16 mai de chaque ann\u00e9e, rappelant que c&rsquo;est le fruit des efforts que l&rsquo;Alg\u00e9rie n&rsquo;a de cesse d\u00e9ploy\u00e9 pour la cons\u00e9cration de la voix de paix et\u00a0l&rsquo;acceptation de l&rsquo;autre partant de son sens \u00e9lev\u00e9 et constant en mati\u00e8re de d\u00e9fense des principes de tol\u00e9rance.<\/p>\n<p>&#013;<\/p>\n<p>\u00a0Affirmant que ce principe humanitaire s&rsquo;est ancr\u00e9e en Alg\u00e9rie \u00e0 travers les diff\u00e9rentes \u00e9tapes historiques qu&rsquo;elle a travers\u00e9es, le ministre a mis en avant, entre autre, le r\u00f4le majeur des Zaou\u00efa dans la pr\u00e9servation des principes et valeurs de la soci\u00e9t\u00e9, bas\u00e9s sur la tol\u00e9rance.\u00a0<\/p>\n<p>&#013;<\/p>\n<blockquote><p>&#013;<\/p>\n<p><em><strong>\u00ab\u00a0Nul ne peut contester le r\u00f4le pivot de ces institutions dans la pr\u00e9servation de la coh\u00e9sion sociale et du legs culturel et historique national en se dressant comme un rempart face aux id\u00e9es intruses que\u00a0certaines sectes tentent d&rsquo;asseoir\u00a0\u00bb, a poursuivi M. Mihoubi a ce propos.<\/strong><\/em><\/p>\n<p>&#013;\n<\/p><\/blockquote>\n<p>&#013;<\/p>\n<p>Pour le ministre de la Culture, l&rsquo;inauguration, mardi (demain) \u00e0 Alger, du nouveau si\u00e8ge de la zaou\u00efa Belkaidia est \u00ab\u00a0un signe\u00a0 fort\u00a0\u00bb \u00e0 l&rsquo;adresse de ceux qui ont contribu\u00e9 et contribuent encore \u00e0 la cons\u00e9cration de ces nobles valeurs.<\/p>\n<p>&#013;<\/p>\n<p>Abordant le programme trac\u00e9 par le minist\u00e8re, \u00e0 l&rsquo;instar d&rsquo;autres d\u00e9partements minist\u00e9riels, dans le cadre de la c\u00e9l\u00e9bration de cette Journ\u00e9e internationale, M. Mihoubi a indiqu\u00e9 que les diff\u00e9rentes institutions comme les th\u00e9\u00e2tres et les maisons de la culture ont \u00e9t\u00e9 instruits de mettre en place des programmes conformes \u00e0 l&rsquo;esprit de cette Journ\u00e9e.\u00a0<\/p>\n<p>&#013;<\/p>\n<hr \/>\n<p><a href=\"http:\/\/www.aps.dz\/algerie\/74022-journee-internationale-du-vivre-ensemble-une-initiative-algerienne-pour-la-promotion-de-la-culture-de-la-paix\">Lire aussi: Journ\u00e9e internationale du vivre-ensemble: une initiative alg\u00e9rienne pour la promotion de la culture de la paix<\/a><\/p>\n<p>&#013;<\/p>\n<hr \/>\n<p>Le ministre a annonc\u00e9, dans ce sens, la sortie (demain) d&rsquo;une chanson en vid\u00e9o clip interpr\u00e9t\u00e9e par une pl\u00e9iade d&rsquo;artistes alg\u00e9riens pr\u00f4nant l&rsquo;acceptation de l&rsquo;autre en langues arabe et amazighe.<\/p>\n<p>&#013;<\/p>\n<p>R\u00e9pondant \u00e0 une question sur des \u00ab\u00a0clash\u00a0\u00bb entre des \u00e9crivains alg\u00e9riens en raison de divergence d&rsquo;id\u00e9es et d&rsquo;id\u00e9ologies, M. Mihoubi a admis l&rsquo;existence de \u00ab\u00a0certains d\u00e9rapages\u00a0\u00bb, affirmant, \u00e0 ce propos, que le non respect de l&rsquo;autre \u00ab\u00a0g\u00e9n\u00e8re un \u00e9tat de d\u00e9sordre intellectuel et d&rsquo;exclusion\u00a0 de l&rsquo;opinion contraire, cons\u00e9cutifs \u00e0 l&rsquo;intol\u00e9rance et au fanatisme, et c&rsquo;est une vraie trag\u00e9die\u00a0\u00bb.\u00a0<\/p>\n<p>&#013;<\/p>\n<p>Pour M. Mihoubi, \u00ab\u00a0c&rsquo;est l\u00e0 une d\u00e9faillance en mati\u00e8re de communication, accentu\u00e9e par des m\u00e9dias sociaux qui ouvrent la voie, dans l&rsquo;anonymat et sous des pseudonymes, \u00e0 l&rsquo;attaque de l&rsquo;opinion divergente contrairement \u00e0 l&rsquo;\u00e9tat d&rsquo;esprit r\u00e9gnant dans les ann\u00e9es 80 o\u00f9 l&rsquo;\u00e9mergence des id\u00e9es\u00a0 contradictoires se faisait dans un climat de respect et de tol\u00e9rance\u00a0\u00bb.\u00a0<\/p>\n<p>&#013;<\/p>\n<p>Par ailleurs, le ministre de la Culture a abord\u00e9 la situation socio-professionnelle des artistes, dont certains n&rsquo;ont pu b\u00e9n\u00e9fici\u00e9 de la carte de l&rsquo;artiste, pr\u00e9cisant, \u00e0 ce propos, que ces derniers doivent\u00a0pr\u00e9senter un dossier prouvant leur titre, car, a-t-il ajout\u00e9, \u00ab\u00a0n&rsquo;est pas\u00a0 artiste, toute personne se proclamant appartenir aux gens de l&rsquo;Art\u00a0\u00bb.\u00a0<\/p>\n<p>&#013;<\/p>\n<p>Le premier responsable du secteur de la Culture a fait savoir que l&rsquo;Office national des droits d\u00c6auteurs et droits voisins (ONDA) recense 20 000 adh\u00e9rents qui per\u00e7oivent leurs droits annuels outre le dispositif approuv\u00e9 par le Gouvernement, depuis pr\u00e8s de deux ann\u00e9es, autorisant l&rsquo;ONDA \u00e0\u00a0racheter les ann\u00e9es de cotisations manquant \u00e0 certains artistes pour l&rsquo;obtention d&rsquo;une pension de retraite. Quelque 400 artistes avait besoin de ce soutien et ce devoir a \u00e9t\u00e9 pris en charge, \u00e0 maintes reprises, par les autorit\u00e9s comp\u00e9tentes, a-t-il indiqu\u00e9.\u00a0<\/p>\n<p>&#013;<\/p>\n<p>S&rsquo;agissant des d\u00e9clarations \u00e9voquant \u00ab\u00a0un favoritisme au profit des artistes \u00e9trangers aux d\u00e9triment des artistes alg\u00e9riens\u00a0\u00bb, M. Mihoubi a parl\u00e9 \u00ab\u00a0d&rsquo;exagaration\u00a0\u00bb suscit\u00e9e souvent par \u00ab\u00a0un tapage m\u00e9diatique orchestr\u00e9 par des artistes non programm\u00e9s \u00e0 des\u00a0 festivals nationaux et s&rsquo;estimant\u00a0 l\u00e9s\u00e9s ou exclus de ce fait\u00a0\u00bb.\u00a0<\/p>\n<p>&#013;<\/p>\n<p>Cependant, le ministre a affirm\u00e9 avoir instruit r\u00e9cemment les institutions relevant de son secteur, et organisatrices des manifestations artistiques, d&rsquo;accorder la priorit\u00e9 aux artistes alg\u00e9riens tout en imposant des autorisations de son d\u00e9partement pour l&rsquo;invitation des artistes trangers, \u00e0 l&rsquo;exception de ceux qui le sont dans le cadre des \u00e9changes culturels entre pays.\u00a0<\/p>\n<p>&#013;<\/p>\n<p>Sur un autre registre, M. Mihoubi a \u00e9voqu\u00e9 le lectorat alg\u00e9rien, exprimant son \u00e9tonnement quant au qualificatif de non-lecteurs injustement attribu\u00e9 aux Alg\u00e9riens, il a relev\u00e9 dans ce contexte la forte pr\u00e9sence du public lors du Salon international du livre d&rsquo;Alger (SILA), organis\u00e9 chaque ann\u00e9e.\u00a0\u00a0Soulignant que cette manifestation enregistre l&rsquo;affluence de plus de 2 million de visiteurs, M. Mihoubi a mis en avant en outre le satisfecit des \u00e9diteurs sur la base des chiffres des ventes r\u00e9alis\u00e9es.\u00a0<\/p>\n<p>&#013;<\/p>\n<p>Le ministre a expliqu\u00e9 cette \u00ab\u00a0fausse\u00a0\u00bb id\u00e9e par le fait que le lectorat alg\u00e9rien n&rsquo;est simplement pas visible dans les lieux publics.<\/p>\n<\/div>\n<p>&#013;<br \/>\nSource: <a href=\"http:\/\/www.aps.dz\/algerie\/74045-journee-internationale-du-vivre-ensemble-en-paix-la-proposition-de-l-algerie-decoule-de-ses-principes-de-tolerance\" target=\"_blank\">Journ\u00e9e internationale du vivre-ensemble en paix: la proposition de l&rsquo;Alg\u00e9rie d\u00e9coule de ses principes de tol\u00e9rance<\/a><\/p>\n<!--CusAds0-->\n<div style=\"font-size: 0px; height: 0px; line-height: 0px; margin: 0; padding: 0; clear: both;\"><\/div>","protected":false},"excerpt":{"rendered":"<p>ALGER &#8211; Le ministre de la Culture, Azzedine Mihoubi a affirm\u00e9 que la proposition de l&rsquo;Alg\u00e9rie sur la Journ\u00e9e internationale \u00ab\u00a0du vivre-ensemble en paix\u00a0\u00bb, adopt\u00e9e en d\u00e9cembre dernier par l&rsquo;Assembl\u00e9e g\u00e9n\u00e9rale de l&rsquo;ONU, d\u00e9coule de son sens \u00e9lev\u00e9 et constant en mati\u00e8re de\u00a0d\u00e9fense des principes de tol\u00e9rance, m\u00eame dans les p\u00e9riodes les plus difficiles qu&rsquo;elle<\/p>\n","protected":false},"author":6,"featured_media":23346,"comment_status":"open","ping_status":"open","sticky":false,"template":"","format":"standard","meta":{"footnotes":""},"categories":[22],"tags":[93],"class_list":["post-23345","post","type-post","status-publish","format-standard","has-post-thumbnail","hentry","category-infos","tag-onu"],"yoast_head":"<!-- This site is optimized with the Yoast SEO plugin v27.5 - https:\/\/yoast.com\/product\/yoast-seo-wordpress\/ -->\n<title>Journ\u00e9e internationale du vivre-ensemble en paix: la proposition de l&#039;Alg\u00e9rie d\u00e9coule de ses principes de tol\u00e9rance - info algerie<\/title>\n<meta name=\"robots\" content=\"index, follow, max-snippet:-1, max-image-preview:large, max-video-preview:-1\" \/>\n<link rel=\"canonical\" href=\"https:\/\/www.info-algerie.com\/actualites\/journee-internationale-du-vivre-ensemble-en-paix-la-proposition-de-lalgerie-decoule-de-ses-principes-de-tolerance\/\" \/>\n<meta property=\"og:locale\" content=\"fr_FR\" \/>\n<meta property=\"og:type\" content=\"article\" \/>\n<meta property=\"og:title\" content=\"Journ\u00e9e internationale du vivre-ensemble en paix: la proposition de l&#039;Alg\u00e9rie d\u00e9coule de ses principes de tol\u00e9rance - info algerie\" \/>\n<meta property=\"og:description\" content=\"ALGER &#8211; Le ministre de la Culture, Azzedine Mihoubi a affirm\u00e9 que la proposition de l&rsquo;Alg\u00e9rie sur la Journ\u00e9e internationale \u00ab\u00a0du vivre-ensemble en paix\u00a0\u00bb, adopt\u00e9e en d\u00e9cembre dernier par l&rsquo;Assembl\u00e9e g\u00e9n\u00e9rale de l&rsquo;ONU, d\u00e9coule de son sens \u00e9lev\u00e9 et constant en mati\u00e8re de\u00a0d\u00e9fense des principes de tol\u00e9rance, m\u00eame dans les p\u00e9riodes les plus difficiles qu&rsquo;elle\" \/>\n<meta property=\"og:url\" content=\"https:\/\/www.info-algerie.com\/actualites\/journee-internationale-du-vivre-ensemble-en-paix-la-proposition-de-lalgerie-decoule-de-ses-principes-de-tolerance\/\" \/>\n<meta property=\"og:site_name\" content=\"info algerie\" \/>\n<meta property=\"article:publisher\" content=\"https:\/\/www.facebook.com\/infoalgerieactu\" \/>\n<meta property=\"article:published_time\" content=\"2018-05-14T16:56:54+00:00\" \/>\n<meta property=\"og:image\" content=\"https:\/\/www.info-algerie.com\/actualites\/wp-content\/uploads\/2018\/05\/431284669837c86762c88e3803c394a3_S-1.jpg\" \/>\n\t<meta property=\"og:image:width\" content=\"280\" \/>\n\t<meta property=\"og:image:height\" content=\"158\" \/>\n\t<meta property=\"og:image:type\" content=\"image\/jpeg\" \/>\n<meta name=\"author\" content=\"La r\u00e9daction\" \/>\n<meta name=\"twitter:label1\" content=\"\u00c9crit par\" \/>\n\t<meta name=\"twitter:data1\" content=\"La r\u00e9daction\" \/>\n\t<meta name=\"twitter:label2\" content=\"Dur\u00e9e de lecture estim\u00e9e\" \/>\n\t<meta name=\"twitter:data2\" content=\"5 minutes\" \/>\n<script type=\"application\/ld+json\" class=\"yoast-schema-graph\">{\"@context\":\"https:\\\/\\\/schema.org\",\"@graph\":[{\"@type\":\"Article\",\"@id\":\"https:\\\/\\\/www.info-algerie.com\\\/actualites\\\/journee-internationale-du-vivre-ensemble-en-paix-la-proposition-de-lalgerie-decoule-de-ses-principes-de-tolerance\\\/#article\",\"isPartOf\":{\"@id\":\"https:\\\/\\\/www.info-algerie.com\\\/actualites\\\/journee-internationale-du-vivre-ensemble-en-paix-la-proposition-de-lalgerie-decoule-de-ses-principes-de-tolerance\\\/\"},\"author\":{\"name\":\"La r\u00e9daction\",\"@id\":\"https:\\\/\\\/www.info-algerie.com\\\/actualites\\\/#\\\/schema\\\/person\\\/847aaec44920825b843a08f30ec6aa1e\"},\"headline\":\"Journ\u00e9e internationale du vivre-ensemble en paix: la proposition de l&#039;Alg\u00e9rie d\u00e9coule de ses principes de tol\u00e9rance\",\"datePublished\":\"2018-05-14T16:56:54+00:00\",\"mainEntityOfPage\":{\"@id\":\"https:\\\/\\\/www.info-algerie.com\\\/actualites\\\/journee-internationale-du-vivre-ensemble-en-paix-la-proposition-de-lalgerie-decoule-de-ses-principes-de-tolerance\\\/\"},\"wordCount\":992,\"commentCount\":0,\"publisher\":{\"@id\":\"https:\\\/\\\/www.info-algerie.com\\\/actualites\\\/#organization\"},\"image\":{\"@id\":\"https:\\\/\\\/www.info-algerie.com\\\/actualites\\\/journee-internationale-du-vivre-ensemble-en-paix-la-proposition-de-lalgerie-decoule-de-ses-principes-de-tolerance\\\/#primaryimage\"},\"thumbnailUrl\":\"https:\\\/\\\/www.info-algerie.com\\\/actualites\\\/wp-content\\\/uploads\\\/2018\\\/05\\\/431284669837c86762c88e3803c394a3_S-1.jpg\",\"keywords\":[\"ONU\"],\"articleSection\":[\"infos\"],\"inLanguage\":\"fr-FR\",\"potentialAction\":[{\"@type\":\"CommentAction\",\"name\":\"Comment\",\"target\":[\"https:\\\/\\\/www.info-algerie.com\\\/actualites\\\/journee-internationale-du-vivre-ensemble-en-paix-la-proposition-de-lalgerie-decoule-de-ses-principes-de-tolerance\\\/#respond\"]}]},{\"@type\":\"WebPage\",\"@id\":\"https:\\\/\\\/www.info-algerie.com\\\/actualites\\\/journee-internationale-du-vivre-ensemble-en-paix-la-proposition-de-lalgerie-decoule-de-ses-principes-de-tolerance\\\/\",\"url\":\"https:\\\/\\\/www.info-algerie.com\\\/actualites\\\/journee-internationale-du-vivre-ensemble-en-paix-la-proposition-de-lalgerie-decoule-de-ses-principes-de-tolerance\\\/\",\"name\":\"Journ\u00e9e internationale du vivre-ensemble en paix: la proposition de l&#039;Alg\u00e9rie d\u00e9coule de ses principes de tol\u00e9rance - info algerie\",\"isPartOf\":{\"@id\":\"https:\\\/\\\/www.info-algerie.com\\\/actualites\\\/#website\"},\"primaryImageOfPage\":{\"@id\":\"https:\\\/\\\/www.info-algerie.com\\\/actualites\\\/journee-internationale-du-vivre-ensemble-en-paix-la-proposition-de-lalgerie-decoule-de-ses-principes-de-tolerance\\\/#primaryimage\"},\"image\":{\"@id\":\"https:\\\/\\\/www.info-algerie.com\\\/actualites\\\/journee-internationale-du-vivre-ensemble-en-paix-la-proposition-de-lalgerie-decoule-de-ses-principes-de-tolerance\\\/#primaryimage\"},\"thumbnailUrl\":\"https:\\\/\\\/www.info-algerie.com\\\/actualites\\\/wp-content\\\/uploads\\\/2018\\\/05\\\/431284669837c86762c88e3803c394a3_S-1.jpg\",\"datePublished\":\"2018-05-14T16:56:54+00:00\",\"breadcrumb\":{\"@id\":\"https:\\\/\\\/www.info-algerie.com\\\/actualites\\\/journee-internationale-du-vivre-ensemble-en-paix-la-proposition-de-lalgerie-decoule-de-ses-principes-de-tolerance\\\/#breadcrumb\"},\"inLanguage\":\"fr-FR\",\"potentialAction\":[{\"@type\":\"ReadAction\",\"target\":[\"https:\\\/\\\/www.info-algerie.com\\\/actualites\\\/journee-internationale-du-vivre-ensemble-en-paix-la-proposition-de-lalgerie-decoule-de-ses-principes-de-tolerance\\\/\"]}]},{\"@type\":\"ImageObject\",\"inLanguage\":\"fr-FR\",\"@id\":\"https:\\\/\\\/www.info-algerie.com\\\/actualites\\\/journee-internationale-du-vivre-ensemble-en-paix-la-proposition-de-lalgerie-decoule-de-ses-principes-de-tolerance\\\/#primaryimage\",\"url\":\"https:\\\/\\\/www.info-algerie.com\\\/actualites\\\/wp-content\\\/uploads\\\/2018\\\/05\\\/431284669837c86762c88e3803c394a3_S-1.jpg\",\"contentUrl\":\"https:\\\/\\\/www.info-algerie.com\\\/actualites\\\/wp-content\\\/uploads\\\/2018\\\/05\\\/431284669837c86762c88e3803c394a3_S-1.jpg\",\"width\":280,\"height\":158},{\"@type\":\"BreadcrumbList\",\"@id\":\"https:\\\/\\\/www.info-algerie.com\\\/actualites\\\/journee-internationale-du-vivre-ensemble-en-paix-la-proposition-de-lalgerie-decoule-de-ses-principes-de-tolerance\\\/#breadcrumb\",\"itemListElement\":[{\"@type\":\"ListItem\",\"position\":1,\"name\":\"Accueil\",\"item\":\"https:\\\/\\\/www.info-algerie.com\\\/actualites\\\/\"},{\"@type\":\"ListItem\",\"position\":2,\"name\":\"Journ\u00e9e internationale du vivre-ensemble en paix: la proposition de l&#039;Alg\u00e9rie d\u00e9coule de ses principes de tol\u00e9rance\"}]},{\"@type\":\"WebSite\",\"@id\":\"https:\\\/\\\/www.info-algerie.com\\\/actualites\\\/#website\",\"url\":\"https:\\\/\\\/www.info-algerie.com\\\/actualites\\\/\",\"name\":\"info algerie\",\"description\":\"Toutes les actualit\u00e9s\",\"publisher\":{\"@id\":\"https:\\\/\\\/www.info-algerie.com\\\/actualites\\\/#organization\"},\"potentialAction\":[{\"@type\":\"SearchAction\",\"target\":{\"@type\":\"EntryPoint\",\"urlTemplate\":\"https:\\\/\\\/www.info-algerie.com\\\/actualites\\\/?s={search_term_string}\"},\"query-input\":{\"@type\":\"PropertyValueSpecification\",\"valueRequired\":true,\"valueName\":\"search_term_string\"}}],\"inLanguage\":\"fr-FR\"},{\"@type\":\"Organization\",\"@id\":\"https:\\\/\\\/www.info-algerie.com\\\/actualites\\\/#organization\",\"name\":\"info algerie\",\"url\":\"https:\\\/\\\/www.info-algerie.com\\\/actualites\\\/\",\"logo\":{\"@type\":\"ImageObject\",\"inLanguage\":\"fr-FR\",\"@id\":\"https:\\\/\\\/www.info-algerie.com\\\/actualites\\\/#\\\/schema\\\/logo\\\/image\\\/\",\"url\":\"https:\\\/\\\/www.info-algerie.com\\\/actualites\\\/wp-content\\\/uploads\\\/2022\\\/07\\\/logo-ia-120.png\",\"contentUrl\":\"https:\\\/\\\/www.info-algerie.com\\\/actualites\\\/wp-content\\\/uploads\\\/2022\\\/07\\\/logo-ia-120.png\",\"width\":120,\"height\":43,\"caption\":\"info algerie\"},\"image\":{\"@id\":\"https:\\\/\\\/www.info-algerie.com\\\/actualites\\\/#\\\/schema\\\/logo\\\/image\\\/\"},\"sameAs\":[\"https:\\\/\\\/www.facebook.com\\\/infoalgerieactu\",\"https:\\\/\\\/x.com\\\/infoalgerie1\"]},{\"@type\":\"Person\",\"@id\":\"https:\\\/\\\/www.info-algerie.com\\\/actualites\\\/#\\\/schema\\\/person\\\/847aaec44920825b843a08f30ec6aa1e\",\"name\":\"La r\u00e9daction\",\"image\":{\"@type\":\"ImageObject\",\"inLanguage\":\"fr-FR\",\"@id\":\"https:\\\/\\\/secure.gravatar.com\\\/avatar\\\/769db425c6f465158149f1ffd6cf61ce7a8a879d11dfbef8288af36dfddd418c?s=96&d=mm&r=g\",\"url\":\"https:\\\/\\\/secure.gravatar.com\\\/avatar\\\/769db425c6f465158149f1ffd6cf61ce7a8a879d11dfbef8288af36dfddd418c?s=96&d=mm&r=g\",\"contentUrl\":\"https:\\\/\\\/secure.gravatar.com\\\/avatar\\\/769db425c6f465158149f1ffd6cf61ce7a8a879d11dfbef8288af36dfddd418c?s=96&d=mm&r=g\",\"caption\":\"La r\u00e9daction\"},\"sameAs\":[\"http:\\\/\\\/www.lkeria.com\\\/\"],\"url\":\"https:\\\/\\\/www.info-algerie.com\\\/actualites\\\/author\\\/chakib32\\\/\"}]}<\/script>\n<!-- \/ Yoast SEO plugin. -->","yoast_head_json":{"title":"Journ\u00e9e internationale du vivre-ensemble en paix: la proposition de l&#039;Alg\u00e9rie d\u00e9coule de ses principes de tol\u00e9rance - info algerie","robots":{"index":"index","follow":"follow","max-snippet":"max-snippet:-1","max-image-preview":"max-image-preview:large","max-video-preview":"max-video-preview:-1"},"canonical":"https:\/\/www.info-algerie.com\/actualites\/journee-internationale-du-vivre-ensemble-en-paix-la-proposition-de-lalgerie-decoule-de-ses-principes-de-tolerance\/","og_locale":"fr_FR","og_type":"article","og_title":"Journ\u00e9e internationale du vivre-ensemble en paix: la proposition de l&#039;Alg\u00e9rie d\u00e9coule de ses principes de tol\u00e9rance - info algerie","og_description":"ALGER &#8211; Le ministre de la Culture, Azzedine Mihoubi a affirm\u00e9 que la proposition de l&rsquo;Alg\u00e9rie sur la Journ\u00e9e internationale \u00ab\u00a0du vivre-ensemble en paix\u00a0\u00bb, adopt\u00e9e en d\u00e9cembre dernier par l&rsquo;Assembl\u00e9e g\u00e9n\u00e9rale de l&rsquo;ONU, d\u00e9coule de son sens \u00e9lev\u00e9 et constant en mati\u00e8re de\u00a0d\u00e9fense des principes de tol\u00e9rance, m\u00eame dans les p\u00e9riodes les plus difficiles qu&rsquo;elle","og_url":"https:\/\/www.info-algerie.com\/actualites\/journee-internationale-du-vivre-ensemble-en-paix-la-proposition-de-lalgerie-decoule-de-ses-principes-de-tolerance\/","og_site_name":"info algerie","article_publisher":"https:\/\/www.facebook.com\/infoalgerieactu","article_published_time":"2018-05-14T16:56:54+00:00","og_image":[{"width":280,"height":158,"url":"https:\/\/www.info-algerie.com\/actualites\/wp-content\/uploads\/2018\/05\/431284669837c86762c88e3803c394a3_S-1.jpg","type":"image\/jpeg"}],"author":"La r\u00e9daction","twitter_misc":{"\u00c9crit par":"La r\u00e9daction","Dur\u00e9e de lecture estim\u00e9e":"5 minutes"},"schema":{"@context":"https:\/\/schema.org","@graph":[{"@type":"Article","@id":"https:\/\/www.info-algerie.com\/actualites\/journee-internationale-du-vivre-ensemble-en-paix-la-proposition-de-lalgerie-decoule-de-ses-principes-de-tolerance\/#article","isPartOf":{"@id":"https:\/\/www.info-algerie.com\/actualites\/journee-internationale-du-vivre-ensemble-en-paix-la-proposition-de-lalgerie-decoule-de-ses-principes-de-tolerance\/"},"author":{"name":"La r\u00e9daction","@id":"https:\/\/www.info-algerie.com\/actualites\/#\/schema\/person\/847aaec44920825b843a08f30ec6aa1e"},"headline":"Journ\u00e9e internationale du vivre-ensemble en paix: la proposition de l&#039;Alg\u00e9rie d\u00e9coule de ses principes de tol\u00e9rance","datePublished":"2018-05-14T16:56:54+00:00","mainEntityOfPage":{"@id":"https:\/\/www.info-algerie.com\/actualites\/journee-internationale-du-vivre-ensemble-en-paix-la-proposition-de-lalgerie-decoule-de-ses-principes-de-tolerance\/"},"wordCount":992,"commentCount":0,"publisher":{"@id":"https:\/\/www.info-algerie.com\/actualites\/#organization"},"image":{"@id":"https:\/\/www.info-algerie.com\/actualites\/journee-internationale-du-vivre-ensemble-en-paix-la-proposition-de-lalgerie-decoule-de-ses-principes-de-tolerance\/#primaryimage"},"thumbnailUrl":"https:\/\/www.info-algerie.com\/actualites\/wp-content\/uploads\/2018\/05\/431284669837c86762c88e3803c394a3_S-1.jpg","keywords":["ONU"],"articleSection":["infos"],"inLanguage":"fr-FR","potentialAction":[{"@type":"CommentAction","name":"Comment","target":["https:\/\/www.info-algerie.com\/actualites\/journee-internationale-du-vivre-ensemble-en-paix-la-proposition-de-lalgerie-decoule-de-ses-principes-de-tolerance\/#respond"]}]},{"@type":"WebPage","@id":"https:\/\/www.info-algerie.com\/actualites\/journee-internationale-du-vivre-ensemble-en-paix-la-proposition-de-lalgerie-decoule-de-ses-principes-de-tolerance\/","url":"https:\/\/www.info-algerie.com\/actualites\/journee-internationale-du-vivre-ensemble-en-paix-la-proposition-de-lalgerie-decoule-de-ses-principes-de-tolerance\/","name":"Journ\u00e9e internationale du vivre-ensemble en paix: la proposition de l&#039;Alg\u00e9rie d\u00e9coule de ses principes de tol\u00e9rance - info algerie","isPartOf":{"@id":"https:\/\/www.info-algerie.com\/actualites\/#website"},"primaryImageOfPage":{"@id":"https:\/\/www.info-algerie.com\/actualites\/journee-internationale-du-vivre-ensemble-en-paix-la-proposition-de-lalgerie-decoule-de-ses-principes-de-tolerance\/#primaryimage"},"image":{"@id":"https:\/\/www.info-algerie.com\/actualites\/journee-internationale-du-vivre-ensemble-en-paix-la-proposition-de-lalgerie-decoule-de-ses-principes-de-tolerance\/#primaryimage"},"thumbnailUrl":"https:\/\/www.info-algerie.com\/actualites\/wp-content\/uploads\/2018\/05\/431284669837c86762c88e3803c394a3_S-1.jpg","datePublished":"2018-05-14T16:56:54+00:00","breadcrumb":{"@id":"https:\/\/www.info-algerie.com\/actualites\/journee-internationale-du-vivre-ensemble-en-paix-la-proposition-de-lalgerie-decoule-de-ses-principes-de-tolerance\/#breadcrumb"},"inLanguage":"fr-FR","potentialAction":[{"@type":"ReadAction","target":["https:\/\/www.info-algerie.com\/actualites\/journee-internationale-du-vivre-ensemble-en-paix-la-proposition-de-lalgerie-decoule-de-ses-principes-de-tolerance\/"]}]},{"@type":"ImageObject","inLanguage":"fr-FR","@id":"https:\/\/www.info-algerie.com\/actualites\/journee-internationale-du-vivre-ensemble-en-paix-la-proposition-de-lalgerie-decoule-de-ses-principes-de-tolerance\/#primaryimage","url":"https:\/\/www.info-algerie.com\/actualites\/wp-content\/uploads\/2018\/05\/431284669837c86762c88e3803c394a3_S-1.jpg","contentUrl":"https:\/\/www.info-algerie.com\/actualites\/wp-content\/uploads\/2018\/05\/431284669837c86762c88e3803c394a3_S-1.jpg","width":280,"height":158},{"@type":"BreadcrumbList","@id":"https:\/\/www.info-algerie.com\/actualites\/journee-internationale-du-vivre-ensemble-en-paix-la-proposition-de-lalgerie-decoule-de-ses-principes-de-tolerance\/#breadcrumb","itemListElement":[{"@type":"ListItem","position":1,"name":"Accueil","item":"https:\/\/www.info-algerie.com\/actualites\/"},{"@type":"ListItem","position":2,"name":"Journ\u00e9e internationale du vivre-ensemble en paix: la proposition de l&#039;Alg\u00e9rie d\u00e9coule de ses principes de tol\u00e9rance"}]},{"@type":"WebSite","@id":"https:\/\/www.info-algerie.com\/actualites\/#website","url":"https:\/\/www.info-algerie.com\/actualites\/","name":"info algerie","description":"Toutes les actualit\u00e9s","publisher":{"@id":"https:\/\/www.info-algerie.com\/actualites\/#organization"},"potentialAction":[{"@type":"SearchAction","target":{"@type":"EntryPoint","urlTemplate":"https:\/\/www.info-algerie.com\/actualites\/?s={search_term_string}"},"query-input":{"@type":"PropertyValueSpecification","valueRequired":true,"valueName":"search_term_string"}}],"inLanguage":"fr-FR"},{"@type":"Organization","@id":"https:\/\/www.info-algerie.com\/actualites\/#organization","name":"info algerie","url":"https:\/\/www.info-algerie.com\/actualites\/","logo":{"@type":"ImageObject","inLanguage":"fr-FR","@id":"https:\/\/www.info-algerie.com\/actualites\/#\/schema\/logo\/image\/","url":"https:\/\/www.info-algerie.com\/actualites\/wp-content\/uploads\/2022\/07\/logo-ia-120.png","contentUrl":"https:\/\/www.info-algerie.com\/actualites\/wp-content\/uploads\/2022\/07\/logo-ia-120.png","width":120,"height":43,"caption":"info algerie"},"image":{"@id":"https:\/\/www.info-algerie.com\/actualites\/#\/schema\/logo\/image\/"},"sameAs":["https:\/\/www.facebook.com\/infoalgerieactu","https:\/\/x.com\/infoalgerie1"]},{"@type":"Person","@id":"https:\/\/www.info-algerie.com\/actualites\/#\/schema\/person\/847aaec44920825b843a08f30ec6aa1e","name":"La r\u00e9daction","image":{"@type":"ImageObject","inLanguage":"fr-FR","@id":"https:\/\/secure.gravatar.com\/avatar\/769db425c6f465158149f1ffd6cf61ce7a8a879d11dfbef8288af36dfddd418c?s=96&d=mm&r=g","url":"https:\/\/secure.gravatar.com\/avatar\/769db425c6f465158149f1ffd6cf61ce7a8a879d11dfbef8288af36dfddd418c?s=96&d=mm&r=g","contentUrl":"https:\/\/secure.gravatar.com\/avatar\/769db425c6f465158149f1ffd6cf61ce7a8a879d11dfbef8288af36dfddd418c?s=96&d=mm&r=g","caption":"La r\u00e9daction"},"sameAs":["http:\/\/www.lkeria.com\/"],"url":"https:\/\/www.info-algerie.com\/actualites\/author\/chakib32\/"}]}},"_links":{"self":[{"href":"https:\/\/www.info-algerie.com\/actualites\/wp-json\/wp\/v2\/posts\/23345","targetHints":{"allow":["GET"]}}],"collection":[{"href":"https:\/\/www.info-algerie.com\/actualites\/wp-json\/wp\/v2\/posts"}],"about":[{"href":"https:\/\/www.info-algerie.com\/actualites\/wp-json\/wp\/v2\/types\/post"}],"author":[{"embeddable":true,"href":"https:\/\/www.info-algerie.com\/actualites\/wp-json\/wp\/v2\/users\/6"}],"replies":[{"embeddable":true,"href":"https:\/\/www.info-algerie.com\/actualites\/wp-json\/wp\/v2\/comments?post=23345"}],"version-history":[{"count":0,"href":"https:\/\/www.info-algerie.com\/actualites\/wp-json\/wp\/v2\/posts\/23345\/revisions"}],"wp:featuredmedia":[{"embeddable":true,"href":"https:\/\/www.info-algerie.com\/actualites\/wp-json\/wp\/v2\/media\/23346"}],"wp:attachment":[{"href":"https:\/\/www.info-algerie.com\/actualites\/wp-json\/wp\/v2\/media?parent=23345"}],"wp:term":[{"taxonomy":"category","embeddable":true,"href":"https:\/\/www.info-algerie.com\/actualites\/wp-json\/wp\/v2\/categories?post=23345"},{"taxonomy":"post_tag","embeddable":true,"href":"https:\/\/www.info-algerie.com\/actualites\/wp-json\/wp\/v2\/tags?post=23345"}],"curies":[{"name":"wp","href":"https:\/\/api.w.org\/{rel}","templated":true}]}}