{"id":23351,"date":"2018-05-14T17:18:03","date_gmt":"2018-05-14T16:18:03","guid":{"rendered":"http:\/\/www.info-algerie.com\/actualites\/reunion-regionale-sur-la-coordination-des-etats-parties-de-la-convention-sur-linterdiction-des-armes-chimiques-de-lafrique-du-nord-et-du-sahel\/"},"modified":"2018-05-14T17:18:03","modified_gmt":"2018-05-14T16:18:03","slug":"reunion-regionale-sur-la-coordination-des-etats-parties-de-la-convention-sur-linterdiction-des-armes-chimiques-de-lafrique-du-nord-et-du-sahel","status":"publish","type":"post","link":"https:\/\/www.info-algerie.com\/actualites\/reunion-regionale-sur-la-coordination-des-etats-parties-de-la-convention-sur-linterdiction-des-armes-chimiques-de-lafrique-du-nord-et-du-sahel\/","title":{"rendered":"R\u00e9union r\u00e9gionale sur la coordination des Etats Parties de la Convention sur l\u2019interdiction des Armes Chimiques de l&#039;Afrique du Nord et du Sahel"},"content":{"rendered":"<div class=\"K2FeedImage\"><img decoding=\"async\" src=\"https:\/\/www.info-algerie.com\/actualites\/wp-content\/uploads\/2018\/05\/5e8c843d1e97ef00f4b48ad3a37c4bd8_S.jpg\" alt=\"R&#xE9;union r&#xE9;gionale sur la coordination des Etats Parties de la Convention sur l&#x2019;interdiction des Armes Chimiques de l'Afrique du Nord et du Sahel\" \/><\/div>\n<div class=\"K2FeedIntroText\">\n<p>ALGER- Le minist\u00e8re de la D\u00e9fense nationale organise depuis lundi \u00e0 Alger, conjointement avec l\u2019Organisation de l\u2019Interdiction des armes chimiques, une r\u00e9union r\u00e9gionale sur la planification et la\u00a0coordination des Etats Parties de la Convention sur l\u2019interdiction des armes chimiques de la r\u00e9gion Afrique du Nord et du Sahel.<\/p>\n<p>&#013;\n<\/p><\/div>\n<div class=\"K2FeedFullText\">&#013;<\/p>\n<blockquote><p>&#013;<\/p>\n<p><em><strong>Cette r\u00e9union, ouverte au nom du G\u00e9n\u00e9ral de Corps d\u2019Arm\u00e9e, Vice-ministre de la D\u00e9fense nationale, Chef-d\u2019Etat-major de l\u2019Arm\u00e9e nationale populaire, par le G\u00e9n\u00e9ral-major Gueroui Djamel, charg\u00e9 de mission aupr\u00e8s du MDN, sera anim\u00e9e par des experts nationaux et \u00e9trangers et portera sur l\u2019examen des questions li\u00e9es \u00e0 la planification et la coordination lors des op\u00e9rations d\u2019assistance et de protection et ce, \u00e0 travers le partage de l\u2019information et l\u2019\u00e9change d\u2019exp\u00e9riences, notamment l\u2019application de l\u2019article 10 de la\u00a0 Convention relative \u00e0 l\u2019interdiction des armes chimiques, indique un\u00a0 communiqu\u00e9 du MDN.<\/strong><\/em><\/p>\n<p>&#013;\n<\/p><\/blockquote>\n<p>&#013;<\/p>\n<p>La r\u00e9union constitue une opportunit\u00e9 pour les experts nationaux dans ce domaine afin de \u00ab\u00a0consolider les capacit\u00e9s de r\u00e9ponse nationale et r\u00e9gionale contre les incidents chimiques selon les exigences des circonstances et des mutations de la sc\u00e8ne internationale, \u00e0 travers des interactions et des discutions, en favorisant une coop\u00e9ration commune plus large entre les Etats membres dans la r\u00e9gion sur les questions li\u00e9es aux armes chimiques\u00a0\u00bb, ajoute la m\u00eame source.<\/p>\n<\/div>\n<p>&#013;<br \/>\nSource: <a href=\"http:\/\/www.aps.dz\/algerie\/74040-reunion-regionale-sur-la-coordination-des-etats-parties-de-la-convention-sur-l-interdiction-des-armes-chimiques-de-l-afrique-du-nord-et-du-sahel\" target=\"_blank\">R\u00e9union r\u00e9gionale sur la coordination des Etats Parties de la Convention sur l\u2019interdiction des Armes Chimiques de l&rsquo;Afrique du Nord et du Sahel<\/a><\/p>\n<!--CusAds0-->\n<div style=\"font-size: 0px; height: 0px; line-height: 0px; margin: 0; padding: 0; clear: both;\"><\/div>","protected":false},"excerpt":{"rendered":"<p>ALGER- Le minist\u00e8re de la D\u00e9fense nationale organise depuis lundi \u00e0 Alger, conjointement avec l\u2019Organisation de l\u2019Interdiction des armes chimiques, une r\u00e9union r\u00e9gionale sur la planification et la\u00a0coordination des Etats Parties de la Convention sur l\u2019interdiction des armes chimiques de la r\u00e9gion Afrique du Nord et du Sahel. &#013; &#013; &#013; Cette r\u00e9union, ouverte au<\/p>\n","protected":false},"author":6,"featured_media":23352,"comment_status":"open","ping_status":"open","sticky":false,"template":"","format":"standard","meta":{"footnotes":""},"categories":[22],"tags":[93],"class_list":["post-23351","post","type-post","status-publish","format-standard","has-post-thumbnail","hentry","category-infos","tag-onu"],"yoast_head":"<!-- This site is optimized with the Yoast SEO plugin v27.5 - https:\/\/yoast.com\/product\/yoast-seo-wordpress\/ -->\n<title>R\u00e9union r\u00e9gionale sur la coordination des Etats Parties de la Convention sur l\u2019interdiction des Armes Chimiques de l&#039;Afrique du Nord et du Sahel - info algerie<\/title>\n<meta name=\"robots\" content=\"index, follow, max-snippet:-1, max-image-preview:large, max-video-preview:-1\" \/>\n<link rel=\"canonical\" href=\"https:\/\/www.info-algerie.com\/actualites\/reunion-regionale-sur-la-coordination-des-etats-parties-de-la-convention-sur-linterdiction-des-armes-chimiques-de-lafrique-du-nord-et-du-sahel\/\" \/>\n<meta property=\"og:locale\" content=\"fr_FR\" \/>\n<meta property=\"og:type\" content=\"article\" \/>\n<meta property=\"og:title\" content=\"R\u00e9union r\u00e9gionale sur la coordination des Etats Parties de la Convention sur l\u2019interdiction des Armes Chimiques de l&#039;Afrique du Nord et du Sahel - info algerie\" \/>\n<meta property=\"og:description\" content=\"ALGER- Le minist\u00e8re de la D\u00e9fense nationale organise depuis lundi \u00e0 Alger, conjointement avec l\u2019Organisation de l\u2019Interdiction des armes chimiques, une r\u00e9union r\u00e9gionale sur la planification et la\u00a0coordination des Etats Parties de la Convention sur l\u2019interdiction des armes chimiques de la r\u00e9gion Afrique du Nord et du Sahel. &#013; &#013; &#013; Cette r\u00e9union, ouverte au\" \/>\n<meta property=\"og:url\" content=\"https:\/\/www.info-algerie.com\/actualites\/reunion-regionale-sur-la-coordination-des-etats-parties-de-la-convention-sur-linterdiction-des-armes-chimiques-de-lafrique-du-nord-et-du-sahel\/\" \/>\n<meta property=\"og:site_name\" content=\"info algerie\" \/>\n<meta property=\"article:publisher\" content=\"https:\/\/www.facebook.com\/infoalgerieactu\" \/>\n<meta property=\"article:published_time\" content=\"2018-05-14T16:18:03+00:00\" \/>\n<meta property=\"og:image\" content=\"https:\/\/www.info-algerie.com\/actualites\/wp-content\/uploads\/2018\/05\/5e8c843d1e97ef00f4b48ad3a37c4bd8_S-1.jpg\" \/>\n\t<meta property=\"og:image:width\" content=\"280\" \/>\n\t<meta property=\"og:image:height\" content=\"169\" \/>\n\t<meta property=\"og:image:type\" content=\"image\/jpeg\" \/>\n<meta name=\"author\" content=\"La r\u00e9daction\" \/>\n<meta name=\"twitter:label1\" content=\"\u00c9crit par\" \/>\n\t<meta name=\"twitter:data1\" content=\"La r\u00e9daction\" \/>\n\t<meta name=\"twitter:label2\" content=\"Dur\u00e9e de lecture estim\u00e9e\" \/>\n\t<meta name=\"twitter:data2\" content=\"1 minute\" \/>\n<script type=\"application\/ld+json\" class=\"yoast-schema-graph\">{\"@context\":\"https:\\\/\\\/schema.org\",\"@graph\":[{\"@type\":\"Article\",\"@id\":\"https:\\\/\\\/www.info-algerie.com\\\/actualites\\\/reunion-regionale-sur-la-coordination-des-etats-parties-de-la-convention-sur-linterdiction-des-armes-chimiques-de-lafrique-du-nord-et-du-sahel\\\/#article\",\"isPartOf\":{\"@id\":\"https:\\\/\\\/www.info-algerie.com\\\/actualites\\\/reunion-regionale-sur-la-coordination-des-etats-parties-de-la-convention-sur-linterdiction-des-armes-chimiques-de-lafrique-du-nord-et-du-sahel\\\/\"},\"author\":{\"name\":\"La r\u00e9daction\",\"@id\":\"https:\\\/\\\/www.info-algerie.com\\\/actualites\\\/#\\\/schema\\\/person\\\/847aaec44920825b843a08f30ec6aa1e\"},\"headline\":\"R\u00e9union r\u00e9gionale sur la coordination des Etats Parties de la Convention sur l\u2019interdiction des Armes Chimiques de l&#039;Afrique du Nord et du Sahel\",\"datePublished\":\"2018-05-14T16:18:03+00:00\",\"mainEntityOfPage\":{\"@id\":\"https:\\\/\\\/www.info-algerie.com\\\/actualites\\\/reunion-regionale-sur-la-coordination-des-etats-parties-de-la-convention-sur-linterdiction-des-armes-chimiques-de-lafrique-du-nord-et-du-sahel\\\/\"},\"wordCount\":298,\"commentCount\":0,\"publisher\":{\"@id\":\"https:\\\/\\\/www.info-algerie.com\\\/actualites\\\/#organization\"},\"image\":{\"@id\":\"https:\\\/\\\/www.info-algerie.com\\\/actualites\\\/reunion-regionale-sur-la-coordination-des-etats-parties-de-la-convention-sur-linterdiction-des-armes-chimiques-de-lafrique-du-nord-et-du-sahel\\\/#primaryimage\"},\"thumbnailUrl\":\"https:\\\/\\\/www.info-algerie.com\\\/actualites\\\/wp-content\\\/uploads\\\/2018\\\/05\\\/5e8c843d1e97ef00f4b48ad3a37c4bd8_S-1.jpg\",\"keywords\":[\"ONU\"],\"articleSection\":[\"infos\"],\"inLanguage\":\"fr-FR\",\"potentialAction\":[{\"@type\":\"CommentAction\",\"name\":\"Comment\",\"target\":[\"https:\\\/\\\/www.info-algerie.com\\\/actualites\\\/reunion-regionale-sur-la-coordination-des-etats-parties-de-la-convention-sur-linterdiction-des-armes-chimiques-de-lafrique-du-nord-et-du-sahel\\\/#respond\"]}]},{\"@type\":\"WebPage\",\"@id\":\"https:\\\/\\\/www.info-algerie.com\\\/actualites\\\/reunion-regionale-sur-la-coordination-des-etats-parties-de-la-convention-sur-linterdiction-des-armes-chimiques-de-lafrique-du-nord-et-du-sahel\\\/\",\"url\":\"https:\\\/\\\/www.info-algerie.com\\\/actualites\\\/reunion-regionale-sur-la-coordination-des-etats-parties-de-la-convention-sur-linterdiction-des-armes-chimiques-de-lafrique-du-nord-et-du-sahel\\\/\",\"name\":\"R\u00e9union r\u00e9gionale sur la coordination des Etats Parties de la Convention sur l\u2019interdiction des Armes Chimiques de l&#039;Afrique du Nord et du Sahel - info algerie\",\"isPartOf\":{\"@id\":\"https:\\\/\\\/www.info-algerie.com\\\/actualites\\\/#website\"},\"primaryImageOfPage\":{\"@id\":\"https:\\\/\\\/www.info-algerie.com\\\/actualites\\\/reunion-regionale-sur-la-coordination-des-etats-parties-de-la-convention-sur-linterdiction-des-armes-chimiques-de-lafrique-du-nord-et-du-sahel\\\/#primaryimage\"},\"image\":{\"@id\":\"https:\\\/\\\/www.info-algerie.com\\\/actualites\\\/reunion-regionale-sur-la-coordination-des-etats-parties-de-la-convention-sur-linterdiction-des-armes-chimiques-de-lafrique-du-nord-et-du-sahel\\\/#primaryimage\"},\"thumbnailUrl\":\"https:\\\/\\\/www.info-algerie.com\\\/actualites\\\/wp-content\\\/uploads\\\/2018\\\/05\\\/5e8c843d1e97ef00f4b48ad3a37c4bd8_S-1.jpg\",\"datePublished\":\"2018-05-14T16:18:03+00:00\",\"breadcrumb\":{\"@id\":\"https:\\\/\\\/www.info-algerie.com\\\/actualites\\\/reunion-regionale-sur-la-coordination-des-etats-parties-de-la-convention-sur-linterdiction-des-armes-chimiques-de-lafrique-du-nord-et-du-sahel\\\/#breadcrumb\"},\"inLanguage\":\"fr-FR\",\"potentialAction\":[{\"@type\":\"ReadAction\",\"target\":[\"https:\\\/\\\/www.info-algerie.com\\\/actualites\\\/reunion-regionale-sur-la-coordination-des-etats-parties-de-la-convention-sur-linterdiction-des-armes-chimiques-de-lafrique-du-nord-et-du-sahel\\\/\"]}]},{\"@type\":\"ImageObject\",\"inLanguage\":\"fr-FR\",\"@id\":\"https:\\\/\\\/www.info-algerie.com\\\/actualites\\\/reunion-regionale-sur-la-coordination-des-etats-parties-de-la-convention-sur-linterdiction-des-armes-chimiques-de-lafrique-du-nord-et-du-sahel\\\/#primaryimage\",\"url\":\"https:\\\/\\\/www.info-algerie.com\\\/actualites\\\/wp-content\\\/uploads\\\/2018\\\/05\\\/5e8c843d1e97ef00f4b48ad3a37c4bd8_S-1.jpg\",\"contentUrl\":\"https:\\\/\\\/www.info-algerie.com\\\/actualites\\\/wp-content\\\/uploads\\\/2018\\\/05\\\/5e8c843d1e97ef00f4b48ad3a37c4bd8_S-1.jpg\",\"width\":280,\"height\":169},{\"@type\":\"BreadcrumbList\",\"@id\":\"https:\\\/\\\/www.info-algerie.com\\\/actualites\\\/reunion-regionale-sur-la-coordination-des-etats-parties-de-la-convention-sur-linterdiction-des-armes-chimiques-de-lafrique-du-nord-et-du-sahel\\\/#breadcrumb\",\"itemListElement\":[{\"@type\":\"ListItem\",\"position\":1,\"name\":\"Accueil\",\"item\":\"https:\\\/\\\/www.info-algerie.com\\\/actualites\\\/\"},{\"@type\":\"ListItem\",\"position\":2,\"name\":\"R\u00e9union r\u00e9gionale sur la coordination des Etats Parties de la Convention sur l\u2019interdiction des Armes Chimiques de l&#039;Afrique du Nord et du Sahel\"}]},{\"@type\":\"WebSite\",\"@id\":\"https:\\\/\\\/www.info-algerie.com\\\/actualites\\\/#website\",\"url\":\"https:\\\/\\\/www.info-algerie.com\\\/actualites\\\/\",\"name\":\"info algerie\",\"description\":\"Toutes les actualit\u00e9s\",\"publisher\":{\"@id\":\"https:\\\/\\\/www.info-algerie.com\\\/actualites\\\/#organization\"},\"potentialAction\":[{\"@type\":\"SearchAction\",\"target\":{\"@type\":\"EntryPoint\",\"urlTemplate\":\"https:\\\/\\\/www.info-algerie.com\\\/actualites\\\/?s={search_term_string}\"},\"query-input\":{\"@type\":\"PropertyValueSpecification\",\"valueRequired\":true,\"valueName\":\"search_term_string\"}}],\"inLanguage\":\"fr-FR\"},{\"@type\":\"Organization\",\"@id\":\"https:\\\/\\\/www.info-algerie.com\\\/actualites\\\/#organization\",\"name\":\"info algerie\",\"url\":\"https:\\\/\\\/www.info-algerie.com\\\/actualites\\\/\",\"logo\":{\"@type\":\"ImageObject\",\"inLanguage\":\"fr-FR\",\"@id\":\"https:\\\/\\\/www.info-algerie.com\\\/actualites\\\/#\\\/schema\\\/logo\\\/image\\\/\",\"url\":\"https:\\\/\\\/www.info-algerie.com\\\/actualites\\\/wp-content\\\/uploads\\\/2022\\\/07\\\/logo-ia-120.png\",\"contentUrl\":\"https:\\\/\\\/www.info-algerie.com\\\/actualites\\\/wp-content\\\/uploads\\\/2022\\\/07\\\/logo-ia-120.png\",\"width\":120,\"height\":43,\"caption\":\"info algerie\"},\"image\":{\"@id\":\"https:\\\/\\\/www.info-algerie.com\\\/actualites\\\/#\\\/schema\\\/logo\\\/image\\\/\"},\"sameAs\":[\"https:\\\/\\\/www.facebook.com\\\/infoalgerieactu\",\"https:\\\/\\\/x.com\\\/infoalgerie1\"]},{\"@type\":\"Person\",\"@id\":\"https:\\\/\\\/www.info-algerie.com\\\/actualites\\\/#\\\/schema\\\/person\\\/847aaec44920825b843a08f30ec6aa1e\",\"name\":\"La r\u00e9daction\",\"image\":{\"@type\":\"ImageObject\",\"inLanguage\":\"fr-FR\",\"@id\":\"https:\\\/\\\/secure.gravatar.com\\\/avatar\\\/769db425c6f465158149f1ffd6cf61ce7a8a879d11dfbef8288af36dfddd418c?s=96&d=mm&r=g\",\"url\":\"https:\\\/\\\/secure.gravatar.com\\\/avatar\\\/769db425c6f465158149f1ffd6cf61ce7a8a879d11dfbef8288af36dfddd418c?s=96&d=mm&r=g\",\"contentUrl\":\"https:\\\/\\\/secure.gravatar.com\\\/avatar\\\/769db425c6f465158149f1ffd6cf61ce7a8a879d11dfbef8288af36dfddd418c?s=96&d=mm&r=g\",\"caption\":\"La r\u00e9daction\"},\"sameAs\":[\"http:\\\/\\\/www.lkeria.com\\\/\"],\"url\":\"https:\\\/\\\/www.info-algerie.com\\\/actualites\\\/author\\\/chakib32\\\/\"}]}<\/script>\n<!-- \/ Yoast SEO plugin. -->","yoast_head_json":{"title":"R\u00e9union r\u00e9gionale sur la coordination des Etats Parties de la Convention sur l\u2019interdiction des Armes Chimiques de l&#039;Afrique du Nord et du Sahel - info algerie","robots":{"index":"index","follow":"follow","max-snippet":"max-snippet:-1","max-image-preview":"max-image-preview:large","max-video-preview":"max-video-preview:-1"},"canonical":"https:\/\/www.info-algerie.com\/actualites\/reunion-regionale-sur-la-coordination-des-etats-parties-de-la-convention-sur-linterdiction-des-armes-chimiques-de-lafrique-du-nord-et-du-sahel\/","og_locale":"fr_FR","og_type":"article","og_title":"R\u00e9union r\u00e9gionale sur la coordination des Etats Parties de la Convention sur l\u2019interdiction des Armes Chimiques de l&#039;Afrique du Nord et du Sahel - info algerie","og_description":"ALGER- Le minist\u00e8re de la D\u00e9fense nationale organise depuis lundi \u00e0 Alger, conjointement avec l\u2019Organisation de l\u2019Interdiction des armes chimiques, une r\u00e9union r\u00e9gionale sur la planification et la\u00a0coordination des Etats Parties de la Convention sur l\u2019interdiction des armes chimiques de la r\u00e9gion Afrique du Nord et du Sahel. &#013; &#013; &#013; Cette r\u00e9union, ouverte au","og_url":"https:\/\/www.info-algerie.com\/actualites\/reunion-regionale-sur-la-coordination-des-etats-parties-de-la-convention-sur-linterdiction-des-armes-chimiques-de-lafrique-du-nord-et-du-sahel\/","og_site_name":"info algerie","article_publisher":"https:\/\/www.facebook.com\/infoalgerieactu","article_published_time":"2018-05-14T16:18:03+00:00","og_image":[{"width":280,"height":169,"url":"https:\/\/www.info-algerie.com\/actualites\/wp-content\/uploads\/2018\/05\/5e8c843d1e97ef00f4b48ad3a37c4bd8_S-1.jpg","type":"image\/jpeg"}],"author":"La r\u00e9daction","twitter_misc":{"\u00c9crit par":"La r\u00e9daction","Dur\u00e9e de lecture estim\u00e9e":"1 minute"},"schema":{"@context":"https:\/\/schema.org","@graph":[{"@type":"Article","@id":"https:\/\/www.info-algerie.com\/actualites\/reunion-regionale-sur-la-coordination-des-etats-parties-de-la-convention-sur-linterdiction-des-armes-chimiques-de-lafrique-du-nord-et-du-sahel\/#article","isPartOf":{"@id":"https:\/\/www.info-algerie.com\/actualites\/reunion-regionale-sur-la-coordination-des-etats-parties-de-la-convention-sur-linterdiction-des-armes-chimiques-de-lafrique-du-nord-et-du-sahel\/"},"author":{"name":"La r\u00e9daction","@id":"https:\/\/www.info-algerie.com\/actualites\/#\/schema\/person\/847aaec44920825b843a08f30ec6aa1e"},"headline":"R\u00e9union r\u00e9gionale sur la coordination des Etats Parties de la Convention sur l\u2019interdiction des Armes Chimiques de l&#039;Afrique du Nord et du Sahel","datePublished":"2018-05-14T16:18:03+00:00","mainEntityOfPage":{"@id":"https:\/\/www.info-algerie.com\/actualites\/reunion-regionale-sur-la-coordination-des-etats-parties-de-la-convention-sur-linterdiction-des-armes-chimiques-de-lafrique-du-nord-et-du-sahel\/"},"wordCount":298,"commentCount":0,"publisher":{"@id":"https:\/\/www.info-algerie.com\/actualites\/#organization"},"image":{"@id":"https:\/\/www.info-algerie.com\/actualites\/reunion-regionale-sur-la-coordination-des-etats-parties-de-la-convention-sur-linterdiction-des-armes-chimiques-de-lafrique-du-nord-et-du-sahel\/#primaryimage"},"thumbnailUrl":"https:\/\/www.info-algerie.com\/actualites\/wp-content\/uploads\/2018\/05\/5e8c843d1e97ef00f4b48ad3a37c4bd8_S-1.jpg","keywords":["ONU"],"articleSection":["infos"],"inLanguage":"fr-FR","potentialAction":[{"@type":"CommentAction","name":"Comment","target":["https:\/\/www.info-algerie.com\/actualites\/reunion-regionale-sur-la-coordination-des-etats-parties-de-la-convention-sur-linterdiction-des-armes-chimiques-de-lafrique-du-nord-et-du-sahel\/#respond"]}]},{"@type":"WebPage","@id":"https:\/\/www.info-algerie.com\/actualites\/reunion-regionale-sur-la-coordination-des-etats-parties-de-la-convention-sur-linterdiction-des-armes-chimiques-de-lafrique-du-nord-et-du-sahel\/","url":"https:\/\/www.info-algerie.com\/actualites\/reunion-regionale-sur-la-coordination-des-etats-parties-de-la-convention-sur-linterdiction-des-armes-chimiques-de-lafrique-du-nord-et-du-sahel\/","name":"R\u00e9union r\u00e9gionale sur la coordination des Etats Parties de la Convention sur l\u2019interdiction des Armes Chimiques de l&#039;Afrique du Nord et du Sahel - info algerie","isPartOf":{"@id":"https:\/\/www.info-algerie.com\/actualites\/#website"},"primaryImageOfPage":{"@id":"https:\/\/www.info-algerie.com\/actualites\/reunion-regionale-sur-la-coordination-des-etats-parties-de-la-convention-sur-linterdiction-des-armes-chimiques-de-lafrique-du-nord-et-du-sahel\/#primaryimage"},"image":{"@id":"https:\/\/www.info-algerie.com\/actualites\/reunion-regionale-sur-la-coordination-des-etats-parties-de-la-convention-sur-linterdiction-des-armes-chimiques-de-lafrique-du-nord-et-du-sahel\/#primaryimage"},"thumbnailUrl":"https:\/\/www.info-algerie.com\/actualites\/wp-content\/uploads\/2018\/05\/5e8c843d1e97ef00f4b48ad3a37c4bd8_S-1.jpg","datePublished":"2018-05-14T16:18:03+00:00","breadcrumb":{"@id":"https:\/\/www.info-algerie.com\/actualites\/reunion-regionale-sur-la-coordination-des-etats-parties-de-la-convention-sur-linterdiction-des-armes-chimiques-de-lafrique-du-nord-et-du-sahel\/#breadcrumb"},"inLanguage":"fr-FR","potentialAction":[{"@type":"ReadAction","target":["https:\/\/www.info-algerie.com\/actualites\/reunion-regionale-sur-la-coordination-des-etats-parties-de-la-convention-sur-linterdiction-des-armes-chimiques-de-lafrique-du-nord-et-du-sahel\/"]}]},{"@type":"ImageObject","inLanguage":"fr-FR","@id":"https:\/\/www.info-algerie.com\/actualites\/reunion-regionale-sur-la-coordination-des-etats-parties-de-la-convention-sur-linterdiction-des-armes-chimiques-de-lafrique-du-nord-et-du-sahel\/#primaryimage","url":"https:\/\/www.info-algerie.com\/actualites\/wp-content\/uploads\/2018\/05\/5e8c843d1e97ef00f4b48ad3a37c4bd8_S-1.jpg","contentUrl":"https:\/\/www.info-algerie.com\/actualites\/wp-content\/uploads\/2018\/05\/5e8c843d1e97ef00f4b48ad3a37c4bd8_S-1.jpg","width":280,"height":169},{"@type":"BreadcrumbList","@id":"https:\/\/www.info-algerie.com\/actualites\/reunion-regionale-sur-la-coordination-des-etats-parties-de-la-convention-sur-linterdiction-des-armes-chimiques-de-lafrique-du-nord-et-du-sahel\/#breadcrumb","itemListElement":[{"@type":"ListItem","position":1,"name":"Accueil","item":"https:\/\/www.info-algerie.com\/actualites\/"},{"@type":"ListItem","position":2,"name":"R\u00e9union r\u00e9gionale sur la coordination des Etats Parties de la Convention sur l\u2019interdiction des Armes Chimiques de l&#039;Afrique du Nord et du Sahel"}]},{"@type":"WebSite","@id":"https:\/\/www.info-algerie.com\/actualites\/#website","url":"https:\/\/www.info-algerie.com\/actualites\/","name":"info algerie","description":"Toutes les actualit\u00e9s","publisher":{"@id":"https:\/\/www.info-algerie.com\/actualites\/#organization"},"potentialAction":[{"@type":"SearchAction","target":{"@type":"EntryPoint","urlTemplate":"https:\/\/www.info-algerie.com\/actualites\/?s={search_term_string}"},"query-input":{"@type":"PropertyValueSpecification","valueRequired":true,"valueName":"search_term_string"}}],"inLanguage":"fr-FR"},{"@type":"Organization","@id":"https:\/\/www.info-algerie.com\/actualites\/#organization","name":"info algerie","url":"https:\/\/www.info-algerie.com\/actualites\/","logo":{"@type":"ImageObject","inLanguage":"fr-FR","@id":"https:\/\/www.info-algerie.com\/actualites\/#\/schema\/logo\/image\/","url":"https:\/\/www.info-algerie.com\/actualites\/wp-content\/uploads\/2022\/07\/logo-ia-120.png","contentUrl":"https:\/\/www.info-algerie.com\/actualites\/wp-content\/uploads\/2022\/07\/logo-ia-120.png","width":120,"height":43,"caption":"info algerie"},"image":{"@id":"https:\/\/www.info-algerie.com\/actualites\/#\/schema\/logo\/image\/"},"sameAs":["https:\/\/www.facebook.com\/infoalgerieactu","https:\/\/x.com\/infoalgerie1"]},{"@type":"Person","@id":"https:\/\/www.info-algerie.com\/actualites\/#\/schema\/person\/847aaec44920825b843a08f30ec6aa1e","name":"La r\u00e9daction","image":{"@type":"ImageObject","inLanguage":"fr-FR","@id":"https:\/\/secure.gravatar.com\/avatar\/769db425c6f465158149f1ffd6cf61ce7a8a879d11dfbef8288af36dfddd418c?s=96&d=mm&r=g","url":"https:\/\/secure.gravatar.com\/avatar\/769db425c6f465158149f1ffd6cf61ce7a8a879d11dfbef8288af36dfddd418c?s=96&d=mm&r=g","contentUrl":"https:\/\/secure.gravatar.com\/avatar\/769db425c6f465158149f1ffd6cf61ce7a8a879d11dfbef8288af36dfddd418c?s=96&d=mm&r=g","caption":"La r\u00e9daction"},"sameAs":["http:\/\/www.lkeria.com\/"],"url":"https:\/\/www.info-algerie.com\/actualites\/author\/chakib32\/"}]}},"_links":{"self":[{"href":"https:\/\/www.info-algerie.com\/actualites\/wp-json\/wp\/v2\/posts\/23351","targetHints":{"allow":["GET"]}}],"collection":[{"href":"https:\/\/www.info-algerie.com\/actualites\/wp-json\/wp\/v2\/posts"}],"about":[{"href":"https:\/\/www.info-algerie.com\/actualites\/wp-json\/wp\/v2\/types\/post"}],"author":[{"embeddable":true,"href":"https:\/\/www.info-algerie.com\/actualites\/wp-json\/wp\/v2\/users\/6"}],"replies":[{"embeddable":true,"href":"https:\/\/www.info-algerie.com\/actualites\/wp-json\/wp\/v2\/comments?post=23351"}],"version-history":[{"count":0,"href":"https:\/\/www.info-algerie.com\/actualites\/wp-json\/wp\/v2\/posts\/23351\/revisions"}],"wp:featuredmedia":[{"embeddable":true,"href":"https:\/\/www.info-algerie.com\/actualites\/wp-json\/wp\/v2\/media\/23352"}],"wp:attachment":[{"href":"https:\/\/www.info-algerie.com\/actualites\/wp-json\/wp\/v2\/media?parent=23351"}],"wp:term":[{"taxonomy":"category","embeddable":true,"href":"https:\/\/www.info-algerie.com\/actualites\/wp-json\/wp\/v2\/categories?post=23351"},{"taxonomy":"post_tag","embeddable":true,"href":"https:\/\/www.info-algerie.com\/actualites\/wp-json\/wp\/v2\/tags?post=23351"}],"curies":[{"name":"wp","href":"https:\/\/api.w.org\/{rel}","templated":true}]}}