{"id":23354,"date":"2018-05-14T19:17:06","date_gmt":"2018-05-14T18:17:06","guid":{"rendered":"http:\/\/www.info-algerie.com\/actualites\/alger-proclamee-capitale-du-vivre-ensemble-en-paix-le-16-mai\/"},"modified":"2018-05-14T19:17:06","modified_gmt":"2018-05-14T18:17:06","slug":"alger-proclamee-capitale-du-vivre-ensemble-en-paix-le-16-mai","status":"publish","type":"post","link":"https:\/\/www.info-algerie.com\/actualites\/alger-proclamee-capitale-du-vivre-ensemble-en-paix-le-16-mai\/","title":{"rendered":"Alger, proclam\u00e9e &quot;Capitale du vivre-ensemble en paix&quot; le 16 mai\u00a0 \u00a0"},"content":{"rendered":"<div class=\"K2FeedImage\"><img decoding=\"async\" src=\"https:\/\/www.info-algerie.com\/actualites\/wp-content\/uploads\/2018\/05\/ce34f15b08f5d6c62f117ab51cc28166_S.jpg\" \/><\/div>\n<div class=\"K2FeedIntroText\">\n<p>ALGER- La wilaya d&rsquo;Alger sera proclam\u00e9e le 16 mai \u00ab\u00a0Capitale du vivre-ensemble en paix\u00a0\u00bb dans le cadre de la c\u00e9l\u00e9bration de la Journ\u00e9e internationale du \u00ab\u00a0vivre-ensemble en paix\u00a0\u00bb en cons\u00e9cration de la r\u00e9solution onusienne du 8 d\u00e9cembre 2017 sur proposition de l&rsquo;Alg\u00e9rie portant concr\u00e9tisation de la culture de paix et de coexistence en tant que solution pacifique au r\u00e8glement des conflits, a indiqu\u00e9 lundi la coordinatrice de la Commission de wilaya charg\u00e9e de la pr\u00e9paration de\u00a0l&rsquo;\u00e9v\u00e8nement, Mme Fairouz Mohammadi.\u00a0<\/p>\n<p>&#013;\n<\/p><\/div>\n<div class=\"K2FeedFullText\">&#013;<\/p>\n<blockquote><p>&#013;<\/p>\n<p><em><strong>Intervenant lors d&rsquo;une conf\u00e9rence de presse en compagnie des membres de la Commission \u00e0 l&rsquo;instar des Scouts musulmans alg\u00e9riens (SMA) et du repr\u00e9sentant de la Fondation soufie alawiya \u00ab\u00a0Djanatou El Arif\u00a0\u00bb, Mme Fairouz Mohammadi a d\u00e9clar\u00e9 que la wilaya d&rsquo;Alger sera proclam\u00e9e officiellement le\u00a016, \u00ab\u00a0Capitale du vivre-ensemble en paix\u00a0\u00bb au niveau de la Place de la R\u00e9conciliation nationale en pr\u00e9sence d&rsquo;une d\u00e9l\u00e9gation minist\u00e9rielle et du wali d&rsquo;Alger dans le cadre de la c\u00e9l\u00e9bration de cette \u00e9v\u00e9nement international.<\/strong><\/em><\/p>\n<p>&#013;\n<\/p><\/blockquote>\n<p>&#013;<\/p>\n<p>Un riche programme culturel, sportif et intellectuel sera \u00e9labor\u00e9 \u00e0 cette occasion, outre la pr\u00e9sentation de toiles r\u00e9alis\u00e9es par des \u00e9tudiants de l&rsquo;Ecole sup\u00e9rieure des Beaux Arts, la chor\u00e9graphie et la plantation d&rsquo;oliviers, signe de paix pour mettre en exergue les efforts de l&rsquo;Alg\u00e9rie\u00a0pour l&rsquo;instauration de la paix et de la r\u00e9conciliation, a fait savoir Mme Mohammadi.<\/p>\n<p>&#013;<\/p>\n<hr \/>\n<p>Lire aussi:\u00a0<a href=\"http:\/\/www.aps.dz\/algerie\/73964-flici-la-celebration-de-la-journee-du-vivre-ensemble-en-paix-conforte-la-charte-de-la-reconciliation-nationale\">Flici: la c\u00e9l\u00e9bration de la journ\u00e9e du vivre-ensemble en paix conforte la Charte de la r\u00e9conciliation nationale<\/a><\/p>\n<p>&#013;<\/p>\n<hr \/>\n<p>Dans ce cadre, la m\u00eame responsable a indiqu\u00e9 qu&rsquo;\u00e0 la veille de la c\u00e9l\u00e9bration de cette journ\u00e9e (15 mai), un cour unifi\u00e9 sera attribu\u00e9 \u00e0 travers tous les \u00e9tablissements \u00e9ducatifs d&rsquo;Alger, lequel portera sur une pr\u00e9sentation simplifi\u00e9e du concept de la r\u00e9solution onusienne 72\/130 adopt\u00e9e par l&rsquo;Assembl\u00e9e g\u00e9n\u00e9rale des Nations Unies le 8 d\u00e9cembre 2018 sur proposition de l&rsquo;Alg\u00e9rie et \u00e0 travers laquelle la journ\u00e9e du 16 mai de chaque ann\u00e9e est proclam\u00e9e \u00ab\u00a0Journ\u00e9e internationale du vivre-ensemble en paix\u00a0\u00bb.<\/p>\n<p>&#013;<\/p>\n<blockquote><p>&#013;<\/p>\n<p><strong><em>Elle a rappel\u00e9 \u00e0 ce propos les diff\u00e9rents efforts de l&rsquo;Alg\u00e9rie pour concr\u00e9tiser le concept de paix \u00e0 travers l&rsquo;application des chartes nationales de r\u00e9conciliation et de paix et des programmes de d\u00e9veloppement et de la dynamique de l&rsquo;investissement que connait la wilaya d&rsquo;Alger dans\u00a0le cadre du plan strat\u00e9gique pour la modernisation de la capitale \u00e0 l&rsquo;horizon 2035 et dont le fondement est l&rsquo;am\u00e9lioration du cadre de vie du citoyen \u00e0 travers une s\u00e9rie de projets \u00e0 l&rsquo;instar des op\u00e9rations de relogement o\u00f9 plus de 80.000 logements de diff\u00e9rentes formules ont \u00e9t\u00e9 distribu\u00e9s depuis 2014, dont 42.000 concernant le relogement des habitants des bidonvilles et des habitations pr\u00e9caires.<\/em><\/strong><\/p>\n<p>&#013;\n<\/p><\/blockquote>\n<p>&#013;<\/p>\n<p>La m\u00eame responsable a abord\u00e9 les mesures visant l&rsquo;am\u00e9lioration des structures publiques et des r\u00e9seaux publics \u00e0 travers la modernisation et la num\u00e9risation du secteur des services au profit des citoyens dans le cadre de \u00ab\u00a0la Ville intelligente\u00a0\u00bb, \u00e0 l&rsquo;instar de l&rsquo;hygi\u00e8ne, les transports, les routes et l&rsquo;am\u00e9nagement du parc foncier, la r\u00e9habilitation du tissu urbain et l&rsquo;am\u00e9nagement et la restauration des diff\u00e9rents sites historiques et arch\u00e9ologiques comme la Casbah et la cr\u00e9ation des parcs de loisir et de d\u00e9tente et la r\u00e9habilitation des jardins et des espaces verts afin d&rsquo;assurer un climat de vie\u00a0 agr\u00e9able aux citoyens.<\/p>\n<p>&#013;<\/p>\n<blockquote><p>&#013;<\/p>\n<p><em><strong>Pour sa part, le membre de la commission, Mohemmed Dilmi, a mis en avant \u00ab\u00a0l&rsquo;importance de la c\u00e9l\u00e9bration de la manifestation \u00ab\u00a0Vivre-ensemble en paix\u00a0\u00bb d&rsquo;autant que cette initiative est alg\u00e9rienne et inspir\u00e9e de l&rsquo;exp\u00e9rience alg\u00e9rienne en mati\u00e8re de r\u00e9conciliation nationale dont les piliers ont \u00e9t\u00e9 instaur\u00e9s par le pr\u00e9sident de la R\u00e9publique\u00a0\u00bb, estimant que \u00ab\u00a0l&rsquo;adoption de la r\u00e9solution,\u00a0 propos\u00e9e par\u00a0 l&rsquo;Alg\u00e9rie, par l&rsquo;Assembl\u00e9e g\u00e9n\u00e9rale de l&rsquo;ONU avec 193 voix comme victoire diplomatique pour la\u00a0diplomatie alg\u00e9rienne\u00a0\u00bb.<\/strong><\/em><\/p>\n<p>&#013;\n<\/p><\/blockquote>\n<p>&#013;<\/p>\n<p>Dans le m\u00eame contexte, il\u00a0 fait savoir de la pr\u00e9sentation d&rsquo;un film documentaire le 15 mai en cours \u00e0 l&rsquo;occasion de la c\u00e9l\u00e9bration de la journ\u00e9e internationale du \u00ab\u00a0Vivre-ensemble en paix\u00a0\u00bb \u00e0 la salle Ibn Kheldoune\u00a0outre l&rsquo;organisation d&rsquo;activit\u00e9s sportives, de divertissement et artistiques et un d\u00e9jeuner collectif \u00e0 la promenade de Sablette.<\/p>\n<p>&#013;<\/p>\n<blockquote><p>&#013;<\/p>\n<p><strong><em>Le Commissaire des Scouts musulmans alg\u00e9riens (SMA) pour la wilaya d&rsquo;Alger, Rachid Boudina a fait savoir de l&rsquo;organisation des manifestations culturelle, religieuse et scientifique \u00e0 travers les diff\u00e9rentes communes d&rsquo;Alger, pr\u00e9cisant que \u00ab\u00a0l&rsquo;objectif de ces activit\u00e9s est de mettre en exergue les valeurs de la journ\u00e9e du \u00ab\u00a0Vivre ensemble\u00a0\u00bb le 16 mai outre des manifestations intellectuelle, sportive, culturelle et des concours religieux avec la participation des groupes des scoutes islamiques en sus\u00a0des activit\u00e9s \u00e0 caract\u00e8re p\u00e9dagogique et de sensibilisation pour la promotion de la culture de vivre ensemble\u00a0\u00bb.<\/em><\/strong><\/p>\n<p>&#013;\n<\/p><\/blockquote>\n<p>&#013;<\/p>\n<hr \/>\n<p><a href=\"http:\/\/www.aps.dz\/algerie\/74022-journee-internationale-du-vivre-ensemble-une-initiative-algerienne-pour-la-promotion-de-la-culture-de-la-paix\">\u00a0Lire aussi: Journ\u00e9e internationale du vivre-ensemble: une initiative alg\u00e9rienne pour la promotion de la culture de la paix<\/a><\/p>\n<p>&#013;<\/p>\n<hr \/>\n<p>De son c\u00f4t\u00e9, le repr\u00e9sentant de la Fondation \u00ab\u00a0Djannat El Arif\u00a0\u00bb, Amraoui Toufik, a indiqu\u00e9 que \u00ab\u00a0le programme de c\u00e9l\u00e9bration s&rsquo;\u00e9talera jusqu&rsquo;au 12 juin et englobe des conf\u00e9rences intellectuelles, des ateliers de formation et des activit\u00e9s culturelles et artistiques\u00a0\u00bb annon\u00e7ant que \u00ab\u00a0la wilaya de\u00a0Mostaganem abritera le 15 juillet prochain un congr\u00e8s international visant la mise ne exergue des valeurs de tol\u00e9rance et son importance pour les peuples \u00e0 travers le monde\u00a0\u00bb.<\/p>\n<\/div>\n<p>&#013;<br \/>\nSource: <a href=\"http:\/\/www.aps.dz\/algerie\/74050-alger-proclamee-capitale-du-vivre-ensemble-en-paix-le-16-mai\" target=\"_blank\">Alger, proclam\u00e9e \u00ab\u00a0Capitale du vivre-ensemble en paix\u00a0\u00bb le 16 mai\u00a0 \u00a0<\/a><\/p>\n<!--CusAds0-->\n<div style=\"font-size: 0px; height: 0px; line-height: 0px; margin: 0; padding: 0; clear: both;\"><\/div>","protected":false},"excerpt":{"rendered":"<p>ALGER- La wilaya d&rsquo;Alger sera proclam\u00e9e le 16 mai \u00ab\u00a0Capitale du vivre-ensemble en paix\u00a0\u00bb dans le cadre de la c\u00e9l\u00e9bration de la Journ\u00e9e internationale du \u00ab\u00a0vivre-ensemble en paix\u00a0\u00bb en cons\u00e9cration de la r\u00e9solution onusienne du 8 d\u00e9cembre 2017 sur proposition de l&rsquo;Alg\u00e9rie portant concr\u00e9tisation de la culture de paix et de coexistence en tant que<\/p>\n","protected":false},"author":6,"featured_media":23355,"comment_status":"open","ping_status":"open","sticky":false,"template":"","format":"standard","meta":{"footnotes":""},"categories":[22],"tags":[93],"class_list":["post-23354","post","type-post","status-publish","format-standard","has-post-thumbnail","hentry","category-infos","tag-onu"],"yoast_head":"<!-- This site is optimized with the Yoast SEO plugin v27.5 - https:\/\/yoast.com\/product\/yoast-seo-wordpress\/ -->\n<title>Alger, proclam\u00e9e &quot;Capitale du vivre-ensemble en paix&quot; le 16 mai\u00a0 \u00a0 - info algerie<\/title>\n<meta name=\"robots\" content=\"index, follow, max-snippet:-1, max-image-preview:large, max-video-preview:-1\" \/>\n<link rel=\"canonical\" href=\"https:\/\/www.info-algerie.com\/actualites\/alger-proclamee-capitale-du-vivre-ensemble-en-paix-le-16-mai\/\" \/>\n<meta property=\"og:locale\" content=\"fr_FR\" \/>\n<meta property=\"og:type\" content=\"article\" \/>\n<meta property=\"og:title\" content=\"Alger, proclam\u00e9e &quot;Capitale du vivre-ensemble en paix&quot; le 16 mai\u00a0 \u00a0 - info algerie\" \/>\n<meta property=\"og:description\" content=\"ALGER- La wilaya d&rsquo;Alger sera proclam\u00e9e le 16 mai \u00ab\u00a0Capitale du vivre-ensemble en paix\u00a0\u00bb dans le cadre de la c\u00e9l\u00e9bration de la Journ\u00e9e internationale du \u00ab\u00a0vivre-ensemble en paix\u00a0\u00bb en cons\u00e9cration de la r\u00e9solution onusienne du 8 d\u00e9cembre 2017 sur proposition de l&rsquo;Alg\u00e9rie portant concr\u00e9tisation de la culture de paix et de coexistence en tant que\" \/>\n<meta property=\"og:url\" content=\"https:\/\/www.info-algerie.com\/actualites\/alger-proclamee-capitale-du-vivre-ensemble-en-paix-le-16-mai\/\" \/>\n<meta property=\"og:site_name\" content=\"info algerie\" \/>\n<meta property=\"article:publisher\" content=\"https:\/\/www.facebook.com\/infoalgerieactu\" \/>\n<meta property=\"article:published_time\" content=\"2018-05-14T18:17:06+00:00\" \/>\n<meta property=\"og:image\" content=\"https:\/\/www.info-algerie.com\/actualites\/wp-content\/uploads\/2018\/05\/ce34f15b08f5d6c62f117ab51cc28166_S-1.jpg\" \/>\n\t<meta property=\"og:image:width\" content=\"280\" \/>\n\t<meta property=\"og:image:height\" content=\"181\" \/>\n\t<meta property=\"og:image:type\" content=\"image\/jpeg\" \/>\n<meta name=\"author\" content=\"La r\u00e9daction\" \/>\n<meta name=\"twitter:label1\" content=\"\u00c9crit par\" \/>\n\t<meta name=\"twitter:data1\" content=\"La r\u00e9daction\" \/>\n\t<meta name=\"twitter:label2\" content=\"Dur\u00e9e de lecture estim\u00e9e\" \/>\n\t<meta name=\"twitter:data2\" content=\"5 minutes\" \/>\n<script type=\"application\/ld+json\" class=\"yoast-schema-graph\">{\"@context\":\"https:\\\/\\\/schema.org\",\"@graph\":[{\"@type\":\"Article\",\"@id\":\"https:\\\/\\\/www.info-algerie.com\\\/actualites\\\/alger-proclamee-capitale-du-vivre-ensemble-en-paix-le-16-mai\\\/#article\",\"isPartOf\":{\"@id\":\"https:\\\/\\\/www.info-algerie.com\\\/actualites\\\/alger-proclamee-capitale-du-vivre-ensemble-en-paix-le-16-mai\\\/\"},\"author\":{\"name\":\"La r\u00e9daction\",\"@id\":\"https:\\\/\\\/www.info-algerie.com\\\/actualites\\\/#\\\/schema\\\/person\\\/847aaec44920825b843a08f30ec6aa1e\"},\"headline\":\"Alger, proclam\u00e9e &quot;Capitale du vivre-ensemble en paix&quot; le 16 mai\u00a0 \u00a0\",\"datePublished\":\"2018-05-14T18:17:06+00:00\",\"mainEntityOfPage\":{\"@id\":\"https:\\\/\\\/www.info-algerie.com\\\/actualites\\\/alger-proclamee-capitale-du-vivre-ensemble-en-paix-le-16-mai\\\/\"},\"wordCount\":986,\"commentCount\":0,\"publisher\":{\"@id\":\"https:\\\/\\\/www.info-algerie.com\\\/actualites\\\/#organization\"},\"image\":{\"@id\":\"https:\\\/\\\/www.info-algerie.com\\\/actualites\\\/alger-proclamee-capitale-du-vivre-ensemble-en-paix-le-16-mai\\\/#primaryimage\"},\"thumbnailUrl\":\"https:\\\/\\\/www.info-algerie.com\\\/actualites\\\/wp-content\\\/uploads\\\/2018\\\/05\\\/ce34f15b08f5d6c62f117ab51cc28166_S-1.jpg\",\"keywords\":[\"ONU\"],\"articleSection\":[\"infos\"],\"inLanguage\":\"fr-FR\",\"potentialAction\":[{\"@type\":\"CommentAction\",\"name\":\"Comment\",\"target\":[\"https:\\\/\\\/www.info-algerie.com\\\/actualites\\\/alger-proclamee-capitale-du-vivre-ensemble-en-paix-le-16-mai\\\/#respond\"]}]},{\"@type\":\"WebPage\",\"@id\":\"https:\\\/\\\/www.info-algerie.com\\\/actualites\\\/alger-proclamee-capitale-du-vivre-ensemble-en-paix-le-16-mai\\\/\",\"url\":\"https:\\\/\\\/www.info-algerie.com\\\/actualites\\\/alger-proclamee-capitale-du-vivre-ensemble-en-paix-le-16-mai\\\/\",\"name\":\"Alger, proclam\u00e9e &quot;Capitale du vivre-ensemble en paix&quot; le 16 mai\u00a0 \u00a0 - info algerie\",\"isPartOf\":{\"@id\":\"https:\\\/\\\/www.info-algerie.com\\\/actualites\\\/#website\"},\"primaryImageOfPage\":{\"@id\":\"https:\\\/\\\/www.info-algerie.com\\\/actualites\\\/alger-proclamee-capitale-du-vivre-ensemble-en-paix-le-16-mai\\\/#primaryimage\"},\"image\":{\"@id\":\"https:\\\/\\\/www.info-algerie.com\\\/actualites\\\/alger-proclamee-capitale-du-vivre-ensemble-en-paix-le-16-mai\\\/#primaryimage\"},\"thumbnailUrl\":\"https:\\\/\\\/www.info-algerie.com\\\/actualites\\\/wp-content\\\/uploads\\\/2018\\\/05\\\/ce34f15b08f5d6c62f117ab51cc28166_S-1.jpg\",\"datePublished\":\"2018-05-14T18:17:06+00:00\",\"breadcrumb\":{\"@id\":\"https:\\\/\\\/www.info-algerie.com\\\/actualites\\\/alger-proclamee-capitale-du-vivre-ensemble-en-paix-le-16-mai\\\/#breadcrumb\"},\"inLanguage\":\"fr-FR\",\"potentialAction\":[{\"@type\":\"ReadAction\",\"target\":[\"https:\\\/\\\/www.info-algerie.com\\\/actualites\\\/alger-proclamee-capitale-du-vivre-ensemble-en-paix-le-16-mai\\\/\"]}]},{\"@type\":\"ImageObject\",\"inLanguage\":\"fr-FR\",\"@id\":\"https:\\\/\\\/www.info-algerie.com\\\/actualites\\\/alger-proclamee-capitale-du-vivre-ensemble-en-paix-le-16-mai\\\/#primaryimage\",\"url\":\"https:\\\/\\\/www.info-algerie.com\\\/actualites\\\/wp-content\\\/uploads\\\/2018\\\/05\\\/ce34f15b08f5d6c62f117ab51cc28166_S-1.jpg\",\"contentUrl\":\"https:\\\/\\\/www.info-algerie.com\\\/actualites\\\/wp-content\\\/uploads\\\/2018\\\/05\\\/ce34f15b08f5d6c62f117ab51cc28166_S-1.jpg\",\"width\":280,\"height\":181},{\"@type\":\"BreadcrumbList\",\"@id\":\"https:\\\/\\\/www.info-algerie.com\\\/actualites\\\/alger-proclamee-capitale-du-vivre-ensemble-en-paix-le-16-mai\\\/#breadcrumb\",\"itemListElement\":[{\"@type\":\"ListItem\",\"position\":1,\"name\":\"Accueil\",\"item\":\"https:\\\/\\\/www.info-algerie.com\\\/actualites\\\/\"},{\"@type\":\"ListItem\",\"position\":2,\"name\":\"Alger, proclam\u00e9e &quot;Capitale du vivre-ensemble en paix&quot; le 16 mai\u00a0 \u00a0\"}]},{\"@type\":\"WebSite\",\"@id\":\"https:\\\/\\\/www.info-algerie.com\\\/actualites\\\/#website\",\"url\":\"https:\\\/\\\/www.info-algerie.com\\\/actualites\\\/\",\"name\":\"info algerie\",\"description\":\"Toutes les actualit\u00e9s\",\"publisher\":{\"@id\":\"https:\\\/\\\/www.info-algerie.com\\\/actualites\\\/#organization\"},\"potentialAction\":[{\"@type\":\"SearchAction\",\"target\":{\"@type\":\"EntryPoint\",\"urlTemplate\":\"https:\\\/\\\/www.info-algerie.com\\\/actualites\\\/?s={search_term_string}\"},\"query-input\":{\"@type\":\"PropertyValueSpecification\",\"valueRequired\":true,\"valueName\":\"search_term_string\"}}],\"inLanguage\":\"fr-FR\"},{\"@type\":\"Organization\",\"@id\":\"https:\\\/\\\/www.info-algerie.com\\\/actualites\\\/#organization\",\"name\":\"info algerie\",\"url\":\"https:\\\/\\\/www.info-algerie.com\\\/actualites\\\/\",\"logo\":{\"@type\":\"ImageObject\",\"inLanguage\":\"fr-FR\",\"@id\":\"https:\\\/\\\/www.info-algerie.com\\\/actualites\\\/#\\\/schema\\\/logo\\\/image\\\/\",\"url\":\"https:\\\/\\\/www.info-algerie.com\\\/actualites\\\/wp-content\\\/uploads\\\/2022\\\/07\\\/logo-ia-120.png\",\"contentUrl\":\"https:\\\/\\\/www.info-algerie.com\\\/actualites\\\/wp-content\\\/uploads\\\/2022\\\/07\\\/logo-ia-120.png\",\"width\":120,\"height\":43,\"caption\":\"info algerie\"},\"image\":{\"@id\":\"https:\\\/\\\/www.info-algerie.com\\\/actualites\\\/#\\\/schema\\\/logo\\\/image\\\/\"},\"sameAs\":[\"https:\\\/\\\/www.facebook.com\\\/infoalgerieactu\",\"https:\\\/\\\/x.com\\\/infoalgerie1\"]},{\"@type\":\"Person\",\"@id\":\"https:\\\/\\\/www.info-algerie.com\\\/actualites\\\/#\\\/schema\\\/person\\\/847aaec44920825b843a08f30ec6aa1e\",\"name\":\"La r\u00e9daction\",\"image\":{\"@type\":\"ImageObject\",\"inLanguage\":\"fr-FR\",\"@id\":\"https:\\\/\\\/secure.gravatar.com\\\/avatar\\\/769db425c6f465158149f1ffd6cf61ce7a8a879d11dfbef8288af36dfddd418c?s=96&d=mm&r=g\",\"url\":\"https:\\\/\\\/secure.gravatar.com\\\/avatar\\\/769db425c6f465158149f1ffd6cf61ce7a8a879d11dfbef8288af36dfddd418c?s=96&d=mm&r=g\",\"contentUrl\":\"https:\\\/\\\/secure.gravatar.com\\\/avatar\\\/769db425c6f465158149f1ffd6cf61ce7a8a879d11dfbef8288af36dfddd418c?s=96&d=mm&r=g\",\"caption\":\"La r\u00e9daction\"},\"sameAs\":[\"http:\\\/\\\/www.lkeria.com\\\/\"],\"url\":\"https:\\\/\\\/www.info-algerie.com\\\/actualites\\\/author\\\/chakib32\\\/\"}]}<\/script>\n<!-- \/ Yoast SEO plugin. -->","yoast_head_json":{"title":"Alger, proclam\u00e9e &quot;Capitale du vivre-ensemble en paix&quot; le 16 mai\u00a0 \u00a0 - info algerie","robots":{"index":"index","follow":"follow","max-snippet":"max-snippet:-1","max-image-preview":"max-image-preview:large","max-video-preview":"max-video-preview:-1"},"canonical":"https:\/\/www.info-algerie.com\/actualites\/alger-proclamee-capitale-du-vivre-ensemble-en-paix-le-16-mai\/","og_locale":"fr_FR","og_type":"article","og_title":"Alger, proclam\u00e9e &quot;Capitale du vivre-ensemble en paix&quot; le 16 mai\u00a0 \u00a0 - info algerie","og_description":"ALGER- La wilaya d&rsquo;Alger sera proclam\u00e9e le 16 mai \u00ab\u00a0Capitale du vivre-ensemble en paix\u00a0\u00bb dans le cadre de la c\u00e9l\u00e9bration de la Journ\u00e9e internationale du \u00ab\u00a0vivre-ensemble en paix\u00a0\u00bb en cons\u00e9cration de la r\u00e9solution onusienne du 8 d\u00e9cembre 2017 sur proposition de l&rsquo;Alg\u00e9rie portant concr\u00e9tisation de la culture de paix et de coexistence en tant que","og_url":"https:\/\/www.info-algerie.com\/actualites\/alger-proclamee-capitale-du-vivre-ensemble-en-paix-le-16-mai\/","og_site_name":"info algerie","article_publisher":"https:\/\/www.facebook.com\/infoalgerieactu","article_published_time":"2018-05-14T18:17:06+00:00","og_image":[{"width":280,"height":181,"url":"https:\/\/www.info-algerie.com\/actualites\/wp-content\/uploads\/2018\/05\/ce34f15b08f5d6c62f117ab51cc28166_S-1.jpg","type":"image\/jpeg"}],"author":"La r\u00e9daction","twitter_misc":{"\u00c9crit par":"La r\u00e9daction","Dur\u00e9e de lecture estim\u00e9e":"5 minutes"},"schema":{"@context":"https:\/\/schema.org","@graph":[{"@type":"Article","@id":"https:\/\/www.info-algerie.com\/actualites\/alger-proclamee-capitale-du-vivre-ensemble-en-paix-le-16-mai\/#article","isPartOf":{"@id":"https:\/\/www.info-algerie.com\/actualites\/alger-proclamee-capitale-du-vivre-ensemble-en-paix-le-16-mai\/"},"author":{"name":"La r\u00e9daction","@id":"https:\/\/www.info-algerie.com\/actualites\/#\/schema\/person\/847aaec44920825b843a08f30ec6aa1e"},"headline":"Alger, proclam\u00e9e &quot;Capitale du vivre-ensemble en paix&quot; le 16 mai\u00a0 \u00a0","datePublished":"2018-05-14T18:17:06+00:00","mainEntityOfPage":{"@id":"https:\/\/www.info-algerie.com\/actualites\/alger-proclamee-capitale-du-vivre-ensemble-en-paix-le-16-mai\/"},"wordCount":986,"commentCount":0,"publisher":{"@id":"https:\/\/www.info-algerie.com\/actualites\/#organization"},"image":{"@id":"https:\/\/www.info-algerie.com\/actualites\/alger-proclamee-capitale-du-vivre-ensemble-en-paix-le-16-mai\/#primaryimage"},"thumbnailUrl":"https:\/\/www.info-algerie.com\/actualites\/wp-content\/uploads\/2018\/05\/ce34f15b08f5d6c62f117ab51cc28166_S-1.jpg","keywords":["ONU"],"articleSection":["infos"],"inLanguage":"fr-FR","potentialAction":[{"@type":"CommentAction","name":"Comment","target":["https:\/\/www.info-algerie.com\/actualites\/alger-proclamee-capitale-du-vivre-ensemble-en-paix-le-16-mai\/#respond"]}]},{"@type":"WebPage","@id":"https:\/\/www.info-algerie.com\/actualites\/alger-proclamee-capitale-du-vivre-ensemble-en-paix-le-16-mai\/","url":"https:\/\/www.info-algerie.com\/actualites\/alger-proclamee-capitale-du-vivre-ensemble-en-paix-le-16-mai\/","name":"Alger, proclam\u00e9e &quot;Capitale du vivre-ensemble en paix&quot; le 16 mai\u00a0 \u00a0 - info algerie","isPartOf":{"@id":"https:\/\/www.info-algerie.com\/actualites\/#website"},"primaryImageOfPage":{"@id":"https:\/\/www.info-algerie.com\/actualites\/alger-proclamee-capitale-du-vivre-ensemble-en-paix-le-16-mai\/#primaryimage"},"image":{"@id":"https:\/\/www.info-algerie.com\/actualites\/alger-proclamee-capitale-du-vivre-ensemble-en-paix-le-16-mai\/#primaryimage"},"thumbnailUrl":"https:\/\/www.info-algerie.com\/actualites\/wp-content\/uploads\/2018\/05\/ce34f15b08f5d6c62f117ab51cc28166_S-1.jpg","datePublished":"2018-05-14T18:17:06+00:00","breadcrumb":{"@id":"https:\/\/www.info-algerie.com\/actualites\/alger-proclamee-capitale-du-vivre-ensemble-en-paix-le-16-mai\/#breadcrumb"},"inLanguage":"fr-FR","potentialAction":[{"@type":"ReadAction","target":["https:\/\/www.info-algerie.com\/actualites\/alger-proclamee-capitale-du-vivre-ensemble-en-paix-le-16-mai\/"]}]},{"@type":"ImageObject","inLanguage":"fr-FR","@id":"https:\/\/www.info-algerie.com\/actualites\/alger-proclamee-capitale-du-vivre-ensemble-en-paix-le-16-mai\/#primaryimage","url":"https:\/\/www.info-algerie.com\/actualites\/wp-content\/uploads\/2018\/05\/ce34f15b08f5d6c62f117ab51cc28166_S-1.jpg","contentUrl":"https:\/\/www.info-algerie.com\/actualites\/wp-content\/uploads\/2018\/05\/ce34f15b08f5d6c62f117ab51cc28166_S-1.jpg","width":280,"height":181},{"@type":"BreadcrumbList","@id":"https:\/\/www.info-algerie.com\/actualites\/alger-proclamee-capitale-du-vivre-ensemble-en-paix-le-16-mai\/#breadcrumb","itemListElement":[{"@type":"ListItem","position":1,"name":"Accueil","item":"https:\/\/www.info-algerie.com\/actualites\/"},{"@type":"ListItem","position":2,"name":"Alger, proclam\u00e9e &quot;Capitale du vivre-ensemble en paix&quot; le 16 mai\u00a0 \u00a0"}]},{"@type":"WebSite","@id":"https:\/\/www.info-algerie.com\/actualites\/#website","url":"https:\/\/www.info-algerie.com\/actualites\/","name":"info algerie","description":"Toutes les actualit\u00e9s","publisher":{"@id":"https:\/\/www.info-algerie.com\/actualites\/#organization"},"potentialAction":[{"@type":"SearchAction","target":{"@type":"EntryPoint","urlTemplate":"https:\/\/www.info-algerie.com\/actualites\/?s={search_term_string}"},"query-input":{"@type":"PropertyValueSpecification","valueRequired":true,"valueName":"search_term_string"}}],"inLanguage":"fr-FR"},{"@type":"Organization","@id":"https:\/\/www.info-algerie.com\/actualites\/#organization","name":"info algerie","url":"https:\/\/www.info-algerie.com\/actualites\/","logo":{"@type":"ImageObject","inLanguage":"fr-FR","@id":"https:\/\/www.info-algerie.com\/actualites\/#\/schema\/logo\/image\/","url":"https:\/\/www.info-algerie.com\/actualites\/wp-content\/uploads\/2022\/07\/logo-ia-120.png","contentUrl":"https:\/\/www.info-algerie.com\/actualites\/wp-content\/uploads\/2022\/07\/logo-ia-120.png","width":120,"height":43,"caption":"info algerie"},"image":{"@id":"https:\/\/www.info-algerie.com\/actualites\/#\/schema\/logo\/image\/"},"sameAs":["https:\/\/www.facebook.com\/infoalgerieactu","https:\/\/x.com\/infoalgerie1"]},{"@type":"Person","@id":"https:\/\/www.info-algerie.com\/actualites\/#\/schema\/person\/847aaec44920825b843a08f30ec6aa1e","name":"La r\u00e9daction","image":{"@type":"ImageObject","inLanguage":"fr-FR","@id":"https:\/\/secure.gravatar.com\/avatar\/769db425c6f465158149f1ffd6cf61ce7a8a879d11dfbef8288af36dfddd418c?s=96&d=mm&r=g","url":"https:\/\/secure.gravatar.com\/avatar\/769db425c6f465158149f1ffd6cf61ce7a8a879d11dfbef8288af36dfddd418c?s=96&d=mm&r=g","contentUrl":"https:\/\/secure.gravatar.com\/avatar\/769db425c6f465158149f1ffd6cf61ce7a8a879d11dfbef8288af36dfddd418c?s=96&d=mm&r=g","caption":"La r\u00e9daction"},"sameAs":["http:\/\/www.lkeria.com\/"],"url":"https:\/\/www.info-algerie.com\/actualites\/author\/chakib32\/"}]}},"_links":{"self":[{"href":"https:\/\/www.info-algerie.com\/actualites\/wp-json\/wp\/v2\/posts\/23354","targetHints":{"allow":["GET"]}}],"collection":[{"href":"https:\/\/www.info-algerie.com\/actualites\/wp-json\/wp\/v2\/posts"}],"about":[{"href":"https:\/\/www.info-algerie.com\/actualites\/wp-json\/wp\/v2\/types\/post"}],"author":[{"embeddable":true,"href":"https:\/\/www.info-algerie.com\/actualites\/wp-json\/wp\/v2\/users\/6"}],"replies":[{"embeddable":true,"href":"https:\/\/www.info-algerie.com\/actualites\/wp-json\/wp\/v2\/comments?post=23354"}],"version-history":[{"count":0,"href":"https:\/\/www.info-algerie.com\/actualites\/wp-json\/wp\/v2\/posts\/23354\/revisions"}],"wp:featuredmedia":[{"embeddable":true,"href":"https:\/\/www.info-algerie.com\/actualites\/wp-json\/wp\/v2\/media\/23355"}],"wp:attachment":[{"href":"https:\/\/www.info-algerie.com\/actualites\/wp-json\/wp\/v2\/media?parent=23354"}],"wp:term":[{"taxonomy":"category","embeddable":true,"href":"https:\/\/www.info-algerie.com\/actualites\/wp-json\/wp\/v2\/categories?post=23354"},{"taxonomy":"post_tag","embeddable":true,"href":"https:\/\/www.info-algerie.com\/actualites\/wp-json\/wp\/v2\/tags?post=23354"}],"curies":[{"name":"wp","href":"https:\/\/api.w.org\/{rel}","templated":true}]}}