{"id":23357,"date":"2018-05-14T19:08:59","date_gmt":"2018-05-14T18:08:59","guid":{"rendered":"http:\/\/www.info-algerie.com\/actualites\/messahel-souligne-a-bruxelles-la-necessite-de-renforcer-le-dialogue-franc-et-ouvert-entre-lalgerie-et-lue\/"},"modified":"2018-05-14T19:08:59","modified_gmt":"2018-05-14T18:08:59","slug":"messahel-souligne-a-bruxelles-la-necessite-de-renforcer-le-dialogue-franc-et-ouvert-entre-lalgerie-et-lue","status":"publish","type":"post","link":"https:\/\/www.info-algerie.com\/actualites\/messahel-souligne-a-bruxelles-la-necessite-de-renforcer-le-dialogue-franc-et-ouvert-entre-lalgerie-et-lue\/","title":{"rendered":"Messahel souligne \u00e0 Bruxelles la n\u00e9cessit\u00e9 de renforcer le dialogue &quot;franc et ouvert&quot; entre l&#039;Alg\u00e9rie et l&#039;UE"},"content":{"rendered":"<div class=\"K2FeedImage\"><img decoding=\"async\" src=\"https:\/\/www.info-algerie.com\/actualites\/wp-content\/uploads\/2018\/05\/2ac2e4a38b27b09f2ac44ac7c62c788d_S.jpg\" \/><\/div>\n<div class=\"K2FeedIntroText\">\n<p>BRUXELLES- Le ministre des Affaires \u00e9trang\u00e8res, Abdelkader Messahel a soulign\u00e9, lundi \u00e0 Bruxelles, la n\u00e9cessit\u00e9 de renforcer le dialogue \u00ab\u00a0franc et ouvert\u00a0\u00bb entre\u00a0 l&rsquo;Alg\u00e9rie et l&rsquo;Union europ\u00e9enne (UE) dans un cadre de \u00ab\u00a0partenariat global\u00a0\u00bb, r\u00e9it\u00e9rant son invitation pour la commissaire europ\u00e9enne au Commerce, Cecilia Malmstrom, \u00e0 visiter l&rsquo;Alg\u00e9rie.<\/p>\n<p>&#013;\n<\/p><\/div>\n<div class=\"K2FeedFullText\">&#013;<\/p>\n<blockquote><p>&#013;<\/p>\n<p><em><strong>\u00ab\u00a0Je suis heureux de r\u00e9it\u00e9rer l&rsquo;invitation qui a \u00e9t\u00e9 adress\u00e9e \u00e0 la commissaire Malmstrom de visiter mon pays, mais \u00e9galement pour que ce dialogue franc et ouvert continue dans un cadre de partenariat global\u00a0\u00bb, a-t-il d\u00e9clar\u00e9 lors d&rsquo;un point de presse commun avec la chef de la diplomatie europ\u00e9enne, Federica Mogherini, \u00e0 l&rsquo;issue du 11\u00e8me Conseil d&rsquo;association Alg\u00e9rie-UE.<\/strong><\/em><\/p>\n<p>&#013;\n<\/p><\/blockquote>\n<p>&#013;<\/p>\n<p>Messahel a assur\u00e9 que la rencontre a \u00e9t\u00e9 l&rsquo;occasion d&rsquo;expliquer au partenaire europ\u00e9en le contexte ayant contraint le gouvernement alg\u00e9rien \u00e0 prendre une s\u00e9rie de \u00ab\u00a0mesures provisoires\u00a0\u00bb pour r\u00e9duire ses importations.<\/p>\n<p>&#013;<\/p>\n<p>Le ministre s&rsquo;est dit, \u00e0 ce titre, \u00ab\u00a0convaincu\u00a0\u00bb que cet effort de dialogue \u00ab\u00a0aboutira \u00e0 une meilleure compr\u00e9hension et prise en charge des pr\u00e9occupations\u00a0\u00bb des deux parties.<\/p>\n<p>&#013;<\/p>\n<p>Evoquant les questions internationales et r\u00e9gionales d&rsquo;int\u00e9r\u00eat commun, le ministre des Affaires \u00e9trang\u00e8res a affirm\u00e9 que l&rsquo;Alg\u00e9rie et l&rsquo;UE \u00ab\u00a0partagent les m\u00eames pr\u00e9occupations et les m\u00eames objectifs\u00a0\u00bb dans la r\u00e9gion: oeuvrer pour r\u00e9tablir la paix et la stabilit\u00e9 dans la r\u00e9gion et accompagner les\u00a0acteurs des processus de paix au Mali et en Libye \u00e0 \u00ab\u00a0concr\u00e9tiser les objectifs qu&rsquo;ils se sont fix\u00e9s\u00a0\u00bb.<\/p>\n<p>&#013;<\/p>\n<hr \/>\n<p><a href=\"http:\/\/www.aps.dz\/economie\/73981-conseil-d-association-algerie-ue-la-mise-en-oeuvre-des-priorites-du-partenariat-a-l-ordre-du-jour\">Lire aussi:\u00a0Conseil d&rsquo;association Alg\u00e9rie-UE: la mise en oeuvre des priorit\u00e9s du partenariat \u00e0 l&rsquo;ordre du jour<\/a><\/p>\n<p>&#013;<\/p>\n<hr \/>\n<p>Le chef de la diplomatie alg\u00e9rienne a estim\u00e9, \u00e0 ce propos, que l&rsquo;Alg\u00e9rie et l&rsquo;UE doivent poursuivre leur coop\u00e9ration dans le domaine de la lutte contre le terrorisme et le ph\u00e9nom\u00e8ne de la radicalisation.<\/p>\n<p>&#013;<\/p>\n<p>Messahel a annonc\u00e9, \u00e0 ce titre, la tenue \u00e0 Alger en octobre prochain de la deuxi\u00e8me session du dialogue informel de haut niveau en mati\u00e8re de s\u00e9curit\u00e9 et de lutte contre le terrorisme entre l&rsquo;UE et l&rsquo;Alg\u00e9rie.<\/p>\n<p>&#013;<\/p>\n<p>Cette deuxi\u00e8me session sera pr\u00e9c\u00e9d\u00e9e, en juillet, par une r\u00e9union au niveau des experts alg\u00e9riens et europ\u00e9ens.<\/p>\n<p>&#013;<\/p>\n<p>R\u00e9it\u00e9rant l&rsquo;attachement de l&rsquo;Alg\u00e9rie \u00e0 la coop\u00e9ration \u00e9nerg\u00e9tique avec l&rsquo;UE, le ministre a annonc\u00e9 \u00e9galement la tenue, en novembre prochain, \u00e0 Alger de la troisi\u00e8me session du comit\u00e9 sur l&rsquo;\u00e9nergie en vue de dynamiser le dialogue de haut niveau en la mati\u00e8re.<\/p>\n<p>&#013;<\/p>\n<blockquote><p>&#013;<\/p>\n<p><em><strong>\u00ab\u00a0La volont\u00e9 existe de part et d&rsquo;autre. Cette dynamique qui n&rsquo;a jamais cess\u00e9 va s&rsquo;acc\u00e9l\u00e9rer et nous allons faire en sorte que ce partenariat strat\u00e9gique, que nous voulons tous, soit bien compris de part et d&rsquo;autres et b\u00e9n\u00e9fique pour les deux parties\u00a0\u00bb, a-t-il conclu.<\/strong><\/em><\/p>\n<p>&#013;\n<\/p><\/blockquote>\n<p>&#013;<\/p>\n<p>\u00a0<\/p>\n<p>&#013;<\/p>\n<p><strong>=Volont\u00e9 europ\u00e9enne de dynamiser davantage le partenariat Alg\u00e9rie-UE=<\/strong><\/p>\n<p>&#013;<\/p>\n<p>\u00a0<\/p>\n<p>&#013;<\/p>\n<p>La chef de la diplomatie europ\u00e9enne, Federica Mogherini, s&rsquo;est f\u00e9licit\u00e9e, de son c\u00f4t\u00e9, des \u00ab\u00a0avanc\u00e9es\u00a0\u00bb enregistr\u00e9es dans \u00ab\u00a0presque tous les domaines\u00a0\u00bb du partenariat Alg\u00e9rie-UE, relevant une \u00ab\u00a0volont\u00e9 commune\u00a0\u00bb d&rsquo;approfondir encore cette coop\u00e9ration.<\/p>\n<p>&#013;<\/p>\n<blockquote><p>&#013;<\/p>\n<p><em><strong>\u00ab\u00a0Au cours de l&rsquo;ann\u00e9e derni\u00e8re, nos \u00e9changes et notre dialogue se sont intensifi\u00e9s, tant sur les questions bilat\u00e9rales que r\u00e9gionales. Notre partenariat progresse et se consolide, dans un esprit d&rsquo;ouverture et de franchise qui caract\u00e9rise les relations entre amis, donc aussi entre l&rsquo;Union europ\u00e9enne et l&rsquo;Alg\u00e9rie\u00a0\u00bb, a-t-elle affirm\u00e9.\u00a0\u00a0<\/strong><\/em><\/p>\n<p>&#013;\n<\/p><\/blockquote>\n<p>&#013;<\/p>\n<p>Selon Mogherini, l&rsquo;UE reste \u00ab\u00a0engag\u00e9e\u00a0\u00bb \u00e0 accompagner les r\u00e9formes politiques et \u00e9conomiques entreprises par les autorit\u00e9s alg\u00e9riennes.<\/p>\n<p>&#013;<\/p>\n<p>\u00a0\u00ab\u00a0Nous avons discut\u00e9 aujourd&rsquo;hui de la fa\u00e7on la plus efficace possible dont nous pouvons y parvenir, pour les deux parties\u00a0\u00bb, a-t-elle indiqu\u00e9.<\/p>\n<p>&#013;<\/p>\n<p>Elle a pr\u00e9cis\u00e9, \u00e0 ce titre, que la r\u00e9forme du syst\u00e8me de gouvernance politique en Alg\u00e9rie \u00ab\u00a0reste au coeur\u00a0\u00bb du partenariat et b\u00e9n\u00e9ficie de l&rsquo;appui de l&rsquo;UE pour sa mise en \u00a3uvre, en particulier dans les domaines de la justice et de la d\u00e9mocratie participative.<\/p>\n<p>&#013;<\/p>\n<hr \/>\n<p><a href=\"http:\/\/www.aps.dz\/economie\/67235-l-algerie-et-l-ue-satisfaites-du-bilan-du-programme-d-appui-a-l-accord-d-association\">Lire aussi: L&rsquo;Alg\u00e9rie et l&rsquo;UE satisfaites du bilan du Programme d\u2019appui \u00e0 l\u2019Accord d\u2019association<\/a><\/p>\n<p>&#013;<\/p>\n<hr \/>\n<p>La premi\u00e8re responsable de la diplomatie europ\u00e9enne a r\u00e9affirm\u00e9 la volont\u00e9 de l&rsquo;UE \u00e0 ce que \u00ab\u00a0les mesures de r\u00e9gulation des \u00e9changes commerciaux soient prises dans le respect de l&rsquo;Accord d&rsquo;association\u00a0\u00bb.<\/p>\n<p>&#013;<\/p>\n<p>Elle a fait savoir, \u00e0 ce titre, que l&rsquo;Alg\u00e9rie et l&rsquo;UE ont convenu de finaliser leurs discussions \u00e0 ce propos \u00ab\u00a0dans les meilleurs d\u00e9lais et si possible, avant la fin de l&rsquo;ann\u00e9e\u00a0\u00bb.<\/p>\n<p>&#013;<\/p>\n<p>Mogherini a affirm\u00e9, en outre, qu&rsquo;elle \u00ab\u00a0appr\u00e9cie particuli\u00e8rement le r\u00f4le de l&rsquo;Alg\u00e9rie et du ministre (Abdelkader Messahel) personnellement sur ces dossiers (Mali et Libye)\u00a0\u00bb.<\/p>\n<p>&#013;<\/p>\n<p>Mogherini s&rsquo;est f\u00e9licit\u00e9e \u00e9galement du dialogue strat\u00e9gique de haut niveau lanc\u00e9 au mois d&rsquo;octobre dernier, dans les domaines de la s\u00e9curit\u00e9, de la lutte contre le terrorisme et de la radicalisation.<\/p>\n<p>&#013;<\/p>\n<p>\u00ab\u00a0Les d\u00e9fis s\u00e9curitaires ne connaissent pas de fronti\u00e8res et nous sommes d\u00e9cid\u00e9s \u00e0 les affronter dans un esprit de coop\u00e9ration, pour le b\u00e9n\u00e9fice de nos citoyens. Nous avons des exp\u00e9riences et des informations \u00e0 partager, et beaucoup de travail \u00e0 faire ensemble\u00a0\u00bb, a-t-elle estim\u00e9.<\/p>\n<p>&#013;<\/p>\n<p>Elle a soutenu, \u00e0 ce titre, que l&rsquo;Alg\u00e9rie et l&rsquo;Europe partagent le m\u00eame objectif de \u00ab\u00a0renforcer la stabilit\u00e9 dans la r\u00e9gion, qui est une r\u00e9gion partag\u00e9e, celle de la M\u00e9diterran\u00e9e\u00a0\u00bb.<\/p>\n<\/div>\n<p>&#013;<br \/>\nSource: <a href=\"http:\/\/www.aps.dz\/algerie\/74051-messahel-souligne-a-bruxelles-la-necessite-de-renforcer-le-dialogue-franc-et-ouvert-entre-l-algerie-et-l-ue\" target=\"_blank\">Messahel souligne \u00e0 Bruxelles la n\u00e9cessit\u00e9 de renforcer le dialogue \u00ab\u00a0franc et ouvert\u00a0\u00bb entre l&rsquo;Alg\u00e9rie et l&rsquo;UE<\/a><\/p>\n<!--CusAds0-->\n<div style=\"font-size: 0px; height: 0px; line-height: 0px; margin: 0; padding: 0; clear: both;\"><\/div>","protected":false},"excerpt":{"rendered":"<p>BRUXELLES- Le ministre des Affaires \u00e9trang\u00e8res, Abdelkader Messahel a soulign\u00e9, lundi \u00e0 Bruxelles, la n\u00e9cessit\u00e9 de renforcer le dialogue \u00ab\u00a0franc et ouvert\u00a0\u00bb entre\u00a0 l&rsquo;Alg\u00e9rie et l&rsquo;Union europ\u00e9enne (UE) dans un cadre de \u00ab\u00a0partenariat global\u00a0\u00bb, r\u00e9it\u00e9rant son invitation pour la commissaire europ\u00e9enne au Commerce, Cecilia Malmstrom, \u00e0 visiter l&rsquo;Alg\u00e9rie. &#013; &#013; &#013; \u00ab\u00a0Je suis heureux de<\/p>\n","protected":false},"author":6,"featured_media":23358,"comment_status":"open","ping_status":"open","sticky":false,"template":"","format":"standard","meta":{"footnotes":""},"categories":[22],"tags":[93],"class_list":["post-23357","post","type-post","status-publish","format-standard","has-post-thumbnail","hentry","category-infos","tag-onu"],"yoast_head":"<!-- This site is optimized with the Yoast SEO plugin v27.5 - https:\/\/yoast.com\/product\/yoast-seo-wordpress\/ -->\n<title>Messahel souligne \u00e0 Bruxelles la n\u00e9cessit\u00e9 de renforcer le dialogue &quot;franc et ouvert&quot; entre l&#039;Alg\u00e9rie et l&#039;UE - info algerie<\/title>\n<meta name=\"robots\" content=\"index, follow, max-snippet:-1, max-image-preview:large, max-video-preview:-1\" \/>\n<link rel=\"canonical\" href=\"https:\/\/www.info-algerie.com\/actualites\/messahel-souligne-a-bruxelles-la-necessite-de-renforcer-le-dialogue-franc-et-ouvert-entre-lalgerie-et-lue\/\" \/>\n<meta property=\"og:locale\" content=\"fr_FR\" \/>\n<meta property=\"og:type\" content=\"article\" \/>\n<meta property=\"og:title\" content=\"Messahel souligne \u00e0 Bruxelles la n\u00e9cessit\u00e9 de renforcer le dialogue &quot;franc et ouvert&quot; entre l&#039;Alg\u00e9rie et l&#039;UE - info algerie\" \/>\n<meta property=\"og:description\" content=\"BRUXELLES- Le ministre des Affaires \u00e9trang\u00e8res, Abdelkader Messahel a soulign\u00e9, lundi \u00e0 Bruxelles, la n\u00e9cessit\u00e9 de renforcer le dialogue \u00ab\u00a0franc et ouvert\u00a0\u00bb entre\u00a0 l&rsquo;Alg\u00e9rie et l&rsquo;Union europ\u00e9enne (UE) dans un cadre de \u00ab\u00a0partenariat global\u00a0\u00bb, r\u00e9it\u00e9rant son invitation pour la commissaire europ\u00e9enne au Commerce, Cecilia Malmstrom, \u00e0 visiter l&rsquo;Alg\u00e9rie. &#013; &#013; &#013; \u00ab\u00a0Je suis heureux de\" \/>\n<meta property=\"og:url\" content=\"https:\/\/www.info-algerie.com\/actualites\/messahel-souligne-a-bruxelles-la-necessite-de-renforcer-le-dialogue-franc-et-ouvert-entre-lalgerie-et-lue\/\" \/>\n<meta property=\"og:site_name\" content=\"info algerie\" \/>\n<meta property=\"article:publisher\" content=\"https:\/\/www.facebook.com\/infoalgerieactu\" \/>\n<meta property=\"article:published_time\" content=\"2018-05-14T18:08:59+00:00\" \/>\n<meta property=\"og:image\" content=\"https:\/\/www.info-algerie.com\/actualites\/wp-content\/uploads\/2018\/05\/2ac2e4a38b27b09f2ac44ac7c62c788d_S-1.jpg\" \/>\n\t<meta property=\"og:image:width\" content=\"280\" \/>\n\t<meta property=\"og:image:height\" content=\"181\" \/>\n\t<meta property=\"og:image:type\" content=\"image\/jpeg\" \/>\n<meta name=\"author\" content=\"La r\u00e9daction\" \/>\n<meta name=\"twitter:label1\" content=\"\u00c9crit par\" \/>\n\t<meta name=\"twitter:data1\" content=\"La r\u00e9daction\" \/>\n\t<meta name=\"twitter:label2\" content=\"Dur\u00e9e de lecture estim\u00e9e\" \/>\n\t<meta name=\"twitter:data2\" content=\"5 minutes\" \/>\n<script type=\"application\/ld+json\" class=\"yoast-schema-graph\">{\"@context\":\"https:\\\/\\\/schema.org\",\"@graph\":[{\"@type\":\"Article\",\"@id\":\"https:\\\/\\\/www.info-algerie.com\\\/actualites\\\/messahel-souligne-a-bruxelles-la-necessite-de-renforcer-le-dialogue-franc-et-ouvert-entre-lalgerie-et-lue\\\/#article\",\"isPartOf\":{\"@id\":\"https:\\\/\\\/www.info-algerie.com\\\/actualites\\\/messahel-souligne-a-bruxelles-la-necessite-de-renforcer-le-dialogue-franc-et-ouvert-entre-lalgerie-et-lue\\\/\"},\"author\":{\"name\":\"La r\u00e9daction\",\"@id\":\"https:\\\/\\\/www.info-algerie.com\\\/actualites\\\/#\\\/schema\\\/person\\\/847aaec44920825b843a08f30ec6aa1e\"},\"headline\":\"Messahel souligne \u00e0 Bruxelles la n\u00e9cessit\u00e9 de renforcer le dialogue &quot;franc et ouvert&quot; entre l&#039;Alg\u00e9rie et l&#039;UE\",\"datePublished\":\"2018-05-14T18:08:59+00:00\",\"mainEntityOfPage\":{\"@id\":\"https:\\\/\\\/www.info-algerie.com\\\/actualites\\\/messahel-souligne-a-bruxelles-la-necessite-de-renforcer-le-dialogue-franc-et-ouvert-entre-lalgerie-et-lue\\\/\"},\"wordCount\":994,\"commentCount\":0,\"publisher\":{\"@id\":\"https:\\\/\\\/www.info-algerie.com\\\/actualites\\\/#organization\"},\"image\":{\"@id\":\"https:\\\/\\\/www.info-algerie.com\\\/actualites\\\/messahel-souligne-a-bruxelles-la-necessite-de-renforcer-le-dialogue-franc-et-ouvert-entre-lalgerie-et-lue\\\/#primaryimage\"},\"thumbnailUrl\":\"https:\\\/\\\/www.info-algerie.com\\\/actualites\\\/wp-content\\\/uploads\\\/2018\\\/05\\\/2ac2e4a38b27b09f2ac44ac7c62c788d_S-1.jpg\",\"keywords\":[\"ONU\"],\"articleSection\":[\"infos\"],\"inLanguage\":\"fr-FR\",\"potentialAction\":[{\"@type\":\"CommentAction\",\"name\":\"Comment\",\"target\":[\"https:\\\/\\\/www.info-algerie.com\\\/actualites\\\/messahel-souligne-a-bruxelles-la-necessite-de-renforcer-le-dialogue-franc-et-ouvert-entre-lalgerie-et-lue\\\/#respond\"]}]},{\"@type\":\"WebPage\",\"@id\":\"https:\\\/\\\/www.info-algerie.com\\\/actualites\\\/messahel-souligne-a-bruxelles-la-necessite-de-renforcer-le-dialogue-franc-et-ouvert-entre-lalgerie-et-lue\\\/\",\"url\":\"https:\\\/\\\/www.info-algerie.com\\\/actualites\\\/messahel-souligne-a-bruxelles-la-necessite-de-renforcer-le-dialogue-franc-et-ouvert-entre-lalgerie-et-lue\\\/\",\"name\":\"Messahel souligne \u00e0 Bruxelles la n\u00e9cessit\u00e9 de renforcer le dialogue &quot;franc et ouvert&quot; entre l&#039;Alg\u00e9rie et l&#039;UE - info algerie\",\"isPartOf\":{\"@id\":\"https:\\\/\\\/www.info-algerie.com\\\/actualites\\\/#website\"},\"primaryImageOfPage\":{\"@id\":\"https:\\\/\\\/www.info-algerie.com\\\/actualites\\\/messahel-souligne-a-bruxelles-la-necessite-de-renforcer-le-dialogue-franc-et-ouvert-entre-lalgerie-et-lue\\\/#primaryimage\"},\"image\":{\"@id\":\"https:\\\/\\\/www.info-algerie.com\\\/actualites\\\/messahel-souligne-a-bruxelles-la-necessite-de-renforcer-le-dialogue-franc-et-ouvert-entre-lalgerie-et-lue\\\/#primaryimage\"},\"thumbnailUrl\":\"https:\\\/\\\/www.info-algerie.com\\\/actualites\\\/wp-content\\\/uploads\\\/2018\\\/05\\\/2ac2e4a38b27b09f2ac44ac7c62c788d_S-1.jpg\",\"datePublished\":\"2018-05-14T18:08:59+00:00\",\"breadcrumb\":{\"@id\":\"https:\\\/\\\/www.info-algerie.com\\\/actualites\\\/messahel-souligne-a-bruxelles-la-necessite-de-renforcer-le-dialogue-franc-et-ouvert-entre-lalgerie-et-lue\\\/#breadcrumb\"},\"inLanguage\":\"fr-FR\",\"potentialAction\":[{\"@type\":\"ReadAction\",\"target\":[\"https:\\\/\\\/www.info-algerie.com\\\/actualites\\\/messahel-souligne-a-bruxelles-la-necessite-de-renforcer-le-dialogue-franc-et-ouvert-entre-lalgerie-et-lue\\\/\"]}]},{\"@type\":\"ImageObject\",\"inLanguage\":\"fr-FR\",\"@id\":\"https:\\\/\\\/www.info-algerie.com\\\/actualites\\\/messahel-souligne-a-bruxelles-la-necessite-de-renforcer-le-dialogue-franc-et-ouvert-entre-lalgerie-et-lue\\\/#primaryimage\",\"url\":\"https:\\\/\\\/www.info-algerie.com\\\/actualites\\\/wp-content\\\/uploads\\\/2018\\\/05\\\/2ac2e4a38b27b09f2ac44ac7c62c788d_S-1.jpg\",\"contentUrl\":\"https:\\\/\\\/www.info-algerie.com\\\/actualites\\\/wp-content\\\/uploads\\\/2018\\\/05\\\/2ac2e4a38b27b09f2ac44ac7c62c788d_S-1.jpg\",\"width\":280,\"height\":181},{\"@type\":\"BreadcrumbList\",\"@id\":\"https:\\\/\\\/www.info-algerie.com\\\/actualites\\\/messahel-souligne-a-bruxelles-la-necessite-de-renforcer-le-dialogue-franc-et-ouvert-entre-lalgerie-et-lue\\\/#breadcrumb\",\"itemListElement\":[{\"@type\":\"ListItem\",\"position\":1,\"name\":\"Accueil\",\"item\":\"https:\\\/\\\/www.info-algerie.com\\\/actualites\\\/\"},{\"@type\":\"ListItem\",\"position\":2,\"name\":\"Messahel souligne \u00e0 Bruxelles la n\u00e9cessit\u00e9 de renforcer le dialogue &quot;franc et ouvert&quot; entre l&#039;Alg\u00e9rie et l&#039;UE\"}]},{\"@type\":\"WebSite\",\"@id\":\"https:\\\/\\\/www.info-algerie.com\\\/actualites\\\/#website\",\"url\":\"https:\\\/\\\/www.info-algerie.com\\\/actualites\\\/\",\"name\":\"info algerie\",\"description\":\"Toutes les actualit\u00e9s\",\"publisher\":{\"@id\":\"https:\\\/\\\/www.info-algerie.com\\\/actualites\\\/#organization\"},\"potentialAction\":[{\"@type\":\"SearchAction\",\"target\":{\"@type\":\"EntryPoint\",\"urlTemplate\":\"https:\\\/\\\/www.info-algerie.com\\\/actualites\\\/?s={search_term_string}\"},\"query-input\":{\"@type\":\"PropertyValueSpecification\",\"valueRequired\":true,\"valueName\":\"search_term_string\"}}],\"inLanguage\":\"fr-FR\"},{\"@type\":\"Organization\",\"@id\":\"https:\\\/\\\/www.info-algerie.com\\\/actualites\\\/#organization\",\"name\":\"info algerie\",\"url\":\"https:\\\/\\\/www.info-algerie.com\\\/actualites\\\/\",\"logo\":{\"@type\":\"ImageObject\",\"inLanguage\":\"fr-FR\",\"@id\":\"https:\\\/\\\/www.info-algerie.com\\\/actualites\\\/#\\\/schema\\\/logo\\\/image\\\/\",\"url\":\"https:\\\/\\\/www.info-algerie.com\\\/actualites\\\/wp-content\\\/uploads\\\/2022\\\/07\\\/logo-ia-120.png\",\"contentUrl\":\"https:\\\/\\\/www.info-algerie.com\\\/actualites\\\/wp-content\\\/uploads\\\/2022\\\/07\\\/logo-ia-120.png\",\"width\":120,\"height\":43,\"caption\":\"info algerie\"},\"image\":{\"@id\":\"https:\\\/\\\/www.info-algerie.com\\\/actualites\\\/#\\\/schema\\\/logo\\\/image\\\/\"},\"sameAs\":[\"https:\\\/\\\/www.facebook.com\\\/infoalgerieactu\",\"https:\\\/\\\/x.com\\\/infoalgerie1\"]},{\"@type\":\"Person\",\"@id\":\"https:\\\/\\\/www.info-algerie.com\\\/actualites\\\/#\\\/schema\\\/person\\\/847aaec44920825b843a08f30ec6aa1e\",\"name\":\"La r\u00e9daction\",\"image\":{\"@type\":\"ImageObject\",\"inLanguage\":\"fr-FR\",\"@id\":\"https:\\\/\\\/secure.gravatar.com\\\/avatar\\\/769db425c6f465158149f1ffd6cf61ce7a8a879d11dfbef8288af36dfddd418c?s=96&d=mm&r=g\",\"url\":\"https:\\\/\\\/secure.gravatar.com\\\/avatar\\\/769db425c6f465158149f1ffd6cf61ce7a8a879d11dfbef8288af36dfddd418c?s=96&d=mm&r=g\",\"contentUrl\":\"https:\\\/\\\/secure.gravatar.com\\\/avatar\\\/769db425c6f465158149f1ffd6cf61ce7a8a879d11dfbef8288af36dfddd418c?s=96&d=mm&r=g\",\"caption\":\"La r\u00e9daction\"},\"sameAs\":[\"http:\\\/\\\/www.lkeria.com\\\/\"],\"url\":\"https:\\\/\\\/www.info-algerie.com\\\/actualites\\\/author\\\/chakib32\\\/\"}]}<\/script>\n<!-- \/ Yoast SEO plugin. -->","yoast_head_json":{"title":"Messahel souligne \u00e0 Bruxelles la n\u00e9cessit\u00e9 de renforcer le dialogue &quot;franc et ouvert&quot; entre l&#039;Alg\u00e9rie et l&#039;UE - info algerie","robots":{"index":"index","follow":"follow","max-snippet":"max-snippet:-1","max-image-preview":"max-image-preview:large","max-video-preview":"max-video-preview:-1"},"canonical":"https:\/\/www.info-algerie.com\/actualites\/messahel-souligne-a-bruxelles-la-necessite-de-renforcer-le-dialogue-franc-et-ouvert-entre-lalgerie-et-lue\/","og_locale":"fr_FR","og_type":"article","og_title":"Messahel souligne \u00e0 Bruxelles la n\u00e9cessit\u00e9 de renforcer le dialogue &quot;franc et ouvert&quot; entre l&#039;Alg\u00e9rie et l&#039;UE - info algerie","og_description":"BRUXELLES- Le ministre des Affaires \u00e9trang\u00e8res, Abdelkader Messahel a soulign\u00e9, lundi \u00e0 Bruxelles, la n\u00e9cessit\u00e9 de renforcer le dialogue \u00ab\u00a0franc et ouvert\u00a0\u00bb entre\u00a0 l&rsquo;Alg\u00e9rie et l&rsquo;Union europ\u00e9enne (UE) dans un cadre de \u00ab\u00a0partenariat global\u00a0\u00bb, r\u00e9it\u00e9rant son invitation pour la commissaire europ\u00e9enne au Commerce, Cecilia Malmstrom, \u00e0 visiter l&rsquo;Alg\u00e9rie. &#013; &#013; &#013; \u00ab\u00a0Je suis heureux de","og_url":"https:\/\/www.info-algerie.com\/actualites\/messahel-souligne-a-bruxelles-la-necessite-de-renforcer-le-dialogue-franc-et-ouvert-entre-lalgerie-et-lue\/","og_site_name":"info algerie","article_publisher":"https:\/\/www.facebook.com\/infoalgerieactu","article_published_time":"2018-05-14T18:08:59+00:00","og_image":[{"width":280,"height":181,"url":"https:\/\/www.info-algerie.com\/actualites\/wp-content\/uploads\/2018\/05\/2ac2e4a38b27b09f2ac44ac7c62c788d_S-1.jpg","type":"image\/jpeg"}],"author":"La r\u00e9daction","twitter_misc":{"\u00c9crit par":"La r\u00e9daction","Dur\u00e9e de lecture estim\u00e9e":"5 minutes"},"schema":{"@context":"https:\/\/schema.org","@graph":[{"@type":"Article","@id":"https:\/\/www.info-algerie.com\/actualites\/messahel-souligne-a-bruxelles-la-necessite-de-renforcer-le-dialogue-franc-et-ouvert-entre-lalgerie-et-lue\/#article","isPartOf":{"@id":"https:\/\/www.info-algerie.com\/actualites\/messahel-souligne-a-bruxelles-la-necessite-de-renforcer-le-dialogue-franc-et-ouvert-entre-lalgerie-et-lue\/"},"author":{"name":"La r\u00e9daction","@id":"https:\/\/www.info-algerie.com\/actualites\/#\/schema\/person\/847aaec44920825b843a08f30ec6aa1e"},"headline":"Messahel souligne \u00e0 Bruxelles la n\u00e9cessit\u00e9 de renforcer le dialogue &quot;franc et ouvert&quot; entre l&#039;Alg\u00e9rie et l&#039;UE","datePublished":"2018-05-14T18:08:59+00:00","mainEntityOfPage":{"@id":"https:\/\/www.info-algerie.com\/actualites\/messahel-souligne-a-bruxelles-la-necessite-de-renforcer-le-dialogue-franc-et-ouvert-entre-lalgerie-et-lue\/"},"wordCount":994,"commentCount":0,"publisher":{"@id":"https:\/\/www.info-algerie.com\/actualites\/#organization"},"image":{"@id":"https:\/\/www.info-algerie.com\/actualites\/messahel-souligne-a-bruxelles-la-necessite-de-renforcer-le-dialogue-franc-et-ouvert-entre-lalgerie-et-lue\/#primaryimage"},"thumbnailUrl":"https:\/\/www.info-algerie.com\/actualites\/wp-content\/uploads\/2018\/05\/2ac2e4a38b27b09f2ac44ac7c62c788d_S-1.jpg","keywords":["ONU"],"articleSection":["infos"],"inLanguage":"fr-FR","potentialAction":[{"@type":"CommentAction","name":"Comment","target":["https:\/\/www.info-algerie.com\/actualites\/messahel-souligne-a-bruxelles-la-necessite-de-renforcer-le-dialogue-franc-et-ouvert-entre-lalgerie-et-lue\/#respond"]}]},{"@type":"WebPage","@id":"https:\/\/www.info-algerie.com\/actualites\/messahel-souligne-a-bruxelles-la-necessite-de-renforcer-le-dialogue-franc-et-ouvert-entre-lalgerie-et-lue\/","url":"https:\/\/www.info-algerie.com\/actualites\/messahel-souligne-a-bruxelles-la-necessite-de-renforcer-le-dialogue-franc-et-ouvert-entre-lalgerie-et-lue\/","name":"Messahel souligne \u00e0 Bruxelles la n\u00e9cessit\u00e9 de renforcer le dialogue &quot;franc et ouvert&quot; entre l&#039;Alg\u00e9rie et l&#039;UE - info algerie","isPartOf":{"@id":"https:\/\/www.info-algerie.com\/actualites\/#website"},"primaryImageOfPage":{"@id":"https:\/\/www.info-algerie.com\/actualites\/messahel-souligne-a-bruxelles-la-necessite-de-renforcer-le-dialogue-franc-et-ouvert-entre-lalgerie-et-lue\/#primaryimage"},"image":{"@id":"https:\/\/www.info-algerie.com\/actualites\/messahel-souligne-a-bruxelles-la-necessite-de-renforcer-le-dialogue-franc-et-ouvert-entre-lalgerie-et-lue\/#primaryimage"},"thumbnailUrl":"https:\/\/www.info-algerie.com\/actualites\/wp-content\/uploads\/2018\/05\/2ac2e4a38b27b09f2ac44ac7c62c788d_S-1.jpg","datePublished":"2018-05-14T18:08:59+00:00","breadcrumb":{"@id":"https:\/\/www.info-algerie.com\/actualites\/messahel-souligne-a-bruxelles-la-necessite-de-renforcer-le-dialogue-franc-et-ouvert-entre-lalgerie-et-lue\/#breadcrumb"},"inLanguage":"fr-FR","potentialAction":[{"@type":"ReadAction","target":["https:\/\/www.info-algerie.com\/actualites\/messahel-souligne-a-bruxelles-la-necessite-de-renforcer-le-dialogue-franc-et-ouvert-entre-lalgerie-et-lue\/"]}]},{"@type":"ImageObject","inLanguage":"fr-FR","@id":"https:\/\/www.info-algerie.com\/actualites\/messahel-souligne-a-bruxelles-la-necessite-de-renforcer-le-dialogue-franc-et-ouvert-entre-lalgerie-et-lue\/#primaryimage","url":"https:\/\/www.info-algerie.com\/actualites\/wp-content\/uploads\/2018\/05\/2ac2e4a38b27b09f2ac44ac7c62c788d_S-1.jpg","contentUrl":"https:\/\/www.info-algerie.com\/actualites\/wp-content\/uploads\/2018\/05\/2ac2e4a38b27b09f2ac44ac7c62c788d_S-1.jpg","width":280,"height":181},{"@type":"BreadcrumbList","@id":"https:\/\/www.info-algerie.com\/actualites\/messahel-souligne-a-bruxelles-la-necessite-de-renforcer-le-dialogue-franc-et-ouvert-entre-lalgerie-et-lue\/#breadcrumb","itemListElement":[{"@type":"ListItem","position":1,"name":"Accueil","item":"https:\/\/www.info-algerie.com\/actualites\/"},{"@type":"ListItem","position":2,"name":"Messahel souligne \u00e0 Bruxelles la n\u00e9cessit\u00e9 de renforcer le dialogue &quot;franc et ouvert&quot; entre l&#039;Alg\u00e9rie et l&#039;UE"}]},{"@type":"WebSite","@id":"https:\/\/www.info-algerie.com\/actualites\/#website","url":"https:\/\/www.info-algerie.com\/actualites\/","name":"info algerie","description":"Toutes les actualit\u00e9s","publisher":{"@id":"https:\/\/www.info-algerie.com\/actualites\/#organization"},"potentialAction":[{"@type":"SearchAction","target":{"@type":"EntryPoint","urlTemplate":"https:\/\/www.info-algerie.com\/actualites\/?s={search_term_string}"},"query-input":{"@type":"PropertyValueSpecification","valueRequired":true,"valueName":"search_term_string"}}],"inLanguage":"fr-FR"},{"@type":"Organization","@id":"https:\/\/www.info-algerie.com\/actualites\/#organization","name":"info algerie","url":"https:\/\/www.info-algerie.com\/actualites\/","logo":{"@type":"ImageObject","inLanguage":"fr-FR","@id":"https:\/\/www.info-algerie.com\/actualites\/#\/schema\/logo\/image\/","url":"https:\/\/www.info-algerie.com\/actualites\/wp-content\/uploads\/2022\/07\/logo-ia-120.png","contentUrl":"https:\/\/www.info-algerie.com\/actualites\/wp-content\/uploads\/2022\/07\/logo-ia-120.png","width":120,"height":43,"caption":"info algerie"},"image":{"@id":"https:\/\/www.info-algerie.com\/actualites\/#\/schema\/logo\/image\/"},"sameAs":["https:\/\/www.facebook.com\/infoalgerieactu","https:\/\/x.com\/infoalgerie1"]},{"@type":"Person","@id":"https:\/\/www.info-algerie.com\/actualites\/#\/schema\/person\/847aaec44920825b843a08f30ec6aa1e","name":"La r\u00e9daction","image":{"@type":"ImageObject","inLanguage":"fr-FR","@id":"https:\/\/secure.gravatar.com\/avatar\/769db425c6f465158149f1ffd6cf61ce7a8a879d11dfbef8288af36dfddd418c?s=96&d=mm&r=g","url":"https:\/\/secure.gravatar.com\/avatar\/769db425c6f465158149f1ffd6cf61ce7a8a879d11dfbef8288af36dfddd418c?s=96&d=mm&r=g","contentUrl":"https:\/\/secure.gravatar.com\/avatar\/769db425c6f465158149f1ffd6cf61ce7a8a879d11dfbef8288af36dfddd418c?s=96&d=mm&r=g","caption":"La r\u00e9daction"},"sameAs":["http:\/\/www.lkeria.com\/"],"url":"https:\/\/www.info-algerie.com\/actualites\/author\/chakib32\/"}]}},"_links":{"self":[{"href":"https:\/\/www.info-algerie.com\/actualites\/wp-json\/wp\/v2\/posts\/23357","targetHints":{"allow":["GET"]}}],"collection":[{"href":"https:\/\/www.info-algerie.com\/actualites\/wp-json\/wp\/v2\/posts"}],"about":[{"href":"https:\/\/www.info-algerie.com\/actualites\/wp-json\/wp\/v2\/types\/post"}],"author":[{"embeddable":true,"href":"https:\/\/www.info-algerie.com\/actualites\/wp-json\/wp\/v2\/users\/6"}],"replies":[{"embeddable":true,"href":"https:\/\/www.info-algerie.com\/actualites\/wp-json\/wp\/v2\/comments?post=23357"}],"version-history":[{"count":0,"href":"https:\/\/www.info-algerie.com\/actualites\/wp-json\/wp\/v2\/posts\/23357\/revisions"}],"wp:featuredmedia":[{"embeddable":true,"href":"https:\/\/www.info-algerie.com\/actualites\/wp-json\/wp\/v2\/media\/23358"}],"wp:attachment":[{"href":"https:\/\/www.info-algerie.com\/actualites\/wp-json\/wp\/v2\/media?parent=23357"}],"wp:term":[{"taxonomy":"category","embeddable":true,"href":"https:\/\/www.info-algerie.com\/actualites\/wp-json\/wp\/v2\/categories?post=23357"},{"taxonomy":"post_tag","embeddable":true,"href":"https:\/\/www.info-algerie.com\/actualites\/wp-json\/wp\/v2\/tags?post=23357"}],"curies":[{"name":"wp","href":"https:\/\/api.w.org\/{rel}","templated":true}]}}