{"id":23359,"date":"2018-05-14T18:49:52","date_gmt":"2018-05-14T17:49:52","guid":{"rendered":"http:\/\/www.info-algerie.com\/actualites\/messahel-rencontre-des-membres-de-la-communaute-nationale-etablie-en-belgique\/"},"modified":"2018-05-14T18:49:52","modified_gmt":"2018-05-14T17:49:52","slug":"messahel-rencontre-des-membres-de-la-communaute-nationale-etablie-en-belgique","status":"publish","type":"post","link":"https:\/\/www.info-algerie.com\/actualites\/messahel-rencontre-des-membres-de-la-communaute-nationale-etablie-en-belgique\/","title":{"rendered":"Messahel rencontre des membres de la communaut\u00e9 nationale \u00e9tablie en\u00a0Belgique"},"content":{"rendered":"<div class=\"K2FeedIntroText\">\n<p>BRUXELLES- Le ministre des Affaires \u00e9trang\u00e8res, Abdelkader Messahel, a rencontr\u00e9, lundi \u00e0 Bruxelles, des membres de la communaut\u00e9 nationale \u00e9tablie au Royaume de Belgique, en marge de sa visite\u00a0dans le cadre de la tenue de la 11\u00e8me session du Conseil d&rsquo;Association Alg\u00e9rie-Union europ\u00e9enne.<\/p>\n<p>&#013;\n<\/p><\/div>\n<div class=\"K2FeedFullText\">&#013;<\/p>\n<p>Dans ce cadre, M. Messahel a indiqu\u00e9 que \u00ab\u00a0cette initiative qui s&rsquo;inscrit dans la continuit\u00e9 des activit\u00e9s entreprises par le gouvernement alg\u00e9rien en direction de la communaut\u00e9 nationale \u00e0 l&rsquo;\u00e9tranger, a pour objectif d&rsquo;\u00eatre \u00e0 l&rsquo;\u00e9coute des alg\u00e9riens \u00e9tablis en Belgique en vue de prendre connaissance de leurs pr\u00e9occupations et y r\u00e9pondre \u00e0 travers des mesures concr\u00e8tes\u00a0\u00bb.<\/p>\n<p>&#013;<\/p>\n<p>\u00a0C&rsquo;est dans ce cadre que le ministre des Affaires \u00e9trang\u00e8res a \u00ab\u00a0rappel\u00e9 les d\u00e9cisions prises par le Pr\u00e9sident de la R\u00e9publique, Abdelaziz Bouteflika, en faveur de la communaut\u00e9 nationale \u00e0 l&rsquo;\u00e9tranger\u00a0\u00bb.<\/p>\n<p>&#013;<\/p>\n<p>Les membres de la communaut\u00e9 alg\u00e9rienne pr\u00e9sents ont fait part de leur \u00ab\u00a0satisfaction quant \u00e0 cette initiative et ont exprim\u00e9 leur appr\u00e9ciation \u00e0 Monsieur le Pr\u00e9sident de la R\u00e9publique pour les d\u00e9cisions prises en leur direction et qui sont de nature \u00e0 renforcer le lien entre les nationaux de\u00a0l&rsquo;\u00e9tranger et leur m\u00e8re patrie\u00a0\u00bb.\u00a0<\/p>\n<p>&#013;<\/p>\n<p>Ils ont \u00e9galement fait part de leur \u00ab\u00a0d\u00e9termination \u00e0 contribuer, en permanence, au d\u00e9veloppement de l&rsquo;Alg\u00e9rie et \u00e0 son rayonnement culturel\u00a0\u00bb.<\/p>\n<\/div>\n<p>&#013;<br \/>\nSource: <a href=\"http:\/\/www.aps.dz\/algerie\/74049-messahel-rencontre-des-membres-de-la-communaute-nationale-etablie-en-belgique\" target=\"_blank\">Messahel rencontre des membres de la communaut\u00e9 nationale \u00e9tablie en\u00a0Belgique<\/a><\/p>\n<!--CusAds0-->\n<div style=\"font-size: 0px; height: 0px; line-height: 0px; margin: 0; padding: 0; clear: both;\"><\/div>","protected":false},"excerpt":{"rendered":"<p>BRUXELLES- Le ministre des Affaires \u00e9trang\u00e8res, Abdelkader Messahel, a rencontr\u00e9, lundi \u00e0 Bruxelles, des membres de la communaut\u00e9 nationale \u00e9tablie au Royaume de Belgique, en marge de sa visite\u00a0dans le cadre de la tenue de la 11\u00e8me session du Conseil d&rsquo;Association Alg\u00e9rie-Union europ\u00e9enne. &#013; &#013; Dans ce cadre, M. Messahel a indiqu\u00e9 que \u00ab\u00a0cette initiative<\/p>\n","protected":false},"author":6,"featured_media":0,"comment_status":"open","ping_status":"open","sticky":false,"template":"","format":"standard","meta":{"footnotes":""},"categories":[22],"tags":[93],"class_list":["post-23359","post","type-post","status-publish","format-standard","hentry","category-infos","tag-onu"],"yoast_head":"<!-- This site is optimized with the Yoast SEO plugin v27.5 - https:\/\/yoast.com\/product\/yoast-seo-wordpress\/ -->\n<title>Messahel rencontre des membres de la communaut\u00e9 nationale \u00e9tablie en\u00a0Belgique - info algerie<\/title>\n<meta name=\"robots\" content=\"index, follow, max-snippet:-1, max-image-preview:large, max-video-preview:-1\" \/>\n<link rel=\"canonical\" href=\"https:\/\/www.info-algerie.com\/actualites\/messahel-rencontre-des-membres-de-la-communaute-nationale-etablie-en-belgique\/\" \/>\n<meta property=\"og:locale\" content=\"fr_FR\" \/>\n<meta property=\"og:type\" content=\"article\" \/>\n<meta property=\"og:title\" content=\"Messahel rencontre des membres de la communaut\u00e9 nationale \u00e9tablie en\u00a0Belgique - info algerie\" \/>\n<meta property=\"og:description\" content=\"BRUXELLES- Le ministre des Affaires \u00e9trang\u00e8res, Abdelkader Messahel, a rencontr\u00e9, lundi \u00e0 Bruxelles, des membres de la communaut\u00e9 nationale \u00e9tablie au Royaume de Belgique, en marge de sa visite\u00a0dans le cadre de la tenue de la 11\u00e8me session du Conseil d&rsquo;Association Alg\u00e9rie-Union europ\u00e9enne. &#013; &#013; Dans ce cadre, M. Messahel a indiqu\u00e9 que \u00ab\u00a0cette initiative\" \/>\n<meta property=\"og:url\" content=\"https:\/\/www.info-algerie.com\/actualites\/messahel-rencontre-des-membres-de-la-communaute-nationale-etablie-en-belgique\/\" \/>\n<meta property=\"og:site_name\" content=\"info algerie\" \/>\n<meta property=\"article:publisher\" content=\"https:\/\/www.facebook.com\/infoalgerieactu\" \/>\n<meta property=\"article:published_time\" content=\"2018-05-14T17:49:52+00:00\" \/>\n<meta name=\"author\" content=\"La r\u00e9daction\" \/>\n<meta name=\"twitter:label1\" content=\"\u00c9crit par\" \/>\n\t<meta name=\"twitter:data1\" content=\"La r\u00e9daction\" \/>\n\t<meta name=\"twitter:label2\" content=\"Dur\u00e9e de lecture estim\u00e9e\" \/>\n\t<meta name=\"twitter:data2\" content=\"1 minute\" \/>\n<script type=\"application\/ld+json\" class=\"yoast-schema-graph\">{\"@context\":\"https:\\\/\\\/schema.org\",\"@graph\":[{\"@type\":\"Article\",\"@id\":\"https:\\\/\\\/www.info-algerie.com\\\/actualites\\\/messahel-rencontre-des-membres-de-la-communaute-nationale-etablie-en-belgique\\\/#article\",\"isPartOf\":{\"@id\":\"https:\\\/\\\/www.info-algerie.com\\\/actualites\\\/messahel-rencontre-des-membres-de-la-communaute-nationale-etablie-en-belgique\\\/\"},\"author\":{\"name\":\"La r\u00e9daction\",\"@id\":\"https:\\\/\\\/www.info-algerie.com\\\/actualites\\\/#\\\/schema\\\/person\\\/847aaec44920825b843a08f30ec6aa1e\"},\"headline\":\"Messahel rencontre des membres de la communaut\u00e9 nationale \u00e9tablie en\u00a0Belgique\",\"datePublished\":\"2018-05-14T17:49:52+00:00\",\"mainEntityOfPage\":{\"@id\":\"https:\\\/\\\/www.info-algerie.com\\\/actualites\\\/messahel-rencontre-des-membres-de-la-communaute-nationale-etablie-en-belgique\\\/\"},\"wordCount\":252,\"commentCount\":0,\"publisher\":{\"@id\":\"https:\\\/\\\/www.info-algerie.com\\\/actualites\\\/#organization\"},\"keywords\":[\"ONU\"],\"articleSection\":[\"infos\"],\"inLanguage\":\"fr-FR\",\"potentialAction\":[{\"@type\":\"CommentAction\",\"name\":\"Comment\",\"target\":[\"https:\\\/\\\/www.info-algerie.com\\\/actualites\\\/messahel-rencontre-des-membres-de-la-communaute-nationale-etablie-en-belgique\\\/#respond\"]}]},{\"@type\":\"WebPage\",\"@id\":\"https:\\\/\\\/www.info-algerie.com\\\/actualites\\\/messahel-rencontre-des-membres-de-la-communaute-nationale-etablie-en-belgique\\\/\",\"url\":\"https:\\\/\\\/www.info-algerie.com\\\/actualites\\\/messahel-rencontre-des-membres-de-la-communaute-nationale-etablie-en-belgique\\\/\",\"name\":\"Messahel rencontre des membres de la communaut\u00e9 nationale \u00e9tablie en\u00a0Belgique - info algerie\",\"isPartOf\":{\"@id\":\"https:\\\/\\\/www.info-algerie.com\\\/actualites\\\/#website\"},\"datePublished\":\"2018-05-14T17:49:52+00:00\",\"breadcrumb\":{\"@id\":\"https:\\\/\\\/www.info-algerie.com\\\/actualites\\\/messahel-rencontre-des-membres-de-la-communaute-nationale-etablie-en-belgique\\\/#breadcrumb\"},\"inLanguage\":\"fr-FR\",\"potentialAction\":[{\"@type\":\"ReadAction\",\"target\":[\"https:\\\/\\\/www.info-algerie.com\\\/actualites\\\/messahel-rencontre-des-membres-de-la-communaute-nationale-etablie-en-belgique\\\/\"]}]},{\"@type\":\"BreadcrumbList\",\"@id\":\"https:\\\/\\\/www.info-algerie.com\\\/actualites\\\/messahel-rencontre-des-membres-de-la-communaute-nationale-etablie-en-belgique\\\/#breadcrumb\",\"itemListElement\":[{\"@type\":\"ListItem\",\"position\":1,\"name\":\"Accueil\",\"item\":\"https:\\\/\\\/www.info-algerie.com\\\/actualites\\\/\"},{\"@type\":\"ListItem\",\"position\":2,\"name\":\"Messahel rencontre des membres de la communaut\u00e9 nationale \u00e9tablie en\u00a0Belgique\"}]},{\"@type\":\"WebSite\",\"@id\":\"https:\\\/\\\/www.info-algerie.com\\\/actualites\\\/#website\",\"url\":\"https:\\\/\\\/www.info-algerie.com\\\/actualites\\\/\",\"name\":\"info algerie\",\"description\":\"Toutes les actualit\u00e9s\",\"publisher\":{\"@id\":\"https:\\\/\\\/www.info-algerie.com\\\/actualites\\\/#organization\"},\"potentialAction\":[{\"@type\":\"SearchAction\",\"target\":{\"@type\":\"EntryPoint\",\"urlTemplate\":\"https:\\\/\\\/www.info-algerie.com\\\/actualites\\\/?s={search_term_string}\"},\"query-input\":{\"@type\":\"PropertyValueSpecification\",\"valueRequired\":true,\"valueName\":\"search_term_string\"}}],\"inLanguage\":\"fr-FR\"},{\"@type\":\"Organization\",\"@id\":\"https:\\\/\\\/www.info-algerie.com\\\/actualites\\\/#organization\",\"name\":\"info algerie\",\"url\":\"https:\\\/\\\/www.info-algerie.com\\\/actualites\\\/\",\"logo\":{\"@type\":\"ImageObject\",\"inLanguage\":\"fr-FR\",\"@id\":\"https:\\\/\\\/www.info-algerie.com\\\/actualites\\\/#\\\/schema\\\/logo\\\/image\\\/\",\"url\":\"https:\\\/\\\/www.info-algerie.com\\\/actualites\\\/wp-content\\\/uploads\\\/2022\\\/07\\\/logo-ia-120.png\",\"contentUrl\":\"https:\\\/\\\/www.info-algerie.com\\\/actualites\\\/wp-content\\\/uploads\\\/2022\\\/07\\\/logo-ia-120.png\",\"width\":120,\"height\":43,\"caption\":\"info algerie\"},\"image\":{\"@id\":\"https:\\\/\\\/www.info-algerie.com\\\/actualites\\\/#\\\/schema\\\/logo\\\/image\\\/\"},\"sameAs\":[\"https:\\\/\\\/www.facebook.com\\\/infoalgerieactu\",\"https:\\\/\\\/x.com\\\/infoalgerie1\"]},{\"@type\":\"Person\",\"@id\":\"https:\\\/\\\/www.info-algerie.com\\\/actualites\\\/#\\\/schema\\\/person\\\/847aaec44920825b843a08f30ec6aa1e\",\"name\":\"La r\u00e9daction\",\"image\":{\"@type\":\"ImageObject\",\"inLanguage\":\"fr-FR\",\"@id\":\"https:\\\/\\\/secure.gravatar.com\\\/avatar\\\/769db425c6f465158149f1ffd6cf61ce7a8a879d11dfbef8288af36dfddd418c?s=96&d=mm&r=g\",\"url\":\"https:\\\/\\\/secure.gravatar.com\\\/avatar\\\/769db425c6f465158149f1ffd6cf61ce7a8a879d11dfbef8288af36dfddd418c?s=96&d=mm&r=g\",\"contentUrl\":\"https:\\\/\\\/secure.gravatar.com\\\/avatar\\\/769db425c6f465158149f1ffd6cf61ce7a8a879d11dfbef8288af36dfddd418c?s=96&d=mm&r=g\",\"caption\":\"La r\u00e9daction\"},\"sameAs\":[\"http:\\\/\\\/www.lkeria.com\\\/\"],\"url\":\"https:\\\/\\\/www.info-algerie.com\\\/actualites\\\/author\\\/chakib32\\\/\"}]}<\/script>\n<!-- \/ Yoast SEO plugin. -->","yoast_head_json":{"title":"Messahel rencontre des membres de la communaut\u00e9 nationale \u00e9tablie en\u00a0Belgique - info algerie","robots":{"index":"index","follow":"follow","max-snippet":"max-snippet:-1","max-image-preview":"max-image-preview:large","max-video-preview":"max-video-preview:-1"},"canonical":"https:\/\/www.info-algerie.com\/actualites\/messahel-rencontre-des-membres-de-la-communaute-nationale-etablie-en-belgique\/","og_locale":"fr_FR","og_type":"article","og_title":"Messahel rencontre des membres de la communaut\u00e9 nationale \u00e9tablie en\u00a0Belgique - info algerie","og_description":"BRUXELLES- Le ministre des Affaires \u00e9trang\u00e8res, Abdelkader Messahel, a rencontr\u00e9, lundi \u00e0 Bruxelles, des membres de la communaut\u00e9 nationale \u00e9tablie au Royaume de Belgique, en marge de sa visite\u00a0dans le cadre de la tenue de la 11\u00e8me session du Conseil d&rsquo;Association Alg\u00e9rie-Union europ\u00e9enne. &#013; &#013; Dans ce cadre, M. Messahel a indiqu\u00e9 que \u00ab\u00a0cette initiative","og_url":"https:\/\/www.info-algerie.com\/actualites\/messahel-rencontre-des-membres-de-la-communaute-nationale-etablie-en-belgique\/","og_site_name":"info algerie","article_publisher":"https:\/\/www.facebook.com\/infoalgerieactu","article_published_time":"2018-05-14T17:49:52+00:00","author":"La r\u00e9daction","twitter_misc":{"\u00c9crit par":"La r\u00e9daction","Dur\u00e9e de lecture estim\u00e9e":"1 minute"},"schema":{"@context":"https:\/\/schema.org","@graph":[{"@type":"Article","@id":"https:\/\/www.info-algerie.com\/actualites\/messahel-rencontre-des-membres-de-la-communaute-nationale-etablie-en-belgique\/#article","isPartOf":{"@id":"https:\/\/www.info-algerie.com\/actualites\/messahel-rencontre-des-membres-de-la-communaute-nationale-etablie-en-belgique\/"},"author":{"name":"La r\u00e9daction","@id":"https:\/\/www.info-algerie.com\/actualites\/#\/schema\/person\/847aaec44920825b843a08f30ec6aa1e"},"headline":"Messahel rencontre des membres de la communaut\u00e9 nationale \u00e9tablie en\u00a0Belgique","datePublished":"2018-05-14T17:49:52+00:00","mainEntityOfPage":{"@id":"https:\/\/www.info-algerie.com\/actualites\/messahel-rencontre-des-membres-de-la-communaute-nationale-etablie-en-belgique\/"},"wordCount":252,"commentCount":0,"publisher":{"@id":"https:\/\/www.info-algerie.com\/actualites\/#organization"},"keywords":["ONU"],"articleSection":["infos"],"inLanguage":"fr-FR","potentialAction":[{"@type":"CommentAction","name":"Comment","target":["https:\/\/www.info-algerie.com\/actualites\/messahel-rencontre-des-membres-de-la-communaute-nationale-etablie-en-belgique\/#respond"]}]},{"@type":"WebPage","@id":"https:\/\/www.info-algerie.com\/actualites\/messahel-rencontre-des-membres-de-la-communaute-nationale-etablie-en-belgique\/","url":"https:\/\/www.info-algerie.com\/actualites\/messahel-rencontre-des-membres-de-la-communaute-nationale-etablie-en-belgique\/","name":"Messahel rencontre des membres de la communaut\u00e9 nationale \u00e9tablie en\u00a0Belgique - info algerie","isPartOf":{"@id":"https:\/\/www.info-algerie.com\/actualites\/#website"},"datePublished":"2018-05-14T17:49:52+00:00","breadcrumb":{"@id":"https:\/\/www.info-algerie.com\/actualites\/messahel-rencontre-des-membres-de-la-communaute-nationale-etablie-en-belgique\/#breadcrumb"},"inLanguage":"fr-FR","potentialAction":[{"@type":"ReadAction","target":["https:\/\/www.info-algerie.com\/actualites\/messahel-rencontre-des-membres-de-la-communaute-nationale-etablie-en-belgique\/"]}]},{"@type":"BreadcrumbList","@id":"https:\/\/www.info-algerie.com\/actualites\/messahel-rencontre-des-membres-de-la-communaute-nationale-etablie-en-belgique\/#breadcrumb","itemListElement":[{"@type":"ListItem","position":1,"name":"Accueil","item":"https:\/\/www.info-algerie.com\/actualites\/"},{"@type":"ListItem","position":2,"name":"Messahel rencontre des membres de la communaut\u00e9 nationale \u00e9tablie en\u00a0Belgique"}]},{"@type":"WebSite","@id":"https:\/\/www.info-algerie.com\/actualites\/#website","url":"https:\/\/www.info-algerie.com\/actualites\/","name":"info algerie","description":"Toutes les actualit\u00e9s","publisher":{"@id":"https:\/\/www.info-algerie.com\/actualites\/#organization"},"potentialAction":[{"@type":"SearchAction","target":{"@type":"EntryPoint","urlTemplate":"https:\/\/www.info-algerie.com\/actualites\/?s={search_term_string}"},"query-input":{"@type":"PropertyValueSpecification","valueRequired":true,"valueName":"search_term_string"}}],"inLanguage":"fr-FR"},{"@type":"Organization","@id":"https:\/\/www.info-algerie.com\/actualites\/#organization","name":"info algerie","url":"https:\/\/www.info-algerie.com\/actualites\/","logo":{"@type":"ImageObject","inLanguage":"fr-FR","@id":"https:\/\/www.info-algerie.com\/actualites\/#\/schema\/logo\/image\/","url":"https:\/\/www.info-algerie.com\/actualites\/wp-content\/uploads\/2022\/07\/logo-ia-120.png","contentUrl":"https:\/\/www.info-algerie.com\/actualites\/wp-content\/uploads\/2022\/07\/logo-ia-120.png","width":120,"height":43,"caption":"info algerie"},"image":{"@id":"https:\/\/www.info-algerie.com\/actualites\/#\/schema\/logo\/image\/"},"sameAs":["https:\/\/www.facebook.com\/infoalgerieactu","https:\/\/x.com\/infoalgerie1"]},{"@type":"Person","@id":"https:\/\/www.info-algerie.com\/actualites\/#\/schema\/person\/847aaec44920825b843a08f30ec6aa1e","name":"La r\u00e9daction","image":{"@type":"ImageObject","inLanguage":"fr-FR","@id":"https:\/\/secure.gravatar.com\/avatar\/769db425c6f465158149f1ffd6cf61ce7a8a879d11dfbef8288af36dfddd418c?s=96&d=mm&r=g","url":"https:\/\/secure.gravatar.com\/avatar\/769db425c6f465158149f1ffd6cf61ce7a8a879d11dfbef8288af36dfddd418c?s=96&d=mm&r=g","contentUrl":"https:\/\/secure.gravatar.com\/avatar\/769db425c6f465158149f1ffd6cf61ce7a8a879d11dfbef8288af36dfddd418c?s=96&d=mm&r=g","caption":"La r\u00e9daction"},"sameAs":["http:\/\/www.lkeria.com\/"],"url":"https:\/\/www.info-algerie.com\/actualites\/author\/chakib32\/"}]}},"_links":{"self":[{"href":"https:\/\/www.info-algerie.com\/actualites\/wp-json\/wp\/v2\/posts\/23359","targetHints":{"allow":["GET"]}}],"collection":[{"href":"https:\/\/www.info-algerie.com\/actualites\/wp-json\/wp\/v2\/posts"}],"about":[{"href":"https:\/\/www.info-algerie.com\/actualites\/wp-json\/wp\/v2\/types\/post"}],"author":[{"embeddable":true,"href":"https:\/\/www.info-algerie.com\/actualites\/wp-json\/wp\/v2\/users\/6"}],"replies":[{"embeddable":true,"href":"https:\/\/www.info-algerie.com\/actualites\/wp-json\/wp\/v2\/comments?post=23359"}],"version-history":[{"count":0,"href":"https:\/\/www.info-algerie.com\/actualites\/wp-json\/wp\/v2\/posts\/23359\/revisions"}],"wp:attachment":[{"href":"https:\/\/www.info-algerie.com\/actualites\/wp-json\/wp\/v2\/media?parent=23359"}],"wp:term":[{"taxonomy":"category","embeddable":true,"href":"https:\/\/www.info-algerie.com\/actualites\/wp-json\/wp\/v2\/categories?post=23359"},{"taxonomy":"post_tag","embeddable":true,"href":"https:\/\/www.info-algerie.com\/actualites\/wp-json\/wp\/v2\/tags?post=23359"}],"curies":[{"name":"wp","href":"https:\/\/api.w.org\/{rel}","templated":true}]}}