{"id":23361,"date":"2018-05-14T18:40:42","date_gmt":"2018-05-14T17:40:42","guid":{"rendered":"http:\/\/www.info-algerie.com\/actualites\/la-formation-continue-des-personnels-de-leducation-pour-ameliorer-le-niveau-scolaire\/"},"modified":"2022-12-02T22:45:46","modified_gmt":"2022-12-02T21:45:46","slug":"la-formation-continue-des-personnels-de-leducation-pour-ameliorer-le-niveau-scolaire","status":"publish","type":"post","link":"https:\/\/www.info-algerie.com\/actualites\/la-formation-continue-des-personnels-de-leducation-pour-ameliorer-le-niveau-scolaire\/","title":{"rendered":"La formation continue des personnels de l\u2019\u00e9ducation pour am\u00e9liorer le\u00a0niveau scolaire\u00a0"},"content":{"rendered":"\n<p>La ministre de l\u2019Education nationale, Nouria Benghabrit a insist\u00e9, lundi \u00e0 Sidi Bel-Abb\u00e8s, sur la formation continue des personnels de l\u2019\u00e9ducation pour am\u00e9liorer le niveau scolaire des \u00e9l\u00e8ves et la qualit\u00e9 de l&rsquo;enseignement.<\/p>\n\n\n\n<figure class=\"wp-block-image size-large\"><a href=\"https:\/\/www.info-algerie.com\/actualites\/wp-content\/uploads\/2018\/05\/formation-continue-1.jpg\"><img loading=\"lazy\" decoding=\"async\" width=\"1024\" height=\"672\" src=\"https:\/\/www.info-algerie.com\/actualites\/wp-content\/uploads\/2018\/05\/formation-continue-1-1024x672.jpg\" alt=\"formation continue\" class=\"wp-image-27642\" srcset=\"https:\/\/www.info-algerie.com\/actualites\/wp-content\/uploads\/2018\/05\/formation-continue-1-1024x672.jpg 1024w, https:\/\/www.info-algerie.com\/actualites\/wp-content\/uploads\/2018\/05\/formation-continue-1-300x197.jpg 300w, https:\/\/www.info-algerie.com\/actualites\/wp-content\/uploads\/2018\/05\/formation-continue-1.jpg 1200w\" sizes=\"auto, (max-width: 1024px) 100vw, 1024px\" \/><\/a><\/figure>\n\n\n\n<blockquote class=\"wp-block-quote is-layout-flow wp-block-quote-is-layout-flow\">\n<p><em><strong>Dans une d\u00e9claration \u00e0 la presse en marge de sa visite de travail de deux jours dans la wilaya, Mme Benghabrit a soulign\u00e9 que son d\u00e9partement minist\u00e9riel mise particuli\u00e8rement sur la formation qui a un r\u00f4le efficace dans l&rsquo;am\u00e9lioration du niveau scolaire, expliquant que la formation impulse un dynamisme au secteur \u00e0 travers l\u2019\u00e9change de connaissances et d&rsquo;exp\u00e9riences entre acteurs du syst\u00e8me \u00e9ducatif<\/strong><\/em>.&nbsp;<\/p>\n<\/blockquote>\n\n\n\n<p>La ministre a affirm\u00e9 que les actions de formation adopt\u00e9es par le minist\u00e8re ont contribu\u00e9 efficacement \u00e0 l&rsquo;am\u00e9lioration des connaissances et des comp\u00e9tences des enseignants et instituteurs et par cons\u00e9quent \u00e0 celle de la qualit\u00e9 d\u2019enseignement, ajoutant que la philosophie de formation&nbsp;adopt\u00e9e par le syst\u00e8me \u00e9ducatif a donn\u00e9 ses fruits traduits par les bons r\u00e9sultats concr\u00e9tis\u00e9s sur le terrain.<\/p>\n\n\n\n<p>S&rsquo;agissant de la formation des formateurs dans le domaine de l&rsquo;\u00e9ducation nationale, et afin de permettre aux employ\u00e9s de changer de secteur d&rsquo;activit\u00e9 et de b\u00e9n\u00e9ficier d\u2019une formation qu\u2019il ne peut acqu\u00e9rir dans son entreprise, son compte personnel de formation (CPF), va permettre le financement de sa formation.<\/p>\n\n\n\n<p>Au sujet des examens de fin d\u2019ann\u00e9e des trois paliers notamment le baccalaur\u00e9at, Nouria Benghabrit a indiqu\u00e9 que le minist\u00e8re de l\u2019Education nationale d\u00e9ploie des efforts pour leur r\u00e9ussite \u00e0 travers le renforcement de coordination entre acteurs sur le plan p\u00e9dagogique et s\u00e9curitaire, afin de lutter contre la fraude, tout en exprimant son optimisme quant aux r\u00e9sultats de cette ann\u00e9e.<\/p>\n\n\n\n<blockquote class=\"wp-block-quote is-layout-flow wp-block-quote-is-layout-flow\">\n<p><em><strong>Par ailleurs, la ministre a insist\u00e9 sur l\u2019importance de la promotion de la langue arabe et la g\u00e9n\u00e9ralisation de l&rsquo;enseignement de tamazight, ainsi que sur les activit\u00e9s \u00e9ducatives des \u00e9l\u00e8ves pour qu&rsquo;ils se comportent convenablement dans la soci\u00e9t\u00e9.<\/strong><\/em><\/p>\n<\/blockquote>\n\n\n\n<p>La ministre a inspect\u00e9, dans la commune de Sidi Bel-Abb\u00e8s, les travaux de r\u00e9alisation d\u2019un lyc\u00e9e de 800 places et d&rsquo;un CEM concern\u00e9s par la prochaine rentr\u00e9e scolaire 2018-2019 et a inaugur\u00e9 une \u00e9cole primaire \u00ab\u00a0Djebbour Mohamed\u00a0\u00bb entr\u00e9e en service cette ann\u00e9e.<\/p>\n\n\n\n<p>En outre, elle a pris connaissance du projet de r\u00e9fection et de r\u00e9habilitation de l\u2019institut national de formation des personnels de l\u2019\u00e9ducation \u00e0 hai \u00ab\u00a0Sakia El Hamra\u00a0\u00bb, insistant sur l\u2019importance de cette&nbsp;infrastructure dans la formation des cadres du secteur.<\/p>\n\n\n\n<p>Dans la commune de Sidi Lahcen, Nouria Benghabrit a visit\u00e9 le projet de r\u00e9alisation d\u2019un CEM qui sera r\u00e9ceptionn\u00e9e \u00e0 la prochaine rentr\u00e9e scolaire.&nbsp;<\/p>\n\n\n\n<p>Elle a \u00e9galement marqu\u00e9 une halte dans l\u2019\u00e9cole \u00ab\u00a0Djamil Abdelkader\u00a0\u00bb \u00e0 hai \u00ab\u00a0El Emir Abdelkader\u00a0\u00bb et l\u2019\u00e9cole \u00ab\u00a0Bouda Bouziane\u00a0\u00bb \u00e0 Sidi Yaakoub.<\/p>\n\n\n\n<p>Mme Benghabrit a achev\u00e9 sa visite d\u2019inspection dans la ville de Sidi Bel-Abb\u00e8s en visitant l\u2019\u00e9cole \u00ab\u00a0Adhim Fatiha\u00a0\u00bb et inaugurant le CEM \u00ab\u00a0Seffar Kouider\u00a0\u00bb \u00e0 hai \u00ab\u00a0Adda Boudjelal\u00a0\u00bb o\u00f9 des activit\u00e9s sont \u00e9t\u00e9 organis\u00e9es dans ces deux \u00e9tablissements.<\/p>\n\n\n\n<p>La ministre a exprim\u00e9 sa satisfaction quant aux projets en cours de concr\u00e9tisation devant faire de Sidi Bel-Abb\u00e8s une wilaya pilote en termes d\u2019application de la politique du syst\u00e8me \u00e9ducatif sur les plans de l&rsquo;infrastructure, de la p\u00e9dagogique et de la gestion. &nbsp;<\/p>\n\n\n\n<p><br>Source : APS<\/p>\n<!--CusAds0-->\n<div style=\"font-size: 0px; height: 0px; line-height: 0px; margin: 0; padding: 0; clear: both;\"><\/div>","protected":false},"excerpt":{"rendered":"<p>La ministre de l\u2019Education nationale, Nouria Benghabrit a insist\u00e9, lundi \u00e0 Sidi Bel-Abb\u00e8s, sur la formation continue des personnels de l\u2019\u00e9ducation pour am\u00e9liorer le niveau scolaire des \u00e9l\u00e8ves et la qualit\u00e9 de l&rsquo;enseignement. Dans une d\u00e9claration \u00e0 la presse en marge de sa visite de travail de deux jours dans la wilaya, Mme Benghabrit a<\/p>\n","protected":false},"author":6,"featured_media":27642,"comment_status":"open","ping_status":"open","sticky":false,"template":"","format":"standard","meta":{"footnotes":""},"categories":[22],"tags":[385,208],"class_list":["post-23361","post","type-post","status-publish","format-standard","has-post-thumbnail","hentry","category-infos","tag-formation","tag-une"],"yoast_head":"<!-- This site is optimized with the Yoast SEO plugin v27.5 - https:\/\/yoast.com\/product\/yoast-seo-wordpress\/ -->\n<title>La formation continue des personnels de l\u2019\u00e9ducation pour am\u00e9liorer le\u00a0niveau scolaire\u00a0<\/title>\n<meta name=\"description\" content=\"La ministre de l\u2019Education nationale, a insist\u00e9, sur la formation continue des personnels de l\u2019\u00e9ducation pour am\u00e9liorer le niveau scolaire\" \/>\n<meta name=\"robots\" content=\"index, follow, max-snippet:-1, max-image-preview:large, max-video-preview:-1\" \/>\n<link rel=\"canonical\" href=\"https:\/\/www.info-algerie.com\/actualites\/la-formation-continue-des-personnels-de-leducation-pour-ameliorer-le-niveau-scolaire\/\" \/>\n<meta property=\"og:locale\" content=\"fr_FR\" \/>\n<meta property=\"og:type\" content=\"article\" \/>\n<meta property=\"og:title\" content=\"La formation continue des personnels de l\u2019\u00e9ducation pour am\u00e9liorer le\u00a0niveau scolaire\u00a0\" \/>\n<meta property=\"og:description\" content=\"La ministre de l\u2019Education nationale, a insist\u00e9, sur la formation continue des personnels de l\u2019\u00e9ducation pour am\u00e9liorer le niveau scolaire\" \/>\n<meta property=\"og:url\" content=\"https:\/\/www.info-algerie.com\/actualites\/la-formation-continue-des-personnels-de-leducation-pour-ameliorer-le-niveau-scolaire\/\" \/>\n<meta property=\"og:site_name\" content=\"info algerie\" \/>\n<meta property=\"article:publisher\" content=\"https:\/\/www.facebook.com\/infoalgerieactu\" \/>\n<meta property=\"article:published_time\" content=\"2018-05-14T17:40:42+00:00\" \/>\n<meta property=\"article:modified_time\" content=\"2022-12-02T21:45:46+00:00\" \/>\n<meta property=\"og:image\" content=\"https:\/\/www.info-algerie.com\/actualites\/wp-content\/uploads\/2018\/05\/formation-continue-1.jpg\" \/>\n\t<meta property=\"og:image:width\" content=\"1200\" \/>\n\t<meta property=\"og:image:height\" content=\"788\" \/>\n\t<meta property=\"og:image:type\" content=\"image\/jpeg\" \/>\n<meta name=\"author\" content=\"La r\u00e9daction\" \/>\n<meta name=\"twitter:label1\" content=\"\u00c9crit par\" \/>\n\t<meta name=\"twitter:data1\" content=\"La r\u00e9daction\" \/>\n\t<meta name=\"twitter:label2\" content=\"Dur\u00e9e de lecture estim\u00e9e\" \/>\n\t<meta name=\"twitter:data2\" content=\"3 minutes\" \/>\n<script type=\"application\/ld+json\" class=\"yoast-schema-graph\">{\"@context\":\"https:\\\/\\\/schema.org\",\"@graph\":[{\"@type\":\"Article\",\"@id\":\"https:\\\/\\\/www.info-algerie.com\\\/actualites\\\/la-formation-continue-des-personnels-de-leducation-pour-ameliorer-le-niveau-scolaire\\\/#article\",\"isPartOf\":{\"@id\":\"https:\\\/\\\/www.info-algerie.com\\\/actualites\\\/la-formation-continue-des-personnels-de-leducation-pour-ameliorer-le-niveau-scolaire\\\/\"},\"author\":{\"name\":\"La r\u00e9daction\",\"@id\":\"https:\\\/\\\/www.info-algerie.com\\\/actualites\\\/#\\\/schema\\\/person\\\/847aaec44920825b843a08f30ec6aa1e\"},\"headline\":\"La formation continue des personnels de l\u2019\u00e9ducation pour am\u00e9liorer le\u00a0niveau scolaire\u00a0\",\"datePublished\":\"2018-05-14T17:40:42+00:00\",\"dateModified\":\"2022-12-02T21:45:46+00:00\",\"mainEntityOfPage\":{\"@id\":\"https:\\\/\\\/www.info-algerie.com\\\/actualites\\\/la-formation-continue-des-personnels-de-leducation-pour-ameliorer-le-niveau-scolaire\\\/\"},\"wordCount\":608,\"commentCount\":0,\"publisher\":{\"@id\":\"https:\\\/\\\/www.info-algerie.com\\\/actualites\\\/#organization\"},\"image\":{\"@id\":\"https:\\\/\\\/www.info-algerie.com\\\/actualites\\\/la-formation-continue-des-personnels-de-leducation-pour-ameliorer-le-niveau-scolaire\\\/#primaryimage\"},\"thumbnailUrl\":\"https:\\\/\\\/www.info-algerie.com\\\/actualites\\\/wp-content\\\/uploads\\\/2018\\\/05\\\/formation-continue-1.jpg\",\"keywords\":[\"formation\",\"une\"],\"articleSection\":[\"infos\"],\"inLanguage\":\"fr-FR\",\"potentialAction\":[{\"@type\":\"CommentAction\",\"name\":\"Comment\",\"target\":[\"https:\\\/\\\/www.info-algerie.com\\\/actualites\\\/la-formation-continue-des-personnels-de-leducation-pour-ameliorer-le-niveau-scolaire\\\/#respond\"]}]},{\"@type\":\"WebPage\",\"@id\":\"https:\\\/\\\/www.info-algerie.com\\\/actualites\\\/la-formation-continue-des-personnels-de-leducation-pour-ameliorer-le-niveau-scolaire\\\/\",\"url\":\"https:\\\/\\\/www.info-algerie.com\\\/actualites\\\/la-formation-continue-des-personnels-de-leducation-pour-ameliorer-le-niveau-scolaire\\\/\",\"name\":\"La formation continue des personnels de l\u2019\u00e9ducation pour am\u00e9liorer le\u00a0niveau scolaire\u00a0\",\"isPartOf\":{\"@id\":\"https:\\\/\\\/www.info-algerie.com\\\/actualites\\\/#website\"},\"primaryImageOfPage\":{\"@id\":\"https:\\\/\\\/www.info-algerie.com\\\/actualites\\\/la-formation-continue-des-personnels-de-leducation-pour-ameliorer-le-niveau-scolaire\\\/#primaryimage\"},\"image\":{\"@id\":\"https:\\\/\\\/www.info-algerie.com\\\/actualites\\\/la-formation-continue-des-personnels-de-leducation-pour-ameliorer-le-niveau-scolaire\\\/#primaryimage\"},\"thumbnailUrl\":\"https:\\\/\\\/www.info-algerie.com\\\/actualites\\\/wp-content\\\/uploads\\\/2018\\\/05\\\/formation-continue-1.jpg\",\"datePublished\":\"2018-05-14T17:40:42+00:00\",\"dateModified\":\"2022-12-02T21:45:46+00:00\",\"description\":\"La ministre de l\u2019Education nationale, a insist\u00e9, sur la formation continue des personnels de l\u2019\u00e9ducation pour am\u00e9liorer le niveau scolaire\",\"breadcrumb\":{\"@id\":\"https:\\\/\\\/www.info-algerie.com\\\/actualites\\\/la-formation-continue-des-personnels-de-leducation-pour-ameliorer-le-niveau-scolaire\\\/#breadcrumb\"},\"inLanguage\":\"fr-FR\",\"potentialAction\":[{\"@type\":\"ReadAction\",\"target\":[\"https:\\\/\\\/www.info-algerie.com\\\/actualites\\\/la-formation-continue-des-personnels-de-leducation-pour-ameliorer-le-niveau-scolaire\\\/\"]}]},{\"@type\":\"ImageObject\",\"inLanguage\":\"fr-FR\",\"@id\":\"https:\\\/\\\/www.info-algerie.com\\\/actualites\\\/la-formation-continue-des-personnels-de-leducation-pour-ameliorer-le-niveau-scolaire\\\/#primaryimage\",\"url\":\"https:\\\/\\\/www.info-algerie.com\\\/actualites\\\/wp-content\\\/uploads\\\/2018\\\/05\\\/formation-continue-1.jpg\",\"contentUrl\":\"https:\\\/\\\/www.info-algerie.com\\\/actualites\\\/wp-content\\\/uploads\\\/2018\\\/05\\\/formation-continue-1.jpg\",\"width\":1200,\"height\":788,\"caption\":\"formation continue\"},{\"@type\":\"BreadcrumbList\",\"@id\":\"https:\\\/\\\/www.info-algerie.com\\\/actualites\\\/la-formation-continue-des-personnels-de-leducation-pour-ameliorer-le-niveau-scolaire\\\/#breadcrumb\",\"itemListElement\":[{\"@type\":\"ListItem\",\"position\":1,\"name\":\"Accueil\",\"item\":\"https:\\\/\\\/www.info-algerie.com\\\/actualites\\\/\"},{\"@type\":\"ListItem\",\"position\":2,\"name\":\"La formation continue des personnels de l\u2019\u00e9ducation pour am\u00e9liorer le\u00a0niveau scolaire\u00a0\"}]},{\"@type\":\"WebSite\",\"@id\":\"https:\\\/\\\/www.info-algerie.com\\\/actualites\\\/#website\",\"url\":\"https:\\\/\\\/www.info-algerie.com\\\/actualites\\\/\",\"name\":\"info algerie\",\"description\":\"Toutes les actualit\u00e9s\",\"publisher\":{\"@id\":\"https:\\\/\\\/www.info-algerie.com\\\/actualites\\\/#organization\"},\"potentialAction\":[{\"@type\":\"SearchAction\",\"target\":{\"@type\":\"EntryPoint\",\"urlTemplate\":\"https:\\\/\\\/www.info-algerie.com\\\/actualites\\\/?s={search_term_string}\"},\"query-input\":{\"@type\":\"PropertyValueSpecification\",\"valueRequired\":true,\"valueName\":\"search_term_string\"}}],\"inLanguage\":\"fr-FR\"},{\"@type\":\"Organization\",\"@id\":\"https:\\\/\\\/www.info-algerie.com\\\/actualites\\\/#organization\",\"name\":\"info algerie\",\"url\":\"https:\\\/\\\/www.info-algerie.com\\\/actualites\\\/\",\"logo\":{\"@type\":\"ImageObject\",\"inLanguage\":\"fr-FR\",\"@id\":\"https:\\\/\\\/www.info-algerie.com\\\/actualites\\\/#\\\/schema\\\/logo\\\/image\\\/\",\"url\":\"https:\\\/\\\/www.info-algerie.com\\\/actualites\\\/wp-content\\\/uploads\\\/2022\\\/07\\\/logo-ia-120.png\",\"contentUrl\":\"https:\\\/\\\/www.info-algerie.com\\\/actualites\\\/wp-content\\\/uploads\\\/2022\\\/07\\\/logo-ia-120.png\",\"width\":120,\"height\":43,\"caption\":\"info algerie\"},\"image\":{\"@id\":\"https:\\\/\\\/www.info-algerie.com\\\/actualites\\\/#\\\/schema\\\/logo\\\/image\\\/\"},\"sameAs\":[\"https:\\\/\\\/www.facebook.com\\\/infoalgerieactu\",\"https:\\\/\\\/x.com\\\/infoalgerie1\"]},{\"@type\":\"Person\",\"@id\":\"https:\\\/\\\/www.info-algerie.com\\\/actualites\\\/#\\\/schema\\\/person\\\/847aaec44920825b843a08f30ec6aa1e\",\"name\":\"La r\u00e9daction\",\"image\":{\"@type\":\"ImageObject\",\"inLanguage\":\"fr-FR\",\"@id\":\"https:\\\/\\\/secure.gravatar.com\\\/avatar\\\/769db425c6f465158149f1ffd6cf61ce7a8a879d11dfbef8288af36dfddd418c?s=96&d=mm&r=g\",\"url\":\"https:\\\/\\\/secure.gravatar.com\\\/avatar\\\/769db425c6f465158149f1ffd6cf61ce7a8a879d11dfbef8288af36dfddd418c?s=96&d=mm&r=g\",\"contentUrl\":\"https:\\\/\\\/secure.gravatar.com\\\/avatar\\\/769db425c6f465158149f1ffd6cf61ce7a8a879d11dfbef8288af36dfddd418c?s=96&d=mm&r=g\",\"caption\":\"La r\u00e9daction\"},\"sameAs\":[\"http:\\\/\\\/www.lkeria.com\\\/\"],\"url\":\"https:\\\/\\\/www.info-algerie.com\\\/actualites\\\/author\\\/chakib32\\\/\"}]}<\/script>\n<!-- \/ Yoast SEO plugin. -->","yoast_head_json":{"title":"La formation continue des personnels de l\u2019\u00e9ducation pour am\u00e9liorer le\u00a0niveau scolaire\u00a0","description":"La ministre de l\u2019Education nationale, a insist\u00e9, sur la formation continue des personnels de l\u2019\u00e9ducation pour am\u00e9liorer le niveau scolaire","robots":{"index":"index","follow":"follow","max-snippet":"max-snippet:-1","max-image-preview":"max-image-preview:large","max-video-preview":"max-video-preview:-1"},"canonical":"https:\/\/www.info-algerie.com\/actualites\/la-formation-continue-des-personnels-de-leducation-pour-ameliorer-le-niveau-scolaire\/","og_locale":"fr_FR","og_type":"article","og_title":"La formation continue des personnels de l\u2019\u00e9ducation pour am\u00e9liorer le\u00a0niveau scolaire\u00a0","og_description":"La ministre de l\u2019Education nationale, a insist\u00e9, sur la formation continue des personnels de l\u2019\u00e9ducation pour am\u00e9liorer le niveau scolaire","og_url":"https:\/\/www.info-algerie.com\/actualites\/la-formation-continue-des-personnels-de-leducation-pour-ameliorer-le-niveau-scolaire\/","og_site_name":"info algerie","article_publisher":"https:\/\/www.facebook.com\/infoalgerieactu","article_published_time":"2018-05-14T17:40:42+00:00","article_modified_time":"2022-12-02T21:45:46+00:00","og_image":[{"width":1200,"height":788,"url":"https:\/\/www.info-algerie.com\/actualites\/wp-content\/uploads\/2018\/05\/formation-continue-1.jpg","type":"image\/jpeg"}],"author":"La r\u00e9daction","twitter_misc":{"\u00c9crit par":"La r\u00e9daction","Dur\u00e9e de lecture estim\u00e9e":"3 minutes"},"schema":{"@context":"https:\/\/schema.org","@graph":[{"@type":"Article","@id":"https:\/\/www.info-algerie.com\/actualites\/la-formation-continue-des-personnels-de-leducation-pour-ameliorer-le-niveau-scolaire\/#article","isPartOf":{"@id":"https:\/\/www.info-algerie.com\/actualites\/la-formation-continue-des-personnels-de-leducation-pour-ameliorer-le-niveau-scolaire\/"},"author":{"name":"La r\u00e9daction","@id":"https:\/\/www.info-algerie.com\/actualites\/#\/schema\/person\/847aaec44920825b843a08f30ec6aa1e"},"headline":"La formation continue des personnels de l\u2019\u00e9ducation pour am\u00e9liorer le\u00a0niveau scolaire\u00a0","datePublished":"2018-05-14T17:40:42+00:00","dateModified":"2022-12-02T21:45:46+00:00","mainEntityOfPage":{"@id":"https:\/\/www.info-algerie.com\/actualites\/la-formation-continue-des-personnels-de-leducation-pour-ameliorer-le-niveau-scolaire\/"},"wordCount":608,"commentCount":0,"publisher":{"@id":"https:\/\/www.info-algerie.com\/actualites\/#organization"},"image":{"@id":"https:\/\/www.info-algerie.com\/actualites\/la-formation-continue-des-personnels-de-leducation-pour-ameliorer-le-niveau-scolaire\/#primaryimage"},"thumbnailUrl":"https:\/\/www.info-algerie.com\/actualites\/wp-content\/uploads\/2018\/05\/formation-continue-1.jpg","keywords":["formation","une"],"articleSection":["infos"],"inLanguage":"fr-FR","potentialAction":[{"@type":"CommentAction","name":"Comment","target":["https:\/\/www.info-algerie.com\/actualites\/la-formation-continue-des-personnels-de-leducation-pour-ameliorer-le-niveau-scolaire\/#respond"]}]},{"@type":"WebPage","@id":"https:\/\/www.info-algerie.com\/actualites\/la-formation-continue-des-personnels-de-leducation-pour-ameliorer-le-niveau-scolaire\/","url":"https:\/\/www.info-algerie.com\/actualites\/la-formation-continue-des-personnels-de-leducation-pour-ameliorer-le-niveau-scolaire\/","name":"La formation continue des personnels de l\u2019\u00e9ducation pour am\u00e9liorer le\u00a0niveau scolaire\u00a0","isPartOf":{"@id":"https:\/\/www.info-algerie.com\/actualites\/#website"},"primaryImageOfPage":{"@id":"https:\/\/www.info-algerie.com\/actualites\/la-formation-continue-des-personnels-de-leducation-pour-ameliorer-le-niveau-scolaire\/#primaryimage"},"image":{"@id":"https:\/\/www.info-algerie.com\/actualites\/la-formation-continue-des-personnels-de-leducation-pour-ameliorer-le-niveau-scolaire\/#primaryimage"},"thumbnailUrl":"https:\/\/www.info-algerie.com\/actualites\/wp-content\/uploads\/2018\/05\/formation-continue-1.jpg","datePublished":"2018-05-14T17:40:42+00:00","dateModified":"2022-12-02T21:45:46+00:00","description":"La ministre de l\u2019Education nationale, a insist\u00e9, sur la formation continue des personnels de l\u2019\u00e9ducation pour am\u00e9liorer le niveau scolaire","breadcrumb":{"@id":"https:\/\/www.info-algerie.com\/actualites\/la-formation-continue-des-personnels-de-leducation-pour-ameliorer-le-niveau-scolaire\/#breadcrumb"},"inLanguage":"fr-FR","potentialAction":[{"@type":"ReadAction","target":["https:\/\/www.info-algerie.com\/actualites\/la-formation-continue-des-personnels-de-leducation-pour-ameliorer-le-niveau-scolaire\/"]}]},{"@type":"ImageObject","inLanguage":"fr-FR","@id":"https:\/\/www.info-algerie.com\/actualites\/la-formation-continue-des-personnels-de-leducation-pour-ameliorer-le-niveau-scolaire\/#primaryimage","url":"https:\/\/www.info-algerie.com\/actualites\/wp-content\/uploads\/2018\/05\/formation-continue-1.jpg","contentUrl":"https:\/\/www.info-algerie.com\/actualites\/wp-content\/uploads\/2018\/05\/formation-continue-1.jpg","width":1200,"height":788,"caption":"formation continue"},{"@type":"BreadcrumbList","@id":"https:\/\/www.info-algerie.com\/actualites\/la-formation-continue-des-personnels-de-leducation-pour-ameliorer-le-niveau-scolaire\/#breadcrumb","itemListElement":[{"@type":"ListItem","position":1,"name":"Accueil","item":"https:\/\/www.info-algerie.com\/actualites\/"},{"@type":"ListItem","position":2,"name":"La formation continue des personnels de l\u2019\u00e9ducation pour am\u00e9liorer le\u00a0niveau scolaire\u00a0"}]},{"@type":"WebSite","@id":"https:\/\/www.info-algerie.com\/actualites\/#website","url":"https:\/\/www.info-algerie.com\/actualites\/","name":"info algerie","description":"Toutes les actualit\u00e9s","publisher":{"@id":"https:\/\/www.info-algerie.com\/actualites\/#organization"},"potentialAction":[{"@type":"SearchAction","target":{"@type":"EntryPoint","urlTemplate":"https:\/\/www.info-algerie.com\/actualites\/?s={search_term_string}"},"query-input":{"@type":"PropertyValueSpecification","valueRequired":true,"valueName":"search_term_string"}}],"inLanguage":"fr-FR"},{"@type":"Organization","@id":"https:\/\/www.info-algerie.com\/actualites\/#organization","name":"info algerie","url":"https:\/\/www.info-algerie.com\/actualites\/","logo":{"@type":"ImageObject","inLanguage":"fr-FR","@id":"https:\/\/www.info-algerie.com\/actualites\/#\/schema\/logo\/image\/","url":"https:\/\/www.info-algerie.com\/actualites\/wp-content\/uploads\/2022\/07\/logo-ia-120.png","contentUrl":"https:\/\/www.info-algerie.com\/actualites\/wp-content\/uploads\/2022\/07\/logo-ia-120.png","width":120,"height":43,"caption":"info algerie"},"image":{"@id":"https:\/\/www.info-algerie.com\/actualites\/#\/schema\/logo\/image\/"},"sameAs":["https:\/\/www.facebook.com\/infoalgerieactu","https:\/\/x.com\/infoalgerie1"]},{"@type":"Person","@id":"https:\/\/www.info-algerie.com\/actualites\/#\/schema\/person\/847aaec44920825b843a08f30ec6aa1e","name":"La r\u00e9daction","image":{"@type":"ImageObject","inLanguage":"fr-FR","@id":"https:\/\/secure.gravatar.com\/avatar\/769db425c6f465158149f1ffd6cf61ce7a8a879d11dfbef8288af36dfddd418c?s=96&d=mm&r=g","url":"https:\/\/secure.gravatar.com\/avatar\/769db425c6f465158149f1ffd6cf61ce7a8a879d11dfbef8288af36dfddd418c?s=96&d=mm&r=g","contentUrl":"https:\/\/secure.gravatar.com\/avatar\/769db425c6f465158149f1ffd6cf61ce7a8a879d11dfbef8288af36dfddd418c?s=96&d=mm&r=g","caption":"La r\u00e9daction"},"sameAs":["http:\/\/www.lkeria.com\/"],"url":"https:\/\/www.info-algerie.com\/actualites\/author\/chakib32\/"}]}},"_links":{"self":[{"href":"https:\/\/www.info-algerie.com\/actualites\/wp-json\/wp\/v2\/posts\/23361","targetHints":{"allow":["GET"]}}],"collection":[{"href":"https:\/\/www.info-algerie.com\/actualites\/wp-json\/wp\/v2\/posts"}],"about":[{"href":"https:\/\/www.info-algerie.com\/actualites\/wp-json\/wp\/v2\/types\/post"}],"author":[{"embeddable":true,"href":"https:\/\/www.info-algerie.com\/actualites\/wp-json\/wp\/v2\/users\/6"}],"replies":[{"embeddable":true,"href":"https:\/\/www.info-algerie.com\/actualites\/wp-json\/wp\/v2\/comments?post=23361"}],"version-history":[{"count":2,"href":"https:\/\/www.info-algerie.com\/actualites\/wp-json\/wp\/v2\/posts\/23361\/revisions"}],"predecessor-version":[{"id":27649,"href":"https:\/\/www.info-algerie.com\/actualites\/wp-json\/wp\/v2\/posts\/23361\/revisions\/27649"}],"wp:featuredmedia":[{"embeddable":true,"href":"https:\/\/www.info-algerie.com\/actualites\/wp-json\/wp\/v2\/media\/27642"}],"wp:attachment":[{"href":"https:\/\/www.info-algerie.com\/actualites\/wp-json\/wp\/v2\/media?parent=23361"}],"wp:term":[{"taxonomy":"category","embeddable":true,"href":"https:\/\/www.info-algerie.com\/actualites\/wp-json\/wp\/v2\/categories?post=23361"},{"taxonomy":"post_tag","embeddable":true,"href":"https:\/\/www.info-algerie.com\/actualites\/wp-json\/wp\/v2\/tags?post=23361"}],"curies":[{"name":"wp","href":"https:\/\/api.w.org\/{rel}","templated":true}]}}