{"id":23368,"date":"2018-05-15T09:18:11","date_gmt":"2018-05-15T08:18:11","guid":{"rendered":"https:\/\/www.info-algerie.com\/actualites\/messahel-rencontre-a-bruxelles-la-communaute-algerienne-etablie-en-belgique-et-au-grand-duche-de-luxembourg\/"},"modified":"2018-05-15T09:18:11","modified_gmt":"2018-05-15T08:18:11","slug":"messahel-rencontre-a-bruxelles-la-communaute-algerienne-etablie-en-belgique-et-au-grand-duche-de-luxembourg","status":"publish","type":"post","link":"https:\/\/www.info-algerie.com\/actualites\/messahel-rencontre-a-bruxelles-la-communaute-algerienne-etablie-en-belgique-et-au-grand-duche-de-luxembourg\/","title":{"rendered":"Messahel rencontre \u00e0 Bruxelles la communaut\u00e9 alg\u00e9rienne \u00e9tablie en Belgique et au Grand-Duch\u00e9 de Luxembourg"},"content":{"rendered":"<div class=\"K2FeedIntroText\">\n<p><strong>BRUXELLES &#8211; Le ministre des Affaires \u00e9trang\u00e8res, Abdelkader Messahel a rencontr\u00e9, lundi au si\u00e8ge du Consulat d&rsquo;Alg\u00e9rie \u00e0 Bruxelles, des membres de la communaut\u00e9 alg\u00e9rienne \u00e9tablie en Belgique et au Grand-Duch\u00e9 de Luxembourg avec lesquels il a \u00e9chang\u00e9 sur la situation du pays et les moyens de renforcer leurs liens avec la m\u00e8re-patrie.<\/strong><\/p>\n<p>&#013;\n<\/p><\/div>\n<div class=\"K2FeedFullText\">&#013;<\/p>\n<p>Lors de cette rencontre organis\u00e9e \u00e0 l&rsquo;occasion de la visite du ministre \u00e0 Bruxelles o\u00f9 il a co-pr\u00e9sid\u00e9 avec la chef de la diplomatie europ\u00e9enne, Federica Mogherini, la 11\u00e8me session du Conseil d&rsquo;association Alg\u00e9rie-UE, Abdelkader Messahel a appel\u00e9 les membres de la diaspora alg\u00e9rienne \u00e0 \u00ab\u00a0f\u00e9d\u00e9rer leurs efforts\u00a0\u00bb et \u00e0 \u00ab\u00a0mieux s&rsquo;organiser\u00a0\u00bb pour \u00ab\u00a0se faire entendre\u00a0\u00bb et \u00ab\u00a0participer \u00e0 l&rsquo;\u00e9dification du pays\u00a0\u00bb.<\/p>\n<p>&#013;<\/p>\n<p>Le chef de la diplomatie alg\u00e9rienne a jug\u00e9, \u00e0 ce titre, que la communaut\u00e9 alg\u00e9rienne \u00e9tablie \u00e0 l&rsquo;\u00e9tranger a \u00ab\u00a0un r\u00f4le important\u00a0\u00bb \u00e0 jouer sur le plan politique et \u00e9conomique et peut contribuer \u00ab\u00a0activement\u00a0\u00bb au d\u00e9veloppement du pays.<\/p>\n<p>&#013;<\/p>\n<p>\u00ab\u00a0La communaut\u00e9 nationale \u00e9tablie \u00e0 l&rsquo;\u00e9tranger est une partie int\u00e9grante du peuple alg\u00e9rien\u00a0\u00bb, a-t-il soutenu.<\/p>\n<p>&#013;<\/p>\n<p>\u00ab\u00a0Vous \u00eates les ambassadeurs de l&rsquo;Alg\u00e9rie\u00a0\u00bb, a-t-il lanc\u00e9 \u00e0 l&rsquo;\u00e9gard des membres de la communaut\u00e9 alg\u00e9rienne pr\u00e9sents \u00e0 la rencontre.<\/p>\n<p>&#013;<\/p>\n<p>Le ministre a rappel\u00e9, \u00e0 l&rsquo;occasion, les derni\u00e8res mesures prises par le pr\u00e9sident de la R\u00e9publique, Abdelaziz Bouteflika, en faveur de la communaut\u00e9 alg\u00e9rienne \u00e9tablie \u00e0 l&rsquo;\u00e9tranger, citant \u00e0 ce propos l&rsquo;ouverture des dispositifs d\u2019aide \u00e0 la cr\u00e9ation de micro-entreprises aux jeunes de la communaut\u00e9 alg\u00e9rienne \u00e0 l\u2019\u00e9tranger qui souhaitent s\u2019installer en Alg\u00e9rie.<\/p>\n<p>&#013;<\/p>\n<p>Il a \u00e9voqu\u00e9 \u00e9galement les nouvelles facilit\u00e9s bancaires que le gouvernement alg\u00e9rien compte mettre en place prochainement au profit de la diaspora et les nouvelles mesures\u00a0 en mati\u00e8re d&rsquo;investissement.<\/p>\n<p>&#013;<\/p>\n<p>M. Messahel a mis l&rsquo;accent sur les derni\u00e8res mesures concernant l&rsquo;acquisition de logement en Alg\u00e9rie par les membres de la communaut\u00e9 alg\u00e9rienne \u00e9tablie \u00e0 l\u2019\u00e9tranger. Ces derniers pourront, d\u00e9sormais, acc\u00e9der aux diff\u00e9rents dispositifs d&rsquo;aide, mis en place par le gouvernement, pour faciliter l&rsquo;acc\u00e8s \u00e0 la propri\u00e9t\u00e9.<\/p>\n<p>&#013;<\/p>\n<p>\u00ab\u00a0L&rsquo;Etat continuera \u00e0 oeuvrer pour l&rsquo;am\u00e9lioration des services destin\u00e9s \u00e0 la communaut\u00e9 alg\u00e9rienne \u00e0 l&rsquo;\u00e9tranger\u00a0\u00bb, a-t-il assur\u00e9.<\/p>\n<p>&#013;<\/p>\n<p>Les membres de la communaut\u00e9 alg\u00e9rienne \u00e9tablie en Belgique et au Grand-Duch\u00e9 de Luxembourg, pr\u00e9sents \u00e0 la rencontre, se sont dits, \u00e0 l&rsquo;occasion, \u00ab\u00a0tr\u00e8s satisfaits\u00a0\u00bb des mesures prises par le pr\u00e9sident de la R\u00e9publique, notamment en ce qui concerne le logement, l&#8217;emploi et l&rsquo;investissement.<\/p>\n<p>&#013;<\/p>\n<p>Au cours de l&rsquo;\u00e9change avec le ministre des Affaires \u00e9trang\u00e8res, les Alg\u00e9riens de Belgique et du Grand-Duch\u00e9 de Luxembourg ont exprim\u00e9, n\u00e9anmoins, de nombreuses autres pr\u00e9occupations qui ont tourn\u00e9 autour du manque de liaisons a\u00e9riennes entre l&rsquo;Alg\u00e9rie et la Belgique, l&rsquo;absence d&rsquo;un cadre formel pour la promotion de la culture alg\u00e9rienne ou encore de canaux de communication entre le mouvement associatif alg\u00e9rien en Belgique et les autorit\u00e9s en Alg\u00e9rie.<\/p>\n<\/div>\n<p>&#013;<br \/>\nSource: <a href=\"http:\/\/www.aps.dz\/algerie\/74058-messahel-rencontre-a-bruxelles-la-communaute-algerienne-etablie-en-belgique-et-au-grand-duche-de-luxembourg\" target=\"_blank\">Messahel rencontre \u00e0 Bruxelles la communaut\u00e9 alg\u00e9rienne \u00e9tablie en Belgique et au Grand-Duch\u00e9 de Luxembourg<\/a><\/p>\n<!--CusAds0-->\n<div style=\"font-size: 0px; height: 0px; line-height: 0px; margin: 0; padding: 0; clear: both;\"><\/div>","protected":false},"excerpt":{"rendered":"<p>BRUXELLES &#8211; Le ministre des Affaires \u00e9trang\u00e8res, Abdelkader Messahel a rencontr\u00e9, lundi au si\u00e8ge du Consulat d&rsquo;Alg\u00e9rie \u00e0 Bruxelles, des membres de la communaut\u00e9 alg\u00e9rienne \u00e9tablie en Belgique et au Grand-Duch\u00e9 de Luxembourg avec lesquels il a \u00e9chang\u00e9 sur la situation du pays et les moyens de renforcer leurs liens avec la m\u00e8re-patrie. &#013; &#013;<\/p>\n","protected":false},"author":6,"featured_media":0,"comment_status":"open","ping_status":"open","sticky":false,"template":"","format":"standard","meta":{"footnotes":""},"categories":[22],"tags":[93],"class_list":["post-23368","post","type-post","status-publish","format-standard","hentry","category-infos","tag-onu"],"yoast_head":"<!-- This site is optimized with the Yoast SEO plugin v27.5 - https:\/\/yoast.com\/product\/yoast-seo-wordpress\/ -->\n<title>Messahel rencontre \u00e0 Bruxelles la communaut\u00e9 alg\u00e9rienne \u00e9tablie en Belgique et au Grand-Duch\u00e9 de Luxembourg - info algerie<\/title>\n<meta name=\"robots\" content=\"index, follow, max-snippet:-1, max-image-preview:large, max-video-preview:-1\" \/>\n<link rel=\"canonical\" href=\"https:\/\/www.info-algerie.com\/actualites\/messahel-rencontre-a-bruxelles-la-communaute-algerienne-etablie-en-belgique-et-au-grand-duche-de-luxembourg\/\" \/>\n<meta property=\"og:locale\" content=\"fr_FR\" \/>\n<meta property=\"og:type\" content=\"article\" \/>\n<meta property=\"og:title\" content=\"Messahel rencontre \u00e0 Bruxelles la communaut\u00e9 alg\u00e9rienne \u00e9tablie en Belgique et au Grand-Duch\u00e9 de Luxembourg - info algerie\" \/>\n<meta property=\"og:description\" content=\"BRUXELLES &#8211; Le ministre des Affaires \u00e9trang\u00e8res, Abdelkader Messahel a rencontr\u00e9, lundi au si\u00e8ge du Consulat d&rsquo;Alg\u00e9rie \u00e0 Bruxelles, des membres de la communaut\u00e9 alg\u00e9rienne \u00e9tablie en Belgique et au Grand-Duch\u00e9 de Luxembourg avec lesquels il a \u00e9chang\u00e9 sur la situation du pays et les moyens de renforcer leurs liens avec la m\u00e8re-patrie. &#013; &#013;\" \/>\n<meta property=\"og:url\" content=\"https:\/\/www.info-algerie.com\/actualites\/messahel-rencontre-a-bruxelles-la-communaute-algerienne-etablie-en-belgique-et-au-grand-duche-de-luxembourg\/\" \/>\n<meta property=\"og:site_name\" content=\"info algerie\" \/>\n<meta property=\"article:publisher\" content=\"https:\/\/www.facebook.com\/infoalgerieactu\" \/>\n<meta property=\"article:published_time\" content=\"2018-05-15T08:18:11+00:00\" \/>\n<meta name=\"author\" content=\"La r\u00e9daction\" \/>\n<meta name=\"twitter:label1\" content=\"\u00c9crit par\" \/>\n\t<meta name=\"twitter:data1\" content=\"La r\u00e9daction\" \/>\n\t<meta name=\"twitter:label2\" content=\"Dur\u00e9e de lecture estim\u00e9e\" \/>\n\t<meta name=\"twitter:data2\" content=\"3 minutes\" \/>\n<script type=\"application\/ld+json\" class=\"yoast-schema-graph\">{\"@context\":\"https:\\\/\\\/schema.org\",\"@graph\":[{\"@type\":\"Article\",\"@id\":\"https:\\\/\\\/www.info-algerie.com\\\/actualites\\\/messahel-rencontre-a-bruxelles-la-communaute-algerienne-etablie-en-belgique-et-au-grand-duche-de-luxembourg\\\/#article\",\"isPartOf\":{\"@id\":\"https:\\\/\\\/www.info-algerie.com\\\/actualites\\\/messahel-rencontre-a-bruxelles-la-communaute-algerienne-etablie-en-belgique-et-au-grand-duche-de-luxembourg\\\/\"},\"author\":{\"name\":\"La r\u00e9daction\",\"@id\":\"https:\\\/\\\/www.info-algerie.com\\\/actualites\\\/#\\\/schema\\\/person\\\/847aaec44920825b843a08f30ec6aa1e\"},\"headline\":\"Messahel rencontre \u00e0 Bruxelles la communaut\u00e9 alg\u00e9rienne \u00e9tablie en Belgique et au Grand-Duch\u00e9 de Luxembourg\",\"datePublished\":\"2018-05-15T08:18:11+00:00\",\"mainEntityOfPage\":{\"@id\":\"https:\\\/\\\/www.info-algerie.com\\\/actualites\\\/messahel-rencontre-a-bruxelles-la-communaute-algerienne-etablie-en-belgique-et-au-grand-duche-de-luxembourg\\\/\"},\"wordCount\":541,\"commentCount\":0,\"publisher\":{\"@id\":\"https:\\\/\\\/www.info-algerie.com\\\/actualites\\\/#organization\"},\"keywords\":[\"ONU\"],\"articleSection\":[\"infos\"],\"inLanguage\":\"fr-FR\",\"potentialAction\":[{\"@type\":\"CommentAction\",\"name\":\"Comment\",\"target\":[\"https:\\\/\\\/www.info-algerie.com\\\/actualites\\\/messahel-rencontre-a-bruxelles-la-communaute-algerienne-etablie-en-belgique-et-au-grand-duche-de-luxembourg\\\/#respond\"]}]},{\"@type\":\"WebPage\",\"@id\":\"https:\\\/\\\/www.info-algerie.com\\\/actualites\\\/messahel-rencontre-a-bruxelles-la-communaute-algerienne-etablie-en-belgique-et-au-grand-duche-de-luxembourg\\\/\",\"url\":\"https:\\\/\\\/www.info-algerie.com\\\/actualites\\\/messahel-rencontre-a-bruxelles-la-communaute-algerienne-etablie-en-belgique-et-au-grand-duche-de-luxembourg\\\/\",\"name\":\"Messahel rencontre \u00e0 Bruxelles la communaut\u00e9 alg\u00e9rienne \u00e9tablie en Belgique et au Grand-Duch\u00e9 de Luxembourg - info algerie\",\"isPartOf\":{\"@id\":\"https:\\\/\\\/www.info-algerie.com\\\/actualites\\\/#website\"},\"datePublished\":\"2018-05-15T08:18:11+00:00\",\"breadcrumb\":{\"@id\":\"https:\\\/\\\/www.info-algerie.com\\\/actualites\\\/messahel-rencontre-a-bruxelles-la-communaute-algerienne-etablie-en-belgique-et-au-grand-duche-de-luxembourg\\\/#breadcrumb\"},\"inLanguage\":\"fr-FR\",\"potentialAction\":[{\"@type\":\"ReadAction\",\"target\":[\"https:\\\/\\\/www.info-algerie.com\\\/actualites\\\/messahel-rencontre-a-bruxelles-la-communaute-algerienne-etablie-en-belgique-et-au-grand-duche-de-luxembourg\\\/\"]}]},{\"@type\":\"BreadcrumbList\",\"@id\":\"https:\\\/\\\/www.info-algerie.com\\\/actualites\\\/messahel-rencontre-a-bruxelles-la-communaute-algerienne-etablie-en-belgique-et-au-grand-duche-de-luxembourg\\\/#breadcrumb\",\"itemListElement\":[{\"@type\":\"ListItem\",\"position\":1,\"name\":\"Accueil\",\"item\":\"https:\\\/\\\/www.info-algerie.com\\\/actualites\\\/\"},{\"@type\":\"ListItem\",\"position\":2,\"name\":\"Messahel rencontre \u00e0 Bruxelles la communaut\u00e9 alg\u00e9rienne \u00e9tablie en Belgique et au Grand-Duch\u00e9 de Luxembourg\"}]},{\"@type\":\"WebSite\",\"@id\":\"https:\\\/\\\/www.info-algerie.com\\\/actualites\\\/#website\",\"url\":\"https:\\\/\\\/www.info-algerie.com\\\/actualites\\\/\",\"name\":\"info algerie\",\"description\":\"Toutes les actualit\u00e9s\",\"publisher\":{\"@id\":\"https:\\\/\\\/www.info-algerie.com\\\/actualites\\\/#organization\"},\"potentialAction\":[{\"@type\":\"SearchAction\",\"target\":{\"@type\":\"EntryPoint\",\"urlTemplate\":\"https:\\\/\\\/www.info-algerie.com\\\/actualites\\\/?s={search_term_string}\"},\"query-input\":{\"@type\":\"PropertyValueSpecification\",\"valueRequired\":true,\"valueName\":\"search_term_string\"}}],\"inLanguage\":\"fr-FR\"},{\"@type\":\"Organization\",\"@id\":\"https:\\\/\\\/www.info-algerie.com\\\/actualites\\\/#organization\",\"name\":\"info algerie\",\"url\":\"https:\\\/\\\/www.info-algerie.com\\\/actualites\\\/\",\"logo\":{\"@type\":\"ImageObject\",\"inLanguage\":\"fr-FR\",\"@id\":\"https:\\\/\\\/www.info-algerie.com\\\/actualites\\\/#\\\/schema\\\/logo\\\/image\\\/\",\"url\":\"https:\\\/\\\/www.info-algerie.com\\\/actualites\\\/wp-content\\\/uploads\\\/2022\\\/07\\\/logo-ia-120.png\",\"contentUrl\":\"https:\\\/\\\/www.info-algerie.com\\\/actualites\\\/wp-content\\\/uploads\\\/2022\\\/07\\\/logo-ia-120.png\",\"width\":120,\"height\":43,\"caption\":\"info algerie\"},\"image\":{\"@id\":\"https:\\\/\\\/www.info-algerie.com\\\/actualites\\\/#\\\/schema\\\/logo\\\/image\\\/\"},\"sameAs\":[\"https:\\\/\\\/www.facebook.com\\\/infoalgerieactu\",\"https:\\\/\\\/x.com\\\/infoalgerie1\"]},{\"@type\":\"Person\",\"@id\":\"https:\\\/\\\/www.info-algerie.com\\\/actualites\\\/#\\\/schema\\\/person\\\/847aaec44920825b843a08f30ec6aa1e\",\"name\":\"La r\u00e9daction\",\"image\":{\"@type\":\"ImageObject\",\"inLanguage\":\"fr-FR\",\"@id\":\"https:\\\/\\\/secure.gravatar.com\\\/avatar\\\/769db425c6f465158149f1ffd6cf61ce7a8a879d11dfbef8288af36dfddd418c?s=96&d=mm&r=g\",\"url\":\"https:\\\/\\\/secure.gravatar.com\\\/avatar\\\/769db425c6f465158149f1ffd6cf61ce7a8a879d11dfbef8288af36dfddd418c?s=96&d=mm&r=g\",\"contentUrl\":\"https:\\\/\\\/secure.gravatar.com\\\/avatar\\\/769db425c6f465158149f1ffd6cf61ce7a8a879d11dfbef8288af36dfddd418c?s=96&d=mm&r=g\",\"caption\":\"La r\u00e9daction\"},\"sameAs\":[\"http:\\\/\\\/www.lkeria.com\\\/\"],\"url\":\"https:\\\/\\\/www.info-algerie.com\\\/actualites\\\/author\\\/chakib32\\\/\"}]}<\/script>\n<!-- \/ Yoast SEO plugin. -->","yoast_head_json":{"title":"Messahel rencontre \u00e0 Bruxelles la communaut\u00e9 alg\u00e9rienne \u00e9tablie en Belgique et au Grand-Duch\u00e9 de Luxembourg - info algerie","robots":{"index":"index","follow":"follow","max-snippet":"max-snippet:-1","max-image-preview":"max-image-preview:large","max-video-preview":"max-video-preview:-1"},"canonical":"https:\/\/www.info-algerie.com\/actualites\/messahel-rencontre-a-bruxelles-la-communaute-algerienne-etablie-en-belgique-et-au-grand-duche-de-luxembourg\/","og_locale":"fr_FR","og_type":"article","og_title":"Messahel rencontre \u00e0 Bruxelles la communaut\u00e9 alg\u00e9rienne \u00e9tablie en Belgique et au Grand-Duch\u00e9 de Luxembourg - info algerie","og_description":"BRUXELLES &#8211; Le ministre des Affaires \u00e9trang\u00e8res, Abdelkader Messahel a rencontr\u00e9, lundi au si\u00e8ge du Consulat d&rsquo;Alg\u00e9rie \u00e0 Bruxelles, des membres de la communaut\u00e9 alg\u00e9rienne \u00e9tablie en Belgique et au Grand-Duch\u00e9 de Luxembourg avec lesquels il a \u00e9chang\u00e9 sur la situation du pays et les moyens de renforcer leurs liens avec la m\u00e8re-patrie. &#013; &#013;","og_url":"https:\/\/www.info-algerie.com\/actualites\/messahel-rencontre-a-bruxelles-la-communaute-algerienne-etablie-en-belgique-et-au-grand-duche-de-luxembourg\/","og_site_name":"info algerie","article_publisher":"https:\/\/www.facebook.com\/infoalgerieactu","article_published_time":"2018-05-15T08:18:11+00:00","author":"La r\u00e9daction","twitter_misc":{"\u00c9crit par":"La r\u00e9daction","Dur\u00e9e de lecture estim\u00e9e":"3 minutes"},"schema":{"@context":"https:\/\/schema.org","@graph":[{"@type":"Article","@id":"https:\/\/www.info-algerie.com\/actualites\/messahel-rencontre-a-bruxelles-la-communaute-algerienne-etablie-en-belgique-et-au-grand-duche-de-luxembourg\/#article","isPartOf":{"@id":"https:\/\/www.info-algerie.com\/actualites\/messahel-rencontre-a-bruxelles-la-communaute-algerienne-etablie-en-belgique-et-au-grand-duche-de-luxembourg\/"},"author":{"name":"La r\u00e9daction","@id":"https:\/\/www.info-algerie.com\/actualites\/#\/schema\/person\/847aaec44920825b843a08f30ec6aa1e"},"headline":"Messahel rencontre \u00e0 Bruxelles la communaut\u00e9 alg\u00e9rienne \u00e9tablie en Belgique et au Grand-Duch\u00e9 de Luxembourg","datePublished":"2018-05-15T08:18:11+00:00","mainEntityOfPage":{"@id":"https:\/\/www.info-algerie.com\/actualites\/messahel-rencontre-a-bruxelles-la-communaute-algerienne-etablie-en-belgique-et-au-grand-duche-de-luxembourg\/"},"wordCount":541,"commentCount":0,"publisher":{"@id":"https:\/\/www.info-algerie.com\/actualites\/#organization"},"keywords":["ONU"],"articleSection":["infos"],"inLanguage":"fr-FR","potentialAction":[{"@type":"CommentAction","name":"Comment","target":["https:\/\/www.info-algerie.com\/actualites\/messahel-rencontre-a-bruxelles-la-communaute-algerienne-etablie-en-belgique-et-au-grand-duche-de-luxembourg\/#respond"]}]},{"@type":"WebPage","@id":"https:\/\/www.info-algerie.com\/actualites\/messahel-rencontre-a-bruxelles-la-communaute-algerienne-etablie-en-belgique-et-au-grand-duche-de-luxembourg\/","url":"https:\/\/www.info-algerie.com\/actualites\/messahel-rencontre-a-bruxelles-la-communaute-algerienne-etablie-en-belgique-et-au-grand-duche-de-luxembourg\/","name":"Messahel rencontre \u00e0 Bruxelles la communaut\u00e9 alg\u00e9rienne \u00e9tablie en Belgique et au Grand-Duch\u00e9 de Luxembourg - info algerie","isPartOf":{"@id":"https:\/\/www.info-algerie.com\/actualites\/#website"},"datePublished":"2018-05-15T08:18:11+00:00","breadcrumb":{"@id":"https:\/\/www.info-algerie.com\/actualites\/messahel-rencontre-a-bruxelles-la-communaute-algerienne-etablie-en-belgique-et-au-grand-duche-de-luxembourg\/#breadcrumb"},"inLanguage":"fr-FR","potentialAction":[{"@type":"ReadAction","target":["https:\/\/www.info-algerie.com\/actualites\/messahel-rencontre-a-bruxelles-la-communaute-algerienne-etablie-en-belgique-et-au-grand-duche-de-luxembourg\/"]}]},{"@type":"BreadcrumbList","@id":"https:\/\/www.info-algerie.com\/actualites\/messahel-rencontre-a-bruxelles-la-communaute-algerienne-etablie-en-belgique-et-au-grand-duche-de-luxembourg\/#breadcrumb","itemListElement":[{"@type":"ListItem","position":1,"name":"Accueil","item":"https:\/\/www.info-algerie.com\/actualites\/"},{"@type":"ListItem","position":2,"name":"Messahel rencontre \u00e0 Bruxelles la communaut\u00e9 alg\u00e9rienne \u00e9tablie en Belgique et au Grand-Duch\u00e9 de Luxembourg"}]},{"@type":"WebSite","@id":"https:\/\/www.info-algerie.com\/actualites\/#website","url":"https:\/\/www.info-algerie.com\/actualites\/","name":"info algerie","description":"Toutes les actualit\u00e9s","publisher":{"@id":"https:\/\/www.info-algerie.com\/actualites\/#organization"},"potentialAction":[{"@type":"SearchAction","target":{"@type":"EntryPoint","urlTemplate":"https:\/\/www.info-algerie.com\/actualites\/?s={search_term_string}"},"query-input":{"@type":"PropertyValueSpecification","valueRequired":true,"valueName":"search_term_string"}}],"inLanguage":"fr-FR"},{"@type":"Organization","@id":"https:\/\/www.info-algerie.com\/actualites\/#organization","name":"info algerie","url":"https:\/\/www.info-algerie.com\/actualites\/","logo":{"@type":"ImageObject","inLanguage":"fr-FR","@id":"https:\/\/www.info-algerie.com\/actualites\/#\/schema\/logo\/image\/","url":"https:\/\/www.info-algerie.com\/actualites\/wp-content\/uploads\/2022\/07\/logo-ia-120.png","contentUrl":"https:\/\/www.info-algerie.com\/actualites\/wp-content\/uploads\/2022\/07\/logo-ia-120.png","width":120,"height":43,"caption":"info algerie"},"image":{"@id":"https:\/\/www.info-algerie.com\/actualites\/#\/schema\/logo\/image\/"},"sameAs":["https:\/\/www.facebook.com\/infoalgerieactu","https:\/\/x.com\/infoalgerie1"]},{"@type":"Person","@id":"https:\/\/www.info-algerie.com\/actualites\/#\/schema\/person\/847aaec44920825b843a08f30ec6aa1e","name":"La r\u00e9daction","image":{"@type":"ImageObject","inLanguage":"fr-FR","@id":"https:\/\/secure.gravatar.com\/avatar\/769db425c6f465158149f1ffd6cf61ce7a8a879d11dfbef8288af36dfddd418c?s=96&d=mm&r=g","url":"https:\/\/secure.gravatar.com\/avatar\/769db425c6f465158149f1ffd6cf61ce7a8a879d11dfbef8288af36dfddd418c?s=96&d=mm&r=g","contentUrl":"https:\/\/secure.gravatar.com\/avatar\/769db425c6f465158149f1ffd6cf61ce7a8a879d11dfbef8288af36dfddd418c?s=96&d=mm&r=g","caption":"La r\u00e9daction"},"sameAs":["http:\/\/www.lkeria.com\/"],"url":"https:\/\/www.info-algerie.com\/actualites\/author\/chakib32\/"}]}},"_links":{"self":[{"href":"https:\/\/www.info-algerie.com\/actualites\/wp-json\/wp\/v2\/posts\/23368","targetHints":{"allow":["GET"]}}],"collection":[{"href":"https:\/\/www.info-algerie.com\/actualites\/wp-json\/wp\/v2\/posts"}],"about":[{"href":"https:\/\/www.info-algerie.com\/actualites\/wp-json\/wp\/v2\/types\/post"}],"author":[{"embeddable":true,"href":"https:\/\/www.info-algerie.com\/actualites\/wp-json\/wp\/v2\/users\/6"}],"replies":[{"embeddable":true,"href":"https:\/\/www.info-algerie.com\/actualites\/wp-json\/wp\/v2\/comments?post=23368"}],"version-history":[{"count":0,"href":"https:\/\/www.info-algerie.com\/actualites\/wp-json\/wp\/v2\/posts\/23368\/revisions"}],"wp:attachment":[{"href":"https:\/\/www.info-algerie.com\/actualites\/wp-json\/wp\/v2\/media?parent=23368"}],"wp:term":[{"taxonomy":"category","embeddable":true,"href":"https:\/\/www.info-algerie.com\/actualites\/wp-json\/wp\/v2\/categories?post=23368"},{"taxonomy":"post_tag","embeddable":true,"href":"https:\/\/www.info-algerie.com\/actualites\/wp-json\/wp\/v2\/tags?post=23368"}],"curies":[{"name":"wp","href":"https:\/\/api.w.org\/{rel}","templated":true}]}}