{"id":23379,"date":"2018-05-15T09:25:38","date_gmt":"2018-05-15T08:25:38","guid":{"rendered":"http:\/\/www.info-algerie.com\/actualites\/algerie-espagne-vers-linstallation-dune-commission-technique-mixte-pour-renforcer-les-relations-bilaterales\/"},"modified":"2018-05-15T09:25:38","modified_gmt":"2018-05-15T08:25:38","slug":"algerie-espagne-vers-linstallation-dune-commission-technique-mixte-pour-renforcer-les-relations-bilaterales","status":"publish","type":"post","link":"https:\/\/www.info-algerie.com\/actualites\/algerie-espagne-vers-linstallation-dune-commission-technique-mixte-pour-renforcer-les-relations-bilaterales\/","title":{"rendered":"Alg\u00e9rie-Espagne: vers l&#039;installation d&#039;une commission technique mixte pour renforcer les relations bilat\u00e9rales"},"content":{"rendered":"<div class=\"K2FeedImage\"><img decoding=\"async\" src=\"https:\/\/www.info-algerie.com\/actualites\/wp-content\/uploads\/2018\/05\/115066bb986b1d14944f383d2347eefe_S.jpg\" alt=\"Alg&#xE9;rie-Espagne: vers l'installation d'une commission technique mixte pour renforcer les relations bilat&#xE9;rales\" \/><\/div>\n<div class=\"K2FeedIntroText\">\n<p><strong>MADRID &#8211; Le ministre de l\u2019Int\u00e9rieur, des Collectivit\u00e9s locales et de l\u2019Am\u00e9nagement du territoire Noureddine Bedoui a indiqu\u00e9, lundi, \u00e0 Madrid \u00e0 l\u2019issue de son entretien avec son homologue espagnol Juan Ignacio Zoido, qu\u2019une commission technique mixte alg\u00e9ro-espagnole va \u00eatre mise en place pour concr\u00e9tiser toutes les propositions devant am\u00e9liorer et renforcer les relations bilat\u00e9rales dans divers domaines.<\/strong><\/p>\n<p>&#013;\n<\/p><\/div>\n<div class=\"K2FeedFullText\">&#013;<\/p>\n<p>Soulignant que sa visite en Espagne vient concr\u00e9tiser les recommandations issues de la 7\u00e8me session de la r\u00e9union bilat\u00e9rale alg\u00e9ro-espagnole de haut niveau qui s\u2019est d\u00e9roul\u00e9e d\u00e9but avril dernier \u00e0 Alger, le ministre de l\u2019Int\u00e9rieur a en outre soulign\u00e9 que cette visite confirme \u00ab\u00a0l\u2019excellence des relations entre les deux pays dans divers domaines li\u00e9s notamment ? la s\u00e9curit\u00e9 et la lutte contre le crime organis\u00e9, la protection civile et dans divers autres domaines tels que la s\u00e9curit\u00e9 routi\u00e8re\u00a0\u00bb.<\/p>\n<p>&#013;<\/p>\n<p>M. Bedoui a par ailleurs soulign\u00e9 que cette commission mixte sera mise sur pied dans les prochains jours et les experts des deux pays se chargeront \u00e0 \u00ab\u00a0concr\u00e9tiser les propositions devant renforcer les \u00e9changes et les relations dans les domaines de la s\u00e9curit\u00e9, la lutte contre le crime organis\u00e9 et les trafics de tout genre\u00a0\u00bb.<\/p>\n<p>&#013;<\/p>\n<hr \/>\n<h3>Lire aussi:\u00a0<a href=\"http:\/\/www.aps.dz\/algerie\/74033-noureddine-bedoui-entame-une-visite-de-travail-a-madrid\" target=\"_blank\" rel=\"noopener noreferrer\">Noureddine Bedoui entame une visite de travail \u00e0 Madrid<\/a><\/h3>\n<p>&#013;<\/p>\n<hr \/>\n<p>\u00ab\u00a0Cette commission se penchera \u00e9galement \u00e0 donner une nouvelle dynamique aux relations entre les collectivit\u00e9s locales des deux pays dans divers domaines aussi bien administratifs qu\u2019\u00e9conomique et \u00e9galement l\u2019intensification des \u00e9changes d\u2019information dans les secteurs du d\u00e9veloppement et de l\u2019investissement\u00a0\u00bb a ajout\u00e9 M. Bedoui.<\/p>\n<p>&#013;<\/p>\n<p>Pour sa part le ministre espagnol de l\u2019Int\u00e9rieur a qualifi\u00e9 les relations bilat\u00e9rales de \u00ab\u00a0tr\u00e8s bonnes\u00a0\u00bb et notamment dans les domaines qui rel\u00e8vent de la comp\u00e9tence des deux minist\u00e8res.<\/p>\n<p>&#013;<\/p>\n<p>\u00ab\u00a0Nous avons des relations excellentes mais cela n\u2019emp\u00eache que nous allons poursuivre \u00e0 travailler ensemble pour renforcer nos relations pour les am\u00e9liorer encore\u00a0\u00bb aussi bien dans la lutte contre le crime organis\u00e9 que dans tous les trafics illicites, tels que la drogue et la traite des \u00eatres humains.<\/p>\n<p>&#013;<\/p>\n<p>Le ministre de l\u2019Int\u00e9rieur, des Collectivit\u00e9s locales et de l\u2019Am\u00e9nagement du territoire Noureddine Bedoui a effectu\u00e9 lundi une visite de travail \u00e0 Madrid en compagnie du directeur g\u00e9n\u00e9ral de la S\u00fbret\u00e9 nationale (DGSN) le g\u00e9n\u00e9ral major Hamel Abdelghani et le DG de la Protection civile Mustapha Lahbiri.<\/p>\n<p>&#013;<\/p>\n<p>La d\u00e9l\u00e9gation minist\u00e9rielle a visit\u00e9 le centre des appels d\u2019urgence relevant de la Protection civile espagnole o\u00f9 Elle a re\u00e7u d\u2019amples informations sur le syst\u00e8me espagnol de la protection civile et les missions allou\u00e9es au centre des appels d\u2019urgence notamment dans les interventions rapides dans les catastrophes naturelles, les inondations, les s\u00e9ismes ect.<\/p>\n<p>&#013;<\/p>\n<p>Dans ce centre, M. Bedoui a appel\u00e9 a renforcer davantage la coop\u00e9ration entre les experts des deux pays notamment en ce qui concerne le syst\u00e8me d\u2019information g\u00e9ographique.<\/p>\n<p>&#013;<\/p>\n<p>La d\u00e9l\u00e9gation alg\u00e9rienne a par ailleurs visit\u00e9 le centre de cyber s\u00e9curit\u00e9 de Madrid qui veille \u00e0 lutter contre la cybercriminalit\u00e9 et faire face \u00e0 ces menaces via Internet pour prot\u00e9ger les donn\u00e9es des personnes et d\u2019autres entit\u00e9s administratives, bancaires et autres structures sensibles du pays.<\/p>\n<p>&#013;<\/p>\n<p>Apr\u00e8s avoir visit\u00e9 le centre de d\u00e9livrance des documents d\u2019identit\u00e9 biom\u00e9triques et pris connaissance des moyens techniques et humains mis en place pour son fonctionnement, le ministre de l\u2019int\u00e9rieur a cl\u00f4tur\u00e9 sa visite en se rendant \u00e0 la direction g\u00e9n\u00e9rale du trafic routier qui veille \u00e0 la gestion de la circulation routi\u00e8re \u00e0 travers ses sept centres implant\u00e9s en Espagne .Sur place, le repr\u00e9sentant du gouvernement a re\u00e7u des explications exhaustives sur les moyens techniques mis en place pour r\u00e9guler la circulation routi\u00e8re en offrant en temps r\u00e9el, des informations utiles aux usagers des routes.<\/p>\n<\/div>\n<p>&#013;<br \/>\nSource: <a href=\"http:\/\/www.aps.dz\/algerie\/74059-algerie-espagne-vers-l-installation-d-une-commission-technique-mixte-pour-renforcer-les-relations-bilaterales\" target=\"_blank\">Alg\u00e9rie-Espagne: vers l&rsquo;installation d&rsquo;une commission technique mixte pour renforcer les relations bilat\u00e9rales<\/a><\/p>\n<!--CusAds0-->\n<div style=\"font-size: 0px; height: 0px; line-height: 0px; margin: 0; padding: 0; clear: both;\"><\/div>","protected":false},"excerpt":{"rendered":"<p>MADRID &#8211; Le ministre de l\u2019Int\u00e9rieur, des Collectivit\u00e9s locales et de l\u2019Am\u00e9nagement du territoire Noureddine Bedoui a indiqu\u00e9, lundi, \u00e0 Madrid \u00e0 l\u2019issue de son entretien avec son homologue espagnol Juan Ignacio Zoido, qu\u2019une commission technique mixte alg\u00e9ro-espagnole va \u00eatre mise en place pour concr\u00e9tiser toutes les propositions devant am\u00e9liorer et renforcer les relations bilat\u00e9rales<\/p>\n","protected":false},"author":6,"featured_media":23380,"comment_status":"open","ping_status":"open","sticky":false,"template":"","format":"standard","meta":{"footnotes":""},"categories":[22],"tags":[93],"class_list":["post-23379","post","type-post","status-publish","format-standard","has-post-thumbnail","hentry","category-infos","tag-onu"],"yoast_head":"<!-- This site is optimized with the Yoast SEO plugin v27.5 - https:\/\/yoast.com\/product\/yoast-seo-wordpress\/ -->\n<title>Alg\u00e9rie-Espagne: vers l&#039;installation d&#039;une commission technique mixte pour renforcer les relations bilat\u00e9rales - info algerie<\/title>\n<meta name=\"robots\" content=\"index, follow, max-snippet:-1, max-image-preview:large, max-video-preview:-1\" \/>\n<link rel=\"canonical\" href=\"https:\/\/www.info-algerie.com\/actualites\/algerie-espagne-vers-linstallation-dune-commission-technique-mixte-pour-renforcer-les-relations-bilaterales\/\" \/>\n<meta property=\"og:locale\" content=\"fr_FR\" \/>\n<meta property=\"og:type\" content=\"article\" \/>\n<meta property=\"og:title\" content=\"Alg\u00e9rie-Espagne: vers l&#039;installation d&#039;une commission technique mixte pour renforcer les relations bilat\u00e9rales - info algerie\" \/>\n<meta property=\"og:description\" content=\"MADRID &#8211; Le ministre de l\u2019Int\u00e9rieur, des Collectivit\u00e9s locales et de l\u2019Am\u00e9nagement du territoire Noureddine Bedoui a indiqu\u00e9, lundi, \u00e0 Madrid \u00e0 l\u2019issue de son entretien avec son homologue espagnol Juan Ignacio Zoido, qu\u2019une commission technique mixte alg\u00e9ro-espagnole va \u00eatre mise en place pour concr\u00e9tiser toutes les propositions devant am\u00e9liorer et renforcer les relations bilat\u00e9rales\" \/>\n<meta property=\"og:url\" content=\"https:\/\/www.info-algerie.com\/actualites\/algerie-espagne-vers-linstallation-dune-commission-technique-mixte-pour-renforcer-les-relations-bilaterales\/\" \/>\n<meta property=\"og:site_name\" content=\"info algerie\" \/>\n<meta property=\"article:publisher\" content=\"https:\/\/www.facebook.com\/infoalgerieactu\" \/>\n<meta property=\"article:published_time\" content=\"2018-05-15T08:25:38+00:00\" \/>\n<meta property=\"og:image\" content=\"https:\/\/www.info-algerie.com\/actualites\/wp-content\/uploads\/2018\/05\/115066bb986b1d14944f383d2347eefe_S-1.jpg\" \/>\n\t<meta property=\"og:image:width\" content=\"280\" \/>\n\t<meta property=\"og:image:height\" content=\"169\" \/>\n\t<meta property=\"og:image:type\" content=\"image\/jpeg\" \/>\n<meta name=\"author\" content=\"La r\u00e9daction\" \/>\n<meta name=\"twitter:label1\" content=\"\u00c9crit par\" \/>\n\t<meta name=\"twitter:data1\" content=\"La r\u00e9daction\" \/>\n\t<meta name=\"twitter:label2\" content=\"Dur\u00e9e de lecture estim\u00e9e\" \/>\n\t<meta name=\"twitter:data2\" content=\"3 minutes\" \/>\n<script type=\"application\/ld+json\" class=\"yoast-schema-graph\">{\"@context\":\"https:\\\/\\\/schema.org\",\"@graph\":[{\"@type\":\"Article\",\"@id\":\"https:\\\/\\\/www.info-algerie.com\\\/actualites\\\/algerie-espagne-vers-linstallation-dune-commission-technique-mixte-pour-renforcer-les-relations-bilaterales\\\/#article\",\"isPartOf\":{\"@id\":\"https:\\\/\\\/www.info-algerie.com\\\/actualites\\\/algerie-espagne-vers-linstallation-dune-commission-technique-mixte-pour-renforcer-les-relations-bilaterales\\\/\"},\"author\":{\"name\":\"La r\u00e9daction\",\"@id\":\"https:\\\/\\\/www.info-algerie.com\\\/actualites\\\/#\\\/schema\\\/person\\\/847aaec44920825b843a08f30ec6aa1e\"},\"headline\":\"Alg\u00e9rie-Espagne: vers l&#039;installation d&#039;une commission technique mixte pour renforcer les relations bilat\u00e9rales\",\"datePublished\":\"2018-05-15T08:25:38+00:00\",\"mainEntityOfPage\":{\"@id\":\"https:\\\/\\\/www.info-algerie.com\\\/actualites\\\/algerie-espagne-vers-linstallation-dune-commission-technique-mixte-pour-renforcer-les-relations-bilaterales\\\/\"},\"wordCount\":702,\"commentCount\":0,\"publisher\":{\"@id\":\"https:\\\/\\\/www.info-algerie.com\\\/actualites\\\/#organization\"},\"image\":{\"@id\":\"https:\\\/\\\/www.info-algerie.com\\\/actualites\\\/algerie-espagne-vers-linstallation-dune-commission-technique-mixte-pour-renforcer-les-relations-bilaterales\\\/#primaryimage\"},\"thumbnailUrl\":\"https:\\\/\\\/www.info-algerie.com\\\/actualites\\\/wp-content\\\/uploads\\\/2018\\\/05\\\/115066bb986b1d14944f383d2347eefe_S-1.jpg\",\"keywords\":[\"ONU\"],\"articleSection\":[\"infos\"],\"inLanguage\":\"fr-FR\",\"potentialAction\":[{\"@type\":\"CommentAction\",\"name\":\"Comment\",\"target\":[\"https:\\\/\\\/www.info-algerie.com\\\/actualites\\\/algerie-espagne-vers-linstallation-dune-commission-technique-mixte-pour-renforcer-les-relations-bilaterales\\\/#respond\"]}]},{\"@type\":\"WebPage\",\"@id\":\"https:\\\/\\\/www.info-algerie.com\\\/actualites\\\/algerie-espagne-vers-linstallation-dune-commission-technique-mixte-pour-renforcer-les-relations-bilaterales\\\/\",\"url\":\"https:\\\/\\\/www.info-algerie.com\\\/actualites\\\/algerie-espagne-vers-linstallation-dune-commission-technique-mixte-pour-renforcer-les-relations-bilaterales\\\/\",\"name\":\"Alg\u00e9rie-Espagne: vers l&#039;installation d&#039;une commission technique mixte pour renforcer les relations bilat\u00e9rales - info algerie\",\"isPartOf\":{\"@id\":\"https:\\\/\\\/www.info-algerie.com\\\/actualites\\\/#website\"},\"primaryImageOfPage\":{\"@id\":\"https:\\\/\\\/www.info-algerie.com\\\/actualites\\\/algerie-espagne-vers-linstallation-dune-commission-technique-mixte-pour-renforcer-les-relations-bilaterales\\\/#primaryimage\"},\"image\":{\"@id\":\"https:\\\/\\\/www.info-algerie.com\\\/actualites\\\/algerie-espagne-vers-linstallation-dune-commission-technique-mixte-pour-renforcer-les-relations-bilaterales\\\/#primaryimage\"},\"thumbnailUrl\":\"https:\\\/\\\/www.info-algerie.com\\\/actualites\\\/wp-content\\\/uploads\\\/2018\\\/05\\\/115066bb986b1d14944f383d2347eefe_S-1.jpg\",\"datePublished\":\"2018-05-15T08:25:38+00:00\",\"breadcrumb\":{\"@id\":\"https:\\\/\\\/www.info-algerie.com\\\/actualites\\\/algerie-espagne-vers-linstallation-dune-commission-technique-mixte-pour-renforcer-les-relations-bilaterales\\\/#breadcrumb\"},\"inLanguage\":\"fr-FR\",\"potentialAction\":[{\"@type\":\"ReadAction\",\"target\":[\"https:\\\/\\\/www.info-algerie.com\\\/actualites\\\/algerie-espagne-vers-linstallation-dune-commission-technique-mixte-pour-renforcer-les-relations-bilaterales\\\/\"]}]},{\"@type\":\"ImageObject\",\"inLanguage\":\"fr-FR\",\"@id\":\"https:\\\/\\\/www.info-algerie.com\\\/actualites\\\/algerie-espagne-vers-linstallation-dune-commission-technique-mixte-pour-renforcer-les-relations-bilaterales\\\/#primaryimage\",\"url\":\"https:\\\/\\\/www.info-algerie.com\\\/actualites\\\/wp-content\\\/uploads\\\/2018\\\/05\\\/115066bb986b1d14944f383d2347eefe_S-1.jpg\",\"contentUrl\":\"https:\\\/\\\/www.info-algerie.com\\\/actualites\\\/wp-content\\\/uploads\\\/2018\\\/05\\\/115066bb986b1d14944f383d2347eefe_S-1.jpg\",\"width\":280,\"height\":169},{\"@type\":\"BreadcrumbList\",\"@id\":\"https:\\\/\\\/www.info-algerie.com\\\/actualites\\\/algerie-espagne-vers-linstallation-dune-commission-technique-mixte-pour-renforcer-les-relations-bilaterales\\\/#breadcrumb\",\"itemListElement\":[{\"@type\":\"ListItem\",\"position\":1,\"name\":\"Accueil\",\"item\":\"https:\\\/\\\/www.info-algerie.com\\\/actualites\\\/\"},{\"@type\":\"ListItem\",\"position\":2,\"name\":\"Alg\u00e9rie-Espagne: vers l&#039;installation d&#039;une commission technique mixte pour renforcer les relations bilat\u00e9rales\"}]},{\"@type\":\"WebSite\",\"@id\":\"https:\\\/\\\/www.info-algerie.com\\\/actualites\\\/#website\",\"url\":\"https:\\\/\\\/www.info-algerie.com\\\/actualites\\\/\",\"name\":\"info algerie\",\"description\":\"Toutes les actualit\u00e9s\",\"publisher\":{\"@id\":\"https:\\\/\\\/www.info-algerie.com\\\/actualites\\\/#organization\"},\"potentialAction\":[{\"@type\":\"SearchAction\",\"target\":{\"@type\":\"EntryPoint\",\"urlTemplate\":\"https:\\\/\\\/www.info-algerie.com\\\/actualites\\\/?s={search_term_string}\"},\"query-input\":{\"@type\":\"PropertyValueSpecification\",\"valueRequired\":true,\"valueName\":\"search_term_string\"}}],\"inLanguage\":\"fr-FR\"},{\"@type\":\"Organization\",\"@id\":\"https:\\\/\\\/www.info-algerie.com\\\/actualites\\\/#organization\",\"name\":\"info algerie\",\"url\":\"https:\\\/\\\/www.info-algerie.com\\\/actualites\\\/\",\"logo\":{\"@type\":\"ImageObject\",\"inLanguage\":\"fr-FR\",\"@id\":\"https:\\\/\\\/www.info-algerie.com\\\/actualites\\\/#\\\/schema\\\/logo\\\/image\\\/\",\"url\":\"https:\\\/\\\/www.info-algerie.com\\\/actualites\\\/wp-content\\\/uploads\\\/2022\\\/07\\\/logo-ia-120.png\",\"contentUrl\":\"https:\\\/\\\/www.info-algerie.com\\\/actualites\\\/wp-content\\\/uploads\\\/2022\\\/07\\\/logo-ia-120.png\",\"width\":120,\"height\":43,\"caption\":\"info algerie\"},\"image\":{\"@id\":\"https:\\\/\\\/www.info-algerie.com\\\/actualites\\\/#\\\/schema\\\/logo\\\/image\\\/\"},\"sameAs\":[\"https:\\\/\\\/www.facebook.com\\\/infoalgerieactu\",\"https:\\\/\\\/x.com\\\/infoalgerie1\"]},{\"@type\":\"Person\",\"@id\":\"https:\\\/\\\/www.info-algerie.com\\\/actualites\\\/#\\\/schema\\\/person\\\/847aaec44920825b843a08f30ec6aa1e\",\"name\":\"La r\u00e9daction\",\"image\":{\"@type\":\"ImageObject\",\"inLanguage\":\"fr-FR\",\"@id\":\"https:\\\/\\\/secure.gravatar.com\\\/avatar\\\/769db425c6f465158149f1ffd6cf61ce7a8a879d11dfbef8288af36dfddd418c?s=96&d=mm&r=g\",\"url\":\"https:\\\/\\\/secure.gravatar.com\\\/avatar\\\/769db425c6f465158149f1ffd6cf61ce7a8a879d11dfbef8288af36dfddd418c?s=96&d=mm&r=g\",\"contentUrl\":\"https:\\\/\\\/secure.gravatar.com\\\/avatar\\\/769db425c6f465158149f1ffd6cf61ce7a8a879d11dfbef8288af36dfddd418c?s=96&d=mm&r=g\",\"caption\":\"La r\u00e9daction\"},\"sameAs\":[\"http:\\\/\\\/www.lkeria.com\\\/\"],\"url\":\"https:\\\/\\\/www.info-algerie.com\\\/actualites\\\/author\\\/chakib32\\\/\"}]}<\/script>\n<!-- \/ Yoast SEO plugin. -->","yoast_head_json":{"title":"Alg\u00e9rie-Espagne: vers l&#039;installation d&#039;une commission technique mixte pour renforcer les relations bilat\u00e9rales - info algerie","robots":{"index":"index","follow":"follow","max-snippet":"max-snippet:-1","max-image-preview":"max-image-preview:large","max-video-preview":"max-video-preview:-1"},"canonical":"https:\/\/www.info-algerie.com\/actualites\/algerie-espagne-vers-linstallation-dune-commission-technique-mixte-pour-renforcer-les-relations-bilaterales\/","og_locale":"fr_FR","og_type":"article","og_title":"Alg\u00e9rie-Espagne: vers l&#039;installation d&#039;une commission technique mixte pour renforcer les relations bilat\u00e9rales - info algerie","og_description":"MADRID &#8211; Le ministre de l\u2019Int\u00e9rieur, des Collectivit\u00e9s locales et de l\u2019Am\u00e9nagement du territoire Noureddine Bedoui a indiqu\u00e9, lundi, \u00e0 Madrid \u00e0 l\u2019issue de son entretien avec son homologue espagnol Juan Ignacio Zoido, qu\u2019une commission technique mixte alg\u00e9ro-espagnole va \u00eatre mise en place pour concr\u00e9tiser toutes les propositions devant am\u00e9liorer et renforcer les relations bilat\u00e9rales","og_url":"https:\/\/www.info-algerie.com\/actualites\/algerie-espagne-vers-linstallation-dune-commission-technique-mixte-pour-renforcer-les-relations-bilaterales\/","og_site_name":"info algerie","article_publisher":"https:\/\/www.facebook.com\/infoalgerieactu","article_published_time":"2018-05-15T08:25:38+00:00","og_image":[{"width":280,"height":169,"url":"https:\/\/www.info-algerie.com\/actualites\/wp-content\/uploads\/2018\/05\/115066bb986b1d14944f383d2347eefe_S-1.jpg","type":"image\/jpeg"}],"author":"La r\u00e9daction","twitter_misc":{"\u00c9crit par":"La r\u00e9daction","Dur\u00e9e de lecture estim\u00e9e":"3 minutes"},"schema":{"@context":"https:\/\/schema.org","@graph":[{"@type":"Article","@id":"https:\/\/www.info-algerie.com\/actualites\/algerie-espagne-vers-linstallation-dune-commission-technique-mixte-pour-renforcer-les-relations-bilaterales\/#article","isPartOf":{"@id":"https:\/\/www.info-algerie.com\/actualites\/algerie-espagne-vers-linstallation-dune-commission-technique-mixte-pour-renforcer-les-relations-bilaterales\/"},"author":{"name":"La r\u00e9daction","@id":"https:\/\/www.info-algerie.com\/actualites\/#\/schema\/person\/847aaec44920825b843a08f30ec6aa1e"},"headline":"Alg\u00e9rie-Espagne: vers l&#039;installation d&#039;une commission technique mixte pour renforcer les relations bilat\u00e9rales","datePublished":"2018-05-15T08:25:38+00:00","mainEntityOfPage":{"@id":"https:\/\/www.info-algerie.com\/actualites\/algerie-espagne-vers-linstallation-dune-commission-technique-mixte-pour-renforcer-les-relations-bilaterales\/"},"wordCount":702,"commentCount":0,"publisher":{"@id":"https:\/\/www.info-algerie.com\/actualites\/#organization"},"image":{"@id":"https:\/\/www.info-algerie.com\/actualites\/algerie-espagne-vers-linstallation-dune-commission-technique-mixte-pour-renforcer-les-relations-bilaterales\/#primaryimage"},"thumbnailUrl":"https:\/\/www.info-algerie.com\/actualites\/wp-content\/uploads\/2018\/05\/115066bb986b1d14944f383d2347eefe_S-1.jpg","keywords":["ONU"],"articleSection":["infos"],"inLanguage":"fr-FR","potentialAction":[{"@type":"CommentAction","name":"Comment","target":["https:\/\/www.info-algerie.com\/actualites\/algerie-espagne-vers-linstallation-dune-commission-technique-mixte-pour-renforcer-les-relations-bilaterales\/#respond"]}]},{"@type":"WebPage","@id":"https:\/\/www.info-algerie.com\/actualites\/algerie-espagne-vers-linstallation-dune-commission-technique-mixte-pour-renforcer-les-relations-bilaterales\/","url":"https:\/\/www.info-algerie.com\/actualites\/algerie-espagne-vers-linstallation-dune-commission-technique-mixte-pour-renforcer-les-relations-bilaterales\/","name":"Alg\u00e9rie-Espagne: vers l&#039;installation d&#039;une commission technique mixte pour renforcer les relations bilat\u00e9rales - info algerie","isPartOf":{"@id":"https:\/\/www.info-algerie.com\/actualites\/#website"},"primaryImageOfPage":{"@id":"https:\/\/www.info-algerie.com\/actualites\/algerie-espagne-vers-linstallation-dune-commission-technique-mixte-pour-renforcer-les-relations-bilaterales\/#primaryimage"},"image":{"@id":"https:\/\/www.info-algerie.com\/actualites\/algerie-espagne-vers-linstallation-dune-commission-technique-mixte-pour-renforcer-les-relations-bilaterales\/#primaryimage"},"thumbnailUrl":"https:\/\/www.info-algerie.com\/actualites\/wp-content\/uploads\/2018\/05\/115066bb986b1d14944f383d2347eefe_S-1.jpg","datePublished":"2018-05-15T08:25:38+00:00","breadcrumb":{"@id":"https:\/\/www.info-algerie.com\/actualites\/algerie-espagne-vers-linstallation-dune-commission-technique-mixte-pour-renforcer-les-relations-bilaterales\/#breadcrumb"},"inLanguage":"fr-FR","potentialAction":[{"@type":"ReadAction","target":["https:\/\/www.info-algerie.com\/actualites\/algerie-espagne-vers-linstallation-dune-commission-technique-mixte-pour-renforcer-les-relations-bilaterales\/"]}]},{"@type":"ImageObject","inLanguage":"fr-FR","@id":"https:\/\/www.info-algerie.com\/actualites\/algerie-espagne-vers-linstallation-dune-commission-technique-mixte-pour-renforcer-les-relations-bilaterales\/#primaryimage","url":"https:\/\/www.info-algerie.com\/actualites\/wp-content\/uploads\/2018\/05\/115066bb986b1d14944f383d2347eefe_S-1.jpg","contentUrl":"https:\/\/www.info-algerie.com\/actualites\/wp-content\/uploads\/2018\/05\/115066bb986b1d14944f383d2347eefe_S-1.jpg","width":280,"height":169},{"@type":"BreadcrumbList","@id":"https:\/\/www.info-algerie.com\/actualites\/algerie-espagne-vers-linstallation-dune-commission-technique-mixte-pour-renforcer-les-relations-bilaterales\/#breadcrumb","itemListElement":[{"@type":"ListItem","position":1,"name":"Accueil","item":"https:\/\/www.info-algerie.com\/actualites\/"},{"@type":"ListItem","position":2,"name":"Alg\u00e9rie-Espagne: vers l&#039;installation d&#039;une commission technique mixte pour renforcer les relations bilat\u00e9rales"}]},{"@type":"WebSite","@id":"https:\/\/www.info-algerie.com\/actualites\/#website","url":"https:\/\/www.info-algerie.com\/actualites\/","name":"info algerie","description":"Toutes les actualit\u00e9s","publisher":{"@id":"https:\/\/www.info-algerie.com\/actualites\/#organization"},"potentialAction":[{"@type":"SearchAction","target":{"@type":"EntryPoint","urlTemplate":"https:\/\/www.info-algerie.com\/actualites\/?s={search_term_string}"},"query-input":{"@type":"PropertyValueSpecification","valueRequired":true,"valueName":"search_term_string"}}],"inLanguage":"fr-FR"},{"@type":"Organization","@id":"https:\/\/www.info-algerie.com\/actualites\/#organization","name":"info algerie","url":"https:\/\/www.info-algerie.com\/actualites\/","logo":{"@type":"ImageObject","inLanguage":"fr-FR","@id":"https:\/\/www.info-algerie.com\/actualites\/#\/schema\/logo\/image\/","url":"https:\/\/www.info-algerie.com\/actualites\/wp-content\/uploads\/2022\/07\/logo-ia-120.png","contentUrl":"https:\/\/www.info-algerie.com\/actualites\/wp-content\/uploads\/2022\/07\/logo-ia-120.png","width":120,"height":43,"caption":"info algerie"},"image":{"@id":"https:\/\/www.info-algerie.com\/actualites\/#\/schema\/logo\/image\/"},"sameAs":["https:\/\/www.facebook.com\/infoalgerieactu","https:\/\/x.com\/infoalgerie1"]},{"@type":"Person","@id":"https:\/\/www.info-algerie.com\/actualites\/#\/schema\/person\/847aaec44920825b843a08f30ec6aa1e","name":"La r\u00e9daction","image":{"@type":"ImageObject","inLanguage":"fr-FR","@id":"https:\/\/secure.gravatar.com\/avatar\/769db425c6f465158149f1ffd6cf61ce7a8a879d11dfbef8288af36dfddd418c?s=96&d=mm&r=g","url":"https:\/\/secure.gravatar.com\/avatar\/769db425c6f465158149f1ffd6cf61ce7a8a879d11dfbef8288af36dfddd418c?s=96&d=mm&r=g","contentUrl":"https:\/\/secure.gravatar.com\/avatar\/769db425c6f465158149f1ffd6cf61ce7a8a879d11dfbef8288af36dfddd418c?s=96&d=mm&r=g","caption":"La r\u00e9daction"},"sameAs":["http:\/\/www.lkeria.com\/"],"url":"https:\/\/www.info-algerie.com\/actualites\/author\/chakib32\/"}]}},"_links":{"self":[{"href":"https:\/\/www.info-algerie.com\/actualites\/wp-json\/wp\/v2\/posts\/23379","targetHints":{"allow":["GET"]}}],"collection":[{"href":"https:\/\/www.info-algerie.com\/actualites\/wp-json\/wp\/v2\/posts"}],"about":[{"href":"https:\/\/www.info-algerie.com\/actualites\/wp-json\/wp\/v2\/types\/post"}],"author":[{"embeddable":true,"href":"https:\/\/www.info-algerie.com\/actualites\/wp-json\/wp\/v2\/users\/6"}],"replies":[{"embeddable":true,"href":"https:\/\/www.info-algerie.com\/actualites\/wp-json\/wp\/v2\/comments?post=23379"}],"version-history":[{"count":0,"href":"https:\/\/www.info-algerie.com\/actualites\/wp-json\/wp\/v2\/posts\/23379\/revisions"}],"wp:featuredmedia":[{"embeddable":true,"href":"https:\/\/www.info-algerie.com\/actualites\/wp-json\/wp\/v2\/media\/23380"}],"wp:attachment":[{"href":"https:\/\/www.info-algerie.com\/actualites\/wp-json\/wp\/v2\/media?parent=23379"}],"wp:term":[{"taxonomy":"category","embeddable":true,"href":"https:\/\/www.info-algerie.com\/actualites\/wp-json\/wp\/v2\/categories?post=23379"},{"taxonomy":"post_tag","embeddable":true,"href":"https:\/\/www.info-algerie.com\/actualites\/wp-json\/wp\/v2\/tags?post=23379"}],"curies":[{"name":"wp","href":"https:\/\/api.w.org\/{rel}","templated":true}]}}