{"id":23383,"date":"2018-05-15T12:02:21","date_gmt":"2018-05-15T11:02:21","guid":{"rendered":"http:\/\/www.info-algerie.com\/actualites\/vivre-ensemble-en-paix-une-occasion-pour-perpetuer-les-valeurs-de-tolerance-et-de-reconciliation-pronees-par-le-president-bouteflika\/"},"modified":"2018-05-15T12:02:21","modified_gmt":"2018-05-15T11:02:21","slug":"vivre-ensemble-en-paix-une-occasion-pour-perpetuer-les-valeurs-de-tolerance-et-de-reconciliation-pronees-par-le-president-bouteflika","status":"publish","type":"post","link":"https:\/\/www.info-algerie.com\/actualites\/vivre-ensemble-en-paix-une-occasion-pour-perpetuer-les-valeurs-de-tolerance-et-de-reconciliation-pronees-par-le-president-bouteflika\/","title":{"rendered":"Vivre ensemble en paix: une occasion pour perp\u00e9tuer les valeurs de tol\u00e9rance et de r\u00e9conciliation pr\u00f4n\u00e9es par le pr\u00e9sident Bouteflika"},"content":{"rendered":"<div class=\"K2FeedIntroText\">\n<p><strong>MOSTAGANEM &#8211; Le cheikh de la tariqa Alaouiya et pr\u00e9sident de l\u2019association internationale du soufisme, Khaled Bentoun\u00e8s a affirm\u00e9 que la journ\u00e9e mondiale du vivre ensemble en paix repr\u00e9sente une occasion pour perp\u00e9tuer les valeurs de tol\u00e9rance et de r\u00e9conciliation pr\u00f4n\u00e9es par le pr\u00e9sident de la R\u00e9publique et choisies par le peuple alg\u00e9rien.<\/strong><\/p>\n<p>&#013;\n<\/p><\/div>\n<div class=\"K2FeedFullText\">&#013;<\/p>\n<p>Khaled Bentoun\u00e8s a soulign\u00e9, dans un entretien \u00e0 l\u2019APS, que la date du 16 mai est une \u00ab\u00a0occasion pour se recueillir \u00e0 la m\u00e9moire des victimes de la trag\u00e9die nationale et des chouhada du pays et m\u00e9diter sur le moyen choisi par la soci\u00e9t\u00e9 alg\u00e9rienne \u00e0 travers la politique du pr\u00e9sident de la R\u00e9publique,\u00a0 Abdelaziz Bouteflika pr\u00f4nant la culture de la paix\u00a0\u00bb.<\/p>\n<p>&#013;<\/p>\n<p>Pour M. Bentoun\u00e8s, la journ\u00e9e mondiale du vivre ensemble en paix constituera un nouveau d\u00e9part pour le renforcement de la culture de la paix dans la soci\u00e9t\u00e9 en inculquant les valeurs de base dans les \u00e9coles, les universit\u00e9s et en promouvant le r\u00f4le de la tariqa Alaouiya, dans plusieurs wilayas du pays, dans la formation de l\u2019enfant au Vivre ensemble et \u00e0 l\u2019ouverture sur\u00a0 autrui dans le respect mutuel<\/p>\n<p>&#013;<\/p>\n<p>Le cheikh de la tariqa alaouiya a salu\u00e9 le r\u00f4le de l&rsquo;autorit\u00e9 politique en Alg\u00e9rie concernant l\u2019initiative de proposition de la journ\u00e9e mondiale du vivre ensemble en paix, adopt\u00e9e par l\u2019Assembl\u00e9e g\u00e9n\u00e9rale des Nations unies le 8 d\u00e9cembre dernier, de m\u00eame que les instructions \u00e0 toutes les wilayas du pays pour c\u00e9l\u00e9brer la premi\u00e8re \u00e9dition le 16 mai courant.<\/p>\n<p>&#013;<\/p>\n<p>Khaled Bentoun\u00e8s a soutenu que cette journ\u00e9e n\u2019est pas seulement pour la c\u00e9l\u00e9bration, mais pour l&rsquo;instauration d&rsquo;un nouvel esprit et d&rsquo;une pens\u00e9e culturelle et spirituelle dans l&rsquo;\u00e9dification d&rsquo;une soci\u00e9t\u00e9 rejetant la fitna (discorde) et la violence qui ont d\u00e9truit des peuples.<\/p>\n<p>&#013;<\/p>\n<p>\u00ab\u00a0Nous devons faire des efforts avec fid\u00e9lit\u00e9, honn\u00eatet\u00e9 et sinc\u00e9rit\u00e9 au service du citoyen, et faire passer \u00e0 toutes les nations le message du vivre ensemble en paix ancr\u00e9e dans l\u2019esprit alg\u00e9rien\u00a0\u00bb, a ajout\u00e9 Cheikh Bentoun\u00e8s.<\/p>\n<p>&#013;<\/p>\n<p>Dans le cadre de cette initiative, Mostaganem accueillera du 15 au 19 juillet prochain la 70e \u00e9dition du congr\u00e8s international sur l\u2019\u00e9tude et le d\u00e9veloppement des math\u00e9matiques sous le slogan \u00ab\u00a0les math\u00e9matiques et vivre ensemble\u00a0\u00bb, avec la participation d&rsquo;oul\u00e9mas, chercheurs et autres experts de 19 pays qui pr\u00e9senteront 30 communications sur ce th\u00e8me.<\/p>\n<p>&#013;<\/p>\n<p>La deuxi\u00e8me \u00e9dition du Prix Emir Abdelkader se tiendra au mois de septembre prochain pour encourager et promouvoir le vivre ensemble et la coexistence dans le au bassin m\u00e9diterran\u00e9en et dans le monde, a-t-on annonc\u00e9.<\/p>\n<\/div>\n<p>&#013;<br \/>\nSource: <a href=\"http:\/\/www.aps.dz\/algerie\/74075-vivre-ensemble-en-paix-une-occasion-pour-perpetuer-les-valeurs-de-tolerance-et-de-reconciliation-pronees-par-le-president-bouteflika\" target=\"_blank\">Vivre ensemble en paix: une occasion pour perp\u00e9tuer les valeurs de tol\u00e9rance et de r\u00e9conciliation pr\u00f4n\u00e9es par le pr\u00e9sident Bouteflika<\/a><\/p>\n<!--CusAds0-->\n<div style=\"font-size: 0px; height: 0px; line-height: 0px; margin: 0; padding: 0; clear: both;\"><\/div>","protected":false},"excerpt":{"rendered":"<p>MOSTAGANEM &#8211; Le cheikh de la tariqa Alaouiya et pr\u00e9sident de l\u2019association internationale du soufisme, Khaled Bentoun\u00e8s a affirm\u00e9 que la journ\u00e9e mondiale du vivre ensemble en paix repr\u00e9sente une occasion pour perp\u00e9tuer les valeurs de tol\u00e9rance et de r\u00e9conciliation pr\u00f4n\u00e9es par le pr\u00e9sident de la R\u00e9publique et choisies par le peuple alg\u00e9rien. &#013; &#013;<\/p>\n","protected":false},"author":6,"featured_media":0,"comment_status":"open","ping_status":"open","sticky":false,"template":"","format":"standard","meta":{"footnotes":""},"categories":[22],"tags":[93],"class_list":["post-23383","post","type-post","status-publish","format-standard","hentry","category-infos","tag-onu"],"yoast_head":"<!-- This site is optimized with the Yoast SEO plugin v27.5 - https:\/\/yoast.com\/product\/yoast-seo-wordpress\/ -->\n<title>Vivre ensemble en paix: une occasion pour perp\u00e9tuer les valeurs de tol\u00e9rance et de r\u00e9conciliation pr\u00f4n\u00e9es par le pr\u00e9sident Bouteflika - info algerie<\/title>\n<meta name=\"robots\" content=\"index, follow, max-snippet:-1, max-image-preview:large, max-video-preview:-1\" \/>\n<link rel=\"canonical\" href=\"https:\/\/www.info-algerie.com\/actualites\/vivre-ensemble-en-paix-une-occasion-pour-perpetuer-les-valeurs-de-tolerance-et-de-reconciliation-pronees-par-le-president-bouteflika\/\" \/>\n<meta property=\"og:locale\" content=\"fr_FR\" \/>\n<meta property=\"og:type\" content=\"article\" \/>\n<meta property=\"og:title\" content=\"Vivre ensemble en paix: une occasion pour perp\u00e9tuer les valeurs de tol\u00e9rance et de r\u00e9conciliation pr\u00f4n\u00e9es par le pr\u00e9sident Bouteflika - info algerie\" \/>\n<meta property=\"og:description\" content=\"MOSTAGANEM &#8211; Le cheikh de la tariqa Alaouiya et pr\u00e9sident de l\u2019association internationale du soufisme, Khaled Bentoun\u00e8s a affirm\u00e9 que la journ\u00e9e mondiale du vivre ensemble en paix repr\u00e9sente une occasion pour perp\u00e9tuer les valeurs de tol\u00e9rance et de r\u00e9conciliation pr\u00f4n\u00e9es par le pr\u00e9sident de la R\u00e9publique et choisies par le peuple alg\u00e9rien. &#013; &#013;\" \/>\n<meta property=\"og:url\" content=\"https:\/\/www.info-algerie.com\/actualites\/vivre-ensemble-en-paix-une-occasion-pour-perpetuer-les-valeurs-de-tolerance-et-de-reconciliation-pronees-par-le-president-bouteflika\/\" \/>\n<meta property=\"og:site_name\" content=\"info algerie\" \/>\n<meta property=\"article:publisher\" content=\"https:\/\/www.facebook.com\/infoalgerieactu\" \/>\n<meta property=\"article:published_time\" content=\"2018-05-15T11:02:21+00:00\" \/>\n<meta name=\"author\" content=\"La r\u00e9daction\" \/>\n<meta name=\"twitter:label1\" content=\"\u00c9crit par\" \/>\n\t<meta name=\"twitter:data1\" content=\"La r\u00e9daction\" \/>\n\t<meta name=\"twitter:label2\" content=\"Dur\u00e9e de lecture estim\u00e9e\" \/>\n\t<meta name=\"twitter:data2\" content=\"2 minutes\" \/>\n<script type=\"application\/ld+json\" class=\"yoast-schema-graph\">{\"@context\":\"https:\\\/\\\/schema.org\",\"@graph\":[{\"@type\":\"Article\",\"@id\":\"https:\\\/\\\/www.info-algerie.com\\\/actualites\\\/vivre-ensemble-en-paix-une-occasion-pour-perpetuer-les-valeurs-de-tolerance-et-de-reconciliation-pronees-par-le-president-bouteflika\\\/#article\",\"isPartOf\":{\"@id\":\"https:\\\/\\\/www.info-algerie.com\\\/actualites\\\/vivre-ensemble-en-paix-une-occasion-pour-perpetuer-les-valeurs-de-tolerance-et-de-reconciliation-pronees-par-le-president-bouteflika\\\/\"},\"author\":{\"name\":\"La r\u00e9daction\",\"@id\":\"https:\\\/\\\/www.info-algerie.com\\\/actualites\\\/#\\\/schema\\\/person\\\/847aaec44920825b843a08f30ec6aa1e\"},\"headline\":\"Vivre ensemble en paix: une occasion pour perp\u00e9tuer les valeurs de tol\u00e9rance et de r\u00e9conciliation pr\u00f4n\u00e9es par le pr\u00e9sident Bouteflika\",\"datePublished\":\"2018-05-15T11:02:21+00:00\",\"mainEntityOfPage\":{\"@id\":\"https:\\\/\\\/www.info-algerie.com\\\/actualites\\\/vivre-ensemble-en-paix-une-occasion-pour-perpetuer-les-valeurs-de-tolerance-et-de-reconciliation-pronees-par-le-president-bouteflika\\\/\"},\"wordCount\":526,\"commentCount\":0,\"publisher\":{\"@id\":\"https:\\\/\\\/www.info-algerie.com\\\/actualites\\\/#organization\"},\"keywords\":[\"ONU\"],\"articleSection\":[\"infos\"],\"inLanguage\":\"fr-FR\",\"potentialAction\":[{\"@type\":\"CommentAction\",\"name\":\"Comment\",\"target\":[\"https:\\\/\\\/www.info-algerie.com\\\/actualites\\\/vivre-ensemble-en-paix-une-occasion-pour-perpetuer-les-valeurs-de-tolerance-et-de-reconciliation-pronees-par-le-president-bouteflika\\\/#respond\"]}]},{\"@type\":\"WebPage\",\"@id\":\"https:\\\/\\\/www.info-algerie.com\\\/actualites\\\/vivre-ensemble-en-paix-une-occasion-pour-perpetuer-les-valeurs-de-tolerance-et-de-reconciliation-pronees-par-le-president-bouteflika\\\/\",\"url\":\"https:\\\/\\\/www.info-algerie.com\\\/actualites\\\/vivre-ensemble-en-paix-une-occasion-pour-perpetuer-les-valeurs-de-tolerance-et-de-reconciliation-pronees-par-le-president-bouteflika\\\/\",\"name\":\"Vivre ensemble en paix: une occasion pour perp\u00e9tuer les valeurs de tol\u00e9rance et de r\u00e9conciliation pr\u00f4n\u00e9es par le pr\u00e9sident Bouteflika - info algerie\",\"isPartOf\":{\"@id\":\"https:\\\/\\\/www.info-algerie.com\\\/actualites\\\/#website\"},\"datePublished\":\"2018-05-15T11:02:21+00:00\",\"breadcrumb\":{\"@id\":\"https:\\\/\\\/www.info-algerie.com\\\/actualites\\\/vivre-ensemble-en-paix-une-occasion-pour-perpetuer-les-valeurs-de-tolerance-et-de-reconciliation-pronees-par-le-president-bouteflika\\\/#breadcrumb\"},\"inLanguage\":\"fr-FR\",\"potentialAction\":[{\"@type\":\"ReadAction\",\"target\":[\"https:\\\/\\\/www.info-algerie.com\\\/actualites\\\/vivre-ensemble-en-paix-une-occasion-pour-perpetuer-les-valeurs-de-tolerance-et-de-reconciliation-pronees-par-le-president-bouteflika\\\/\"]}]},{\"@type\":\"BreadcrumbList\",\"@id\":\"https:\\\/\\\/www.info-algerie.com\\\/actualites\\\/vivre-ensemble-en-paix-une-occasion-pour-perpetuer-les-valeurs-de-tolerance-et-de-reconciliation-pronees-par-le-president-bouteflika\\\/#breadcrumb\",\"itemListElement\":[{\"@type\":\"ListItem\",\"position\":1,\"name\":\"Accueil\",\"item\":\"https:\\\/\\\/www.info-algerie.com\\\/actualites\\\/\"},{\"@type\":\"ListItem\",\"position\":2,\"name\":\"Vivre ensemble en paix: une occasion pour perp\u00e9tuer les valeurs de tol\u00e9rance et de r\u00e9conciliation pr\u00f4n\u00e9es par le pr\u00e9sident Bouteflika\"}]},{\"@type\":\"WebSite\",\"@id\":\"https:\\\/\\\/www.info-algerie.com\\\/actualites\\\/#website\",\"url\":\"https:\\\/\\\/www.info-algerie.com\\\/actualites\\\/\",\"name\":\"info algerie\",\"description\":\"Toutes les actualit\u00e9s\",\"publisher\":{\"@id\":\"https:\\\/\\\/www.info-algerie.com\\\/actualites\\\/#organization\"},\"potentialAction\":[{\"@type\":\"SearchAction\",\"target\":{\"@type\":\"EntryPoint\",\"urlTemplate\":\"https:\\\/\\\/www.info-algerie.com\\\/actualites\\\/?s={search_term_string}\"},\"query-input\":{\"@type\":\"PropertyValueSpecification\",\"valueRequired\":true,\"valueName\":\"search_term_string\"}}],\"inLanguage\":\"fr-FR\"},{\"@type\":\"Organization\",\"@id\":\"https:\\\/\\\/www.info-algerie.com\\\/actualites\\\/#organization\",\"name\":\"info algerie\",\"url\":\"https:\\\/\\\/www.info-algerie.com\\\/actualites\\\/\",\"logo\":{\"@type\":\"ImageObject\",\"inLanguage\":\"fr-FR\",\"@id\":\"https:\\\/\\\/www.info-algerie.com\\\/actualites\\\/#\\\/schema\\\/logo\\\/image\\\/\",\"url\":\"https:\\\/\\\/www.info-algerie.com\\\/actualites\\\/wp-content\\\/uploads\\\/2022\\\/07\\\/logo-ia-120.png\",\"contentUrl\":\"https:\\\/\\\/www.info-algerie.com\\\/actualites\\\/wp-content\\\/uploads\\\/2022\\\/07\\\/logo-ia-120.png\",\"width\":120,\"height\":43,\"caption\":\"info algerie\"},\"image\":{\"@id\":\"https:\\\/\\\/www.info-algerie.com\\\/actualites\\\/#\\\/schema\\\/logo\\\/image\\\/\"},\"sameAs\":[\"https:\\\/\\\/www.facebook.com\\\/infoalgerieactu\",\"https:\\\/\\\/x.com\\\/infoalgerie1\"]},{\"@type\":\"Person\",\"@id\":\"https:\\\/\\\/www.info-algerie.com\\\/actualites\\\/#\\\/schema\\\/person\\\/847aaec44920825b843a08f30ec6aa1e\",\"name\":\"La r\u00e9daction\",\"image\":{\"@type\":\"ImageObject\",\"inLanguage\":\"fr-FR\",\"@id\":\"https:\\\/\\\/secure.gravatar.com\\\/avatar\\\/769db425c6f465158149f1ffd6cf61ce7a8a879d11dfbef8288af36dfddd418c?s=96&d=mm&r=g\",\"url\":\"https:\\\/\\\/secure.gravatar.com\\\/avatar\\\/769db425c6f465158149f1ffd6cf61ce7a8a879d11dfbef8288af36dfddd418c?s=96&d=mm&r=g\",\"contentUrl\":\"https:\\\/\\\/secure.gravatar.com\\\/avatar\\\/769db425c6f465158149f1ffd6cf61ce7a8a879d11dfbef8288af36dfddd418c?s=96&d=mm&r=g\",\"caption\":\"La r\u00e9daction\"},\"sameAs\":[\"http:\\\/\\\/www.lkeria.com\\\/\"],\"url\":\"https:\\\/\\\/www.info-algerie.com\\\/actualites\\\/author\\\/chakib32\\\/\"}]}<\/script>\n<!-- \/ Yoast SEO plugin. -->","yoast_head_json":{"title":"Vivre ensemble en paix: une occasion pour perp\u00e9tuer les valeurs de tol\u00e9rance et de r\u00e9conciliation pr\u00f4n\u00e9es par le pr\u00e9sident Bouteflika - info algerie","robots":{"index":"index","follow":"follow","max-snippet":"max-snippet:-1","max-image-preview":"max-image-preview:large","max-video-preview":"max-video-preview:-1"},"canonical":"https:\/\/www.info-algerie.com\/actualites\/vivre-ensemble-en-paix-une-occasion-pour-perpetuer-les-valeurs-de-tolerance-et-de-reconciliation-pronees-par-le-president-bouteflika\/","og_locale":"fr_FR","og_type":"article","og_title":"Vivre ensemble en paix: une occasion pour perp\u00e9tuer les valeurs de tol\u00e9rance et de r\u00e9conciliation pr\u00f4n\u00e9es par le pr\u00e9sident Bouteflika - info algerie","og_description":"MOSTAGANEM &#8211; Le cheikh de la tariqa Alaouiya et pr\u00e9sident de l\u2019association internationale du soufisme, Khaled Bentoun\u00e8s a affirm\u00e9 que la journ\u00e9e mondiale du vivre ensemble en paix repr\u00e9sente une occasion pour perp\u00e9tuer les valeurs de tol\u00e9rance et de r\u00e9conciliation pr\u00f4n\u00e9es par le pr\u00e9sident de la R\u00e9publique et choisies par le peuple alg\u00e9rien. &#013; &#013;","og_url":"https:\/\/www.info-algerie.com\/actualites\/vivre-ensemble-en-paix-une-occasion-pour-perpetuer-les-valeurs-de-tolerance-et-de-reconciliation-pronees-par-le-president-bouteflika\/","og_site_name":"info algerie","article_publisher":"https:\/\/www.facebook.com\/infoalgerieactu","article_published_time":"2018-05-15T11:02:21+00:00","author":"La r\u00e9daction","twitter_misc":{"\u00c9crit par":"La r\u00e9daction","Dur\u00e9e de lecture estim\u00e9e":"2 minutes"},"schema":{"@context":"https:\/\/schema.org","@graph":[{"@type":"Article","@id":"https:\/\/www.info-algerie.com\/actualites\/vivre-ensemble-en-paix-une-occasion-pour-perpetuer-les-valeurs-de-tolerance-et-de-reconciliation-pronees-par-le-president-bouteflika\/#article","isPartOf":{"@id":"https:\/\/www.info-algerie.com\/actualites\/vivre-ensemble-en-paix-une-occasion-pour-perpetuer-les-valeurs-de-tolerance-et-de-reconciliation-pronees-par-le-president-bouteflika\/"},"author":{"name":"La r\u00e9daction","@id":"https:\/\/www.info-algerie.com\/actualites\/#\/schema\/person\/847aaec44920825b843a08f30ec6aa1e"},"headline":"Vivre ensemble en paix: une occasion pour perp\u00e9tuer les valeurs de tol\u00e9rance et de r\u00e9conciliation pr\u00f4n\u00e9es par le pr\u00e9sident Bouteflika","datePublished":"2018-05-15T11:02:21+00:00","mainEntityOfPage":{"@id":"https:\/\/www.info-algerie.com\/actualites\/vivre-ensemble-en-paix-une-occasion-pour-perpetuer-les-valeurs-de-tolerance-et-de-reconciliation-pronees-par-le-president-bouteflika\/"},"wordCount":526,"commentCount":0,"publisher":{"@id":"https:\/\/www.info-algerie.com\/actualites\/#organization"},"keywords":["ONU"],"articleSection":["infos"],"inLanguage":"fr-FR","potentialAction":[{"@type":"CommentAction","name":"Comment","target":["https:\/\/www.info-algerie.com\/actualites\/vivre-ensemble-en-paix-une-occasion-pour-perpetuer-les-valeurs-de-tolerance-et-de-reconciliation-pronees-par-le-president-bouteflika\/#respond"]}]},{"@type":"WebPage","@id":"https:\/\/www.info-algerie.com\/actualites\/vivre-ensemble-en-paix-une-occasion-pour-perpetuer-les-valeurs-de-tolerance-et-de-reconciliation-pronees-par-le-president-bouteflika\/","url":"https:\/\/www.info-algerie.com\/actualites\/vivre-ensemble-en-paix-une-occasion-pour-perpetuer-les-valeurs-de-tolerance-et-de-reconciliation-pronees-par-le-president-bouteflika\/","name":"Vivre ensemble en paix: une occasion pour perp\u00e9tuer les valeurs de tol\u00e9rance et de r\u00e9conciliation pr\u00f4n\u00e9es par le pr\u00e9sident Bouteflika - info algerie","isPartOf":{"@id":"https:\/\/www.info-algerie.com\/actualites\/#website"},"datePublished":"2018-05-15T11:02:21+00:00","breadcrumb":{"@id":"https:\/\/www.info-algerie.com\/actualites\/vivre-ensemble-en-paix-une-occasion-pour-perpetuer-les-valeurs-de-tolerance-et-de-reconciliation-pronees-par-le-president-bouteflika\/#breadcrumb"},"inLanguage":"fr-FR","potentialAction":[{"@type":"ReadAction","target":["https:\/\/www.info-algerie.com\/actualites\/vivre-ensemble-en-paix-une-occasion-pour-perpetuer-les-valeurs-de-tolerance-et-de-reconciliation-pronees-par-le-president-bouteflika\/"]}]},{"@type":"BreadcrumbList","@id":"https:\/\/www.info-algerie.com\/actualites\/vivre-ensemble-en-paix-une-occasion-pour-perpetuer-les-valeurs-de-tolerance-et-de-reconciliation-pronees-par-le-president-bouteflika\/#breadcrumb","itemListElement":[{"@type":"ListItem","position":1,"name":"Accueil","item":"https:\/\/www.info-algerie.com\/actualites\/"},{"@type":"ListItem","position":2,"name":"Vivre ensemble en paix: une occasion pour perp\u00e9tuer les valeurs de tol\u00e9rance et de r\u00e9conciliation pr\u00f4n\u00e9es par le pr\u00e9sident Bouteflika"}]},{"@type":"WebSite","@id":"https:\/\/www.info-algerie.com\/actualites\/#website","url":"https:\/\/www.info-algerie.com\/actualites\/","name":"info algerie","description":"Toutes les actualit\u00e9s","publisher":{"@id":"https:\/\/www.info-algerie.com\/actualites\/#organization"},"potentialAction":[{"@type":"SearchAction","target":{"@type":"EntryPoint","urlTemplate":"https:\/\/www.info-algerie.com\/actualites\/?s={search_term_string}"},"query-input":{"@type":"PropertyValueSpecification","valueRequired":true,"valueName":"search_term_string"}}],"inLanguage":"fr-FR"},{"@type":"Organization","@id":"https:\/\/www.info-algerie.com\/actualites\/#organization","name":"info algerie","url":"https:\/\/www.info-algerie.com\/actualites\/","logo":{"@type":"ImageObject","inLanguage":"fr-FR","@id":"https:\/\/www.info-algerie.com\/actualites\/#\/schema\/logo\/image\/","url":"https:\/\/www.info-algerie.com\/actualites\/wp-content\/uploads\/2022\/07\/logo-ia-120.png","contentUrl":"https:\/\/www.info-algerie.com\/actualites\/wp-content\/uploads\/2022\/07\/logo-ia-120.png","width":120,"height":43,"caption":"info algerie"},"image":{"@id":"https:\/\/www.info-algerie.com\/actualites\/#\/schema\/logo\/image\/"},"sameAs":["https:\/\/www.facebook.com\/infoalgerieactu","https:\/\/x.com\/infoalgerie1"]},{"@type":"Person","@id":"https:\/\/www.info-algerie.com\/actualites\/#\/schema\/person\/847aaec44920825b843a08f30ec6aa1e","name":"La r\u00e9daction","image":{"@type":"ImageObject","inLanguage":"fr-FR","@id":"https:\/\/secure.gravatar.com\/avatar\/769db425c6f465158149f1ffd6cf61ce7a8a879d11dfbef8288af36dfddd418c?s=96&d=mm&r=g","url":"https:\/\/secure.gravatar.com\/avatar\/769db425c6f465158149f1ffd6cf61ce7a8a879d11dfbef8288af36dfddd418c?s=96&d=mm&r=g","contentUrl":"https:\/\/secure.gravatar.com\/avatar\/769db425c6f465158149f1ffd6cf61ce7a8a879d11dfbef8288af36dfddd418c?s=96&d=mm&r=g","caption":"La r\u00e9daction"},"sameAs":["http:\/\/www.lkeria.com\/"],"url":"https:\/\/www.info-algerie.com\/actualites\/author\/chakib32\/"}]}},"_links":{"self":[{"href":"https:\/\/www.info-algerie.com\/actualites\/wp-json\/wp\/v2\/posts\/23383","targetHints":{"allow":["GET"]}}],"collection":[{"href":"https:\/\/www.info-algerie.com\/actualites\/wp-json\/wp\/v2\/posts"}],"about":[{"href":"https:\/\/www.info-algerie.com\/actualites\/wp-json\/wp\/v2\/types\/post"}],"author":[{"embeddable":true,"href":"https:\/\/www.info-algerie.com\/actualites\/wp-json\/wp\/v2\/users\/6"}],"replies":[{"embeddable":true,"href":"https:\/\/www.info-algerie.com\/actualites\/wp-json\/wp\/v2\/comments?post=23383"}],"version-history":[{"count":0,"href":"https:\/\/www.info-algerie.com\/actualites\/wp-json\/wp\/v2\/posts\/23383\/revisions"}],"wp:attachment":[{"href":"https:\/\/www.info-algerie.com\/actualites\/wp-json\/wp\/v2\/media?parent=23383"}],"wp:term":[{"taxonomy":"category","embeddable":true,"href":"https:\/\/www.info-algerie.com\/actualites\/wp-json\/wp\/v2\/categories?post=23383"},{"taxonomy":"post_tag","embeddable":true,"href":"https:\/\/www.info-algerie.com\/actualites\/wp-json\/wp\/v2\/tags?post=23383"}],"curies":[{"name":"wp","href":"https:\/\/api.w.org\/{rel}","templated":true}]}}