{"id":23384,"date":"2018-05-15T11:56:13","date_gmt":"2018-05-15T10:56:13","guid":{"rendered":"http:\/\/www.info-algerie.com\/actualites\/le-president-bouteflika-inaugure-le-siege-de-la-zaouia-belkaidia-a-alger\/"},"modified":"2018-05-15T11:56:13","modified_gmt":"2018-05-15T10:56:13","slug":"le-president-bouteflika-inaugure-le-siege-de-la-zaouia-belkaidia-a-alger","status":"publish","type":"post","link":"https:\/\/www.info-algerie.com\/actualites\/le-president-bouteflika-inaugure-le-siege-de-la-zaouia-belkaidia-a-alger\/","title":{"rendered":"Le Pr\u00e9sident Bouteflika inaugure le si\u00e8ge de la Zaou\u00efa Belkaidia \u00e0 Alger"},"content":{"rendered":"<div class=\"K2FeedIntroText\">\n<p><strong>ALGER &#8211; Le Pr\u00e9sident de la R\u00e9publique, Abdelaziz Bouteflika, a proc\u00e9d\u00e9 mardi \u00e0 Alger \u00e0 l&rsquo;inauguration du si\u00e8ge de la Zaou\u00efa Belkaidia, situ\u00e9e dans la localit\u00e9 de Tixeraine, commune de Birkhadem.<\/strong><\/p>\n<p>&#013;\n<\/p><\/div>\n<div class=\"K2FeedFullText\">&#013;<\/p>\n<p>Ce lieu de culte, \u00e9rig\u00e9 sur une superficie globale de 5 hectares, abrite une \u00e9cole coranique d&rsquo;une capacit\u00e9 d\u2019accueil de 300 places ainsi qu&rsquo;une biblioth\u00e8que de 1.200 m2.<\/p>\n<p>&#013;<\/p>\n<hr \/>\n<h3>Lire aussi:\u00a0<a href=\"http:\/\/www.aps.dz\/algerie\/74073-le-president-bouteflika-inaugure-la-zaouia-belkaidia-et-inspecte-le-projet-de-la-grande-mosquee-d-alger\" target=\"_blank\" rel=\"noopener noreferrer\">Le Pr\u00e9sident Bouteflika inaugure la Zaou\u00efa Belkaidia et inspecte le projet de la Grande Mosqu\u00e9e d&rsquo;Alger<\/a><\/h3>\n<p>&#013;<\/p>\n<hr \/>\n<p>Le projet compte \u00e9galement un centre de formation professionnelle qui permettra aux \u00e9tudiants d\u2019obtenir, outre leurs titres en \u00e9ducation islamique, des dipl\u00f4mes pour pouvoir exercer plus tard d\u2019autres m\u00e9tiers en cas de choix d&rsquo;une autre formation autre qu&rsquo;imam.<\/p>\n<p>&#013;<\/p>\n<p>Les \u00ab\u00a0Dourous El-Mohammadia\u00a0\u00bb, organis\u00e9es chaque Ramadhan en collaboration avec la wilaya d\u2019Oran, au si\u00e8ge national de la Zaou\u00efa de la Tarika Belkaidia de Sidi Ma\u00e2rouf, se tiendront cette ann\u00e9e \u00e0 la Zaou\u00efa de Tixera\u00efne.<\/p>\n<p>&#013;<\/p>\n<p>Le chef de l&rsquo;Etat se rendra par la suite \u00e0 la Grande Mosqu\u00e9e d&rsquo;Alger o\u00f9 il effectuera une visite d&rsquo;inspection \u00e0 ce projet dont les travaux de r\u00e9alisation sont tr\u00e8s avanc\u00e9s.<\/p>\n<\/div>\n<p>&#013;<br \/>\nSource: <a href=\"http:\/\/www.aps.dz\/algerie\/74074-le-president-bouteflika-inaugure-le-siege-de-la-zaouia-belkaidia-a-alger\" target=\"_blank\">Le Pr\u00e9sident Bouteflika inaugure le si\u00e8ge de la Zaou\u00efa Belkaidia \u00e0 Alger<\/a><\/p>\n<!--CusAds0-->\n<div style=\"font-size: 0px; height: 0px; line-height: 0px; margin: 0; padding: 0; clear: both;\"><\/div>","protected":false},"excerpt":{"rendered":"<p>ALGER &#8211; Le Pr\u00e9sident de la R\u00e9publique, Abdelaziz Bouteflika, a proc\u00e9d\u00e9 mardi \u00e0 Alger \u00e0 l&rsquo;inauguration du si\u00e8ge de la Zaou\u00efa Belkaidia, situ\u00e9e dans la localit\u00e9 de Tixeraine, commune de Birkhadem. &#013; &#013; Ce lieu de culte, \u00e9rig\u00e9 sur une superficie globale de 5 hectares, abrite une \u00e9cole coranique d&rsquo;une capacit\u00e9 d\u2019accueil de 300 places<\/p>\n","protected":false},"author":6,"featured_media":0,"comment_status":"open","ping_status":"open","sticky":false,"template":"","format":"standard","meta":{"footnotes":""},"categories":[22],"tags":[93],"class_list":["post-23384","post","type-post","status-publish","format-standard","hentry","category-infos","tag-onu"],"yoast_head":"<!-- This site is optimized with the Yoast SEO plugin v27.5 - https:\/\/yoast.com\/product\/yoast-seo-wordpress\/ -->\n<title>Le Pr\u00e9sident Bouteflika inaugure le si\u00e8ge de la Zaou\u00efa Belkaidia \u00e0 Alger - info algerie<\/title>\n<meta name=\"robots\" content=\"index, follow, max-snippet:-1, max-image-preview:large, max-video-preview:-1\" \/>\n<link rel=\"canonical\" href=\"https:\/\/www.info-algerie.com\/actualites\/le-president-bouteflika-inaugure-le-siege-de-la-zaouia-belkaidia-a-alger\/\" \/>\n<meta property=\"og:locale\" content=\"fr_FR\" \/>\n<meta property=\"og:type\" content=\"article\" \/>\n<meta property=\"og:title\" content=\"Le Pr\u00e9sident Bouteflika inaugure le si\u00e8ge de la Zaou\u00efa Belkaidia \u00e0 Alger - info algerie\" \/>\n<meta property=\"og:description\" content=\"ALGER &#8211; Le Pr\u00e9sident de la R\u00e9publique, Abdelaziz Bouteflika, a proc\u00e9d\u00e9 mardi \u00e0 Alger \u00e0 l&rsquo;inauguration du si\u00e8ge de la Zaou\u00efa Belkaidia, situ\u00e9e dans la localit\u00e9 de Tixeraine, commune de Birkhadem. &#013; &#013; Ce lieu de culte, \u00e9rig\u00e9 sur une superficie globale de 5 hectares, abrite une \u00e9cole coranique d&rsquo;une capacit\u00e9 d\u2019accueil de 300 places\" \/>\n<meta property=\"og:url\" content=\"https:\/\/www.info-algerie.com\/actualites\/le-president-bouteflika-inaugure-le-siege-de-la-zaouia-belkaidia-a-alger\/\" \/>\n<meta property=\"og:site_name\" content=\"info algerie\" \/>\n<meta property=\"article:publisher\" content=\"https:\/\/www.facebook.com\/infoalgerieactu\" \/>\n<meta property=\"article:published_time\" content=\"2018-05-15T10:56:13+00:00\" \/>\n<meta name=\"author\" content=\"La r\u00e9daction\" \/>\n<meta name=\"twitter:label1\" content=\"\u00c9crit par\" \/>\n\t<meta name=\"twitter:data1\" content=\"La r\u00e9daction\" \/>\n\t<meta name=\"twitter:label2\" content=\"Dur\u00e9e de lecture estim\u00e9e\" \/>\n\t<meta name=\"twitter:data2\" content=\"1 minute\" \/>\n<script type=\"application\/ld+json\" class=\"yoast-schema-graph\">{\"@context\":\"https:\\\/\\\/schema.org\",\"@graph\":[{\"@type\":\"Article\",\"@id\":\"https:\\\/\\\/www.info-algerie.com\\\/actualites\\\/le-president-bouteflika-inaugure-le-siege-de-la-zaouia-belkaidia-a-alger\\\/#article\",\"isPartOf\":{\"@id\":\"https:\\\/\\\/www.info-algerie.com\\\/actualites\\\/le-president-bouteflika-inaugure-le-siege-de-la-zaouia-belkaidia-a-alger\\\/\"},\"author\":{\"name\":\"La r\u00e9daction\",\"@id\":\"https:\\\/\\\/www.info-algerie.com\\\/actualites\\\/#\\\/schema\\\/person\\\/847aaec44920825b843a08f30ec6aa1e\"},\"headline\":\"Le Pr\u00e9sident Bouteflika inaugure le si\u00e8ge de la Zaou\u00efa Belkaidia \u00e0 Alger\",\"datePublished\":\"2018-05-15T10:56:13+00:00\",\"mainEntityOfPage\":{\"@id\":\"https:\\\/\\\/www.info-algerie.com\\\/actualites\\\/le-president-bouteflika-inaugure-le-siege-de-la-zaouia-belkaidia-a-alger\\\/\"},\"wordCount\":237,\"commentCount\":0,\"publisher\":{\"@id\":\"https:\\\/\\\/www.info-algerie.com\\\/actualites\\\/#organization\"},\"keywords\":[\"ONU\"],\"articleSection\":[\"infos\"],\"inLanguage\":\"fr-FR\",\"potentialAction\":[{\"@type\":\"CommentAction\",\"name\":\"Comment\",\"target\":[\"https:\\\/\\\/www.info-algerie.com\\\/actualites\\\/le-president-bouteflika-inaugure-le-siege-de-la-zaouia-belkaidia-a-alger\\\/#respond\"]}]},{\"@type\":\"WebPage\",\"@id\":\"https:\\\/\\\/www.info-algerie.com\\\/actualites\\\/le-president-bouteflika-inaugure-le-siege-de-la-zaouia-belkaidia-a-alger\\\/\",\"url\":\"https:\\\/\\\/www.info-algerie.com\\\/actualites\\\/le-president-bouteflika-inaugure-le-siege-de-la-zaouia-belkaidia-a-alger\\\/\",\"name\":\"Le Pr\u00e9sident Bouteflika inaugure le si\u00e8ge de la Zaou\u00efa Belkaidia \u00e0 Alger - info algerie\",\"isPartOf\":{\"@id\":\"https:\\\/\\\/www.info-algerie.com\\\/actualites\\\/#website\"},\"datePublished\":\"2018-05-15T10:56:13+00:00\",\"breadcrumb\":{\"@id\":\"https:\\\/\\\/www.info-algerie.com\\\/actualites\\\/le-president-bouteflika-inaugure-le-siege-de-la-zaouia-belkaidia-a-alger\\\/#breadcrumb\"},\"inLanguage\":\"fr-FR\",\"potentialAction\":[{\"@type\":\"ReadAction\",\"target\":[\"https:\\\/\\\/www.info-algerie.com\\\/actualites\\\/le-president-bouteflika-inaugure-le-siege-de-la-zaouia-belkaidia-a-alger\\\/\"]}]},{\"@type\":\"BreadcrumbList\",\"@id\":\"https:\\\/\\\/www.info-algerie.com\\\/actualites\\\/le-president-bouteflika-inaugure-le-siege-de-la-zaouia-belkaidia-a-alger\\\/#breadcrumb\",\"itemListElement\":[{\"@type\":\"ListItem\",\"position\":1,\"name\":\"Accueil\",\"item\":\"https:\\\/\\\/www.info-algerie.com\\\/actualites\\\/\"},{\"@type\":\"ListItem\",\"position\":2,\"name\":\"Le Pr\u00e9sident Bouteflika inaugure le si\u00e8ge de la Zaou\u00efa Belkaidia \u00e0 Alger\"}]},{\"@type\":\"WebSite\",\"@id\":\"https:\\\/\\\/www.info-algerie.com\\\/actualites\\\/#website\",\"url\":\"https:\\\/\\\/www.info-algerie.com\\\/actualites\\\/\",\"name\":\"info algerie\",\"description\":\"Toutes les actualit\u00e9s\",\"publisher\":{\"@id\":\"https:\\\/\\\/www.info-algerie.com\\\/actualites\\\/#organization\"},\"potentialAction\":[{\"@type\":\"SearchAction\",\"target\":{\"@type\":\"EntryPoint\",\"urlTemplate\":\"https:\\\/\\\/www.info-algerie.com\\\/actualites\\\/?s={search_term_string}\"},\"query-input\":{\"@type\":\"PropertyValueSpecification\",\"valueRequired\":true,\"valueName\":\"search_term_string\"}}],\"inLanguage\":\"fr-FR\"},{\"@type\":\"Organization\",\"@id\":\"https:\\\/\\\/www.info-algerie.com\\\/actualites\\\/#organization\",\"name\":\"info algerie\",\"url\":\"https:\\\/\\\/www.info-algerie.com\\\/actualites\\\/\",\"logo\":{\"@type\":\"ImageObject\",\"inLanguage\":\"fr-FR\",\"@id\":\"https:\\\/\\\/www.info-algerie.com\\\/actualites\\\/#\\\/schema\\\/logo\\\/image\\\/\",\"url\":\"https:\\\/\\\/www.info-algerie.com\\\/actualites\\\/wp-content\\\/uploads\\\/2022\\\/07\\\/logo-ia-120.png\",\"contentUrl\":\"https:\\\/\\\/www.info-algerie.com\\\/actualites\\\/wp-content\\\/uploads\\\/2022\\\/07\\\/logo-ia-120.png\",\"width\":120,\"height\":43,\"caption\":\"info algerie\"},\"image\":{\"@id\":\"https:\\\/\\\/www.info-algerie.com\\\/actualites\\\/#\\\/schema\\\/logo\\\/image\\\/\"},\"sameAs\":[\"https:\\\/\\\/www.facebook.com\\\/infoalgerieactu\",\"https:\\\/\\\/x.com\\\/infoalgerie1\"]},{\"@type\":\"Person\",\"@id\":\"https:\\\/\\\/www.info-algerie.com\\\/actualites\\\/#\\\/schema\\\/person\\\/847aaec44920825b843a08f30ec6aa1e\",\"name\":\"La r\u00e9daction\",\"image\":{\"@type\":\"ImageObject\",\"inLanguage\":\"fr-FR\",\"@id\":\"https:\\\/\\\/secure.gravatar.com\\\/avatar\\\/769db425c6f465158149f1ffd6cf61ce7a8a879d11dfbef8288af36dfddd418c?s=96&d=mm&r=g\",\"url\":\"https:\\\/\\\/secure.gravatar.com\\\/avatar\\\/769db425c6f465158149f1ffd6cf61ce7a8a879d11dfbef8288af36dfddd418c?s=96&d=mm&r=g\",\"contentUrl\":\"https:\\\/\\\/secure.gravatar.com\\\/avatar\\\/769db425c6f465158149f1ffd6cf61ce7a8a879d11dfbef8288af36dfddd418c?s=96&d=mm&r=g\",\"caption\":\"La r\u00e9daction\"},\"sameAs\":[\"http:\\\/\\\/www.lkeria.com\\\/\"],\"url\":\"https:\\\/\\\/www.info-algerie.com\\\/actualites\\\/author\\\/chakib32\\\/\"}]}<\/script>\n<!-- \/ Yoast SEO plugin. -->","yoast_head_json":{"title":"Le Pr\u00e9sident Bouteflika inaugure le si\u00e8ge de la Zaou\u00efa Belkaidia \u00e0 Alger - info algerie","robots":{"index":"index","follow":"follow","max-snippet":"max-snippet:-1","max-image-preview":"max-image-preview:large","max-video-preview":"max-video-preview:-1"},"canonical":"https:\/\/www.info-algerie.com\/actualites\/le-president-bouteflika-inaugure-le-siege-de-la-zaouia-belkaidia-a-alger\/","og_locale":"fr_FR","og_type":"article","og_title":"Le Pr\u00e9sident Bouteflika inaugure le si\u00e8ge de la Zaou\u00efa Belkaidia \u00e0 Alger - info algerie","og_description":"ALGER &#8211; Le Pr\u00e9sident de la R\u00e9publique, Abdelaziz Bouteflika, a proc\u00e9d\u00e9 mardi \u00e0 Alger \u00e0 l&rsquo;inauguration du si\u00e8ge de la Zaou\u00efa Belkaidia, situ\u00e9e dans la localit\u00e9 de Tixeraine, commune de Birkhadem. &#013; &#013; Ce lieu de culte, \u00e9rig\u00e9 sur une superficie globale de 5 hectares, abrite une \u00e9cole coranique d&rsquo;une capacit\u00e9 d\u2019accueil de 300 places","og_url":"https:\/\/www.info-algerie.com\/actualites\/le-president-bouteflika-inaugure-le-siege-de-la-zaouia-belkaidia-a-alger\/","og_site_name":"info algerie","article_publisher":"https:\/\/www.facebook.com\/infoalgerieactu","article_published_time":"2018-05-15T10:56:13+00:00","author":"La r\u00e9daction","twitter_misc":{"\u00c9crit par":"La r\u00e9daction","Dur\u00e9e de lecture estim\u00e9e":"1 minute"},"schema":{"@context":"https:\/\/schema.org","@graph":[{"@type":"Article","@id":"https:\/\/www.info-algerie.com\/actualites\/le-president-bouteflika-inaugure-le-siege-de-la-zaouia-belkaidia-a-alger\/#article","isPartOf":{"@id":"https:\/\/www.info-algerie.com\/actualites\/le-president-bouteflika-inaugure-le-siege-de-la-zaouia-belkaidia-a-alger\/"},"author":{"name":"La r\u00e9daction","@id":"https:\/\/www.info-algerie.com\/actualites\/#\/schema\/person\/847aaec44920825b843a08f30ec6aa1e"},"headline":"Le Pr\u00e9sident Bouteflika inaugure le si\u00e8ge de la Zaou\u00efa Belkaidia \u00e0 Alger","datePublished":"2018-05-15T10:56:13+00:00","mainEntityOfPage":{"@id":"https:\/\/www.info-algerie.com\/actualites\/le-president-bouteflika-inaugure-le-siege-de-la-zaouia-belkaidia-a-alger\/"},"wordCount":237,"commentCount":0,"publisher":{"@id":"https:\/\/www.info-algerie.com\/actualites\/#organization"},"keywords":["ONU"],"articleSection":["infos"],"inLanguage":"fr-FR","potentialAction":[{"@type":"CommentAction","name":"Comment","target":["https:\/\/www.info-algerie.com\/actualites\/le-president-bouteflika-inaugure-le-siege-de-la-zaouia-belkaidia-a-alger\/#respond"]}]},{"@type":"WebPage","@id":"https:\/\/www.info-algerie.com\/actualites\/le-president-bouteflika-inaugure-le-siege-de-la-zaouia-belkaidia-a-alger\/","url":"https:\/\/www.info-algerie.com\/actualites\/le-president-bouteflika-inaugure-le-siege-de-la-zaouia-belkaidia-a-alger\/","name":"Le Pr\u00e9sident Bouteflika inaugure le si\u00e8ge de la Zaou\u00efa Belkaidia \u00e0 Alger - info algerie","isPartOf":{"@id":"https:\/\/www.info-algerie.com\/actualites\/#website"},"datePublished":"2018-05-15T10:56:13+00:00","breadcrumb":{"@id":"https:\/\/www.info-algerie.com\/actualites\/le-president-bouteflika-inaugure-le-siege-de-la-zaouia-belkaidia-a-alger\/#breadcrumb"},"inLanguage":"fr-FR","potentialAction":[{"@type":"ReadAction","target":["https:\/\/www.info-algerie.com\/actualites\/le-president-bouteflika-inaugure-le-siege-de-la-zaouia-belkaidia-a-alger\/"]}]},{"@type":"BreadcrumbList","@id":"https:\/\/www.info-algerie.com\/actualites\/le-president-bouteflika-inaugure-le-siege-de-la-zaouia-belkaidia-a-alger\/#breadcrumb","itemListElement":[{"@type":"ListItem","position":1,"name":"Accueil","item":"https:\/\/www.info-algerie.com\/actualites\/"},{"@type":"ListItem","position":2,"name":"Le Pr\u00e9sident Bouteflika inaugure le si\u00e8ge de la Zaou\u00efa Belkaidia \u00e0 Alger"}]},{"@type":"WebSite","@id":"https:\/\/www.info-algerie.com\/actualites\/#website","url":"https:\/\/www.info-algerie.com\/actualites\/","name":"info algerie","description":"Toutes les actualit\u00e9s","publisher":{"@id":"https:\/\/www.info-algerie.com\/actualites\/#organization"},"potentialAction":[{"@type":"SearchAction","target":{"@type":"EntryPoint","urlTemplate":"https:\/\/www.info-algerie.com\/actualites\/?s={search_term_string}"},"query-input":{"@type":"PropertyValueSpecification","valueRequired":true,"valueName":"search_term_string"}}],"inLanguage":"fr-FR"},{"@type":"Organization","@id":"https:\/\/www.info-algerie.com\/actualites\/#organization","name":"info algerie","url":"https:\/\/www.info-algerie.com\/actualites\/","logo":{"@type":"ImageObject","inLanguage":"fr-FR","@id":"https:\/\/www.info-algerie.com\/actualites\/#\/schema\/logo\/image\/","url":"https:\/\/www.info-algerie.com\/actualites\/wp-content\/uploads\/2022\/07\/logo-ia-120.png","contentUrl":"https:\/\/www.info-algerie.com\/actualites\/wp-content\/uploads\/2022\/07\/logo-ia-120.png","width":120,"height":43,"caption":"info algerie"},"image":{"@id":"https:\/\/www.info-algerie.com\/actualites\/#\/schema\/logo\/image\/"},"sameAs":["https:\/\/www.facebook.com\/infoalgerieactu","https:\/\/x.com\/infoalgerie1"]},{"@type":"Person","@id":"https:\/\/www.info-algerie.com\/actualites\/#\/schema\/person\/847aaec44920825b843a08f30ec6aa1e","name":"La r\u00e9daction","image":{"@type":"ImageObject","inLanguage":"fr-FR","@id":"https:\/\/secure.gravatar.com\/avatar\/769db425c6f465158149f1ffd6cf61ce7a8a879d11dfbef8288af36dfddd418c?s=96&d=mm&r=g","url":"https:\/\/secure.gravatar.com\/avatar\/769db425c6f465158149f1ffd6cf61ce7a8a879d11dfbef8288af36dfddd418c?s=96&d=mm&r=g","contentUrl":"https:\/\/secure.gravatar.com\/avatar\/769db425c6f465158149f1ffd6cf61ce7a8a879d11dfbef8288af36dfddd418c?s=96&d=mm&r=g","caption":"La r\u00e9daction"},"sameAs":["http:\/\/www.lkeria.com\/"],"url":"https:\/\/www.info-algerie.com\/actualites\/author\/chakib32\/"}]}},"_links":{"self":[{"href":"https:\/\/www.info-algerie.com\/actualites\/wp-json\/wp\/v2\/posts\/23384","targetHints":{"allow":["GET"]}}],"collection":[{"href":"https:\/\/www.info-algerie.com\/actualites\/wp-json\/wp\/v2\/posts"}],"about":[{"href":"https:\/\/www.info-algerie.com\/actualites\/wp-json\/wp\/v2\/types\/post"}],"author":[{"embeddable":true,"href":"https:\/\/www.info-algerie.com\/actualites\/wp-json\/wp\/v2\/users\/6"}],"replies":[{"embeddable":true,"href":"https:\/\/www.info-algerie.com\/actualites\/wp-json\/wp\/v2\/comments?post=23384"}],"version-history":[{"count":0,"href":"https:\/\/www.info-algerie.com\/actualites\/wp-json\/wp\/v2\/posts\/23384\/revisions"}],"wp:attachment":[{"href":"https:\/\/www.info-algerie.com\/actualites\/wp-json\/wp\/v2\/media?parent=23384"}],"wp:term":[{"taxonomy":"category","embeddable":true,"href":"https:\/\/www.info-algerie.com\/actualites\/wp-json\/wp\/v2\/categories?post=23384"},{"taxonomy":"post_tag","embeddable":true,"href":"https:\/\/www.info-algerie.com\/actualites\/wp-json\/wp\/v2\/tags?post=23384"}],"curies":[{"name":"wp","href":"https:\/\/api.w.org\/{rel}","templated":true}]}}