{"id":260,"date":"2015-08-26T10:00:00","date_gmt":"2015-08-26T09:00:00","guid":{"rendered":"http:\/\/www.info-algerie.com\/actualites\/conseil-de-la-nation-ouverture-de-la-session-dautomne-le-2-septembre-prochain\/"},"modified":"2015-08-28T12:24:55","modified_gmt":"2015-08-28T11:24:55","slug":"conseil-de-la-nation-ouverture-de-la-session-dautomne-le-2-septembre-prochain","status":"publish","type":"post","link":"https:\/\/www.info-algerie.com\/actualites\/conseil-de-la-nation-ouverture-de-la-session-dautomne-le-2-septembre-prochain\/","title":{"rendered":"Conseil de la nationa : ouverture de la session d&rsquo;automne le 2 septembre prochain"},"content":{"rendered":"<p style=\"text-align: justify;\"><a href=\"https:\/\/www.info-algerie.com\/actualites\/wp-content\/uploads\/2015\/08\/Conseil-de-la-nation.jpg\"><img loading=\"lazy\" decoding=\"async\" class=\" wp-image-371 alignleft\" src=\"https:\/\/www.info-algerie.com\/actualites\/wp-content\/uploads\/2015\/08\/Conseil-de-la-nation-300x169.jpg\" alt=\"Conseil de la nation\" width=\"160\" height=\"90\" srcset=\"https:\/\/www.info-algerie.com\/actualites\/wp-content\/uploads\/2015\/08\/Conseil-de-la-nation-300x169.jpg 300w, https:\/\/www.info-algerie.com\/actualites\/wp-content\/uploads\/2015\/08\/Conseil-de-la-nation.jpg 900w\" sizes=\"auto, (max-width: 160px) 100vw, 160px\" \/><\/a>La session d&rsquo;automne du Conseil de la nation s&rsquo;ouvrira le mercredi 2 septembre 2015, a indiqu\u00e9 hier un communiqu\u00e9 du Conseil. \u00abLors de la r\u00e9union du Bureau du Conseil de la nation, pr\u00e9sid\u00e9e par Abdelkader Bensalah, pr\u00e9sident de la chambre haute du Parlement, l&rsquo;ouverture de la session d&rsquo;automne a \u00e9t\u00e9 fix\u00e9e au mercredi 2 septembre \u00e0 11h.<\/p>\n<p style=\"text-align: justify;\">Conform\u00e9ment aux dispositions de l&rsquo;article 118 de la Constitution et de l&rsquo;article 5 de la loi organique portant organisation et fonctionnement de l&rsquo;Assembl\u00e9e populaire nationale (APN) et du Conseil de la nation et r\u00e9gissant les relations fonctionnelles entre les deux chambres du Parlement et le gouvernement\u00bb, a pr\u00e9cis\u00e9 le communiqu\u00e9.<\/p>\n<p style=\"text-align: justify;\">La r\u00e9union a \u00e9galement permis d&rsquo;examiner les questions orales et de soumettre au gouvernement celles r\u00e9pondant aux conditions, a ajout\u00e9 la m\u00eame source.<\/p>\n<p>Source: <a href=\"http:\/\/www.lexpressiondz.com\/actualite\/223748-ouverture-de-la-session-d-automne-le-2-septembre-prochain.html\" target=\"_blank\">CONSEIL DE LA NATION : Ouverture de la session d&rsquo;automne le 2 septembre prochain<\/a><\/p>\n<!--CusAds0-->\n<div style=\"font-size: 0px; height: 0px; line-height: 0px; margin: 0; padding: 0; clear: both;\"><\/div>","protected":false},"excerpt":{"rendered":"<p>La session d&rsquo;automne du Conseil de la nation s&rsquo;ouvrira le mercredi 2 septembre 2015, a indiqu\u00e9 hier un communiqu\u00e9 du Conseil. \u00abLors de la r\u00e9union du Bureau du Conseil de la nation, pr\u00e9sid\u00e9e par Abdelkader Bensalah, pr\u00e9sident de la chambre haute du Parlement, l&rsquo;ouverture de la session d&rsquo;automne a \u00e9t\u00e9 fix\u00e9e au mercredi 2 septembre<\/p>\n","protected":false},"author":6,"featured_media":371,"comment_status":"open","ping_status":"open","sticky":false,"template":"","format":"standard","meta":{"footnotes":""},"categories":[7],"tags":[63,64],"class_list":["post-260","post","type-post","status-publish","format-standard","has-post-thumbnail","hentry","category-politique","tag-conseil-de-la-nation","tag-senat"],"yoast_head":"<!-- This site is optimized with the Yoast SEO plugin v27.5 - https:\/\/yoast.com\/product\/yoast-seo-wordpress\/ -->\n<title>Conseil de la nationa : ouverture de la session d&#039;automne<\/title>\n<meta name=\"description\" content=\"Conseil de la nationa : ouverture de la session d&#039;automne le 2 septembre prochain\" \/>\n<meta name=\"robots\" content=\"index, follow, max-snippet:-1, max-image-preview:large, max-video-preview:-1\" \/>\n<link rel=\"canonical\" href=\"https:\/\/www.info-algerie.com\/actualites\/conseil-de-la-nation-ouverture-de-la-session-dautomne-le-2-septembre-prochain\/\" \/>\n<meta property=\"og:locale\" content=\"fr_FR\" \/>\n<meta property=\"og:type\" content=\"article\" \/>\n<meta property=\"og:title\" content=\"Conseil de la nationa : ouverture de la session d&#039;automne\" \/>\n<meta property=\"og:description\" content=\"Conseil de la nationa : ouverture de la session d&#039;automne le 2 septembre prochain\" \/>\n<meta property=\"og:url\" content=\"https:\/\/www.info-algerie.com\/actualites\/conseil-de-la-nation-ouverture-de-la-session-dautomne-le-2-septembre-prochain\/\" \/>\n<meta property=\"og:site_name\" content=\"info algerie\" \/>\n<meta property=\"article:publisher\" content=\"https:\/\/www.facebook.com\/infoalgerieactu\" \/>\n<meta property=\"article:published_time\" content=\"2015-08-26T09:00:00+00:00\" \/>\n<meta property=\"article:modified_time\" content=\"2015-08-28T11:24:55+00:00\" \/>\n<meta property=\"og:image\" content=\"https:\/\/www.info-algerie.com\/actualites\/wp-content\/uploads\/2015\/08\/Conseil-de-la-nation.jpg\" \/>\n\t<meta property=\"og:image:width\" content=\"900\" \/>\n\t<meta property=\"og:image:height\" content=\"508\" \/>\n\t<meta property=\"og:image:type\" content=\"image\/jpeg\" \/>\n<meta name=\"author\" content=\"La r\u00e9daction\" \/>\n<meta name=\"twitter:label1\" content=\"\u00c9crit par\" \/>\n\t<meta name=\"twitter:data1\" content=\"La r\u00e9daction\" \/>\n\t<meta name=\"twitter:label2\" content=\"Dur\u00e9e de lecture estim\u00e9e\" \/>\n\t<meta name=\"twitter:data2\" content=\"1 minute\" \/>\n<script type=\"application\/ld+json\" class=\"yoast-schema-graph\">{\"@context\":\"https:\\\/\\\/schema.org\",\"@graph\":[{\"@type\":\"Article\",\"@id\":\"https:\\\/\\\/www.info-algerie.com\\\/actualites\\\/conseil-de-la-nation-ouverture-de-la-session-dautomne-le-2-septembre-prochain\\\/#article\",\"isPartOf\":{\"@id\":\"https:\\\/\\\/www.info-algerie.com\\\/actualites\\\/conseil-de-la-nation-ouverture-de-la-session-dautomne-le-2-septembre-prochain\\\/\"},\"author\":{\"name\":\"La r\u00e9daction\",\"@id\":\"https:\\\/\\\/www.info-algerie.com\\\/actualites\\\/#\\\/schema\\\/person\\\/847aaec44920825b843a08f30ec6aa1e\"},\"headline\":\"Conseil de la nationa : ouverture de la session d&rsquo;automne le 2 septembre prochain\",\"datePublished\":\"2015-08-26T09:00:00+00:00\",\"dateModified\":\"2015-08-28T11:24:55+00:00\",\"mainEntityOfPage\":{\"@id\":\"https:\\\/\\\/www.info-algerie.com\\\/actualites\\\/conseil-de-la-nation-ouverture-de-la-session-dautomne-le-2-septembre-prochain\\\/\"},\"wordCount\":171,\"commentCount\":0,\"publisher\":{\"@id\":\"https:\\\/\\\/www.info-algerie.com\\\/actualites\\\/#organization\"},\"image\":{\"@id\":\"https:\\\/\\\/www.info-algerie.com\\\/actualites\\\/conseil-de-la-nation-ouverture-de-la-session-dautomne-le-2-septembre-prochain\\\/#primaryimage\"},\"thumbnailUrl\":\"https:\\\/\\\/www.info-algerie.com\\\/actualites\\\/wp-content\\\/uploads\\\/2015\\\/08\\\/Conseil-de-la-nation.jpg\",\"keywords\":[\"conseil de la nation\",\"s\u00e9nat\"],\"articleSection\":[\"Politique\"],\"inLanguage\":\"fr-FR\",\"potentialAction\":[{\"@type\":\"CommentAction\",\"name\":\"Comment\",\"target\":[\"https:\\\/\\\/www.info-algerie.com\\\/actualites\\\/conseil-de-la-nation-ouverture-de-la-session-dautomne-le-2-septembre-prochain\\\/#respond\"]}]},{\"@type\":\"WebPage\",\"@id\":\"https:\\\/\\\/www.info-algerie.com\\\/actualites\\\/conseil-de-la-nation-ouverture-de-la-session-dautomne-le-2-septembre-prochain\\\/\",\"url\":\"https:\\\/\\\/www.info-algerie.com\\\/actualites\\\/conseil-de-la-nation-ouverture-de-la-session-dautomne-le-2-septembre-prochain\\\/\",\"name\":\"Conseil de la nationa : ouverture de la session d'automne\",\"isPartOf\":{\"@id\":\"https:\\\/\\\/www.info-algerie.com\\\/actualites\\\/#website\"},\"primaryImageOfPage\":{\"@id\":\"https:\\\/\\\/www.info-algerie.com\\\/actualites\\\/conseil-de-la-nation-ouverture-de-la-session-dautomne-le-2-septembre-prochain\\\/#primaryimage\"},\"image\":{\"@id\":\"https:\\\/\\\/www.info-algerie.com\\\/actualites\\\/conseil-de-la-nation-ouverture-de-la-session-dautomne-le-2-septembre-prochain\\\/#primaryimage\"},\"thumbnailUrl\":\"https:\\\/\\\/www.info-algerie.com\\\/actualites\\\/wp-content\\\/uploads\\\/2015\\\/08\\\/Conseil-de-la-nation.jpg\",\"datePublished\":\"2015-08-26T09:00:00+00:00\",\"dateModified\":\"2015-08-28T11:24:55+00:00\",\"description\":\"Conseil de la nationa : ouverture de la session d'automne le 2 septembre prochain\",\"breadcrumb\":{\"@id\":\"https:\\\/\\\/www.info-algerie.com\\\/actualites\\\/conseil-de-la-nation-ouverture-de-la-session-dautomne-le-2-septembre-prochain\\\/#breadcrumb\"},\"inLanguage\":\"fr-FR\",\"potentialAction\":[{\"@type\":\"ReadAction\",\"target\":[\"https:\\\/\\\/www.info-algerie.com\\\/actualites\\\/conseil-de-la-nation-ouverture-de-la-session-dautomne-le-2-septembre-prochain\\\/\"]}]},{\"@type\":\"ImageObject\",\"inLanguage\":\"fr-FR\",\"@id\":\"https:\\\/\\\/www.info-algerie.com\\\/actualites\\\/conseil-de-la-nation-ouverture-de-la-session-dautomne-le-2-septembre-prochain\\\/#primaryimage\",\"url\":\"https:\\\/\\\/www.info-algerie.com\\\/actualites\\\/wp-content\\\/uploads\\\/2015\\\/08\\\/Conseil-de-la-nation.jpg\",\"contentUrl\":\"https:\\\/\\\/www.info-algerie.com\\\/actualites\\\/wp-content\\\/uploads\\\/2015\\\/08\\\/Conseil-de-la-nation.jpg\",\"width\":900,\"height\":508,\"caption\":\"Conseil de la nation\"},{\"@type\":\"BreadcrumbList\",\"@id\":\"https:\\\/\\\/www.info-algerie.com\\\/actualites\\\/conseil-de-la-nation-ouverture-de-la-session-dautomne-le-2-septembre-prochain\\\/#breadcrumb\",\"itemListElement\":[{\"@type\":\"ListItem\",\"position\":1,\"name\":\"Accueil\",\"item\":\"https:\\\/\\\/www.info-algerie.com\\\/actualites\\\/\"},{\"@type\":\"ListItem\",\"position\":2,\"name\":\"Conseil de la nationa : ouverture de la session d&rsquo;automne le 2 septembre prochain\"}]},{\"@type\":\"WebSite\",\"@id\":\"https:\\\/\\\/www.info-algerie.com\\\/actualites\\\/#website\",\"url\":\"https:\\\/\\\/www.info-algerie.com\\\/actualites\\\/\",\"name\":\"info algerie\",\"description\":\"Toutes les actualit\u00e9s\",\"publisher\":{\"@id\":\"https:\\\/\\\/www.info-algerie.com\\\/actualites\\\/#organization\"},\"potentialAction\":[{\"@type\":\"SearchAction\",\"target\":{\"@type\":\"EntryPoint\",\"urlTemplate\":\"https:\\\/\\\/www.info-algerie.com\\\/actualites\\\/?s={search_term_string}\"},\"query-input\":{\"@type\":\"PropertyValueSpecification\",\"valueRequired\":true,\"valueName\":\"search_term_string\"}}],\"inLanguage\":\"fr-FR\"},{\"@type\":\"Organization\",\"@id\":\"https:\\\/\\\/www.info-algerie.com\\\/actualites\\\/#organization\",\"name\":\"info algerie\",\"url\":\"https:\\\/\\\/www.info-algerie.com\\\/actualites\\\/\",\"logo\":{\"@type\":\"ImageObject\",\"inLanguage\":\"fr-FR\",\"@id\":\"https:\\\/\\\/www.info-algerie.com\\\/actualites\\\/#\\\/schema\\\/logo\\\/image\\\/\",\"url\":\"https:\\\/\\\/www.info-algerie.com\\\/actualites\\\/wp-content\\\/uploads\\\/2022\\\/07\\\/logo-ia-120.png\",\"contentUrl\":\"https:\\\/\\\/www.info-algerie.com\\\/actualites\\\/wp-content\\\/uploads\\\/2022\\\/07\\\/logo-ia-120.png\",\"width\":120,\"height\":43,\"caption\":\"info algerie\"},\"image\":{\"@id\":\"https:\\\/\\\/www.info-algerie.com\\\/actualites\\\/#\\\/schema\\\/logo\\\/image\\\/\"},\"sameAs\":[\"https:\\\/\\\/www.facebook.com\\\/infoalgerieactu\",\"https:\\\/\\\/x.com\\\/infoalgerie1\"]},{\"@type\":\"Person\",\"@id\":\"https:\\\/\\\/www.info-algerie.com\\\/actualites\\\/#\\\/schema\\\/person\\\/847aaec44920825b843a08f30ec6aa1e\",\"name\":\"La r\u00e9daction\",\"image\":{\"@type\":\"ImageObject\",\"inLanguage\":\"fr-FR\",\"@id\":\"https:\\\/\\\/secure.gravatar.com\\\/avatar\\\/769db425c6f465158149f1ffd6cf61ce7a8a879d11dfbef8288af36dfddd418c?s=96&d=mm&r=g\",\"url\":\"https:\\\/\\\/secure.gravatar.com\\\/avatar\\\/769db425c6f465158149f1ffd6cf61ce7a8a879d11dfbef8288af36dfddd418c?s=96&d=mm&r=g\",\"contentUrl\":\"https:\\\/\\\/secure.gravatar.com\\\/avatar\\\/769db425c6f465158149f1ffd6cf61ce7a8a879d11dfbef8288af36dfddd418c?s=96&d=mm&r=g\",\"caption\":\"La r\u00e9daction\"},\"sameAs\":[\"http:\\\/\\\/www.lkeria.com\\\/\"],\"url\":\"https:\\\/\\\/www.info-algerie.com\\\/actualites\\\/author\\\/chakib32\\\/\"}]}<\/script>\n<!-- \/ Yoast SEO plugin. -->","yoast_head_json":{"title":"Conseil de la nationa : ouverture de la session d'automne","description":"Conseil de la nationa : ouverture de la session d'automne le 2 septembre prochain","robots":{"index":"index","follow":"follow","max-snippet":"max-snippet:-1","max-image-preview":"max-image-preview:large","max-video-preview":"max-video-preview:-1"},"canonical":"https:\/\/www.info-algerie.com\/actualites\/conseil-de-la-nation-ouverture-de-la-session-dautomne-le-2-septembre-prochain\/","og_locale":"fr_FR","og_type":"article","og_title":"Conseil de la nationa : ouverture de la session d'automne","og_description":"Conseil de la nationa : ouverture de la session d'automne le 2 septembre prochain","og_url":"https:\/\/www.info-algerie.com\/actualites\/conseil-de-la-nation-ouverture-de-la-session-dautomne-le-2-septembre-prochain\/","og_site_name":"info algerie","article_publisher":"https:\/\/www.facebook.com\/infoalgerieactu","article_published_time":"2015-08-26T09:00:00+00:00","article_modified_time":"2015-08-28T11:24:55+00:00","og_image":[{"width":900,"height":508,"url":"https:\/\/www.info-algerie.com\/actualites\/wp-content\/uploads\/2015\/08\/Conseil-de-la-nation.jpg","type":"image\/jpeg"}],"author":"La r\u00e9daction","twitter_misc":{"\u00c9crit par":"La r\u00e9daction","Dur\u00e9e de lecture estim\u00e9e":"1 minute"},"schema":{"@context":"https:\/\/schema.org","@graph":[{"@type":"Article","@id":"https:\/\/www.info-algerie.com\/actualites\/conseil-de-la-nation-ouverture-de-la-session-dautomne-le-2-septembre-prochain\/#article","isPartOf":{"@id":"https:\/\/www.info-algerie.com\/actualites\/conseil-de-la-nation-ouverture-de-la-session-dautomne-le-2-septembre-prochain\/"},"author":{"name":"La r\u00e9daction","@id":"https:\/\/www.info-algerie.com\/actualites\/#\/schema\/person\/847aaec44920825b843a08f30ec6aa1e"},"headline":"Conseil de la nationa : ouverture de la session d&rsquo;automne le 2 septembre prochain","datePublished":"2015-08-26T09:00:00+00:00","dateModified":"2015-08-28T11:24:55+00:00","mainEntityOfPage":{"@id":"https:\/\/www.info-algerie.com\/actualites\/conseil-de-la-nation-ouverture-de-la-session-dautomne-le-2-septembre-prochain\/"},"wordCount":171,"commentCount":0,"publisher":{"@id":"https:\/\/www.info-algerie.com\/actualites\/#organization"},"image":{"@id":"https:\/\/www.info-algerie.com\/actualites\/conseil-de-la-nation-ouverture-de-la-session-dautomne-le-2-septembre-prochain\/#primaryimage"},"thumbnailUrl":"https:\/\/www.info-algerie.com\/actualites\/wp-content\/uploads\/2015\/08\/Conseil-de-la-nation.jpg","keywords":["conseil de la nation","s\u00e9nat"],"articleSection":["Politique"],"inLanguage":"fr-FR","potentialAction":[{"@type":"CommentAction","name":"Comment","target":["https:\/\/www.info-algerie.com\/actualites\/conseil-de-la-nation-ouverture-de-la-session-dautomne-le-2-septembre-prochain\/#respond"]}]},{"@type":"WebPage","@id":"https:\/\/www.info-algerie.com\/actualites\/conseil-de-la-nation-ouverture-de-la-session-dautomne-le-2-septembre-prochain\/","url":"https:\/\/www.info-algerie.com\/actualites\/conseil-de-la-nation-ouverture-de-la-session-dautomne-le-2-septembre-prochain\/","name":"Conseil de la nationa : ouverture de la session d'automne","isPartOf":{"@id":"https:\/\/www.info-algerie.com\/actualites\/#website"},"primaryImageOfPage":{"@id":"https:\/\/www.info-algerie.com\/actualites\/conseil-de-la-nation-ouverture-de-la-session-dautomne-le-2-septembre-prochain\/#primaryimage"},"image":{"@id":"https:\/\/www.info-algerie.com\/actualites\/conseil-de-la-nation-ouverture-de-la-session-dautomne-le-2-septembre-prochain\/#primaryimage"},"thumbnailUrl":"https:\/\/www.info-algerie.com\/actualites\/wp-content\/uploads\/2015\/08\/Conseil-de-la-nation.jpg","datePublished":"2015-08-26T09:00:00+00:00","dateModified":"2015-08-28T11:24:55+00:00","description":"Conseil de la nationa : ouverture de la session d'automne le 2 septembre prochain","breadcrumb":{"@id":"https:\/\/www.info-algerie.com\/actualites\/conseil-de-la-nation-ouverture-de-la-session-dautomne-le-2-septembre-prochain\/#breadcrumb"},"inLanguage":"fr-FR","potentialAction":[{"@type":"ReadAction","target":["https:\/\/www.info-algerie.com\/actualites\/conseil-de-la-nation-ouverture-de-la-session-dautomne-le-2-septembre-prochain\/"]}]},{"@type":"ImageObject","inLanguage":"fr-FR","@id":"https:\/\/www.info-algerie.com\/actualites\/conseil-de-la-nation-ouverture-de-la-session-dautomne-le-2-septembre-prochain\/#primaryimage","url":"https:\/\/www.info-algerie.com\/actualites\/wp-content\/uploads\/2015\/08\/Conseil-de-la-nation.jpg","contentUrl":"https:\/\/www.info-algerie.com\/actualites\/wp-content\/uploads\/2015\/08\/Conseil-de-la-nation.jpg","width":900,"height":508,"caption":"Conseil de la nation"},{"@type":"BreadcrumbList","@id":"https:\/\/www.info-algerie.com\/actualites\/conseil-de-la-nation-ouverture-de-la-session-dautomne-le-2-septembre-prochain\/#breadcrumb","itemListElement":[{"@type":"ListItem","position":1,"name":"Accueil","item":"https:\/\/www.info-algerie.com\/actualites\/"},{"@type":"ListItem","position":2,"name":"Conseil de la nationa : ouverture de la session d&rsquo;automne le 2 septembre prochain"}]},{"@type":"WebSite","@id":"https:\/\/www.info-algerie.com\/actualites\/#website","url":"https:\/\/www.info-algerie.com\/actualites\/","name":"info algerie","description":"Toutes les actualit\u00e9s","publisher":{"@id":"https:\/\/www.info-algerie.com\/actualites\/#organization"},"potentialAction":[{"@type":"SearchAction","target":{"@type":"EntryPoint","urlTemplate":"https:\/\/www.info-algerie.com\/actualites\/?s={search_term_string}"},"query-input":{"@type":"PropertyValueSpecification","valueRequired":true,"valueName":"search_term_string"}}],"inLanguage":"fr-FR"},{"@type":"Organization","@id":"https:\/\/www.info-algerie.com\/actualites\/#organization","name":"info algerie","url":"https:\/\/www.info-algerie.com\/actualites\/","logo":{"@type":"ImageObject","inLanguage":"fr-FR","@id":"https:\/\/www.info-algerie.com\/actualites\/#\/schema\/logo\/image\/","url":"https:\/\/www.info-algerie.com\/actualites\/wp-content\/uploads\/2022\/07\/logo-ia-120.png","contentUrl":"https:\/\/www.info-algerie.com\/actualites\/wp-content\/uploads\/2022\/07\/logo-ia-120.png","width":120,"height":43,"caption":"info algerie"},"image":{"@id":"https:\/\/www.info-algerie.com\/actualites\/#\/schema\/logo\/image\/"},"sameAs":["https:\/\/www.facebook.com\/infoalgerieactu","https:\/\/x.com\/infoalgerie1"]},{"@type":"Person","@id":"https:\/\/www.info-algerie.com\/actualites\/#\/schema\/person\/847aaec44920825b843a08f30ec6aa1e","name":"La r\u00e9daction","image":{"@type":"ImageObject","inLanguage":"fr-FR","@id":"https:\/\/secure.gravatar.com\/avatar\/769db425c6f465158149f1ffd6cf61ce7a8a879d11dfbef8288af36dfddd418c?s=96&d=mm&r=g","url":"https:\/\/secure.gravatar.com\/avatar\/769db425c6f465158149f1ffd6cf61ce7a8a879d11dfbef8288af36dfddd418c?s=96&d=mm&r=g","contentUrl":"https:\/\/secure.gravatar.com\/avatar\/769db425c6f465158149f1ffd6cf61ce7a8a879d11dfbef8288af36dfddd418c?s=96&d=mm&r=g","caption":"La r\u00e9daction"},"sameAs":["http:\/\/www.lkeria.com\/"],"url":"https:\/\/www.info-algerie.com\/actualites\/author\/chakib32\/"}]}},"_links":{"self":[{"href":"https:\/\/www.info-algerie.com\/actualites\/wp-json\/wp\/v2\/posts\/260","targetHints":{"allow":["GET"]}}],"collection":[{"href":"https:\/\/www.info-algerie.com\/actualites\/wp-json\/wp\/v2\/posts"}],"about":[{"href":"https:\/\/www.info-algerie.com\/actualites\/wp-json\/wp\/v2\/types\/post"}],"author":[{"embeddable":true,"href":"https:\/\/www.info-algerie.com\/actualites\/wp-json\/wp\/v2\/users\/6"}],"replies":[{"embeddable":true,"href":"https:\/\/www.info-algerie.com\/actualites\/wp-json\/wp\/v2\/comments?post=260"}],"version-history":[{"count":2,"href":"https:\/\/www.info-algerie.com\/actualites\/wp-json\/wp\/v2\/posts\/260\/revisions"}],"predecessor-version":[{"id":372,"href":"https:\/\/www.info-algerie.com\/actualites\/wp-json\/wp\/v2\/posts\/260\/revisions\/372"}],"wp:featuredmedia":[{"embeddable":true,"href":"https:\/\/www.info-algerie.com\/actualites\/wp-json\/wp\/v2\/media\/371"}],"wp:attachment":[{"href":"https:\/\/www.info-algerie.com\/actualites\/wp-json\/wp\/v2\/media?parent=260"}],"wp:term":[{"taxonomy":"category","embeddable":true,"href":"https:\/\/www.info-algerie.com\/actualites\/wp-json\/wp\/v2\/categories?post=260"},{"taxonomy":"post_tag","embeddable":true,"href":"https:\/\/www.info-algerie.com\/actualites\/wp-json\/wp\/v2\/tags?post=260"}],"curies":[{"name":"wp","href":"https:\/\/api.w.org\/{rel}","templated":true}]}}