{"id":261,"date":"2015-08-26T10:00:00","date_gmt":"2015-08-26T09:00:00","guid":{"rendered":"http:\/\/www.info-algerie.com\/actualites\/seminaire-sur-lenfant-createur\/"},"modified":"2015-08-28T12:32:47","modified_gmt":"2015-08-28T11:32:47","slug":"seminaire-sur-lenfant-createur","status":"publish","type":"post","link":"https:\/\/www.info-algerie.com\/actualites\/seminaire-sur-lenfant-createur\/","title":{"rendered":"S\u00e9minaire sur l\u2019enfant cr\u00e9ateur \u00e0 Souk Ahras"},"content":{"rendered":"<p style=\"text-align: justify;\"><a href=\"https:\/\/www.info-algerie.com\/actualites\/wp-content\/uploads\/2015\/08\/S\u00e9minaire-sur-l\u2019enfant-cr\u00e9ateur.jpg\"><img loading=\"lazy\" decoding=\"async\" class=\" wp-image-373 alignleft\" src=\"https:\/\/www.info-algerie.com\/actualites\/wp-content\/uploads\/2015\/08\/S\u00e9minaire-sur-l\u2019enfant-cr\u00e9ateur-300x225.jpg\" alt=\"S\u00e9minaire sur l\u2019enfant cr\u00e9ateur\" width=\"175\" height=\"131\" srcset=\"https:\/\/www.info-algerie.com\/actualites\/wp-content\/uploads\/2015\/08\/S\u00e9minaire-sur-l\u2019enfant-cr\u00e9ateur-300x225.jpg 300w, https:\/\/www.info-algerie.com\/actualites\/wp-content\/uploads\/2015\/08\/S\u00e9minaire-sur-l\u2019enfant-cr\u00e9ateur-1024x768.jpg 1024w, https:\/\/www.info-algerie.com\/actualites\/wp-content\/uploads\/2015\/08\/S\u00e9minaire-sur-l\u2019enfant-cr\u00e9ateur-90x68.jpg 90w, https:\/\/www.info-algerie.com\/actualites\/wp-content\/uploads\/2015\/08\/S\u00e9minaire-sur-l\u2019enfant-cr\u00e9ateur.jpg 1600w\" sizes=\"auto, (max-width: 175px) 100vw, 175px\" \/><\/a>La biblioth\u00e8que communale, l&rsquo;Odej, la section locale des \u00e9crivains alg\u00e9riens ainsi que la section Noun organisent du 25 au 27 du mois courant, \u00e0 la salle Tahti-Miloud de Souk Ahras, la 4e \u00e9dition du s\u00e9minaire sur l&rsquo;enfant cr\u00e9ateur.<\/p>\n<p style=\"text-align: justify;\">Forts du succ\u00e8s et de l&rsquo;exp\u00e9rience des pr\u00e9c\u00e9dentes \u00e9ditions, les organisateurs ont choisi cette ann\u00e9e pour th\u00e8me \u201cL&rsquo;enfant entre patrimoine et vision du futur\u201d, s&rsquo;appuyant sur la devise de la wilaya, berceau de l&rsquo;art et de la pens\u00e9e en r\u00e9f\u00e9rence \u00e0 Apul\u00e9e de Madaure et saint Augustin.<\/p>\n<p style=\"text-align: justify;\">Voulant donner une dimension maghr\u00e9bine \u00e0 leur manifestation culturelle, les organisateurs ont invit\u00e9 la directrice de la maison de culture de Tazourka (Nabeul, Tunisie) qui poss\u00e8de une longue et riche exp\u00e9rience dans l&rsquo;encadrement des enfants.<\/p>\n<p style=\"text-align: justify;\">D&rsquo;ailleurs, un groupe d&rsquo;enfants sera du voyage pour pr\u00e9senter leurs travaux, notamment une pi\u00e8ce th\u00e9\u00e2trale. Plusieurs universitaires et hommes de lettres se succ\u00e9deront sur le pupitre pour parler d&rsquo;enfants.<\/p>\n<p style=\"text-align: justify;\">Une place de choix est r\u00e9serv\u00e9e \u00e0 l&rsquo;enfant puisqu&rsquo;il s&rsquo;agit, pour lui, de mettre en valeur ses talents dans le domaine cr\u00e9atif. C&rsquo;est de l&rsquo;\u00e9crit de l&rsquo;enfant et non des \u00e9crits sur les enfants que tout se fera.<\/p>\n<p style=\"text-align: justify;\">En marge de cette manifestation culturelle, il est pr\u00e9vu un concours dans les domaines de la nouvelle, la musique et la po\u00e9sie. Des sorties sont \u00e9galement pr\u00e9vues pour la d\u00e9couverte de la richesse touristique de la r\u00e9gion qui ne sont plus \u00e0 d\u00e9montrer.<\/p>\n<p>Source: <a href=\"http:\/\/www.liberte-algerie.com\/est\/seminaire-sur-lenfant-createur-231694\" target=\"_blank\">S\u00e9minaire sur l\u2019enfant cr\u00e9ateur<\/a><\/p>\n<!--CusAds0-->\n<div style=\"font-size: 0px; height: 0px; line-height: 0px; margin: 0; padding: 0; clear: both;\"><\/div>","protected":false},"excerpt":{"rendered":"<p>La biblioth\u00e8que communale, l&rsquo;Odej, la section locale des \u00e9crivains alg\u00e9riens ainsi que la section Noun organisent du 25 au 27 du mois courant, \u00e0 la salle Tahti-Miloud de Souk Ahras, la 4e \u00e9dition du s\u00e9minaire sur l&rsquo;enfant cr\u00e9ateur. Forts du succ\u00e8s et de l&rsquo;exp\u00e9rience des pr\u00e9c\u00e9dentes \u00e9ditions, les organisateurs ont choisi cette ann\u00e9e pour th\u00e8me<\/p>\n","protected":false},"author":6,"featured_media":373,"comment_status":"open","ping_status":"open","sticky":false,"template":"","format":"standard","meta":{"footnotes":""},"categories":[9],"tags":[66,65],"class_list":["post-261","post","type-post","status-publish","format-standard","has-post-thumbnail","hentry","category-culture-sante","tag-creation","tag-enfant"],"yoast_head":"<!-- This site is optimized with the Yoast SEO plugin v27.5 - https:\/\/yoast.com\/product\/yoast-seo-wordpress\/ -->\n<title>S\u00e9minaire sur l\u2019enfant cr\u00e9ateur \u00e0 Souk Ahras<\/title>\n<meta name=\"description\" content=\"S\u00e9minaire sur l\u2019enfant cr\u00e9ateur \u00e0 Souk Ahras\" \/>\n<meta name=\"robots\" content=\"index, follow, max-snippet:-1, max-image-preview:large, max-video-preview:-1\" \/>\n<link rel=\"canonical\" href=\"https:\/\/www.info-algerie.com\/actualites\/seminaire-sur-lenfant-createur\/\" \/>\n<meta property=\"og:locale\" content=\"fr_FR\" \/>\n<meta property=\"og:type\" content=\"article\" \/>\n<meta property=\"og:title\" content=\"S\u00e9minaire sur l\u2019enfant cr\u00e9ateur \u00e0 Souk Ahras\" \/>\n<meta property=\"og:description\" content=\"S\u00e9minaire sur l\u2019enfant cr\u00e9ateur \u00e0 Souk Ahras\" \/>\n<meta property=\"og:url\" content=\"https:\/\/www.info-algerie.com\/actualites\/seminaire-sur-lenfant-createur\/\" \/>\n<meta property=\"og:site_name\" content=\"info algerie\" \/>\n<meta property=\"article:publisher\" content=\"https:\/\/www.facebook.com\/infoalgerieactu\" \/>\n<meta property=\"article:published_time\" content=\"2015-08-26T09:00:00+00:00\" \/>\n<meta property=\"article:modified_time\" content=\"2015-08-28T11:32:47+00:00\" \/>\n<meta property=\"og:image\" content=\"https:\/\/www.info-algerie.com\/actualites\/wp-content\/uploads\/2015\/08\/S\u00e9minaire-sur-l\u2019enfant-cr\u00e9ateur.jpg\" \/>\n\t<meta property=\"og:image:width\" content=\"1600\" \/>\n\t<meta property=\"og:image:height\" content=\"1200\" \/>\n\t<meta property=\"og:image:type\" content=\"image\/jpeg\" \/>\n<meta name=\"author\" content=\"La r\u00e9daction\" \/>\n<meta name=\"twitter:label1\" content=\"\u00c9crit par\" \/>\n\t<meta name=\"twitter:data1\" content=\"La r\u00e9daction\" \/>\n\t<meta name=\"twitter:label2\" content=\"Dur\u00e9e de lecture estim\u00e9e\" \/>\n\t<meta name=\"twitter:data2\" content=\"1 minute\" \/>\n<script type=\"application\/ld+json\" class=\"yoast-schema-graph\">{\"@context\":\"https:\\\/\\\/schema.org\",\"@graph\":[{\"@type\":\"Article\",\"@id\":\"https:\\\/\\\/www.info-algerie.com\\\/actualites\\\/seminaire-sur-lenfant-createur\\\/#article\",\"isPartOf\":{\"@id\":\"https:\\\/\\\/www.info-algerie.com\\\/actualites\\\/seminaire-sur-lenfant-createur\\\/\"},\"author\":{\"name\":\"La r\u00e9daction\",\"@id\":\"https:\\\/\\\/www.info-algerie.com\\\/actualites\\\/#\\\/schema\\\/person\\\/847aaec44920825b843a08f30ec6aa1e\"},\"headline\":\"S\u00e9minaire sur l\u2019enfant cr\u00e9ateur \u00e0 Souk Ahras\",\"datePublished\":\"2015-08-26T09:00:00+00:00\",\"dateModified\":\"2015-08-28T11:32:47+00:00\",\"mainEntityOfPage\":{\"@id\":\"https:\\\/\\\/www.info-algerie.com\\\/actualites\\\/seminaire-sur-lenfant-createur\\\/\"},\"wordCount\":286,\"commentCount\":0,\"publisher\":{\"@id\":\"https:\\\/\\\/www.info-algerie.com\\\/actualites\\\/#organization\"},\"image\":{\"@id\":\"https:\\\/\\\/www.info-algerie.com\\\/actualites\\\/seminaire-sur-lenfant-createur\\\/#primaryimage\"},\"thumbnailUrl\":\"https:\\\/\\\/www.info-algerie.com\\\/actualites\\\/wp-content\\\/uploads\\\/2015\\\/08\\\/S\u00e9minaire-sur-l\u2019enfant-cr\u00e9ateur.jpg\",\"keywords\":[\"cr\u00e9ation\",\"enfant\"],\"articleSection\":[\"culture sant\u00e9\"],\"inLanguage\":\"fr-FR\",\"potentialAction\":[{\"@type\":\"CommentAction\",\"name\":\"Comment\",\"target\":[\"https:\\\/\\\/www.info-algerie.com\\\/actualites\\\/seminaire-sur-lenfant-createur\\\/#respond\"]}]},{\"@type\":\"WebPage\",\"@id\":\"https:\\\/\\\/www.info-algerie.com\\\/actualites\\\/seminaire-sur-lenfant-createur\\\/\",\"url\":\"https:\\\/\\\/www.info-algerie.com\\\/actualites\\\/seminaire-sur-lenfant-createur\\\/\",\"name\":\"S\u00e9minaire sur l\u2019enfant cr\u00e9ateur \u00e0 Souk Ahras\",\"isPartOf\":{\"@id\":\"https:\\\/\\\/www.info-algerie.com\\\/actualites\\\/#website\"},\"primaryImageOfPage\":{\"@id\":\"https:\\\/\\\/www.info-algerie.com\\\/actualites\\\/seminaire-sur-lenfant-createur\\\/#primaryimage\"},\"image\":{\"@id\":\"https:\\\/\\\/www.info-algerie.com\\\/actualites\\\/seminaire-sur-lenfant-createur\\\/#primaryimage\"},\"thumbnailUrl\":\"https:\\\/\\\/www.info-algerie.com\\\/actualites\\\/wp-content\\\/uploads\\\/2015\\\/08\\\/S\u00e9minaire-sur-l\u2019enfant-cr\u00e9ateur.jpg\",\"datePublished\":\"2015-08-26T09:00:00+00:00\",\"dateModified\":\"2015-08-28T11:32:47+00:00\",\"description\":\"S\u00e9minaire sur l\u2019enfant cr\u00e9ateur \u00e0 Souk Ahras\",\"breadcrumb\":{\"@id\":\"https:\\\/\\\/www.info-algerie.com\\\/actualites\\\/seminaire-sur-lenfant-createur\\\/#breadcrumb\"},\"inLanguage\":\"fr-FR\",\"potentialAction\":[{\"@type\":\"ReadAction\",\"target\":[\"https:\\\/\\\/www.info-algerie.com\\\/actualites\\\/seminaire-sur-lenfant-createur\\\/\"]}]},{\"@type\":\"ImageObject\",\"inLanguage\":\"fr-FR\",\"@id\":\"https:\\\/\\\/www.info-algerie.com\\\/actualites\\\/seminaire-sur-lenfant-createur\\\/#primaryimage\",\"url\":\"https:\\\/\\\/www.info-algerie.com\\\/actualites\\\/wp-content\\\/uploads\\\/2015\\\/08\\\/S\u00e9minaire-sur-l\u2019enfant-cr\u00e9ateur.jpg\",\"contentUrl\":\"https:\\\/\\\/www.info-algerie.com\\\/actualites\\\/wp-content\\\/uploads\\\/2015\\\/08\\\/S\u00e9minaire-sur-l\u2019enfant-cr\u00e9ateur.jpg\",\"width\":1600,\"height\":1200,\"caption\":\"S\u00e9minaire sur l\u2019enfant cr\u00e9ateur\"},{\"@type\":\"BreadcrumbList\",\"@id\":\"https:\\\/\\\/www.info-algerie.com\\\/actualites\\\/seminaire-sur-lenfant-createur\\\/#breadcrumb\",\"itemListElement\":[{\"@type\":\"ListItem\",\"position\":1,\"name\":\"Accueil\",\"item\":\"https:\\\/\\\/www.info-algerie.com\\\/actualites\\\/\"},{\"@type\":\"ListItem\",\"position\":2,\"name\":\"S\u00e9minaire sur l\u2019enfant cr\u00e9ateur \u00e0 Souk Ahras\"}]},{\"@type\":\"WebSite\",\"@id\":\"https:\\\/\\\/www.info-algerie.com\\\/actualites\\\/#website\",\"url\":\"https:\\\/\\\/www.info-algerie.com\\\/actualites\\\/\",\"name\":\"info algerie\",\"description\":\"Toutes les actualit\u00e9s\",\"publisher\":{\"@id\":\"https:\\\/\\\/www.info-algerie.com\\\/actualites\\\/#organization\"},\"potentialAction\":[{\"@type\":\"SearchAction\",\"target\":{\"@type\":\"EntryPoint\",\"urlTemplate\":\"https:\\\/\\\/www.info-algerie.com\\\/actualites\\\/?s={search_term_string}\"},\"query-input\":{\"@type\":\"PropertyValueSpecification\",\"valueRequired\":true,\"valueName\":\"search_term_string\"}}],\"inLanguage\":\"fr-FR\"},{\"@type\":\"Organization\",\"@id\":\"https:\\\/\\\/www.info-algerie.com\\\/actualites\\\/#organization\",\"name\":\"info algerie\",\"url\":\"https:\\\/\\\/www.info-algerie.com\\\/actualites\\\/\",\"logo\":{\"@type\":\"ImageObject\",\"inLanguage\":\"fr-FR\",\"@id\":\"https:\\\/\\\/www.info-algerie.com\\\/actualites\\\/#\\\/schema\\\/logo\\\/image\\\/\",\"url\":\"https:\\\/\\\/www.info-algerie.com\\\/actualites\\\/wp-content\\\/uploads\\\/2022\\\/07\\\/logo-ia-120.png\",\"contentUrl\":\"https:\\\/\\\/www.info-algerie.com\\\/actualites\\\/wp-content\\\/uploads\\\/2022\\\/07\\\/logo-ia-120.png\",\"width\":120,\"height\":43,\"caption\":\"info algerie\"},\"image\":{\"@id\":\"https:\\\/\\\/www.info-algerie.com\\\/actualites\\\/#\\\/schema\\\/logo\\\/image\\\/\"},\"sameAs\":[\"https:\\\/\\\/www.facebook.com\\\/infoalgerieactu\",\"https:\\\/\\\/x.com\\\/infoalgerie1\"]},{\"@type\":\"Person\",\"@id\":\"https:\\\/\\\/www.info-algerie.com\\\/actualites\\\/#\\\/schema\\\/person\\\/847aaec44920825b843a08f30ec6aa1e\",\"name\":\"La r\u00e9daction\",\"image\":{\"@type\":\"ImageObject\",\"inLanguage\":\"fr-FR\",\"@id\":\"https:\\\/\\\/secure.gravatar.com\\\/avatar\\\/769db425c6f465158149f1ffd6cf61ce7a8a879d11dfbef8288af36dfddd418c?s=96&d=mm&r=g\",\"url\":\"https:\\\/\\\/secure.gravatar.com\\\/avatar\\\/769db425c6f465158149f1ffd6cf61ce7a8a879d11dfbef8288af36dfddd418c?s=96&d=mm&r=g\",\"contentUrl\":\"https:\\\/\\\/secure.gravatar.com\\\/avatar\\\/769db425c6f465158149f1ffd6cf61ce7a8a879d11dfbef8288af36dfddd418c?s=96&d=mm&r=g\",\"caption\":\"La r\u00e9daction\"},\"sameAs\":[\"http:\\\/\\\/www.lkeria.com\\\/\"],\"url\":\"https:\\\/\\\/www.info-algerie.com\\\/actualites\\\/author\\\/chakib32\\\/\"}]}<\/script>\n<!-- \/ Yoast SEO plugin. -->","yoast_head_json":{"title":"S\u00e9minaire sur l\u2019enfant cr\u00e9ateur \u00e0 Souk Ahras","description":"S\u00e9minaire sur l\u2019enfant cr\u00e9ateur \u00e0 Souk Ahras","robots":{"index":"index","follow":"follow","max-snippet":"max-snippet:-1","max-image-preview":"max-image-preview:large","max-video-preview":"max-video-preview:-1"},"canonical":"https:\/\/www.info-algerie.com\/actualites\/seminaire-sur-lenfant-createur\/","og_locale":"fr_FR","og_type":"article","og_title":"S\u00e9minaire sur l\u2019enfant cr\u00e9ateur \u00e0 Souk Ahras","og_description":"S\u00e9minaire sur l\u2019enfant cr\u00e9ateur \u00e0 Souk Ahras","og_url":"https:\/\/www.info-algerie.com\/actualites\/seminaire-sur-lenfant-createur\/","og_site_name":"info algerie","article_publisher":"https:\/\/www.facebook.com\/infoalgerieactu","article_published_time":"2015-08-26T09:00:00+00:00","article_modified_time":"2015-08-28T11:32:47+00:00","og_image":[{"width":1600,"height":1200,"url":"https:\/\/www.info-algerie.com\/actualites\/wp-content\/uploads\/2015\/08\/S\u00e9minaire-sur-l\u2019enfant-cr\u00e9ateur.jpg","type":"image\/jpeg"}],"author":"La r\u00e9daction","twitter_misc":{"\u00c9crit par":"La r\u00e9daction","Dur\u00e9e de lecture estim\u00e9e":"1 minute"},"schema":{"@context":"https:\/\/schema.org","@graph":[{"@type":"Article","@id":"https:\/\/www.info-algerie.com\/actualites\/seminaire-sur-lenfant-createur\/#article","isPartOf":{"@id":"https:\/\/www.info-algerie.com\/actualites\/seminaire-sur-lenfant-createur\/"},"author":{"name":"La r\u00e9daction","@id":"https:\/\/www.info-algerie.com\/actualites\/#\/schema\/person\/847aaec44920825b843a08f30ec6aa1e"},"headline":"S\u00e9minaire sur l\u2019enfant cr\u00e9ateur \u00e0 Souk Ahras","datePublished":"2015-08-26T09:00:00+00:00","dateModified":"2015-08-28T11:32:47+00:00","mainEntityOfPage":{"@id":"https:\/\/www.info-algerie.com\/actualites\/seminaire-sur-lenfant-createur\/"},"wordCount":286,"commentCount":0,"publisher":{"@id":"https:\/\/www.info-algerie.com\/actualites\/#organization"},"image":{"@id":"https:\/\/www.info-algerie.com\/actualites\/seminaire-sur-lenfant-createur\/#primaryimage"},"thumbnailUrl":"https:\/\/www.info-algerie.com\/actualites\/wp-content\/uploads\/2015\/08\/S\u00e9minaire-sur-l\u2019enfant-cr\u00e9ateur.jpg","keywords":["cr\u00e9ation","enfant"],"articleSection":["culture sant\u00e9"],"inLanguage":"fr-FR","potentialAction":[{"@type":"CommentAction","name":"Comment","target":["https:\/\/www.info-algerie.com\/actualites\/seminaire-sur-lenfant-createur\/#respond"]}]},{"@type":"WebPage","@id":"https:\/\/www.info-algerie.com\/actualites\/seminaire-sur-lenfant-createur\/","url":"https:\/\/www.info-algerie.com\/actualites\/seminaire-sur-lenfant-createur\/","name":"S\u00e9minaire sur l\u2019enfant cr\u00e9ateur \u00e0 Souk Ahras","isPartOf":{"@id":"https:\/\/www.info-algerie.com\/actualites\/#website"},"primaryImageOfPage":{"@id":"https:\/\/www.info-algerie.com\/actualites\/seminaire-sur-lenfant-createur\/#primaryimage"},"image":{"@id":"https:\/\/www.info-algerie.com\/actualites\/seminaire-sur-lenfant-createur\/#primaryimage"},"thumbnailUrl":"https:\/\/www.info-algerie.com\/actualites\/wp-content\/uploads\/2015\/08\/S\u00e9minaire-sur-l\u2019enfant-cr\u00e9ateur.jpg","datePublished":"2015-08-26T09:00:00+00:00","dateModified":"2015-08-28T11:32:47+00:00","description":"S\u00e9minaire sur l\u2019enfant cr\u00e9ateur \u00e0 Souk Ahras","breadcrumb":{"@id":"https:\/\/www.info-algerie.com\/actualites\/seminaire-sur-lenfant-createur\/#breadcrumb"},"inLanguage":"fr-FR","potentialAction":[{"@type":"ReadAction","target":["https:\/\/www.info-algerie.com\/actualites\/seminaire-sur-lenfant-createur\/"]}]},{"@type":"ImageObject","inLanguage":"fr-FR","@id":"https:\/\/www.info-algerie.com\/actualites\/seminaire-sur-lenfant-createur\/#primaryimage","url":"https:\/\/www.info-algerie.com\/actualites\/wp-content\/uploads\/2015\/08\/S\u00e9minaire-sur-l\u2019enfant-cr\u00e9ateur.jpg","contentUrl":"https:\/\/www.info-algerie.com\/actualites\/wp-content\/uploads\/2015\/08\/S\u00e9minaire-sur-l\u2019enfant-cr\u00e9ateur.jpg","width":1600,"height":1200,"caption":"S\u00e9minaire sur l\u2019enfant cr\u00e9ateur"},{"@type":"BreadcrumbList","@id":"https:\/\/www.info-algerie.com\/actualites\/seminaire-sur-lenfant-createur\/#breadcrumb","itemListElement":[{"@type":"ListItem","position":1,"name":"Accueil","item":"https:\/\/www.info-algerie.com\/actualites\/"},{"@type":"ListItem","position":2,"name":"S\u00e9minaire sur l\u2019enfant cr\u00e9ateur \u00e0 Souk Ahras"}]},{"@type":"WebSite","@id":"https:\/\/www.info-algerie.com\/actualites\/#website","url":"https:\/\/www.info-algerie.com\/actualites\/","name":"info algerie","description":"Toutes les actualit\u00e9s","publisher":{"@id":"https:\/\/www.info-algerie.com\/actualites\/#organization"},"potentialAction":[{"@type":"SearchAction","target":{"@type":"EntryPoint","urlTemplate":"https:\/\/www.info-algerie.com\/actualites\/?s={search_term_string}"},"query-input":{"@type":"PropertyValueSpecification","valueRequired":true,"valueName":"search_term_string"}}],"inLanguage":"fr-FR"},{"@type":"Organization","@id":"https:\/\/www.info-algerie.com\/actualites\/#organization","name":"info algerie","url":"https:\/\/www.info-algerie.com\/actualites\/","logo":{"@type":"ImageObject","inLanguage":"fr-FR","@id":"https:\/\/www.info-algerie.com\/actualites\/#\/schema\/logo\/image\/","url":"https:\/\/www.info-algerie.com\/actualites\/wp-content\/uploads\/2022\/07\/logo-ia-120.png","contentUrl":"https:\/\/www.info-algerie.com\/actualites\/wp-content\/uploads\/2022\/07\/logo-ia-120.png","width":120,"height":43,"caption":"info algerie"},"image":{"@id":"https:\/\/www.info-algerie.com\/actualites\/#\/schema\/logo\/image\/"},"sameAs":["https:\/\/www.facebook.com\/infoalgerieactu","https:\/\/x.com\/infoalgerie1"]},{"@type":"Person","@id":"https:\/\/www.info-algerie.com\/actualites\/#\/schema\/person\/847aaec44920825b843a08f30ec6aa1e","name":"La r\u00e9daction","image":{"@type":"ImageObject","inLanguage":"fr-FR","@id":"https:\/\/secure.gravatar.com\/avatar\/769db425c6f465158149f1ffd6cf61ce7a8a879d11dfbef8288af36dfddd418c?s=96&d=mm&r=g","url":"https:\/\/secure.gravatar.com\/avatar\/769db425c6f465158149f1ffd6cf61ce7a8a879d11dfbef8288af36dfddd418c?s=96&d=mm&r=g","contentUrl":"https:\/\/secure.gravatar.com\/avatar\/769db425c6f465158149f1ffd6cf61ce7a8a879d11dfbef8288af36dfddd418c?s=96&d=mm&r=g","caption":"La r\u00e9daction"},"sameAs":["http:\/\/www.lkeria.com\/"],"url":"https:\/\/www.info-algerie.com\/actualites\/author\/chakib32\/"}]}},"_links":{"self":[{"href":"https:\/\/www.info-algerie.com\/actualites\/wp-json\/wp\/v2\/posts\/261","targetHints":{"allow":["GET"]}}],"collection":[{"href":"https:\/\/www.info-algerie.com\/actualites\/wp-json\/wp\/v2\/posts"}],"about":[{"href":"https:\/\/www.info-algerie.com\/actualites\/wp-json\/wp\/v2\/types\/post"}],"author":[{"embeddable":true,"href":"https:\/\/www.info-algerie.com\/actualites\/wp-json\/wp\/v2\/users\/6"}],"replies":[{"embeddable":true,"href":"https:\/\/www.info-algerie.com\/actualites\/wp-json\/wp\/v2\/comments?post=261"}],"version-history":[{"count":2,"href":"https:\/\/www.info-algerie.com\/actualites\/wp-json\/wp\/v2\/posts\/261\/revisions"}],"predecessor-version":[{"id":374,"href":"https:\/\/www.info-algerie.com\/actualites\/wp-json\/wp\/v2\/posts\/261\/revisions\/374"}],"wp:featuredmedia":[{"embeddable":true,"href":"https:\/\/www.info-algerie.com\/actualites\/wp-json\/wp\/v2\/media\/373"}],"wp:attachment":[{"href":"https:\/\/www.info-algerie.com\/actualites\/wp-json\/wp\/v2\/media?parent=261"}],"wp:term":[{"taxonomy":"category","embeddable":true,"href":"https:\/\/www.info-algerie.com\/actualites\/wp-json\/wp\/v2\/categories?post=261"},{"taxonomy":"post_tag","embeddable":true,"href":"https:\/\/www.info-algerie.com\/actualites\/wp-json\/wp\/v2\/tags?post=261"}],"curies":[{"name":"wp","href":"https:\/\/api.w.org\/{rel}","templated":true}]}}