{"id":26665,"date":"2018-08-29T19:08:52","date_gmt":"2018-08-29T18:08:52","guid":{"rendered":"https:\/\/www.info-algerie.com\/actualites\/gaid-salah-exhorte-le-personnel-de-la-4e-region-militaire-a-redoubler-de-vigilance\/"},"modified":"2018-08-29T19:08:52","modified_gmt":"2018-08-29T18:08:52","slug":"gaid-salah-exhorte-le-personnel-de-la-4e-region-militaire-a-redoubler-de-vigilance","status":"publish","type":"post","link":"https:\/\/www.info-algerie.com\/actualites\/gaid-salah-exhorte-le-personnel-de-la-4e-region-militaire-a-redoubler-de-vigilance\/","title":{"rendered":"Ga\u00efd Salah exhorte le personnel de la 4\u00e8 R\u00e9gion militaire \u00e0 &quot;redoubler de vigilance&quot;"},"content":{"rendered":"<div class=\"K2FeedImage\"><img decoding=\"async\" src=\"https:\/\/www.info-algerie.com\/actualites\/wp-content\/uploads\/2018\/08\/327a43c99f93d286deb409de4e61f8bb_S.jpg\" \/><\/div>\n<div class=\"K2FeedIntroText\">\n<p><strong>ALGER &#8211; Le G\u00e9n\u00e9ral de Corps d&rsquo;Arm\u00e9e, Ahmed Ga\u00efd Salah, vice-ministre de la D\u00e9fense nationale, chef d&rsquo;Etat-major de l\u2019Arm\u00e9e nationale populaire, a exhort\u00e9 mercredi \u00e0 Ouargla les personnels de la 4\u00e8me R\u00e9gion militaire \u00e0 \u00ab\u00a0redoubler de vigilance et cerner les v\u00e9ritables param\u00e8tres de r\u00e9ussite de la mission qui leur est confi\u00e9e\u00a0\u00bb, indique un communiqu\u00e9 du minist\u00e8re de la D\u00e9fense nationale (MDN)<\/strong><\/p>\n<p>&#013;\n<\/p><\/div>\n<div class=\"K2FeedFullText\">&#013;<\/p>\n<p>Au premier jour de sa visite et apr\u00e8s la c\u00e9r\u00e9monie d\u2019accueil, le G\u00e9n\u00e9ral de Corps d&rsquo;Arm\u00e9e a tenu une rencontre avec le commandement et les cadres de la 4e R\u00e9gion militaire, o\u00f9 il a rappel\u00e9 \u00ab\u00a0les missions principales confi\u00e9es \u00e0 cette R\u00e9gion, conform\u00e9ment \u00e0 l\u2019importance strat\u00e9gique que rev\u00eat son territoire de comp\u00e9tence avec toutes ses sp\u00e9cificit\u00e9s g\u00e9ographiques et frontali\u00e8res, \u00e9tant donn\u00e9 que cette R\u00e9gion constitue le front sud-est du pays\u00a0\u00bb.<\/p>\n<p>&#013;<\/p>\n<p>Cette R\u00e9gion qui a pour mission \u00ab\u00a0non seulement de d\u00e9fendre la s\u00e9curit\u00e9 et la souverainet\u00e9 de l\u2019Alg\u00e9rie dans cette zone vitale ainsi que son int\u00e9grit\u00e9 territoriale contre toute tentative hostile quelle que soit sa nature, mais \u00e9galement de veiller \u00e0 la s\u00e9curisation et la protection des infrastructures et complexes \u00e9conomiques et surtout \u00e9nerg\u00e9tiques d\u00e9ploy\u00e9s \u00e0 travers le territoire de la R\u00e9gion\u00a0\u00bb.<\/p>\n<p>&#013;<\/p>\n<p>A ce titre, M. Ga\u00efd Salah a exhort\u00e9 \u00ab\u00a0l\u2019ensemble des pr\u00e9sents et tous les personnels de la R\u00e9gion de devoir, \u00e0 travers cette zone op\u00e9rationnelle, redoubler leur vigilance et cerner les v\u00e9ritables param\u00e8tres de r\u00e9ussite de la mission qui leur est confi\u00e9e. Ils devraient focaliser sur l\u2019acquisition des facteurs de l\u2019aguerrissement op\u00e9rationnel et de combat \u00e0 travers l\u2019application stricte des programmes de pr\u00e9paration au combat et des consignes et recommandations adapt\u00e9es avec la nature de l\u2019ensemble des missions assign\u00e9es\u00a0\u00bb.<\/p>\n<p>&#013;<\/p>\n<p>\u00ab\u00a0La mission de maintenir une meilleure disponibilit\u00e9 op\u00e9rationnelle et au combat ne sera garantie que par la concr\u00e9tisation rigoureuse et correcte des programmes de pr\u00e9paration au combat avec tous leurs \u00e9chelons, puis par l\u2019ex\u00e9cution des exercices tactiques et illustratifs qui devraient servir d\u2019indice t\u00e9moignant l\u2019assimilation par les personnels toutes cat\u00e9gories confondues, des connaissances et des savoirs relatifs \u00e0 l\u2019art militaire qui leur sont dispens\u00e9s, et aussi leur maitrise des syst\u00e8mes d\u2019armements modernes et sophistiqu\u00e9s mis \u00e0 leur disposition\u00a0\u00bb, a-t-il soulign\u00e9.<\/p>\n<p>&#013;<\/p>\n<p>Le G\u00e9n\u00e9ral de Corps d&rsquo;Arm\u00e9e a r\u00e9it\u00e9r\u00e9 son \u00ab\u00a0intime conviction\u00a0\u00bb que les personnels de la 4e R\u00e9gion militaire charg\u00e9s d\u2019accomplir leur devoir national au niveau de cette zone frontali\u00e8re, \u00ab\u00a0seront toujours comme de coutume, \u00e0 la hauteur de cette mission qui leur est confi\u00e9e\u00a0\u00bb, les exhortant \u00ab\u00a0\u00e0 faire montre, en permanence, de d\u00e9vouement et de loyaut\u00e9, de consentir davantage d\u2019efforts, de redoubler leur vigilance et de pers\u00e9v\u00e9rer avec force pour atteindre les objectifs escompt\u00e9s, pour honorer les traditions de l\u2019ANP, digne h\u00e9riti\u00e8re de l\u2019Arm\u00e9e de lib\u00e9ration nationale (ALN)\u00a0\u00bb.<\/p>\n<p>&#013;<\/p>\n<p>Le G\u00e9n\u00e9ral de Corps d&rsquo;Arm\u00e9e pr\u00e9sidera, au nom du Pr\u00e9sident de la R\u00e9publique, Chef supr\u00eame des Forces arm\u00e9es, ministre de la D\u00e9fense nationale, la c\u00e9r\u00e9monie d\u2019installation du G\u00e9n\u00e9ral-major Hassan Alla\u00efmia dans les fonctions de Commandant de la 4e R\u00e9gion militaire \u00e0 Ouargla, en remplacement du G\u00e9n\u00e9ral-major Cherif Abderezzak mis \u00e0 la retraite, indique le communiqu\u00e9.<\/p>\n<\/div>\n<p>&#013;<br \/>\nSource: <a href=\"http:\/\/www.aps.dz\/algerie\/77947-gaid-salah-exhorte-le-personnel-de-la-4e-region-militaire-a-redoubler-de-vigilance\" target=\"_blank\">Ga\u00efd Salah exhorte le personnel de la 4\u00e8 R\u00e9gion militaire \u00e0 \u00ab\u00a0redoubler de vigilance\u00a0\u00bb<\/a><\/p>\n<!--CusAds0-->\n<div style=\"font-size: 0px; height: 0px; line-height: 0px; margin: 0; padding: 0; clear: both;\"><\/div>","protected":false},"excerpt":{"rendered":"<p>ALGER &#8211; Le G\u00e9n\u00e9ral de Corps d&rsquo;Arm\u00e9e, Ahmed Ga\u00efd Salah, vice-ministre de la D\u00e9fense nationale, chef d&rsquo;Etat-major de l\u2019Arm\u00e9e nationale populaire, a exhort\u00e9 mercredi \u00e0 Ouargla les personnels de la 4\u00e8me R\u00e9gion militaire \u00e0 \u00ab\u00a0redoubler de vigilance et cerner les v\u00e9ritables param\u00e8tres de r\u00e9ussite de la mission qui leur est confi\u00e9e\u00a0\u00bb, indique un communiqu\u00e9 du<\/p>\n","protected":false},"author":6,"featured_media":26666,"comment_status":"open","ping_status":"open","sticky":false,"template":"","format":"standard","meta":{"footnotes":""},"categories":[22],"tags":[93],"class_list":["post-26665","post","type-post","status-publish","format-standard","has-post-thumbnail","hentry","category-infos","tag-onu"],"yoast_head":"<!-- This site is optimized with the Yoast SEO plugin v27.5 - https:\/\/yoast.com\/product\/yoast-seo-wordpress\/ -->\n<title>Ga\u00efd Salah exhorte le personnel de la 4\u00e8 R\u00e9gion militaire \u00e0 &quot;redoubler de vigilance&quot; - info algerie<\/title>\n<meta name=\"robots\" content=\"index, follow, max-snippet:-1, max-image-preview:large, max-video-preview:-1\" \/>\n<link rel=\"canonical\" href=\"https:\/\/www.info-algerie.com\/actualites\/gaid-salah-exhorte-le-personnel-de-la-4e-region-militaire-a-redoubler-de-vigilance\/\" \/>\n<meta property=\"og:locale\" content=\"fr_FR\" \/>\n<meta property=\"og:type\" content=\"article\" \/>\n<meta property=\"og:title\" content=\"Ga\u00efd Salah exhorte le personnel de la 4\u00e8 R\u00e9gion militaire \u00e0 &quot;redoubler de vigilance&quot; - info algerie\" \/>\n<meta property=\"og:description\" content=\"ALGER &#8211; Le G\u00e9n\u00e9ral de Corps d&rsquo;Arm\u00e9e, Ahmed Ga\u00efd Salah, vice-ministre de la D\u00e9fense nationale, chef d&rsquo;Etat-major de l\u2019Arm\u00e9e nationale populaire, a exhort\u00e9 mercredi \u00e0 Ouargla les personnels de la 4\u00e8me R\u00e9gion militaire \u00e0 \u00ab\u00a0redoubler de vigilance et cerner les v\u00e9ritables param\u00e8tres de r\u00e9ussite de la mission qui leur est confi\u00e9e\u00a0\u00bb, indique un communiqu\u00e9 du\" \/>\n<meta property=\"og:url\" content=\"https:\/\/www.info-algerie.com\/actualites\/gaid-salah-exhorte-le-personnel-de-la-4e-region-militaire-a-redoubler-de-vigilance\/\" \/>\n<meta property=\"og:site_name\" content=\"info algerie\" \/>\n<meta property=\"article:publisher\" content=\"https:\/\/www.facebook.com\/infoalgerieactu\" \/>\n<meta property=\"article:published_time\" content=\"2018-08-29T18:08:52+00:00\" \/>\n<meta property=\"og:image\" content=\"https:\/\/www.info-algerie.com\/actualites\/wp-content\/uploads\/2018\/08\/327a43c99f93d286deb409de4e61f8bb_S-1.jpg\" \/>\n\t<meta property=\"og:image:width\" content=\"280\" \/>\n\t<meta property=\"og:image:height\" content=\"169\" \/>\n\t<meta property=\"og:image:type\" content=\"image\/jpeg\" \/>\n<meta name=\"author\" content=\"La r\u00e9daction\" \/>\n<meta name=\"twitter:label1\" content=\"\u00c9crit par\" \/>\n\t<meta name=\"twitter:data1\" content=\"La r\u00e9daction\" \/>\n\t<meta name=\"twitter:label2\" content=\"Dur\u00e9e de lecture estim\u00e9e\" \/>\n\t<meta name=\"twitter:data2\" content=\"3 minutes\" \/>\n<script type=\"application\/ld+json\" class=\"yoast-schema-graph\">{\"@context\":\"https:\\\/\\\/schema.org\",\"@graph\":[{\"@type\":\"Article\",\"@id\":\"https:\\\/\\\/www.info-algerie.com\\\/actualites\\\/gaid-salah-exhorte-le-personnel-de-la-4e-region-militaire-a-redoubler-de-vigilance\\\/#article\",\"isPartOf\":{\"@id\":\"https:\\\/\\\/www.info-algerie.com\\\/actualites\\\/gaid-salah-exhorte-le-personnel-de-la-4e-region-militaire-a-redoubler-de-vigilance\\\/\"},\"author\":{\"name\":\"La r\u00e9daction\",\"@id\":\"https:\\\/\\\/www.info-algerie.com\\\/actualites\\\/#\\\/schema\\\/person\\\/847aaec44920825b843a08f30ec6aa1e\"},\"headline\":\"Ga\u00efd Salah exhorte le personnel de la 4\u00e8 R\u00e9gion militaire \u00e0 &quot;redoubler de vigilance&quot;\",\"datePublished\":\"2018-08-29T18:08:52+00:00\",\"mainEntityOfPage\":{\"@id\":\"https:\\\/\\\/www.info-algerie.com\\\/actualites\\\/gaid-salah-exhorte-le-personnel-de-la-4e-region-militaire-a-redoubler-de-vigilance\\\/\"},\"wordCount\":631,\"commentCount\":0,\"publisher\":{\"@id\":\"https:\\\/\\\/www.info-algerie.com\\\/actualites\\\/#organization\"},\"image\":{\"@id\":\"https:\\\/\\\/www.info-algerie.com\\\/actualites\\\/gaid-salah-exhorte-le-personnel-de-la-4e-region-militaire-a-redoubler-de-vigilance\\\/#primaryimage\"},\"thumbnailUrl\":\"https:\\\/\\\/www.info-algerie.com\\\/actualites\\\/wp-content\\\/uploads\\\/2018\\\/08\\\/327a43c99f93d286deb409de4e61f8bb_S-1.jpg\",\"keywords\":[\"ONU\"],\"articleSection\":[\"infos\"],\"inLanguage\":\"fr-FR\",\"potentialAction\":[{\"@type\":\"CommentAction\",\"name\":\"Comment\",\"target\":[\"https:\\\/\\\/www.info-algerie.com\\\/actualites\\\/gaid-salah-exhorte-le-personnel-de-la-4e-region-militaire-a-redoubler-de-vigilance\\\/#respond\"]}]},{\"@type\":\"WebPage\",\"@id\":\"https:\\\/\\\/www.info-algerie.com\\\/actualites\\\/gaid-salah-exhorte-le-personnel-de-la-4e-region-militaire-a-redoubler-de-vigilance\\\/\",\"url\":\"https:\\\/\\\/www.info-algerie.com\\\/actualites\\\/gaid-salah-exhorte-le-personnel-de-la-4e-region-militaire-a-redoubler-de-vigilance\\\/\",\"name\":\"Ga\u00efd Salah exhorte le personnel de la 4\u00e8 R\u00e9gion militaire \u00e0 &quot;redoubler de vigilance&quot; - info algerie\",\"isPartOf\":{\"@id\":\"https:\\\/\\\/www.info-algerie.com\\\/actualites\\\/#website\"},\"primaryImageOfPage\":{\"@id\":\"https:\\\/\\\/www.info-algerie.com\\\/actualites\\\/gaid-salah-exhorte-le-personnel-de-la-4e-region-militaire-a-redoubler-de-vigilance\\\/#primaryimage\"},\"image\":{\"@id\":\"https:\\\/\\\/www.info-algerie.com\\\/actualites\\\/gaid-salah-exhorte-le-personnel-de-la-4e-region-militaire-a-redoubler-de-vigilance\\\/#primaryimage\"},\"thumbnailUrl\":\"https:\\\/\\\/www.info-algerie.com\\\/actualites\\\/wp-content\\\/uploads\\\/2018\\\/08\\\/327a43c99f93d286deb409de4e61f8bb_S-1.jpg\",\"datePublished\":\"2018-08-29T18:08:52+00:00\",\"breadcrumb\":{\"@id\":\"https:\\\/\\\/www.info-algerie.com\\\/actualites\\\/gaid-salah-exhorte-le-personnel-de-la-4e-region-militaire-a-redoubler-de-vigilance\\\/#breadcrumb\"},\"inLanguage\":\"fr-FR\",\"potentialAction\":[{\"@type\":\"ReadAction\",\"target\":[\"https:\\\/\\\/www.info-algerie.com\\\/actualites\\\/gaid-salah-exhorte-le-personnel-de-la-4e-region-militaire-a-redoubler-de-vigilance\\\/\"]}]},{\"@type\":\"ImageObject\",\"inLanguage\":\"fr-FR\",\"@id\":\"https:\\\/\\\/www.info-algerie.com\\\/actualites\\\/gaid-salah-exhorte-le-personnel-de-la-4e-region-militaire-a-redoubler-de-vigilance\\\/#primaryimage\",\"url\":\"https:\\\/\\\/www.info-algerie.com\\\/actualites\\\/wp-content\\\/uploads\\\/2018\\\/08\\\/327a43c99f93d286deb409de4e61f8bb_S-1.jpg\",\"contentUrl\":\"https:\\\/\\\/www.info-algerie.com\\\/actualites\\\/wp-content\\\/uploads\\\/2018\\\/08\\\/327a43c99f93d286deb409de4e61f8bb_S-1.jpg\",\"width\":280,\"height\":169},{\"@type\":\"BreadcrumbList\",\"@id\":\"https:\\\/\\\/www.info-algerie.com\\\/actualites\\\/gaid-salah-exhorte-le-personnel-de-la-4e-region-militaire-a-redoubler-de-vigilance\\\/#breadcrumb\",\"itemListElement\":[{\"@type\":\"ListItem\",\"position\":1,\"name\":\"Accueil\",\"item\":\"https:\\\/\\\/www.info-algerie.com\\\/actualites\\\/\"},{\"@type\":\"ListItem\",\"position\":2,\"name\":\"Ga\u00efd Salah exhorte le personnel de la 4\u00e8 R\u00e9gion militaire \u00e0 &quot;redoubler de vigilance&quot;\"}]},{\"@type\":\"WebSite\",\"@id\":\"https:\\\/\\\/www.info-algerie.com\\\/actualites\\\/#website\",\"url\":\"https:\\\/\\\/www.info-algerie.com\\\/actualites\\\/\",\"name\":\"info algerie\",\"description\":\"Toutes les actualit\u00e9s\",\"publisher\":{\"@id\":\"https:\\\/\\\/www.info-algerie.com\\\/actualites\\\/#organization\"},\"potentialAction\":[{\"@type\":\"SearchAction\",\"target\":{\"@type\":\"EntryPoint\",\"urlTemplate\":\"https:\\\/\\\/www.info-algerie.com\\\/actualites\\\/?s={search_term_string}\"},\"query-input\":{\"@type\":\"PropertyValueSpecification\",\"valueRequired\":true,\"valueName\":\"search_term_string\"}}],\"inLanguage\":\"fr-FR\"},{\"@type\":\"Organization\",\"@id\":\"https:\\\/\\\/www.info-algerie.com\\\/actualites\\\/#organization\",\"name\":\"info algerie\",\"url\":\"https:\\\/\\\/www.info-algerie.com\\\/actualites\\\/\",\"logo\":{\"@type\":\"ImageObject\",\"inLanguage\":\"fr-FR\",\"@id\":\"https:\\\/\\\/www.info-algerie.com\\\/actualites\\\/#\\\/schema\\\/logo\\\/image\\\/\",\"url\":\"https:\\\/\\\/www.info-algerie.com\\\/actualites\\\/wp-content\\\/uploads\\\/2022\\\/07\\\/logo-ia-120.png\",\"contentUrl\":\"https:\\\/\\\/www.info-algerie.com\\\/actualites\\\/wp-content\\\/uploads\\\/2022\\\/07\\\/logo-ia-120.png\",\"width\":120,\"height\":43,\"caption\":\"info algerie\"},\"image\":{\"@id\":\"https:\\\/\\\/www.info-algerie.com\\\/actualites\\\/#\\\/schema\\\/logo\\\/image\\\/\"},\"sameAs\":[\"https:\\\/\\\/www.facebook.com\\\/infoalgerieactu\",\"https:\\\/\\\/x.com\\\/infoalgerie1\"]},{\"@type\":\"Person\",\"@id\":\"https:\\\/\\\/www.info-algerie.com\\\/actualites\\\/#\\\/schema\\\/person\\\/847aaec44920825b843a08f30ec6aa1e\",\"name\":\"La r\u00e9daction\",\"image\":{\"@type\":\"ImageObject\",\"inLanguage\":\"fr-FR\",\"@id\":\"https:\\\/\\\/secure.gravatar.com\\\/avatar\\\/769db425c6f465158149f1ffd6cf61ce7a8a879d11dfbef8288af36dfddd418c?s=96&d=mm&r=g\",\"url\":\"https:\\\/\\\/secure.gravatar.com\\\/avatar\\\/769db425c6f465158149f1ffd6cf61ce7a8a879d11dfbef8288af36dfddd418c?s=96&d=mm&r=g\",\"contentUrl\":\"https:\\\/\\\/secure.gravatar.com\\\/avatar\\\/769db425c6f465158149f1ffd6cf61ce7a8a879d11dfbef8288af36dfddd418c?s=96&d=mm&r=g\",\"caption\":\"La r\u00e9daction\"},\"sameAs\":[\"http:\\\/\\\/www.lkeria.com\\\/\"],\"url\":\"https:\\\/\\\/www.info-algerie.com\\\/actualites\\\/author\\\/chakib32\\\/\"}]}<\/script>\n<!-- \/ Yoast SEO plugin. -->","yoast_head_json":{"title":"Ga\u00efd Salah exhorte le personnel de la 4\u00e8 R\u00e9gion militaire \u00e0 &quot;redoubler de vigilance&quot; - info algerie","robots":{"index":"index","follow":"follow","max-snippet":"max-snippet:-1","max-image-preview":"max-image-preview:large","max-video-preview":"max-video-preview:-1"},"canonical":"https:\/\/www.info-algerie.com\/actualites\/gaid-salah-exhorte-le-personnel-de-la-4e-region-militaire-a-redoubler-de-vigilance\/","og_locale":"fr_FR","og_type":"article","og_title":"Ga\u00efd Salah exhorte le personnel de la 4\u00e8 R\u00e9gion militaire \u00e0 &quot;redoubler de vigilance&quot; - info algerie","og_description":"ALGER &#8211; Le G\u00e9n\u00e9ral de Corps d&rsquo;Arm\u00e9e, Ahmed Ga\u00efd Salah, vice-ministre de la D\u00e9fense nationale, chef d&rsquo;Etat-major de l\u2019Arm\u00e9e nationale populaire, a exhort\u00e9 mercredi \u00e0 Ouargla les personnels de la 4\u00e8me R\u00e9gion militaire \u00e0 \u00ab\u00a0redoubler de vigilance et cerner les v\u00e9ritables param\u00e8tres de r\u00e9ussite de la mission qui leur est confi\u00e9e\u00a0\u00bb, indique un communiqu\u00e9 du","og_url":"https:\/\/www.info-algerie.com\/actualites\/gaid-salah-exhorte-le-personnel-de-la-4e-region-militaire-a-redoubler-de-vigilance\/","og_site_name":"info algerie","article_publisher":"https:\/\/www.facebook.com\/infoalgerieactu","article_published_time":"2018-08-29T18:08:52+00:00","og_image":[{"width":280,"height":169,"url":"https:\/\/www.info-algerie.com\/actualites\/wp-content\/uploads\/2018\/08\/327a43c99f93d286deb409de4e61f8bb_S-1.jpg","type":"image\/jpeg"}],"author":"La r\u00e9daction","twitter_misc":{"\u00c9crit par":"La r\u00e9daction","Dur\u00e9e de lecture estim\u00e9e":"3 minutes"},"schema":{"@context":"https:\/\/schema.org","@graph":[{"@type":"Article","@id":"https:\/\/www.info-algerie.com\/actualites\/gaid-salah-exhorte-le-personnel-de-la-4e-region-militaire-a-redoubler-de-vigilance\/#article","isPartOf":{"@id":"https:\/\/www.info-algerie.com\/actualites\/gaid-salah-exhorte-le-personnel-de-la-4e-region-militaire-a-redoubler-de-vigilance\/"},"author":{"name":"La r\u00e9daction","@id":"https:\/\/www.info-algerie.com\/actualites\/#\/schema\/person\/847aaec44920825b843a08f30ec6aa1e"},"headline":"Ga\u00efd Salah exhorte le personnel de la 4\u00e8 R\u00e9gion militaire \u00e0 &quot;redoubler de vigilance&quot;","datePublished":"2018-08-29T18:08:52+00:00","mainEntityOfPage":{"@id":"https:\/\/www.info-algerie.com\/actualites\/gaid-salah-exhorte-le-personnel-de-la-4e-region-militaire-a-redoubler-de-vigilance\/"},"wordCount":631,"commentCount":0,"publisher":{"@id":"https:\/\/www.info-algerie.com\/actualites\/#organization"},"image":{"@id":"https:\/\/www.info-algerie.com\/actualites\/gaid-salah-exhorte-le-personnel-de-la-4e-region-militaire-a-redoubler-de-vigilance\/#primaryimage"},"thumbnailUrl":"https:\/\/www.info-algerie.com\/actualites\/wp-content\/uploads\/2018\/08\/327a43c99f93d286deb409de4e61f8bb_S-1.jpg","keywords":["ONU"],"articleSection":["infos"],"inLanguage":"fr-FR","potentialAction":[{"@type":"CommentAction","name":"Comment","target":["https:\/\/www.info-algerie.com\/actualites\/gaid-salah-exhorte-le-personnel-de-la-4e-region-militaire-a-redoubler-de-vigilance\/#respond"]}]},{"@type":"WebPage","@id":"https:\/\/www.info-algerie.com\/actualites\/gaid-salah-exhorte-le-personnel-de-la-4e-region-militaire-a-redoubler-de-vigilance\/","url":"https:\/\/www.info-algerie.com\/actualites\/gaid-salah-exhorte-le-personnel-de-la-4e-region-militaire-a-redoubler-de-vigilance\/","name":"Ga\u00efd Salah exhorte le personnel de la 4\u00e8 R\u00e9gion militaire \u00e0 &quot;redoubler de vigilance&quot; - info algerie","isPartOf":{"@id":"https:\/\/www.info-algerie.com\/actualites\/#website"},"primaryImageOfPage":{"@id":"https:\/\/www.info-algerie.com\/actualites\/gaid-salah-exhorte-le-personnel-de-la-4e-region-militaire-a-redoubler-de-vigilance\/#primaryimage"},"image":{"@id":"https:\/\/www.info-algerie.com\/actualites\/gaid-salah-exhorte-le-personnel-de-la-4e-region-militaire-a-redoubler-de-vigilance\/#primaryimage"},"thumbnailUrl":"https:\/\/www.info-algerie.com\/actualites\/wp-content\/uploads\/2018\/08\/327a43c99f93d286deb409de4e61f8bb_S-1.jpg","datePublished":"2018-08-29T18:08:52+00:00","breadcrumb":{"@id":"https:\/\/www.info-algerie.com\/actualites\/gaid-salah-exhorte-le-personnel-de-la-4e-region-militaire-a-redoubler-de-vigilance\/#breadcrumb"},"inLanguage":"fr-FR","potentialAction":[{"@type":"ReadAction","target":["https:\/\/www.info-algerie.com\/actualites\/gaid-salah-exhorte-le-personnel-de-la-4e-region-militaire-a-redoubler-de-vigilance\/"]}]},{"@type":"ImageObject","inLanguage":"fr-FR","@id":"https:\/\/www.info-algerie.com\/actualites\/gaid-salah-exhorte-le-personnel-de-la-4e-region-militaire-a-redoubler-de-vigilance\/#primaryimage","url":"https:\/\/www.info-algerie.com\/actualites\/wp-content\/uploads\/2018\/08\/327a43c99f93d286deb409de4e61f8bb_S-1.jpg","contentUrl":"https:\/\/www.info-algerie.com\/actualites\/wp-content\/uploads\/2018\/08\/327a43c99f93d286deb409de4e61f8bb_S-1.jpg","width":280,"height":169},{"@type":"BreadcrumbList","@id":"https:\/\/www.info-algerie.com\/actualites\/gaid-salah-exhorte-le-personnel-de-la-4e-region-militaire-a-redoubler-de-vigilance\/#breadcrumb","itemListElement":[{"@type":"ListItem","position":1,"name":"Accueil","item":"https:\/\/www.info-algerie.com\/actualites\/"},{"@type":"ListItem","position":2,"name":"Ga\u00efd Salah exhorte le personnel de la 4\u00e8 R\u00e9gion militaire \u00e0 &quot;redoubler de vigilance&quot;"}]},{"@type":"WebSite","@id":"https:\/\/www.info-algerie.com\/actualites\/#website","url":"https:\/\/www.info-algerie.com\/actualites\/","name":"info algerie","description":"Toutes les actualit\u00e9s","publisher":{"@id":"https:\/\/www.info-algerie.com\/actualites\/#organization"},"potentialAction":[{"@type":"SearchAction","target":{"@type":"EntryPoint","urlTemplate":"https:\/\/www.info-algerie.com\/actualites\/?s={search_term_string}"},"query-input":{"@type":"PropertyValueSpecification","valueRequired":true,"valueName":"search_term_string"}}],"inLanguage":"fr-FR"},{"@type":"Organization","@id":"https:\/\/www.info-algerie.com\/actualites\/#organization","name":"info algerie","url":"https:\/\/www.info-algerie.com\/actualites\/","logo":{"@type":"ImageObject","inLanguage":"fr-FR","@id":"https:\/\/www.info-algerie.com\/actualites\/#\/schema\/logo\/image\/","url":"https:\/\/www.info-algerie.com\/actualites\/wp-content\/uploads\/2022\/07\/logo-ia-120.png","contentUrl":"https:\/\/www.info-algerie.com\/actualites\/wp-content\/uploads\/2022\/07\/logo-ia-120.png","width":120,"height":43,"caption":"info algerie"},"image":{"@id":"https:\/\/www.info-algerie.com\/actualites\/#\/schema\/logo\/image\/"},"sameAs":["https:\/\/www.facebook.com\/infoalgerieactu","https:\/\/x.com\/infoalgerie1"]},{"@type":"Person","@id":"https:\/\/www.info-algerie.com\/actualites\/#\/schema\/person\/847aaec44920825b843a08f30ec6aa1e","name":"La r\u00e9daction","image":{"@type":"ImageObject","inLanguage":"fr-FR","@id":"https:\/\/secure.gravatar.com\/avatar\/769db425c6f465158149f1ffd6cf61ce7a8a879d11dfbef8288af36dfddd418c?s=96&d=mm&r=g","url":"https:\/\/secure.gravatar.com\/avatar\/769db425c6f465158149f1ffd6cf61ce7a8a879d11dfbef8288af36dfddd418c?s=96&d=mm&r=g","contentUrl":"https:\/\/secure.gravatar.com\/avatar\/769db425c6f465158149f1ffd6cf61ce7a8a879d11dfbef8288af36dfddd418c?s=96&d=mm&r=g","caption":"La r\u00e9daction"},"sameAs":["http:\/\/www.lkeria.com\/"],"url":"https:\/\/www.info-algerie.com\/actualites\/author\/chakib32\/"}]}},"_links":{"self":[{"href":"https:\/\/www.info-algerie.com\/actualites\/wp-json\/wp\/v2\/posts\/26665","targetHints":{"allow":["GET"]}}],"collection":[{"href":"https:\/\/www.info-algerie.com\/actualites\/wp-json\/wp\/v2\/posts"}],"about":[{"href":"https:\/\/www.info-algerie.com\/actualites\/wp-json\/wp\/v2\/types\/post"}],"author":[{"embeddable":true,"href":"https:\/\/www.info-algerie.com\/actualites\/wp-json\/wp\/v2\/users\/6"}],"replies":[{"embeddable":true,"href":"https:\/\/www.info-algerie.com\/actualites\/wp-json\/wp\/v2\/comments?post=26665"}],"version-history":[{"count":0,"href":"https:\/\/www.info-algerie.com\/actualites\/wp-json\/wp\/v2\/posts\/26665\/revisions"}],"wp:featuredmedia":[{"embeddable":true,"href":"https:\/\/www.info-algerie.com\/actualites\/wp-json\/wp\/v2\/media\/26666"}],"wp:attachment":[{"href":"https:\/\/www.info-algerie.com\/actualites\/wp-json\/wp\/v2\/media?parent=26665"}],"wp:term":[{"taxonomy":"category","embeddable":true,"href":"https:\/\/www.info-algerie.com\/actualites\/wp-json\/wp\/v2\/categories?post=26665"},{"taxonomy":"post_tag","embeddable":true,"href":"https:\/\/www.info-algerie.com\/actualites\/wp-json\/wp\/v2\/tags?post=26665"}],"curies":[{"name":"wp","href":"https:\/\/api.w.org\/{rel}","templated":true}]}}