{"id":26668,"date":"2018-08-29T18:32:41","date_gmt":"2018-08-29T17:32:41","guid":{"rendered":"https:\/\/www.info-algerie.com\/actualites\/algerie-afrique-du-sud-pour-la-promotion-de-la-paix-et-de-la-securite-en-afrique\/"},"modified":"2018-08-29T18:32:41","modified_gmt":"2018-08-29T17:32:41","slug":"algerie-afrique-du-sud-pour-la-promotion-de-la-paix-et-de-la-securite-en-afrique","status":"publish","type":"post","link":"https:\/\/www.info-algerie.com\/actualites\/algerie-afrique-du-sud-pour-la-promotion-de-la-paix-et-de-la-securite-en-afrique\/","title":{"rendered":"Alg\u00e9rie-Afrique du Sud: pour la promotion de la paix et de la s\u00e9curit\u00e9 en Afrique"},"content":{"rendered":"<div class=\"K2FeedImage\"><img decoding=\"async\" src=\"https:\/\/www.info-algerie.com\/actualites\/wp-content\/uploads\/2018\/08\/8a4dac2bc7107e5c7c910420e57db364_S.jpg\" alt=\"Alg&#xE9;rie-Afrique du Sud: pour la promotion de la paix et de la s&#xE9;curit&#xE9; en Afrique\" \/><\/div>\n<div class=\"K2FeedIntroText\">\n<p><strong>CAPE TOWN (Afrique du Sud) &#8211; Les efforts de l\u2019Alg\u00e9rie et de l\u2019Afrique du Sud se renforcent mutuellement au niveau continental, notamment au sein de l\u2019Union Africaine, a d\u00e9clar\u00e9 mercredi \u00e0 Cape Town le ministre des Affaires \u00e9trang\u00e8res, <a href=\"http:\/\/www.aps.dz\/algerie\/77883-messahel-en-visite-officielle-en-afrique-du-sud-a-partir-de-mardi\" target=\"_blank\" rel=\"noopener noreferrer\">Abdelkader Messahel<\/a>.<\/strong><\/p>\n<p>&#013;\n<\/p><\/div>\n<div class=\"K2FeedFullText\">&#013;<\/p>\n<p>\u00ab\u00a0Les efforts de l\u2019Alg\u00e9rie et de l\u2019Afrique du Sud se renforcent mutuellement au niveau continental, notamment au sein de l\u2019Union africaine\u00a0\u00bb a d\u00e9clar\u00e9 M. Messahel \u00e0 l\u2019ouverture des entretiens qu\u2019il a eus avec son homologue sud-africaine, Lindiwe Sisulu.<\/p>\n<p>&#013;<\/p>\n<p>M. Messahel s\u2019est f\u00e9licit\u00e9 de \u00ab\u00a0la convergence de vues et analyses des deux pays sur les grandes questions d\u2019int\u00e9r\u00eat commun\u00a0\u00bb, en rappelant que l\u2019Alg\u00e9rie et l\u2019Afrique du Sud \u00ab\u00a0partagent les m\u00eames id\u00e9aux de paix, de justice et de solidarit\u00e9 et poursuivent les m\u00eames objectifs en faveur de l\u2019av\u00e8nement de relations internationales d\u00e9mocratiques et plus \u00e9quitables ainsi que pour l\u2019instauration de la paix et de la stabilit\u00e9 en Afrique, partant de leur engagement et de leur devoir de promouvoir et d\u00e9fendre les int\u00e9r\u00eats de l\u2019Afrique dans un monde en plein mutations\u00a0\u00bb.<\/p>\n<p>&#013;<\/p>\n<p>Dans ce cadre, les deux ministres se sont concert\u00e9s sur les situations conflictuelles qui continuent de perdurer dans certaines r\u00e9gions de l\u2019Afrique.<\/p>\n<p>&#013;<\/p>\n<p>Ils ont saisi cette occasion pour r\u00e9it\u00e9rer leur soutien aux causes palestinienne et sahraouie.<\/p>\n<p>&#013;<\/p>\n<p>Ils ont \u00e9galement proc\u00e9d\u00e9 \u00e0 un \u00e9change de vues sur les menaces qui affectent le continent africain en soulignant la n\u00e9cessit\u00e9 de \u00ab\u00a0renforcer encore davantage la concertation entre les deux pays sur ces questions, notamment la lutte contre les diff\u00e9rents facteurs d\u2019ins\u00e9curit\u00e9 et en premier lieu le terrorisme et les fl\u00e9aux connexes ainsi que la migration clandestine\u00a0\u00bb.<\/p>\n<p>&#013;<\/p>\n<p>M. Messahel a, \u00e0 cet \u00e9gard, salu\u00e9 le r\u00f4le et les efforts de la diplomatie sud-africaine dans la recherche de solutions aux principales questions africaines et internationales, notamment en mati\u00e8re de promotion de la paix, de la s\u00e9curit\u00e9 et de la stabilit\u00e9 dans le continent africain.<\/p>\n<p>&#013;<\/p>\n<p>Il a rappel\u00e9, \u00e0 l&rsquo;occasion, que l&rsquo;Alg\u00e9rie accorde \u00ab\u00a0une attention toute particuli\u00e8re \u00e0 l\u2019harmonisation de ses efforts de lutte contre le terrorisme et le crime organis\u00e9 avec ses partenaires tout comme elle continue \u00e0 s\u2019engager pleinement dans le r\u00e8glement pacifique des conflits qui s\u00e9vissent dans sa r\u00e9gion, \u00e0 l\u2019instar de celui du Nord du Mali, o\u00f9 elle poursuit son action \u00e0 la t\u00eate du Comit\u00e9 de suivi de l\u2019Accord d\u2019Alger pour la paix et la r\u00e9conciliation\u00a0\u00bb.<\/p>\n<p>&#013;<\/p>\n<p>Il a ajout\u00e9, s&rsquo;agissant de la Libye, que l&rsquo;Alg\u00e9rie \u00ab\u00a0apporte un soutien aux efforts de paix que m\u00e8nent les Nations Unies dans ce pays pour lui permettre de retrouver la paix et la stabilit\u00e9\u00a0\u00bb, estimant que l&rsquo;Alg\u00e9rie \u00ab\u00a0veille, dans chacun de ces cas, \u00e0 ce que l\u2019int\u00e9grit\u00e9 territoriale et l\u2019unit\u00e9 des pays en crise soient pr\u00e9serv\u00e9es\u00a0\u00bb.<\/p>\n<p>&#013;<\/p>\n<p>La ministre sud-africaine a, pour sa part, soulign\u00e9 \u00ab\u00a0la convergence de vue entre les deux pays sur les questions d\u2019int\u00e9r\u00eat commun\u00a0\u00bb, r\u00e9it\u00e9rant \u00ab\u00a0l\u2019engagement et la volont\u00e9 de son pays \u00e0 continuer \u00e0 travailler, de concert avec l\u2019Alg\u00e9rie, dans tous les fora r\u00e9gionaux et internationaux pour la promotion des id\u00e9aux partag\u00e9s\u00a0\u00bb.<\/p>\n<p>&#013;<\/p>\n<p>Elle a lou\u00e9 \u00ab\u00a0les efforts de l\u2019Alg\u00e9rie et sa contribution inestimable \u00e0 la promotion de la paix et de la s\u00e9curit\u00e9 en Afrique et son engagement pour la d\u00e9fense des int\u00e9r\u00eats de l\u2019Afrique\u00a0\u00bb, affirmant que l\u2019Afrique du Sud \u00ab\u00a0continuera \u00e0 travailler avec l\u2019Alg\u00e9rie dans ce sens, de mani\u00e8re coordonn\u00e9e et concert\u00e9e, notamment dans le cadre de l\u2019Union africaine\u00a0\u00bb.<\/p>\n<\/div>\n<p>&#013;<br \/>\nSource: <a href=\"http:\/\/www.aps.dz\/algerie\/77942-algerie-afrique-du-sud-pour-la-promotion-de-la-paix-et-de-la-securite-en-afrique\" target=\"_blank\">Alg\u00e9rie-Afrique du Sud: pour la promotion de la paix et de la s\u00e9curit\u00e9 en Afrique<\/a><\/p>\n<!--CusAds0-->\n<div style=\"font-size: 0px; height: 0px; line-height: 0px; margin: 0; padding: 0; clear: both;\"><\/div>","protected":false},"excerpt":{"rendered":"<p>CAPE TOWN (Afrique du Sud) &#8211; Les efforts de l\u2019Alg\u00e9rie et de l\u2019Afrique du Sud se renforcent mutuellement au niveau continental, notamment au sein de l\u2019Union Africaine, a d\u00e9clar\u00e9 mercredi \u00e0 Cape Town le ministre des Affaires \u00e9trang\u00e8res, Abdelkader Messahel. &#013; &#013; \u00ab\u00a0Les efforts de l\u2019Alg\u00e9rie et de l\u2019Afrique du Sud se renforcent mutuellement au<\/p>\n","protected":false},"author":6,"featured_media":26669,"comment_status":"open","ping_status":"open","sticky":false,"template":"","format":"standard","meta":{"footnotes":""},"categories":[22],"tags":[93],"class_list":["post-26668","post","type-post","status-publish","format-standard","has-post-thumbnail","hentry","category-infos","tag-onu"],"yoast_head":"<!-- This site is optimized with the Yoast SEO plugin v27.5 - https:\/\/yoast.com\/product\/yoast-seo-wordpress\/ -->\n<title>Alg\u00e9rie-Afrique du Sud: pour la promotion de la paix et de la s\u00e9curit\u00e9 en Afrique - info algerie<\/title>\n<meta name=\"robots\" content=\"index, follow, max-snippet:-1, max-image-preview:large, max-video-preview:-1\" \/>\n<link rel=\"canonical\" href=\"https:\/\/www.info-algerie.com\/actualites\/algerie-afrique-du-sud-pour-la-promotion-de-la-paix-et-de-la-securite-en-afrique\/\" \/>\n<meta property=\"og:locale\" content=\"fr_FR\" \/>\n<meta property=\"og:type\" content=\"article\" \/>\n<meta property=\"og:title\" content=\"Alg\u00e9rie-Afrique du Sud: pour la promotion de la paix et de la s\u00e9curit\u00e9 en Afrique - info algerie\" \/>\n<meta property=\"og:description\" content=\"CAPE TOWN (Afrique du Sud) &#8211; Les efforts de l\u2019Alg\u00e9rie et de l\u2019Afrique du Sud se renforcent mutuellement au niveau continental, notamment au sein de l\u2019Union Africaine, a d\u00e9clar\u00e9 mercredi \u00e0 Cape Town le ministre des Affaires \u00e9trang\u00e8res, Abdelkader Messahel. &#013; &#013; \u00ab\u00a0Les efforts de l\u2019Alg\u00e9rie et de l\u2019Afrique du Sud se renforcent mutuellement au\" \/>\n<meta property=\"og:url\" content=\"https:\/\/www.info-algerie.com\/actualites\/algerie-afrique-du-sud-pour-la-promotion-de-la-paix-et-de-la-securite-en-afrique\/\" \/>\n<meta property=\"og:site_name\" content=\"info algerie\" \/>\n<meta property=\"article:publisher\" content=\"https:\/\/www.facebook.com\/infoalgerieactu\" \/>\n<meta property=\"article:published_time\" content=\"2018-08-29T17:32:41+00:00\" \/>\n<meta property=\"og:image\" content=\"https:\/\/www.info-algerie.com\/actualites\/wp-content\/uploads\/2018\/08\/8a4dac2bc7107e5c7c910420e57db364_S-1.jpg\" \/>\n\t<meta property=\"og:image:width\" content=\"280\" \/>\n\t<meta property=\"og:image:height\" content=\"169\" \/>\n\t<meta property=\"og:image:type\" content=\"image\/jpeg\" \/>\n<meta name=\"author\" content=\"La r\u00e9daction\" \/>\n<meta name=\"twitter:label1\" content=\"\u00c9crit par\" \/>\n\t<meta name=\"twitter:data1\" content=\"La r\u00e9daction\" \/>\n\t<meta name=\"twitter:label2\" content=\"Dur\u00e9e de lecture estim\u00e9e\" \/>\n\t<meta name=\"twitter:data2\" content=\"3 minutes\" \/>\n<script type=\"application\/ld+json\" class=\"yoast-schema-graph\">{\"@context\":\"https:\\\/\\\/schema.org\",\"@graph\":[{\"@type\":\"Article\",\"@id\":\"https:\\\/\\\/www.info-algerie.com\\\/actualites\\\/algerie-afrique-du-sud-pour-la-promotion-de-la-paix-et-de-la-securite-en-afrique\\\/#article\",\"isPartOf\":{\"@id\":\"https:\\\/\\\/www.info-algerie.com\\\/actualites\\\/algerie-afrique-du-sud-pour-la-promotion-de-la-paix-et-de-la-securite-en-afrique\\\/\"},\"author\":{\"name\":\"La r\u00e9daction\",\"@id\":\"https:\\\/\\\/www.info-algerie.com\\\/actualites\\\/#\\\/schema\\\/person\\\/847aaec44920825b843a08f30ec6aa1e\"},\"headline\":\"Alg\u00e9rie-Afrique du Sud: pour la promotion de la paix et de la s\u00e9curit\u00e9 en Afrique\",\"datePublished\":\"2018-08-29T17:32:41+00:00\",\"mainEntityOfPage\":{\"@id\":\"https:\\\/\\\/www.info-algerie.com\\\/actualites\\\/algerie-afrique-du-sud-pour-la-promotion-de-la-paix-et-de-la-securite-en-afrique\\\/\"},\"wordCount\":664,\"commentCount\":0,\"publisher\":{\"@id\":\"https:\\\/\\\/www.info-algerie.com\\\/actualites\\\/#organization\"},\"image\":{\"@id\":\"https:\\\/\\\/www.info-algerie.com\\\/actualites\\\/algerie-afrique-du-sud-pour-la-promotion-de-la-paix-et-de-la-securite-en-afrique\\\/#primaryimage\"},\"thumbnailUrl\":\"https:\\\/\\\/www.info-algerie.com\\\/actualites\\\/wp-content\\\/uploads\\\/2018\\\/08\\\/8a4dac2bc7107e5c7c910420e57db364_S-1.jpg\",\"keywords\":[\"ONU\"],\"articleSection\":[\"infos\"],\"inLanguage\":\"fr-FR\",\"potentialAction\":[{\"@type\":\"CommentAction\",\"name\":\"Comment\",\"target\":[\"https:\\\/\\\/www.info-algerie.com\\\/actualites\\\/algerie-afrique-du-sud-pour-la-promotion-de-la-paix-et-de-la-securite-en-afrique\\\/#respond\"]}]},{\"@type\":\"WebPage\",\"@id\":\"https:\\\/\\\/www.info-algerie.com\\\/actualites\\\/algerie-afrique-du-sud-pour-la-promotion-de-la-paix-et-de-la-securite-en-afrique\\\/\",\"url\":\"https:\\\/\\\/www.info-algerie.com\\\/actualites\\\/algerie-afrique-du-sud-pour-la-promotion-de-la-paix-et-de-la-securite-en-afrique\\\/\",\"name\":\"Alg\u00e9rie-Afrique du Sud: pour la promotion de la paix et de la s\u00e9curit\u00e9 en Afrique - info algerie\",\"isPartOf\":{\"@id\":\"https:\\\/\\\/www.info-algerie.com\\\/actualites\\\/#website\"},\"primaryImageOfPage\":{\"@id\":\"https:\\\/\\\/www.info-algerie.com\\\/actualites\\\/algerie-afrique-du-sud-pour-la-promotion-de-la-paix-et-de-la-securite-en-afrique\\\/#primaryimage\"},\"image\":{\"@id\":\"https:\\\/\\\/www.info-algerie.com\\\/actualites\\\/algerie-afrique-du-sud-pour-la-promotion-de-la-paix-et-de-la-securite-en-afrique\\\/#primaryimage\"},\"thumbnailUrl\":\"https:\\\/\\\/www.info-algerie.com\\\/actualites\\\/wp-content\\\/uploads\\\/2018\\\/08\\\/8a4dac2bc7107e5c7c910420e57db364_S-1.jpg\",\"datePublished\":\"2018-08-29T17:32:41+00:00\",\"breadcrumb\":{\"@id\":\"https:\\\/\\\/www.info-algerie.com\\\/actualites\\\/algerie-afrique-du-sud-pour-la-promotion-de-la-paix-et-de-la-securite-en-afrique\\\/#breadcrumb\"},\"inLanguage\":\"fr-FR\",\"potentialAction\":[{\"@type\":\"ReadAction\",\"target\":[\"https:\\\/\\\/www.info-algerie.com\\\/actualites\\\/algerie-afrique-du-sud-pour-la-promotion-de-la-paix-et-de-la-securite-en-afrique\\\/\"]}]},{\"@type\":\"ImageObject\",\"inLanguage\":\"fr-FR\",\"@id\":\"https:\\\/\\\/www.info-algerie.com\\\/actualites\\\/algerie-afrique-du-sud-pour-la-promotion-de-la-paix-et-de-la-securite-en-afrique\\\/#primaryimage\",\"url\":\"https:\\\/\\\/www.info-algerie.com\\\/actualites\\\/wp-content\\\/uploads\\\/2018\\\/08\\\/8a4dac2bc7107e5c7c910420e57db364_S-1.jpg\",\"contentUrl\":\"https:\\\/\\\/www.info-algerie.com\\\/actualites\\\/wp-content\\\/uploads\\\/2018\\\/08\\\/8a4dac2bc7107e5c7c910420e57db364_S-1.jpg\",\"width\":280,\"height\":169},{\"@type\":\"BreadcrumbList\",\"@id\":\"https:\\\/\\\/www.info-algerie.com\\\/actualites\\\/algerie-afrique-du-sud-pour-la-promotion-de-la-paix-et-de-la-securite-en-afrique\\\/#breadcrumb\",\"itemListElement\":[{\"@type\":\"ListItem\",\"position\":1,\"name\":\"Accueil\",\"item\":\"https:\\\/\\\/www.info-algerie.com\\\/actualites\\\/\"},{\"@type\":\"ListItem\",\"position\":2,\"name\":\"Alg\u00e9rie-Afrique du Sud: pour la promotion de la paix et de la s\u00e9curit\u00e9 en Afrique\"}]},{\"@type\":\"WebSite\",\"@id\":\"https:\\\/\\\/www.info-algerie.com\\\/actualites\\\/#website\",\"url\":\"https:\\\/\\\/www.info-algerie.com\\\/actualites\\\/\",\"name\":\"info algerie\",\"description\":\"Toutes les actualit\u00e9s\",\"publisher\":{\"@id\":\"https:\\\/\\\/www.info-algerie.com\\\/actualites\\\/#organization\"},\"potentialAction\":[{\"@type\":\"SearchAction\",\"target\":{\"@type\":\"EntryPoint\",\"urlTemplate\":\"https:\\\/\\\/www.info-algerie.com\\\/actualites\\\/?s={search_term_string}\"},\"query-input\":{\"@type\":\"PropertyValueSpecification\",\"valueRequired\":true,\"valueName\":\"search_term_string\"}}],\"inLanguage\":\"fr-FR\"},{\"@type\":\"Organization\",\"@id\":\"https:\\\/\\\/www.info-algerie.com\\\/actualites\\\/#organization\",\"name\":\"info algerie\",\"url\":\"https:\\\/\\\/www.info-algerie.com\\\/actualites\\\/\",\"logo\":{\"@type\":\"ImageObject\",\"inLanguage\":\"fr-FR\",\"@id\":\"https:\\\/\\\/www.info-algerie.com\\\/actualites\\\/#\\\/schema\\\/logo\\\/image\\\/\",\"url\":\"https:\\\/\\\/www.info-algerie.com\\\/actualites\\\/wp-content\\\/uploads\\\/2022\\\/07\\\/logo-ia-120.png\",\"contentUrl\":\"https:\\\/\\\/www.info-algerie.com\\\/actualites\\\/wp-content\\\/uploads\\\/2022\\\/07\\\/logo-ia-120.png\",\"width\":120,\"height\":43,\"caption\":\"info algerie\"},\"image\":{\"@id\":\"https:\\\/\\\/www.info-algerie.com\\\/actualites\\\/#\\\/schema\\\/logo\\\/image\\\/\"},\"sameAs\":[\"https:\\\/\\\/www.facebook.com\\\/infoalgerieactu\",\"https:\\\/\\\/x.com\\\/infoalgerie1\"]},{\"@type\":\"Person\",\"@id\":\"https:\\\/\\\/www.info-algerie.com\\\/actualites\\\/#\\\/schema\\\/person\\\/847aaec44920825b843a08f30ec6aa1e\",\"name\":\"La r\u00e9daction\",\"image\":{\"@type\":\"ImageObject\",\"inLanguage\":\"fr-FR\",\"@id\":\"https:\\\/\\\/secure.gravatar.com\\\/avatar\\\/769db425c6f465158149f1ffd6cf61ce7a8a879d11dfbef8288af36dfddd418c?s=96&d=mm&r=g\",\"url\":\"https:\\\/\\\/secure.gravatar.com\\\/avatar\\\/769db425c6f465158149f1ffd6cf61ce7a8a879d11dfbef8288af36dfddd418c?s=96&d=mm&r=g\",\"contentUrl\":\"https:\\\/\\\/secure.gravatar.com\\\/avatar\\\/769db425c6f465158149f1ffd6cf61ce7a8a879d11dfbef8288af36dfddd418c?s=96&d=mm&r=g\",\"caption\":\"La r\u00e9daction\"},\"sameAs\":[\"http:\\\/\\\/www.lkeria.com\\\/\"],\"url\":\"https:\\\/\\\/www.info-algerie.com\\\/actualites\\\/author\\\/chakib32\\\/\"}]}<\/script>\n<!-- \/ Yoast SEO plugin. -->","yoast_head_json":{"title":"Alg\u00e9rie-Afrique du Sud: pour la promotion de la paix et de la s\u00e9curit\u00e9 en Afrique - info algerie","robots":{"index":"index","follow":"follow","max-snippet":"max-snippet:-1","max-image-preview":"max-image-preview:large","max-video-preview":"max-video-preview:-1"},"canonical":"https:\/\/www.info-algerie.com\/actualites\/algerie-afrique-du-sud-pour-la-promotion-de-la-paix-et-de-la-securite-en-afrique\/","og_locale":"fr_FR","og_type":"article","og_title":"Alg\u00e9rie-Afrique du Sud: pour la promotion de la paix et de la s\u00e9curit\u00e9 en Afrique - info algerie","og_description":"CAPE TOWN (Afrique du Sud) &#8211; Les efforts de l\u2019Alg\u00e9rie et de l\u2019Afrique du Sud se renforcent mutuellement au niveau continental, notamment au sein de l\u2019Union Africaine, a d\u00e9clar\u00e9 mercredi \u00e0 Cape Town le ministre des Affaires \u00e9trang\u00e8res, Abdelkader Messahel. &#013; &#013; \u00ab\u00a0Les efforts de l\u2019Alg\u00e9rie et de l\u2019Afrique du Sud se renforcent mutuellement au","og_url":"https:\/\/www.info-algerie.com\/actualites\/algerie-afrique-du-sud-pour-la-promotion-de-la-paix-et-de-la-securite-en-afrique\/","og_site_name":"info algerie","article_publisher":"https:\/\/www.facebook.com\/infoalgerieactu","article_published_time":"2018-08-29T17:32:41+00:00","og_image":[{"width":280,"height":169,"url":"https:\/\/www.info-algerie.com\/actualites\/wp-content\/uploads\/2018\/08\/8a4dac2bc7107e5c7c910420e57db364_S-1.jpg","type":"image\/jpeg"}],"author":"La r\u00e9daction","twitter_misc":{"\u00c9crit par":"La r\u00e9daction","Dur\u00e9e de lecture estim\u00e9e":"3 minutes"},"schema":{"@context":"https:\/\/schema.org","@graph":[{"@type":"Article","@id":"https:\/\/www.info-algerie.com\/actualites\/algerie-afrique-du-sud-pour-la-promotion-de-la-paix-et-de-la-securite-en-afrique\/#article","isPartOf":{"@id":"https:\/\/www.info-algerie.com\/actualites\/algerie-afrique-du-sud-pour-la-promotion-de-la-paix-et-de-la-securite-en-afrique\/"},"author":{"name":"La r\u00e9daction","@id":"https:\/\/www.info-algerie.com\/actualites\/#\/schema\/person\/847aaec44920825b843a08f30ec6aa1e"},"headline":"Alg\u00e9rie-Afrique du Sud: pour la promotion de la paix et de la s\u00e9curit\u00e9 en Afrique","datePublished":"2018-08-29T17:32:41+00:00","mainEntityOfPage":{"@id":"https:\/\/www.info-algerie.com\/actualites\/algerie-afrique-du-sud-pour-la-promotion-de-la-paix-et-de-la-securite-en-afrique\/"},"wordCount":664,"commentCount":0,"publisher":{"@id":"https:\/\/www.info-algerie.com\/actualites\/#organization"},"image":{"@id":"https:\/\/www.info-algerie.com\/actualites\/algerie-afrique-du-sud-pour-la-promotion-de-la-paix-et-de-la-securite-en-afrique\/#primaryimage"},"thumbnailUrl":"https:\/\/www.info-algerie.com\/actualites\/wp-content\/uploads\/2018\/08\/8a4dac2bc7107e5c7c910420e57db364_S-1.jpg","keywords":["ONU"],"articleSection":["infos"],"inLanguage":"fr-FR","potentialAction":[{"@type":"CommentAction","name":"Comment","target":["https:\/\/www.info-algerie.com\/actualites\/algerie-afrique-du-sud-pour-la-promotion-de-la-paix-et-de-la-securite-en-afrique\/#respond"]}]},{"@type":"WebPage","@id":"https:\/\/www.info-algerie.com\/actualites\/algerie-afrique-du-sud-pour-la-promotion-de-la-paix-et-de-la-securite-en-afrique\/","url":"https:\/\/www.info-algerie.com\/actualites\/algerie-afrique-du-sud-pour-la-promotion-de-la-paix-et-de-la-securite-en-afrique\/","name":"Alg\u00e9rie-Afrique du Sud: pour la promotion de la paix et de la s\u00e9curit\u00e9 en Afrique - info algerie","isPartOf":{"@id":"https:\/\/www.info-algerie.com\/actualites\/#website"},"primaryImageOfPage":{"@id":"https:\/\/www.info-algerie.com\/actualites\/algerie-afrique-du-sud-pour-la-promotion-de-la-paix-et-de-la-securite-en-afrique\/#primaryimage"},"image":{"@id":"https:\/\/www.info-algerie.com\/actualites\/algerie-afrique-du-sud-pour-la-promotion-de-la-paix-et-de-la-securite-en-afrique\/#primaryimage"},"thumbnailUrl":"https:\/\/www.info-algerie.com\/actualites\/wp-content\/uploads\/2018\/08\/8a4dac2bc7107e5c7c910420e57db364_S-1.jpg","datePublished":"2018-08-29T17:32:41+00:00","breadcrumb":{"@id":"https:\/\/www.info-algerie.com\/actualites\/algerie-afrique-du-sud-pour-la-promotion-de-la-paix-et-de-la-securite-en-afrique\/#breadcrumb"},"inLanguage":"fr-FR","potentialAction":[{"@type":"ReadAction","target":["https:\/\/www.info-algerie.com\/actualites\/algerie-afrique-du-sud-pour-la-promotion-de-la-paix-et-de-la-securite-en-afrique\/"]}]},{"@type":"ImageObject","inLanguage":"fr-FR","@id":"https:\/\/www.info-algerie.com\/actualites\/algerie-afrique-du-sud-pour-la-promotion-de-la-paix-et-de-la-securite-en-afrique\/#primaryimage","url":"https:\/\/www.info-algerie.com\/actualites\/wp-content\/uploads\/2018\/08\/8a4dac2bc7107e5c7c910420e57db364_S-1.jpg","contentUrl":"https:\/\/www.info-algerie.com\/actualites\/wp-content\/uploads\/2018\/08\/8a4dac2bc7107e5c7c910420e57db364_S-1.jpg","width":280,"height":169},{"@type":"BreadcrumbList","@id":"https:\/\/www.info-algerie.com\/actualites\/algerie-afrique-du-sud-pour-la-promotion-de-la-paix-et-de-la-securite-en-afrique\/#breadcrumb","itemListElement":[{"@type":"ListItem","position":1,"name":"Accueil","item":"https:\/\/www.info-algerie.com\/actualites\/"},{"@type":"ListItem","position":2,"name":"Alg\u00e9rie-Afrique du Sud: pour la promotion de la paix et de la s\u00e9curit\u00e9 en Afrique"}]},{"@type":"WebSite","@id":"https:\/\/www.info-algerie.com\/actualites\/#website","url":"https:\/\/www.info-algerie.com\/actualites\/","name":"info algerie","description":"Toutes les actualit\u00e9s","publisher":{"@id":"https:\/\/www.info-algerie.com\/actualites\/#organization"},"potentialAction":[{"@type":"SearchAction","target":{"@type":"EntryPoint","urlTemplate":"https:\/\/www.info-algerie.com\/actualites\/?s={search_term_string}"},"query-input":{"@type":"PropertyValueSpecification","valueRequired":true,"valueName":"search_term_string"}}],"inLanguage":"fr-FR"},{"@type":"Organization","@id":"https:\/\/www.info-algerie.com\/actualites\/#organization","name":"info algerie","url":"https:\/\/www.info-algerie.com\/actualites\/","logo":{"@type":"ImageObject","inLanguage":"fr-FR","@id":"https:\/\/www.info-algerie.com\/actualites\/#\/schema\/logo\/image\/","url":"https:\/\/www.info-algerie.com\/actualites\/wp-content\/uploads\/2022\/07\/logo-ia-120.png","contentUrl":"https:\/\/www.info-algerie.com\/actualites\/wp-content\/uploads\/2022\/07\/logo-ia-120.png","width":120,"height":43,"caption":"info algerie"},"image":{"@id":"https:\/\/www.info-algerie.com\/actualites\/#\/schema\/logo\/image\/"},"sameAs":["https:\/\/www.facebook.com\/infoalgerieactu","https:\/\/x.com\/infoalgerie1"]},{"@type":"Person","@id":"https:\/\/www.info-algerie.com\/actualites\/#\/schema\/person\/847aaec44920825b843a08f30ec6aa1e","name":"La r\u00e9daction","image":{"@type":"ImageObject","inLanguage":"fr-FR","@id":"https:\/\/secure.gravatar.com\/avatar\/769db425c6f465158149f1ffd6cf61ce7a8a879d11dfbef8288af36dfddd418c?s=96&d=mm&r=g","url":"https:\/\/secure.gravatar.com\/avatar\/769db425c6f465158149f1ffd6cf61ce7a8a879d11dfbef8288af36dfddd418c?s=96&d=mm&r=g","contentUrl":"https:\/\/secure.gravatar.com\/avatar\/769db425c6f465158149f1ffd6cf61ce7a8a879d11dfbef8288af36dfddd418c?s=96&d=mm&r=g","caption":"La r\u00e9daction"},"sameAs":["http:\/\/www.lkeria.com\/"],"url":"https:\/\/www.info-algerie.com\/actualites\/author\/chakib32\/"}]}},"_links":{"self":[{"href":"https:\/\/www.info-algerie.com\/actualites\/wp-json\/wp\/v2\/posts\/26668","targetHints":{"allow":["GET"]}}],"collection":[{"href":"https:\/\/www.info-algerie.com\/actualites\/wp-json\/wp\/v2\/posts"}],"about":[{"href":"https:\/\/www.info-algerie.com\/actualites\/wp-json\/wp\/v2\/types\/post"}],"author":[{"embeddable":true,"href":"https:\/\/www.info-algerie.com\/actualites\/wp-json\/wp\/v2\/users\/6"}],"replies":[{"embeddable":true,"href":"https:\/\/www.info-algerie.com\/actualites\/wp-json\/wp\/v2\/comments?post=26668"}],"version-history":[{"count":0,"href":"https:\/\/www.info-algerie.com\/actualites\/wp-json\/wp\/v2\/posts\/26668\/revisions"}],"wp:featuredmedia":[{"embeddable":true,"href":"https:\/\/www.info-algerie.com\/actualites\/wp-json\/wp\/v2\/media\/26669"}],"wp:attachment":[{"href":"https:\/\/www.info-algerie.com\/actualites\/wp-json\/wp\/v2\/media?parent=26668"}],"wp:term":[{"taxonomy":"category","embeddable":true,"href":"https:\/\/www.info-algerie.com\/actualites\/wp-json\/wp\/v2\/categories?post=26668"},{"taxonomy":"post_tag","embeddable":true,"href":"https:\/\/www.info-algerie.com\/actualites\/wp-json\/wp\/v2\/tags?post=26668"}],"curies":[{"name":"wp","href":"https:\/\/api.w.org\/{rel}","templated":true}]}}