{"id":26671,"date":"2018-08-29T18:25:29","date_gmt":"2018-08-29T17:25:29","guid":{"rendered":"https:\/\/www.info-algerie.com\/actualites\/messahel-souligne-le-caractere-strategique-des-relations-algero-sud-africaines\/"},"modified":"2018-08-29T18:25:29","modified_gmt":"2018-08-29T17:25:29","slug":"messahel-souligne-le-caractere-strategique-des-relations-algero-sud-africaines","status":"publish","type":"post","link":"https:\/\/www.info-algerie.com\/actualites\/messahel-souligne-le-caractere-strategique-des-relations-algero-sud-africaines\/","title":{"rendered":"Messahel souligne le caract\u00e8re strat\u00e9gique des relations alg\u00e9ro-sud africaines"},"content":{"rendered":"<div class=\"K2FeedImage\"><img decoding=\"async\" src=\"https:\/\/www.info-algerie.com\/actualites\/wp-content\/uploads\/2018\/08\/030bb49e029185f32e8d370515355cff_S.jpg\" alt=\"Messahel souligne le caract&#xE8;re strat&#xE9;gique des relations alg&#xE9;ro-sud africaines\" \/><\/div>\n<div class=\"K2FeedIntroText\">\n<p><strong>CAPE TOWN (Afrique du Sud) &#8211; Le ministre des Affaires \u00e9trang\u00e8res, Abdelkader Messahel, a soulign\u00e9 mercredi \u00e0 Cape Town, que sa visite en Afrique du Sud s\u2019inscrivait dans le cadre du renforcement de la coop\u00e9ration bilat\u00e9rale et de l\u2019approfondissement de la concertation sur les questions r\u00e9gionales et internationales.<\/strong><\/p>\n<p>&#013;\n<\/p><\/div>\n<div class=\"K2FeedFullText\">&#013;<\/p>\n<p>Dans ses propos liminaires \u00e0 l\u2019ouverture des entretiens avec son homologue sud-africaine, Mme Lindiwe Sisulu, tenus \u00e0 l\u2019occasion de sa visite officielle en Afrique du Sud, M. Messahel a, d\u2019embl\u00e9e, soulign\u00e9 que cette visite s\u2019inscrivait dans le cadre du \u00ab\u00a0renforcement de la coop\u00e9ration bilat\u00e9rale et de l\u2019approfondissement de la concertation sur les questions r\u00e9gionales et internationales d\u2019int\u00e9r\u00eat commun\u00a0\u00bb.<\/p>\n<p>&#013;<\/p>\n<p>Il a, dans ce cadre, mis en exergue \u00ab\u00a0le caract\u00e8re strat\u00e9gique des relations qui lient l\u2019Alg\u00e9rie et l\u2019Afrique du Sud et qui plongent leurs racines dans leur histoire commune de lutte pour l\u2019ind\u00e9pendance, l\u2019\u00e9mancipation et le d\u00e9veloppement\u00a0\u00bb, rappelant, \u00e0 cet \u00e9gard, le contexte du centenaire des ic\u00f4nes sud-africaines Nelson Mandela et Mama Albertina Sisulu, c\u00e9l\u00e9br\u00e9 cette ann\u00e9e par l\u2019Afrique du Sud.<\/p>\n<p>&#013;<\/p>\n<p>R\u00e9it\u00e9rant l\u2019attachement de l\u2019Alg\u00e9rie \u00e0 conf\u00e9rer \u00e0 la coop\u00e9ration bilat\u00e9rale avec le partenaire sud-africain une dynamique nouvelle, M. Messahel a rappel\u00e9 \u00ab\u00a0les efforts que d\u00e9ploie l\u2019Alg\u00e9rie, depuis plusieurs ann\u00e9es, pour diversifier son \u00e9conomie, moderniser ses infrastructures de base, stimuler le d\u00e9veloppement socio-\u00e9conomique et approfondir la bonne gouvernance, ce qui permet aujourd\u2019hui \u00e0 son \u00e9conomie d\u2019offrir de nombreuses opportunit\u00e9s qu\u2019il importe d\u2019exploiter\u00a0\u00bb.<\/p>\n<p>&#013;<\/p>\n<p>A ce titre, il a mis un accent particulier sur la redynamisation de la Haute commission mixte afin de \u00ab\u00a0promouvoir davantage les relations bilat\u00e9rales dans un cadre global organis\u00e9\u00a0\u00bb, tout comme il a pr\u00e9cis\u00e9 que la tenue r\u00e9guli\u00e8re des r\u00e9unions de ce m\u00e9canisme \u00ab\u00a0offrira le cadre privil\u00e9gi\u00e9 aux deux pays pour proc\u00e9der \u00e0 une \u00e9valuation exhaustive des actions de coop\u00e9ration en cours de r\u00e9alisation, identifier les voies et moyens visant \u00e0 raffermir davantage la coop\u00e9ration bilat\u00e9rale et examiner les possibilit\u00e9s d\u2019\u00e9tablir un partenariat productif et mutuellement avantageux\u00a0\u00bb.<\/p>\n<p>&#013;<\/p>\n<p>Sur le m\u00eame registre, il a \u00e9galement mis en exergue l\u2019importance de la mise en place d\u2019un forum des hommes d&rsquo;affaires qui est de nature \u00e0 constituer un instrument ad\u00e9quat pour le renforcement des \u00e9changes commerciaux et un moyen de promotion des investissements.<\/p>\n<p>&#013;<\/p>\n<p>S\u2019agissant pr\u00e9cis\u00e9ment des \u00e9changes commerciaux, M. Messahel a estim\u00e9 qu\u2019ils doivent \u00eatre \u00ab\u00a0stimul\u00e9s et encourag\u00e9s afin de les porter au niveau des potentialit\u00e9s des \u00e9conomies et des march\u00e9s des deux pays\u00a0\u00bb.<\/p>\n<p>&#013;<\/p>\n<p>Pour sa part, la Lindiwe Sisulu a soulign\u00e9 que l\u2019Afrique du Sud consid\u00e8re l\u2019Alg\u00e9rie comme un \u00ab\u00a0alli\u00e9 strat\u00e9gique\u00a0\u00bb avec lequel elle entend d\u00e9velopper ses relations de coop\u00e9ration.<\/p>\n<p>&#013;<\/p>\n<p>Rappelant, \u00e0 l&rsquo;occasion, le soutien de l\u2019Alg\u00e9rie \u00e0 la lutte du peuple sud-africain pour son \u00e9mancipation, Mme Sisulu a indiqu\u00e9 que ce capital historique \u00ab\u00a0doit continuer \u00e0 sous-tendre toute la dynamique de coop\u00e9ration entre les deux pays\u00a0\u00bb.<\/p>\n<p>&#013;<\/p>\n<p>Les deux ministres ont proc\u00e9d\u00e9 \u00e0 la signature d\u2019un m\u00e9morandum d&rsquo;entente dans le domaine de la formation diplomatique entre les instituts diplomatiques des minist\u00e8res des Affaires \u00e9trang\u00e8res des deux pays.<\/p>\n<\/div>\n<p>&#013;<br \/>\nSource: <a href=\"http:\/\/www.aps.dz\/algerie\/77941-messahel-souligne-le-caractere-strategique-des-relations-algero-sud-africaines\" target=\"_blank\">Messahel souligne le caract\u00e8re strat\u00e9gique des relations alg\u00e9ro-sud africaines<\/a><\/p>\n<!--CusAds0-->\n<div style=\"font-size: 0px; height: 0px; line-height: 0px; margin: 0; padding: 0; clear: both;\"><\/div>","protected":false},"excerpt":{"rendered":"<p>CAPE TOWN (Afrique du Sud) &#8211; Le ministre des Affaires \u00e9trang\u00e8res, Abdelkader Messahel, a soulign\u00e9 mercredi \u00e0 Cape Town, que sa visite en Afrique du Sud s\u2019inscrivait dans le cadre du renforcement de la coop\u00e9ration bilat\u00e9rale et de l\u2019approfondissement de la concertation sur les questions r\u00e9gionales et internationales. &#013; &#013; Dans ses propos liminaires \u00e0<\/p>\n","protected":false},"author":6,"featured_media":26672,"comment_status":"open","ping_status":"open","sticky":false,"template":"","format":"standard","meta":{"footnotes":""},"categories":[22],"tags":[93],"class_list":["post-26671","post","type-post","status-publish","format-standard","has-post-thumbnail","hentry","category-infos","tag-onu"],"yoast_head":"<!-- This site is optimized with the Yoast SEO plugin v27.5 - https:\/\/yoast.com\/product\/yoast-seo-wordpress\/ -->\n<title>Messahel souligne le caract\u00e8re strat\u00e9gique des relations alg\u00e9ro-sud africaines - info algerie<\/title>\n<meta name=\"robots\" content=\"index, follow, max-snippet:-1, max-image-preview:large, max-video-preview:-1\" \/>\n<link rel=\"canonical\" href=\"https:\/\/www.info-algerie.com\/actualites\/messahel-souligne-le-caractere-strategique-des-relations-algero-sud-africaines\/\" \/>\n<meta property=\"og:locale\" content=\"fr_FR\" \/>\n<meta property=\"og:type\" content=\"article\" \/>\n<meta property=\"og:title\" content=\"Messahel souligne le caract\u00e8re strat\u00e9gique des relations alg\u00e9ro-sud africaines - info algerie\" \/>\n<meta property=\"og:description\" content=\"CAPE TOWN (Afrique du Sud) &#8211; Le ministre des Affaires \u00e9trang\u00e8res, Abdelkader Messahel, a soulign\u00e9 mercredi \u00e0 Cape Town, que sa visite en Afrique du Sud s\u2019inscrivait dans le cadre du renforcement de la coop\u00e9ration bilat\u00e9rale et de l\u2019approfondissement de la concertation sur les questions r\u00e9gionales et internationales. &#013; &#013; Dans ses propos liminaires \u00e0\" \/>\n<meta property=\"og:url\" content=\"https:\/\/www.info-algerie.com\/actualites\/messahel-souligne-le-caractere-strategique-des-relations-algero-sud-africaines\/\" \/>\n<meta property=\"og:site_name\" content=\"info algerie\" \/>\n<meta property=\"article:publisher\" content=\"https:\/\/www.facebook.com\/infoalgerieactu\" \/>\n<meta property=\"article:published_time\" content=\"2018-08-29T17:25:29+00:00\" \/>\n<meta property=\"og:image\" content=\"https:\/\/www.info-algerie.com\/actualites\/wp-content\/uploads\/2018\/08\/030bb49e029185f32e8d370515355cff_S-1.jpg\" \/>\n\t<meta property=\"og:image:width\" content=\"280\" \/>\n\t<meta property=\"og:image:height\" content=\"169\" \/>\n\t<meta property=\"og:image:type\" content=\"image\/jpeg\" \/>\n<meta name=\"author\" content=\"La r\u00e9daction\" \/>\n<meta name=\"twitter:label1\" content=\"\u00c9crit par\" \/>\n\t<meta name=\"twitter:data1\" content=\"La r\u00e9daction\" \/>\n\t<meta name=\"twitter:label2\" content=\"Dur\u00e9e de lecture estim\u00e9e\" \/>\n\t<meta name=\"twitter:data2\" content=\"3 minutes\" \/>\n<script type=\"application\/ld+json\" class=\"yoast-schema-graph\">{\"@context\":\"https:\\\/\\\/schema.org\",\"@graph\":[{\"@type\":\"Article\",\"@id\":\"https:\\\/\\\/www.info-algerie.com\\\/actualites\\\/messahel-souligne-le-caractere-strategique-des-relations-algero-sud-africaines\\\/#article\",\"isPartOf\":{\"@id\":\"https:\\\/\\\/www.info-algerie.com\\\/actualites\\\/messahel-souligne-le-caractere-strategique-des-relations-algero-sud-africaines\\\/\"},\"author\":{\"name\":\"La r\u00e9daction\",\"@id\":\"https:\\\/\\\/www.info-algerie.com\\\/actualites\\\/#\\\/schema\\\/person\\\/847aaec44920825b843a08f30ec6aa1e\"},\"headline\":\"Messahel souligne le caract\u00e8re strat\u00e9gique des relations alg\u00e9ro-sud africaines\",\"datePublished\":\"2018-08-29T17:25:29+00:00\",\"mainEntityOfPage\":{\"@id\":\"https:\\\/\\\/www.info-algerie.com\\\/actualites\\\/messahel-souligne-le-caractere-strategique-des-relations-algero-sud-africaines\\\/\"},\"wordCount\":589,\"commentCount\":0,\"publisher\":{\"@id\":\"https:\\\/\\\/www.info-algerie.com\\\/actualites\\\/#organization\"},\"image\":{\"@id\":\"https:\\\/\\\/www.info-algerie.com\\\/actualites\\\/messahel-souligne-le-caractere-strategique-des-relations-algero-sud-africaines\\\/#primaryimage\"},\"thumbnailUrl\":\"https:\\\/\\\/www.info-algerie.com\\\/actualites\\\/wp-content\\\/uploads\\\/2018\\\/08\\\/030bb49e029185f32e8d370515355cff_S-1.jpg\",\"keywords\":[\"ONU\"],\"articleSection\":[\"infos\"],\"inLanguage\":\"fr-FR\",\"potentialAction\":[{\"@type\":\"CommentAction\",\"name\":\"Comment\",\"target\":[\"https:\\\/\\\/www.info-algerie.com\\\/actualites\\\/messahel-souligne-le-caractere-strategique-des-relations-algero-sud-africaines\\\/#respond\"]}]},{\"@type\":\"WebPage\",\"@id\":\"https:\\\/\\\/www.info-algerie.com\\\/actualites\\\/messahel-souligne-le-caractere-strategique-des-relations-algero-sud-africaines\\\/\",\"url\":\"https:\\\/\\\/www.info-algerie.com\\\/actualites\\\/messahel-souligne-le-caractere-strategique-des-relations-algero-sud-africaines\\\/\",\"name\":\"Messahel souligne le caract\u00e8re strat\u00e9gique des relations alg\u00e9ro-sud africaines - info algerie\",\"isPartOf\":{\"@id\":\"https:\\\/\\\/www.info-algerie.com\\\/actualites\\\/#website\"},\"primaryImageOfPage\":{\"@id\":\"https:\\\/\\\/www.info-algerie.com\\\/actualites\\\/messahel-souligne-le-caractere-strategique-des-relations-algero-sud-africaines\\\/#primaryimage\"},\"image\":{\"@id\":\"https:\\\/\\\/www.info-algerie.com\\\/actualites\\\/messahel-souligne-le-caractere-strategique-des-relations-algero-sud-africaines\\\/#primaryimage\"},\"thumbnailUrl\":\"https:\\\/\\\/www.info-algerie.com\\\/actualites\\\/wp-content\\\/uploads\\\/2018\\\/08\\\/030bb49e029185f32e8d370515355cff_S-1.jpg\",\"datePublished\":\"2018-08-29T17:25:29+00:00\",\"breadcrumb\":{\"@id\":\"https:\\\/\\\/www.info-algerie.com\\\/actualites\\\/messahel-souligne-le-caractere-strategique-des-relations-algero-sud-africaines\\\/#breadcrumb\"},\"inLanguage\":\"fr-FR\",\"potentialAction\":[{\"@type\":\"ReadAction\",\"target\":[\"https:\\\/\\\/www.info-algerie.com\\\/actualites\\\/messahel-souligne-le-caractere-strategique-des-relations-algero-sud-africaines\\\/\"]}]},{\"@type\":\"ImageObject\",\"inLanguage\":\"fr-FR\",\"@id\":\"https:\\\/\\\/www.info-algerie.com\\\/actualites\\\/messahel-souligne-le-caractere-strategique-des-relations-algero-sud-africaines\\\/#primaryimage\",\"url\":\"https:\\\/\\\/www.info-algerie.com\\\/actualites\\\/wp-content\\\/uploads\\\/2018\\\/08\\\/030bb49e029185f32e8d370515355cff_S-1.jpg\",\"contentUrl\":\"https:\\\/\\\/www.info-algerie.com\\\/actualites\\\/wp-content\\\/uploads\\\/2018\\\/08\\\/030bb49e029185f32e8d370515355cff_S-1.jpg\",\"width\":280,\"height\":169},{\"@type\":\"BreadcrumbList\",\"@id\":\"https:\\\/\\\/www.info-algerie.com\\\/actualites\\\/messahel-souligne-le-caractere-strategique-des-relations-algero-sud-africaines\\\/#breadcrumb\",\"itemListElement\":[{\"@type\":\"ListItem\",\"position\":1,\"name\":\"Accueil\",\"item\":\"https:\\\/\\\/www.info-algerie.com\\\/actualites\\\/\"},{\"@type\":\"ListItem\",\"position\":2,\"name\":\"Messahel souligne le caract\u00e8re strat\u00e9gique des relations alg\u00e9ro-sud africaines\"}]},{\"@type\":\"WebSite\",\"@id\":\"https:\\\/\\\/www.info-algerie.com\\\/actualites\\\/#website\",\"url\":\"https:\\\/\\\/www.info-algerie.com\\\/actualites\\\/\",\"name\":\"info algerie\",\"description\":\"Toutes les actualit\u00e9s\",\"publisher\":{\"@id\":\"https:\\\/\\\/www.info-algerie.com\\\/actualites\\\/#organization\"},\"potentialAction\":[{\"@type\":\"SearchAction\",\"target\":{\"@type\":\"EntryPoint\",\"urlTemplate\":\"https:\\\/\\\/www.info-algerie.com\\\/actualites\\\/?s={search_term_string}\"},\"query-input\":{\"@type\":\"PropertyValueSpecification\",\"valueRequired\":true,\"valueName\":\"search_term_string\"}}],\"inLanguage\":\"fr-FR\"},{\"@type\":\"Organization\",\"@id\":\"https:\\\/\\\/www.info-algerie.com\\\/actualites\\\/#organization\",\"name\":\"info algerie\",\"url\":\"https:\\\/\\\/www.info-algerie.com\\\/actualites\\\/\",\"logo\":{\"@type\":\"ImageObject\",\"inLanguage\":\"fr-FR\",\"@id\":\"https:\\\/\\\/www.info-algerie.com\\\/actualites\\\/#\\\/schema\\\/logo\\\/image\\\/\",\"url\":\"https:\\\/\\\/www.info-algerie.com\\\/actualites\\\/wp-content\\\/uploads\\\/2022\\\/07\\\/logo-ia-120.png\",\"contentUrl\":\"https:\\\/\\\/www.info-algerie.com\\\/actualites\\\/wp-content\\\/uploads\\\/2022\\\/07\\\/logo-ia-120.png\",\"width\":120,\"height\":43,\"caption\":\"info algerie\"},\"image\":{\"@id\":\"https:\\\/\\\/www.info-algerie.com\\\/actualites\\\/#\\\/schema\\\/logo\\\/image\\\/\"},\"sameAs\":[\"https:\\\/\\\/www.facebook.com\\\/infoalgerieactu\",\"https:\\\/\\\/x.com\\\/infoalgerie1\"]},{\"@type\":\"Person\",\"@id\":\"https:\\\/\\\/www.info-algerie.com\\\/actualites\\\/#\\\/schema\\\/person\\\/847aaec44920825b843a08f30ec6aa1e\",\"name\":\"La r\u00e9daction\",\"image\":{\"@type\":\"ImageObject\",\"inLanguage\":\"fr-FR\",\"@id\":\"https:\\\/\\\/secure.gravatar.com\\\/avatar\\\/769db425c6f465158149f1ffd6cf61ce7a8a879d11dfbef8288af36dfddd418c?s=96&d=mm&r=g\",\"url\":\"https:\\\/\\\/secure.gravatar.com\\\/avatar\\\/769db425c6f465158149f1ffd6cf61ce7a8a879d11dfbef8288af36dfddd418c?s=96&d=mm&r=g\",\"contentUrl\":\"https:\\\/\\\/secure.gravatar.com\\\/avatar\\\/769db425c6f465158149f1ffd6cf61ce7a8a879d11dfbef8288af36dfddd418c?s=96&d=mm&r=g\",\"caption\":\"La r\u00e9daction\"},\"sameAs\":[\"http:\\\/\\\/www.lkeria.com\\\/\"],\"url\":\"https:\\\/\\\/www.info-algerie.com\\\/actualites\\\/author\\\/chakib32\\\/\"}]}<\/script>\n<!-- \/ Yoast SEO plugin. -->","yoast_head_json":{"title":"Messahel souligne le caract\u00e8re strat\u00e9gique des relations alg\u00e9ro-sud africaines - info algerie","robots":{"index":"index","follow":"follow","max-snippet":"max-snippet:-1","max-image-preview":"max-image-preview:large","max-video-preview":"max-video-preview:-1"},"canonical":"https:\/\/www.info-algerie.com\/actualites\/messahel-souligne-le-caractere-strategique-des-relations-algero-sud-africaines\/","og_locale":"fr_FR","og_type":"article","og_title":"Messahel souligne le caract\u00e8re strat\u00e9gique des relations alg\u00e9ro-sud africaines - info algerie","og_description":"CAPE TOWN (Afrique du Sud) &#8211; Le ministre des Affaires \u00e9trang\u00e8res, Abdelkader Messahel, a soulign\u00e9 mercredi \u00e0 Cape Town, que sa visite en Afrique du Sud s\u2019inscrivait dans le cadre du renforcement de la coop\u00e9ration bilat\u00e9rale et de l\u2019approfondissement de la concertation sur les questions r\u00e9gionales et internationales. &#013; &#013; Dans ses propos liminaires \u00e0","og_url":"https:\/\/www.info-algerie.com\/actualites\/messahel-souligne-le-caractere-strategique-des-relations-algero-sud-africaines\/","og_site_name":"info algerie","article_publisher":"https:\/\/www.facebook.com\/infoalgerieactu","article_published_time":"2018-08-29T17:25:29+00:00","og_image":[{"width":280,"height":169,"url":"https:\/\/www.info-algerie.com\/actualites\/wp-content\/uploads\/2018\/08\/030bb49e029185f32e8d370515355cff_S-1.jpg","type":"image\/jpeg"}],"author":"La r\u00e9daction","twitter_misc":{"\u00c9crit par":"La r\u00e9daction","Dur\u00e9e de lecture estim\u00e9e":"3 minutes"},"schema":{"@context":"https:\/\/schema.org","@graph":[{"@type":"Article","@id":"https:\/\/www.info-algerie.com\/actualites\/messahel-souligne-le-caractere-strategique-des-relations-algero-sud-africaines\/#article","isPartOf":{"@id":"https:\/\/www.info-algerie.com\/actualites\/messahel-souligne-le-caractere-strategique-des-relations-algero-sud-africaines\/"},"author":{"name":"La r\u00e9daction","@id":"https:\/\/www.info-algerie.com\/actualites\/#\/schema\/person\/847aaec44920825b843a08f30ec6aa1e"},"headline":"Messahel souligne le caract\u00e8re strat\u00e9gique des relations alg\u00e9ro-sud africaines","datePublished":"2018-08-29T17:25:29+00:00","mainEntityOfPage":{"@id":"https:\/\/www.info-algerie.com\/actualites\/messahel-souligne-le-caractere-strategique-des-relations-algero-sud-africaines\/"},"wordCount":589,"commentCount":0,"publisher":{"@id":"https:\/\/www.info-algerie.com\/actualites\/#organization"},"image":{"@id":"https:\/\/www.info-algerie.com\/actualites\/messahel-souligne-le-caractere-strategique-des-relations-algero-sud-africaines\/#primaryimage"},"thumbnailUrl":"https:\/\/www.info-algerie.com\/actualites\/wp-content\/uploads\/2018\/08\/030bb49e029185f32e8d370515355cff_S-1.jpg","keywords":["ONU"],"articleSection":["infos"],"inLanguage":"fr-FR","potentialAction":[{"@type":"CommentAction","name":"Comment","target":["https:\/\/www.info-algerie.com\/actualites\/messahel-souligne-le-caractere-strategique-des-relations-algero-sud-africaines\/#respond"]}]},{"@type":"WebPage","@id":"https:\/\/www.info-algerie.com\/actualites\/messahel-souligne-le-caractere-strategique-des-relations-algero-sud-africaines\/","url":"https:\/\/www.info-algerie.com\/actualites\/messahel-souligne-le-caractere-strategique-des-relations-algero-sud-africaines\/","name":"Messahel souligne le caract\u00e8re strat\u00e9gique des relations alg\u00e9ro-sud africaines - info algerie","isPartOf":{"@id":"https:\/\/www.info-algerie.com\/actualites\/#website"},"primaryImageOfPage":{"@id":"https:\/\/www.info-algerie.com\/actualites\/messahel-souligne-le-caractere-strategique-des-relations-algero-sud-africaines\/#primaryimage"},"image":{"@id":"https:\/\/www.info-algerie.com\/actualites\/messahel-souligne-le-caractere-strategique-des-relations-algero-sud-africaines\/#primaryimage"},"thumbnailUrl":"https:\/\/www.info-algerie.com\/actualites\/wp-content\/uploads\/2018\/08\/030bb49e029185f32e8d370515355cff_S-1.jpg","datePublished":"2018-08-29T17:25:29+00:00","breadcrumb":{"@id":"https:\/\/www.info-algerie.com\/actualites\/messahel-souligne-le-caractere-strategique-des-relations-algero-sud-africaines\/#breadcrumb"},"inLanguage":"fr-FR","potentialAction":[{"@type":"ReadAction","target":["https:\/\/www.info-algerie.com\/actualites\/messahel-souligne-le-caractere-strategique-des-relations-algero-sud-africaines\/"]}]},{"@type":"ImageObject","inLanguage":"fr-FR","@id":"https:\/\/www.info-algerie.com\/actualites\/messahel-souligne-le-caractere-strategique-des-relations-algero-sud-africaines\/#primaryimage","url":"https:\/\/www.info-algerie.com\/actualites\/wp-content\/uploads\/2018\/08\/030bb49e029185f32e8d370515355cff_S-1.jpg","contentUrl":"https:\/\/www.info-algerie.com\/actualites\/wp-content\/uploads\/2018\/08\/030bb49e029185f32e8d370515355cff_S-1.jpg","width":280,"height":169},{"@type":"BreadcrumbList","@id":"https:\/\/www.info-algerie.com\/actualites\/messahel-souligne-le-caractere-strategique-des-relations-algero-sud-africaines\/#breadcrumb","itemListElement":[{"@type":"ListItem","position":1,"name":"Accueil","item":"https:\/\/www.info-algerie.com\/actualites\/"},{"@type":"ListItem","position":2,"name":"Messahel souligne le caract\u00e8re strat\u00e9gique des relations alg\u00e9ro-sud africaines"}]},{"@type":"WebSite","@id":"https:\/\/www.info-algerie.com\/actualites\/#website","url":"https:\/\/www.info-algerie.com\/actualites\/","name":"info algerie","description":"Toutes les actualit\u00e9s","publisher":{"@id":"https:\/\/www.info-algerie.com\/actualites\/#organization"},"potentialAction":[{"@type":"SearchAction","target":{"@type":"EntryPoint","urlTemplate":"https:\/\/www.info-algerie.com\/actualites\/?s={search_term_string}"},"query-input":{"@type":"PropertyValueSpecification","valueRequired":true,"valueName":"search_term_string"}}],"inLanguage":"fr-FR"},{"@type":"Organization","@id":"https:\/\/www.info-algerie.com\/actualites\/#organization","name":"info algerie","url":"https:\/\/www.info-algerie.com\/actualites\/","logo":{"@type":"ImageObject","inLanguage":"fr-FR","@id":"https:\/\/www.info-algerie.com\/actualites\/#\/schema\/logo\/image\/","url":"https:\/\/www.info-algerie.com\/actualites\/wp-content\/uploads\/2022\/07\/logo-ia-120.png","contentUrl":"https:\/\/www.info-algerie.com\/actualites\/wp-content\/uploads\/2022\/07\/logo-ia-120.png","width":120,"height":43,"caption":"info algerie"},"image":{"@id":"https:\/\/www.info-algerie.com\/actualites\/#\/schema\/logo\/image\/"},"sameAs":["https:\/\/www.facebook.com\/infoalgerieactu","https:\/\/x.com\/infoalgerie1"]},{"@type":"Person","@id":"https:\/\/www.info-algerie.com\/actualites\/#\/schema\/person\/847aaec44920825b843a08f30ec6aa1e","name":"La r\u00e9daction","image":{"@type":"ImageObject","inLanguage":"fr-FR","@id":"https:\/\/secure.gravatar.com\/avatar\/769db425c6f465158149f1ffd6cf61ce7a8a879d11dfbef8288af36dfddd418c?s=96&d=mm&r=g","url":"https:\/\/secure.gravatar.com\/avatar\/769db425c6f465158149f1ffd6cf61ce7a8a879d11dfbef8288af36dfddd418c?s=96&d=mm&r=g","contentUrl":"https:\/\/secure.gravatar.com\/avatar\/769db425c6f465158149f1ffd6cf61ce7a8a879d11dfbef8288af36dfddd418c?s=96&d=mm&r=g","caption":"La r\u00e9daction"},"sameAs":["http:\/\/www.lkeria.com\/"],"url":"https:\/\/www.info-algerie.com\/actualites\/author\/chakib32\/"}]}},"_links":{"self":[{"href":"https:\/\/www.info-algerie.com\/actualites\/wp-json\/wp\/v2\/posts\/26671","targetHints":{"allow":["GET"]}}],"collection":[{"href":"https:\/\/www.info-algerie.com\/actualites\/wp-json\/wp\/v2\/posts"}],"about":[{"href":"https:\/\/www.info-algerie.com\/actualites\/wp-json\/wp\/v2\/types\/post"}],"author":[{"embeddable":true,"href":"https:\/\/www.info-algerie.com\/actualites\/wp-json\/wp\/v2\/users\/6"}],"replies":[{"embeddable":true,"href":"https:\/\/www.info-algerie.com\/actualites\/wp-json\/wp\/v2\/comments?post=26671"}],"version-history":[{"count":0,"href":"https:\/\/www.info-algerie.com\/actualites\/wp-json\/wp\/v2\/posts\/26671\/revisions"}],"wp:featuredmedia":[{"embeddable":true,"href":"https:\/\/www.info-algerie.com\/actualites\/wp-json\/wp\/v2\/media\/26672"}],"wp:attachment":[{"href":"https:\/\/www.info-algerie.com\/actualites\/wp-json\/wp\/v2\/media?parent=26671"}],"wp:term":[{"taxonomy":"category","embeddable":true,"href":"https:\/\/www.info-algerie.com\/actualites\/wp-json\/wp\/v2\/categories?post=26671"},{"taxonomy":"post_tag","embeddable":true,"href":"https:\/\/www.info-algerie.com\/actualites\/wp-json\/wp\/v2\/tags?post=26671"}],"curies":[{"name":"wp","href":"https:\/\/api.w.org\/{rel}","templated":true}]}}