{"id":26685,"date":"2018-08-30T12:25:33","date_gmt":"2018-08-30T11:25:33","guid":{"rendered":"http:\/\/www.info-algerie.com\/actualites\/gaid-salah-preside-linstallation-du-nouveau-commandant-de-la-4eme-region-militaire\/"},"modified":"2018-08-30T12:25:33","modified_gmt":"2018-08-30T11:25:33","slug":"gaid-salah-preside-linstallation-du-nouveau-commandant-de-la-4eme-region-militaire","status":"publish","type":"post","link":"https:\/\/www.info-algerie.com\/actualites\/gaid-salah-preside-linstallation-du-nouveau-commandant-de-la-4eme-region-militaire\/","title":{"rendered":"Ga\u00efd Salah pr\u00e9side l&#039;installation du nouveau Commandant de la 4\u00e8me R\u00e9gion  militaire"},"content":{"rendered":"<div class=\"K2FeedImage\"><img decoding=\"async\" src=\"https:\/\/www.info-algerie.com\/actualites\/wp-content\/uploads\/2018\/08\/d9ad3b2045a7c68a2702412f311c1f34_S.jpg\" alt=\"Ga&#xEF;d Salah pr&#xE9;side l'installation du nouveau Commandant de la 4&#xE8;me R&#xE9;gion  militaire\" \/><\/div>\n<div class=\"K2FeedIntroText\">\n<p>ALGER- Le g\u00e9n\u00e9ral de Corps d&rsquo;arm\u00e9e, Ahmed Ga\u00efd Salah, vice-ministre de la D\u00e9fense nationale, chef d&rsquo;Etat-major de l&rsquo;Arm\u00e9e nationale populaire (ANP), a pr\u00e9sid\u00e9 jeudi la c\u00e9r\u00e9monie d&rsquo;installation du nouveau Commandant de la 4\u00e8me R\u00e9gion militaire \u00e0 Ouargla, le g\u00e9n\u00e9ral-major Hassan Alla\u00efmia, en succession au g\u00e9n\u00e9ral-major Cherif Abderezzak, admis \u00e0 la retraire, indique un communiqu\u00e9 du minist\u00e8re de la D\u00e9fense nationale (MDN).<\/p>\n<p>&#013;\n<\/p><\/div>\n<div class=\"K2FeedFullText\">&#013;<\/p>\n<p>Cette installation est intervenue \u00ab\u00a0au nom du Pr\u00e9sident de la R\u00e9publique, Chef supr\u00eame des Forces arm\u00e9es, ministre de la D\u00e9fense nationale et conform\u00e9ment au D\u00e9cret Pr\u00e9sidentiel du 25 ao\u00fbt 2018\u00a0\u00bb.<\/p>\n<p>&#013;<\/p>\n<p>A l&rsquo;entame et par fid\u00e9lit\u00e9 \u00e0 la m\u00e9moire des Chouhada, le g\u00e9n\u00e9ral de Corps d&rsquo;arm\u00e9e a \u00ab\u00a0observ\u00e9 un moment de recueillement sur l&rsquo;\u00e2me du Chahid Chihani Bachir, dont le si\u00e8ge de la R\u00e9gion porte son nom, o\u00f9 il a d\u00e9pos\u00e9 une gerbe de fleurs devant la st\u00e8le comm\u00e9morative et a r\u00e9cit\u00e9 la Fatiha du Saint Coran \u00e0 la m\u00e9moire des valeureux Chouhada\u00a0\u00bb.<\/p>\n<p>&#013;<\/p>\n<p style=\"text-align: center\"><img loading=\"lazy\" decoding=\"async\" src=\"https:\/\/www.info-algerie.com\/actualites\/wp-content\/uploads\/2018\/08\/ch.jpg\" alt=\"\" width=\"462\" height=\"270\" \/><\/p>\n<p>&#013;<\/p>\n<p>Par la suite, et en pr\u00e9sence des cadres et des personnels de la R\u00e9gion, le chef d&rsquo;Etat-major de l&rsquo;ANP \u00ab\u00a0a annonc\u00e9<strong><em> l&rsquo;installation officielle du g\u00e9n\u00e9ral-major Hassan Alla\u00efmia, nouveau Commandant de la R\u00e9gion, et lui a remis l&#8217;embl\u00e8me national\u00a0\u00bb.<\/em><\/strong><\/p>\n<p>&#013;<\/p>\n<hr \/>\n<p>Lire aussi: <a href=\"http:\/\/www.aps.dz\/algerie\/77947-gaid-salah-exhorte-le-personnel-de-la-4e-region-militaire-a-redoubler-de-vigilance\"> <span class=\"highlight\">Ga\u00efd<\/span> <span class=\"highlight\">Salah<\/span> exhorte le personnel de la 4\u00e8 R\u00e9gion militaire \u00e0 \u00ab\u00a0redoubler de vigilance\u00a0\u00bb<\/a><\/p>\n<p>&#013;<\/p>\n<hr \/>\n<p>\u00ab\u00a0Au nom de son Excellence, Monsieur le Pr\u00e9sident de la R\u00e9publique, Chef supr\u00eame des Forces arm\u00e9es, Ministre de la D\u00e9fense nationale et conform\u00e9ment au D\u00e9cret Pr\u00e9sidentiel du 25 ao\u00fbt 2018, j&rsquo;installe officiellement, en ce jour, le g\u00e9n\u00e9ral-major Hassan Alla\u00efmia, Commandant de la 4\u00e8me R\u00e9gion militaire, en succession au g\u00e9n\u00e9ral-major Cherif Abderezzak\u00a0\u00bb, a d\u00e9clar\u00e9 le g\u00e9n\u00e9ral de Corps d&rsquo;arm\u00e9e.<\/p>\n<p>&#013;<\/p>\n<p><strong><em>Par la m\u00eame occasion, le chef d&rsquo;Etat-major a tenu une rencontre avec le Commandement et les cadres de la R\u00e9gion, o\u00f9 il a prononc\u00e9 une allocution, suivie via visioconf\u00e9rence par toutes les unit\u00e9s des 4\u00e8me et 6\u00e8me R\u00e9gions militaires, et \u00e0 travers laquelle il a mis l&rsquo;accent sur l'\u00a0\u00bbimportance strat\u00e9gique de cette R\u00e9gion militaire et sur les efforts consentis pas ses unit\u00e9s dans le cadre de la s\u00e9curisation de nos fronti\u00e8res nationales Sud-Est et des points n\u00e9vralgiques sur le territoire de la R\u00e9gion\u00a0\u00bb.<\/em><\/strong><\/p>\n<p>&#013;<\/p>\n<hr \/>\n<p>Lire aussi: <a href=\"http:\/\/www.aps.dz\/algerie\/74903-les-ambitions-de-modernisation-de-l-anp-sont-grandes-et-infinies\"> Les ambitions de modernisation de l&rsquo;ANP sont \u00ab\u00a0grandes\u00a0\u00bb et \u00ab\u00a0infinies\u00a0\u00bb<\/a><\/p>\n<p>&#013;<\/p>\n<hr \/>\n<p>\u00ab\u00a0Sur cette d\u00e9marche, l&rsquo;ANP, digne h\u00e9riti\u00e8re de l&rsquo;Arm\u00e9e de lib\u00e9ration nationale (ALN) appuy\u00e9e par le soutien ind\u00e9fectible de Son Excellence, Monsieur le Pr\u00e9sident de la R\u00e9publique, Chef supr\u00eame des Forces arm\u00e9es, Ministre de la D\u00e9fense nationale, demeurera attach\u00e9e \u00e0 l&rsquo;accomplissement de ses missions constitutionnelles avec d\u00e9vouement et comp\u00e9tence et dans toutes les conditions et circonstances. Elle ne sera jamais entrav\u00e9e par d&rsquo;\u00e9ventuels d\u00e9fis et enjeux. A dire vrai, les enjeux majeurs qui m\u00e9ritent de fournir de laborieux efforts pour les remporter sont l&rsquo;enjeu de la sauvegarde de l&rsquo;ind\u00e9pendance de l&rsquo;Alg\u00e9rie, le renforcement des fondements de sa souverainet\u00e9 nationale et de son int\u00e9grit\u00e9 territoriale et la pr\u00e9servation de la force et de la coh\u00e9sion de son peuple\u00a0\u00bb, a fait valoir le g\u00e9n\u00e9ral de Corps d&rsquo;arm\u00e9e.<\/p>\n<p>&#013;<\/p>\n<p>\u00ab\u00a0Nous sommes clairement conscients que l&rsquo;Alg\u00e9rie demeure toujours confront\u00e9e \u00e0 de multiples d\u00e9fis qu&rsquo;elle doit gagner. Sur ce, l&rsquo;ANP s&rsquo;estime porteuse d&rsquo;un message nationaliste noble aux port\u00e9es historiques voire prospectives et se voit toujours mobilis\u00e9e au service de son peuple et sa patrie\u00a0\u00bb, a-t-il soulign\u00e9.<\/p>\n<p>&#013;<\/p>\n<p>Le g\u00e9n\u00e9ral de Corps d&rsquo;arm\u00e9e a \u00ab\u00a0exhort\u00e9 les personnels des unit\u00e9s de la R\u00e9gion et tous les personnels de l&rsquo;ANP, \u00e0 intensifier leurs efforts pers\u00e9v\u00e9rants et in\u00e9luctables et \u00e0 \u00eatre clairement conscients que l&rsquo;ANP, digne h\u00e9riti\u00e8re de l&rsquo;ALN a toujours besoin de tout effort sinc\u00e8re et d\u00e9vou\u00e9 au service de la sauvegarde de la s\u00e9curit\u00e9 de l&rsquo;Alg\u00e9rie, de sa stabilit\u00e9 et de tous ses remparts\u00a0\u00bb, rel\u00e8ve la communiqu\u00e9.<\/p>\n<p>&#013;<\/p>\n<p>\u00ab\u00a0Dans ce contexte pr\u00e9cis\u00e9ment, les hommes de l&rsquo;ANP, digne h\u00e9riti\u00e8re de l&rsquo;ALN sont amplement engag\u00e9s \u00e0 d\u00e9fendre toutes nos fronti\u00e8res terrestres, nos eaux territoriales et notre espace a\u00e9rien\u00a0\u00bb, a fait savoir le chef d&rsquo;Etat-major de l&rsquo;ANP, relavant que \u00ab\u00a0certes, c&rsquo;est une lourde responsabilit\u00e9 qui exige de ces hommes de maitriser parfaitement les imp\u00e9ratifs de l&rsquo;accomplissement ad\u00e9quat des missions assign\u00e9es et de veiller \u00e0 am\u00e9liorer leurs comp\u00e9tences, de forger leurs savoir-faire et de d\u00e9velopper leurs habilet\u00e9s et capacit\u00e9s professionnelles\u00a0\u00bb.\u00a0<\/p>\n<p>&#013;<\/p>\n<p>\u00ab\u00a0Telles sont les v\u00e9ritables qualit\u00e9s que nous veillons \u00e0 promouvoir chez les cadres d&rsquo;aujourd&rsquo;hui et de demain, avec lesquels nous comptons prendre le cap de la modernisation de notre arm\u00e9e et de sa mise rationnelle et graduelle sur les rails du professionnalisme qui, comme vous le savez, constitue de longs pas de qualit\u00e9 franchis d\u00e9j\u00e0 par nos forces Arm\u00e9es sur plus d&rsquo;un niveau. Ceci augure assur\u00e9ment, de notre capacit\u00e9 \u00e0 franchir d&rsquo;autres \u00e9tapes, et nous les franchirons certainement car nous avons de grandes ambitions et des aspirations professionnelles l\u00e9gitimes que nous pers\u00e9v\u00e9rons \u00e0 les concr\u00e9tiser sur le terrain en toutes circonstances et conditions\u00a0\u00bb, a affirm\u00e9 le vice-ministre de la D\u00e9fense nationale.<\/p>\n<p>&#013;<\/p>\n<p>Le g\u00e9n\u00e9ral de Corps d&rsquo;arm\u00e9e a, par la suite, \u00e9cout\u00e9 les interventions des personnels de la R\u00e9gion qui ont \u00ab\u00a0r\u00e9it\u00e9r\u00e9 leur ind\u00e9fectible engagement \u00e0 d\u00e9fendre l&rsquo;int\u00e9grit\u00e9 territoriale de notre pays\u00a0\u00bb, conclut le communiqu\u00e9.<\/p>\n<\/div>\n<p>&#013;<br \/>\nSource: <a href=\"http:\/\/www.aps.dz\/algerie\/77959-gaid-salah-preside-l-installation-du-nouveau-commandant-de-la-4eme-region-militaire\" target=\"_blank\">Ga\u00efd Salah pr\u00e9side l&rsquo;installation du nouveau Commandant de la 4\u00e8me R\u00e9gion  militaire<\/a><\/p>\n<!--CusAds0-->\n<div style=\"font-size: 0px; height: 0px; line-height: 0px; margin: 0; padding: 0; clear: both;\"><\/div>","protected":false},"excerpt":{"rendered":"<p>ALGER- Le g\u00e9n\u00e9ral de Corps d&rsquo;arm\u00e9e, Ahmed Ga\u00efd Salah, vice-ministre de la D\u00e9fense nationale, chef d&rsquo;Etat-major de l&rsquo;Arm\u00e9e nationale populaire (ANP), a pr\u00e9sid\u00e9 jeudi la c\u00e9r\u00e9monie d&rsquo;installation du nouveau Commandant de la 4\u00e8me R\u00e9gion militaire \u00e0 Ouargla, le g\u00e9n\u00e9ral-major Hassan Alla\u00efmia, en succession au g\u00e9n\u00e9ral-major Cherif Abderezzak, admis \u00e0 la retraire, indique un communiqu\u00e9 du<\/p>\n","protected":false},"author":6,"featured_media":26686,"comment_status":"open","ping_status":"open","sticky":false,"template":"","format":"standard","meta":{"footnotes":""},"categories":[22],"tags":[93],"class_list":["post-26685","post","type-post","status-publish","format-standard","has-post-thumbnail","hentry","category-infos","tag-onu"],"yoast_head":"<!-- This site is optimized with the Yoast SEO plugin v27.5 - https:\/\/yoast.com\/product\/yoast-seo-wordpress\/ -->\n<title>Ga\u00efd Salah pr\u00e9side l&#039;installation du nouveau Commandant de la 4\u00e8me R\u00e9gion militaire - info algerie<\/title>\n<meta name=\"robots\" content=\"index, follow, max-snippet:-1, max-image-preview:large, max-video-preview:-1\" \/>\n<link rel=\"canonical\" href=\"https:\/\/www.info-algerie.com\/actualites\/gaid-salah-preside-linstallation-du-nouveau-commandant-de-la-4eme-region-militaire\/\" \/>\n<meta property=\"og:locale\" content=\"fr_FR\" \/>\n<meta property=\"og:type\" content=\"article\" \/>\n<meta property=\"og:title\" content=\"Ga\u00efd Salah pr\u00e9side l&#039;installation du nouveau Commandant de la 4\u00e8me R\u00e9gion militaire - info algerie\" \/>\n<meta property=\"og:description\" content=\"ALGER- Le g\u00e9n\u00e9ral de Corps d&rsquo;arm\u00e9e, Ahmed Ga\u00efd Salah, vice-ministre de la D\u00e9fense nationale, chef d&rsquo;Etat-major de l&rsquo;Arm\u00e9e nationale populaire (ANP), a pr\u00e9sid\u00e9 jeudi la c\u00e9r\u00e9monie d&rsquo;installation du nouveau Commandant de la 4\u00e8me R\u00e9gion militaire \u00e0 Ouargla, le g\u00e9n\u00e9ral-major Hassan Alla\u00efmia, en succession au g\u00e9n\u00e9ral-major Cherif Abderezzak, admis \u00e0 la retraire, indique un communiqu\u00e9 du\" \/>\n<meta property=\"og:url\" content=\"https:\/\/www.info-algerie.com\/actualites\/gaid-salah-preside-linstallation-du-nouveau-commandant-de-la-4eme-region-militaire\/\" \/>\n<meta property=\"og:site_name\" content=\"info algerie\" \/>\n<meta property=\"article:publisher\" content=\"https:\/\/www.facebook.com\/infoalgerieactu\" \/>\n<meta property=\"article:published_time\" content=\"2018-08-30T11:25:33+00:00\" \/>\n<meta property=\"og:image\" content=\"https:\/\/www.info-algerie.com\/actualites\/wp-content\/uploads\/2018\/08\/d9ad3b2045a7c68a2702412f311c1f34_S-1.jpg\" \/>\n\t<meta property=\"og:image:width\" content=\"280\" \/>\n\t<meta property=\"og:image:height\" content=\"169\" \/>\n\t<meta property=\"og:image:type\" content=\"image\/jpeg\" \/>\n<meta name=\"author\" content=\"La r\u00e9daction\" \/>\n<meta name=\"twitter:label1\" content=\"\u00c9crit par\" \/>\n\t<meta name=\"twitter:data1\" content=\"La r\u00e9daction\" \/>\n\t<meta name=\"twitter:label2\" content=\"Dur\u00e9e de lecture estim\u00e9e\" \/>\n\t<meta name=\"twitter:data2\" content=\"5 minutes\" \/>\n<script type=\"application\/ld+json\" class=\"yoast-schema-graph\">{\"@context\":\"https:\\\/\\\/schema.org\",\"@graph\":[{\"@type\":\"Article\",\"@id\":\"https:\\\/\\\/www.info-algerie.com\\\/actualites\\\/gaid-salah-preside-linstallation-du-nouveau-commandant-de-la-4eme-region-militaire\\\/#article\",\"isPartOf\":{\"@id\":\"https:\\\/\\\/www.info-algerie.com\\\/actualites\\\/gaid-salah-preside-linstallation-du-nouveau-commandant-de-la-4eme-region-militaire\\\/\"},\"author\":{\"name\":\"La r\u00e9daction\",\"@id\":\"https:\\\/\\\/www.info-algerie.com\\\/actualites\\\/#\\\/schema\\\/person\\\/847aaec44920825b843a08f30ec6aa1e\"},\"headline\":\"Ga\u00efd Salah pr\u00e9side l&#039;installation du nouveau Commandant de la 4\u00e8me R\u00e9gion militaire\",\"datePublished\":\"2018-08-30T11:25:33+00:00\",\"mainEntityOfPage\":{\"@id\":\"https:\\\/\\\/www.info-algerie.com\\\/actualites\\\/gaid-salah-preside-linstallation-du-nouveau-commandant-de-la-4eme-region-militaire\\\/\"},\"wordCount\":1038,\"commentCount\":0,\"publisher\":{\"@id\":\"https:\\\/\\\/www.info-algerie.com\\\/actualites\\\/#organization\"},\"image\":{\"@id\":\"https:\\\/\\\/www.info-algerie.com\\\/actualites\\\/gaid-salah-preside-linstallation-du-nouveau-commandant-de-la-4eme-region-militaire\\\/#primaryimage\"},\"thumbnailUrl\":\"https:\\\/\\\/www.info-algerie.com\\\/actualites\\\/wp-content\\\/uploads\\\/2018\\\/08\\\/d9ad3b2045a7c68a2702412f311c1f34_S-1.jpg\",\"keywords\":[\"ONU\"],\"articleSection\":[\"infos\"],\"inLanguage\":\"fr-FR\",\"potentialAction\":[{\"@type\":\"CommentAction\",\"name\":\"Comment\",\"target\":[\"https:\\\/\\\/www.info-algerie.com\\\/actualites\\\/gaid-salah-preside-linstallation-du-nouveau-commandant-de-la-4eme-region-militaire\\\/#respond\"]}]},{\"@type\":\"WebPage\",\"@id\":\"https:\\\/\\\/www.info-algerie.com\\\/actualites\\\/gaid-salah-preside-linstallation-du-nouveau-commandant-de-la-4eme-region-militaire\\\/\",\"url\":\"https:\\\/\\\/www.info-algerie.com\\\/actualites\\\/gaid-salah-preside-linstallation-du-nouveau-commandant-de-la-4eme-region-militaire\\\/\",\"name\":\"Ga\u00efd Salah pr\u00e9side l&#039;installation du nouveau Commandant de la 4\u00e8me R\u00e9gion militaire - info algerie\",\"isPartOf\":{\"@id\":\"https:\\\/\\\/www.info-algerie.com\\\/actualites\\\/#website\"},\"primaryImageOfPage\":{\"@id\":\"https:\\\/\\\/www.info-algerie.com\\\/actualites\\\/gaid-salah-preside-linstallation-du-nouveau-commandant-de-la-4eme-region-militaire\\\/#primaryimage\"},\"image\":{\"@id\":\"https:\\\/\\\/www.info-algerie.com\\\/actualites\\\/gaid-salah-preside-linstallation-du-nouveau-commandant-de-la-4eme-region-militaire\\\/#primaryimage\"},\"thumbnailUrl\":\"https:\\\/\\\/www.info-algerie.com\\\/actualites\\\/wp-content\\\/uploads\\\/2018\\\/08\\\/d9ad3b2045a7c68a2702412f311c1f34_S-1.jpg\",\"datePublished\":\"2018-08-30T11:25:33+00:00\",\"breadcrumb\":{\"@id\":\"https:\\\/\\\/www.info-algerie.com\\\/actualites\\\/gaid-salah-preside-linstallation-du-nouveau-commandant-de-la-4eme-region-militaire\\\/#breadcrumb\"},\"inLanguage\":\"fr-FR\",\"potentialAction\":[{\"@type\":\"ReadAction\",\"target\":[\"https:\\\/\\\/www.info-algerie.com\\\/actualites\\\/gaid-salah-preside-linstallation-du-nouveau-commandant-de-la-4eme-region-militaire\\\/\"]}]},{\"@type\":\"ImageObject\",\"inLanguage\":\"fr-FR\",\"@id\":\"https:\\\/\\\/www.info-algerie.com\\\/actualites\\\/gaid-salah-preside-linstallation-du-nouveau-commandant-de-la-4eme-region-militaire\\\/#primaryimage\",\"url\":\"https:\\\/\\\/www.info-algerie.com\\\/actualites\\\/wp-content\\\/uploads\\\/2018\\\/08\\\/d9ad3b2045a7c68a2702412f311c1f34_S-1.jpg\",\"contentUrl\":\"https:\\\/\\\/www.info-algerie.com\\\/actualites\\\/wp-content\\\/uploads\\\/2018\\\/08\\\/d9ad3b2045a7c68a2702412f311c1f34_S-1.jpg\",\"width\":280,\"height\":169},{\"@type\":\"BreadcrumbList\",\"@id\":\"https:\\\/\\\/www.info-algerie.com\\\/actualites\\\/gaid-salah-preside-linstallation-du-nouveau-commandant-de-la-4eme-region-militaire\\\/#breadcrumb\",\"itemListElement\":[{\"@type\":\"ListItem\",\"position\":1,\"name\":\"Accueil\",\"item\":\"https:\\\/\\\/www.info-algerie.com\\\/actualites\\\/\"},{\"@type\":\"ListItem\",\"position\":2,\"name\":\"Ga\u00efd Salah pr\u00e9side l&#039;installation du nouveau Commandant de la 4\u00e8me R\u00e9gion militaire\"}]},{\"@type\":\"WebSite\",\"@id\":\"https:\\\/\\\/www.info-algerie.com\\\/actualites\\\/#website\",\"url\":\"https:\\\/\\\/www.info-algerie.com\\\/actualites\\\/\",\"name\":\"info algerie\",\"description\":\"Toutes les actualit\u00e9s\",\"publisher\":{\"@id\":\"https:\\\/\\\/www.info-algerie.com\\\/actualites\\\/#organization\"},\"potentialAction\":[{\"@type\":\"SearchAction\",\"target\":{\"@type\":\"EntryPoint\",\"urlTemplate\":\"https:\\\/\\\/www.info-algerie.com\\\/actualites\\\/?s={search_term_string}\"},\"query-input\":{\"@type\":\"PropertyValueSpecification\",\"valueRequired\":true,\"valueName\":\"search_term_string\"}}],\"inLanguage\":\"fr-FR\"},{\"@type\":\"Organization\",\"@id\":\"https:\\\/\\\/www.info-algerie.com\\\/actualites\\\/#organization\",\"name\":\"info algerie\",\"url\":\"https:\\\/\\\/www.info-algerie.com\\\/actualites\\\/\",\"logo\":{\"@type\":\"ImageObject\",\"inLanguage\":\"fr-FR\",\"@id\":\"https:\\\/\\\/www.info-algerie.com\\\/actualites\\\/#\\\/schema\\\/logo\\\/image\\\/\",\"url\":\"https:\\\/\\\/www.info-algerie.com\\\/actualites\\\/wp-content\\\/uploads\\\/2022\\\/07\\\/logo-ia-120.png\",\"contentUrl\":\"https:\\\/\\\/www.info-algerie.com\\\/actualites\\\/wp-content\\\/uploads\\\/2022\\\/07\\\/logo-ia-120.png\",\"width\":120,\"height\":43,\"caption\":\"info algerie\"},\"image\":{\"@id\":\"https:\\\/\\\/www.info-algerie.com\\\/actualites\\\/#\\\/schema\\\/logo\\\/image\\\/\"},\"sameAs\":[\"https:\\\/\\\/www.facebook.com\\\/infoalgerieactu\",\"https:\\\/\\\/x.com\\\/infoalgerie1\"]},{\"@type\":\"Person\",\"@id\":\"https:\\\/\\\/www.info-algerie.com\\\/actualites\\\/#\\\/schema\\\/person\\\/847aaec44920825b843a08f30ec6aa1e\",\"name\":\"La r\u00e9daction\",\"image\":{\"@type\":\"ImageObject\",\"inLanguage\":\"fr-FR\",\"@id\":\"https:\\\/\\\/secure.gravatar.com\\\/avatar\\\/769db425c6f465158149f1ffd6cf61ce7a8a879d11dfbef8288af36dfddd418c?s=96&d=mm&r=g\",\"url\":\"https:\\\/\\\/secure.gravatar.com\\\/avatar\\\/769db425c6f465158149f1ffd6cf61ce7a8a879d11dfbef8288af36dfddd418c?s=96&d=mm&r=g\",\"contentUrl\":\"https:\\\/\\\/secure.gravatar.com\\\/avatar\\\/769db425c6f465158149f1ffd6cf61ce7a8a879d11dfbef8288af36dfddd418c?s=96&d=mm&r=g\",\"caption\":\"La r\u00e9daction\"},\"sameAs\":[\"http:\\\/\\\/www.lkeria.com\\\/\"],\"url\":\"https:\\\/\\\/www.info-algerie.com\\\/actualites\\\/author\\\/chakib32\\\/\"}]}<\/script>\n<!-- \/ Yoast SEO plugin. -->","yoast_head_json":{"title":"Ga\u00efd Salah pr\u00e9side l&#039;installation du nouveau Commandant de la 4\u00e8me R\u00e9gion militaire - info algerie","robots":{"index":"index","follow":"follow","max-snippet":"max-snippet:-1","max-image-preview":"max-image-preview:large","max-video-preview":"max-video-preview:-1"},"canonical":"https:\/\/www.info-algerie.com\/actualites\/gaid-salah-preside-linstallation-du-nouveau-commandant-de-la-4eme-region-militaire\/","og_locale":"fr_FR","og_type":"article","og_title":"Ga\u00efd Salah pr\u00e9side l&#039;installation du nouveau Commandant de la 4\u00e8me R\u00e9gion militaire - info algerie","og_description":"ALGER- Le g\u00e9n\u00e9ral de Corps d&rsquo;arm\u00e9e, Ahmed Ga\u00efd Salah, vice-ministre de la D\u00e9fense nationale, chef d&rsquo;Etat-major de l&rsquo;Arm\u00e9e nationale populaire (ANP), a pr\u00e9sid\u00e9 jeudi la c\u00e9r\u00e9monie d&rsquo;installation du nouveau Commandant de la 4\u00e8me R\u00e9gion militaire \u00e0 Ouargla, le g\u00e9n\u00e9ral-major Hassan Alla\u00efmia, en succession au g\u00e9n\u00e9ral-major Cherif Abderezzak, admis \u00e0 la retraire, indique un communiqu\u00e9 du","og_url":"https:\/\/www.info-algerie.com\/actualites\/gaid-salah-preside-linstallation-du-nouveau-commandant-de-la-4eme-region-militaire\/","og_site_name":"info algerie","article_publisher":"https:\/\/www.facebook.com\/infoalgerieactu","article_published_time":"2018-08-30T11:25:33+00:00","og_image":[{"width":280,"height":169,"url":"https:\/\/www.info-algerie.com\/actualites\/wp-content\/uploads\/2018\/08\/d9ad3b2045a7c68a2702412f311c1f34_S-1.jpg","type":"image\/jpeg"}],"author":"La r\u00e9daction","twitter_misc":{"\u00c9crit par":"La r\u00e9daction","Dur\u00e9e de lecture estim\u00e9e":"5 minutes"},"schema":{"@context":"https:\/\/schema.org","@graph":[{"@type":"Article","@id":"https:\/\/www.info-algerie.com\/actualites\/gaid-salah-preside-linstallation-du-nouveau-commandant-de-la-4eme-region-militaire\/#article","isPartOf":{"@id":"https:\/\/www.info-algerie.com\/actualites\/gaid-salah-preside-linstallation-du-nouveau-commandant-de-la-4eme-region-militaire\/"},"author":{"name":"La r\u00e9daction","@id":"https:\/\/www.info-algerie.com\/actualites\/#\/schema\/person\/847aaec44920825b843a08f30ec6aa1e"},"headline":"Ga\u00efd Salah pr\u00e9side l&#039;installation du nouveau Commandant de la 4\u00e8me R\u00e9gion militaire","datePublished":"2018-08-30T11:25:33+00:00","mainEntityOfPage":{"@id":"https:\/\/www.info-algerie.com\/actualites\/gaid-salah-preside-linstallation-du-nouveau-commandant-de-la-4eme-region-militaire\/"},"wordCount":1038,"commentCount":0,"publisher":{"@id":"https:\/\/www.info-algerie.com\/actualites\/#organization"},"image":{"@id":"https:\/\/www.info-algerie.com\/actualites\/gaid-salah-preside-linstallation-du-nouveau-commandant-de-la-4eme-region-militaire\/#primaryimage"},"thumbnailUrl":"https:\/\/www.info-algerie.com\/actualites\/wp-content\/uploads\/2018\/08\/d9ad3b2045a7c68a2702412f311c1f34_S-1.jpg","keywords":["ONU"],"articleSection":["infos"],"inLanguage":"fr-FR","potentialAction":[{"@type":"CommentAction","name":"Comment","target":["https:\/\/www.info-algerie.com\/actualites\/gaid-salah-preside-linstallation-du-nouveau-commandant-de-la-4eme-region-militaire\/#respond"]}]},{"@type":"WebPage","@id":"https:\/\/www.info-algerie.com\/actualites\/gaid-salah-preside-linstallation-du-nouveau-commandant-de-la-4eme-region-militaire\/","url":"https:\/\/www.info-algerie.com\/actualites\/gaid-salah-preside-linstallation-du-nouveau-commandant-de-la-4eme-region-militaire\/","name":"Ga\u00efd Salah pr\u00e9side l&#039;installation du nouveau Commandant de la 4\u00e8me R\u00e9gion militaire - info algerie","isPartOf":{"@id":"https:\/\/www.info-algerie.com\/actualites\/#website"},"primaryImageOfPage":{"@id":"https:\/\/www.info-algerie.com\/actualites\/gaid-salah-preside-linstallation-du-nouveau-commandant-de-la-4eme-region-militaire\/#primaryimage"},"image":{"@id":"https:\/\/www.info-algerie.com\/actualites\/gaid-salah-preside-linstallation-du-nouveau-commandant-de-la-4eme-region-militaire\/#primaryimage"},"thumbnailUrl":"https:\/\/www.info-algerie.com\/actualites\/wp-content\/uploads\/2018\/08\/d9ad3b2045a7c68a2702412f311c1f34_S-1.jpg","datePublished":"2018-08-30T11:25:33+00:00","breadcrumb":{"@id":"https:\/\/www.info-algerie.com\/actualites\/gaid-salah-preside-linstallation-du-nouveau-commandant-de-la-4eme-region-militaire\/#breadcrumb"},"inLanguage":"fr-FR","potentialAction":[{"@type":"ReadAction","target":["https:\/\/www.info-algerie.com\/actualites\/gaid-salah-preside-linstallation-du-nouveau-commandant-de-la-4eme-region-militaire\/"]}]},{"@type":"ImageObject","inLanguage":"fr-FR","@id":"https:\/\/www.info-algerie.com\/actualites\/gaid-salah-preside-linstallation-du-nouveau-commandant-de-la-4eme-region-militaire\/#primaryimage","url":"https:\/\/www.info-algerie.com\/actualites\/wp-content\/uploads\/2018\/08\/d9ad3b2045a7c68a2702412f311c1f34_S-1.jpg","contentUrl":"https:\/\/www.info-algerie.com\/actualites\/wp-content\/uploads\/2018\/08\/d9ad3b2045a7c68a2702412f311c1f34_S-1.jpg","width":280,"height":169},{"@type":"BreadcrumbList","@id":"https:\/\/www.info-algerie.com\/actualites\/gaid-salah-preside-linstallation-du-nouveau-commandant-de-la-4eme-region-militaire\/#breadcrumb","itemListElement":[{"@type":"ListItem","position":1,"name":"Accueil","item":"https:\/\/www.info-algerie.com\/actualites\/"},{"@type":"ListItem","position":2,"name":"Ga\u00efd Salah pr\u00e9side l&#039;installation du nouveau Commandant de la 4\u00e8me R\u00e9gion militaire"}]},{"@type":"WebSite","@id":"https:\/\/www.info-algerie.com\/actualites\/#website","url":"https:\/\/www.info-algerie.com\/actualites\/","name":"info algerie","description":"Toutes les actualit\u00e9s","publisher":{"@id":"https:\/\/www.info-algerie.com\/actualites\/#organization"},"potentialAction":[{"@type":"SearchAction","target":{"@type":"EntryPoint","urlTemplate":"https:\/\/www.info-algerie.com\/actualites\/?s={search_term_string}"},"query-input":{"@type":"PropertyValueSpecification","valueRequired":true,"valueName":"search_term_string"}}],"inLanguage":"fr-FR"},{"@type":"Organization","@id":"https:\/\/www.info-algerie.com\/actualites\/#organization","name":"info algerie","url":"https:\/\/www.info-algerie.com\/actualites\/","logo":{"@type":"ImageObject","inLanguage":"fr-FR","@id":"https:\/\/www.info-algerie.com\/actualites\/#\/schema\/logo\/image\/","url":"https:\/\/www.info-algerie.com\/actualites\/wp-content\/uploads\/2022\/07\/logo-ia-120.png","contentUrl":"https:\/\/www.info-algerie.com\/actualites\/wp-content\/uploads\/2022\/07\/logo-ia-120.png","width":120,"height":43,"caption":"info algerie"},"image":{"@id":"https:\/\/www.info-algerie.com\/actualites\/#\/schema\/logo\/image\/"},"sameAs":["https:\/\/www.facebook.com\/infoalgerieactu","https:\/\/x.com\/infoalgerie1"]},{"@type":"Person","@id":"https:\/\/www.info-algerie.com\/actualites\/#\/schema\/person\/847aaec44920825b843a08f30ec6aa1e","name":"La r\u00e9daction","image":{"@type":"ImageObject","inLanguage":"fr-FR","@id":"https:\/\/secure.gravatar.com\/avatar\/769db425c6f465158149f1ffd6cf61ce7a8a879d11dfbef8288af36dfddd418c?s=96&d=mm&r=g","url":"https:\/\/secure.gravatar.com\/avatar\/769db425c6f465158149f1ffd6cf61ce7a8a879d11dfbef8288af36dfddd418c?s=96&d=mm&r=g","contentUrl":"https:\/\/secure.gravatar.com\/avatar\/769db425c6f465158149f1ffd6cf61ce7a8a879d11dfbef8288af36dfddd418c?s=96&d=mm&r=g","caption":"La r\u00e9daction"},"sameAs":["http:\/\/www.lkeria.com\/"],"url":"https:\/\/www.info-algerie.com\/actualites\/author\/chakib32\/"}]}},"_links":{"self":[{"href":"https:\/\/www.info-algerie.com\/actualites\/wp-json\/wp\/v2\/posts\/26685","targetHints":{"allow":["GET"]}}],"collection":[{"href":"https:\/\/www.info-algerie.com\/actualites\/wp-json\/wp\/v2\/posts"}],"about":[{"href":"https:\/\/www.info-algerie.com\/actualites\/wp-json\/wp\/v2\/types\/post"}],"author":[{"embeddable":true,"href":"https:\/\/www.info-algerie.com\/actualites\/wp-json\/wp\/v2\/users\/6"}],"replies":[{"embeddable":true,"href":"https:\/\/www.info-algerie.com\/actualites\/wp-json\/wp\/v2\/comments?post=26685"}],"version-history":[{"count":0,"href":"https:\/\/www.info-algerie.com\/actualites\/wp-json\/wp\/v2\/posts\/26685\/revisions"}],"wp:featuredmedia":[{"embeddable":true,"href":"https:\/\/www.info-algerie.com\/actualites\/wp-json\/wp\/v2\/media\/26686"}],"wp:attachment":[{"href":"https:\/\/www.info-algerie.com\/actualites\/wp-json\/wp\/v2\/media?parent=26685"}],"wp:term":[{"taxonomy":"category","embeddable":true,"href":"https:\/\/www.info-algerie.com\/actualites\/wp-json\/wp\/v2\/categories?post=26685"},{"taxonomy":"post_tag","embeddable":true,"href":"https:\/\/www.info-algerie.com\/actualites\/wp-json\/wp\/v2\/tags?post=26685"}],"curies":[{"name":"wp","href":"https:\/\/api.w.org\/{rel}","templated":true}]}}