{"id":26688,"date":"2018-08-30T15:38:53","date_gmt":"2018-08-30T14:38:53","guid":{"rendered":"http:\/\/www.info-algerie.com\/actualites\/hadj-2018-20-cas-de-deces-confirmes-parmi-les-pelerins-algeriens\/"},"modified":"2022-03-14T13:56:51","modified_gmt":"2022-03-14T12:56:51","slug":"hadj-2018-20-cas-de-deces-confirmes-parmi-les-pelerins-algeriens","status":"publish","type":"post","link":"https:\/\/www.info-algerie.com\/actualites\/hadj-2018-20-cas-de-deces-confirmes-parmi-les-pelerins-algeriens\/","title":{"rendered":"Hadj 2018 : 20 d\u00e9c\u00e8s confirm\u00e9s parmi les p\u00e8lerins alg\u00e9riens"},"content":{"rendered":"\n<p><strong>Vingt (20) cas de d\u00e9c\u00e8s ont \u00e9t\u00e9 enregistr\u00e9s parmi les p\u00e8lerins alg\u00e9riens dans les lieux saints, a affirm\u00e9 mercredi \u00e0 la <a href=\"https:\/\/heure-priere.fr\/la-kaaba-le-lieu-le-plus-sacre-de-lislam\/\">Mecque <\/a>(Arabie Saoudite), le pr\u00e9sident de la d\u00e9l\u00e9gation consulaire de la Mission alg\u00e9rienne du Hadj, Mohamed Meziane.<\/strong><\/p>\n\n\n\n<p>M. Meziane a pr\u00e9cis\u00e9 qu&rsquo;un recul \u00ab\u00a0sensible\u00a0\u00bb dans le nombre de d\u00e9c\u00e8s a \u00e9t\u00e9 enregistr\u00e9 durant cette saison du hadj (20 cas de d\u00e9c\u00e8s) par rapport \u00e0 l&rsquo;ann\u00e9e 2017 o\u00f9 27 cas de d\u00e9c\u00e8s ont \u00e9t\u00e9 recens\u00e9s parmi les p\u00e8lerins alg\u00e9riens, gr\u00e2ce notamment aux efforts de l&rsquo;Office nationale du <a href=\"https:\/\/heure-priere.fr\/le-haj-dans-lislam-le-pelerinage\/\">p\u00e8lerinage <\/a>et de la Omra (ONPO) qui a entrepris des actions anticip\u00e9es, outre le suivi et l&rsquo;accompagnement des hadjis en termes de soins et d&rsquo;actions de sensibilisation.<\/p>\n\n\n\n<p>Le m\u00eame responsable a d\u00e9menti les chiffres communiqu\u00e9s par certains milieux qui ont \u00e9voqu\u00e9 deux cas de d\u00e9c\u00e8s parmi les femmes hadjies, originaires de la wilaya de Bouira, mais il s&rsquo;est av\u00e9r\u00e9 par la suite qu&rsquo;elles sont toujours en vie.<\/p>\n\n\n\n<p>Le responsable a fait savoir qu&rsquo;un \u00ab\u00a0saut qualitatif\u00a0\u00bb a \u00e9t\u00e9 enregistr\u00e9 dans diff\u00e9rents domaines en d\u00e9pit de certaines lacunes notamment \u00e0 Mina dont la capacit\u00e9 d&rsquo;accueil est limit\u00e9e ainsi qu&rsquo;en mati\u00e8re de transport, de restauration et d&rsquo;encadrement. Ces lacunes ont \u00e9t\u00e9 combl\u00e9es par le minist\u00e8re des Affaires religieuses et des Wakfs, a-t-il ajout\u00e9.<\/p>\n\n\n\n<p>\u00ab\u00a0Nous pouvons aujourd&rsquo;hui parler d&rsquo;institution du hadj en Alg\u00e9rie gr\u00e2ce \u00e0 l&rsquo;int\u00e9r\u00eat particulier accord\u00e9 par le pr\u00e9sident de la R\u00e9publique, Abdelaziz Bouteflika\u00a0\u00bb, a soulign\u00e9 M. Meziane.<\/p>\n\n\n\n<p>Le hadj est d\u00e9sormais l&rsquo;une des priorit\u00e9s du minist\u00e8re des Affaires religieuses et des Wakfs qui a fait preuve d&rsquo;une grande comp\u00e9tence dans la prise en charge du dossier du hadj et la gestion des prestations au sein de la mission alg\u00e9rienne \u00e0 la Mecque, \u00e0 M\u00e9dine et \u00e0 Djeddah, a indiqu\u00e9 le responsable qui a ajout\u00e9 que cet int\u00e9r\u00eat \u00e9manait de son sens des responsabilit\u00e9s et de son r\u00f4le actif au service de l&rsquo;Islam de mod\u00e9ration et du juste milieu pr\u00f4n\u00e9 et suivi par l&rsquo;Alg\u00e9rie.<\/p>\n\n\n\n<p><br>Source: <a href=\"http:\/\/www.aps.dz\/algerie\/77964-hadj-2018-20-cas-de-deces-confirmes-parmi-les-pelerins-algeriens\" target=\"_blank\" rel=\"noopener\">Hadj 2018: 20 cas de d\u00e9c\u00e8s confirm\u00e9s parmi les p\u00e8lerins alg\u00e9riens<\/a><\/p>\n<!--CusAds0-->\n<div style=\"font-size: 0px; height: 0px; line-height: 0px; margin: 0; padding: 0; clear: both;\"><\/div>","protected":false},"excerpt":{"rendered":"<p>Vingt (20) cas de d\u00e9c\u00e8s ont \u00e9t\u00e9 enregistr\u00e9s parmi les p\u00e8lerins alg\u00e9riens dans les lieux saints, a affirm\u00e9 mercredi \u00e0 la Mecque (Arabie Saoudite), le pr\u00e9sident de la d\u00e9l\u00e9gation consulaire de la Mission alg\u00e9rienne du Hadj, Mohamed Meziane. M. Meziane a pr\u00e9cis\u00e9 qu&rsquo;un recul \u00ab\u00a0sensible\u00a0\u00bb dans le nombre de d\u00e9c\u00e8s a \u00e9t\u00e9 enregistr\u00e9 durant cette<\/p>\n","protected":false},"author":6,"featured_media":27220,"comment_status":"open","ping_status":"open","sticky":false,"template":"","format":"standard","meta":{"footnotes":""},"categories":[22],"tags":[27,280,283],"class_list":["post-26688","post","type-post","status-publish","format-standard","has-post-thumbnail","hentry","category-infos","tag-algerie","tag-hadj","tag-pelerins"],"yoast_head":"<!-- This site is optimized with the Yoast SEO plugin v27.5 - https:\/\/yoast.com\/product\/yoast-seo-wordpress\/ -->\n<title>Hadj 2018 : 20 d\u00e9c\u00e8s confirm\u00e9s parmi les p\u00e8lerins alg\u00e9riens<\/title>\n<meta name=\"description\" content=\"Vingt (20) cas de d\u00e9c\u00e8s ont \u00e9t\u00e9 enregistr\u00e9s parmi les p\u00e8lerins alg\u00e9riens dans les lieux saints, a affirm\u00e9 le pr\u00e9sident de la d\u00e9l\u00e9gation\" \/>\n<meta name=\"robots\" content=\"index, follow, max-snippet:-1, max-image-preview:large, max-video-preview:-1\" \/>\n<link rel=\"canonical\" href=\"https:\/\/www.info-algerie.com\/actualites\/hadj-2018-20-cas-de-deces-confirmes-parmi-les-pelerins-algeriens\/\" \/>\n<meta property=\"og:locale\" content=\"fr_FR\" \/>\n<meta property=\"og:type\" content=\"article\" \/>\n<meta property=\"og:title\" content=\"Hadj 2018 : 20 d\u00e9c\u00e8s confirm\u00e9s parmi les p\u00e8lerins alg\u00e9riens\" \/>\n<meta property=\"og:description\" content=\"Vingt (20) cas de d\u00e9c\u00e8s ont \u00e9t\u00e9 enregistr\u00e9s parmi les p\u00e8lerins alg\u00e9riens dans les lieux saints, a affirm\u00e9 le pr\u00e9sident de la d\u00e9l\u00e9gation\" \/>\n<meta property=\"og:url\" content=\"https:\/\/www.info-algerie.com\/actualites\/hadj-2018-20-cas-de-deces-confirmes-parmi-les-pelerins-algeriens\/\" \/>\n<meta property=\"og:site_name\" content=\"info algerie\" \/>\n<meta property=\"article:publisher\" content=\"https:\/\/www.facebook.com\/infoalgerieactu\" \/>\n<meta property=\"article:published_time\" content=\"2018-08-30T14:38:53+00:00\" \/>\n<meta property=\"article:modified_time\" content=\"2022-03-14T12:56:51+00:00\" \/>\n<meta property=\"og:image\" content=\"https:\/\/www.info-algerie.com\/actualites\/wp-content\/uploads\/2018\/08\/deces-pemerins-algerien-hadj.jpg\" \/>\n\t<meta property=\"og:image:width\" content=\"580\" \/>\n\t<meta property=\"og:image:height\" content=\"350\" \/>\n\t<meta property=\"og:image:type\" content=\"image\/jpeg\" \/>\n<meta name=\"author\" content=\"La r\u00e9daction\" \/>\n<meta name=\"twitter:label1\" content=\"\u00c9crit par\" \/>\n\t<meta name=\"twitter:data1\" content=\"La r\u00e9daction\" \/>\n\t<meta name=\"twitter:label2\" content=\"Dur\u00e9e de lecture estim\u00e9e\" \/>\n\t<meta name=\"twitter:data2\" content=\"2 minutes\" \/>\n<script type=\"application\/ld+json\" class=\"yoast-schema-graph\">{\"@context\":\"https:\\\/\\\/schema.org\",\"@graph\":[{\"@type\":\"Article\",\"@id\":\"https:\\\/\\\/www.info-algerie.com\\\/actualites\\\/hadj-2018-20-cas-de-deces-confirmes-parmi-les-pelerins-algeriens\\\/#article\",\"isPartOf\":{\"@id\":\"https:\\\/\\\/www.info-algerie.com\\\/actualites\\\/hadj-2018-20-cas-de-deces-confirmes-parmi-les-pelerins-algeriens\\\/\"},\"author\":{\"name\":\"La r\u00e9daction\",\"@id\":\"https:\\\/\\\/www.info-algerie.com\\\/actualites\\\/#\\\/schema\\\/person\\\/847aaec44920825b843a08f30ec6aa1e\"},\"headline\":\"Hadj 2018 : 20 d\u00e9c\u00e8s confirm\u00e9s parmi les p\u00e8lerins alg\u00e9riens\",\"datePublished\":\"2018-08-30T14:38:53+00:00\",\"dateModified\":\"2022-03-14T12:56:51+00:00\",\"mainEntityOfPage\":{\"@id\":\"https:\\\/\\\/www.info-algerie.com\\\/actualites\\\/hadj-2018-20-cas-de-deces-confirmes-parmi-les-pelerins-algeriens\\\/\"},\"wordCount\":407,\"commentCount\":0,\"publisher\":{\"@id\":\"https:\\\/\\\/www.info-algerie.com\\\/actualites\\\/#organization\"},\"image\":{\"@id\":\"https:\\\/\\\/www.info-algerie.com\\\/actualites\\\/hadj-2018-20-cas-de-deces-confirmes-parmi-les-pelerins-algeriens\\\/#primaryimage\"},\"thumbnailUrl\":\"https:\\\/\\\/www.info-algerie.com\\\/actualites\\\/wp-content\\\/uploads\\\/2018\\\/08\\\/deces-pemerins-algerien-hadj.jpg\",\"keywords\":[\"alg\u00e9rie\",\"hadj\",\"p\u00e9lerins\"],\"articleSection\":[\"infos\"],\"inLanguage\":\"fr-FR\",\"potentialAction\":[{\"@type\":\"CommentAction\",\"name\":\"Comment\",\"target\":[\"https:\\\/\\\/www.info-algerie.com\\\/actualites\\\/hadj-2018-20-cas-de-deces-confirmes-parmi-les-pelerins-algeriens\\\/#respond\"]}]},{\"@type\":\"WebPage\",\"@id\":\"https:\\\/\\\/www.info-algerie.com\\\/actualites\\\/hadj-2018-20-cas-de-deces-confirmes-parmi-les-pelerins-algeriens\\\/\",\"url\":\"https:\\\/\\\/www.info-algerie.com\\\/actualites\\\/hadj-2018-20-cas-de-deces-confirmes-parmi-les-pelerins-algeriens\\\/\",\"name\":\"Hadj 2018 : 20 d\u00e9c\u00e8s confirm\u00e9s parmi les p\u00e8lerins alg\u00e9riens\",\"isPartOf\":{\"@id\":\"https:\\\/\\\/www.info-algerie.com\\\/actualites\\\/#website\"},\"primaryImageOfPage\":{\"@id\":\"https:\\\/\\\/www.info-algerie.com\\\/actualites\\\/hadj-2018-20-cas-de-deces-confirmes-parmi-les-pelerins-algeriens\\\/#primaryimage\"},\"image\":{\"@id\":\"https:\\\/\\\/www.info-algerie.com\\\/actualites\\\/hadj-2018-20-cas-de-deces-confirmes-parmi-les-pelerins-algeriens\\\/#primaryimage\"},\"thumbnailUrl\":\"https:\\\/\\\/www.info-algerie.com\\\/actualites\\\/wp-content\\\/uploads\\\/2018\\\/08\\\/deces-pemerins-algerien-hadj.jpg\",\"datePublished\":\"2018-08-30T14:38:53+00:00\",\"dateModified\":\"2022-03-14T12:56:51+00:00\",\"description\":\"Vingt (20) cas de d\u00e9c\u00e8s ont \u00e9t\u00e9 enregistr\u00e9s parmi les p\u00e8lerins alg\u00e9riens dans les lieux saints, a affirm\u00e9 le pr\u00e9sident de la d\u00e9l\u00e9gation\",\"breadcrumb\":{\"@id\":\"https:\\\/\\\/www.info-algerie.com\\\/actualites\\\/hadj-2018-20-cas-de-deces-confirmes-parmi-les-pelerins-algeriens\\\/#breadcrumb\"},\"inLanguage\":\"fr-FR\",\"potentialAction\":[{\"@type\":\"ReadAction\",\"target\":[\"https:\\\/\\\/www.info-algerie.com\\\/actualites\\\/hadj-2018-20-cas-de-deces-confirmes-parmi-les-pelerins-algeriens\\\/\"]}]},{\"@type\":\"ImageObject\",\"inLanguage\":\"fr-FR\",\"@id\":\"https:\\\/\\\/www.info-algerie.com\\\/actualites\\\/hadj-2018-20-cas-de-deces-confirmes-parmi-les-pelerins-algeriens\\\/#primaryimage\",\"url\":\"https:\\\/\\\/www.info-algerie.com\\\/actualites\\\/wp-content\\\/uploads\\\/2018\\\/08\\\/deces-pemerins-algerien-hadj.jpg\",\"contentUrl\":\"https:\\\/\\\/www.info-algerie.com\\\/actualites\\\/wp-content\\\/uploads\\\/2018\\\/08\\\/deces-pemerins-algerien-hadj.jpg\",\"width\":580,\"height\":350,\"caption\":\"p\u00e8lerins alg\u00e9riens d\u00e9c\u00e9d\u00e9s au hadj\"},{\"@type\":\"BreadcrumbList\",\"@id\":\"https:\\\/\\\/www.info-algerie.com\\\/actualites\\\/hadj-2018-20-cas-de-deces-confirmes-parmi-les-pelerins-algeriens\\\/#breadcrumb\",\"itemListElement\":[{\"@type\":\"ListItem\",\"position\":1,\"name\":\"Accueil\",\"item\":\"https:\\\/\\\/www.info-algerie.com\\\/actualites\\\/\"},{\"@type\":\"ListItem\",\"position\":2,\"name\":\"Hadj 2018 : 20 d\u00e9c\u00e8s confirm\u00e9s parmi les p\u00e8lerins alg\u00e9riens\"}]},{\"@type\":\"WebSite\",\"@id\":\"https:\\\/\\\/www.info-algerie.com\\\/actualites\\\/#website\",\"url\":\"https:\\\/\\\/www.info-algerie.com\\\/actualites\\\/\",\"name\":\"info algerie\",\"description\":\"Toutes les actualit\u00e9s\",\"publisher\":{\"@id\":\"https:\\\/\\\/www.info-algerie.com\\\/actualites\\\/#organization\"},\"potentialAction\":[{\"@type\":\"SearchAction\",\"target\":{\"@type\":\"EntryPoint\",\"urlTemplate\":\"https:\\\/\\\/www.info-algerie.com\\\/actualites\\\/?s={search_term_string}\"},\"query-input\":{\"@type\":\"PropertyValueSpecification\",\"valueRequired\":true,\"valueName\":\"search_term_string\"}}],\"inLanguage\":\"fr-FR\"},{\"@type\":\"Organization\",\"@id\":\"https:\\\/\\\/www.info-algerie.com\\\/actualites\\\/#organization\",\"name\":\"info algerie\",\"url\":\"https:\\\/\\\/www.info-algerie.com\\\/actualites\\\/\",\"logo\":{\"@type\":\"ImageObject\",\"inLanguage\":\"fr-FR\",\"@id\":\"https:\\\/\\\/www.info-algerie.com\\\/actualites\\\/#\\\/schema\\\/logo\\\/image\\\/\",\"url\":\"https:\\\/\\\/www.info-algerie.com\\\/actualites\\\/wp-content\\\/uploads\\\/2022\\\/07\\\/logo-ia-120.png\",\"contentUrl\":\"https:\\\/\\\/www.info-algerie.com\\\/actualites\\\/wp-content\\\/uploads\\\/2022\\\/07\\\/logo-ia-120.png\",\"width\":120,\"height\":43,\"caption\":\"info algerie\"},\"image\":{\"@id\":\"https:\\\/\\\/www.info-algerie.com\\\/actualites\\\/#\\\/schema\\\/logo\\\/image\\\/\"},\"sameAs\":[\"https:\\\/\\\/www.facebook.com\\\/infoalgerieactu\",\"https:\\\/\\\/x.com\\\/infoalgerie1\"]},{\"@type\":\"Person\",\"@id\":\"https:\\\/\\\/www.info-algerie.com\\\/actualites\\\/#\\\/schema\\\/person\\\/847aaec44920825b843a08f30ec6aa1e\",\"name\":\"La r\u00e9daction\",\"image\":{\"@type\":\"ImageObject\",\"inLanguage\":\"fr-FR\",\"@id\":\"https:\\\/\\\/secure.gravatar.com\\\/avatar\\\/769db425c6f465158149f1ffd6cf61ce7a8a879d11dfbef8288af36dfddd418c?s=96&d=mm&r=g\",\"url\":\"https:\\\/\\\/secure.gravatar.com\\\/avatar\\\/769db425c6f465158149f1ffd6cf61ce7a8a879d11dfbef8288af36dfddd418c?s=96&d=mm&r=g\",\"contentUrl\":\"https:\\\/\\\/secure.gravatar.com\\\/avatar\\\/769db425c6f465158149f1ffd6cf61ce7a8a879d11dfbef8288af36dfddd418c?s=96&d=mm&r=g\",\"caption\":\"La r\u00e9daction\"},\"sameAs\":[\"http:\\\/\\\/www.lkeria.com\\\/\"],\"url\":\"https:\\\/\\\/www.info-algerie.com\\\/actualites\\\/author\\\/chakib32\\\/\"}]}<\/script>\n<!-- \/ Yoast SEO plugin. -->","yoast_head_json":{"title":"Hadj 2018 : 20 d\u00e9c\u00e8s confirm\u00e9s parmi les p\u00e8lerins alg\u00e9riens","description":"Vingt (20) cas de d\u00e9c\u00e8s ont \u00e9t\u00e9 enregistr\u00e9s parmi les p\u00e8lerins alg\u00e9riens dans les lieux saints, a affirm\u00e9 le pr\u00e9sident de la d\u00e9l\u00e9gation","robots":{"index":"index","follow":"follow","max-snippet":"max-snippet:-1","max-image-preview":"max-image-preview:large","max-video-preview":"max-video-preview:-1"},"canonical":"https:\/\/www.info-algerie.com\/actualites\/hadj-2018-20-cas-de-deces-confirmes-parmi-les-pelerins-algeriens\/","og_locale":"fr_FR","og_type":"article","og_title":"Hadj 2018 : 20 d\u00e9c\u00e8s confirm\u00e9s parmi les p\u00e8lerins alg\u00e9riens","og_description":"Vingt (20) cas de d\u00e9c\u00e8s ont \u00e9t\u00e9 enregistr\u00e9s parmi les p\u00e8lerins alg\u00e9riens dans les lieux saints, a affirm\u00e9 le pr\u00e9sident de la d\u00e9l\u00e9gation","og_url":"https:\/\/www.info-algerie.com\/actualites\/hadj-2018-20-cas-de-deces-confirmes-parmi-les-pelerins-algeriens\/","og_site_name":"info algerie","article_publisher":"https:\/\/www.facebook.com\/infoalgerieactu","article_published_time":"2018-08-30T14:38:53+00:00","article_modified_time":"2022-03-14T12:56:51+00:00","og_image":[{"width":580,"height":350,"url":"https:\/\/www.info-algerie.com\/actualites\/wp-content\/uploads\/2018\/08\/deces-pemerins-algerien-hadj.jpg","type":"image\/jpeg"}],"author":"La r\u00e9daction","twitter_misc":{"\u00c9crit par":"La r\u00e9daction","Dur\u00e9e de lecture estim\u00e9e":"2 minutes"},"schema":{"@context":"https:\/\/schema.org","@graph":[{"@type":"Article","@id":"https:\/\/www.info-algerie.com\/actualites\/hadj-2018-20-cas-de-deces-confirmes-parmi-les-pelerins-algeriens\/#article","isPartOf":{"@id":"https:\/\/www.info-algerie.com\/actualites\/hadj-2018-20-cas-de-deces-confirmes-parmi-les-pelerins-algeriens\/"},"author":{"name":"La r\u00e9daction","@id":"https:\/\/www.info-algerie.com\/actualites\/#\/schema\/person\/847aaec44920825b843a08f30ec6aa1e"},"headline":"Hadj 2018 : 20 d\u00e9c\u00e8s confirm\u00e9s parmi les p\u00e8lerins alg\u00e9riens","datePublished":"2018-08-30T14:38:53+00:00","dateModified":"2022-03-14T12:56:51+00:00","mainEntityOfPage":{"@id":"https:\/\/www.info-algerie.com\/actualites\/hadj-2018-20-cas-de-deces-confirmes-parmi-les-pelerins-algeriens\/"},"wordCount":407,"commentCount":0,"publisher":{"@id":"https:\/\/www.info-algerie.com\/actualites\/#organization"},"image":{"@id":"https:\/\/www.info-algerie.com\/actualites\/hadj-2018-20-cas-de-deces-confirmes-parmi-les-pelerins-algeriens\/#primaryimage"},"thumbnailUrl":"https:\/\/www.info-algerie.com\/actualites\/wp-content\/uploads\/2018\/08\/deces-pemerins-algerien-hadj.jpg","keywords":["alg\u00e9rie","hadj","p\u00e9lerins"],"articleSection":["infos"],"inLanguage":"fr-FR","potentialAction":[{"@type":"CommentAction","name":"Comment","target":["https:\/\/www.info-algerie.com\/actualites\/hadj-2018-20-cas-de-deces-confirmes-parmi-les-pelerins-algeriens\/#respond"]}]},{"@type":"WebPage","@id":"https:\/\/www.info-algerie.com\/actualites\/hadj-2018-20-cas-de-deces-confirmes-parmi-les-pelerins-algeriens\/","url":"https:\/\/www.info-algerie.com\/actualites\/hadj-2018-20-cas-de-deces-confirmes-parmi-les-pelerins-algeriens\/","name":"Hadj 2018 : 20 d\u00e9c\u00e8s confirm\u00e9s parmi les p\u00e8lerins alg\u00e9riens","isPartOf":{"@id":"https:\/\/www.info-algerie.com\/actualites\/#website"},"primaryImageOfPage":{"@id":"https:\/\/www.info-algerie.com\/actualites\/hadj-2018-20-cas-de-deces-confirmes-parmi-les-pelerins-algeriens\/#primaryimage"},"image":{"@id":"https:\/\/www.info-algerie.com\/actualites\/hadj-2018-20-cas-de-deces-confirmes-parmi-les-pelerins-algeriens\/#primaryimage"},"thumbnailUrl":"https:\/\/www.info-algerie.com\/actualites\/wp-content\/uploads\/2018\/08\/deces-pemerins-algerien-hadj.jpg","datePublished":"2018-08-30T14:38:53+00:00","dateModified":"2022-03-14T12:56:51+00:00","description":"Vingt (20) cas de d\u00e9c\u00e8s ont \u00e9t\u00e9 enregistr\u00e9s parmi les p\u00e8lerins alg\u00e9riens dans les lieux saints, a affirm\u00e9 le pr\u00e9sident de la d\u00e9l\u00e9gation","breadcrumb":{"@id":"https:\/\/www.info-algerie.com\/actualites\/hadj-2018-20-cas-de-deces-confirmes-parmi-les-pelerins-algeriens\/#breadcrumb"},"inLanguage":"fr-FR","potentialAction":[{"@type":"ReadAction","target":["https:\/\/www.info-algerie.com\/actualites\/hadj-2018-20-cas-de-deces-confirmes-parmi-les-pelerins-algeriens\/"]}]},{"@type":"ImageObject","inLanguage":"fr-FR","@id":"https:\/\/www.info-algerie.com\/actualites\/hadj-2018-20-cas-de-deces-confirmes-parmi-les-pelerins-algeriens\/#primaryimage","url":"https:\/\/www.info-algerie.com\/actualites\/wp-content\/uploads\/2018\/08\/deces-pemerins-algerien-hadj.jpg","contentUrl":"https:\/\/www.info-algerie.com\/actualites\/wp-content\/uploads\/2018\/08\/deces-pemerins-algerien-hadj.jpg","width":580,"height":350,"caption":"p\u00e8lerins alg\u00e9riens d\u00e9c\u00e9d\u00e9s au hadj"},{"@type":"BreadcrumbList","@id":"https:\/\/www.info-algerie.com\/actualites\/hadj-2018-20-cas-de-deces-confirmes-parmi-les-pelerins-algeriens\/#breadcrumb","itemListElement":[{"@type":"ListItem","position":1,"name":"Accueil","item":"https:\/\/www.info-algerie.com\/actualites\/"},{"@type":"ListItem","position":2,"name":"Hadj 2018 : 20 d\u00e9c\u00e8s confirm\u00e9s parmi les p\u00e8lerins alg\u00e9riens"}]},{"@type":"WebSite","@id":"https:\/\/www.info-algerie.com\/actualites\/#website","url":"https:\/\/www.info-algerie.com\/actualites\/","name":"info algerie","description":"Toutes les actualit\u00e9s","publisher":{"@id":"https:\/\/www.info-algerie.com\/actualites\/#organization"},"potentialAction":[{"@type":"SearchAction","target":{"@type":"EntryPoint","urlTemplate":"https:\/\/www.info-algerie.com\/actualites\/?s={search_term_string}"},"query-input":{"@type":"PropertyValueSpecification","valueRequired":true,"valueName":"search_term_string"}}],"inLanguage":"fr-FR"},{"@type":"Organization","@id":"https:\/\/www.info-algerie.com\/actualites\/#organization","name":"info algerie","url":"https:\/\/www.info-algerie.com\/actualites\/","logo":{"@type":"ImageObject","inLanguage":"fr-FR","@id":"https:\/\/www.info-algerie.com\/actualites\/#\/schema\/logo\/image\/","url":"https:\/\/www.info-algerie.com\/actualites\/wp-content\/uploads\/2022\/07\/logo-ia-120.png","contentUrl":"https:\/\/www.info-algerie.com\/actualites\/wp-content\/uploads\/2022\/07\/logo-ia-120.png","width":120,"height":43,"caption":"info algerie"},"image":{"@id":"https:\/\/www.info-algerie.com\/actualites\/#\/schema\/logo\/image\/"},"sameAs":["https:\/\/www.facebook.com\/infoalgerieactu","https:\/\/x.com\/infoalgerie1"]},{"@type":"Person","@id":"https:\/\/www.info-algerie.com\/actualites\/#\/schema\/person\/847aaec44920825b843a08f30ec6aa1e","name":"La r\u00e9daction","image":{"@type":"ImageObject","inLanguage":"fr-FR","@id":"https:\/\/secure.gravatar.com\/avatar\/769db425c6f465158149f1ffd6cf61ce7a8a879d11dfbef8288af36dfddd418c?s=96&d=mm&r=g","url":"https:\/\/secure.gravatar.com\/avatar\/769db425c6f465158149f1ffd6cf61ce7a8a879d11dfbef8288af36dfddd418c?s=96&d=mm&r=g","contentUrl":"https:\/\/secure.gravatar.com\/avatar\/769db425c6f465158149f1ffd6cf61ce7a8a879d11dfbef8288af36dfddd418c?s=96&d=mm&r=g","caption":"La r\u00e9daction"},"sameAs":["http:\/\/www.lkeria.com\/"],"url":"https:\/\/www.info-algerie.com\/actualites\/author\/chakib32\/"}]}},"_links":{"self":[{"href":"https:\/\/www.info-algerie.com\/actualites\/wp-json\/wp\/v2\/posts\/26688","targetHints":{"allow":["GET"]}}],"collection":[{"href":"https:\/\/www.info-algerie.com\/actualites\/wp-json\/wp\/v2\/posts"}],"about":[{"href":"https:\/\/www.info-algerie.com\/actualites\/wp-json\/wp\/v2\/types\/post"}],"author":[{"embeddable":true,"href":"https:\/\/www.info-algerie.com\/actualites\/wp-json\/wp\/v2\/users\/6"}],"replies":[{"embeddable":true,"href":"https:\/\/www.info-algerie.com\/actualites\/wp-json\/wp\/v2\/comments?post=26688"}],"version-history":[{"count":1,"href":"https:\/\/www.info-algerie.com\/actualites\/wp-json\/wp\/v2\/posts\/26688\/revisions"}],"predecessor-version":[{"id":27221,"href":"https:\/\/www.info-algerie.com\/actualites\/wp-json\/wp\/v2\/posts\/26688\/revisions\/27221"}],"wp:featuredmedia":[{"embeddable":true,"href":"https:\/\/www.info-algerie.com\/actualites\/wp-json\/wp\/v2\/media\/27220"}],"wp:attachment":[{"href":"https:\/\/www.info-algerie.com\/actualites\/wp-json\/wp\/v2\/media?parent=26688"}],"wp:term":[{"taxonomy":"category","embeddable":true,"href":"https:\/\/www.info-algerie.com\/actualites\/wp-json\/wp\/v2\/categories?post=26688"},{"taxonomy":"post_tag","embeddable":true,"href":"https:\/\/www.info-algerie.com\/actualites\/wp-json\/wp\/v2\/tags?post=26688"}],"curies":[{"name":"wp","href":"https:\/\/api.w.org\/{rel}","templated":true}]}}