{"id":26691,"date":"2018-08-30T18:08:32","date_gmt":"2018-08-30T17:08:32","guid":{"rendered":"http:\/\/www.info-algerie.com\/actualites\/lalgerie-deplore-les-recents-affrontements-survenus-autour-de-la-capitale-libyenne\/"},"modified":"2018-08-30T18:08:32","modified_gmt":"2018-08-30T17:08:32","slug":"lalgerie-deplore-les-recents-affrontements-survenus-autour-de-la-capitale-libyenne","status":"publish","type":"post","link":"https:\/\/www.info-algerie.com\/actualites\/lalgerie-deplore-les-recents-affrontements-survenus-autour-de-la-capitale-libyenne\/","title":{"rendered":"L&#039;Alg\u00e9rie d\u00e9plore les r\u00e9cents affrontements survenus autour de la capitale libyenne"},"content":{"rendered":"<div class=\"K2FeedImage\"><img decoding=\"async\" src=\"https:\/\/www.info-algerie.com\/actualites\/wp-content\/uploads\/2018\/08\/8c2e992437b7dea6583dcea64a88ea5b_S.jpg\" alt=\"L'Alg&#xE9;rie d&#xE9;plore les r&#xE9;cents affrontements survenus autour de la capitale libyenne\" \/><\/div>\n<div class=\"K2FeedIntroText\">\n<p>\u00a0<\/p>\n<p>&#013;<\/p>\n<p><strong>ALGER &#8211; L&rsquo;Alg\u00e9rie \u00ab\u00a0suit avec pr\u00e9occupation et d\u00e9plore les r\u00e9cents affrontements survenus autour de la capitale libyenne\u00a0\u00bb, indique jeudi un communiqu\u00e9 du minist\u00e8re des Affaires \u00e9trang\u00e8res.<\/strong><\/p>\n<p>&#013;\n<\/p><\/div>\n<div class=\"K2FeedFullText\">&#013;<\/p>\n<blockquote><p>&#013;<\/p>\n<p style=\"text-align: left\"><em><strong>\u00ab\u00a0Il n&rsquo;y aura pas de paix durable en Libye en dehors du dialogue et de la r\u00e9conciliation nationale\u00a0\u00bb (MAE)<\/strong><\/em><\/p>\n<p>&#013;\n<\/p><\/blockquote>\n<p>&#013;<\/p>\n<p>\u00ab\u00a0L&rsquo;Alg\u00e9rie suit avec pr\u00e9occupation et d\u00e9plore les r\u00e9cents affrontements survenus autour de la capitale libyenne ayant fait plusieurs morts et bless\u00e9s, y compris parmi les civils\u00a0\u00bb, pr\u00e9cise le communiqu\u00e9 des AE.<\/p>\n<p>&#013;<\/p>\n<hr \/>\n<h3>Lire aussi:\u00a0<a href=\"http:\/\/www.aps.dz\/monde\/77956-libye-onu-discussions-sur-les-moyens-de-faire-cesser-la-violence-a-tripoli\" target=\"_blank\" rel=\"noopener noreferrer\">Libye- ONU: discussions sur les moyens de faire cesser la violence \u00e0 Tripoli<\/a><\/h3>\n<p>&#013;<\/p>\n<hr \/>\n<p>Elle souligne \u00e0 nouveau qu&rsquo;il \u00ab\u00a0n&rsquo;y aura pas de paix durable en Libye en dehors du dialogue et de la r\u00e9conciliation nationale\u00a0\u00bb et en appelle \u00e0 \u00ab\u00a0toutes les parties libyennes \u00e0 s&rsquo;engager dans un processus devant conduire \u00e0 une solution globale qui pr\u00e9serve la paix et la stabilit\u00e9 dans ce pays fr\u00e8re et voisin\u00a0\u00bb, ajoute la m\u00eame source.<\/p>\n<\/div>\n<p>&#013;<br \/>\nSource: <a href=\"http:\/\/www.aps.dz\/algerie\/77978-l-algerie-deplore-les-recents-affrontements-survenus-autour-de-la-capitale-libyenne\" target=\"_blank\">L&rsquo;Alg\u00e9rie d\u00e9plore les r\u00e9cents affrontements survenus autour de la capitale libyenne<\/a><\/p>\n<!--CusAds0-->\n<div style=\"font-size: 0px; height: 0px; line-height: 0px; margin: 0; padding: 0; clear: both;\"><\/div>","protected":false},"excerpt":{"rendered":"<p>\u00a0 &#013; ALGER &#8211; L&rsquo;Alg\u00e9rie \u00ab\u00a0suit avec pr\u00e9occupation et d\u00e9plore les r\u00e9cents affrontements survenus autour de la capitale libyenne\u00a0\u00bb, indique jeudi un communiqu\u00e9 du minist\u00e8re des Affaires \u00e9trang\u00e8res. &#013; &#013; &#013; \u00ab\u00a0Il n&rsquo;y aura pas de paix durable en Libye en dehors du dialogue et de la r\u00e9conciliation nationale\u00a0\u00bb (MAE) &#013; &#013; \u00ab\u00a0L&rsquo;Alg\u00e9rie suit avec<\/p>\n","protected":false},"author":6,"featured_media":26692,"comment_status":"open","ping_status":"open","sticky":false,"template":"","format":"standard","meta":{"footnotes":""},"categories":[22],"tags":[93],"class_list":["post-26691","post","type-post","status-publish","format-standard","has-post-thumbnail","hentry","category-infos","tag-onu"],"yoast_head":"<!-- This site is optimized with the Yoast SEO plugin v27.5 - https:\/\/yoast.com\/product\/yoast-seo-wordpress\/ -->\n<title>L&#039;Alg\u00e9rie d\u00e9plore les r\u00e9cents affrontements survenus autour de la capitale libyenne - info algerie<\/title>\n<meta name=\"robots\" content=\"index, follow, max-snippet:-1, max-image-preview:large, max-video-preview:-1\" \/>\n<link rel=\"canonical\" href=\"https:\/\/www.info-algerie.com\/actualites\/lalgerie-deplore-les-recents-affrontements-survenus-autour-de-la-capitale-libyenne\/\" \/>\n<meta property=\"og:locale\" content=\"fr_FR\" \/>\n<meta property=\"og:type\" content=\"article\" \/>\n<meta property=\"og:title\" content=\"L&#039;Alg\u00e9rie d\u00e9plore les r\u00e9cents affrontements survenus autour de la capitale libyenne - info algerie\" \/>\n<meta property=\"og:description\" content=\"\u00a0 &#013; ALGER &#8211; L&rsquo;Alg\u00e9rie \u00ab\u00a0suit avec pr\u00e9occupation et d\u00e9plore les r\u00e9cents affrontements survenus autour de la capitale libyenne\u00a0\u00bb, indique jeudi un communiqu\u00e9 du minist\u00e8re des Affaires \u00e9trang\u00e8res. &#013; &#013; &#013; \u00ab\u00a0Il n&rsquo;y aura pas de paix durable en Libye en dehors du dialogue et de la r\u00e9conciliation nationale\u00a0\u00bb (MAE) &#013; &#013; \u00ab\u00a0L&rsquo;Alg\u00e9rie suit avec\" \/>\n<meta property=\"og:url\" content=\"https:\/\/www.info-algerie.com\/actualites\/lalgerie-deplore-les-recents-affrontements-survenus-autour-de-la-capitale-libyenne\/\" \/>\n<meta property=\"og:site_name\" content=\"info algerie\" \/>\n<meta property=\"article:publisher\" content=\"https:\/\/www.facebook.com\/infoalgerieactu\" \/>\n<meta property=\"article:published_time\" content=\"2018-08-30T17:08:32+00:00\" \/>\n<meta property=\"og:image\" content=\"https:\/\/www.info-algerie.com\/actualites\/wp-content\/uploads\/2018\/08\/8c2e992437b7dea6583dcea64a88ea5b_S-1.jpg\" \/>\n\t<meta property=\"og:image:width\" content=\"280\" \/>\n\t<meta property=\"og:image:height\" content=\"169\" \/>\n\t<meta property=\"og:image:type\" content=\"image\/jpeg\" \/>\n<meta name=\"author\" content=\"La r\u00e9daction\" \/>\n<meta name=\"twitter:label1\" content=\"\u00c9crit par\" \/>\n\t<meta name=\"twitter:data1\" content=\"La r\u00e9daction\" \/>\n\t<meta name=\"twitter:label2\" content=\"Dur\u00e9e de lecture estim\u00e9e\" \/>\n\t<meta name=\"twitter:data2\" content=\"1 minute\" \/>\n<script type=\"application\/ld+json\" class=\"yoast-schema-graph\">{\"@context\":\"https:\\\/\\\/schema.org\",\"@graph\":[{\"@type\":\"Article\",\"@id\":\"https:\\\/\\\/www.info-algerie.com\\\/actualites\\\/lalgerie-deplore-les-recents-affrontements-survenus-autour-de-la-capitale-libyenne\\\/#article\",\"isPartOf\":{\"@id\":\"https:\\\/\\\/www.info-algerie.com\\\/actualites\\\/lalgerie-deplore-les-recents-affrontements-survenus-autour-de-la-capitale-libyenne\\\/\"},\"author\":{\"name\":\"La r\u00e9daction\",\"@id\":\"https:\\\/\\\/www.info-algerie.com\\\/actualites\\\/#\\\/schema\\\/person\\\/847aaec44920825b843a08f30ec6aa1e\"},\"headline\":\"L&#039;Alg\u00e9rie d\u00e9plore les r\u00e9cents affrontements survenus autour de la capitale libyenne\",\"datePublished\":\"2018-08-30T17:08:32+00:00\",\"mainEntityOfPage\":{\"@id\":\"https:\\\/\\\/www.info-algerie.com\\\/actualites\\\/lalgerie-deplore-les-recents-affrontements-survenus-autour-de-la-capitale-libyenne\\\/\"},\"wordCount\":198,\"commentCount\":0,\"publisher\":{\"@id\":\"https:\\\/\\\/www.info-algerie.com\\\/actualites\\\/#organization\"},\"image\":{\"@id\":\"https:\\\/\\\/www.info-algerie.com\\\/actualites\\\/lalgerie-deplore-les-recents-affrontements-survenus-autour-de-la-capitale-libyenne\\\/#primaryimage\"},\"thumbnailUrl\":\"https:\\\/\\\/www.info-algerie.com\\\/actualites\\\/wp-content\\\/uploads\\\/2018\\\/08\\\/8c2e992437b7dea6583dcea64a88ea5b_S-1.jpg\",\"keywords\":[\"ONU\"],\"articleSection\":[\"infos\"],\"inLanguage\":\"fr-FR\",\"potentialAction\":[{\"@type\":\"CommentAction\",\"name\":\"Comment\",\"target\":[\"https:\\\/\\\/www.info-algerie.com\\\/actualites\\\/lalgerie-deplore-les-recents-affrontements-survenus-autour-de-la-capitale-libyenne\\\/#respond\"]}]},{\"@type\":\"WebPage\",\"@id\":\"https:\\\/\\\/www.info-algerie.com\\\/actualites\\\/lalgerie-deplore-les-recents-affrontements-survenus-autour-de-la-capitale-libyenne\\\/\",\"url\":\"https:\\\/\\\/www.info-algerie.com\\\/actualites\\\/lalgerie-deplore-les-recents-affrontements-survenus-autour-de-la-capitale-libyenne\\\/\",\"name\":\"L&#039;Alg\u00e9rie d\u00e9plore les r\u00e9cents affrontements survenus autour de la capitale libyenne - info algerie\",\"isPartOf\":{\"@id\":\"https:\\\/\\\/www.info-algerie.com\\\/actualites\\\/#website\"},\"primaryImageOfPage\":{\"@id\":\"https:\\\/\\\/www.info-algerie.com\\\/actualites\\\/lalgerie-deplore-les-recents-affrontements-survenus-autour-de-la-capitale-libyenne\\\/#primaryimage\"},\"image\":{\"@id\":\"https:\\\/\\\/www.info-algerie.com\\\/actualites\\\/lalgerie-deplore-les-recents-affrontements-survenus-autour-de-la-capitale-libyenne\\\/#primaryimage\"},\"thumbnailUrl\":\"https:\\\/\\\/www.info-algerie.com\\\/actualites\\\/wp-content\\\/uploads\\\/2018\\\/08\\\/8c2e992437b7dea6583dcea64a88ea5b_S-1.jpg\",\"datePublished\":\"2018-08-30T17:08:32+00:00\",\"breadcrumb\":{\"@id\":\"https:\\\/\\\/www.info-algerie.com\\\/actualites\\\/lalgerie-deplore-les-recents-affrontements-survenus-autour-de-la-capitale-libyenne\\\/#breadcrumb\"},\"inLanguage\":\"fr-FR\",\"potentialAction\":[{\"@type\":\"ReadAction\",\"target\":[\"https:\\\/\\\/www.info-algerie.com\\\/actualites\\\/lalgerie-deplore-les-recents-affrontements-survenus-autour-de-la-capitale-libyenne\\\/\"]}]},{\"@type\":\"ImageObject\",\"inLanguage\":\"fr-FR\",\"@id\":\"https:\\\/\\\/www.info-algerie.com\\\/actualites\\\/lalgerie-deplore-les-recents-affrontements-survenus-autour-de-la-capitale-libyenne\\\/#primaryimage\",\"url\":\"https:\\\/\\\/www.info-algerie.com\\\/actualites\\\/wp-content\\\/uploads\\\/2018\\\/08\\\/8c2e992437b7dea6583dcea64a88ea5b_S-1.jpg\",\"contentUrl\":\"https:\\\/\\\/www.info-algerie.com\\\/actualites\\\/wp-content\\\/uploads\\\/2018\\\/08\\\/8c2e992437b7dea6583dcea64a88ea5b_S-1.jpg\",\"width\":280,\"height\":169},{\"@type\":\"BreadcrumbList\",\"@id\":\"https:\\\/\\\/www.info-algerie.com\\\/actualites\\\/lalgerie-deplore-les-recents-affrontements-survenus-autour-de-la-capitale-libyenne\\\/#breadcrumb\",\"itemListElement\":[{\"@type\":\"ListItem\",\"position\":1,\"name\":\"Accueil\",\"item\":\"https:\\\/\\\/www.info-algerie.com\\\/actualites\\\/\"},{\"@type\":\"ListItem\",\"position\":2,\"name\":\"L&#039;Alg\u00e9rie d\u00e9plore les r\u00e9cents affrontements survenus autour de la capitale libyenne\"}]},{\"@type\":\"WebSite\",\"@id\":\"https:\\\/\\\/www.info-algerie.com\\\/actualites\\\/#website\",\"url\":\"https:\\\/\\\/www.info-algerie.com\\\/actualites\\\/\",\"name\":\"info algerie\",\"description\":\"Toutes les actualit\u00e9s\",\"publisher\":{\"@id\":\"https:\\\/\\\/www.info-algerie.com\\\/actualites\\\/#organization\"},\"potentialAction\":[{\"@type\":\"SearchAction\",\"target\":{\"@type\":\"EntryPoint\",\"urlTemplate\":\"https:\\\/\\\/www.info-algerie.com\\\/actualites\\\/?s={search_term_string}\"},\"query-input\":{\"@type\":\"PropertyValueSpecification\",\"valueRequired\":true,\"valueName\":\"search_term_string\"}}],\"inLanguage\":\"fr-FR\"},{\"@type\":\"Organization\",\"@id\":\"https:\\\/\\\/www.info-algerie.com\\\/actualites\\\/#organization\",\"name\":\"info algerie\",\"url\":\"https:\\\/\\\/www.info-algerie.com\\\/actualites\\\/\",\"logo\":{\"@type\":\"ImageObject\",\"inLanguage\":\"fr-FR\",\"@id\":\"https:\\\/\\\/www.info-algerie.com\\\/actualites\\\/#\\\/schema\\\/logo\\\/image\\\/\",\"url\":\"https:\\\/\\\/www.info-algerie.com\\\/actualites\\\/wp-content\\\/uploads\\\/2022\\\/07\\\/logo-ia-120.png\",\"contentUrl\":\"https:\\\/\\\/www.info-algerie.com\\\/actualites\\\/wp-content\\\/uploads\\\/2022\\\/07\\\/logo-ia-120.png\",\"width\":120,\"height\":43,\"caption\":\"info algerie\"},\"image\":{\"@id\":\"https:\\\/\\\/www.info-algerie.com\\\/actualites\\\/#\\\/schema\\\/logo\\\/image\\\/\"},\"sameAs\":[\"https:\\\/\\\/www.facebook.com\\\/infoalgerieactu\",\"https:\\\/\\\/x.com\\\/infoalgerie1\"]},{\"@type\":\"Person\",\"@id\":\"https:\\\/\\\/www.info-algerie.com\\\/actualites\\\/#\\\/schema\\\/person\\\/847aaec44920825b843a08f30ec6aa1e\",\"name\":\"La r\u00e9daction\",\"image\":{\"@type\":\"ImageObject\",\"inLanguage\":\"fr-FR\",\"@id\":\"https:\\\/\\\/secure.gravatar.com\\\/avatar\\\/769db425c6f465158149f1ffd6cf61ce7a8a879d11dfbef8288af36dfddd418c?s=96&d=mm&r=g\",\"url\":\"https:\\\/\\\/secure.gravatar.com\\\/avatar\\\/769db425c6f465158149f1ffd6cf61ce7a8a879d11dfbef8288af36dfddd418c?s=96&d=mm&r=g\",\"contentUrl\":\"https:\\\/\\\/secure.gravatar.com\\\/avatar\\\/769db425c6f465158149f1ffd6cf61ce7a8a879d11dfbef8288af36dfddd418c?s=96&d=mm&r=g\",\"caption\":\"La r\u00e9daction\"},\"sameAs\":[\"http:\\\/\\\/www.lkeria.com\\\/\"],\"url\":\"https:\\\/\\\/www.info-algerie.com\\\/actualites\\\/author\\\/chakib32\\\/\"}]}<\/script>\n<!-- \/ Yoast SEO plugin. -->","yoast_head_json":{"title":"L&#039;Alg\u00e9rie d\u00e9plore les r\u00e9cents affrontements survenus autour de la capitale libyenne - info algerie","robots":{"index":"index","follow":"follow","max-snippet":"max-snippet:-1","max-image-preview":"max-image-preview:large","max-video-preview":"max-video-preview:-1"},"canonical":"https:\/\/www.info-algerie.com\/actualites\/lalgerie-deplore-les-recents-affrontements-survenus-autour-de-la-capitale-libyenne\/","og_locale":"fr_FR","og_type":"article","og_title":"L&#039;Alg\u00e9rie d\u00e9plore les r\u00e9cents affrontements survenus autour de la capitale libyenne - info algerie","og_description":"\u00a0 &#013; ALGER &#8211; L&rsquo;Alg\u00e9rie \u00ab\u00a0suit avec pr\u00e9occupation et d\u00e9plore les r\u00e9cents affrontements survenus autour de la capitale libyenne\u00a0\u00bb, indique jeudi un communiqu\u00e9 du minist\u00e8re des Affaires \u00e9trang\u00e8res. &#013; &#013; &#013; \u00ab\u00a0Il n&rsquo;y aura pas de paix durable en Libye en dehors du dialogue et de la r\u00e9conciliation nationale\u00a0\u00bb (MAE) &#013; &#013; \u00ab\u00a0L&rsquo;Alg\u00e9rie suit avec","og_url":"https:\/\/www.info-algerie.com\/actualites\/lalgerie-deplore-les-recents-affrontements-survenus-autour-de-la-capitale-libyenne\/","og_site_name":"info algerie","article_publisher":"https:\/\/www.facebook.com\/infoalgerieactu","article_published_time":"2018-08-30T17:08:32+00:00","og_image":[{"width":280,"height":169,"url":"https:\/\/www.info-algerie.com\/actualites\/wp-content\/uploads\/2018\/08\/8c2e992437b7dea6583dcea64a88ea5b_S-1.jpg","type":"image\/jpeg"}],"author":"La r\u00e9daction","twitter_misc":{"\u00c9crit par":"La r\u00e9daction","Dur\u00e9e de lecture estim\u00e9e":"1 minute"},"schema":{"@context":"https:\/\/schema.org","@graph":[{"@type":"Article","@id":"https:\/\/www.info-algerie.com\/actualites\/lalgerie-deplore-les-recents-affrontements-survenus-autour-de-la-capitale-libyenne\/#article","isPartOf":{"@id":"https:\/\/www.info-algerie.com\/actualites\/lalgerie-deplore-les-recents-affrontements-survenus-autour-de-la-capitale-libyenne\/"},"author":{"name":"La r\u00e9daction","@id":"https:\/\/www.info-algerie.com\/actualites\/#\/schema\/person\/847aaec44920825b843a08f30ec6aa1e"},"headline":"L&#039;Alg\u00e9rie d\u00e9plore les r\u00e9cents affrontements survenus autour de la capitale libyenne","datePublished":"2018-08-30T17:08:32+00:00","mainEntityOfPage":{"@id":"https:\/\/www.info-algerie.com\/actualites\/lalgerie-deplore-les-recents-affrontements-survenus-autour-de-la-capitale-libyenne\/"},"wordCount":198,"commentCount":0,"publisher":{"@id":"https:\/\/www.info-algerie.com\/actualites\/#organization"},"image":{"@id":"https:\/\/www.info-algerie.com\/actualites\/lalgerie-deplore-les-recents-affrontements-survenus-autour-de-la-capitale-libyenne\/#primaryimage"},"thumbnailUrl":"https:\/\/www.info-algerie.com\/actualites\/wp-content\/uploads\/2018\/08\/8c2e992437b7dea6583dcea64a88ea5b_S-1.jpg","keywords":["ONU"],"articleSection":["infos"],"inLanguage":"fr-FR","potentialAction":[{"@type":"CommentAction","name":"Comment","target":["https:\/\/www.info-algerie.com\/actualites\/lalgerie-deplore-les-recents-affrontements-survenus-autour-de-la-capitale-libyenne\/#respond"]}]},{"@type":"WebPage","@id":"https:\/\/www.info-algerie.com\/actualites\/lalgerie-deplore-les-recents-affrontements-survenus-autour-de-la-capitale-libyenne\/","url":"https:\/\/www.info-algerie.com\/actualites\/lalgerie-deplore-les-recents-affrontements-survenus-autour-de-la-capitale-libyenne\/","name":"L&#039;Alg\u00e9rie d\u00e9plore les r\u00e9cents affrontements survenus autour de la capitale libyenne - info algerie","isPartOf":{"@id":"https:\/\/www.info-algerie.com\/actualites\/#website"},"primaryImageOfPage":{"@id":"https:\/\/www.info-algerie.com\/actualites\/lalgerie-deplore-les-recents-affrontements-survenus-autour-de-la-capitale-libyenne\/#primaryimage"},"image":{"@id":"https:\/\/www.info-algerie.com\/actualites\/lalgerie-deplore-les-recents-affrontements-survenus-autour-de-la-capitale-libyenne\/#primaryimage"},"thumbnailUrl":"https:\/\/www.info-algerie.com\/actualites\/wp-content\/uploads\/2018\/08\/8c2e992437b7dea6583dcea64a88ea5b_S-1.jpg","datePublished":"2018-08-30T17:08:32+00:00","breadcrumb":{"@id":"https:\/\/www.info-algerie.com\/actualites\/lalgerie-deplore-les-recents-affrontements-survenus-autour-de-la-capitale-libyenne\/#breadcrumb"},"inLanguage":"fr-FR","potentialAction":[{"@type":"ReadAction","target":["https:\/\/www.info-algerie.com\/actualites\/lalgerie-deplore-les-recents-affrontements-survenus-autour-de-la-capitale-libyenne\/"]}]},{"@type":"ImageObject","inLanguage":"fr-FR","@id":"https:\/\/www.info-algerie.com\/actualites\/lalgerie-deplore-les-recents-affrontements-survenus-autour-de-la-capitale-libyenne\/#primaryimage","url":"https:\/\/www.info-algerie.com\/actualites\/wp-content\/uploads\/2018\/08\/8c2e992437b7dea6583dcea64a88ea5b_S-1.jpg","contentUrl":"https:\/\/www.info-algerie.com\/actualites\/wp-content\/uploads\/2018\/08\/8c2e992437b7dea6583dcea64a88ea5b_S-1.jpg","width":280,"height":169},{"@type":"BreadcrumbList","@id":"https:\/\/www.info-algerie.com\/actualites\/lalgerie-deplore-les-recents-affrontements-survenus-autour-de-la-capitale-libyenne\/#breadcrumb","itemListElement":[{"@type":"ListItem","position":1,"name":"Accueil","item":"https:\/\/www.info-algerie.com\/actualites\/"},{"@type":"ListItem","position":2,"name":"L&#039;Alg\u00e9rie d\u00e9plore les r\u00e9cents affrontements survenus autour de la capitale libyenne"}]},{"@type":"WebSite","@id":"https:\/\/www.info-algerie.com\/actualites\/#website","url":"https:\/\/www.info-algerie.com\/actualites\/","name":"info algerie","description":"Toutes les actualit\u00e9s","publisher":{"@id":"https:\/\/www.info-algerie.com\/actualites\/#organization"},"potentialAction":[{"@type":"SearchAction","target":{"@type":"EntryPoint","urlTemplate":"https:\/\/www.info-algerie.com\/actualites\/?s={search_term_string}"},"query-input":{"@type":"PropertyValueSpecification","valueRequired":true,"valueName":"search_term_string"}}],"inLanguage":"fr-FR"},{"@type":"Organization","@id":"https:\/\/www.info-algerie.com\/actualites\/#organization","name":"info algerie","url":"https:\/\/www.info-algerie.com\/actualites\/","logo":{"@type":"ImageObject","inLanguage":"fr-FR","@id":"https:\/\/www.info-algerie.com\/actualites\/#\/schema\/logo\/image\/","url":"https:\/\/www.info-algerie.com\/actualites\/wp-content\/uploads\/2022\/07\/logo-ia-120.png","contentUrl":"https:\/\/www.info-algerie.com\/actualites\/wp-content\/uploads\/2022\/07\/logo-ia-120.png","width":120,"height":43,"caption":"info algerie"},"image":{"@id":"https:\/\/www.info-algerie.com\/actualites\/#\/schema\/logo\/image\/"},"sameAs":["https:\/\/www.facebook.com\/infoalgerieactu","https:\/\/x.com\/infoalgerie1"]},{"@type":"Person","@id":"https:\/\/www.info-algerie.com\/actualites\/#\/schema\/person\/847aaec44920825b843a08f30ec6aa1e","name":"La r\u00e9daction","image":{"@type":"ImageObject","inLanguage":"fr-FR","@id":"https:\/\/secure.gravatar.com\/avatar\/769db425c6f465158149f1ffd6cf61ce7a8a879d11dfbef8288af36dfddd418c?s=96&d=mm&r=g","url":"https:\/\/secure.gravatar.com\/avatar\/769db425c6f465158149f1ffd6cf61ce7a8a879d11dfbef8288af36dfddd418c?s=96&d=mm&r=g","contentUrl":"https:\/\/secure.gravatar.com\/avatar\/769db425c6f465158149f1ffd6cf61ce7a8a879d11dfbef8288af36dfddd418c?s=96&d=mm&r=g","caption":"La r\u00e9daction"},"sameAs":["http:\/\/www.lkeria.com\/"],"url":"https:\/\/www.info-algerie.com\/actualites\/author\/chakib32\/"}]}},"_links":{"self":[{"href":"https:\/\/www.info-algerie.com\/actualites\/wp-json\/wp\/v2\/posts\/26691","targetHints":{"allow":["GET"]}}],"collection":[{"href":"https:\/\/www.info-algerie.com\/actualites\/wp-json\/wp\/v2\/posts"}],"about":[{"href":"https:\/\/www.info-algerie.com\/actualites\/wp-json\/wp\/v2\/types\/post"}],"author":[{"embeddable":true,"href":"https:\/\/www.info-algerie.com\/actualites\/wp-json\/wp\/v2\/users\/6"}],"replies":[{"embeddable":true,"href":"https:\/\/www.info-algerie.com\/actualites\/wp-json\/wp\/v2\/comments?post=26691"}],"version-history":[{"count":0,"href":"https:\/\/www.info-algerie.com\/actualites\/wp-json\/wp\/v2\/posts\/26691\/revisions"}],"wp:featuredmedia":[{"embeddable":true,"href":"https:\/\/www.info-algerie.com\/actualites\/wp-json\/wp\/v2\/media\/26692"}],"wp:attachment":[{"href":"https:\/\/www.info-algerie.com\/actualites\/wp-json\/wp\/v2\/media?parent=26691"}],"wp:term":[{"taxonomy":"category","embeddable":true,"href":"https:\/\/www.info-algerie.com\/actualites\/wp-json\/wp\/v2\/categories?post=26691"},{"taxonomy":"post_tag","embeddable":true,"href":"https:\/\/www.info-algerie.com\/actualites\/wp-json\/wp\/v2\/tags?post=26691"}],"curies":[{"name":"wp","href":"https:\/\/api.w.org\/{rel}","templated":true}]}}