{"id":26700,"date":"2018-08-30T17:29:25","date_gmt":"2018-08-30T16:29:25","guid":{"rendered":"http:\/\/www.info-algerie.com\/actualites\/scouts-arabes-projet-de-realisation-dun-siege-sur-les-hauteurs-de-chrea\/"},"modified":"2018-08-30T17:29:25","modified_gmt":"2018-08-30T16:29:25","slug":"scouts-arabes-projet-de-realisation-dun-siege-sur-les-hauteurs-de-chrea","status":"publish","type":"post","link":"https:\/\/www.info-algerie.com\/actualites\/scouts-arabes-projet-de-realisation-dun-siege-sur-les-hauteurs-de-chrea\/","title":{"rendered":"Scouts arabes: projet de r\u00e9alisation d\u2019un si\u00e8ge sur les hauteurs de Chr\u00e9a"},"content":{"rendered":"<div class=\"K2FeedImage\"><img decoding=\"async\" src=\"https:\/\/www.info-algerie.com\/actualites\/wp-content\/uploads\/2018\/08\/2248eb6738d05ae75b3e30c7eb598d0c_S.jpg\" alt=\"Scouts arabes: projet de r&#xE9;alisation d&#x2019;un si&#xE8;ge sur les hauteurs de Chr&#xE9;a\" \/><\/div>\n<div class=\"K2FeedIntroText\">\n<p><strong>BLIDA &#8211; Le secr\u00e9taire g\u00e9n\u00e9ral de l\u2019Organisation des Scouts arabes, Attef Abdelmadjid, a annonc\u00e9, jeudi \u00e0 partir de Blida, la pr\u00e9paration en cours d\u2019un projet de fondation d\u2019un si\u00e8ge pour l\u2019Organisation des Scouts arabes sur les hauteurs de la r\u00e9gion touristique de Chr\u00e9a, dont la beaut\u00e9 a enchant\u00e9 les groupes scouts qui l\u2019ont visit\u00e9 depuis le d\u00e9but de la semaine au titre de la manifestation \u00ab\u00a0Aich Al Barari\u00a0\u00bb.<\/strong><\/p>\n<p>&#013;\n<\/p><\/div>\n<div class=\"K2FeedFullText\">&#013;<\/p>\n<p>\u00ab\u00a0Une contribution de la part de nombreux pays arabes est attendue pour le financement de cet important projet\u00a0\u00bb, a indiqu\u00e9 M. Attef dans une d\u00e9claration \u00e0 la presse, en marge d\u2019une visite \u00e0 la r\u00e9gion touristique de Chr\u00e9a, en compagnie du commandant g\u00e9n\u00e9ral des Scouts musulmans alg\u00e9riens (SMA), Mohamed Boualleg, et d\u2019autres commandants des groupes scouts qui ont pris\u00a0 part au 32e Camp des Scouts arabes, et qui repr\u00e9sentent 17 pays, dont l\u2019Arabie Saoudite, le Liban, la Syrie, la Jordanie et la Palestine, outre la participation, pour la premi\u00e8re fois, d\u2019un pays non arabe repr\u00e9sent\u00e9 par les Etas-unis d\u2019Am\u00e9rique (USA).<\/p>\n<p>&#013;<\/p>\n<hr \/>\n<h3>Lire aussi:\u00a0<a href=\"http:\/\/www.aps.dz\/algerie\/77855-32e-camp-des-scouts-arabes-appel-aux-jeunes-a-intensifier-les-efforts-pour-consacrer-l-union-arabe\" target=\"_blank\" rel=\"noopener noreferrer\">32e Camp des Scouts arabes : appel aux jeunes \u00e0 intensifier les efforts pour consacrer l&rsquo;union arabe<\/a><\/h3>\n<p>&#013;<\/p>\n<hr \/>\n<p>Attef Abdelmadjid a exprim\u00e9, \u00e0 l\u2019occasion, ses profonds remerciements au wali de Blida, Mustapha Layadhi, qui s\u2019\u00e9tait engag\u00e9 \u00e0 l\u2019affectation d\u2019une assiette fonci\u00e8re pour l\u2019implantation de ce projet destin\u00e9 \u00e0 abriter de nombreuses activit\u00e9s des scouts attendues \u00e0 l\u2019animation, \u00e0 l\u2019avenir, par l\u2019Organisation des Scouts arabes.<\/p>\n<p>&#013;<\/p>\n<p>\u00ab\u00a0Les paysages f\u00e9eriques de la r\u00e9gion de Chr\u00e9a repr\u00e9sentent un cadre id\u00e9al pour abriter les activit\u00e9s principales des scouts, visant l\u2019apprentissage de nouvelles aptitudes en milieu naturel (camping et randonn\u00e9e, entre autres)\u00a0\u00bb, a t-il ajout\u00e9.<\/p>\n<p>&#013;<\/p>\n<p>Le secr\u00e9taire g\u00e9n\u00e9ral de l\u2019Organisation des Scouts arabes a fait \u00e9tat, en outre, du climat de paix et de s\u00e9r\u00e9nit\u00e9 ayant permis aux groupes scouts de visiter, en toute tranquillit\u00e9, de nombreuses wilayas et de jouir des beaux paysages caract\u00e9risant l\u2019Alg\u00e9rie, \u00e0 l\u2019instar de la r\u00e9gion c\u00f4ti\u00e8re de Tipasa et des monts de Chr\u00e9a, a-t-il indiqu\u00e9.<\/p>\n<p>&#013;<\/p>\n<hr \/>\n<h3>Lire aussi:\u00a0<a href=\"http:\/\/www.aps.dz\/societe\/77884-32e-camp-de-scoutisme-les-scouts-arabes-subjugues-par-la-region-touristique-de-chrea\" target=\"_blank\" rel=\"noopener noreferrer\">32e Camp de scoutisme: les scouts arabes subjugu\u00e9s par la r\u00e9gion touristique de Chr\u00e9a<\/a><\/h3>\n<p>&#013;<\/p>\n<hr \/>\n<p>\u00ab\u00a0Les diff\u00e9rents groupes scouts qui ont visit\u00e9 cette r\u00e9gion (Chr\u00e9a) ont tous exprim\u00e9 leur d\u00e9sir d&rsquo;y revenir pour organiser d\u2019autres visites exploratrices\u00a0\u00bb, a-t-il assur\u00e9, \u00ab\u00a0pour confirmer l&rsquo;adage qui dit : celui qui voit Chr\u00e9a y reviendra s\u00fbrement\u00a0\u00bb.<\/p>\n<p>&#013;<\/p>\n<p>Pour leur part, les diff\u00e9rents commandants des groupes scouts arabes, prenant part \u00e0 leur 32e Camp, abrit\u00e9 pour la 3\u00e8me fois par l\u2019Alg\u00e9rie, se sont tous f\u00e9licit\u00e9s du \u00ab\u00a0tr\u00e8s bon accueil\u00a0\u00bb qui leur a \u00e9t\u00e9 r\u00e9serv\u00e9 tant par les responsables alg\u00e9riens que par des citoyens, tout en exprimant leur souhait d\u2019avoir l\u2019opportunit\u00e9 de \u00ab\u00a0revenir encore une fois pour visiter d\u2019autres r\u00e9gions de ce pays, afin d\u2019en apprendre davantage sur les us et coutumes de son peuple r\u00e9put\u00e9 pour son sens de l\u2019hospitalit\u00e9\u00a0\u00bb, selon leur expression.<\/p>\n<p>&#013;<\/p>\n<p>A noter que la r\u00e9gion touristique de Chr\u00e9a a accueilli, depuis lundi dernier, pr\u00e8s de 600 scouts repr\u00e9sentant de nombreux pays arabes et \u00e9trangers, dont l\u2019Egypte, la Tunisie, le Liban et les Etats-unis d\u2019Am\u00e9rique (USA), sous forme de groupes comptant 150 \u00e9l\u00e9ments chacun.<\/p>\n<\/div>\n<p>&#013;<br \/>\nSource: <a href=\"http:\/\/www.aps.dz\/algerie\/77972-scouts-arabes-projet-de-realisation-d-un-siege-sur-les-hauteurs-de-chrea\" target=\"_blank\">Scouts arabes: projet de r\u00e9alisation d\u2019un si\u00e8ge sur les hauteurs de Chr\u00e9a<\/a><\/p>\n<!--CusAds0-->\n<div style=\"font-size: 0px; height: 0px; line-height: 0px; margin: 0; padding: 0; clear: both;\"><\/div>","protected":false},"excerpt":{"rendered":"<p>BLIDA &#8211; Le secr\u00e9taire g\u00e9n\u00e9ral de l\u2019Organisation des Scouts arabes, Attef Abdelmadjid, a annonc\u00e9, jeudi \u00e0 partir de Blida, la pr\u00e9paration en cours d\u2019un projet de fondation d\u2019un si\u00e8ge pour l\u2019Organisation des Scouts arabes sur les hauteurs de la r\u00e9gion touristique de Chr\u00e9a, dont la beaut\u00e9 a enchant\u00e9 les groupes scouts qui l\u2019ont visit\u00e9 depuis<\/p>\n","protected":false},"author":6,"featured_media":26701,"comment_status":"open","ping_status":"open","sticky":false,"template":"","format":"standard","meta":{"footnotes":""},"categories":[22],"tags":[93],"class_list":["post-26700","post","type-post","status-publish","format-standard","has-post-thumbnail","hentry","category-infos","tag-onu"],"yoast_head":"<!-- This site is optimized with the Yoast SEO plugin v27.5 - https:\/\/yoast.com\/product\/yoast-seo-wordpress\/ -->\n<title>Scouts arabes: projet de r\u00e9alisation d\u2019un si\u00e8ge sur les hauteurs de Chr\u00e9a - info algerie<\/title>\n<meta name=\"robots\" content=\"index, follow, max-snippet:-1, max-image-preview:large, max-video-preview:-1\" \/>\n<link rel=\"canonical\" href=\"https:\/\/www.info-algerie.com\/actualites\/scouts-arabes-projet-de-realisation-dun-siege-sur-les-hauteurs-de-chrea\/\" \/>\n<meta property=\"og:locale\" content=\"fr_FR\" \/>\n<meta property=\"og:type\" content=\"article\" \/>\n<meta property=\"og:title\" content=\"Scouts arabes: projet de r\u00e9alisation d\u2019un si\u00e8ge sur les hauteurs de Chr\u00e9a - info algerie\" \/>\n<meta property=\"og:description\" content=\"BLIDA &#8211; Le secr\u00e9taire g\u00e9n\u00e9ral de l\u2019Organisation des Scouts arabes, Attef Abdelmadjid, a annonc\u00e9, jeudi \u00e0 partir de Blida, la pr\u00e9paration en cours d\u2019un projet de fondation d\u2019un si\u00e8ge pour l\u2019Organisation des Scouts arabes sur les hauteurs de la r\u00e9gion touristique de Chr\u00e9a, dont la beaut\u00e9 a enchant\u00e9 les groupes scouts qui l\u2019ont visit\u00e9 depuis\" \/>\n<meta property=\"og:url\" content=\"https:\/\/www.info-algerie.com\/actualites\/scouts-arabes-projet-de-realisation-dun-siege-sur-les-hauteurs-de-chrea\/\" \/>\n<meta property=\"og:site_name\" content=\"info algerie\" \/>\n<meta property=\"article:publisher\" content=\"https:\/\/www.facebook.com\/infoalgerieactu\" \/>\n<meta property=\"article:published_time\" content=\"2018-08-30T16:29:25+00:00\" \/>\n<meta property=\"og:image\" content=\"https:\/\/www.info-algerie.com\/actualites\/wp-content\/uploads\/2018\/08\/2248eb6738d05ae75b3e30c7eb598d0c_S-1.jpg\" \/>\n\t<meta property=\"og:image:width\" content=\"280\" \/>\n\t<meta property=\"og:image:height\" content=\"169\" \/>\n\t<meta property=\"og:image:type\" content=\"image\/jpeg\" \/>\n<meta name=\"author\" content=\"La r\u00e9daction\" \/>\n<meta name=\"twitter:label1\" content=\"\u00c9crit par\" \/>\n\t<meta name=\"twitter:data1\" content=\"La r\u00e9daction\" \/>\n\t<meta name=\"twitter:label2\" content=\"Dur\u00e9e de lecture estim\u00e9e\" \/>\n\t<meta name=\"twitter:data2\" content=\"3 minutes\" \/>\n<script type=\"application\/ld+json\" class=\"yoast-schema-graph\">{\"@context\":\"https:\\\/\\\/schema.org\",\"@graph\":[{\"@type\":\"Article\",\"@id\":\"https:\\\/\\\/www.info-algerie.com\\\/actualites\\\/scouts-arabes-projet-de-realisation-dun-siege-sur-les-hauteurs-de-chrea\\\/#article\",\"isPartOf\":{\"@id\":\"https:\\\/\\\/www.info-algerie.com\\\/actualites\\\/scouts-arabes-projet-de-realisation-dun-siege-sur-les-hauteurs-de-chrea\\\/\"},\"author\":{\"name\":\"La r\u00e9daction\",\"@id\":\"https:\\\/\\\/www.info-algerie.com\\\/actualites\\\/#\\\/schema\\\/person\\\/847aaec44920825b843a08f30ec6aa1e\"},\"headline\":\"Scouts arabes: projet de r\u00e9alisation d\u2019un si\u00e8ge sur les hauteurs de Chr\u00e9a\",\"datePublished\":\"2018-08-30T16:29:25+00:00\",\"mainEntityOfPage\":{\"@id\":\"https:\\\/\\\/www.info-algerie.com\\\/actualites\\\/scouts-arabes-projet-de-realisation-dun-siege-sur-les-hauteurs-de-chrea\\\/\"},\"wordCount\":618,\"commentCount\":0,\"publisher\":{\"@id\":\"https:\\\/\\\/www.info-algerie.com\\\/actualites\\\/#organization\"},\"image\":{\"@id\":\"https:\\\/\\\/www.info-algerie.com\\\/actualites\\\/scouts-arabes-projet-de-realisation-dun-siege-sur-les-hauteurs-de-chrea\\\/#primaryimage\"},\"thumbnailUrl\":\"https:\\\/\\\/www.info-algerie.com\\\/actualites\\\/wp-content\\\/uploads\\\/2018\\\/08\\\/2248eb6738d05ae75b3e30c7eb598d0c_S-1.jpg\",\"keywords\":[\"ONU\"],\"articleSection\":[\"infos\"],\"inLanguage\":\"fr-FR\",\"potentialAction\":[{\"@type\":\"CommentAction\",\"name\":\"Comment\",\"target\":[\"https:\\\/\\\/www.info-algerie.com\\\/actualites\\\/scouts-arabes-projet-de-realisation-dun-siege-sur-les-hauteurs-de-chrea\\\/#respond\"]}]},{\"@type\":\"WebPage\",\"@id\":\"https:\\\/\\\/www.info-algerie.com\\\/actualites\\\/scouts-arabes-projet-de-realisation-dun-siege-sur-les-hauteurs-de-chrea\\\/\",\"url\":\"https:\\\/\\\/www.info-algerie.com\\\/actualites\\\/scouts-arabes-projet-de-realisation-dun-siege-sur-les-hauteurs-de-chrea\\\/\",\"name\":\"Scouts arabes: projet de r\u00e9alisation d\u2019un si\u00e8ge sur les hauteurs de Chr\u00e9a - info algerie\",\"isPartOf\":{\"@id\":\"https:\\\/\\\/www.info-algerie.com\\\/actualites\\\/#website\"},\"primaryImageOfPage\":{\"@id\":\"https:\\\/\\\/www.info-algerie.com\\\/actualites\\\/scouts-arabes-projet-de-realisation-dun-siege-sur-les-hauteurs-de-chrea\\\/#primaryimage\"},\"image\":{\"@id\":\"https:\\\/\\\/www.info-algerie.com\\\/actualites\\\/scouts-arabes-projet-de-realisation-dun-siege-sur-les-hauteurs-de-chrea\\\/#primaryimage\"},\"thumbnailUrl\":\"https:\\\/\\\/www.info-algerie.com\\\/actualites\\\/wp-content\\\/uploads\\\/2018\\\/08\\\/2248eb6738d05ae75b3e30c7eb598d0c_S-1.jpg\",\"datePublished\":\"2018-08-30T16:29:25+00:00\",\"breadcrumb\":{\"@id\":\"https:\\\/\\\/www.info-algerie.com\\\/actualites\\\/scouts-arabes-projet-de-realisation-dun-siege-sur-les-hauteurs-de-chrea\\\/#breadcrumb\"},\"inLanguage\":\"fr-FR\",\"potentialAction\":[{\"@type\":\"ReadAction\",\"target\":[\"https:\\\/\\\/www.info-algerie.com\\\/actualites\\\/scouts-arabes-projet-de-realisation-dun-siege-sur-les-hauteurs-de-chrea\\\/\"]}]},{\"@type\":\"ImageObject\",\"inLanguage\":\"fr-FR\",\"@id\":\"https:\\\/\\\/www.info-algerie.com\\\/actualites\\\/scouts-arabes-projet-de-realisation-dun-siege-sur-les-hauteurs-de-chrea\\\/#primaryimage\",\"url\":\"https:\\\/\\\/www.info-algerie.com\\\/actualites\\\/wp-content\\\/uploads\\\/2018\\\/08\\\/2248eb6738d05ae75b3e30c7eb598d0c_S-1.jpg\",\"contentUrl\":\"https:\\\/\\\/www.info-algerie.com\\\/actualites\\\/wp-content\\\/uploads\\\/2018\\\/08\\\/2248eb6738d05ae75b3e30c7eb598d0c_S-1.jpg\",\"width\":280,\"height\":169},{\"@type\":\"BreadcrumbList\",\"@id\":\"https:\\\/\\\/www.info-algerie.com\\\/actualites\\\/scouts-arabes-projet-de-realisation-dun-siege-sur-les-hauteurs-de-chrea\\\/#breadcrumb\",\"itemListElement\":[{\"@type\":\"ListItem\",\"position\":1,\"name\":\"Accueil\",\"item\":\"https:\\\/\\\/www.info-algerie.com\\\/actualites\\\/\"},{\"@type\":\"ListItem\",\"position\":2,\"name\":\"Scouts arabes: projet de r\u00e9alisation d\u2019un si\u00e8ge sur les hauteurs de Chr\u00e9a\"}]},{\"@type\":\"WebSite\",\"@id\":\"https:\\\/\\\/www.info-algerie.com\\\/actualites\\\/#website\",\"url\":\"https:\\\/\\\/www.info-algerie.com\\\/actualites\\\/\",\"name\":\"info algerie\",\"description\":\"Toutes les actualit\u00e9s\",\"publisher\":{\"@id\":\"https:\\\/\\\/www.info-algerie.com\\\/actualites\\\/#organization\"},\"potentialAction\":[{\"@type\":\"SearchAction\",\"target\":{\"@type\":\"EntryPoint\",\"urlTemplate\":\"https:\\\/\\\/www.info-algerie.com\\\/actualites\\\/?s={search_term_string}\"},\"query-input\":{\"@type\":\"PropertyValueSpecification\",\"valueRequired\":true,\"valueName\":\"search_term_string\"}}],\"inLanguage\":\"fr-FR\"},{\"@type\":\"Organization\",\"@id\":\"https:\\\/\\\/www.info-algerie.com\\\/actualites\\\/#organization\",\"name\":\"info algerie\",\"url\":\"https:\\\/\\\/www.info-algerie.com\\\/actualites\\\/\",\"logo\":{\"@type\":\"ImageObject\",\"inLanguage\":\"fr-FR\",\"@id\":\"https:\\\/\\\/www.info-algerie.com\\\/actualites\\\/#\\\/schema\\\/logo\\\/image\\\/\",\"url\":\"https:\\\/\\\/www.info-algerie.com\\\/actualites\\\/wp-content\\\/uploads\\\/2022\\\/07\\\/logo-ia-120.png\",\"contentUrl\":\"https:\\\/\\\/www.info-algerie.com\\\/actualites\\\/wp-content\\\/uploads\\\/2022\\\/07\\\/logo-ia-120.png\",\"width\":120,\"height\":43,\"caption\":\"info algerie\"},\"image\":{\"@id\":\"https:\\\/\\\/www.info-algerie.com\\\/actualites\\\/#\\\/schema\\\/logo\\\/image\\\/\"},\"sameAs\":[\"https:\\\/\\\/www.facebook.com\\\/infoalgerieactu\",\"https:\\\/\\\/x.com\\\/infoalgerie1\"]},{\"@type\":\"Person\",\"@id\":\"https:\\\/\\\/www.info-algerie.com\\\/actualites\\\/#\\\/schema\\\/person\\\/847aaec44920825b843a08f30ec6aa1e\",\"name\":\"La r\u00e9daction\",\"image\":{\"@type\":\"ImageObject\",\"inLanguage\":\"fr-FR\",\"@id\":\"https:\\\/\\\/secure.gravatar.com\\\/avatar\\\/769db425c6f465158149f1ffd6cf61ce7a8a879d11dfbef8288af36dfddd418c?s=96&d=mm&r=g\",\"url\":\"https:\\\/\\\/secure.gravatar.com\\\/avatar\\\/769db425c6f465158149f1ffd6cf61ce7a8a879d11dfbef8288af36dfddd418c?s=96&d=mm&r=g\",\"contentUrl\":\"https:\\\/\\\/secure.gravatar.com\\\/avatar\\\/769db425c6f465158149f1ffd6cf61ce7a8a879d11dfbef8288af36dfddd418c?s=96&d=mm&r=g\",\"caption\":\"La r\u00e9daction\"},\"sameAs\":[\"http:\\\/\\\/www.lkeria.com\\\/\"],\"url\":\"https:\\\/\\\/www.info-algerie.com\\\/actualites\\\/author\\\/chakib32\\\/\"}]}<\/script>\n<!-- \/ Yoast SEO plugin. -->","yoast_head_json":{"title":"Scouts arabes: projet de r\u00e9alisation d\u2019un si\u00e8ge sur les hauteurs de Chr\u00e9a - info algerie","robots":{"index":"index","follow":"follow","max-snippet":"max-snippet:-1","max-image-preview":"max-image-preview:large","max-video-preview":"max-video-preview:-1"},"canonical":"https:\/\/www.info-algerie.com\/actualites\/scouts-arabes-projet-de-realisation-dun-siege-sur-les-hauteurs-de-chrea\/","og_locale":"fr_FR","og_type":"article","og_title":"Scouts arabes: projet de r\u00e9alisation d\u2019un si\u00e8ge sur les hauteurs de Chr\u00e9a - info algerie","og_description":"BLIDA &#8211; Le secr\u00e9taire g\u00e9n\u00e9ral de l\u2019Organisation des Scouts arabes, Attef Abdelmadjid, a annonc\u00e9, jeudi \u00e0 partir de Blida, la pr\u00e9paration en cours d\u2019un projet de fondation d\u2019un si\u00e8ge pour l\u2019Organisation des Scouts arabes sur les hauteurs de la r\u00e9gion touristique de Chr\u00e9a, dont la beaut\u00e9 a enchant\u00e9 les groupes scouts qui l\u2019ont visit\u00e9 depuis","og_url":"https:\/\/www.info-algerie.com\/actualites\/scouts-arabes-projet-de-realisation-dun-siege-sur-les-hauteurs-de-chrea\/","og_site_name":"info algerie","article_publisher":"https:\/\/www.facebook.com\/infoalgerieactu","article_published_time":"2018-08-30T16:29:25+00:00","og_image":[{"width":280,"height":169,"url":"https:\/\/www.info-algerie.com\/actualites\/wp-content\/uploads\/2018\/08\/2248eb6738d05ae75b3e30c7eb598d0c_S-1.jpg","type":"image\/jpeg"}],"author":"La r\u00e9daction","twitter_misc":{"\u00c9crit par":"La r\u00e9daction","Dur\u00e9e de lecture estim\u00e9e":"3 minutes"},"schema":{"@context":"https:\/\/schema.org","@graph":[{"@type":"Article","@id":"https:\/\/www.info-algerie.com\/actualites\/scouts-arabes-projet-de-realisation-dun-siege-sur-les-hauteurs-de-chrea\/#article","isPartOf":{"@id":"https:\/\/www.info-algerie.com\/actualites\/scouts-arabes-projet-de-realisation-dun-siege-sur-les-hauteurs-de-chrea\/"},"author":{"name":"La r\u00e9daction","@id":"https:\/\/www.info-algerie.com\/actualites\/#\/schema\/person\/847aaec44920825b843a08f30ec6aa1e"},"headline":"Scouts arabes: projet de r\u00e9alisation d\u2019un si\u00e8ge sur les hauteurs de Chr\u00e9a","datePublished":"2018-08-30T16:29:25+00:00","mainEntityOfPage":{"@id":"https:\/\/www.info-algerie.com\/actualites\/scouts-arabes-projet-de-realisation-dun-siege-sur-les-hauteurs-de-chrea\/"},"wordCount":618,"commentCount":0,"publisher":{"@id":"https:\/\/www.info-algerie.com\/actualites\/#organization"},"image":{"@id":"https:\/\/www.info-algerie.com\/actualites\/scouts-arabes-projet-de-realisation-dun-siege-sur-les-hauteurs-de-chrea\/#primaryimage"},"thumbnailUrl":"https:\/\/www.info-algerie.com\/actualites\/wp-content\/uploads\/2018\/08\/2248eb6738d05ae75b3e30c7eb598d0c_S-1.jpg","keywords":["ONU"],"articleSection":["infos"],"inLanguage":"fr-FR","potentialAction":[{"@type":"CommentAction","name":"Comment","target":["https:\/\/www.info-algerie.com\/actualites\/scouts-arabes-projet-de-realisation-dun-siege-sur-les-hauteurs-de-chrea\/#respond"]}]},{"@type":"WebPage","@id":"https:\/\/www.info-algerie.com\/actualites\/scouts-arabes-projet-de-realisation-dun-siege-sur-les-hauteurs-de-chrea\/","url":"https:\/\/www.info-algerie.com\/actualites\/scouts-arabes-projet-de-realisation-dun-siege-sur-les-hauteurs-de-chrea\/","name":"Scouts arabes: projet de r\u00e9alisation d\u2019un si\u00e8ge sur les hauteurs de Chr\u00e9a - info algerie","isPartOf":{"@id":"https:\/\/www.info-algerie.com\/actualites\/#website"},"primaryImageOfPage":{"@id":"https:\/\/www.info-algerie.com\/actualites\/scouts-arabes-projet-de-realisation-dun-siege-sur-les-hauteurs-de-chrea\/#primaryimage"},"image":{"@id":"https:\/\/www.info-algerie.com\/actualites\/scouts-arabes-projet-de-realisation-dun-siege-sur-les-hauteurs-de-chrea\/#primaryimage"},"thumbnailUrl":"https:\/\/www.info-algerie.com\/actualites\/wp-content\/uploads\/2018\/08\/2248eb6738d05ae75b3e30c7eb598d0c_S-1.jpg","datePublished":"2018-08-30T16:29:25+00:00","breadcrumb":{"@id":"https:\/\/www.info-algerie.com\/actualites\/scouts-arabes-projet-de-realisation-dun-siege-sur-les-hauteurs-de-chrea\/#breadcrumb"},"inLanguage":"fr-FR","potentialAction":[{"@type":"ReadAction","target":["https:\/\/www.info-algerie.com\/actualites\/scouts-arabes-projet-de-realisation-dun-siege-sur-les-hauteurs-de-chrea\/"]}]},{"@type":"ImageObject","inLanguage":"fr-FR","@id":"https:\/\/www.info-algerie.com\/actualites\/scouts-arabes-projet-de-realisation-dun-siege-sur-les-hauteurs-de-chrea\/#primaryimage","url":"https:\/\/www.info-algerie.com\/actualites\/wp-content\/uploads\/2018\/08\/2248eb6738d05ae75b3e30c7eb598d0c_S-1.jpg","contentUrl":"https:\/\/www.info-algerie.com\/actualites\/wp-content\/uploads\/2018\/08\/2248eb6738d05ae75b3e30c7eb598d0c_S-1.jpg","width":280,"height":169},{"@type":"BreadcrumbList","@id":"https:\/\/www.info-algerie.com\/actualites\/scouts-arabes-projet-de-realisation-dun-siege-sur-les-hauteurs-de-chrea\/#breadcrumb","itemListElement":[{"@type":"ListItem","position":1,"name":"Accueil","item":"https:\/\/www.info-algerie.com\/actualites\/"},{"@type":"ListItem","position":2,"name":"Scouts arabes: projet de r\u00e9alisation d\u2019un si\u00e8ge sur les hauteurs de Chr\u00e9a"}]},{"@type":"WebSite","@id":"https:\/\/www.info-algerie.com\/actualites\/#website","url":"https:\/\/www.info-algerie.com\/actualites\/","name":"info algerie","description":"Toutes les actualit\u00e9s","publisher":{"@id":"https:\/\/www.info-algerie.com\/actualites\/#organization"},"potentialAction":[{"@type":"SearchAction","target":{"@type":"EntryPoint","urlTemplate":"https:\/\/www.info-algerie.com\/actualites\/?s={search_term_string}"},"query-input":{"@type":"PropertyValueSpecification","valueRequired":true,"valueName":"search_term_string"}}],"inLanguage":"fr-FR"},{"@type":"Organization","@id":"https:\/\/www.info-algerie.com\/actualites\/#organization","name":"info algerie","url":"https:\/\/www.info-algerie.com\/actualites\/","logo":{"@type":"ImageObject","inLanguage":"fr-FR","@id":"https:\/\/www.info-algerie.com\/actualites\/#\/schema\/logo\/image\/","url":"https:\/\/www.info-algerie.com\/actualites\/wp-content\/uploads\/2022\/07\/logo-ia-120.png","contentUrl":"https:\/\/www.info-algerie.com\/actualites\/wp-content\/uploads\/2022\/07\/logo-ia-120.png","width":120,"height":43,"caption":"info algerie"},"image":{"@id":"https:\/\/www.info-algerie.com\/actualites\/#\/schema\/logo\/image\/"},"sameAs":["https:\/\/www.facebook.com\/infoalgerieactu","https:\/\/x.com\/infoalgerie1"]},{"@type":"Person","@id":"https:\/\/www.info-algerie.com\/actualites\/#\/schema\/person\/847aaec44920825b843a08f30ec6aa1e","name":"La r\u00e9daction","image":{"@type":"ImageObject","inLanguage":"fr-FR","@id":"https:\/\/secure.gravatar.com\/avatar\/769db425c6f465158149f1ffd6cf61ce7a8a879d11dfbef8288af36dfddd418c?s=96&d=mm&r=g","url":"https:\/\/secure.gravatar.com\/avatar\/769db425c6f465158149f1ffd6cf61ce7a8a879d11dfbef8288af36dfddd418c?s=96&d=mm&r=g","contentUrl":"https:\/\/secure.gravatar.com\/avatar\/769db425c6f465158149f1ffd6cf61ce7a8a879d11dfbef8288af36dfddd418c?s=96&d=mm&r=g","caption":"La r\u00e9daction"},"sameAs":["http:\/\/www.lkeria.com\/"],"url":"https:\/\/www.info-algerie.com\/actualites\/author\/chakib32\/"}]}},"_links":{"self":[{"href":"https:\/\/www.info-algerie.com\/actualites\/wp-json\/wp\/v2\/posts\/26700","targetHints":{"allow":["GET"]}}],"collection":[{"href":"https:\/\/www.info-algerie.com\/actualites\/wp-json\/wp\/v2\/posts"}],"about":[{"href":"https:\/\/www.info-algerie.com\/actualites\/wp-json\/wp\/v2\/types\/post"}],"author":[{"embeddable":true,"href":"https:\/\/www.info-algerie.com\/actualites\/wp-json\/wp\/v2\/users\/6"}],"replies":[{"embeddable":true,"href":"https:\/\/www.info-algerie.com\/actualites\/wp-json\/wp\/v2\/comments?post=26700"}],"version-history":[{"count":0,"href":"https:\/\/www.info-algerie.com\/actualites\/wp-json\/wp\/v2\/posts\/26700\/revisions"}],"wp:featuredmedia":[{"embeddable":true,"href":"https:\/\/www.info-algerie.com\/actualites\/wp-json\/wp\/v2\/media\/26701"}],"wp:attachment":[{"href":"https:\/\/www.info-algerie.com\/actualites\/wp-json\/wp\/v2\/media?parent=26700"}],"wp:term":[{"taxonomy":"category","embeddable":true,"href":"https:\/\/www.info-algerie.com\/actualites\/wp-json\/wp\/v2\/categories?post=26700"},{"taxonomy":"post_tag","embeddable":true,"href":"https:\/\/www.info-algerie.com\/actualites\/wp-json\/wp\/v2\/tags?post=26700"}],"curies":[{"name":"wp","href":"https:\/\/api.w.org\/{rel}","templated":true}]}}