{"id":26707,"date":"2018-08-31T18:21:11","date_gmt":"2018-08-31T17:21:11","guid":{"rendered":"https:\/\/www.info-algerie.com\/actualites\/election-presidentielle-le-msp-se-prononcera-lors-de-la-reunion-de-son-conseil-consultatif\/"},"modified":"2018-08-31T18:21:11","modified_gmt":"2018-08-31T17:21:11","slug":"election-presidentielle-le-msp-se-prononcera-lors-de-la-reunion-de-son-conseil-consultatif","status":"publish","type":"post","link":"https:\/\/www.info-algerie.com\/actualites\/election-presidentielle-le-msp-se-prononcera-lors-de-la-reunion-de-son-conseil-consultatif\/","title":{"rendered":"Election pr\u00e9sidentielle: le MSP se prononcera lors de la r\u00e9union de son Conseil consultatif"},"content":{"rendered":"<div class=\"K2FeedIntroText\">\n<p><strong>ALGER &#8211; Le pr\u00e9sident du Mouvement de la soci\u00e9t\u00e9 pour la paix (MSP), Abderrezak Makri a annonc\u00e9 vendredi \u00e0 Alger que sa formation politique se prononcera \u00ab\u00a0d\u00e9finitivement\u00a0\u00bb sur la prochaine \u00e9lection pr\u00e9sidentielle lors de la r\u00e9union du Conseil consultatif, pr\u00e9vue avant la fin de 2018.<\/strong><\/p>\n<p>&#013;\n<\/p><\/div>\n<div class=\"K2FeedFullText\">&#013;<\/p>\n<p>\u00ab\u00a0La prochaine r\u00e9union du Conseil consultatif, pr\u00e9vue avant la fin de l&rsquo;ann\u00e9e en cours, se prononcera d\u00e9finitivement sur les questions relatives \u00e0 la prochaine \u00e9lection pr\u00e9sidentielle et aux affaires de politiques et publiques\u00a0\u00bb, a indiqu\u00e9 M. Makri \u00e0 l&rsquo;ouverture du s\u00e9minaire national des pr\u00e9sidents des bureaux de wilayas du MSP.<\/p>\n<p>&#013;<\/p>\n<p>Il a pr\u00e9cis\u00e9, \u00e0 ce propos, que le Conseil consultatif examinera en toute souverainet\u00e9 \u00ab\u00a0trois sc\u00e9narios\u00a0\u00bb, \u00e0 savoir \u00ab\u00a0une alliance avec l&rsquo;opposition autour d&rsquo;une personnalit\u00e9 donn\u00e9e\u00a0\u00bb, ajoutant que \u00ab\u00a0le MSP pourrait \u00eatre le candidat de l&rsquo;opposition\u00a0\u00bb, \u00ab\u00a0l&rsquo;option du\u00a0 boycott\u00a0\u00bb ou \u00ab\u00a0la candidature et l&rsquo;entr\u00e9e en lice avec un candidat MSP\u00a0\u00bb.<\/p>\n<p>&#013;<\/p>\n<p>Soulignant que la priorit\u00e9 de son parti pour l&rsquo;heure \u00e9tait la \u00ab\u00a0r\u00e9ussite de l&rsquo;initiative du consensus national\u00a0\u00bb qu&rsquo;il a initi\u00e9e, il a r\u00e9affirm\u00e9 que cette initiative \u00ab\u00a0n&rsquo;a aucun lien avec la prochaine \u00e9lection pr\u00e9sidentielle\u00a0\u00bb.<\/p>\n<p>&#013;<\/p>\n<p>Le MSP, a-t-il dit, \u00ab\u00a0a tir\u00e9 profit des diff\u00e9rentes rencontres qu&rsquo;il a eu avec les partis nationaux dans le cadre de la pr\u00e9sentation de cette initiative\u00a0\u00bb, ajoutant que \u00ab\u00a0la formulation d\u00e9finitive de cette initiative se fera prochainement et sera transmise \u00e0 toutes les parties\u00a0\u00bb.<\/p>\n<p>&#013;<\/p>\n<p>Le pr\u00e9sident du MSP a appel\u00e9, dans ce sens, les cadres et militants de son parti \u00e0 \u00ab\u00a0expliquer le contenu\u00a0\u00bb de cette initiative \u00e0 travers une \u00ab\u00a0action organis\u00e9e au niveau local et r\u00e9gional\u00a0\u00bb.<\/p>\n<p>&#013;<\/p>\n<p>Par ailleurs, M. Makri a fait savoir que son parti \u00ab\u00a0proc\u00e8dera prochainement au renouvellement de ses structures au niveau des communes\u00a0\u00bb. Cette action se fera sur la base de nouvelles r\u00e9solutions approuv\u00e9es lors du dernier congr\u00e8s du parti, a pr\u00e9cis\u00e9 le pr\u00e9sident du MSP qui a appel\u00e9 \u00e0 \u00ab\u00a0s&rsquo;ouvrir \u00e0 toutes les cat\u00e9gories de la soci\u00e9t\u00e9 et \u00e0 accorder plus de chance aux jeunes et aux femmes au sein des structures dirigeantes du Mouvement\u00a0\u00bb.<\/p>\n<\/div>\n<p>&#013;<br \/>\nSource: <a href=\"http:\/\/www.aps.dz\/algerie\/78016-election-presidentielle-le-msp-se-prononcera-lors-de-la-reunion-de-son-conseil-consultatif\" target=\"_blank\">Election pr\u00e9sidentielle: le MSP se prononcera lors de la r\u00e9union de son Conseil consultatif<\/a><\/p>\n<!--CusAds0-->\n<div style=\"font-size: 0px; height: 0px; line-height: 0px; margin: 0; padding: 0; clear: both;\"><\/div>","protected":false},"excerpt":{"rendered":"<p>ALGER &#8211; Le pr\u00e9sident du Mouvement de la soci\u00e9t\u00e9 pour la paix (MSP), Abderrezak Makri a annonc\u00e9 vendredi \u00e0 Alger que sa formation politique se prononcera \u00ab\u00a0d\u00e9finitivement\u00a0\u00bb sur la prochaine \u00e9lection pr\u00e9sidentielle lors de la r\u00e9union du Conseil consultatif, pr\u00e9vue avant la fin de 2018. &#013; &#013; \u00ab\u00a0La prochaine r\u00e9union du Conseil consultatif, pr\u00e9vue avant<\/p>\n","protected":false},"author":6,"featured_media":0,"comment_status":"open","ping_status":"open","sticky":false,"template":"","format":"standard","meta":{"footnotes":""},"categories":[22],"tags":[93],"class_list":["post-26707","post","type-post","status-publish","format-standard","hentry","category-infos","tag-onu"],"yoast_head":"<!-- This site is optimized with the Yoast SEO plugin v27.5 - https:\/\/yoast.com\/product\/yoast-seo-wordpress\/ -->\n<title>Election pr\u00e9sidentielle: le MSP se prononcera lors de la r\u00e9union de son Conseil consultatif - info algerie<\/title>\n<meta name=\"robots\" content=\"index, follow, max-snippet:-1, max-image-preview:large, max-video-preview:-1\" \/>\n<link rel=\"canonical\" href=\"https:\/\/www.info-algerie.com\/actualites\/election-presidentielle-le-msp-se-prononcera-lors-de-la-reunion-de-son-conseil-consultatif\/\" \/>\n<meta property=\"og:locale\" content=\"fr_FR\" \/>\n<meta property=\"og:type\" content=\"article\" \/>\n<meta property=\"og:title\" content=\"Election pr\u00e9sidentielle: le MSP se prononcera lors de la r\u00e9union de son Conseil consultatif - info algerie\" \/>\n<meta property=\"og:description\" content=\"ALGER &#8211; Le pr\u00e9sident du Mouvement de la soci\u00e9t\u00e9 pour la paix (MSP), Abderrezak Makri a annonc\u00e9 vendredi \u00e0 Alger que sa formation politique se prononcera \u00ab\u00a0d\u00e9finitivement\u00a0\u00bb sur la prochaine \u00e9lection pr\u00e9sidentielle lors de la r\u00e9union du Conseil consultatif, pr\u00e9vue avant la fin de 2018. &#013; &#013; \u00ab\u00a0La prochaine r\u00e9union du Conseil consultatif, pr\u00e9vue avant\" \/>\n<meta property=\"og:url\" content=\"https:\/\/www.info-algerie.com\/actualites\/election-presidentielle-le-msp-se-prononcera-lors-de-la-reunion-de-son-conseil-consultatif\/\" \/>\n<meta property=\"og:site_name\" content=\"info algerie\" \/>\n<meta property=\"article:publisher\" content=\"https:\/\/www.facebook.com\/infoalgerieactu\" \/>\n<meta property=\"article:published_time\" content=\"2018-08-31T17:21:11+00:00\" \/>\n<meta name=\"author\" content=\"La r\u00e9daction\" \/>\n<meta name=\"twitter:label1\" content=\"\u00c9crit par\" \/>\n\t<meta name=\"twitter:data1\" content=\"La r\u00e9daction\" \/>\n\t<meta name=\"twitter:label2\" content=\"Dur\u00e9e de lecture estim\u00e9e\" \/>\n\t<meta name=\"twitter:data2\" content=\"2 minutes\" \/>\n<script type=\"application\/ld+json\" class=\"yoast-schema-graph\">{\"@context\":\"https:\\\/\\\/schema.org\",\"@graph\":[{\"@type\":\"Article\",\"@id\":\"https:\\\/\\\/www.info-algerie.com\\\/actualites\\\/election-presidentielle-le-msp-se-prononcera-lors-de-la-reunion-de-son-conseil-consultatif\\\/#article\",\"isPartOf\":{\"@id\":\"https:\\\/\\\/www.info-algerie.com\\\/actualites\\\/election-presidentielle-le-msp-se-prononcera-lors-de-la-reunion-de-son-conseil-consultatif\\\/\"},\"author\":{\"name\":\"La r\u00e9daction\",\"@id\":\"https:\\\/\\\/www.info-algerie.com\\\/actualites\\\/#\\\/schema\\\/person\\\/847aaec44920825b843a08f30ec6aa1e\"},\"headline\":\"Election pr\u00e9sidentielle: le MSP se prononcera lors de la r\u00e9union de son Conseil consultatif\",\"datePublished\":\"2018-08-31T17:21:11+00:00\",\"mainEntityOfPage\":{\"@id\":\"https:\\\/\\\/www.info-algerie.com\\\/actualites\\\/election-presidentielle-le-msp-se-prononcera-lors-de-la-reunion-de-son-conseil-consultatif\\\/\"},\"wordCount\":399,\"commentCount\":0,\"publisher\":{\"@id\":\"https:\\\/\\\/www.info-algerie.com\\\/actualites\\\/#organization\"},\"keywords\":[\"ONU\"],\"articleSection\":[\"infos\"],\"inLanguage\":\"fr-FR\",\"potentialAction\":[{\"@type\":\"CommentAction\",\"name\":\"Comment\",\"target\":[\"https:\\\/\\\/www.info-algerie.com\\\/actualites\\\/election-presidentielle-le-msp-se-prononcera-lors-de-la-reunion-de-son-conseil-consultatif\\\/#respond\"]}]},{\"@type\":\"WebPage\",\"@id\":\"https:\\\/\\\/www.info-algerie.com\\\/actualites\\\/election-presidentielle-le-msp-se-prononcera-lors-de-la-reunion-de-son-conseil-consultatif\\\/\",\"url\":\"https:\\\/\\\/www.info-algerie.com\\\/actualites\\\/election-presidentielle-le-msp-se-prononcera-lors-de-la-reunion-de-son-conseil-consultatif\\\/\",\"name\":\"Election pr\u00e9sidentielle: le MSP se prononcera lors de la r\u00e9union de son Conseil consultatif - info algerie\",\"isPartOf\":{\"@id\":\"https:\\\/\\\/www.info-algerie.com\\\/actualites\\\/#website\"},\"datePublished\":\"2018-08-31T17:21:11+00:00\",\"breadcrumb\":{\"@id\":\"https:\\\/\\\/www.info-algerie.com\\\/actualites\\\/election-presidentielle-le-msp-se-prononcera-lors-de-la-reunion-de-son-conseil-consultatif\\\/#breadcrumb\"},\"inLanguage\":\"fr-FR\",\"potentialAction\":[{\"@type\":\"ReadAction\",\"target\":[\"https:\\\/\\\/www.info-algerie.com\\\/actualites\\\/election-presidentielle-le-msp-se-prononcera-lors-de-la-reunion-de-son-conseil-consultatif\\\/\"]}]},{\"@type\":\"BreadcrumbList\",\"@id\":\"https:\\\/\\\/www.info-algerie.com\\\/actualites\\\/election-presidentielle-le-msp-se-prononcera-lors-de-la-reunion-de-son-conseil-consultatif\\\/#breadcrumb\",\"itemListElement\":[{\"@type\":\"ListItem\",\"position\":1,\"name\":\"Accueil\",\"item\":\"https:\\\/\\\/www.info-algerie.com\\\/actualites\\\/\"},{\"@type\":\"ListItem\",\"position\":2,\"name\":\"Election pr\u00e9sidentielle: le MSP se prononcera lors de la r\u00e9union de son Conseil consultatif\"}]},{\"@type\":\"WebSite\",\"@id\":\"https:\\\/\\\/www.info-algerie.com\\\/actualites\\\/#website\",\"url\":\"https:\\\/\\\/www.info-algerie.com\\\/actualites\\\/\",\"name\":\"info algerie\",\"description\":\"Toutes les actualit\u00e9s\",\"publisher\":{\"@id\":\"https:\\\/\\\/www.info-algerie.com\\\/actualites\\\/#organization\"},\"potentialAction\":[{\"@type\":\"SearchAction\",\"target\":{\"@type\":\"EntryPoint\",\"urlTemplate\":\"https:\\\/\\\/www.info-algerie.com\\\/actualites\\\/?s={search_term_string}\"},\"query-input\":{\"@type\":\"PropertyValueSpecification\",\"valueRequired\":true,\"valueName\":\"search_term_string\"}}],\"inLanguage\":\"fr-FR\"},{\"@type\":\"Organization\",\"@id\":\"https:\\\/\\\/www.info-algerie.com\\\/actualites\\\/#organization\",\"name\":\"info algerie\",\"url\":\"https:\\\/\\\/www.info-algerie.com\\\/actualites\\\/\",\"logo\":{\"@type\":\"ImageObject\",\"inLanguage\":\"fr-FR\",\"@id\":\"https:\\\/\\\/www.info-algerie.com\\\/actualites\\\/#\\\/schema\\\/logo\\\/image\\\/\",\"url\":\"https:\\\/\\\/www.info-algerie.com\\\/actualites\\\/wp-content\\\/uploads\\\/2022\\\/07\\\/logo-ia-120.png\",\"contentUrl\":\"https:\\\/\\\/www.info-algerie.com\\\/actualites\\\/wp-content\\\/uploads\\\/2022\\\/07\\\/logo-ia-120.png\",\"width\":120,\"height\":43,\"caption\":\"info algerie\"},\"image\":{\"@id\":\"https:\\\/\\\/www.info-algerie.com\\\/actualites\\\/#\\\/schema\\\/logo\\\/image\\\/\"},\"sameAs\":[\"https:\\\/\\\/www.facebook.com\\\/infoalgerieactu\",\"https:\\\/\\\/x.com\\\/infoalgerie1\"]},{\"@type\":\"Person\",\"@id\":\"https:\\\/\\\/www.info-algerie.com\\\/actualites\\\/#\\\/schema\\\/person\\\/847aaec44920825b843a08f30ec6aa1e\",\"name\":\"La r\u00e9daction\",\"image\":{\"@type\":\"ImageObject\",\"inLanguage\":\"fr-FR\",\"@id\":\"https:\\\/\\\/secure.gravatar.com\\\/avatar\\\/769db425c6f465158149f1ffd6cf61ce7a8a879d11dfbef8288af36dfddd418c?s=96&d=mm&r=g\",\"url\":\"https:\\\/\\\/secure.gravatar.com\\\/avatar\\\/769db425c6f465158149f1ffd6cf61ce7a8a879d11dfbef8288af36dfddd418c?s=96&d=mm&r=g\",\"contentUrl\":\"https:\\\/\\\/secure.gravatar.com\\\/avatar\\\/769db425c6f465158149f1ffd6cf61ce7a8a879d11dfbef8288af36dfddd418c?s=96&d=mm&r=g\",\"caption\":\"La r\u00e9daction\"},\"sameAs\":[\"http:\\\/\\\/www.lkeria.com\\\/\"],\"url\":\"https:\\\/\\\/www.info-algerie.com\\\/actualites\\\/author\\\/chakib32\\\/\"}]}<\/script>\n<!-- \/ Yoast SEO plugin. -->","yoast_head_json":{"title":"Election pr\u00e9sidentielle: le MSP se prononcera lors de la r\u00e9union de son Conseil consultatif - info algerie","robots":{"index":"index","follow":"follow","max-snippet":"max-snippet:-1","max-image-preview":"max-image-preview:large","max-video-preview":"max-video-preview:-1"},"canonical":"https:\/\/www.info-algerie.com\/actualites\/election-presidentielle-le-msp-se-prononcera-lors-de-la-reunion-de-son-conseil-consultatif\/","og_locale":"fr_FR","og_type":"article","og_title":"Election pr\u00e9sidentielle: le MSP se prononcera lors de la r\u00e9union de son Conseil consultatif - info algerie","og_description":"ALGER &#8211; Le pr\u00e9sident du Mouvement de la soci\u00e9t\u00e9 pour la paix (MSP), Abderrezak Makri a annonc\u00e9 vendredi \u00e0 Alger que sa formation politique se prononcera \u00ab\u00a0d\u00e9finitivement\u00a0\u00bb sur la prochaine \u00e9lection pr\u00e9sidentielle lors de la r\u00e9union du Conseil consultatif, pr\u00e9vue avant la fin de 2018. &#013; &#013; \u00ab\u00a0La prochaine r\u00e9union du Conseil consultatif, pr\u00e9vue avant","og_url":"https:\/\/www.info-algerie.com\/actualites\/election-presidentielle-le-msp-se-prononcera-lors-de-la-reunion-de-son-conseil-consultatif\/","og_site_name":"info algerie","article_publisher":"https:\/\/www.facebook.com\/infoalgerieactu","article_published_time":"2018-08-31T17:21:11+00:00","author":"La r\u00e9daction","twitter_misc":{"\u00c9crit par":"La r\u00e9daction","Dur\u00e9e de lecture estim\u00e9e":"2 minutes"},"schema":{"@context":"https:\/\/schema.org","@graph":[{"@type":"Article","@id":"https:\/\/www.info-algerie.com\/actualites\/election-presidentielle-le-msp-se-prononcera-lors-de-la-reunion-de-son-conseil-consultatif\/#article","isPartOf":{"@id":"https:\/\/www.info-algerie.com\/actualites\/election-presidentielle-le-msp-se-prononcera-lors-de-la-reunion-de-son-conseil-consultatif\/"},"author":{"name":"La r\u00e9daction","@id":"https:\/\/www.info-algerie.com\/actualites\/#\/schema\/person\/847aaec44920825b843a08f30ec6aa1e"},"headline":"Election pr\u00e9sidentielle: le MSP se prononcera lors de la r\u00e9union de son Conseil consultatif","datePublished":"2018-08-31T17:21:11+00:00","mainEntityOfPage":{"@id":"https:\/\/www.info-algerie.com\/actualites\/election-presidentielle-le-msp-se-prononcera-lors-de-la-reunion-de-son-conseil-consultatif\/"},"wordCount":399,"commentCount":0,"publisher":{"@id":"https:\/\/www.info-algerie.com\/actualites\/#organization"},"keywords":["ONU"],"articleSection":["infos"],"inLanguage":"fr-FR","potentialAction":[{"@type":"CommentAction","name":"Comment","target":["https:\/\/www.info-algerie.com\/actualites\/election-presidentielle-le-msp-se-prononcera-lors-de-la-reunion-de-son-conseil-consultatif\/#respond"]}]},{"@type":"WebPage","@id":"https:\/\/www.info-algerie.com\/actualites\/election-presidentielle-le-msp-se-prononcera-lors-de-la-reunion-de-son-conseil-consultatif\/","url":"https:\/\/www.info-algerie.com\/actualites\/election-presidentielle-le-msp-se-prononcera-lors-de-la-reunion-de-son-conseil-consultatif\/","name":"Election pr\u00e9sidentielle: le MSP se prononcera lors de la r\u00e9union de son Conseil consultatif - info algerie","isPartOf":{"@id":"https:\/\/www.info-algerie.com\/actualites\/#website"},"datePublished":"2018-08-31T17:21:11+00:00","breadcrumb":{"@id":"https:\/\/www.info-algerie.com\/actualites\/election-presidentielle-le-msp-se-prononcera-lors-de-la-reunion-de-son-conseil-consultatif\/#breadcrumb"},"inLanguage":"fr-FR","potentialAction":[{"@type":"ReadAction","target":["https:\/\/www.info-algerie.com\/actualites\/election-presidentielle-le-msp-se-prononcera-lors-de-la-reunion-de-son-conseil-consultatif\/"]}]},{"@type":"BreadcrumbList","@id":"https:\/\/www.info-algerie.com\/actualites\/election-presidentielle-le-msp-se-prononcera-lors-de-la-reunion-de-son-conseil-consultatif\/#breadcrumb","itemListElement":[{"@type":"ListItem","position":1,"name":"Accueil","item":"https:\/\/www.info-algerie.com\/actualites\/"},{"@type":"ListItem","position":2,"name":"Election pr\u00e9sidentielle: le MSP se prononcera lors de la r\u00e9union de son Conseil consultatif"}]},{"@type":"WebSite","@id":"https:\/\/www.info-algerie.com\/actualites\/#website","url":"https:\/\/www.info-algerie.com\/actualites\/","name":"info algerie","description":"Toutes les actualit\u00e9s","publisher":{"@id":"https:\/\/www.info-algerie.com\/actualites\/#organization"},"potentialAction":[{"@type":"SearchAction","target":{"@type":"EntryPoint","urlTemplate":"https:\/\/www.info-algerie.com\/actualites\/?s={search_term_string}"},"query-input":{"@type":"PropertyValueSpecification","valueRequired":true,"valueName":"search_term_string"}}],"inLanguage":"fr-FR"},{"@type":"Organization","@id":"https:\/\/www.info-algerie.com\/actualites\/#organization","name":"info algerie","url":"https:\/\/www.info-algerie.com\/actualites\/","logo":{"@type":"ImageObject","inLanguage":"fr-FR","@id":"https:\/\/www.info-algerie.com\/actualites\/#\/schema\/logo\/image\/","url":"https:\/\/www.info-algerie.com\/actualites\/wp-content\/uploads\/2022\/07\/logo-ia-120.png","contentUrl":"https:\/\/www.info-algerie.com\/actualites\/wp-content\/uploads\/2022\/07\/logo-ia-120.png","width":120,"height":43,"caption":"info algerie"},"image":{"@id":"https:\/\/www.info-algerie.com\/actualites\/#\/schema\/logo\/image\/"},"sameAs":["https:\/\/www.facebook.com\/infoalgerieactu","https:\/\/x.com\/infoalgerie1"]},{"@type":"Person","@id":"https:\/\/www.info-algerie.com\/actualites\/#\/schema\/person\/847aaec44920825b843a08f30ec6aa1e","name":"La r\u00e9daction","image":{"@type":"ImageObject","inLanguage":"fr-FR","@id":"https:\/\/secure.gravatar.com\/avatar\/769db425c6f465158149f1ffd6cf61ce7a8a879d11dfbef8288af36dfddd418c?s=96&d=mm&r=g","url":"https:\/\/secure.gravatar.com\/avatar\/769db425c6f465158149f1ffd6cf61ce7a8a879d11dfbef8288af36dfddd418c?s=96&d=mm&r=g","contentUrl":"https:\/\/secure.gravatar.com\/avatar\/769db425c6f465158149f1ffd6cf61ce7a8a879d11dfbef8288af36dfddd418c?s=96&d=mm&r=g","caption":"La r\u00e9daction"},"sameAs":["http:\/\/www.lkeria.com\/"],"url":"https:\/\/www.info-algerie.com\/actualites\/author\/chakib32\/"}]}},"_links":{"self":[{"href":"https:\/\/www.info-algerie.com\/actualites\/wp-json\/wp\/v2\/posts\/26707","targetHints":{"allow":["GET"]}}],"collection":[{"href":"https:\/\/www.info-algerie.com\/actualites\/wp-json\/wp\/v2\/posts"}],"about":[{"href":"https:\/\/www.info-algerie.com\/actualites\/wp-json\/wp\/v2\/types\/post"}],"author":[{"embeddable":true,"href":"https:\/\/www.info-algerie.com\/actualites\/wp-json\/wp\/v2\/users\/6"}],"replies":[{"embeddable":true,"href":"https:\/\/www.info-algerie.com\/actualites\/wp-json\/wp\/v2\/comments?post=26707"}],"version-history":[{"count":0,"href":"https:\/\/www.info-algerie.com\/actualites\/wp-json\/wp\/v2\/posts\/26707\/revisions"}],"wp:attachment":[{"href":"https:\/\/www.info-algerie.com\/actualites\/wp-json\/wp\/v2\/media?parent=26707"}],"wp:term":[{"taxonomy":"category","embeddable":true,"href":"https:\/\/www.info-algerie.com\/actualites\/wp-json\/wp\/v2\/categories?post=26707"},{"taxonomy":"post_tag","embeddable":true,"href":"https:\/\/www.info-algerie.com\/actualites\/wp-json\/wp\/v2\/tags?post=26707"}],"curies":[{"name":"wp","href":"https:\/\/api.w.org\/{rel}","templated":true}]}}