{"id":26722,"date":"2018-09-01T19:07:43","date_gmt":"2018-09-01T18:07:43","guid":{"rendered":"https:\/\/www.info-algerie.com\/actualites\/la-position-de-lalgerie-vis-a-vis-de-la-cause-palestinienne-demeure-forte\/"},"modified":"2018-09-01T19:07:43","modified_gmt":"2018-09-01T18:07:43","slug":"la-position-de-lalgerie-vis-a-vis-de-la-cause-palestinienne-demeure-forte","status":"publish","type":"post","link":"https:\/\/www.info-algerie.com\/actualites\/la-position-de-lalgerie-vis-a-vis-de-la-cause-palestinienne-demeure-forte\/","title":{"rendered":"La position de l\u2019Alg\u00e9rie vis-\u00e0-vis de la cause palestinienne demeure forte"},"content":{"rendered":"<div class=\"K2FeedImage\"><img decoding=\"async\" src=\"https:\/\/www.info-algerie.com\/actualites\/wp-content\/uploads\/2018\/09\/a4ea4653eadcf7b7ff2b920e101af9f8_S.jpg\" alt=\"La position de l&#x2019;Alg&#xE9;rie vis-&#xE0;-vis de la cause palestinienne demeure forte\" \/><\/div>\n<div class=\"K2FeedIntroText\">\n<p>MASCARA- Le porte-parole du mouvement de r\u00e9sistance islamique palestinien (HAMAS), Sami Abou Zouhri a salu\u00e9, samedi dans la wilaya de Mascara, la position alg\u00e9rienne vis-\u00e0-vis de la cause palestinienne qu\u2019il a qualifi\u00e9e de \u00ab\u00a0distingu\u00e9e\u00a0\u00bb et de \u00ab\u00a0forte\u00a0\u00bb.<\/p>\n<p>&#013;\n<\/p><\/div>\n<div class=\"K2FeedFullText\">&#013;<\/p>\n<p><strong><em>Dans une d\u00e9claration \u00e0 l\u2019APS en marge d&rsquo;une c\u00e9r\u00e9monie de solidarit\u00e9 avec le peuple palestinien organis\u00e9e, par le bureau de wilaya de l\u2019association caritative \u00ab\u00a0El Baraka\u00a0\u00bb, M. Abou Zouhri a soulign\u00e9 que les visites des dirigeants du Hamas en Alg\u00e9rie expriment la grande reconnaissance des Palestiniens de la position alg\u00e9rienne officielle et de son peuple envers la cause palestinienne, \u00ab\u00a0qui demeure une position forte et distingu\u00e9e\u00a0\u00bb.\u00a0<\/em><\/strong><\/p>\n<p>&#013;<\/p>\n<p>Le porte-parole du Hamas a d\u00e9clar\u00e9 \u00ab\u00a0ma visite en Alg\u00e9rie intervient pour expliquer les enjeux et dangers auxquels fait face la cause palestinienne\u00a0\u00bb.<\/p>\n<p>&#013;<\/p>\n<hr \/>\n<blockquote><p>&#013;<\/p>\n<p><strong><em>Lire aussi: <a href=\"http:\/\/www.aps.dz\/monde\/77961-l-algerie-et-l-afrique-du-sud-reaffirment-leur-soutien-aux-peuples-sahraoui-et-palestinien\"> L&rsquo;Alg\u00e9rie et l&rsquo;Afrique du Sud r\u00e9affirment leur soutien aux peuples sahraoui et palestinien<\/a><br \/><\/em><\/strong><\/p>\n<p>&#013;<\/p>\n<hr \/>\n<p><strong><em>\u00ab\u00a0La paix ne se fera pas au d\u00e9triment de la r\u00e9sistance palestinienne qui poursuit ses pr\u00e9paratifs sans \u00eatre affect\u00e9e par le sujet\u00a0\u00bb<\/em><\/strong><\/p>\n<p>&#013;\n<\/p><\/blockquote>\n<p>&#013;<\/p>\n<p>Sami Abou Zouhri a estim\u00e9, dans ce sens, que l&rsquo;annulation totale des aides des Etats unis d\u2019Am\u00e9rique \u00e0 l\u2019Office des secours et des travaux des Nations unies pour les r\u00e9fugi\u00e9s palestiniens (UNRWA) entre dans le cadre de \u00ab\u00a0l&rsquo;accord du si\u00e8cle\u00a0\u00bb lanc\u00e9 en ex\u00e9cution derni\u00e8rement par la proclamation d&rsquo;El Qods occup\u00e9e comme capitale de l&rsquo;occupant Isra\u00e9lien et le transfert de l\u2019ambassade US vers la ville sainte et aboutissant \u00e0 la suppression des aides destin\u00e9es aux r\u00e9fugi\u00e9s palestiniens via l\u2019UNRWA.<\/p>\n<p>&#013;<\/p>\n<p>Il a ajout\u00e9 que le peuple palestinien est d\u00e9termin\u00e9 \u00e0 rejeter cet accord notamment \u00e0 travers des marches qui s\u2019arr\u00eateront que lorsqu&rsquo;elles r\u00e9aliseront leurs objectifs et le blocus d\u2019Isra\u00ebl sur Ghazal sera bris\u00e9.<\/p>\n<p>&#013;<\/p>\n<p>Au sujet d\u2019apaisement dans le secteur de Ghazal, M. Abou Zouhir a soulign\u00e9 que les contacts \u00e0 travers l&rsquo;Organisation des Nations unies (ONU), l\u2019Egypte et le Qatar se poursuivent et que Hamas traite la question suivant les int\u00e9r\u00eats du peuple palestinien.<\/p>\n<p>&#013;<\/p>\n<p>Le bureau de wilaya de l\u2019association caritative \u00ab\u00a0El Baraka\u00a0\u00bb dont le si\u00e8ge\u00a0 est bas\u00e9 \u00e0 Alger a organis\u00e9 cette c\u00e9r\u00e9monie de solidarit\u00e9 avec le peuple palestinien, pr\u00e9sid\u00e9e par son pr\u00e9sident, Ahmed Brahim, en pr\u00e9sence de citoyens.<\/p>\n<\/div>\n<p>&#013;<br \/>\nSource: <a href=\"http:\/\/www.aps.dz\/algerie\/78034-la-position-de-l-algerie-vis-a-vis-de-la-cause-palestinienne-demeure-forte\" target=\"_blank\">La position de l\u2019Alg\u00e9rie vis-\u00e0-vis de la cause palestinienne demeure forte<\/a><\/p>\n<!--CusAds0-->\n<div style=\"font-size: 0px; height: 0px; line-height: 0px; margin: 0; padding: 0; clear: both;\"><\/div>","protected":false},"excerpt":{"rendered":"<p>MASCARA- Le porte-parole du mouvement de r\u00e9sistance islamique palestinien (HAMAS), Sami Abou Zouhri a salu\u00e9, samedi dans la wilaya de Mascara, la position alg\u00e9rienne vis-\u00e0-vis de la cause palestinienne qu\u2019il a qualifi\u00e9e de \u00ab\u00a0distingu\u00e9e\u00a0\u00bb et de \u00ab\u00a0forte\u00a0\u00bb. &#013; &#013; Dans une d\u00e9claration \u00e0 l\u2019APS en marge d&rsquo;une c\u00e9r\u00e9monie de solidarit\u00e9 avec le peuple palestinien organis\u00e9e,<\/p>\n","protected":false},"author":6,"featured_media":26723,"comment_status":"open","ping_status":"open","sticky":false,"template":"","format":"standard","meta":{"footnotes":""},"categories":[22],"tags":[93],"class_list":["post-26722","post","type-post","status-publish","format-standard","has-post-thumbnail","hentry","category-infos","tag-onu"],"yoast_head":"<!-- This site is optimized with the Yoast SEO plugin v27.5 - https:\/\/yoast.com\/product\/yoast-seo-wordpress\/ -->\n<title>La position de l\u2019Alg\u00e9rie vis-\u00e0-vis de la cause palestinienne demeure forte - info algerie<\/title>\n<meta name=\"robots\" content=\"index, follow, max-snippet:-1, max-image-preview:large, max-video-preview:-1\" \/>\n<link rel=\"canonical\" href=\"https:\/\/www.info-algerie.com\/actualites\/la-position-de-lalgerie-vis-a-vis-de-la-cause-palestinienne-demeure-forte\/\" \/>\n<meta property=\"og:locale\" content=\"fr_FR\" \/>\n<meta property=\"og:type\" content=\"article\" \/>\n<meta property=\"og:title\" content=\"La position de l\u2019Alg\u00e9rie vis-\u00e0-vis de la cause palestinienne demeure forte - info algerie\" \/>\n<meta property=\"og:description\" content=\"MASCARA- Le porte-parole du mouvement de r\u00e9sistance islamique palestinien (HAMAS), Sami Abou Zouhri a salu\u00e9, samedi dans la wilaya de Mascara, la position alg\u00e9rienne vis-\u00e0-vis de la cause palestinienne qu\u2019il a qualifi\u00e9e de \u00ab\u00a0distingu\u00e9e\u00a0\u00bb et de \u00ab\u00a0forte\u00a0\u00bb. &#013; &#013; Dans une d\u00e9claration \u00e0 l\u2019APS en marge d&rsquo;une c\u00e9r\u00e9monie de solidarit\u00e9 avec le peuple palestinien organis\u00e9e,\" \/>\n<meta property=\"og:url\" content=\"https:\/\/www.info-algerie.com\/actualites\/la-position-de-lalgerie-vis-a-vis-de-la-cause-palestinienne-demeure-forte\/\" \/>\n<meta property=\"og:site_name\" content=\"info algerie\" \/>\n<meta property=\"article:publisher\" content=\"https:\/\/www.facebook.com\/infoalgerieactu\" \/>\n<meta property=\"article:published_time\" content=\"2018-09-01T18:07:43+00:00\" \/>\n<meta property=\"og:image\" content=\"https:\/\/www.info-algerie.com\/actualites\/wp-content\/uploads\/2018\/09\/a4ea4653eadcf7b7ff2b920e101af9f8_S-1.jpg\" \/>\n\t<meta property=\"og:image:width\" content=\"280\" \/>\n\t<meta property=\"og:image:height\" content=\"158\" \/>\n\t<meta property=\"og:image:type\" content=\"image\/jpeg\" \/>\n<meta name=\"author\" content=\"La r\u00e9daction\" \/>\n<meta name=\"twitter:label1\" content=\"\u00c9crit par\" \/>\n\t<meta name=\"twitter:data1\" content=\"La r\u00e9daction\" \/>\n\t<meta name=\"twitter:label2\" content=\"Dur\u00e9e de lecture estim\u00e9e\" \/>\n\t<meta name=\"twitter:data2\" content=\"2 minutes\" \/>\n<script type=\"application\/ld+json\" class=\"yoast-schema-graph\">{\"@context\":\"https:\\\/\\\/schema.org\",\"@graph\":[{\"@type\":\"Article\",\"@id\":\"https:\\\/\\\/www.info-algerie.com\\\/actualites\\\/la-position-de-lalgerie-vis-a-vis-de-la-cause-palestinienne-demeure-forte\\\/#article\",\"isPartOf\":{\"@id\":\"https:\\\/\\\/www.info-algerie.com\\\/actualites\\\/la-position-de-lalgerie-vis-a-vis-de-la-cause-palestinienne-demeure-forte\\\/\"},\"author\":{\"name\":\"La r\u00e9daction\",\"@id\":\"https:\\\/\\\/www.info-algerie.com\\\/actualites\\\/#\\\/schema\\\/person\\\/847aaec44920825b843a08f30ec6aa1e\"},\"headline\":\"La position de l\u2019Alg\u00e9rie vis-\u00e0-vis de la cause palestinienne demeure forte\",\"datePublished\":\"2018-09-01T18:07:43+00:00\",\"mainEntityOfPage\":{\"@id\":\"https:\\\/\\\/www.info-algerie.com\\\/actualites\\\/la-position-de-lalgerie-vis-a-vis-de-la-cause-palestinienne-demeure-forte\\\/\"},\"wordCount\":438,\"commentCount\":0,\"publisher\":{\"@id\":\"https:\\\/\\\/www.info-algerie.com\\\/actualites\\\/#organization\"},\"image\":{\"@id\":\"https:\\\/\\\/www.info-algerie.com\\\/actualites\\\/la-position-de-lalgerie-vis-a-vis-de-la-cause-palestinienne-demeure-forte\\\/#primaryimage\"},\"thumbnailUrl\":\"https:\\\/\\\/www.info-algerie.com\\\/actualites\\\/wp-content\\\/uploads\\\/2018\\\/09\\\/a4ea4653eadcf7b7ff2b920e101af9f8_S-1.jpg\",\"keywords\":[\"ONU\"],\"articleSection\":[\"infos\"],\"inLanguage\":\"fr-FR\",\"potentialAction\":[{\"@type\":\"CommentAction\",\"name\":\"Comment\",\"target\":[\"https:\\\/\\\/www.info-algerie.com\\\/actualites\\\/la-position-de-lalgerie-vis-a-vis-de-la-cause-palestinienne-demeure-forte\\\/#respond\"]}]},{\"@type\":\"WebPage\",\"@id\":\"https:\\\/\\\/www.info-algerie.com\\\/actualites\\\/la-position-de-lalgerie-vis-a-vis-de-la-cause-palestinienne-demeure-forte\\\/\",\"url\":\"https:\\\/\\\/www.info-algerie.com\\\/actualites\\\/la-position-de-lalgerie-vis-a-vis-de-la-cause-palestinienne-demeure-forte\\\/\",\"name\":\"La position de l\u2019Alg\u00e9rie vis-\u00e0-vis de la cause palestinienne demeure forte - info algerie\",\"isPartOf\":{\"@id\":\"https:\\\/\\\/www.info-algerie.com\\\/actualites\\\/#website\"},\"primaryImageOfPage\":{\"@id\":\"https:\\\/\\\/www.info-algerie.com\\\/actualites\\\/la-position-de-lalgerie-vis-a-vis-de-la-cause-palestinienne-demeure-forte\\\/#primaryimage\"},\"image\":{\"@id\":\"https:\\\/\\\/www.info-algerie.com\\\/actualites\\\/la-position-de-lalgerie-vis-a-vis-de-la-cause-palestinienne-demeure-forte\\\/#primaryimage\"},\"thumbnailUrl\":\"https:\\\/\\\/www.info-algerie.com\\\/actualites\\\/wp-content\\\/uploads\\\/2018\\\/09\\\/a4ea4653eadcf7b7ff2b920e101af9f8_S-1.jpg\",\"datePublished\":\"2018-09-01T18:07:43+00:00\",\"breadcrumb\":{\"@id\":\"https:\\\/\\\/www.info-algerie.com\\\/actualites\\\/la-position-de-lalgerie-vis-a-vis-de-la-cause-palestinienne-demeure-forte\\\/#breadcrumb\"},\"inLanguage\":\"fr-FR\",\"potentialAction\":[{\"@type\":\"ReadAction\",\"target\":[\"https:\\\/\\\/www.info-algerie.com\\\/actualites\\\/la-position-de-lalgerie-vis-a-vis-de-la-cause-palestinienne-demeure-forte\\\/\"]}]},{\"@type\":\"ImageObject\",\"inLanguage\":\"fr-FR\",\"@id\":\"https:\\\/\\\/www.info-algerie.com\\\/actualites\\\/la-position-de-lalgerie-vis-a-vis-de-la-cause-palestinienne-demeure-forte\\\/#primaryimage\",\"url\":\"https:\\\/\\\/www.info-algerie.com\\\/actualites\\\/wp-content\\\/uploads\\\/2018\\\/09\\\/a4ea4653eadcf7b7ff2b920e101af9f8_S-1.jpg\",\"contentUrl\":\"https:\\\/\\\/www.info-algerie.com\\\/actualites\\\/wp-content\\\/uploads\\\/2018\\\/09\\\/a4ea4653eadcf7b7ff2b920e101af9f8_S-1.jpg\",\"width\":280,\"height\":158},{\"@type\":\"BreadcrumbList\",\"@id\":\"https:\\\/\\\/www.info-algerie.com\\\/actualites\\\/la-position-de-lalgerie-vis-a-vis-de-la-cause-palestinienne-demeure-forte\\\/#breadcrumb\",\"itemListElement\":[{\"@type\":\"ListItem\",\"position\":1,\"name\":\"Accueil\",\"item\":\"https:\\\/\\\/www.info-algerie.com\\\/actualites\\\/\"},{\"@type\":\"ListItem\",\"position\":2,\"name\":\"La position de l\u2019Alg\u00e9rie vis-\u00e0-vis de la cause palestinienne demeure forte\"}]},{\"@type\":\"WebSite\",\"@id\":\"https:\\\/\\\/www.info-algerie.com\\\/actualites\\\/#website\",\"url\":\"https:\\\/\\\/www.info-algerie.com\\\/actualites\\\/\",\"name\":\"info algerie\",\"description\":\"Toutes les actualit\u00e9s\",\"publisher\":{\"@id\":\"https:\\\/\\\/www.info-algerie.com\\\/actualites\\\/#organization\"},\"potentialAction\":[{\"@type\":\"SearchAction\",\"target\":{\"@type\":\"EntryPoint\",\"urlTemplate\":\"https:\\\/\\\/www.info-algerie.com\\\/actualites\\\/?s={search_term_string}\"},\"query-input\":{\"@type\":\"PropertyValueSpecification\",\"valueRequired\":true,\"valueName\":\"search_term_string\"}}],\"inLanguage\":\"fr-FR\"},{\"@type\":\"Organization\",\"@id\":\"https:\\\/\\\/www.info-algerie.com\\\/actualites\\\/#organization\",\"name\":\"info algerie\",\"url\":\"https:\\\/\\\/www.info-algerie.com\\\/actualites\\\/\",\"logo\":{\"@type\":\"ImageObject\",\"inLanguage\":\"fr-FR\",\"@id\":\"https:\\\/\\\/www.info-algerie.com\\\/actualites\\\/#\\\/schema\\\/logo\\\/image\\\/\",\"url\":\"https:\\\/\\\/www.info-algerie.com\\\/actualites\\\/wp-content\\\/uploads\\\/2022\\\/07\\\/logo-ia-120.png\",\"contentUrl\":\"https:\\\/\\\/www.info-algerie.com\\\/actualites\\\/wp-content\\\/uploads\\\/2022\\\/07\\\/logo-ia-120.png\",\"width\":120,\"height\":43,\"caption\":\"info algerie\"},\"image\":{\"@id\":\"https:\\\/\\\/www.info-algerie.com\\\/actualites\\\/#\\\/schema\\\/logo\\\/image\\\/\"},\"sameAs\":[\"https:\\\/\\\/www.facebook.com\\\/infoalgerieactu\",\"https:\\\/\\\/x.com\\\/infoalgerie1\"]},{\"@type\":\"Person\",\"@id\":\"https:\\\/\\\/www.info-algerie.com\\\/actualites\\\/#\\\/schema\\\/person\\\/847aaec44920825b843a08f30ec6aa1e\",\"name\":\"La r\u00e9daction\",\"image\":{\"@type\":\"ImageObject\",\"inLanguage\":\"fr-FR\",\"@id\":\"https:\\\/\\\/secure.gravatar.com\\\/avatar\\\/769db425c6f465158149f1ffd6cf61ce7a8a879d11dfbef8288af36dfddd418c?s=96&d=mm&r=g\",\"url\":\"https:\\\/\\\/secure.gravatar.com\\\/avatar\\\/769db425c6f465158149f1ffd6cf61ce7a8a879d11dfbef8288af36dfddd418c?s=96&d=mm&r=g\",\"contentUrl\":\"https:\\\/\\\/secure.gravatar.com\\\/avatar\\\/769db425c6f465158149f1ffd6cf61ce7a8a879d11dfbef8288af36dfddd418c?s=96&d=mm&r=g\",\"caption\":\"La r\u00e9daction\"},\"sameAs\":[\"http:\\\/\\\/www.lkeria.com\\\/\"],\"url\":\"https:\\\/\\\/www.info-algerie.com\\\/actualites\\\/author\\\/chakib32\\\/\"}]}<\/script>\n<!-- \/ Yoast SEO plugin. -->","yoast_head_json":{"title":"La position de l\u2019Alg\u00e9rie vis-\u00e0-vis de la cause palestinienne demeure forte - info algerie","robots":{"index":"index","follow":"follow","max-snippet":"max-snippet:-1","max-image-preview":"max-image-preview:large","max-video-preview":"max-video-preview:-1"},"canonical":"https:\/\/www.info-algerie.com\/actualites\/la-position-de-lalgerie-vis-a-vis-de-la-cause-palestinienne-demeure-forte\/","og_locale":"fr_FR","og_type":"article","og_title":"La position de l\u2019Alg\u00e9rie vis-\u00e0-vis de la cause palestinienne demeure forte - info algerie","og_description":"MASCARA- Le porte-parole du mouvement de r\u00e9sistance islamique palestinien (HAMAS), Sami Abou Zouhri a salu\u00e9, samedi dans la wilaya de Mascara, la position alg\u00e9rienne vis-\u00e0-vis de la cause palestinienne qu\u2019il a qualifi\u00e9e de \u00ab\u00a0distingu\u00e9e\u00a0\u00bb et de \u00ab\u00a0forte\u00a0\u00bb. &#013; &#013; Dans une d\u00e9claration \u00e0 l\u2019APS en marge d&rsquo;une c\u00e9r\u00e9monie de solidarit\u00e9 avec le peuple palestinien organis\u00e9e,","og_url":"https:\/\/www.info-algerie.com\/actualites\/la-position-de-lalgerie-vis-a-vis-de-la-cause-palestinienne-demeure-forte\/","og_site_name":"info algerie","article_publisher":"https:\/\/www.facebook.com\/infoalgerieactu","article_published_time":"2018-09-01T18:07:43+00:00","og_image":[{"width":280,"height":158,"url":"https:\/\/www.info-algerie.com\/actualites\/wp-content\/uploads\/2018\/09\/a4ea4653eadcf7b7ff2b920e101af9f8_S-1.jpg","type":"image\/jpeg"}],"author":"La r\u00e9daction","twitter_misc":{"\u00c9crit par":"La r\u00e9daction","Dur\u00e9e de lecture estim\u00e9e":"2 minutes"},"schema":{"@context":"https:\/\/schema.org","@graph":[{"@type":"Article","@id":"https:\/\/www.info-algerie.com\/actualites\/la-position-de-lalgerie-vis-a-vis-de-la-cause-palestinienne-demeure-forte\/#article","isPartOf":{"@id":"https:\/\/www.info-algerie.com\/actualites\/la-position-de-lalgerie-vis-a-vis-de-la-cause-palestinienne-demeure-forte\/"},"author":{"name":"La r\u00e9daction","@id":"https:\/\/www.info-algerie.com\/actualites\/#\/schema\/person\/847aaec44920825b843a08f30ec6aa1e"},"headline":"La position de l\u2019Alg\u00e9rie vis-\u00e0-vis de la cause palestinienne demeure forte","datePublished":"2018-09-01T18:07:43+00:00","mainEntityOfPage":{"@id":"https:\/\/www.info-algerie.com\/actualites\/la-position-de-lalgerie-vis-a-vis-de-la-cause-palestinienne-demeure-forte\/"},"wordCount":438,"commentCount":0,"publisher":{"@id":"https:\/\/www.info-algerie.com\/actualites\/#organization"},"image":{"@id":"https:\/\/www.info-algerie.com\/actualites\/la-position-de-lalgerie-vis-a-vis-de-la-cause-palestinienne-demeure-forte\/#primaryimage"},"thumbnailUrl":"https:\/\/www.info-algerie.com\/actualites\/wp-content\/uploads\/2018\/09\/a4ea4653eadcf7b7ff2b920e101af9f8_S-1.jpg","keywords":["ONU"],"articleSection":["infos"],"inLanguage":"fr-FR","potentialAction":[{"@type":"CommentAction","name":"Comment","target":["https:\/\/www.info-algerie.com\/actualites\/la-position-de-lalgerie-vis-a-vis-de-la-cause-palestinienne-demeure-forte\/#respond"]}]},{"@type":"WebPage","@id":"https:\/\/www.info-algerie.com\/actualites\/la-position-de-lalgerie-vis-a-vis-de-la-cause-palestinienne-demeure-forte\/","url":"https:\/\/www.info-algerie.com\/actualites\/la-position-de-lalgerie-vis-a-vis-de-la-cause-palestinienne-demeure-forte\/","name":"La position de l\u2019Alg\u00e9rie vis-\u00e0-vis de la cause palestinienne demeure forte - info algerie","isPartOf":{"@id":"https:\/\/www.info-algerie.com\/actualites\/#website"},"primaryImageOfPage":{"@id":"https:\/\/www.info-algerie.com\/actualites\/la-position-de-lalgerie-vis-a-vis-de-la-cause-palestinienne-demeure-forte\/#primaryimage"},"image":{"@id":"https:\/\/www.info-algerie.com\/actualites\/la-position-de-lalgerie-vis-a-vis-de-la-cause-palestinienne-demeure-forte\/#primaryimage"},"thumbnailUrl":"https:\/\/www.info-algerie.com\/actualites\/wp-content\/uploads\/2018\/09\/a4ea4653eadcf7b7ff2b920e101af9f8_S-1.jpg","datePublished":"2018-09-01T18:07:43+00:00","breadcrumb":{"@id":"https:\/\/www.info-algerie.com\/actualites\/la-position-de-lalgerie-vis-a-vis-de-la-cause-palestinienne-demeure-forte\/#breadcrumb"},"inLanguage":"fr-FR","potentialAction":[{"@type":"ReadAction","target":["https:\/\/www.info-algerie.com\/actualites\/la-position-de-lalgerie-vis-a-vis-de-la-cause-palestinienne-demeure-forte\/"]}]},{"@type":"ImageObject","inLanguage":"fr-FR","@id":"https:\/\/www.info-algerie.com\/actualites\/la-position-de-lalgerie-vis-a-vis-de-la-cause-palestinienne-demeure-forte\/#primaryimage","url":"https:\/\/www.info-algerie.com\/actualites\/wp-content\/uploads\/2018\/09\/a4ea4653eadcf7b7ff2b920e101af9f8_S-1.jpg","contentUrl":"https:\/\/www.info-algerie.com\/actualites\/wp-content\/uploads\/2018\/09\/a4ea4653eadcf7b7ff2b920e101af9f8_S-1.jpg","width":280,"height":158},{"@type":"BreadcrumbList","@id":"https:\/\/www.info-algerie.com\/actualites\/la-position-de-lalgerie-vis-a-vis-de-la-cause-palestinienne-demeure-forte\/#breadcrumb","itemListElement":[{"@type":"ListItem","position":1,"name":"Accueil","item":"https:\/\/www.info-algerie.com\/actualites\/"},{"@type":"ListItem","position":2,"name":"La position de l\u2019Alg\u00e9rie vis-\u00e0-vis de la cause palestinienne demeure forte"}]},{"@type":"WebSite","@id":"https:\/\/www.info-algerie.com\/actualites\/#website","url":"https:\/\/www.info-algerie.com\/actualites\/","name":"info algerie","description":"Toutes les actualit\u00e9s","publisher":{"@id":"https:\/\/www.info-algerie.com\/actualites\/#organization"},"potentialAction":[{"@type":"SearchAction","target":{"@type":"EntryPoint","urlTemplate":"https:\/\/www.info-algerie.com\/actualites\/?s={search_term_string}"},"query-input":{"@type":"PropertyValueSpecification","valueRequired":true,"valueName":"search_term_string"}}],"inLanguage":"fr-FR"},{"@type":"Organization","@id":"https:\/\/www.info-algerie.com\/actualites\/#organization","name":"info algerie","url":"https:\/\/www.info-algerie.com\/actualites\/","logo":{"@type":"ImageObject","inLanguage":"fr-FR","@id":"https:\/\/www.info-algerie.com\/actualites\/#\/schema\/logo\/image\/","url":"https:\/\/www.info-algerie.com\/actualites\/wp-content\/uploads\/2022\/07\/logo-ia-120.png","contentUrl":"https:\/\/www.info-algerie.com\/actualites\/wp-content\/uploads\/2022\/07\/logo-ia-120.png","width":120,"height":43,"caption":"info algerie"},"image":{"@id":"https:\/\/www.info-algerie.com\/actualites\/#\/schema\/logo\/image\/"},"sameAs":["https:\/\/www.facebook.com\/infoalgerieactu","https:\/\/x.com\/infoalgerie1"]},{"@type":"Person","@id":"https:\/\/www.info-algerie.com\/actualites\/#\/schema\/person\/847aaec44920825b843a08f30ec6aa1e","name":"La r\u00e9daction","image":{"@type":"ImageObject","inLanguage":"fr-FR","@id":"https:\/\/secure.gravatar.com\/avatar\/769db425c6f465158149f1ffd6cf61ce7a8a879d11dfbef8288af36dfddd418c?s=96&d=mm&r=g","url":"https:\/\/secure.gravatar.com\/avatar\/769db425c6f465158149f1ffd6cf61ce7a8a879d11dfbef8288af36dfddd418c?s=96&d=mm&r=g","contentUrl":"https:\/\/secure.gravatar.com\/avatar\/769db425c6f465158149f1ffd6cf61ce7a8a879d11dfbef8288af36dfddd418c?s=96&d=mm&r=g","caption":"La r\u00e9daction"},"sameAs":["http:\/\/www.lkeria.com\/"],"url":"https:\/\/www.info-algerie.com\/actualites\/author\/chakib32\/"}]}},"_links":{"self":[{"href":"https:\/\/www.info-algerie.com\/actualites\/wp-json\/wp\/v2\/posts\/26722","targetHints":{"allow":["GET"]}}],"collection":[{"href":"https:\/\/www.info-algerie.com\/actualites\/wp-json\/wp\/v2\/posts"}],"about":[{"href":"https:\/\/www.info-algerie.com\/actualites\/wp-json\/wp\/v2\/types\/post"}],"author":[{"embeddable":true,"href":"https:\/\/www.info-algerie.com\/actualites\/wp-json\/wp\/v2\/users\/6"}],"replies":[{"embeddable":true,"href":"https:\/\/www.info-algerie.com\/actualites\/wp-json\/wp\/v2\/comments?post=26722"}],"version-history":[{"count":0,"href":"https:\/\/www.info-algerie.com\/actualites\/wp-json\/wp\/v2\/posts\/26722\/revisions"}],"wp:featuredmedia":[{"embeddable":true,"href":"https:\/\/www.info-algerie.com\/actualites\/wp-json\/wp\/v2\/media\/26723"}],"wp:attachment":[{"href":"https:\/\/www.info-algerie.com\/actualites\/wp-json\/wp\/v2\/media?parent=26722"}],"wp:term":[{"taxonomy":"category","embeddable":true,"href":"https:\/\/www.info-algerie.com\/actualites\/wp-json\/wp\/v2\/categories?post=26722"},{"taxonomy":"post_tag","embeddable":true,"href":"https:\/\/www.info-algerie.com\/actualites\/wp-json\/wp\/v2\/tags?post=26722"}],"curies":[{"name":"wp","href":"https:\/\/api.w.org\/{rel}","templated":true}]}}