{"id":26732,"date":"2018-09-02T11:47:32","date_gmt":"2018-09-02T10:47:32","guid":{"rendered":"http:\/\/www.info-algerie.com\/actualites\/7e-conference-ministerielle-du-forum-de-cooperation-chine-afrique-messahel-a-pekin\/"},"modified":"2018-09-02T11:47:32","modified_gmt":"2018-09-02T10:47:32","slug":"7e-conference-ministerielle-du-forum-de-cooperation-chine-afrique-messahel-a-pekin","status":"publish","type":"post","link":"https:\/\/www.info-algerie.com\/actualites\/7e-conference-ministerielle-du-forum-de-cooperation-chine-afrique-messahel-a-pekin\/","title":{"rendered":"7e Conf\u00e9rence minist\u00e9rielle du Forum de Coop\u00e9ration Chine\/Afrique: Messahel \u00e0 P\u00e9kin"},"content":{"rendered":"<div class=\"K2FeedIntroText\">\n<p><strong>PEKIN &#8211; Le ministre des Affaires \u00e9trang\u00e8res, Abdelkader Messahel a pris part dimanche \u00e0 P\u00e9kin, \u00e0 la 7\u00e8me Conf\u00e9rence minist\u00e9rielle du Forum de Coop\u00e9ration Chine-Afrique.<\/strong><\/p>\n<p>&#013;\n<\/p><\/div>\n<div class=\"K2FeedFullText\">&#013;<\/p>\n<p>La Conf\u00e9rence a \u00e9t\u00e9 pr\u00e9sid\u00e9e par la ministre sud-africaine des Relations internationales et de la Coop\u00e9ration, Lindiwe Sisulu, et le ministre chinois des Affaires \u00e9trang\u00e8res, Wang Yi.<\/p>\n<p>&#013;<\/p>\n<p>Cette Conf\u00e9rence qui a enregistr\u00e9 la participation de d\u00e9l\u00e9gations minist\u00e9rielles, a \u00e9t\u00e9 l\u2019occasion pour les pays africains et la Chine de proc\u00e9der \u00e0 une \u00e9valuation d\u2019ensemble de la mise en \u0153uvre des programmes de coop\u00e9ration convenus lors des pr\u00e9c\u00e9dentes \u00e9ch\u00e9ances de la coop\u00e9ration sino-africaine, notamment le 2\u00e8me Sommet de Johannesburg, tenu en d\u00e9cembre 2015.<\/p>\n<p>&#013;<\/p>\n<p>Les ministres africains se sont f\u00e9licit\u00e9s de l\u2019\u00e9tat de mise en \u0153uvre des actions de coop\u00e9ration convenus entre l\u2019Afrique et la Chine en renouvelant leur engagement \u00e0 poursuivre cette coop\u00e9ration et la renforcer davantage au b\u00e9n\u00e9fice des deux parties.<\/p>\n<p>&#013;<\/p>\n<p>Ils ont \u00e9galement mis un accent particulier sur l\u2019importance pour cette coop\u00e9ration de r\u00e9pondre aux attentes des Etats africains, notamment \u00e0 la lumi\u00e8re de l\u2019Agenda 2063 de l\u2019Union africaine, lequel constitue le r\u00e9ceptacle de l\u2019ensemble de l\u2019\u0153uvre de d\u00e9veloppement de l\u2019Afrique.<\/p>\n<p>&#013;<\/p>\n<p>La Conf\u00e9rence minist\u00e9rielle a adopt\u00e9 les projets de la d\u00e9claration de Beijing et du plan d\u2019action 2019-2021 qui seront soumis au Sommet des Chefs d\u2019Etat et de Gouvernement dont les travaux commenceront demain et s\u2019\u00e9taleront sur deux jours.<\/p>\n<\/div>\n<p>&#013;<br \/>\nSource: <a href=\"http:\/\/www.aps.dz\/algerie\/78052-7e-conference-ministerielle-du-forum-de-cooperation-chine-afrique-messahel-a-pekin\" target=\"_blank\">7e Conf\u00e9rence minist\u00e9rielle du Forum de Coop\u00e9ration Chine\/Afrique: Messahel \u00e0 P\u00e9kin<\/a><\/p>\n<!--CusAds0-->\n<div style=\"font-size: 0px; height: 0px; line-height: 0px; margin: 0; padding: 0; clear: both;\"><\/div>","protected":false},"excerpt":{"rendered":"<p>PEKIN &#8211; Le ministre des Affaires \u00e9trang\u00e8res, Abdelkader Messahel a pris part dimanche \u00e0 P\u00e9kin, \u00e0 la 7\u00e8me Conf\u00e9rence minist\u00e9rielle du Forum de Coop\u00e9ration Chine-Afrique. &#013; &#013; La Conf\u00e9rence a \u00e9t\u00e9 pr\u00e9sid\u00e9e par la ministre sud-africaine des Relations internationales et de la Coop\u00e9ration, Lindiwe Sisulu, et le ministre chinois des Affaires \u00e9trang\u00e8res, Wang Yi. &#013;<\/p>\n","protected":false},"author":6,"featured_media":0,"comment_status":"open","ping_status":"open","sticky":false,"template":"","format":"standard","meta":{"footnotes":""},"categories":[22],"tags":[93],"class_list":["post-26732","post","type-post","status-publish","format-standard","hentry","category-infos","tag-onu"],"yoast_head":"<!-- This site is optimized with the Yoast SEO plugin v27.5 - https:\/\/yoast.com\/product\/yoast-seo-wordpress\/ -->\n<title>7e Conf\u00e9rence minist\u00e9rielle du Forum de Coop\u00e9ration Chine\/Afrique: Messahel \u00e0 P\u00e9kin - info algerie<\/title>\n<meta name=\"robots\" content=\"index, follow, max-snippet:-1, max-image-preview:large, max-video-preview:-1\" \/>\n<link rel=\"canonical\" href=\"https:\/\/www.info-algerie.com\/actualites\/7e-conference-ministerielle-du-forum-de-cooperation-chine-afrique-messahel-a-pekin\/\" \/>\n<meta property=\"og:locale\" content=\"fr_FR\" \/>\n<meta property=\"og:type\" content=\"article\" \/>\n<meta property=\"og:title\" content=\"7e Conf\u00e9rence minist\u00e9rielle du Forum de Coop\u00e9ration Chine\/Afrique: Messahel \u00e0 P\u00e9kin - info algerie\" \/>\n<meta property=\"og:description\" content=\"PEKIN &#8211; Le ministre des Affaires \u00e9trang\u00e8res, Abdelkader Messahel a pris part dimanche \u00e0 P\u00e9kin, \u00e0 la 7\u00e8me Conf\u00e9rence minist\u00e9rielle du Forum de Coop\u00e9ration Chine-Afrique. &#013; &#013; La Conf\u00e9rence a \u00e9t\u00e9 pr\u00e9sid\u00e9e par la ministre sud-africaine des Relations internationales et de la Coop\u00e9ration, Lindiwe Sisulu, et le ministre chinois des Affaires \u00e9trang\u00e8res, Wang Yi. &#013;\" \/>\n<meta property=\"og:url\" content=\"https:\/\/www.info-algerie.com\/actualites\/7e-conference-ministerielle-du-forum-de-cooperation-chine-afrique-messahel-a-pekin\/\" \/>\n<meta property=\"og:site_name\" content=\"info algerie\" \/>\n<meta property=\"article:publisher\" content=\"https:\/\/www.facebook.com\/infoalgerieactu\" \/>\n<meta property=\"article:published_time\" content=\"2018-09-02T10:47:32+00:00\" \/>\n<meta name=\"author\" content=\"La r\u00e9daction\" \/>\n<meta name=\"twitter:label1\" content=\"\u00c9crit par\" \/>\n\t<meta name=\"twitter:data1\" content=\"La r\u00e9daction\" \/>\n\t<meta name=\"twitter:label2\" content=\"Dur\u00e9e de lecture estim\u00e9e\" \/>\n\t<meta name=\"twitter:data2\" content=\"1 minute\" \/>\n<script type=\"application\/ld+json\" class=\"yoast-schema-graph\">{\"@context\":\"https:\\\/\\\/schema.org\",\"@graph\":[{\"@type\":\"Article\",\"@id\":\"https:\\\/\\\/www.info-algerie.com\\\/actualites\\\/7e-conference-ministerielle-du-forum-de-cooperation-chine-afrique-messahel-a-pekin\\\/#article\",\"isPartOf\":{\"@id\":\"https:\\\/\\\/www.info-algerie.com\\\/actualites\\\/7e-conference-ministerielle-du-forum-de-cooperation-chine-afrique-messahel-a-pekin\\\/\"},\"author\":{\"name\":\"La r\u00e9daction\",\"@id\":\"https:\\\/\\\/www.info-algerie.com\\\/actualites\\\/#\\\/schema\\\/person\\\/847aaec44920825b843a08f30ec6aa1e\"},\"headline\":\"7e Conf\u00e9rence minist\u00e9rielle du Forum de Coop\u00e9ration Chine\\\/Afrique: Messahel \u00e0 P\u00e9kin\",\"datePublished\":\"2018-09-02T10:47:32+00:00\",\"mainEntityOfPage\":{\"@id\":\"https:\\\/\\\/www.info-algerie.com\\\/actualites\\\/7e-conference-ministerielle-du-forum-de-cooperation-chine-afrique-messahel-a-pekin\\\/\"},\"wordCount\":296,\"commentCount\":0,\"publisher\":{\"@id\":\"https:\\\/\\\/www.info-algerie.com\\\/actualites\\\/#organization\"},\"keywords\":[\"ONU\"],\"articleSection\":[\"infos\"],\"inLanguage\":\"fr-FR\",\"potentialAction\":[{\"@type\":\"CommentAction\",\"name\":\"Comment\",\"target\":[\"https:\\\/\\\/www.info-algerie.com\\\/actualites\\\/7e-conference-ministerielle-du-forum-de-cooperation-chine-afrique-messahel-a-pekin\\\/#respond\"]}]},{\"@type\":\"WebPage\",\"@id\":\"https:\\\/\\\/www.info-algerie.com\\\/actualites\\\/7e-conference-ministerielle-du-forum-de-cooperation-chine-afrique-messahel-a-pekin\\\/\",\"url\":\"https:\\\/\\\/www.info-algerie.com\\\/actualites\\\/7e-conference-ministerielle-du-forum-de-cooperation-chine-afrique-messahel-a-pekin\\\/\",\"name\":\"7e Conf\u00e9rence minist\u00e9rielle du Forum de Coop\u00e9ration Chine\\\/Afrique: Messahel \u00e0 P\u00e9kin - info algerie\",\"isPartOf\":{\"@id\":\"https:\\\/\\\/www.info-algerie.com\\\/actualites\\\/#website\"},\"datePublished\":\"2018-09-02T10:47:32+00:00\",\"breadcrumb\":{\"@id\":\"https:\\\/\\\/www.info-algerie.com\\\/actualites\\\/7e-conference-ministerielle-du-forum-de-cooperation-chine-afrique-messahel-a-pekin\\\/#breadcrumb\"},\"inLanguage\":\"fr-FR\",\"potentialAction\":[{\"@type\":\"ReadAction\",\"target\":[\"https:\\\/\\\/www.info-algerie.com\\\/actualites\\\/7e-conference-ministerielle-du-forum-de-cooperation-chine-afrique-messahel-a-pekin\\\/\"]}]},{\"@type\":\"BreadcrumbList\",\"@id\":\"https:\\\/\\\/www.info-algerie.com\\\/actualites\\\/7e-conference-ministerielle-du-forum-de-cooperation-chine-afrique-messahel-a-pekin\\\/#breadcrumb\",\"itemListElement\":[{\"@type\":\"ListItem\",\"position\":1,\"name\":\"Accueil\",\"item\":\"https:\\\/\\\/www.info-algerie.com\\\/actualites\\\/\"},{\"@type\":\"ListItem\",\"position\":2,\"name\":\"7e Conf\u00e9rence minist\u00e9rielle du Forum de Coop\u00e9ration Chine\\\/Afrique: Messahel \u00e0 P\u00e9kin\"}]},{\"@type\":\"WebSite\",\"@id\":\"https:\\\/\\\/www.info-algerie.com\\\/actualites\\\/#website\",\"url\":\"https:\\\/\\\/www.info-algerie.com\\\/actualites\\\/\",\"name\":\"info algerie\",\"description\":\"Toutes les actualit\u00e9s\",\"publisher\":{\"@id\":\"https:\\\/\\\/www.info-algerie.com\\\/actualites\\\/#organization\"},\"potentialAction\":[{\"@type\":\"SearchAction\",\"target\":{\"@type\":\"EntryPoint\",\"urlTemplate\":\"https:\\\/\\\/www.info-algerie.com\\\/actualites\\\/?s={search_term_string}\"},\"query-input\":{\"@type\":\"PropertyValueSpecification\",\"valueRequired\":true,\"valueName\":\"search_term_string\"}}],\"inLanguage\":\"fr-FR\"},{\"@type\":\"Organization\",\"@id\":\"https:\\\/\\\/www.info-algerie.com\\\/actualites\\\/#organization\",\"name\":\"info algerie\",\"url\":\"https:\\\/\\\/www.info-algerie.com\\\/actualites\\\/\",\"logo\":{\"@type\":\"ImageObject\",\"inLanguage\":\"fr-FR\",\"@id\":\"https:\\\/\\\/www.info-algerie.com\\\/actualites\\\/#\\\/schema\\\/logo\\\/image\\\/\",\"url\":\"https:\\\/\\\/www.info-algerie.com\\\/actualites\\\/wp-content\\\/uploads\\\/2022\\\/07\\\/logo-ia-120.png\",\"contentUrl\":\"https:\\\/\\\/www.info-algerie.com\\\/actualites\\\/wp-content\\\/uploads\\\/2022\\\/07\\\/logo-ia-120.png\",\"width\":120,\"height\":43,\"caption\":\"info algerie\"},\"image\":{\"@id\":\"https:\\\/\\\/www.info-algerie.com\\\/actualites\\\/#\\\/schema\\\/logo\\\/image\\\/\"},\"sameAs\":[\"https:\\\/\\\/www.facebook.com\\\/infoalgerieactu\",\"https:\\\/\\\/x.com\\\/infoalgerie1\"]},{\"@type\":\"Person\",\"@id\":\"https:\\\/\\\/www.info-algerie.com\\\/actualites\\\/#\\\/schema\\\/person\\\/847aaec44920825b843a08f30ec6aa1e\",\"name\":\"La r\u00e9daction\",\"image\":{\"@type\":\"ImageObject\",\"inLanguage\":\"fr-FR\",\"@id\":\"https:\\\/\\\/secure.gravatar.com\\\/avatar\\\/769db425c6f465158149f1ffd6cf61ce7a8a879d11dfbef8288af36dfddd418c?s=96&d=mm&r=g\",\"url\":\"https:\\\/\\\/secure.gravatar.com\\\/avatar\\\/769db425c6f465158149f1ffd6cf61ce7a8a879d11dfbef8288af36dfddd418c?s=96&d=mm&r=g\",\"contentUrl\":\"https:\\\/\\\/secure.gravatar.com\\\/avatar\\\/769db425c6f465158149f1ffd6cf61ce7a8a879d11dfbef8288af36dfddd418c?s=96&d=mm&r=g\",\"caption\":\"La r\u00e9daction\"},\"sameAs\":[\"http:\\\/\\\/www.lkeria.com\\\/\"],\"url\":\"https:\\\/\\\/www.info-algerie.com\\\/actualites\\\/author\\\/chakib32\\\/\"}]}<\/script>\n<!-- \/ Yoast SEO plugin. -->","yoast_head_json":{"title":"7e Conf\u00e9rence minist\u00e9rielle du Forum de Coop\u00e9ration Chine\/Afrique: Messahel \u00e0 P\u00e9kin - info algerie","robots":{"index":"index","follow":"follow","max-snippet":"max-snippet:-1","max-image-preview":"max-image-preview:large","max-video-preview":"max-video-preview:-1"},"canonical":"https:\/\/www.info-algerie.com\/actualites\/7e-conference-ministerielle-du-forum-de-cooperation-chine-afrique-messahel-a-pekin\/","og_locale":"fr_FR","og_type":"article","og_title":"7e Conf\u00e9rence minist\u00e9rielle du Forum de Coop\u00e9ration Chine\/Afrique: Messahel \u00e0 P\u00e9kin - info algerie","og_description":"PEKIN &#8211; Le ministre des Affaires \u00e9trang\u00e8res, Abdelkader Messahel a pris part dimanche \u00e0 P\u00e9kin, \u00e0 la 7\u00e8me Conf\u00e9rence minist\u00e9rielle du Forum de Coop\u00e9ration Chine-Afrique. &#013; &#013; La Conf\u00e9rence a \u00e9t\u00e9 pr\u00e9sid\u00e9e par la ministre sud-africaine des Relations internationales et de la Coop\u00e9ration, Lindiwe Sisulu, et le ministre chinois des Affaires \u00e9trang\u00e8res, Wang Yi. &#013;","og_url":"https:\/\/www.info-algerie.com\/actualites\/7e-conference-ministerielle-du-forum-de-cooperation-chine-afrique-messahel-a-pekin\/","og_site_name":"info algerie","article_publisher":"https:\/\/www.facebook.com\/infoalgerieactu","article_published_time":"2018-09-02T10:47:32+00:00","author":"La r\u00e9daction","twitter_misc":{"\u00c9crit par":"La r\u00e9daction","Dur\u00e9e de lecture estim\u00e9e":"1 minute"},"schema":{"@context":"https:\/\/schema.org","@graph":[{"@type":"Article","@id":"https:\/\/www.info-algerie.com\/actualites\/7e-conference-ministerielle-du-forum-de-cooperation-chine-afrique-messahel-a-pekin\/#article","isPartOf":{"@id":"https:\/\/www.info-algerie.com\/actualites\/7e-conference-ministerielle-du-forum-de-cooperation-chine-afrique-messahel-a-pekin\/"},"author":{"name":"La r\u00e9daction","@id":"https:\/\/www.info-algerie.com\/actualites\/#\/schema\/person\/847aaec44920825b843a08f30ec6aa1e"},"headline":"7e Conf\u00e9rence minist\u00e9rielle du Forum de Coop\u00e9ration Chine\/Afrique: Messahel \u00e0 P\u00e9kin","datePublished":"2018-09-02T10:47:32+00:00","mainEntityOfPage":{"@id":"https:\/\/www.info-algerie.com\/actualites\/7e-conference-ministerielle-du-forum-de-cooperation-chine-afrique-messahel-a-pekin\/"},"wordCount":296,"commentCount":0,"publisher":{"@id":"https:\/\/www.info-algerie.com\/actualites\/#organization"},"keywords":["ONU"],"articleSection":["infos"],"inLanguage":"fr-FR","potentialAction":[{"@type":"CommentAction","name":"Comment","target":["https:\/\/www.info-algerie.com\/actualites\/7e-conference-ministerielle-du-forum-de-cooperation-chine-afrique-messahel-a-pekin\/#respond"]}]},{"@type":"WebPage","@id":"https:\/\/www.info-algerie.com\/actualites\/7e-conference-ministerielle-du-forum-de-cooperation-chine-afrique-messahel-a-pekin\/","url":"https:\/\/www.info-algerie.com\/actualites\/7e-conference-ministerielle-du-forum-de-cooperation-chine-afrique-messahel-a-pekin\/","name":"7e Conf\u00e9rence minist\u00e9rielle du Forum de Coop\u00e9ration Chine\/Afrique: Messahel \u00e0 P\u00e9kin - info algerie","isPartOf":{"@id":"https:\/\/www.info-algerie.com\/actualites\/#website"},"datePublished":"2018-09-02T10:47:32+00:00","breadcrumb":{"@id":"https:\/\/www.info-algerie.com\/actualites\/7e-conference-ministerielle-du-forum-de-cooperation-chine-afrique-messahel-a-pekin\/#breadcrumb"},"inLanguage":"fr-FR","potentialAction":[{"@type":"ReadAction","target":["https:\/\/www.info-algerie.com\/actualites\/7e-conference-ministerielle-du-forum-de-cooperation-chine-afrique-messahel-a-pekin\/"]}]},{"@type":"BreadcrumbList","@id":"https:\/\/www.info-algerie.com\/actualites\/7e-conference-ministerielle-du-forum-de-cooperation-chine-afrique-messahel-a-pekin\/#breadcrumb","itemListElement":[{"@type":"ListItem","position":1,"name":"Accueil","item":"https:\/\/www.info-algerie.com\/actualites\/"},{"@type":"ListItem","position":2,"name":"7e Conf\u00e9rence minist\u00e9rielle du Forum de Coop\u00e9ration Chine\/Afrique: Messahel \u00e0 P\u00e9kin"}]},{"@type":"WebSite","@id":"https:\/\/www.info-algerie.com\/actualites\/#website","url":"https:\/\/www.info-algerie.com\/actualites\/","name":"info algerie","description":"Toutes les actualit\u00e9s","publisher":{"@id":"https:\/\/www.info-algerie.com\/actualites\/#organization"},"potentialAction":[{"@type":"SearchAction","target":{"@type":"EntryPoint","urlTemplate":"https:\/\/www.info-algerie.com\/actualites\/?s={search_term_string}"},"query-input":{"@type":"PropertyValueSpecification","valueRequired":true,"valueName":"search_term_string"}}],"inLanguage":"fr-FR"},{"@type":"Organization","@id":"https:\/\/www.info-algerie.com\/actualites\/#organization","name":"info algerie","url":"https:\/\/www.info-algerie.com\/actualites\/","logo":{"@type":"ImageObject","inLanguage":"fr-FR","@id":"https:\/\/www.info-algerie.com\/actualites\/#\/schema\/logo\/image\/","url":"https:\/\/www.info-algerie.com\/actualites\/wp-content\/uploads\/2022\/07\/logo-ia-120.png","contentUrl":"https:\/\/www.info-algerie.com\/actualites\/wp-content\/uploads\/2022\/07\/logo-ia-120.png","width":120,"height":43,"caption":"info algerie"},"image":{"@id":"https:\/\/www.info-algerie.com\/actualites\/#\/schema\/logo\/image\/"},"sameAs":["https:\/\/www.facebook.com\/infoalgerieactu","https:\/\/x.com\/infoalgerie1"]},{"@type":"Person","@id":"https:\/\/www.info-algerie.com\/actualites\/#\/schema\/person\/847aaec44920825b843a08f30ec6aa1e","name":"La r\u00e9daction","image":{"@type":"ImageObject","inLanguage":"fr-FR","@id":"https:\/\/secure.gravatar.com\/avatar\/769db425c6f465158149f1ffd6cf61ce7a8a879d11dfbef8288af36dfddd418c?s=96&d=mm&r=g","url":"https:\/\/secure.gravatar.com\/avatar\/769db425c6f465158149f1ffd6cf61ce7a8a879d11dfbef8288af36dfddd418c?s=96&d=mm&r=g","contentUrl":"https:\/\/secure.gravatar.com\/avatar\/769db425c6f465158149f1ffd6cf61ce7a8a879d11dfbef8288af36dfddd418c?s=96&d=mm&r=g","caption":"La r\u00e9daction"},"sameAs":["http:\/\/www.lkeria.com\/"],"url":"https:\/\/www.info-algerie.com\/actualites\/author\/chakib32\/"}]}},"_links":{"self":[{"href":"https:\/\/www.info-algerie.com\/actualites\/wp-json\/wp\/v2\/posts\/26732","targetHints":{"allow":["GET"]}}],"collection":[{"href":"https:\/\/www.info-algerie.com\/actualites\/wp-json\/wp\/v2\/posts"}],"about":[{"href":"https:\/\/www.info-algerie.com\/actualites\/wp-json\/wp\/v2\/types\/post"}],"author":[{"embeddable":true,"href":"https:\/\/www.info-algerie.com\/actualites\/wp-json\/wp\/v2\/users\/6"}],"replies":[{"embeddable":true,"href":"https:\/\/www.info-algerie.com\/actualites\/wp-json\/wp\/v2\/comments?post=26732"}],"version-history":[{"count":0,"href":"https:\/\/www.info-algerie.com\/actualites\/wp-json\/wp\/v2\/posts\/26732\/revisions"}],"wp:attachment":[{"href":"https:\/\/www.info-algerie.com\/actualites\/wp-json\/wp\/v2\/media?parent=26732"}],"wp:term":[{"taxonomy":"category","embeddable":true,"href":"https:\/\/www.info-algerie.com\/actualites\/wp-json\/wp\/v2\/categories?post=26732"},{"taxonomy":"post_tag","embeddable":true,"href":"https:\/\/www.info-algerie.com\/actualites\/wp-json\/wp\/v2\/tags?post=26732"}],"curies":[{"name":"wp","href":"https:\/\/api.w.org\/{rel}","templated":true}]}}