{"id":26737,"date":"2018-09-02T15:16:11","date_gmt":"2018-09-02T14:16:11","guid":{"rendered":"https:\/\/www.info-algerie.com\/actualites\/le-recours-aux-classes-en-prefabrique-une-mesure-exceptionnelle-et-temporaire\/"},"modified":"2018-09-02T15:16:11","modified_gmt":"2018-09-02T14:16:11","slug":"le-recours-aux-classes-en-prefabrique-une-mesure-exceptionnelle-et-temporaire","status":"publish","type":"post","link":"https:\/\/www.info-algerie.com\/actualites\/le-recours-aux-classes-en-prefabrique-une-mesure-exceptionnelle-et-temporaire\/","title":{"rendered":"Le recours aux classes en pr\u00e9fabriqu\u00e9, une mesure &quot;exceptionnelle et temporaire&quot;"},"content":{"rendered":"<div class=\"K2FeedImage\"><img decoding=\"async\" src=\"https:\/\/www.info-algerie.com\/actualites\/wp-content\/uploads\/2018\/09\/98cd49b5d72da9af11d6737fa62ea1ec_S.jpg\" \/><\/div>\n<div class=\"K2FeedIntroText\">\n<p>ALGER &#8211; La <a href=\"http:\/\/www.aps.dz\/algerie\/78068-annee-scolaire-2018-2019-une-annee-de-formation-par-excellence\" target=\"_blank\" rel=\"noopener noreferrer\">ministre de l&rsquo;Education nationale, Nouria Benghabrit<\/a>, a affirm\u00e9 dimanche que des \u00e9tablissements scolaires dans nombre de wilayas seront renforc\u00e9s par des classes en pr\u00e9fabriqu\u00e9 (chalets) en tant que mesure \u00ab\u00a0exceptionnelle et temporaire\u00a0\u00bb pour pallier au probl\u00e8me de surcharge.<\/p>\n<p>&#013;\n<\/p><\/div>\n<div class=\"K2FeedFullText\">&#013;<\/p>\n<p>Dans une interview accord\u00e9e \u00e0 l&rsquo;APS \u00e0 la veille de la rentr\u00e9e scolaire 2018\/2019, la ministre a pr\u00e9cis\u00e9 que parmi les solutions adopt\u00e9es pour cette ann\u00e9e scolaire, figurent les classes en construction pr\u00e9fabriqu\u00e9e auxquelles le secteur a eu recours, notamment et entre autres dans les zones d&rsquo;Alger Est et d&rsquo;Alger Ouest. Cette situation due \u00e0 la forte affluence de nouveaux \u00e9l\u00e8ves, notamment pour le cycle obligatoire, r\u00e9sulte des r\u00e9centes op\u00e9rations de remise de logements dans ces zones.<\/p>\n<p>&#013;<\/p>\n<blockquote><p>&#013;<\/p>\n<p><em><strong>Qualifiant cette situation d'\u00a0\u00bbexceptionnelle\u00a0\u00bb, la ministre a fait savoir que son secteur s&#8217;emploie, en coordination avec les autres secteurs concern\u00e9s, en vue de trouver des solutions rapides, durables et dans les meilleurs d\u00e9lais, car, a-t-elle dit \u00ab\u00a0nous n&rsquo;acceptons la scolarisation de nos enfants que dans des conditions propices \u00a0et ad\u00e9quates\u00a0\u00bb.<\/strong><\/em><\/p>\n<p>&#013;\n<\/p><\/blockquote>\n<p>&#013;<\/p>\n<p>Elle a estim\u00e9 que le retard accus\u00e9 dans la r\u00e9alisation de certains projets n&rsquo;est pas la seule raison de la surcharge, mais est li\u00e9 \u00e0 d&rsquo;autres facteurs \u00e0 l&rsquo;image des redoublements importants dont de nouvelles mesures sont en cours d&rsquo;\u00e9laboration pour enrayer ce ph\u00e9nom\u00e8ne.<\/p>\n<p>&#013;<\/p>\n<hr \/>\n<p>Lire aussi:\u00a0<a href=\"http:\/\/www.aps.dz\/algerie\/78068-annee-scolaire-2018-2019-une-annee-de-formation-par-excellence\">Ann\u00e9e scolaire 2018\/2019: une ann\u00e9e de formation par excellence<\/a><\/p>\n<p>&#013;<\/p>\n<hr \/>\n<p>Mme Benghabrit a fait savoir que l&rsquo;objectif du secteur de l&rsquo;\u00e9ducation nationale pour cette ann\u00e9e scolaire consistait en la mise en \u0153uvre des trois dynamiques d\u00e9finis lors de des deux conf\u00e9rences nationales d&rsquo;\u00e9valuation et de soutien \u00e0 la r\u00e9forme de l&rsquo;\u00e9cole, initi\u00e9e en 2003 par le pr\u00e9sident de la R\u00e9publique, Abdelaziz Bouteflika, organis\u00e9es en juillet 2014 et 2015.<\/p>\n<p>&#013;<\/p>\n<blockquote><p>&#013;<\/p>\n<p><em><strong>Il s&rsquo;agit, a-t-elle indiqu\u00e9, de la refonte p\u00e9dagogique, l&rsquo;am\u00e9lioration de la gouvernance de l&rsquo;\u00e9cole et le renforcement de la place et de l&rsquo;importance de la formation.<\/strong><\/em><\/p>\n<p>&#013;\n<\/p><\/blockquote>\n<p>&#013;<\/p>\n<p>Elle a soulign\u00e9 dans ce sens que l\u2019objectif de l&rsquo;\u00e9cole de qualit\u00e9 n\u00e9cessitait d&rsquo;atteindre un haut niveau de professionnalisme dans les pratiques d&rsquo;enseignement et de gestion qui sont au service des apprentissages des \u00e9l\u00e8ves, et mettant en exergue l&rsquo;importance de la formation continue des enseignants visant \u00e0 am\u00e9liorer leurs comp\u00e9tences.<\/p>\n<\/div>\n<p>&#013;<br \/>\nSource: <a href=\"http:\/\/www.aps.dz\/algerie\/78069-le-recours-aux-classes-en-prefabrique-une-mesure-exceptionnelle-et-temporaire\" target=\"_blank\">Le recours aux classes en pr\u00e9fabriqu\u00e9, une mesure \u00ab\u00a0exceptionnelle et temporaire\u00a0\u00bb<\/a><\/p>\n<!--CusAds0-->\n<div style=\"font-size: 0px; height: 0px; line-height: 0px; margin: 0; padding: 0; clear: both;\"><\/div>","protected":false},"excerpt":{"rendered":"<p>ALGER &#8211; La ministre de l&rsquo;Education nationale, Nouria Benghabrit, a affirm\u00e9 dimanche que des \u00e9tablissements scolaires dans nombre de wilayas seront renforc\u00e9s par des classes en pr\u00e9fabriqu\u00e9 (chalets) en tant que mesure \u00ab\u00a0exceptionnelle et temporaire\u00a0\u00bb pour pallier au probl\u00e8me de surcharge. &#013; &#013; Dans une interview accord\u00e9e \u00e0 l&rsquo;APS \u00e0 la veille de la rentr\u00e9e<\/p>\n","protected":false},"author":6,"featured_media":26738,"comment_status":"open","ping_status":"open","sticky":false,"template":"","format":"standard","meta":{"footnotes":""},"categories":[22],"tags":[93],"class_list":["post-26737","post","type-post","status-publish","format-standard","has-post-thumbnail","hentry","category-infos","tag-onu"],"yoast_head":"<!-- This site is optimized with the Yoast SEO plugin v27.5 - https:\/\/yoast.com\/product\/yoast-seo-wordpress\/ -->\n<title>Le recours aux classes en pr\u00e9fabriqu\u00e9, une mesure &quot;exceptionnelle et temporaire&quot; - info algerie<\/title>\n<meta name=\"robots\" content=\"index, follow, max-snippet:-1, max-image-preview:large, max-video-preview:-1\" \/>\n<link rel=\"canonical\" href=\"https:\/\/www.info-algerie.com\/actualites\/le-recours-aux-classes-en-prefabrique-une-mesure-exceptionnelle-et-temporaire\/\" \/>\n<meta property=\"og:locale\" content=\"fr_FR\" \/>\n<meta property=\"og:type\" content=\"article\" \/>\n<meta property=\"og:title\" content=\"Le recours aux classes en pr\u00e9fabriqu\u00e9, une mesure &quot;exceptionnelle et temporaire&quot; - info algerie\" \/>\n<meta property=\"og:description\" content=\"ALGER &#8211; La ministre de l&rsquo;Education nationale, Nouria Benghabrit, a affirm\u00e9 dimanche que des \u00e9tablissements scolaires dans nombre de wilayas seront renforc\u00e9s par des classes en pr\u00e9fabriqu\u00e9 (chalets) en tant que mesure \u00ab\u00a0exceptionnelle et temporaire\u00a0\u00bb pour pallier au probl\u00e8me de surcharge. &#013; &#013; Dans une interview accord\u00e9e \u00e0 l&rsquo;APS \u00e0 la veille de la rentr\u00e9e\" \/>\n<meta property=\"og:url\" content=\"https:\/\/www.info-algerie.com\/actualites\/le-recours-aux-classes-en-prefabrique-une-mesure-exceptionnelle-et-temporaire\/\" \/>\n<meta property=\"og:site_name\" content=\"info algerie\" \/>\n<meta property=\"article:publisher\" content=\"https:\/\/www.facebook.com\/infoalgerieactu\" \/>\n<meta property=\"article:published_time\" content=\"2018-09-02T14:16:11+00:00\" \/>\n<meta property=\"og:image\" content=\"https:\/\/www.info-algerie.com\/actualites\/wp-content\/uploads\/2018\/09\/98cd49b5d72da9af11d6737fa62ea1ec_S-1.jpg\" \/>\n\t<meta property=\"og:image:width\" content=\"280\" \/>\n\t<meta property=\"og:image:height\" content=\"169\" \/>\n\t<meta property=\"og:image:type\" content=\"image\/jpeg\" \/>\n<meta name=\"author\" content=\"La r\u00e9daction\" \/>\n<meta name=\"twitter:label1\" content=\"\u00c9crit par\" \/>\n\t<meta name=\"twitter:data1\" content=\"La r\u00e9daction\" \/>\n\t<meta name=\"twitter:label2\" content=\"Dur\u00e9e de lecture estim\u00e9e\" \/>\n\t<meta name=\"twitter:data2\" content=\"2 minutes\" \/>\n<script type=\"application\/ld+json\" class=\"yoast-schema-graph\">{\"@context\":\"https:\\\/\\\/schema.org\",\"@graph\":[{\"@type\":\"Article\",\"@id\":\"https:\\\/\\\/www.info-algerie.com\\\/actualites\\\/le-recours-aux-classes-en-prefabrique-une-mesure-exceptionnelle-et-temporaire\\\/#article\",\"isPartOf\":{\"@id\":\"https:\\\/\\\/www.info-algerie.com\\\/actualites\\\/le-recours-aux-classes-en-prefabrique-une-mesure-exceptionnelle-et-temporaire\\\/\"},\"author\":{\"name\":\"La r\u00e9daction\",\"@id\":\"https:\\\/\\\/www.info-algerie.com\\\/actualites\\\/#\\\/schema\\\/person\\\/847aaec44920825b843a08f30ec6aa1e\"},\"headline\":\"Le recours aux classes en pr\u00e9fabriqu\u00e9, une mesure &quot;exceptionnelle et temporaire&quot;\",\"datePublished\":\"2018-09-02T14:16:11+00:00\",\"mainEntityOfPage\":{\"@id\":\"https:\\\/\\\/www.info-algerie.com\\\/actualites\\\/le-recours-aux-classes-en-prefabrique-une-mesure-exceptionnelle-et-temporaire\\\/\"},\"wordCount\":432,\"commentCount\":0,\"publisher\":{\"@id\":\"https:\\\/\\\/www.info-algerie.com\\\/actualites\\\/#organization\"},\"image\":{\"@id\":\"https:\\\/\\\/www.info-algerie.com\\\/actualites\\\/le-recours-aux-classes-en-prefabrique-une-mesure-exceptionnelle-et-temporaire\\\/#primaryimage\"},\"thumbnailUrl\":\"https:\\\/\\\/www.info-algerie.com\\\/actualites\\\/wp-content\\\/uploads\\\/2018\\\/09\\\/98cd49b5d72da9af11d6737fa62ea1ec_S-1.jpg\",\"keywords\":[\"ONU\"],\"articleSection\":[\"infos\"],\"inLanguage\":\"fr-FR\",\"potentialAction\":[{\"@type\":\"CommentAction\",\"name\":\"Comment\",\"target\":[\"https:\\\/\\\/www.info-algerie.com\\\/actualites\\\/le-recours-aux-classes-en-prefabrique-une-mesure-exceptionnelle-et-temporaire\\\/#respond\"]}]},{\"@type\":\"WebPage\",\"@id\":\"https:\\\/\\\/www.info-algerie.com\\\/actualites\\\/le-recours-aux-classes-en-prefabrique-une-mesure-exceptionnelle-et-temporaire\\\/\",\"url\":\"https:\\\/\\\/www.info-algerie.com\\\/actualites\\\/le-recours-aux-classes-en-prefabrique-une-mesure-exceptionnelle-et-temporaire\\\/\",\"name\":\"Le recours aux classes en pr\u00e9fabriqu\u00e9, une mesure &quot;exceptionnelle et temporaire&quot; - info algerie\",\"isPartOf\":{\"@id\":\"https:\\\/\\\/www.info-algerie.com\\\/actualites\\\/#website\"},\"primaryImageOfPage\":{\"@id\":\"https:\\\/\\\/www.info-algerie.com\\\/actualites\\\/le-recours-aux-classes-en-prefabrique-une-mesure-exceptionnelle-et-temporaire\\\/#primaryimage\"},\"image\":{\"@id\":\"https:\\\/\\\/www.info-algerie.com\\\/actualites\\\/le-recours-aux-classes-en-prefabrique-une-mesure-exceptionnelle-et-temporaire\\\/#primaryimage\"},\"thumbnailUrl\":\"https:\\\/\\\/www.info-algerie.com\\\/actualites\\\/wp-content\\\/uploads\\\/2018\\\/09\\\/98cd49b5d72da9af11d6737fa62ea1ec_S-1.jpg\",\"datePublished\":\"2018-09-02T14:16:11+00:00\",\"breadcrumb\":{\"@id\":\"https:\\\/\\\/www.info-algerie.com\\\/actualites\\\/le-recours-aux-classes-en-prefabrique-une-mesure-exceptionnelle-et-temporaire\\\/#breadcrumb\"},\"inLanguage\":\"fr-FR\",\"potentialAction\":[{\"@type\":\"ReadAction\",\"target\":[\"https:\\\/\\\/www.info-algerie.com\\\/actualites\\\/le-recours-aux-classes-en-prefabrique-une-mesure-exceptionnelle-et-temporaire\\\/\"]}]},{\"@type\":\"ImageObject\",\"inLanguage\":\"fr-FR\",\"@id\":\"https:\\\/\\\/www.info-algerie.com\\\/actualites\\\/le-recours-aux-classes-en-prefabrique-une-mesure-exceptionnelle-et-temporaire\\\/#primaryimage\",\"url\":\"https:\\\/\\\/www.info-algerie.com\\\/actualites\\\/wp-content\\\/uploads\\\/2018\\\/09\\\/98cd49b5d72da9af11d6737fa62ea1ec_S-1.jpg\",\"contentUrl\":\"https:\\\/\\\/www.info-algerie.com\\\/actualites\\\/wp-content\\\/uploads\\\/2018\\\/09\\\/98cd49b5d72da9af11d6737fa62ea1ec_S-1.jpg\",\"width\":280,\"height\":169},{\"@type\":\"BreadcrumbList\",\"@id\":\"https:\\\/\\\/www.info-algerie.com\\\/actualites\\\/le-recours-aux-classes-en-prefabrique-une-mesure-exceptionnelle-et-temporaire\\\/#breadcrumb\",\"itemListElement\":[{\"@type\":\"ListItem\",\"position\":1,\"name\":\"Accueil\",\"item\":\"https:\\\/\\\/www.info-algerie.com\\\/actualites\\\/\"},{\"@type\":\"ListItem\",\"position\":2,\"name\":\"Le recours aux classes en pr\u00e9fabriqu\u00e9, une mesure &quot;exceptionnelle et temporaire&quot;\"}]},{\"@type\":\"WebSite\",\"@id\":\"https:\\\/\\\/www.info-algerie.com\\\/actualites\\\/#website\",\"url\":\"https:\\\/\\\/www.info-algerie.com\\\/actualites\\\/\",\"name\":\"info algerie\",\"description\":\"Toutes les actualit\u00e9s\",\"publisher\":{\"@id\":\"https:\\\/\\\/www.info-algerie.com\\\/actualites\\\/#organization\"},\"potentialAction\":[{\"@type\":\"SearchAction\",\"target\":{\"@type\":\"EntryPoint\",\"urlTemplate\":\"https:\\\/\\\/www.info-algerie.com\\\/actualites\\\/?s={search_term_string}\"},\"query-input\":{\"@type\":\"PropertyValueSpecification\",\"valueRequired\":true,\"valueName\":\"search_term_string\"}}],\"inLanguage\":\"fr-FR\"},{\"@type\":\"Organization\",\"@id\":\"https:\\\/\\\/www.info-algerie.com\\\/actualites\\\/#organization\",\"name\":\"info algerie\",\"url\":\"https:\\\/\\\/www.info-algerie.com\\\/actualites\\\/\",\"logo\":{\"@type\":\"ImageObject\",\"inLanguage\":\"fr-FR\",\"@id\":\"https:\\\/\\\/www.info-algerie.com\\\/actualites\\\/#\\\/schema\\\/logo\\\/image\\\/\",\"url\":\"https:\\\/\\\/www.info-algerie.com\\\/actualites\\\/wp-content\\\/uploads\\\/2022\\\/07\\\/logo-ia-120.png\",\"contentUrl\":\"https:\\\/\\\/www.info-algerie.com\\\/actualites\\\/wp-content\\\/uploads\\\/2022\\\/07\\\/logo-ia-120.png\",\"width\":120,\"height\":43,\"caption\":\"info algerie\"},\"image\":{\"@id\":\"https:\\\/\\\/www.info-algerie.com\\\/actualites\\\/#\\\/schema\\\/logo\\\/image\\\/\"},\"sameAs\":[\"https:\\\/\\\/www.facebook.com\\\/infoalgerieactu\",\"https:\\\/\\\/x.com\\\/infoalgerie1\"]},{\"@type\":\"Person\",\"@id\":\"https:\\\/\\\/www.info-algerie.com\\\/actualites\\\/#\\\/schema\\\/person\\\/847aaec44920825b843a08f30ec6aa1e\",\"name\":\"La r\u00e9daction\",\"image\":{\"@type\":\"ImageObject\",\"inLanguage\":\"fr-FR\",\"@id\":\"https:\\\/\\\/secure.gravatar.com\\\/avatar\\\/769db425c6f465158149f1ffd6cf61ce7a8a879d11dfbef8288af36dfddd418c?s=96&d=mm&r=g\",\"url\":\"https:\\\/\\\/secure.gravatar.com\\\/avatar\\\/769db425c6f465158149f1ffd6cf61ce7a8a879d11dfbef8288af36dfddd418c?s=96&d=mm&r=g\",\"contentUrl\":\"https:\\\/\\\/secure.gravatar.com\\\/avatar\\\/769db425c6f465158149f1ffd6cf61ce7a8a879d11dfbef8288af36dfddd418c?s=96&d=mm&r=g\",\"caption\":\"La r\u00e9daction\"},\"sameAs\":[\"http:\\\/\\\/www.lkeria.com\\\/\"],\"url\":\"https:\\\/\\\/www.info-algerie.com\\\/actualites\\\/author\\\/chakib32\\\/\"}]}<\/script>\n<!-- \/ Yoast SEO plugin. -->","yoast_head_json":{"title":"Le recours aux classes en pr\u00e9fabriqu\u00e9, une mesure &quot;exceptionnelle et temporaire&quot; - info algerie","robots":{"index":"index","follow":"follow","max-snippet":"max-snippet:-1","max-image-preview":"max-image-preview:large","max-video-preview":"max-video-preview:-1"},"canonical":"https:\/\/www.info-algerie.com\/actualites\/le-recours-aux-classes-en-prefabrique-une-mesure-exceptionnelle-et-temporaire\/","og_locale":"fr_FR","og_type":"article","og_title":"Le recours aux classes en pr\u00e9fabriqu\u00e9, une mesure &quot;exceptionnelle et temporaire&quot; - info algerie","og_description":"ALGER &#8211; La ministre de l&rsquo;Education nationale, Nouria Benghabrit, a affirm\u00e9 dimanche que des \u00e9tablissements scolaires dans nombre de wilayas seront renforc\u00e9s par des classes en pr\u00e9fabriqu\u00e9 (chalets) en tant que mesure \u00ab\u00a0exceptionnelle et temporaire\u00a0\u00bb pour pallier au probl\u00e8me de surcharge. &#013; &#013; Dans une interview accord\u00e9e \u00e0 l&rsquo;APS \u00e0 la veille de la rentr\u00e9e","og_url":"https:\/\/www.info-algerie.com\/actualites\/le-recours-aux-classes-en-prefabrique-une-mesure-exceptionnelle-et-temporaire\/","og_site_name":"info algerie","article_publisher":"https:\/\/www.facebook.com\/infoalgerieactu","article_published_time":"2018-09-02T14:16:11+00:00","og_image":[{"width":280,"height":169,"url":"https:\/\/www.info-algerie.com\/actualites\/wp-content\/uploads\/2018\/09\/98cd49b5d72da9af11d6737fa62ea1ec_S-1.jpg","type":"image\/jpeg"}],"author":"La r\u00e9daction","twitter_misc":{"\u00c9crit par":"La r\u00e9daction","Dur\u00e9e de lecture estim\u00e9e":"2 minutes"},"schema":{"@context":"https:\/\/schema.org","@graph":[{"@type":"Article","@id":"https:\/\/www.info-algerie.com\/actualites\/le-recours-aux-classes-en-prefabrique-une-mesure-exceptionnelle-et-temporaire\/#article","isPartOf":{"@id":"https:\/\/www.info-algerie.com\/actualites\/le-recours-aux-classes-en-prefabrique-une-mesure-exceptionnelle-et-temporaire\/"},"author":{"name":"La r\u00e9daction","@id":"https:\/\/www.info-algerie.com\/actualites\/#\/schema\/person\/847aaec44920825b843a08f30ec6aa1e"},"headline":"Le recours aux classes en pr\u00e9fabriqu\u00e9, une mesure &quot;exceptionnelle et temporaire&quot;","datePublished":"2018-09-02T14:16:11+00:00","mainEntityOfPage":{"@id":"https:\/\/www.info-algerie.com\/actualites\/le-recours-aux-classes-en-prefabrique-une-mesure-exceptionnelle-et-temporaire\/"},"wordCount":432,"commentCount":0,"publisher":{"@id":"https:\/\/www.info-algerie.com\/actualites\/#organization"},"image":{"@id":"https:\/\/www.info-algerie.com\/actualites\/le-recours-aux-classes-en-prefabrique-une-mesure-exceptionnelle-et-temporaire\/#primaryimage"},"thumbnailUrl":"https:\/\/www.info-algerie.com\/actualites\/wp-content\/uploads\/2018\/09\/98cd49b5d72da9af11d6737fa62ea1ec_S-1.jpg","keywords":["ONU"],"articleSection":["infos"],"inLanguage":"fr-FR","potentialAction":[{"@type":"CommentAction","name":"Comment","target":["https:\/\/www.info-algerie.com\/actualites\/le-recours-aux-classes-en-prefabrique-une-mesure-exceptionnelle-et-temporaire\/#respond"]}]},{"@type":"WebPage","@id":"https:\/\/www.info-algerie.com\/actualites\/le-recours-aux-classes-en-prefabrique-une-mesure-exceptionnelle-et-temporaire\/","url":"https:\/\/www.info-algerie.com\/actualites\/le-recours-aux-classes-en-prefabrique-une-mesure-exceptionnelle-et-temporaire\/","name":"Le recours aux classes en pr\u00e9fabriqu\u00e9, une mesure &quot;exceptionnelle et temporaire&quot; - info algerie","isPartOf":{"@id":"https:\/\/www.info-algerie.com\/actualites\/#website"},"primaryImageOfPage":{"@id":"https:\/\/www.info-algerie.com\/actualites\/le-recours-aux-classes-en-prefabrique-une-mesure-exceptionnelle-et-temporaire\/#primaryimage"},"image":{"@id":"https:\/\/www.info-algerie.com\/actualites\/le-recours-aux-classes-en-prefabrique-une-mesure-exceptionnelle-et-temporaire\/#primaryimage"},"thumbnailUrl":"https:\/\/www.info-algerie.com\/actualites\/wp-content\/uploads\/2018\/09\/98cd49b5d72da9af11d6737fa62ea1ec_S-1.jpg","datePublished":"2018-09-02T14:16:11+00:00","breadcrumb":{"@id":"https:\/\/www.info-algerie.com\/actualites\/le-recours-aux-classes-en-prefabrique-une-mesure-exceptionnelle-et-temporaire\/#breadcrumb"},"inLanguage":"fr-FR","potentialAction":[{"@type":"ReadAction","target":["https:\/\/www.info-algerie.com\/actualites\/le-recours-aux-classes-en-prefabrique-une-mesure-exceptionnelle-et-temporaire\/"]}]},{"@type":"ImageObject","inLanguage":"fr-FR","@id":"https:\/\/www.info-algerie.com\/actualites\/le-recours-aux-classes-en-prefabrique-une-mesure-exceptionnelle-et-temporaire\/#primaryimage","url":"https:\/\/www.info-algerie.com\/actualites\/wp-content\/uploads\/2018\/09\/98cd49b5d72da9af11d6737fa62ea1ec_S-1.jpg","contentUrl":"https:\/\/www.info-algerie.com\/actualites\/wp-content\/uploads\/2018\/09\/98cd49b5d72da9af11d6737fa62ea1ec_S-1.jpg","width":280,"height":169},{"@type":"BreadcrumbList","@id":"https:\/\/www.info-algerie.com\/actualites\/le-recours-aux-classes-en-prefabrique-une-mesure-exceptionnelle-et-temporaire\/#breadcrumb","itemListElement":[{"@type":"ListItem","position":1,"name":"Accueil","item":"https:\/\/www.info-algerie.com\/actualites\/"},{"@type":"ListItem","position":2,"name":"Le recours aux classes en pr\u00e9fabriqu\u00e9, une mesure &quot;exceptionnelle et temporaire&quot;"}]},{"@type":"WebSite","@id":"https:\/\/www.info-algerie.com\/actualites\/#website","url":"https:\/\/www.info-algerie.com\/actualites\/","name":"info algerie","description":"Toutes les actualit\u00e9s","publisher":{"@id":"https:\/\/www.info-algerie.com\/actualites\/#organization"},"potentialAction":[{"@type":"SearchAction","target":{"@type":"EntryPoint","urlTemplate":"https:\/\/www.info-algerie.com\/actualites\/?s={search_term_string}"},"query-input":{"@type":"PropertyValueSpecification","valueRequired":true,"valueName":"search_term_string"}}],"inLanguage":"fr-FR"},{"@type":"Organization","@id":"https:\/\/www.info-algerie.com\/actualites\/#organization","name":"info algerie","url":"https:\/\/www.info-algerie.com\/actualites\/","logo":{"@type":"ImageObject","inLanguage":"fr-FR","@id":"https:\/\/www.info-algerie.com\/actualites\/#\/schema\/logo\/image\/","url":"https:\/\/www.info-algerie.com\/actualites\/wp-content\/uploads\/2022\/07\/logo-ia-120.png","contentUrl":"https:\/\/www.info-algerie.com\/actualites\/wp-content\/uploads\/2022\/07\/logo-ia-120.png","width":120,"height":43,"caption":"info algerie"},"image":{"@id":"https:\/\/www.info-algerie.com\/actualites\/#\/schema\/logo\/image\/"},"sameAs":["https:\/\/www.facebook.com\/infoalgerieactu","https:\/\/x.com\/infoalgerie1"]},{"@type":"Person","@id":"https:\/\/www.info-algerie.com\/actualites\/#\/schema\/person\/847aaec44920825b843a08f30ec6aa1e","name":"La r\u00e9daction","image":{"@type":"ImageObject","inLanguage":"fr-FR","@id":"https:\/\/secure.gravatar.com\/avatar\/769db425c6f465158149f1ffd6cf61ce7a8a879d11dfbef8288af36dfddd418c?s=96&d=mm&r=g","url":"https:\/\/secure.gravatar.com\/avatar\/769db425c6f465158149f1ffd6cf61ce7a8a879d11dfbef8288af36dfddd418c?s=96&d=mm&r=g","contentUrl":"https:\/\/secure.gravatar.com\/avatar\/769db425c6f465158149f1ffd6cf61ce7a8a879d11dfbef8288af36dfddd418c?s=96&d=mm&r=g","caption":"La r\u00e9daction"},"sameAs":["http:\/\/www.lkeria.com\/"],"url":"https:\/\/www.info-algerie.com\/actualites\/author\/chakib32\/"}]}},"_links":{"self":[{"href":"https:\/\/www.info-algerie.com\/actualites\/wp-json\/wp\/v2\/posts\/26737","targetHints":{"allow":["GET"]}}],"collection":[{"href":"https:\/\/www.info-algerie.com\/actualites\/wp-json\/wp\/v2\/posts"}],"about":[{"href":"https:\/\/www.info-algerie.com\/actualites\/wp-json\/wp\/v2\/types\/post"}],"author":[{"embeddable":true,"href":"https:\/\/www.info-algerie.com\/actualites\/wp-json\/wp\/v2\/users\/6"}],"replies":[{"embeddable":true,"href":"https:\/\/www.info-algerie.com\/actualites\/wp-json\/wp\/v2\/comments?post=26737"}],"version-history":[{"count":0,"href":"https:\/\/www.info-algerie.com\/actualites\/wp-json\/wp\/v2\/posts\/26737\/revisions"}],"wp:featuredmedia":[{"embeddable":true,"href":"https:\/\/www.info-algerie.com\/actualites\/wp-json\/wp\/v2\/media\/26738"}],"wp:attachment":[{"href":"https:\/\/www.info-algerie.com\/actualites\/wp-json\/wp\/v2\/media?parent=26737"}],"wp:term":[{"taxonomy":"category","embeddable":true,"href":"https:\/\/www.info-algerie.com\/actualites\/wp-json\/wp\/v2\/categories?post=26737"},{"taxonomy":"post_tag","embeddable":true,"href":"https:\/\/www.info-algerie.com\/actualites\/wp-json\/wp\/v2\/tags?post=26737"}],"curies":[{"name":"wp","href":"https:\/\/api.w.org\/{rel}","templated":true}]}}