{"id":26740,"date":"2018-09-02T15:04:57","date_gmt":"2018-09-02T14:04:57","guid":{"rendered":"https:\/\/www.info-algerie.com\/actualites\/annee-scolaire-2018-2019-une-annee-de-formation-par-excellence\/"},"modified":"2018-09-02T15:04:57","modified_gmt":"2018-09-02T14:04:57","slug":"annee-scolaire-2018-2019-une-annee-de-formation-par-excellence","status":"publish","type":"post","link":"https:\/\/www.info-algerie.com\/actualites\/annee-scolaire-2018-2019-une-annee-de-formation-par-excellence\/","title":{"rendered":"Ann\u00e9e scolaire 2018\/2019: une ann\u00e9e de formation par excellence"},"content":{"rendered":"<div class=\"K2FeedImage\"><img decoding=\"async\" src=\"https:\/\/www.info-algerie.com\/actualites\/wp-content\/uploads\/2018\/09\/46e74690200e7160e23bb749bd247ab7_S.jpg\" alt=\"Ann&#xE9;e scolaire 2018\/2019: une ann&#xE9;e de formation par excellence\" \/><\/div>\n<div class=\"K2FeedIntroText\">\n<p><strong><span style=\"vertical-align: inherit\"><span style=\"vertical-align: inherit\">ALGIERS &#8211; Minister of National Education Nouria Benghabrit said on Sunday that the new 2018\/2019 school year will be the year of \u00ab\u00a0training par excellence\u00a0\u00bb aimed at achieving \u00ab\u00a0the highest standards of quality in education and training\u00a0\u00bb. education\u00a0\u00bb.<\/span><\/span><\/strong><\/p>\n<p>&#013;\n<\/p><\/div>\n<div class=\"K2FeedFullText\">&#013;<\/p>\n<p><span style=\"vertical-align: inherit\"><span style=\"vertical-align: inherit\">In an interview with the APS, Ms. Benghabrit said that this training program is part of the \u00ab\u00a0National Training Plan\u00a0\u00bb (NTP) which will run until 2020 and will affect all categories (teachers, inspectors administrative and professional workers).<\/span><\/span><\/p>\n<p>&#013;<\/p>\n<p><span style=\"vertical-align: inherit\"><span style=\"vertical-align: inherit\">Thus, during the 2017-2018 school year, nearly 80,000 public servants benefited from these trainings.<\/span><\/span><\/p>\n<p>&#013;<\/p>\n<p>La ministre a indiqu\u00e9 que la dynamique sur laquelle reposait le secteur de l&rsquo;\u00e9ducation nationale pour cette ann\u00e9e scolaire consistait en la mise en \u0153uvre des trois objectifs d\u00e9finis lors des deux conf\u00e9rences nationales d&rsquo;\u00e9valuation et de soutien \u00e0 la r\u00e9forme de l&rsquo;\u00e9cole, initi\u00e9e en 2003 par le pr\u00e9sident de la R\u00e9publique, Abdelaziz Bouteflika et organis\u00e9es en juillet 2014 et 2015.<\/p>\n<p>&#013;<\/p>\n<p>Il s&rsquo;agit, a-t-elle indiqu\u00e9, de la refonte p\u00e9dagogique, l&rsquo;am\u00e9lioration de la gouvernance de l&rsquo;\u00e9cole et le renforcement de la place et de l&rsquo;importance de la formation.<\/p>\n<p>&#013;<\/p>\n<p>Elle a soulign\u00e9, dans ce sens, que \u00ab\u00a0l&rsquo;\u00e9cole de qualit\u00e9 passe par la mise en \u0153uvre de l\u2019objectif de professionnalisation des pratiques d&rsquo;enseignement et de gestion, une \u00e9cole de qualit\u00e9 et une \u00e9cole qui est au service des apprentissages des \u00e9l\u00e8ves\u00a0\u00bb.<\/p>\n<p>&#013;<\/p>\n<p>De ce fait, le secteur de l\u2019\u00e9ducation s&rsquo;engage \u00e0 l&rsquo;am\u00e9lioration du niveau des \u00e9l\u00e8ves, notamment au cycle primaire qui constitue le fondement de l&rsquo;op\u00e9ration \u00e9ducative, a soutenu la premi\u00e8re responsable du secteur.<\/p>\n<p>&#013;<\/p>\n<p>Des am\u00e9liorations ont \u00e9t\u00e9 introduites dans les programmes scolaires selon une nouvelle vision adapt\u00e9e aux d\u00e9veloppements didactiques, scientifique et technologiques, a-t-elle ajout\u00e9.<\/p>\n<p>&#013;<\/p>\n<p>Mme Benghabrit a rappel\u00e9 que les pr\u00e9paratifs pour la prochaine rentr\u00e9e scolaire ont d\u00e9but\u00e9 en mars de l&rsquo;ann\u00e9e derni\u00e8re, tandis que les quatre conf\u00e9rences r\u00e9gionales ont \u00e9t\u00e9 organis\u00e9es en janvier et f\u00e9vrier 2018.<\/p>\n<p>&#013;<\/p>\n<p>Le secteur qui compte plus de 700.000 fonctionnaires et prend en charge plus de 9 millions d&rsquo;\u00e9l\u00e8ves, fonctionne selon une vision prospective d\u00e9clin\u00e9e annuellement en activit\u00e9s visibles dans la circulaire-cadre distribu\u00e9e en juin dernier. Cette derni\u00e8re comporte 10 axes et 186 op\u00e9rations dont 46 ont \u00e9t\u00e9 ex\u00e9cut\u00e9es ou en cours d&rsquo;ex\u00e9cution, a fait savoir la ministre.<\/p>\n<p>&#013;<\/p>\n<p>La p\u00e9riode ayant pr\u00e9c\u00e9d\u00e9 la rentr\u00e9e des \u00e9l\u00e8ves a \u00e9t\u00e9 marqu\u00e9e par la tenue d&rsquo;une conf\u00e9rence nationale des directeurs centraux le 20 ao\u00fbt dernier, suivie d&rsquo;une conf\u00e9rence nationale des directeurs de l&rsquo;\u00e9ducation le 27 du m\u00eame mois. Des ateliers de formation ont \u00e9galement \u00e9t\u00e9 organis\u00e9s au profit des secr\u00e9taires g\u00e9n\u00e9raux des directions de l&rsquo;\u00e9ducation le 29 ao\u00fbt, a-t-elle rappel\u00e9.<\/p>\n<p>&#013;<\/p>\n<p>Le minist\u00e8re a programm\u00e9, ajoute Mme Benghabrit, une visio-conf\u00e9rence avec les chefs des \u00e9tablissements scolaires, suivie d&rsquo;un s\u00e9minaire au profit des directeurs des instituts de formation, des coordinateurs du coll\u00e8ge inspectoral et des chefs de service \u00ab\u00a0Formation\u00a0\u00bb au niveau des directions de l&rsquo;\u00e9ducation.<\/p>\n<p>&#013;<\/p>\n<p>Une nouvelle m\u00e9thode de formation a \u00e9t\u00e9 mise en place pour garantir le professionnalisme et unifier les visions de tous au service de la qualit\u00e9, a encore fait savoir la ministre.<\/p>\n<p>&#013;<\/p>\n<p><span style=\"vertical-align: inherit\"><span style=\"vertical-align: inherit\">This is the organization in the form of a working group, like the four workshops on different themes at the National Conference of Directors of Education, namely \u00ab\u00a0the training strategy, the pedagogical and other developments related to the sector&rsquo;s expenditure rationalization and ethics policy, \u00ab\u00a0said Benghabrit.<\/span><\/span><\/p>\n<p>&#013;<\/p>\n<p><span style=\"vertical-align: inherit\"><span style=\"vertical-align: inherit\">The Minister of National Education maintained that her sector placed particular importance on the continuing education of all managers, including inspectors and teachers, and made the current school year a year of evaluation of the directors of the school. education and institutions according to the standards contained in the \u00ab\u00a0National System of Evaluation\u00a0\u00bb.<\/span><\/span><\/p>\n<\/div>\n<p>&#013;<br \/>\nSource: <a href=\"http:\/\/www.aps.dz\/algerie\/78068-annee-scolaire-2018-2019-une-annee-de-formation-par-excellence\" target=\"_blank\">Ann\u00e9e scolaire 2018\/2019: une ann\u00e9e de formation par excellence<\/a><\/p>\n<!--CusAds0-->\n<div style=\"font-size: 0px; height: 0px; line-height: 0px; margin: 0; padding: 0; clear: both;\"><\/div>","protected":false},"excerpt":{"rendered":"<p>ALGIERS &#8211; Minister of National Education Nouria Benghabrit said on Sunday that the new 2018\/2019 school year will be the year of \u00ab\u00a0training par excellence\u00a0\u00bb aimed at achieving \u00ab\u00a0the highest standards of quality in education and training\u00a0\u00bb. education\u00a0\u00bb. &#013; &#013; In an interview with the APS, Ms. Benghabrit said that this training program is part<\/p>\n","protected":false},"author":6,"featured_media":26741,"comment_status":"open","ping_status":"open","sticky":false,"template":"","format":"standard","meta":{"footnotes":""},"categories":[22],"tags":[93],"class_list":["post-26740","post","type-post","status-publish","format-standard","has-post-thumbnail","hentry","category-infos","tag-onu"],"yoast_head":"<!-- This site is optimized with the Yoast SEO plugin v27.5 - https:\/\/yoast.com\/product\/yoast-seo-wordpress\/ -->\n<title>Ann\u00e9e scolaire 2018\/2019: une ann\u00e9e de formation par excellence - info algerie<\/title>\n<meta name=\"robots\" content=\"index, follow, max-snippet:-1, max-image-preview:large, max-video-preview:-1\" \/>\n<link rel=\"canonical\" href=\"https:\/\/www.info-algerie.com\/actualites\/annee-scolaire-2018-2019-une-annee-de-formation-par-excellence\/\" \/>\n<meta property=\"og:locale\" content=\"fr_FR\" \/>\n<meta property=\"og:type\" content=\"article\" \/>\n<meta property=\"og:title\" content=\"Ann\u00e9e scolaire 2018\/2019: une ann\u00e9e de formation par excellence - info algerie\" \/>\n<meta property=\"og:description\" content=\"ALGIERS &#8211; Minister of National Education Nouria Benghabrit said on Sunday that the new 2018\/2019 school year will be the year of \u00ab\u00a0training par excellence\u00a0\u00bb aimed at achieving \u00ab\u00a0the highest standards of quality in education and training\u00a0\u00bb. education\u00a0\u00bb. &#013; &#013; In an interview with the APS, Ms. Benghabrit said that this training program is part\" \/>\n<meta property=\"og:url\" content=\"https:\/\/www.info-algerie.com\/actualites\/annee-scolaire-2018-2019-une-annee-de-formation-par-excellence\/\" \/>\n<meta property=\"og:site_name\" content=\"info algerie\" \/>\n<meta property=\"article:publisher\" content=\"https:\/\/www.facebook.com\/infoalgerieactu\" \/>\n<meta property=\"article:published_time\" content=\"2018-09-02T14:04:57+00:00\" \/>\n<meta property=\"og:image\" content=\"https:\/\/www.info-algerie.com\/actualites\/wp-content\/uploads\/2018\/09\/46e74690200e7160e23bb749bd247ab7_S-1.jpg\" \/>\n\t<meta property=\"og:image:width\" content=\"280\" \/>\n\t<meta property=\"og:image:height\" content=\"169\" \/>\n\t<meta property=\"og:image:type\" content=\"image\/jpeg\" \/>\n<meta name=\"author\" content=\"La r\u00e9daction\" \/>\n<meta name=\"twitter:label1\" content=\"\u00c9crit par\" \/>\n\t<meta name=\"twitter:data1\" content=\"La r\u00e9daction\" \/>\n\t<meta name=\"twitter:label2\" content=\"Dur\u00e9e de lecture estim\u00e9e\" \/>\n\t<meta name=\"twitter:data2\" content=\"3 minutes\" \/>\n<script type=\"application\/ld+json\" class=\"yoast-schema-graph\">{\"@context\":\"https:\\\/\\\/schema.org\",\"@graph\":[{\"@type\":\"Article\",\"@id\":\"https:\\\/\\\/www.info-algerie.com\\\/actualites\\\/annee-scolaire-2018-2019-une-annee-de-formation-par-excellence\\\/#article\",\"isPartOf\":{\"@id\":\"https:\\\/\\\/www.info-algerie.com\\\/actualites\\\/annee-scolaire-2018-2019-une-annee-de-formation-par-excellence\\\/\"},\"author\":{\"name\":\"La r\u00e9daction\",\"@id\":\"https:\\\/\\\/www.info-algerie.com\\\/actualites\\\/#\\\/schema\\\/person\\\/847aaec44920825b843a08f30ec6aa1e\"},\"headline\":\"Ann\u00e9e scolaire 2018\\\/2019: une ann\u00e9e de formation par excellence\",\"datePublished\":\"2018-09-02T14:04:57+00:00\",\"mainEntityOfPage\":{\"@id\":\"https:\\\/\\\/www.info-algerie.com\\\/actualites\\\/annee-scolaire-2018-2019-une-annee-de-formation-par-excellence\\\/\"},\"wordCount\":677,\"commentCount\":0,\"publisher\":{\"@id\":\"https:\\\/\\\/www.info-algerie.com\\\/actualites\\\/#organization\"},\"image\":{\"@id\":\"https:\\\/\\\/www.info-algerie.com\\\/actualites\\\/annee-scolaire-2018-2019-une-annee-de-formation-par-excellence\\\/#primaryimage\"},\"thumbnailUrl\":\"https:\\\/\\\/www.info-algerie.com\\\/actualites\\\/wp-content\\\/uploads\\\/2018\\\/09\\\/46e74690200e7160e23bb749bd247ab7_S-1.jpg\",\"keywords\":[\"ONU\"],\"articleSection\":[\"infos\"],\"inLanguage\":\"fr-FR\",\"potentialAction\":[{\"@type\":\"CommentAction\",\"name\":\"Comment\",\"target\":[\"https:\\\/\\\/www.info-algerie.com\\\/actualites\\\/annee-scolaire-2018-2019-une-annee-de-formation-par-excellence\\\/#respond\"]}]},{\"@type\":\"WebPage\",\"@id\":\"https:\\\/\\\/www.info-algerie.com\\\/actualites\\\/annee-scolaire-2018-2019-une-annee-de-formation-par-excellence\\\/\",\"url\":\"https:\\\/\\\/www.info-algerie.com\\\/actualites\\\/annee-scolaire-2018-2019-une-annee-de-formation-par-excellence\\\/\",\"name\":\"Ann\u00e9e scolaire 2018\\\/2019: une ann\u00e9e de formation par excellence - info algerie\",\"isPartOf\":{\"@id\":\"https:\\\/\\\/www.info-algerie.com\\\/actualites\\\/#website\"},\"primaryImageOfPage\":{\"@id\":\"https:\\\/\\\/www.info-algerie.com\\\/actualites\\\/annee-scolaire-2018-2019-une-annee-de-formation-par-excellence\\\/#primaryimage\"},\"image\":{\"@id\":\"https:\\\/\\\/www.info-algerie.com\\\/actualites\\\/annee-scolaire-2018-2019-une-annee-de-formation-par-excellence\\\/#primaryimage\"},\"thumbnailUrl\":\"https:\\\/\\\/www.info-algerie.com\\\/actualites\\\/wp-content\\\/uploads\\\/2018\\\/09\\\/46e74690200e7160e23bb749bd247ab7_S-1.jpg\",\"datePublished\":\"2018-09-02T14:04:57+00:00\",\"breadcrumb\":{\"@id\":\"https:\\\/\\\/www.info-algerie.com\\\/actualites\\\/annee-scolaire-2018-2019-une-annee-de-formation-par-excellence\\\/#breadcrumb\"},\"inLanguage\":\"fr-FR\",\"potentialAction\":[{\"@type\":\"ReadAction\",\"target\":[\"https:\\\/\\\/www.info-algerie.com\\\/actualites\\\/annee-scolaire-2018-2019-une-annee-de-formation-par-excellence\\\/\"]}]},{\"@type\":\"ImageObject\",\"inLanguage\":\"fr-FR\",\"@id\":\"https:\\\/\\\/www.info-algerie.com\\\/actualites\\\/annee-scolaire-2018-2019-une-annee-de-formation-par-excellence\\\/#primaryimage\",\"url\":\"https:\\\/\\\/www.info-algerie.com\\\/actualites\\\/wp-content\\\/uploads\\\/2018\\\/09\\\/46e74690200e7160e23bb749bd247ab7_S-1.jpg\",\"contentUrl\":\"https:\\\/\\\/www.info-algerie.com\\\/actualites\\\/wp-content\\\/uploads\\\/2018\\\/09\\\/46e74690200e7160e23bb749bd247ab7_S-1.jpg\",\"width\":280,\"height\":169},{\"@type\":\"BreadcrumbList\",\"@id\":\"https:\\\/\\\/www.info-algerie.com\\\/actualites\\\/annee-scolaire-2018-2019-une-annee-de-formation-par-excellence\\\/#breadcrumb\",\"itemListElement\":[{\"@type\":\"ListItem\",\"position\":1,\"name\":\"Accueil\",\"item\":\"https:\\\/\\\/www.info-algerie.com\\\/actualites\\\/\"},{\"@type\":\"ListItem\",\"position\":2,\"name\":\"Ann\u00e9e scolaire 2018\\\/2019: une ann\u00e9e de formation par excellence\"}]},{\"@type\":\"WebSite\",\"@id\":\"https:\\\/\\\/www.info-algerie.com\\\/actualites\\\/#website\",\"url\":\"https:\\\/\\\/www.info-algerie.com\\\/actualites\\\/\",\"name\":\"info algerie\",\"description\":\"Toutes les actualit\u00e9s\",\"publisher\":{\"@id\":\"https:\\\/\\\/www.info-algerie.com\\\/actualites\\\/#organization\"},\"potentialAction\":[{\"@type\":\"SearchAction\",\"target\":{\"@type\":\"EntryPoint\",\"urlTemplate\":\"https:\\\/\\\/www.info-algerie.com\\\/actualites\\\/?s={search_term_string}\"},\"query-input\":{\"@type\":\"PropertyValueSpecification\",\"valueRequired\":true,\"valueName\":\"search_term_string\"}}],\"inLanguage\":\"fr-FR\"},{\"@type\":\"Organization\",\"@id\":\"https:\\\/\\\/www.info-algerie.com\\\/actualites\\\/#organization\",\"name\":\"info algerie\",\"url\":\"https:\\\/\\\/www.info-algerie.com\\\/actualites\\\/\",\"logo\":{\"@type\":\"ImageObject\",\"inLanguage\":\"fr-FR\",\"@id\":\"https:\\\/\\\/www.info-algerie.com\\\/actualites\\\/#\\\/schema\\\/logo\\\/image\\\/\",\"url\":\"https:\\\/\\\/www.info-algerie.com\\\/actualites\\\/wp-content\\\/uploads\\\/2022\\\/07\\\/logo-ia-120.png\",\"contentUrl\":\"https:\\\/\\\/www.info-algerie.com\\\/actualites\\\/wp-content\\\/uploads\\\/2022\\\/07\\\/logo-ia-120.png\",\"width\":120,\"height\":43,\"caption\":\"info algerie\"},\"image\":{\"@id\":\"https:\\\/\\\/www.info-algerie.com\\\/actualites\\\/#\\\/schema\\\/logo\\\/image\\\/\"},\"sameAs\":[\"https:\\\/\\\/www.facebook.com\\\/infoalgerieactu\",\"https:\\\/\\\/x.com\\\/infoalgerie1\"]},{\"@type\":\"Person\",\"@id\":\"https:\\\/\\\/www.info-algerie.com\\\/actualites\\\/#\\\/schema\\\/person\\\/847aaec44920825b843a08f30ec6aa1e\",\"name\":\"La r\u00e9daction\",\"image\":{\"@type\":\"ImageObject\",\"inLanguage\":\"fr-FR\",\"@id\":\"https:\\\/\\\/secure.gravatar.com\\\/avatar\\\/769db425c6f465158149f1ffd6cf61ce7a8a879d11dfbef8288af36dfddd418c?s=96&d=mm&r=g\",\"url\":\"https:\\\/\\\/secure.gravatar.com\\\/avatar\\\/769db425c6f465158149f1ffd6cf61ce7a8a879d11dfbef8288af36dfddd418c?s=96&d=mm&r=g\",\"contentUrl\":\"https:\\\/\\\/secure.gravatar.com\\\/avatar\\\/769db425c6f465158149f1ffd6cf61ce7a8a879d11dfbef8288af36dfddd418c?s=96&d=mm&r=g\",\"caption\":\"La r\u00e9daction\"},\"sameAs\":[\"http:\\\/\\\/www.lkeria.com\\\/\"],\"url\":\"https:\\\/\\\/www.info-algerie.com\\\/actualites\\\/author\\\/chakib32\\\/\"}]}<\/script>\n<!-- \/ Yoast SEO plugin. -->","yoast_head_json":{"title":"Ann\u00e9e scolaire 2018\/2019: une ann\u00e9e de formation par excellence - info algerie","robots":{"index":"index","follow":"follow","max-snippet":"max-snippet:-1","max-image-preview":"max-image-preview:large","max-video-preview":"max-video-preview:-1"},"canonical":"https:\/\/www.info-algerie.com\/actualites\/annee-scolaire-2018-2019-une-annee-de-formation-par-excellence\/","og_locale":"fr_FR","og_type":"article","og_title":"Ann\u00e9e scolaire 2018\/2019: une ann\u00e9e de formation par excellence - info algerie","og_description":"ALGIERS &#8211; Minister of National Education Nouria Benghabrit said on Sunday that the new 2018\/2019 school year will be the year of \u00ab\u00a0training par excellence\u00a0\u00bb aimed at achieving \u00ab\u00a0the highest standards of quality in education and training\u00a0\u00bb. education\u00a0\u00bb. &#013; &#013; In an interview with the APS, Ms. Benghabrit said that this training program is part","og_url":"https:\/\/www.info-algerie.com\/actualites\/annee-scolaire-2018-2019-une-annee-de-formation-par-excellence\/","og_site_name":"info algerie","article_publisher":"https:\/\/www.facebook.com\/infoalgerieactu","article_published_time":"2018-09-02T14:04:57+00:00","og_image":[{"width":280,"height":169,"url":"https:\/\/www.info-algerie.com\/actualites\/wp-content\/uploads\/2018\/09\/46e74690200e7160e23bb749bd247ab7_S-1.jpg","type":"image\/jpeg"}],"author":"La r\u00e9daction","twitter_misc":{"\u00c9crit par":"La r\u00e9daction","Dur\u00e9e de lecture estim\u00e9e":"3 minutes"},"schema":{"@context":"https:\/\/schema.org","@graph":[{"@type":"Article","@id":"https:\/\/www.info-algerie.com\/actualites\/annee-scolaire-2018-2019-une-annee-de-formation-par-excellence\/#article","isPartOf":{"@id":"https:\/\/www.info-algerie.com\/actualites\/annee-scolaire-2018-2019-une-annee-de-formation-par-excellence\/"},"author":{"name":"La r\u00e9daction","@id":"https:\/\/www.info-algerie.com\/actualites\/#\/schema\/person\/847aaec44920825b843a08f30ec6aa1e"},"headline":"Ann\u00e9e scolaire 2018\/2019: une ann\u00e9e de formation par excellence","datePublished":"2018-09-02T14:04:57+00:00","mainEntityOfPage":{"@id":"https:\/\/www.info-algerie.com\/actualites\/annee-scolaire-2018-2019-une-annee-de-formation-par-excellence\/"},"wordCount":677,"commentCount":0,"publisher":{"@id":"https:\/\/www.info-algerie.com\/actualites\/#organization"},"image":{"@id":"https:\/\/www.info-algerie.com\/actualites\/annee-scolaire-2018-2019-une-annee-de-formation-par-excellence\/#primaryimage"},"thumbnailUrl":"https:\/\/www.info-algerie.com\/actualites\/wp-content\/uploads\/2018\/09\/46e74690200e7160e23bb749bd247ab7_S-1.jpg","keywords":["ONU"],"articleSection":["infos"],"inLanguage":"fr-FR","potentialAction":[{"@type":"CommentAction","name":"Comment","target":["https:\/\/www.info-algerie.com\/actualites\/annee-scolaire-2018-2019-une-annee-de-formation-par-excellence\/#respond"]}]},{"@type":"WebPage","@id":"https:\/\/www.info-algerie.com\/actualites\/annee-scolaire-2018-2019-une-annee-de-formation-par-excellence\/","url":"https:\/\/www.info-algerie.com\/actualites\/annee-scolaire-2018-2019-une-annee-de-formation-par-excellence\/","name":"Ann\u00e9e scolaire 2018\/2019: une ann\u00e9e de formation par excellence - info algerie","isPartOf":{"@id":"https:\/\/www.info-algerie.com\/actualites\/#website"},"primaryImageOfPage":{"@id":"https:\/\/www.info-algerie.com\/actualites\/annee-scolaire-2018-2019-une-annee-de-formation-par-excellence\/#primaryimage"},"image":{"@id":"https:\/\/www.info-algerie.com\/actualites\/annee-scolaire-2018-2019-une-annee-de-formation-par-excellence\/#primaryimage"},"thumbnailUrl":"https:\/\/www.info-algerie.com\/actualites\/wp-content\/uploads\/2018\/09\/46e74690200e7160e23bb749bd247ab7_S-1.jpg","datePublished":"2018-09-02T14:04:57+00:00","breadcrumb":{"@id":"https:\/\/www.info-algerie.com\/actualites\/annee-scolaire-2018-2019-une-annee-de-formation-par-excellence\/#breadcrumb"},"inLanguage":"fr-FR","potentialAction":[{"@type":"ReadAction","target":["https:\/\/www.info-algerie.com\/actualites\/annee-scolaire-2018-2019-une-annee-de-formation-par-excellence\/"]}]},{"@type":"ImageObject","inLanguage":"fr-FR","@id":"https:\/\/www.info-algerie.com\/actualites\/annee-scolaire-2018-2019-une-annee-de-formation-par-excellence\/#primaryimage","url":"https:\/\/www.info-algerie.com\/actualites\/wp-content\/uploads\/2018\/09\/46e74690200e7160e23bb749bd247ab7_S-1.jpg","contentUrl":"https:\/\/www.info-algerie.com\/actualites\/wp-content\/uploads\/2018\/09\/46e74690200e7160e23bb749bd247ab7_S-1.jpg","width":280,"height":169},{"@type":"BreadcrumbList","@id":"https:\/\/www.info-algerie.com\/actualites\/annee-scolaire-2018-2019-une-annee-de-formation-par-excellence\/#breadcrumb","itemListElement":[{"@type":"ListItem","position":1,"name":"Accueil","item":"https:\/\/www.info-algerie.com\/actualites\/"},{"@type":"ListItem","position":2,"name":"Ann\u00e9e scolaire 2018\/2019: une ann\u00e9e de formation par excellence"}]},{"@type":"WebSite","@id":"https:\/\/www.info-algerie.com\/actualites\/#website","url":"https:\/\/www.info-algerie.com\/actualites\/","name":"info algerie","description":"Toutes les actualit\u00e9s","publisher":{"@id":"https:\/\/www.info-algerie.com\/actualites\/#organization"},"potentialAction":[{"@type":"SearchAction","target":{"@type":"EntryPoint","urlTemplate":"https:\/\/www.info-algerie.com\/actualites\/?s={search_term_string}"},"query-input":{"@type":"PropertyValueSpecification","valueRequired":true,"valueName":"search_term_string"}}],"inLanguage":"fr-FR"},{"@type":"Organization","@id":"https:\/\/www.info-algerie.com\/actualites\/#organization","name":"info algerie","url":"https:\/\/www.info-algerie.com\/actualites\/","logo":{"@type":"ImageObject","inLanguage":"fr-FR","@id":"https:\/\/www.info-algerie.com\/actualites\/#\/schema\/logo\/image\/","url":"https:\/\/www.info-algerie.com\/actualites\/wp-content\/uploads\/2022\/07\/logo-ia-120.png","contentUrl":"https:\/\/www.info-algerie.com\/actualites\/wp-content\/uploads\/2022\/07\/logo-ia-120.png","width":120,"height":43,"caption":"info algerie"},"image":{"@id":"https:\/\/www.info-algerie.com\/actualites\/#\/schema\/logo\/image\/"},"sameAs":["https:\/\/www.facebook.com\/infoalgerieactu","https:\/\/x.com\/infoalgerie1"]},{"@type":"Person","@id":"https:\/\/www.info-algerie.com\/actualites\/#\/schema\/person\/847aaec44920825b843a08f30ec6aa1e","name":"La r\u00e9daction","image":{"@type":"ImageObject","inLanguage":"fr-FR","@id":"https:\/\/secure.gravatar.com\/avatar\/769db425c6f465158149f1ffd6cf61ce7a8a879d11dfbef8288af36dfddd418c?s=96&d=mm&r=g","url":"https:\/\/secure.gravatar.com\/avatar\/769db425c6f465158149f1ffd6cf61ce7a8a879d11dfbef8288af36dfddd418c?s=96&d=mm&r=g","contentUrl":"https:\/\/secure.gravatar.com\/avatar\/769db425c6f465158149f1ffd6cf61ce7a8a879d11dfbef8288af36dfddd418c?s=96&d=mm&r=g","caption":"La r\u00e9daction"},"sameAs":["http:\/\/www.lkeria.com\/"],"url":"https:\/\/www.info-algerie.com\/actualites\/author\/chakib32\/"}]}},"_links":{"self":[{"href":"https:\/\/www.info-algerie.com\/actualites\/wp-json\/wp\/v2\/posts\/26740","targetHints":{"allow":["GET"]}}],"collection":[{"href":"https:\/\/www.info-algerie.com\/actualites\/wp-json\/wp\/v2\/posts"}],"about":[{"href":"https:\/\/www.info-algerie.com\/actualites\/wp-json\/wp\/v2\/types\/post"}],"author":[{"embeddable":true,"href":"https:\/\/www.info-algerie.com\/actualites\/wp-json\/wp\/v2\/users\/6"}],"replies":[{"embeddable":true,"href":"https:\/\/www.info-algerie.com\/actualites\/wp-json\/wp\/v2\/comments?post=26740"}],"version-history":[{"count":0,"href":"https:\/\/www.info-algerie.com\/actualites\/wp-json\/wp\/v2\/posts\/26740\/revisions"}],"wp:featuredmedia":[{"embeddable":true,"href":"https:\/\/www.info-algerie.com\/actualites\/wp-json\/wp\/v2\/media\/26741"}],"wp:attachment":[{"href":"https:\/\/www.info-algerie.com\/actualites\/wp-json\/wp\/v2\/media?parent=26740"}],"wp:term":[{"taxonomy":"category","embeddable":true,"href":"https:\/\/www.info-algerie.com\/actualites\/wp-json\/wp\/v2\/categories?post=26740"},{"taxonomy":"post_tag","embeddable":true,"href":"https:\/\/www.info-algerie.com\/actualites\/wp-json\/wp\/v2\/tags?post=26740"}],"curies":[{"name":"wp","href":"https:\/\/api.w.org\/{rel}","templated":true}]}}