{"id":26743,"date":"2018-09-02T15:57:04","date_gmt":"2018-09-02T14:57:04","guid":{"rendered":"https:\/\/www.info-algerie.com\/actualites\/education-allegement-du-poids-du-cartable-pour-les-eleves-du-primaire\/"},"modified":"2018-09-02T15:57:04","modified_gmt":"2018-09-02T14:57:04","slug":"education-allegement-du-poids-du-cartable-pour-les-eleves-du-primaire","status":"publish","type":"post","link":"https:\/\/www.info-algerie.com\/actualites\/education-allegement-du-poids-du-cartable-pour-les-eleves-du-primaire\/","title":{"rendered":"Education : all\u00e8gement du poids du cartable pour les \u00e9l\u00e8ves du primaire"},"content":{"rendered":"<div class=\"K2FeedImage\"><img decoding=\"async\" src=\"https:\/\/www.info-algerie.com\/actualites\/wp-content\/uploads\/2018\/09\/3ec75d850a159d7d02622d949cebf87d_S.jpg\" alt=\"Education : all&#xE8;gement du poids du cartable pour les &#xE9;l&#xE8;ves du primaire\" \/><\/div>\n<div class=\"K2FeedIntroText\">\n<p><strong>ALGER- La ministre de l&rsquo;Education nationale, Nouria Benghabrit, a indiqu\u00e9 dimanche que le poids du cartable sera all\u00e9g\u00e9 pour les \u00e9l\u00e8ves du cycle primaire et ce, pour contribuer \u00e0 prot\u00e9ger leur sant\u00e9.<\/strong><\/p>\n<p>&#013;\n<\/p><\/div>\n<div class=\"K2FeedFullText\">&#013;<\/p>\n<p>\u00ab\u00a0Le minist\u00e8re a promulgu\u00e9 une circulaire concernant les trois cycles (primaire, moyen et secondaire) portant all\u00e8gement du poids du cartable ainsi que la r\u00e9duction des co\u00fbts des articles scolaires et la rationalisation de leur utilisation\u00a0\u00bb, a pr\u00e9cis\u00e9 Mme Benghabrit dans une<\/p>\n<p>&#013;<\/p>\n<p>interview accord\u00e9e \u00e0 l&rsquo;APS \u00e0 la veille de la rentr\u00e9e scolaire 2018\/2019, soulignant que cette circulaire a \u00e9t\u00e9 \u00e9labor\u00e9e par une commission compos\u00e9e d&rsquo;enseignants, d&rsquo;inspecteurs et de directeurs.<\/p>\n<p>&#013;<\/p>\n<blockquote><p>&#013;<\/p>\n<p><em><strong>La ministre de l&rsquo;Education nationale a d\u00e9clar\u00e9 qu&rsquo;une \u00e9tude, \u00e9labor\u00e9e par son d\u00e9partement en 2013 en 2018, a conclu \u00e0 l&rsquo;imp\u00e9ratif d&rsquo;un all\u00e8gement du cartable, pour les \u00e9l\u00e8ves des cycles primaire et moyen, de deux (02) \u00e0 quatre (04) kg, pr\u00e9conisant, dans ce sens, l&rsquo;utilisation de cahiers de 64 pages au lieu de ceux de 96 ou 120 pages.<\/strong><\/em><\/p>\n<p>&#013;<\/p>\n<p><em><strong>Pour la 1\u00e8re et la 2\u00e8me ann\u00e9e primaire, le poids du cartable passera de 2.5 kg \u00e0 1.95 kg, alors que pour la 3\u00e8me ann\u00e9e primaire, il sera r\u00e9duit de 3.95 kg \u00e0 2.75 kg, soit une diff\u00e9rence de 1.25 kg, a-t-elle pr\u00e9cis\u00e9.<\/strong><\/em><\/p>\n<p>&#013;<\/p>\n<hr \/>\n<\/blockquote>\n<p>&#013;<\/p>\n<p>Lire aussi :\u00a0<a href=\"http:\/\/www.aps.dz\/algerie\/78069-le-recours-aux-classes-en-prefabrique-une-mesure-exceptionnelle-et-temporaire\">Le recours aux classes en pr\u00e9fabriqu\u00e9, une mesure \u00ab\u00a0exceptionnelle et temporaire\u00a0\u00bb<\/a><\/p>\n<p>&#013;<\/p>\n<hr \/>\n<p>La ministre a \u00e9voqu\u00e9, \u00e9galement, la diminution du nombre des pages des manuels scolaires pour les classes de 3\u00e8me et 4\u00e8me ann\u00e9e primaire, rappelant que depuis les deux derni\u00e8res ann\u00e9es, les classes de 1\u00e8re et de 2\u00e8me ann\u00e9e primaires utilisent un seul et m\u00eame livre pour les mati\u00e8res scientifiques, et un pour les mati\u00e8res sciences sociales et humaines, la lecture et l&rsquo;\u00e9ducation civique.<\/p>\n<p>&#013;<\/p>\n<hr \/>\n<blockquote><p>&#013;<\/p>\n<p>Lire aussi:<em><strong>\u00a0<\/strong><\/em><a href=\"http:\/\/www.aps.dz\/algerie\/78068-annee-scolaire-2018-2019-une-annee-de-formation-par-excellence\">Ann\u00e9e scolaire 2018\/2019: une ann\u00e9e de formation par excellence<\/a><\/p>\n<p>&#013;<\/p>\n<hr \/>\n<p><em><strong>La premi\u00e8re responsable du secteur de l&rsquo;\u00e9ducation a fait \u00e9tat \u00e9galement d&rsquo;un all\u00e8gement du poids du cartable pour les \u00e9l\u00e8ves de 4\u00e8me et de 5\u00e8me ann\u00e9e primaires de 4.5 kg \u00e0 3.10 kg, soit une diff\u00e9rence de 1.4 kg.<\/strong><\/em><\/p>\n<p>&#013;\n<\/p><\/blockquote>\n<p>&#013;<\/p>\n<p>Des solutions p\u00e9dagogiques ont \u00e9t\u00e9 propos\u00e9es \u00e0 cet effet, \u00e0 savoir maintenir le cahier d&rsquo;activit\u00e9s \u00e0 la classe, ne pas ramener tous les articles \u00e0 la fois et consacrer un casier \u00e0 la classe, a-t-elle ajout\u00e9.<\/p>\n<p>&#013;<\/p>\n<p>Elle a \u00e9galement fait savoir qu&rsquo;une campagne sera organis\u00e9e en vue de sensibiliser les parents \u00e0 l&rsquo;importance de suivre les recommandations du minist\u00e8re en mati\u00e8re d&rsquo;all\u00e8gement du cartable.<\/p>\n<p>&#013;<\/p>\n<p>\u00a0<\/p>\n<\/div>\n<p>&#013;<br \/>\nSource: <a href=\"http:\/\/www.aps.dz\/algerie\/78070-education-allegement-du-poids-du-cartable-pour-les-eleves-du-primaire\" target=\"_blank\">Education : all\u00e8gement du poids du cartable pour les \u00e9l\u00e8ves du primaire<\/a><\/p>\n<!--CusAds0-->\n<div style=\"font-size: 0px; height: 0px; line-height: 0px; margin: 0; padding: 0; clear: both;\"><\/div>","protected":false},"excerpt":{"rendered":"<p>ALGER- La ministre de l&rsquo;Education nationale, Nouria Benghabrit, a indiqu\u00e9 dimanche que le poids du cartable sera all\u00e9g\u00e9 pour les \u00e9l\u00e8ves du cycle primaire et ce, pour contribuer \u00e0 prot\u00e9ger leur sant\u00e9. &#013; &#013; \u00ab\u00a0Le minist\u00e8re a promulgu\u00e9 une circulaire concernant les trois cycles (primaire, moyen et secondaire) portant all\u00e8gement du poids du cartable ainsi<\/p>\n","protected":false},"author":6,"featured_media":26744,"comment_status":"open","ping_status":"open","sticky":false,"template":"","format":"standard","meta":{"footnotes":""},"categories":[22],"tags":[93],"class_list":["post-26743","post","type-post","status-publish","format-standard","has-post-thumbnail","hentry","category-infos","tag-onu"],"yoast_head":"<!-- This site is optimized with the Yoast SEO plugin v27.5 - https:\/\/yoast.com\/product\/yoast-seo-wordpress\/ -->\n<title>Education : all\u00e8gement du poids du cartable pour les \u00e9l\u00e8ves du primaire - info algerie<\/title>\n<meta name=\"robots\" content=\"index, follow, max-snippet:-1, max-image-preview:large, max-video-preview:-1\" \/>\n<link rel=\"canonical\" href=\"https:\/\/www.info-algerie.com\/actualites\/education-allegement-du-poids-du-cartable-pour-les-eleves-du-primaire\/\" \/>\n<meta property=\"og:locale\" content=\"fr_FR\" \/>\n<meta property=\"og:type\" content=\"article\" \/>\n<meta property=\"og:title\" content=\"Education : all\u00e8gement du poids du cartable pour les \u00e9l\u00e8ves du primaire - info algerie\" \/>\n<meta property=\"og:description\" content=\"ALGER- La ministre de l&rsquo;Education nationale, Nouria Benghabrit, a indiqu\u00e9 dimanche que le poids du cartable sera all\u00e9g\u00e9 pour les \u00e9l\u00e8ves du cycle primaire et ce, pour contribuer \u00e0 prot\u00e9ger leur sant\u00e9. &#013; &#013; \u00ab\u00a0Le minist\u00e8re a promulgu\u00e9 une circulaire concernant les trois cycles (primaire, moyen et secondaire) portant all\u00e8gement du poids du cartable ainsi\" \/>\n<meta property=\"og:url\" content=\"https:\/\/www.info-algerie.com\/actualites\/education-allegement-du-poids-du-cartable-pour-les-eleves-du-primaire\/\" \/>\n<meta property=\"og:site_name\" content=\"info algerie\" \/>\n<meta property=\"article:publisher\" content=\"https:\/\/www.facebook.com\/infoalgerieactu\" \/>\n<meta property=\"article:published_time\" content=\"2018-09-02T14:57:04+00:00\" \/>\n<meta property=\"og:image\" content=\"https:\/\/www.info-algerie.com\/actualites\/wp-content\/uploads\/2018\/09\/3ec75d850a159d7d02622d949cebf87d_S-1.jpg\" \/>\n\t<meta property=\"og:image:width\" content=\"280\" \/>\n\t<meta property=\"og:image:height\" content=\"169\" \/>\n\t<meta property=\"og:image:type\" content=\"image\/jpeg\" \/>\n<meta name=\"author\" content=\"La r\u00e9daction\" \/>\n<meta name=\"twitter:label1\" content=\"\u00c9crit par\" \/>\n\t<meta name=\"twitter:data1\" content=\"La r\u00e9daction\" \/>\n\t<meta name=\"twitter:label2\" content=\"Dur\u00e9e de lecture estim\u00e9e\" \/>\n\t<meta name=\"twitter:data2\" content=\"2 minutes\" \/>\n<script type=\"application\/ld+json\" class=\"yoast-schema-graph\">{\"@context\":\"https:\\\/\\\/schema.org\",\"@graph\":[{\"@type\":\"Article\",\"@id\":\"https:\\\/\\\/www.info-algerie.com\\\/actualites\\\/education-allegement-du-poids-du-cartable-pour-les-eleves-du-primaire\\\/#article\",\"isPartOf\":{\"@id\":\"https:\\\/\\\/www.info-algerie.com\\\/actualites\\\/education-allegement-du-poids-du-cartable-pour-les-eleves-du-primaire\\\/\"},\"author\":{\"name\":\"La r\u00e9daction\",\"@id\":\"https:\\\/\\\/www.info-algerie.com\\\/actualites\\\/#\\\/schema\\\/person\\\/847aaec44920825b843a08f30ec6aa1e\"},\"headline\":\"Education : all\u00e8gement du poids du cartable pour les \u00e9l\u00e8ves du primaire\",\"datePublished\":\"2018-09-02T14:57:04+00:00\",\"mainEntityOfPage\":{\"@id\":\"https:\\\/\\\/www.info-algerie.com\\\/actualites\\\/education-allegement-du-poids-du-cartable-pour-les-eleves-du-primaire\\\/\"},\"wordCount\":451,\"commentCount\":0,\"publisher\":{\"@id\":\"https:\\\/\\\/www.info-algerie.com\\\/actualites\\\/#organization\"},\"image\":{\"@id\":\"https:\\\/\\\/www.info-algerie.com\\\/actualites\\\/education-allegement-du-poids-du-cartable-pour-les-eleves-du-primaire\\\/#primaryimage\"},\"thumbnailUrl\":\"https:\\\/\\\/www.info-algerie.com\\\/actualites\\\/wp-content\\\/uploads\\\/2018\\\/09\\\/3ec75d850a159d7d02622d949cebf87d_S-1.jpg\",\"keywords\":[\"ONU\"],\"articleSection\":[\"infos\"],\"inLanguage\":\"fr-FR\",\"potentialAction\":[{\"@type\":\"CommentAction\",\"name\":\"Comment\",\"target\":[\"https:\\\/\\\/www.info-algerie.com\\\/actualites\\\/education-allegement-du-poids-du-cartable-pour-les-eleves-du-primaire\\\/#respond\"]}]},{\"@type\":\"WebPage\",\"@id\":\"https:\\\/\\\/www.info-algerie.com\\\/actualites\\\/education-allegement-du-poids-du-cartable-pour-les-eleves-du-primaire\\\/\",\"url\":\"https:\\\/\\\/www.info-algerie.com\\\/actualites\\\/education-allegement-du-poids-du-cartable-pour-les-eleves-du-primaire\\\/\",\"name\":\"Education : all\u00e8gement du poids du cartable pour les \u00e9l\u00e8ves du primaire - info algerie\",\"isPartOf\":{\"@id\":\"https:\\\/\\\/www.info-algerie.com\\\/actualites\\\/#website\"},\"primaryImageOfPage\":{\"@id\":\"https:\\\/\\\/www.info-algerie.com\\\/actualites\\\/education-allegement-du-poids-du-cartable-pour-les-eleves-du-primaire\\\/#primaryimage\"},\"image\":{\"@id\":\"https:\\\/\\\/www.info-algerie.com\\\/actualites\\\/education-allegement-du-poids-du-cartable-pour-les-eleves-du-primaire\\\/#primaryimage\"},\"thumbnailUrl\":\"https:\\\/\\\/www.info-algerie.com\\\/actualites\\\/wp-content\\\/uploads\\\/2018\\\/09\\\/3ec75d850a159d7d02622d949cebf87d_S-1.jpg\",\"datePublished\":\"2018-09-02T14:57:04+00:00\",\"breadcrumb\":{\"@id\":\"https:\\\/\\\/www.info-algerie.com\\\/actualites\\\/education-allegement-du-poids-du-cartable-pour-les-eleves-du-primaire\\\/#breadcrumb\"},\"inLanguage\":\"fr-FR\",\"potentialAction\":[{\"@type\":\"ReadAction\",\"target\":[\"https:\\\/\\\/www.info-algerie.com\\\/actualites\\\/education-allegement-du-poids-du-cartable-pour-les-eleves-du-primaire\\\/\"]}]},{\"@type\":\"ImageObject\",\"inLanguage\":\"fr-FR\",\"@id\":\"https:\\\/\\\/www.info-algerie.com\\\/actualites\\\/education-allegement-du-poids-du-cartable-pour-les-eleves-du-primaire\\\/#primaryimage\",\"url\":\"https:\\\/\\\/www.info-algerie.com\\\/actualites\\\/wp-content\\\/uploads\\\/2018\\\/09\\\/3ec75d850a159d7d02622d949cebf87d_S-1.jpg\",\"contentUrl\":\"https:\\\/\\\/www.info-algerie.com\\\/actualites\\\/wp-content\\\/uploads\\\/2018\\\/09\\\/3ec75d850a159d7d02622d949cebf87d_S-1.jpg\",\"width\":280,\"height\":169},{\"@type\":\"BreadcrumbList\",\"@id\":\"https:\\\/\\\/www.info-algerie.com\\\/actualites\\\/education-allegement-du-poids-du-cartable-pour-les-eleves-du-primaire\\\/#breadcrumb\",\"itemListElement\":[{\"@type\":\"ListItem\",\"position\":1,\"name\":\"Accueil\",\"item\":\"https:\\\/\\\/www.info-algerie.com\\\/actualites\\\/\"},{\"@type\":\"ListItem\",\"position\":2,\"name\":\"Education : all\u00e8gement du poids du cartable pour les \u00e9l\u00e8ves du primaire\"}]},{\"@type\":\"WebSite\",\"@id\":\"https:\\\/\\\/www.info-algerie.com\\\/actualites\\\/#website\",\"url\":\"https:\\\/\\\/www.info-algerie.com\\\/actualites\\\/\",\"name\":\"info algerie\",\"description\":\"Toutes les actualit\u00e9s\",\"publisher\":{\"@id\":\"https:\\\/\\\/www.info-algerie.com\\\/actualites\\\/#organization\"},\"potentialAction\":[{\"@type\":\"SearchAction\",\"target\":{\"@type\":\"EntryPoint\",\"urlTemplate\":\"https:\\\/\\\/www.info-algerie.com\\\/actualites\\\/?s={search_term_string}\"},\"query-input\":{\"@type\":\"PropertyValueSpecification\",\"valueRequired\":true,\"valueName\":\"search_term_string\"}}],\"inLanguage\":\"fr-FR\"},{\"@type\":\"Organization\",\"@id\":\"https:\\\/\\\/www.info-algerie.com\\\/actualites\\\/#organization\",\"name\":\"info algerie\",\"url\":\"https:\\\/\\\/www.info-algerie.com\\\/actualites\\\/\",\"logo\":{\"@type\":\"ImageObject\",\"inLanguage\":\"fr-FR\",\"@id\":\"https:\\\/\\\/www.info-algerie.com\\\/actualites\\\/#\\\/schema\\\/logo\\\/image\\\/\",\"url\":\"https:\\\/\\\/www.info-algerie.com\\\/actualites\\\/wp-content\\\/uploads\\\/2022\\\/07\\\/logo-ia-120.png\",\"contentUrl\":\"https:\\\/\\\/www.info-algerie.com\\\/actualites\\\/wp-content\\\/uploads\\\/2022\\\/07\\\/logo-ia-120.png\",\"width\":120,\"height\":43,\"caption\":\"info algerie\"},\"image\":{\"@id\":\"https:\\\/\\\/www.info-algerie.com\\\/actualites\\\/#\\\/schema\\\/logo\\\/image\\\/\"},\"sameAs\":[\"https:\\\/\\\/www.facebook.com\\\/infoalgerieactu\",\"https:\\\/\\\/x.com\\\/infoalgerie1\"]},{\"@type\":\"Person\",\"@id\":\"https:\\\/\\\/www.info-algerie.com\\\/actualites\\\/#\\\/schema\\\/person\\\/847aaec44920825b843a08f30ec6aa1e\",\"name\":\"La r\u00e9daction\",\"image\":{\"@type\":\"ImageObject\",\"inLanguage\":\"fr-FR\",\"@id\":\"https:\\\/\\\/secure.gravatar.com\\\/avatar\\\/769db425c6f465158149f1ffd6cf61ce7a8a879d11dfbef8288af36dfddd418c?s=96&d=mm&r=g\",\"url\":\"https:\\\/\\\/secure.gravatar.com\\\/avatar\\\/769db425c6f465158149f1ffd6cf61ce7a8a879d11dfbef8288af36dfddd418c?s=96&d=mm&r=g\",\"contentUrl\":\"https:\\\/\\\/secure.gravatar.com\\\/avatar\\\/769db425c6f465158149f1ffd6cf61ce7a8a879d11dfbef8288af36dfddd418c?s=96&d=mm&r=g\",\"caption\":\"La r\u00e9daction\"},\"sameAs\":[\"http:\\\/\\\/www.lkeria.com\\\/\"],\"url\":\"https:\\\/\\\/www.info-algerie.com\\\/actualites\\\/author\\\/chakib32\\\/\"}]}<\/script>\n<!-- \/ Yoast SEO plugin. -->","yoast_head_json":{"title":"Education : all\u00e8gement du poids du cartable pour les \u00e9l\u00e8ves du primaire - info algerie","robots":{"index":"index","follow":"follow","max-snippet":"max-snippet:-1","max-image-preview":"max-image-preview:large","max-video-preview":"max-video-preview:-1"},"canonical":"https:\/\/www.info-algerie.com\/actualites\/education-allegement-du-poids-du-cartable-pour-les-eleves-du-primaire\/","og_locale":"fr_FR","og_type":"article","og_title":"Education : all\u00e8gement du poids du cartable pour les \u00e9l\u00e8ves du primaire - info algerie","og_description":"ALGER- La ministre de l&rsquo;Education nationale, Nouria Benghabrit, a indiqu\u00e9 dimanche que le poids du cartable sera all\u00e9g\u00e9 pour les \u00e9l\u00e8ves du cycle primaire et ce, pour contribuer \u00e0 prot\u00e9ger leur sant\u00e9. &#013; &#013; \u00ab\u00a0Le minist\u00e8re a promulgu\u00e9 une circulaire concernant les trois cycles (primaire, moyen et secondaire) portant all\u00e8gement du poids du cartable ainsi","og_url":"https:\/\/www.info-algerie.com\/actualites\/education-allegement-du-poids-du-cartable-pour-les-eleves-du-primaire\/","og_site_name":"info algerie","article_publisher":"https:\/\/www.facebook.com\/infoalgerieactu","article_published_time":"2018-09-02T14:57:04+00:00","og_image":[{"width":280,"height":169,"url":"https:\/\/www.info-algerie.com\/actualites\/wp-content\/uploads\/2018\/09\/3ec75d850a159d7d02622d949cebf87d_S-1.jpg","type":"image\/jpeg"}],"author":"La r\u00e9daction","twitter_misc":{"\u00c9crit par":"La r\u00e9daction","Dur\u00e9e de lecture estim\u00e9e":"2 minutes"},"schema":{"@context":"https:\/\/schema.org","@graph":[{"@type":"Article","@id":"https:\/\/www.info-algerie.com\/actualites\/education-allegement-du-poids-du-cartable-pour-les-eleves-du-primaire\/#article","isPartOf":{"@id":"https:\/\/www.info-algerie.com\/actualites\/education-allegement-du-poids-du-cartable-pour-les-eleves-du-primaire\/"},"author":{"name":"La r\u00e9daction","@id":"https:\/\/www.info-algerie.com\/actualites\/#\/schema\/person\/847aaec44920825b843a08f30ec6aa1e"},"headline":"Education : all\u00e8gement du poids du cartable pour les \u00e9l\u00e8ves du primaire","datePublished":"2018-09-02T14:57:04+00:00","mainEntityOfPage":{"@id":"https:\/\/www.info-algerie.com\/actualites\/education-allegement-du-poids-du-cartable-pour-les-eleves-du-primaire\/"},"wordCount":451,"commentCount":0,"publisher":{"@id":"https:\/\/www.info-algerie.com\/actualites\/#organization"},"image":{"@id":"https:\/\/www.info-algerie.com\/actualites\/education-allegement-du-poids-du-cartable-pour-les-eleves-du-primaire\/#primaryimage"},"thumbnailUrl":"https:\/\/www.info-algerie.com\/actualites\/wp-content\/uploads\/2018\/09\/3ec75d850a159d7d02622d949cebf87d_S-1.jpg","keywords":["ONU"],"articleSection":["infos"],"inLanguage":"fr-FR","potentialAction":[{"@type":"CommentAction","name":"Comment","target":["https:\/\/www.info-algerie.com\/actualites\/education-allegement-du-poids-du-cartable-pour-les-eleves-du-primaire\/#respond"]}]},{"@type":"WebPage","@id":"https:\/\/www.info-algerie.com\/actualites\/education-allegement-du-poids-du-cartable-pour-les-eleves-du-primaire\/","url":"https:\/\/www.info-algerie.com\/actualites\/education-allegement-du-poids-du-cartable-pour-les-eleves-du-primaire\/","name":"Education : all\u00e8gement du poids du cartable pour les \u00e9l\u00e8ves du primaire - info algerie","isPartOf":{"@id":"https:\/\/www.info-algerie.com\/actualites\/#website"},"primaryImageOfPage":{"@id":"https:\/\/www.info-algerie.com\/actualites\/education-allegement-du-poids-du-cartable-pour-les-eleves-du-primaire\/#primaryimage"},"image":{"@id":"https:\/\/www.info-algerie.com\/actualites\/education-allegement-du-poids-du-cartable-pour-les-eleves-du-primaire\/#primaryimage"},"thumbnailUrl":"https:\/\/www.info-algerie.com\/actualites\/wp-content\/uploads\/2018\/09\/3ec75d850a159d7d02622d949cebf87d_S-1.jpg","datePublished":"2018-09-02T14:57:04+00:00","breadcrumb":{"@id":"https:\/\/www.info-algerie.com\/actualites\/education-allegement-du-poids-du-cartable-pour-les-eleves-du-primaire\/#breadcrumb"},"inLanguage":"fr-FR","potentialAction":[{"@type":"ReadAction","target":["https:\/\/www.info-algerie.com\/actualites\/education-allegement-du-poids-du-cartable-pour-les-eleves-du-primaire\/"]}]},{"@type":"ImageObject","inLanguage":"fr-FR","@id":"https:\/\/www.info-algerie.com\/actualites\/education-allegement-du-poids-du-cartable-pour-les-eleves-du-primaire\/#primaryimage","url":"https:\/\/www.info-algerie.com\/actualites\/wp-content\/uploads\/2018\/09\/3ec75d850a159d7d02622d949cebf87d_S-1.jpg","contentUrl":"https:\/\/www.info-algerie.com\/actualites\/wp-content\/uploads\/2018\/09\/3ec75d850a159d7d02622d949cebf87d_S-1.jpg","width":280,"height":169},{"@type":"BreadcrumbList","@id":"https:\/\/www.info-algerie.com\/actualites\/education-allegement-du-poids-du-cartable-pour-les-eleves-du-primaire\/#breadcrumb","itemListElement":[{"@type":"ListItem","position":1,"name":"Accueil","item":"https:\/\/www.info-algerie.com\/actualites\/"},{"@type":"ListItem","position":2,"name":"Education : all\u00e8gement du poids du cartable pour les \u00e9l\u00e8ves du primaire"}]},{"@type":"WebSite","@id":"https:\/\/www.info-algerie.com\/actualites\/#website","url":"https:\/\/www.info-algerie.com\/actualites\/","name":"info algerie","description":"Toutes les actualit\u00e9s","publisher":{"@id":"https:\/\/www.info-algerie.com\/actualites\/#organization"},"potentialAction":[{"@type":"SearchAction","target":{"@type":"EntryPoint","urlTemplate":"https:\/\/www.info-algerie.com\/actualites\/?s={search_term_string}"},"query-input":{"@type":"PropertyValueSpecification","valueRequired":true,"valueName":"search_term_string"}}],"inLanguage":"fr-FR"},{"@type":"Organization","@id":"https:\/\/www.info-algerie.com\/actualites\/#organization","name":"info algerie","url":"https:\/\/www.info-algerie.com\/actualites\/","logo":{"@type":"ImageObject","inLanguage":"fr-FR","@id":"https:\/\/www.info-algerie.com\/actualites\/#\/schema\/logo\/image\/","url":"https:\/\/www.info-algerie.com\/actualites\/wp-content\/uploads\/2022\/07\/logo-ia-120.png","contentUrl":"https:\/\/www.info-algerie.com\/actualites\/wp-content\/uploads\/2022\/07\/logo-ia-120.png","width":120,"height":43,"caption":"info algerie"},"image":{"@id":"https:\/\/www.info-algerie.com\/actualites\/#\/schema\/logo\/image\/"},"sameAs":["https:\/\/www.facebook.com\/infoalgerieactu","https:\/\/x.com\/infoalgerie1"]},{"@type":"Person","@id":"https:\/\/www.info-algerie.com\/actualites\/#\/schema\/person\/847aaec44920825b843a08f30ec6aa1e","name":"La r\u00e9daction","image":{"@type":"ImageObject","inLanguage":"fr-FR","@id":"https:\/\/secure.gravatar.com\/avatar\/769db425c6f465158149f1ffd6cf61ce7a8a879d11dfbef8288af36dfddd418c?s=96&d=mm&r=g","url":"https:\/\/secure.gravatar.com\/avatar\/769db425c6f465158149f1ffd6cf61ce7a8a879d11dfbef8288af36dfddd418c?s=96&d=mm&r=g","contentUrl":"https:\/\/secure.gravatar.com\/avatar\/769db425c6f465158149f1ffd6cf61ce7a8a879d11dfbef8288af36dfddd418c?s=96&d=mm&r=g","caption":"La r\u00e9daction"},"sameAs":["http:\/\/www.lkeria.com\/"],"url":"https:\/\/www.info-algerie.com\/actualites\/author\/chakib32\/"}]}},"_links":{"self":[{"href":"https:\/\/www.info-algerie.com\/actualites\/wp-json\/wp\/v2\/posts\/26743","targetHints":{"allow":["GET"]}}],"collection":[{"href":"https:\/\/www.info-algerie.com\/actualites\/wp-json\/wp\/v2\/posts"}],"about":[{"href":"https:\/\/www.info-algerie.com\/actualites\/wp-json\/wp\/v2\/types\/post"}],"author":[{"embeddable":true,"href":"https:\/\/www.info-algerie.com\/actualites\/wp-json\/wp\/v2\/users\/6"}],"replies":[{"embeddable":true,"href":"https:\/\/www.info-algerie.com\/actualites\/wp-json\/wp\/v2\/comments?post=26743"}],"version-history":[{"count":0,"href":"https:\/\/www.info-algerie.com\/actualites\/wp-json\/wp\/v2\/posts\/26743\/revisions"}],"wp:featuredmedia":[{"embeddable":true,"href":"https:\/\/www.info-algerie.com\/actualites\/wp-json\/wp\/v2\/media\/26744"}],"wp:attachment":[{"href":"https:\/\/www.info-algerie.com\/actualites\/wp-json\/wp\/v2\/media?parent=26743"}],"wp:term":[{"taxonomy":"category","embeddable":true,"href":"https:\/\/www.info-algerie.com\/actualites\/wp-json\/wp\/v2\/categories?post=26743"},{"taxonomy":"post_tag","embeddable":true,"href":"https:\/\/www.info-algerie.com\/actualites\/wp-json\/wp\/v2\/tags?post=26743"}],"curies":[{"name":"wp","href":"https:\/\/api.w.org\/{rel}","templated":true}]}}