{"id":26745,"date":"2018-09-02T18:12:18","date_gmt":"2018-09-02T17:12:18","guid":{"rendered":"https:\/\/www.info-algerie.com\/actualites\/les-medecins-residents-organisent-un-sit-in-devant-le-siege-du-ministere-de-la-sante\/"},"modified":"2022-03-14T13:41:09","modified_gmt":"2022-03-14T12:41:09","slug":"les-medecins-residents-organisent-un-sit-in-devant-le-siege-du-ministere-de-la-sante","status":"publish","type":"post","link":"https:\/\/www.info-algerie.com\/actualites\/les-medecins-residents-organisent-un-sit-in-devant-le-siege-du-ministere-de-la-sante\/","title":{"rendered":"Les m\u00e9decins r\u00e9sidents organisent un sit-in"},"content":{"rendered":"\n<p><strong>Les repr\u00e9sentants du Collectif autonome des m\u00e9decins r\u00e9sidents alg\u00e9riens (CAMRA) ont organis\u00e9, dimanche, un sit-in devant le si\u00e8ge du minist\u00e8re de la Sant\u00e9, de la Population et de la R\u00e9forme hospitali\u00e8re, pour revendiquer l&rsquo;ouverture des portes du dialogue avec la tutelle au sujet de l&rsquo;application de ce qui a \u00e9t\u00e9 convenu et consign\u00e9, en avril dernier, dans le proc\u00e8s-verbal (PV) de r\u00e9union entre les deux parties.<\/strong><\/p>\n\n\n\n<p>A cet \u00e9gard, Meriem Hadjeb, membre du CAMRA, a pr\u00e9cis\u00e9 que cette action intervenait pour revendiquer une rencontre avec l&rsquo;Inspecteur g\u00e9n\u00e9ral du minist\u00e8re, en sa qualit\u00e9 de charg\u00e9 du suivi du dossier des m\u00e9decins r\u00e9sidents, la reprise du dialogue avec le minist\u00e8re de tutelle, ainsi que l&rsquo;application de ce qui avait \u00e9t\u00e9 convenu.<\/p>\n\n\n\n<p>Soulignant l&rsquo;urgence de \u00ab\u00a0traiter certains probl\u00e8mes, tels que ceux li\u00e9s aux pressions auxquelles sont expos\u00e9s certains m\u00e9decins r\u00e9sidents apr\u00e8s la reprise de leur service et l&rsquo;\u00e9chec d&rsquo;un grand nombre de ces m\u00e9decins aux \u00e9preuves DEMS, elle a appel\u00e9 \u00e0 l\u2019organisation d&rsquo;une session de rattrape, \u00e0 ce propos.<\/p>\n\n\n\n<p>Lors de son dernier communiqu\u00e9, le CAMRA avait exprim\u00e9 son m\u00e9contentement quant \u00e0 la mani\u00e8re dont les examens du DEMS s&rsquo;\u00e9taient d\u00e9roul\u00e9s, appelant le MESRS \u00e0 \u00ab\u00a0bien r\u00e9fl\u00e9chir \u00e0 cette question loin de toues autres consid\u00e9rations\u00a0\u00bb.<\/p>\n\n\n\n<p>Le CAMRA et le minist\u00e8re ont convenu, selon le proc\u00e8s verbal de la r\u00e9union, de la modulation du service civil, \u00e0 savoir trois \u00e0 quatre ans pour les r\u00e9gions du Nord et 1 \u00e0 2 ans pour les Hauts plateaux et le Sud.<\/p>\n\n\n\n<p>Ils s&rsquo;\u00e9taient mis d&rsquo;accord \u00e9galement sur la disponibilit\u00e9 d&rsquo;un logement individuel, \u00e9quip\u00e9, adapt\u00e9 et d\u00e9cent comme pr\u00e9alable \u00e0 toute affectation dans le cadre du service civil pour les wilayas du Sud et des Hauts plateaux et les villes situ\u00e9es dans un rayon de 100 km au plus du domicile du m\u00e9decin concern\u00e9. Cependant, en cas d&rsquo;indisponibilit\u00e9 du logement, le chef d&rsquo;\u00e9tablissement est dans l&rsquo;obligation de recourir \u00e0 une location.<\/p>\n\n\n\n<p>Le PV \u00e9voquait \u00e9galement la prime mensuelle du service civil et le regroupement familial \u00e0 tous les couples appartenant au secteur, outre la garantie de plateaux techniques permettant au m\u00e9decin d&rsquo;exercer ses fonctions dans les meilleures conditions.<\/p>\n\n\n\n<p>A rappeler que les m\u00e9decins r\u00e9sidents avaient repris leurs activit\u00e9s p\u00e9dagogiques et hospitali\u00e8res le 24 juin 2018, apr\u00e8s 8 mois de gr\u00e8ve.<\/p>\n\n\n\n<p><br>Source: <a href=\"http:\/\/www.aps.dz\/algerie\/78079-les-medecins-residents-organisent-un-sit-in-devant-le-siege-du-ministere-de-la-sante\" target=\"_blank\" rel=\"noopener\">Les m\u00e9decins r\u00e9sidents organisent un sit-in devant le si\u00e8ge du minist\u00e8re de la Sant\u00e9<\/a><\/p>\n<!--CusAds0-->\n<div style=\"font-size: 0px; height: 0px; line-height: 0px; margin: 0; padding: 0; clear: both;\"><\/div>","protected":false},"excerpt":{"rendered":"<p>Les repr\u00e9sentants du Collectif autonome des m\u00e9decins r\u00e9sidents alg\u00e9riens (CAMRA) ont organis\u00e9, dimanche, un sit-in devant le si\u00e8ge du minist\u00e8re de la Sant\u00e9, de la Population et de la R\u00e9forme hospitali\u00e8re, pour revendiquer l&rsquo;ouverture des portes du dialogue avec la tutelle au sujet de l&rsquo;application de ce qui a \u00e9t\u00e9 convenu et consign\u00e9, en avril<\/p>\n","protected":false},"author":6,"featured_media":27217,"comment_status":"open","ping_status":"open","sticky":false,"template":"","format":"standard","meta":{"footnotes":""},"categories":[22],"tags":[38,281,282],"class_list":["post-26745","post","type-post","status-publish","format-standard","has-post-thumbnail","hentry","category-infos","tag-alger","tag-medecins-residents","tag-sitin"],"yoast_head":"<!-- This site is optimized with the Yoast SEO plugin v27.5 - https:\/\/yoast.com\/product\/yoast-seo-wordpress\/ -->\n<title>Les m\u00e9decins r\u00e9sidents organisent un sit-in<\/title>\n<meta name=\"description\" content=\"Les repr\u00e9sentants des m\u00e9decins r\u00e9sidents alg\u00e9riens (CAMRA) ont organis\u00e9, dimanche, un sit-in devant le si\u00e8ge du minist\u00e8re de la Sant\u00e9\" \/>\n<meta name=\"robots\" content=\"index, follow, max-snippet:-1, max-image-preview:large, max-video-preview:-1\" \/>\n<link rel=\"canonical\" href=\"https:\/\/www.info-algerie.com\/actualites\/les-medecins-residents-organisent-un-sit-in-devant-le-siege-du-ministere-de-la-sante\/\" \/>\n<meta property=\"og:locale\" content=\"fr_FR\" \/>\n<meta property=\"og:type\" content=\"article\" \/>\n<meta property=\"og:title\" content=\"Les m\u00e9decins r\u00e9sidents organisent un sit-in\" \/>\n<meta property=\"og:description\" content=\"Les repr\u00e9sentants des m\u00e9decins r\u00e9sidents alg\u00e9riens (CAMRA) ont organis\u00e9, dimanche, un sit-in devant le si\u00e8ge du minist\u00e8re de la Sant\u00e9\" \/>\n<meta property=\"og:url\" content=\"https:\/\/www.info-algerie.com\/actualites\/les-medecins-residents-organisent-un-sit-in-devant-le-siege-du-ministere-de-la-sante\/\" \/>\n<meta property=\"og:site_name\" content=\"info algerie\" \/>\n<meta property=\"article:publisher\" content=\"https:\/\/www.facebook.com\/infoalgerieactu\" \/>\n<meta property=\"article:published_time\" content=\"2018-09-02T17:12:18+00:00\" \/>\n<meta property=\"article:modified_time\" content=\"2022-03-14T12:41:09+00:00\" \/>\n<meta property=\"og:image\" content=\"https:\/\/www.info-algerie.com\/actualites\/wp-content\/uploads\/2018\/09\/sit-in-medecins-residents-alger.jpg\" \/>\n\t<meta property=\"og:image:width\" content=\"620\" \/>\n\t<meta property=\"og:image:height\" content=\"413\" \/>\n\t<meta property=\"og:image:type\" content=\"image\/jpeg\" \/>\n<meta name=\"author\" content=\"La r\u00e9daction\" \/>\n<meta name=\"twitter:label1\" content=\"\u00c9crit par\" \/>\n\t<meta name=\"twitter:data1\" content=\"La r\u00e9daction\" \/>\n\t<meta name=\"twitter:label2\" content=\"Dur\u00e9e de lecture estim\u00e9e\" \/>\n\t<meta name=\"twitter:data2\" content=\"2 minutes\" \/>\n<script type=\"application\/ld+json\" class=\"yoast-schema-graph\">{\"@context\":\"https:\\\/\\\/schema.org\",\"@graph\":[{\"@type\":\"Article\",\"@id\":\"https:\\\/\\\/www.info-algerie.com\\\/actualites\\\/les-medecins-residents-organisent-un-sit-in-devant-le-siege-du-ministere-de-la-sante\\\/#article\",\"isPartOf\":{\"@id\":\"https:\\\/\\\/www.info-algerie.com\\\/actualites\\\/les-medecins-residents-organisent-un-sit-in-devant-le-siege-du-ministere-de-la-sante\\\/\"},\"author\":{\"name\":\"La r\u00e9daction\",\"@id\":\"https:\\\/\\\/www.info-algerie.com\\\/actualites\\\/#\\\/schema\\\/person\\\/847aaec44920825b843a08f30ec6aa1e\"},\"headline\":\"Les m\u00e9decins r\u00e9sidents organisent un sit-in\",\"datePublished\":\"2018-09-02T17:12:18+00:00\",\"dateModified\":\"2022-03-14T12:41:09+00:00\",\"mainEntityOfPage\":{\"@id\":\"https:\\\/\\\/www.info-algerie.com\\\/actualites\\\/les-medecins-residents-organisent-un-sit-in-devant-le-siege-du-ministere-de-la-sante\\\/\"},\"wordCount\":447,\"commentCount\":0,\"publisher\":{\"@id\":\"https:\\\/\\\/www.info-algerie.com\\\/actualites\\\/#organization\"},\"image\":{\"@id\":\"https:\\\/\\\/www.info-algerie.com\\\/actualites\\\/les-medecins-residents-organisent-un-sit-in-devant-le-siege-du-ministere-de-la-sante\\\/#primaryimage\"},\"thumbnailUrl\":\"https:\\\/\\\/www.info-algerie.com\\\/actualites\\\/wp-content\\\/uploads\\\/2018\\\/09\\\/sit-in-medecins-residents-alger.jpg\",\"keywords\":[\"alger\",\"medecins r\u00e9sidents\",\"sitin\"],\"articleSection\":[\"infos\"],\"inLanguage\":\"fr-FR\",\"potentialAction\":[{\"@type\":\"CommentAction\",\"name\":\"Comment\",\"target\":[\"https:\\\/\\\/www.info-algerie.com\\\/actualites\\\/les-medecins-residents-organisent-un-sit-in-devant-le-siege-du-ministere-de-la-sante\\\/#respond\"]}]},{\"@type\":\"WebPage\",\"@id\":\"https:\\\/\\\/www.info-algerie.com\\\/actualites\\\/les-medecins-residents-organisent-un-sit-in-devant-le-siege-du-ministere-de-la-sante\\\/\",\"url\":\"https:\\\/\\\/www.info-algerie.com\\\/actualites\\\/les-medecins-residents-organisent-un-sit-in-devant-le-siege-du-ministere-de-la-sante\\\/\",\"name\":\"Les m\u00e9decins r\u00e9sidents organisent un sit-in\",\"isPartOf\":{\"@id\":\"https:\\\/\\\/www.info-algerie.com\\\/actualites\\\/#website\"},\"primaryImageOfPage\":{\"@id\":\"https:\\\/\\\/www.info-algerie.com\\\/actualites\\\/les-medecins-residents-organisent-un-sit-in-devant-le-siege-du-ministere-de-la-sante\\\/#primaryimage\"},\"image\":{\"@id\":\"https:\\\/\\\/www.info-algerie.com\\\/actualites\\\/les-medecins-residents-organisent-un-sit-in-devant-le-siege-du-ministere-de-la-sante\\\/#primaryimage\"},\"thumbnailUrl\":\"https:\\\/\\\/www.info-algerie.com\\\/actualites\\\/wp-content\\\/uploads\\\/2018\\\/09\\\/sit-in-medecins-residents-alger.jpg\",\"datePublished\":\"2018-09-02T17:12:18+00:00\",\"dateModified\":\"2022-03-14T12:41:09+00:00\",\"description\":\"Les repr\u00e9sentants des m\u00e9decins r\u00e9sidents alg\u00e9riens (CAMRA) ont organis\u00e9, dimanche, un sit-in devant le si\u00e8ge du minist\u00e8re de la Sant\u00e9\",\"breadcrumb\":{\"@id\":\"https:\\\/\\\/www.info-algerie.com\\\/actualites\\\/les-medecins-residents-organisent-un-sit-in-devant-le-siege-du-ministere-de-la-sante\\\/#breadcrumb\"},\"inLanguage\":\"fr-FR\",\"potentialAction\":[{\"@type\":\"ReadAction\",\"target\":[\"https:\\\/\\\/www.info-algerie.com\\\/actualites\\\/les-medecins-residents-organisent-un-sit-in-devant-le-siege-du-ministere-de-la-sante\\\/\"]}]},{\"@type\":\"ImageObject\",\"inLanguage\":\"fr-FR\",\"@id\":\"https:\\\/\\\/www.info-algerie.com\\\/actualites\\\/les-medecins-residents-organisent-un-sit-in-devant-le-siege-du-ministere-de-la-sante\\\/#primaryimage\",\"url\":\"https:\\\/\\\/www.info-algerie.com\\\/actualites\\\/wp-content\\\/uploads\\\/2018\\\/09\\\/sit-in-medecins-residents-alger.jpg\",\"contentUrl\":\"https:\\\/\\\/www.info-algerie.com\\\/actualites\\\/wp-content\\\/uploads\\\/2018\\\/09\\\/sit-in-medecins-residents-alger.jpg\",\"width\":620,\"height\":413,\"caption\":\"sit-in medecins residents alger\"},{\"@type\":\"BreadcrumbList\",\"@id\":\"https:\\\/\\\/www.info-algerie.com\\\/actualites\\\/les-medecins-residents-organisent-un-sit-in-devant-le-siege-du-ministere-de-la-sante\\\/#breadcrumb\",\"itemListElement\":[{\"@type\":\"ListItem\",\"position\":1,\"name\":\"Accueil\",\"item\":\"https:\\\/\\\/www.info-algerie.com\\\/actualites\\\/\"},{\"@type\":\"ListItem\",\"position\":2,\"name\":\"Les m\u00e9decins r\u00e9sidents organisent un sit-in\"}]},{\"@type\":\"WebSite\",\"@id\":\"https:\\\/\\\/www.info-algerie.com\\\/actualites\\\/#website\",\"url\":\"https:\\\/\\\/www.info-algerie.com\\\/actualites\\\/\",\"name\":\"info algerie\",\"description\":\"Toutes les actualit\u00e9s\",\"publisher\":{\"@id\":\"https:\\\/\\\/www.info-algerie.com\\\/actualites\\\/#organization\"},\"potentialAction\":[{\"@type\":\"SearchAction\",\"target\":{\"@type\":\"EntryPoint\",\"urlTemplate\":\"https:\\\/\\\/www.info-algerie.com\\\/actualites\\\/?s={search_term_string}\"},\"query-input\":{\"@type\":\"PropertyValueSpecification\",\"valueRequired\":true,\"valueName\":\"search_term_string\"}}],\"inLanguage\":\"fr-FR\"},{\"@type\":\"Organization\",\"@id\":\"https:\\\/\\\/www.info-algerie.com\\\/actualites\\\/#organization\",\"name\":\"info algerie\",\"url\":\"https:\\\/\\\/www.info-algerie.com\\\/actualites\\\/\",\"logo\":{\"@type\":\"ImageObject\",\"inLanguage\":\"fr-FR\",\"@id\":\"https:\\\/\\\/www.info-algerie.com\\\/actualites\\\/#\\\/schema\\\/logo\\\/image\\\/\",\"url\":\"https:\\\/\\\/www.info-algerie.com\\\/actualites\\\/wp-content\\\/uploads\\\/2022\\\/07\\\/logo-ia-120.png\",\"contentUrl\":\"https:\\\/\\\/www.info-algerie.com\\\/actualites\\\/wp-content\\\/uploads\\\/2022\\\/07\\\/logo-ia-120.png\",\"width\":120,\"height\":43,\"caption\":\"info algerie\"},\"image\":{\"@id\":\"https:\\\/\\\/www.info-algerie.com\\\/actualites\\\/#\\\/schema\\\/logo\\\/image\\\/\"},\"sameAs\":[\"https:\\\/\\\/www.facebook.com\\\/infoalgerieactu\",\"https:\\\/\\\/x.com\\\/infoalgerie1\"]},{\"@type\":\"Person\",\"@id\":\"https:\\\/\\\/www.info-algerie.com\\\/actualites\\\/#\\\/schema\\\/person\\\/847aaec44920825b843a08f30ec6aa1e\",\"name\":\"La r\u00e9daction\",\"image\":{\"@type\":\"ImageObject\",\"inLanguage\":\"fr-FR\",\"@id\":\"https:\\\/\\\/secure.gravatar.com\\\/avatar\\\/769db425c6f465158149f1ffd6cf61ce7a8a879d11dfbef8288af36dfddd418c?s=96&d=mm&r=g\",\"url\":\"https:\\\/\\\/secure.gravatar.com\\\/avatar\\\/769db425c6f465158149f1ffd6cf61ce7a8a879d11dfbef8288af36dfddd418c?s=96&d=mm&r=g\",\"contentUrl\":\"https:\\\/\\\/secure.gravatar.com\\\/avatar\\\/769db425c6f465158149f1ffd6cf61ce7a8a879d11dfbef8288af36dfddd418c?s=96&d=mm&r=g\",\"caption\":\"La r\u00e9daction\"},\"sameAs\":[\"http:\\\/\\\/www.lkeria.com\\\/\"],\"url\":\"https:\\\/\\\/www.info-algerie.com\\\/actualites\\\/author\\\/chakib32\\\/\"}]}<\/script>\n<!-- \/ Yoast SEO plugin. -->","yoast_head_json":{"title":"Les m\u00e9decins r\u00e9sidents organisent un sit-in","description":"Les repr\u00e9sentants des m\u00e9decins r\u00e9sidents alg\u00e9riens (CAMRA) ont organis\u00e9, dimanche, un sit-in devant le si\u00e8ge du minist\u00e8re de la Sant\u00e9","robots":{"index":"index","follow":"follow","max-snippet":"max-snippet:-1","max-image-preview":"max-image-preview:large","max-video-preview":"max-video-preview:-1"},"canonical":"https:\/\/www.info-algerie.com\/actualites\/les-medecins-residents-organisent-un-sit-in-devant-le-siege-du-ministere-de-la-sante\/","og_locale":"fr_FR","og_type":"article","og_title":"Les m\u00e9decins r\u00e9sidents organisent un sit-in","og_description":"Les repr\u00e9sentants des m\u00e9decins r\u00e9sidents alg\u00e9riens (CAMRA) ont organis\u00e9, dimanche, un sit-in devant le si\u00e8ge du minist\u00e8re de la Sant\u00e9","og_url":"https:\/\/www.info-algerie.com\/actualites\/les-medecins-residents-organisent-un-sit-in-devant-le-siege-du-ministere-de-la-sante\/","og_site_name":"info algerie","article_publisher":"https:\/\/www.facebook.com\/infoalgerieactu","article_published_time":"2018-09-02T17:12:18+00:00","article_modified_time":"2022-03-14T12:41:09+00:00","og_image":[{"width":620,"height":413,"url":"https:\/\/www.info-algerie.com\/actualites\/wp-content\/uploads\/2018\/09\/sit-in-medecins-residents-alger.jpg","type":"image\/jpeg"}],"author":"La r\u00e9daction","twitter_misc":{"\u00c9crit par":"La r\u00e9daction","Dur\u00e9e de lecture estim\u00e9e":"2 minutes"},"schema":{"@context":"https:\/\/schema.org","@graph":[{"@type":"Article","@id":"https:\/\/www.info-algerie.com\/actualites\/les-medecins-residents-organisent-un-sit-in-devant-le-siege-du-ministere-de-la-sante\/#article","isPartOf":{"@id":"https:\/\/www.info-algerie.com\/actualites\/les-medecins-residents-organisent-un-sit-in-devant-le-siege-du-ministere-de-la-sante\/"},"author":{"name":"La r\u00e9daction","@id":"https:\/\/www.info-algerie.com\/actualites\/#\/schema\/person\/847aaec44920825b843a08f30ec6aa1e"},"headline":"Les m\u00e9decins r\u00e9sidents organisent un sit-in","datePublished":"2018-09-02T17:12:18+00:00","dateModified":"2022-03-14T12:41:09+00:00","mainEntityOfPage":{"@id":"https:\/\/www.info-algerie.com\/actualites\/les-medecins-residents-organisent-un-sit-in-devant-le-siege-du-ministere-de-la-sante\/"},"wordCount":447,"commentCount":0,"publisher":{"@id":"https:\/\/www.info-algerie.com\/actualites\/#organization"},"image":{"@id":"https:\/\/www.info-algerie.com\/actualites\/les-medecins-residents-organisent-un-sit-in-devant-le-siege-du-ministere-de-la-sante\/#primaryimage"},"thumbnailUrl":"https:\/\/www.info-algerie.com\/actualites\/wp-content\/uploads\/2018\/09\/sit-in-medecins-residents-alger.jpg","keywords":["alger","medecins r\u00e9sidents","sitin"],"articleSection":["infos"],"inLanguage":"fr-FR","potentialAction":[{"@type":"CommentAction","name":"Comment","target":["https:\/\/www.info-algerie.com\/actualites\/les-medecins-residents-organisent-un-sit-in-devant-le-siege-du-ministere-de-la-sante\/#respond"]}]},{"@type":"WebPage","@id":"https:\/\/www.info-algerie.com\/actualites\/les-medecins-residents-organisent-un-sit-in-devant-le-siege-du-ministere-de-la-sante\/","url":"https:\/\/www.info-algerie.com\/actualites\/les-medecins-residents-organisent-un-sit-in-devant-le-siege-du-ministere-de-la-sante\/","name":"Les m\u00e9decins r\u00e9sidents organisent un sit-in","isPartOf":{"@id":"https:\/\/www.info-algerie.com\/actualites\/#website"},"primaryImageOfPage":{"@id":"https:\/\/www.info-algerie.com\/actualites\/les-medecins-residents-organisent-un-sit-in-devant-le-siege-du-ministere-de-la-sante\/#primaryimage"},"image":{"@id":"https:\/\/www.info-algerie.com\/actualites\/les-medecins-residents-organisent-un-sit-in-devant-le-siege-du-ministere-de-la-sante\/#primaryimage"},"thumbnailUrl":"https:\/\/www.info-algerie.com\/actualites\/wp-content\/uploads\/2018\/09\/sit-in-medecins-residents-alger.jpg","datePublished":"2018-09-02T17:12:18+00:00","dateModified":"2022-03-14T12:41:09+00:00","description":"Les repr\u00e9sentants des m\u00e9decins r\u00e9sidents alg\u00e9riens (CAMRA) ont organis\u00e9, dimanche, un sit-in devant le si\u00e8ge du minist\u00e8re de la Sant\u00e9","breadcrumb":{"@id":"https:\/\/www.info-algerie.com\/actualites\/les-medecins-residents-organisent-un-sit-in-devant-le-siege-du-ministere-de-la-sante\/#breadcrumb"},"inLanguage":"fr-FR","potentialAction":[{"@type":"ReadAction","target":["https:\/\/www.info-algerie.com\/actualites\/les-medecins-residents-organisent-un-sit-in-devant-le-siege-du-ministere-de-la-sante\/"]}]},{"@type":"ImageObject","inLanguage":"fr-FR","@id":"https:\/\/www.info-algerie.com\/actualites\/les-medecins-residents-organisent-un-sit-in-devant-le-siege-du-ministere-de-la-sante\/#primaryimage","url":"https:\/\/www.info-algerie.com\/actualites\/wp-content\/uploads\/2018\/09\/sit-in-medecins-residents-alger.jpg","contentUrl":"https:\/\/www.info-algerie.com\/actualites\/wp-content\/uploads\/2018\/09\/sit-in-medecins-residents-alger.jpg","width":620,"height":413,"caption":"sit-in medecins residents alger"},{"@type":"BreadcrumbList","@id":"https:\/\/www.info-algerie.com\/actualites\/les-medecins-residents-organisent-un-sit-in-devant-le-siege-du-ministere-de-la-sante\/#breadcrumb","itemListElement":[{"@type":"ListItem","position":1,"name":"Accueil","item":"https:\/\/www.info-algerie.com\/actualites\/"},{"@type":"ListItem","position":2,"name":"Les m\u00e9decins r\u00e9sidents organisent un sit-in"}]},{"@type":"WebSite","@id":"https:\/\/www.info-algerie.com\/actualites\/#website","url":"https:\/\/www.info-algerie.com\/actualites\/","name":"info algerie","description":"Toutes les actualit\u00e9s","publisher":{"@id":"https:\/\/www.info-algerie.com\/actualites\/#organization"},"potentialAction":[{"@type":"SearchAction","target":{"@type":"EntryPoint","urlTemplate":"https:\/\/www.info-algerie.com\/actualites\/?s={search_term_string}"},"query-input":{"@type":"PropertyValueSpecification","valueRequired":true,"valueName":"search_term_string"}}],"inLanguage":"fr-FR"},{"@type":"Organization","@id":"https:\/\/www.info-algerie.com\/actualites\/#organization","name":"info algerie","url":"https:\/\/www.info-algerie.com\/actualites\/","logo":{"@type":"ImageObject","inLanguage":"fr-FR","@id":"https:\/\/www.info-algerie.com\/actualites\/#\/schema\/logo\/image\/","url":"https:\/\/www.info-algerie.com\/actualites\/wp-content\/uploads\/2022\/07\/logo-ia-120.png","contentUrl":"https:\/\/www.info-algerie.com\/actualites\/wp-content\/uploads\/2022\/07\/logo-ia-120.png","width":120,"height":43,"caption":"info algerie"},"image":{"@id":"https:\/\/www.info-algerie.com\/actualites\/#\/schema\/logo\/image\/"},"sameAs":["https:\/\/www.facebook.com\/infoalgerieactu","https:\/\/x.com\/infoalgerie1"]},{"@type":"Person","@id":"https:\/\/www.info-algerie.com\/actualites\/#\/schema\/person\/847aaec44920825b843a08f30ec6aa1e","name":"La r\u00e9daction","image":{"@type":"ImageObject","inLanguage":"fr-FR","@id":"https:\/\/secure.gravatar.com\/avatar\/769db425c6f465158149f1ffd6cf61ce7a8a879d11dfbef8288af36dfddd418c?s=96&d=mm&r=g","url":"https:\/\/secure.gravatar.com\/avatar\/769db425c6f465158149f1ffd6cf61ce7a8a879d11dfbef8288af36dfddd418c?s=96&d=mm&r=g","contentUrl":"https:\/\/secure.gravatar.com\/avatar\/769db425c6f465158149f1ffd6cf61ce7a8a879d11dfbef8288af36dfddd418c?s=96&d=mm&r=g","caption":"La r\u00e9daction"},"sameAs":["http:\/\/www.lkeria.com\/"],"url":"https:\/\/www.info-algerie.com\/actualites\/author\/chakib32\/"}]}},"_links":{"self":[{"href":"https:\/\/www.info-algerie.com\/actualites\/wp-json\/wp\/v2\/posts\/26745","targetHints":{"allow":["GET"]}}],"collection":[{"href":"https:\/\/www.info-algerie.com\/actualites\/wp-json\/wp\/v2\/posts"}],"about":[{"href":"https:\/\/www.info-algerie.com\/actualites\/wp-json\/wp\/v2\/types\/post"}],"author":[{"embeddable":true,"href":"https:\/\/www.info-algerie.com\/actualites\/wp-json\/wp\/v2\/users\/6"}],"replies":[{"embeddable":true,"href":"https:\/\/www.info-algerie.com\/actualites\/wp-json\/wp\/v2\/comments?post=26745"}],"version-history":[{"count":1,"href":"https:\/\/www.info-algerie.com\/actualites\/wp-json\/wp\/v2\/posts\/26745\/revisions"}],"predecessor-version":[{"id":27218,"href":"https:\/\/www.info-algerie.com\/actualites\/wp-json\/wp\/v2\/posts\/26745\/revisions\/27218"}],"wp:featuredmedia":[{"embeddable":true,"href":"https:\/\/www.info-algerie.com\/actualites\/wp-json\/wp\/v2\/media\/27217"}],"wp:attachment":[{"href":"https:\/\/www.info-algerie.com\/actualites\/wp-json\/wp\/v2\/media?parent=26745"}],"wp:term":[{"taxonomy":"category","embeddable":true,"href":"https:\/\/www.info-algerie.com\/actualites\/wp-json\/wp\/v2\/categories?post=26745"},{"taxonomy":"post_tag","embeddable":true,"href":"https:\/\/www.info-algerie.com\/actualites\/wp-json\/wp\/v2\/tags?post=26745"}],"curies":[{"name":"wp","href":"https:\/\/api.w.org\/{rel}","templated":true}]}}