{"id":26750,"date":"2018-09-02T18:33:09","date_gmt":"2018-09-02T17:33:09","guid":{"rendered":"https:\/\/www.info-algerie.com\/actualites\/la-grande-mosquee-dalger-receptionnee-fin-2018-ou-debut-2019\/"},"modified":"2018-09-02T18:33:09","modified_gmt":"2018-09-02T17:33:09","slug":"la-grande-mosquee-dalger-receptionnee-fin-2018-ou-debut-2019","status":"publish","type":"post","link":"https:\/\/www.info-algerie.com\/actualites\/la-grande-mosquee-dalger-receptionnee-fin-2018-ou-debut-2019\/","title":{"rendered":"La Grande mosqu\u00e9e d&#039;Alger r\u00e9ceptionn\u00e9e fin 2018 ou d\u00e9but 2019"},"content":{"rendered":"<div class=\"K2FeedImage\"><img decoding=\"async\" src=\"https:\/\/www.info-algerie.com\/actualites\/wp-content\/uploads\/2018\/09\/07f023d5fd7d74618dbbeb54ea83d7c0_S.jpg\" alt=\"La Grande mosqu&#xE9;e d'Alger r&#xE9;ceptionn&#xE9;e fin 2018 ou d&#xE9;but 2019\" \/><\/div>\n<div class=\"K2FeedIntroText\">\n<p><strong>ALGER- Le ministre des Affaires religieuses et des Wakfs, Mohamed A\u00efssa, a indiqu\u00e9 dimanche \u00e0 Alger que la r\u00e9ception de la Grande mosqu\u00e9e d&rsquo;Alger interviendra \u00e0 la fin de l&rsquo;ann\u00e9e en cours (2018) ou \u00ab\u00a0au plus tard\u00a0\u00bb d\u00e9but 2019.<\/strong><\/p>\n<p>&#013;\n<\/p><\/div>\n<div class=\"K2FeedFullText\">&#013;<\/p>\n<p>Invit\u00e9 au Forum du quotidien \u00ab\u00a0El Moudjahid\u00a0\u00bb, le ministre a pr\u00e9cis\u00e9 que \u00ab\u00a0la r\u00e9ception de la Grande mosqu\u00e9e d&rsquo;Alger, avec toutes ses structures, interviendra fin du mois de d\u00e9cembre 2018 ou au plus tard d\u00e9but de l&rsquo;ann\u00e9e 2019\u00a0\u00bb, indiquant que \u00ab\u00a0le nom de l&rsquo;imam qui y officiera, et dont la d\u00e9signation sera par d\u00e9cret pr\u00e9sidentiel, sera annonc\u00e9 durant la c\u00e9r\u00e9monie d&rsquo;inauguration\u00a0\u00bb.<\/p>\n<p>&#013;<\/p>\n<blockquote><p>&#013;<\/p>\n<p><em><strong>Il a fait savoir en outre que le tapis de la mosqu\u00e9e \u00ab\u00a0sera de fabrication nationale et aura un cachet alg\u00e9rien\u00a0\u00bb, ajoutant, \u00e0 ce propos, que \u00ab\u00a0l&rsquo;id\u00e9e d&rsquo;un tapis de fabrication iranienne a \u00e9t\u00e9 \u00e9cart\u00e9e en raison de sa chert\u00e9 (2500 dollars le m\u00e8tre carr\u00e9)\u00a0\u00bb.<\/strong><\/em><\/p>\n<p>&#013;\n<\/p><\/blockquote>\n<p>&#013;<\/p>\n<p>Par ailleurs, le ministre a d\u00e9menti l&rsquo;implication d&rsquo;un quelconque imam dans l&rsquo;affaire dite \u00ab\u00a0de Kamel El bouchi\u00a0\u00bb, estimant que \u00ab\u00a0ce n&rsquo;est l\u00e0 que pures supputations et rumeurs sans fondement\u00a0\u00bb.<\/p>\n<p>&#013;<\/p>\n<hr \/>\n<h3>Lire aussi:\u00a0<a href=\"http:\/\/www.aps.dz\/algerie\/75139-la-grande-mosquee-d-alger-un-calendrier-mis-en-place-pour-la-reception-du-projet\">La Grande Mosqu\u00e9e d&rsquo;Alger: un calendrier pour la r\u00e9ception du projet<\/a><\/h3>\n<p>&#013;<\/p>\n<hr \/>\n<p>A\u00efssa a indiqu\u00e9, d&rsquo;autre part, qu'\u00a0\u00bbaucun Imam ne peut proc\u00e9der \u00e0 une collecte de fonds sans autorisation pr\u00e9alable du wali\u00a0\u00bb, soulignant que \u00ab\u00a0cette op\u00e9ration est r\u00e9gie depuis plusieurs ann\u00e9es par des voies l\u00e9gales et organisationnelles\u00a0\u00bb.<\/p>\n<p>&#013;<\/p>\n<p>Le Ministre a ajout\u00e9, dans ce contexte, que le Fonds de la Zakat est pass\u00e9e de \u00ab\u00a018 milliards de centimes en 2003 \u00e0 145 milliards de centimes en 2017\u00a0\u00bb.<\/p>\n<p>&#013;<\/p>\n<blockquote><p>&#013;<\/p>\n<p><em><strong>S&rsquo;agissant de l&rsquo;\u00e9mergence de certaines doctrines, \u00e9trang\u00e8res \u00e0 la soci\u00e9t\u00e9 alg\u00e9rienne, M. A\u00efssa a r\u00e9affirm\u00e9 que son d\u00e9partement \u00ab\u00a0\u0153uvrait \u00e0 la pr\u00e9munir la soci\u00e9t\u00e9 par la formation et le perfectionnement des Imams\u00a0\u00bb, soutenant, dans ce sens, que \u00ab\u00a0l\u2019Etat saura faire face, par sa l\u00e9gislation, \u00e0 toute atteinte ou tentative d&rsquo;atteinte \u00e0 la r\u00e9f\u00e9rence religieuse nationale\u00a0\u00bb.<\/strong><\/em><\/p>\n<p>&#013;\n<\/p><\/blockquote>\n<p>&#013;<\/p>\n<p>Il a ajout\u00e9, par ailleurs, que \u00ab\u00a0seuls 17% des cas d&rsquo;agression contre les Imams sont dus \u00e0 des divergences d&rsquo;ordre id\u00e9ologique et que le reste des cas est d&rsquo;ordre personnel\u00a0\u00bb.<\/p>\n<p>&#013;<\/p>\n<p>Abordant le ph\u00e9nom\u00e8ne de mendicit\u00e9, qui se propage devant les mosqu\u00e9es, le ministre des Affaires Religieuses a fait \u00e9tat d&rsquo;un chantier, en collaboration avec le minist\u00e8re de la Solidarit\u00e9 Nationale, afin de trouver un dispositif pour la prise en charge de ces individus.<\/p>\n<\/div>\n<p>&#013;<br \/>\nSource: <a href=\"http:\/\/www.aps.dz\/algerie\/78080-la-grande-mosquee-d-alger-receptionnee-fin-2018-ou-debut-2019\" target=\"_blank\">La Grande mosqu\u00e9e d&rsquo;Alger r\u00e9ceptionn\u00e9e fin 2018 ou d\u00e9but 2019<\/a><\/p>\n<!--CusAds0-->\n<div style=\"font-size: 0px; height: 0px; line-height: 0px; margin: 0; padding: 0; clear: both;\"><\/div>","protected":false},"excerpt":{"rendered":"<p>ALGER- Le ministre des Affaires religieuses et des Wakfs, Mohamed A\u00efssa, a indiqu\u00e9 dimanche \u00e0 Alger que la r\u00e9ception de la Grande mosqu\u00e9e d&rsquo;Alger interviendra \u00e0 la fin de l&rsquo;ann\u00e9e en cours (2018) ou \u00ab\u00a0au plus tard\u00a0\u00bb d\u00e9but 2019. &#013; &#013; Invit\u00e9 au Forum du quotidien \u00ab\u00a0El Moudjahid\u00a0\u00bb, le ministre a pr\u00e9cis\u00e9 que \u00ab\u00a0la r\u00e9ception<\/p>\n","protected":false},"author":6,"featured_media":26751,"comment_status":"open","ping_status":"open","sticky":false,"template":"","format":"standard","meta":{"footnotes":""},"categories":[22],"tags":[93],"class_list":["post-26750","post","type-post","status-publish","format-standard","has-post-thumbnail","hentry","category-infos","tag-onu"],"yoast_head":"<!-- This site is optimized with the Yoast SEO plugin v27.5 - https:\/\/yoast.com\/product\/yoast-seo-wordpress\/ -->\n<title>La Grande mosqu\u00e9e d&#039;Alger r\u00e9ceptionn\u00e9e fin 2018 ou d\u00e9but 2019 - info algerie<\/title>\n<meta name=\"robots\" content=\"index, follow, max-snippet:-1, max-image-preview:large, max-video-preview:-1\" \/>\n<link rel=\"canonical\" href=\"https:\/\/www.info-algerie.com\/actualites\/la-grande-mosquee-dalger-receptionnee-fin-2018-ou-debut-2019\/\" \/>\n<meta property=\"og:locale\" content=\"fr_FR\" \/>\n<meta property=\"og:type\" content=\"article\" \/>\n<meta property=\"og:title\" content=\"La Grande mosqu\u00e9e d&#039;Alger r\u00e9ceptionn\u00e9e fin 2018 ou d\u00e9but 2019 - info algerie\" \/>\n<meta property=\"og:description\" content=\"ALGER- Le ministre des Affaires religieuses et des Wakfs, Mohamed A\u00efssa, a indiqu\u00e9 dimanche \u00e0 Alger que la r\u00e9ception de la Grande mosqu\u00e9e d&rsquo;Alger interviendra \u00e0 la fin de l&rsquo;ann\u00e9e en cours (2018) ou \u00ab\u00a0au plus tard\u00a0\u00bb d\u00e9but 2019. &#013; &#013; Invit\u00e9 au Forum du quotidien \u00ab\u00a0El Moudjahid\u00a0\u00bb, le ministre a pr\u00e9cis\u00e9 que \u00ab\u00a0la r\u00e9ception\" \/>\n<meta property=\"og:url\" content=\"https:\/\/www.info-algerie.com\/actualites\/la-grande-mosquee-dalger-receptionnee-fin-2018-ou-debut-2019\/\" \/>\n<meta property=\"og:site_name\" content=\"info algerie\" \/>\n<meta property=\"article:publisher\" content=\"https:\/\/www.facebook.com\/infoalgerieactu\" \/>\n<meta property=\"article:published_time\" content=\"2018-09-02T17:33:09+00:00\" \/>\n<meta property=\"og:image\" content=\"https:\/\/www.info-algerie.com\/actualites\/wp-content\/uploads\/2018\/09\/07f023d5fd7d74618dbbeb54ea83d7c0_S-1.jpg\" \/>\n\t<meta property=\"og:image:width\" content=\"280\" \/>\n\t<meta property=\"og:image:height\" content=\"169\" \/>\n\t<meta property=\"og:image:type\" content=\"image\/jpeg\" \/>\n<meta name=\"author\" content=\"La r\u00e9daction\" \/>\n<meta name=\"twitter:label1\" content=\"\u00c9crit par\" \/>\n\t<meta name=\"twitter:data1\" content=\"La r\u00e9daction\" \/>\n\t<meta name=\"twitter:label2\" content=\"Dur\u00e9e de lecture estim\u00e9e\" \/>\n\t<meta name=\"twitter:data2\" content=\"2 minutes\" \/>\n<script type=\"application\/ld+json\" class=\"yoast-schema-graph\">{\"@context\":\"https:\\\/\\\/schema.org\",\"@graph\":[{\"@type\":\"Article\",\"@id\":\"https:\\\/\\\/www.info-algerie.com\\\/actualites\\\/la-grande-mosquee-dalger-receptionnee-fin-2018-ou-debut-2019\\\/#article\",\"isPartOf\":{\"@id\":\"https:\\\/\\\/www.info-algerie.com\\\/actualites\\\/la-grande-mosquee-dalger-receptionnee-fin-2018-ou-debut-2019\\\/\"},\"author\":{\"name\":\"La r\u00e9daction\",\"@id\":\"https:\\\/\\\/www.info-algerie.com\\\/actualites\\\/#\\\/schema\\\/person\\\/847aaec44920825b843a08f30ec6aa1e\"},\"headline\":\"La Grande mosqu\u00e9e d&#039;Alger r\u00e9ceptionn\u00e9e fin 2018 ou d\u00e9but 2019\",\"datePublished\":\"2018-09-02T17:33:09+00:00\",\"mainEntityOfPage\":{\"@id\":\"https:\\\/\\\/www.info-algerie.com\\\/actualites\\\/la-grande-mosquee-dalger-receptionnee-fin-2018-ou-debut-2019\\\/\"},\"wordCount\":457,\"commentCount\":0,\"publisher\":{\"@id\":\"https:\\\/\\\/www.info-algerie.com\\\/actualites\\\/#organization\"},\"image\":{\"@id\":\"https:\\\/\\\/www.info-algerie.com\\\/actualites\\\/la-grande-mosquee-dalger-receptionnee-fin-2018-ou-debut-2019\\\/#primaryimage\"},\"thumbnailUrl\":\"https:\\\/\\\/www.info-algerie.com\\\/actualites\\\/wp-content\\\/uploads\\\/2018\\\/09\\\/07f023d5fd7d74618dbbeb54ea83d7c0_S-1.jpg\",\"keywords\":[\"ONU\"],\"articleSection\":[\"infos\"],\"inLanguage\":\"fr-FR\",\"potentialAction\":[{\"@type\":\"CommentAction\",\"name\":\"Comment\",\"target\":[\"https:\\\/\\\/www.info-algerie.com\\\/actualites\\\/la-grande-mosquee-dalger-receptionnee-fin-2018-ou-debut-2019\\\/#respond\"]}]},{\"@type\":\"WebPage\",\"@id\":\"https:\\\/\\\/www.info-algerie.com\\\/actualites\\\/la-grande-mosquee-dalger-receptionnee-fin-2018-ou-debut-2019\\\/\",\"url\":\"https:\\\/\\\/www.info-algerie.com\\\/actualites\\\/la-grande-mosquee-dalger-receptionnee-fin-2018-ou-debut-2019\\\/\",\"name\":\"La Grande mosqu\u00e9e d&#039;Alger r\u00e9ceptionn\u00e9e fin 2018 ou d\u00e9but 2019 - info algerie\",\"isPartOf\":{\"@id\":\"https:\\\/\\\/www.info-algerie.com\\\/actualites\\\/#website\"},\"primaryImageOfPage\":{\"@id\":\"https:\\\/\\\/www.info-algerie.com\\\/actualites\\\/la-grande-mosquee-dalger-receptionnee-fin-2018-ou-debut-2019\\\/#primaryimage\"},\"image\":{\"@id\":\"https:\\\/\\\/www.info-algerie.com\\\/actualites\\\/la-grande-mosquee-dalger-receptionnee-fin-2018-ou-debut-2019\\\/#primaryimage\"},\"thumbnailUrl\":\"https:\\\/\\\/www.info-algerie.com\\\/actualites\\\/wp-content\\\/uploads\\\/2018\\\/09\\\/07f023d5fd7d74618dbbeb54ea83d7c0_S-1.jpg\",\"datePublished\":\"2018-09-02T17:33:09+00:00\",\"breadcrumb\":{\"@id\":\"https:\\\/\\\/www.info-algerie.com\\\/actualites\\\/la-grande-mosquee-dalger-receptionnee-fin-2018-ou-debut-2019\\\/#breadcrumb\"},\"inLanguage\":\"fr-FR\",\"potentialAction\":[{\"@type\":\"ReadAction\",\"target\":[\"https:\\\/\\\/www.info-algerie.com\\\/actualites\\\/la-grande-mosquee-dalger-receptionnee-fin-2018-ou-debut-2019\\\/\"]}]},{\"@type\":\"ImageObject\",\"inLanguage\":\"fr-FR\",\"@id\":\"https:\\\/\\\/www.info-algerie.com\\\/actualites\\\/la-grande-mosquee-dalger-receptionnee-fin-2018-ou-debut-2019\\\/#primaryimage\",\"url\":\"https:\\\/\\\/www.info-algerie.com\\\/actualites\\\/wp-content\\\/uploads\\\/2018\\\/09\\\/07f023d5fd7d74618dbbeb54ea83d7c0_S-1.jpg\",\"contentUrl\":\"https:\\\/\\\/www.info-algerie.com\\\/actualites\\\/wp-content\\\/uploads\\\/2018\\\/09\\\/07f023d5fd7d74618dbbeb54ea83d7c0_S-1.jpg\",\"width\":280,\"height\":169},{\"@type\":\"BreadcrumbList\",\"@id\":\"https:\\\/\\\/www.info-algerie.com\\\/actualites\\\/la-grande-mosquee-dalger-receptionnee-fin-2018-ou-debut-2019\\\/#breadcrumb\",\"itemListElement\":[{\"@type\":\"ListItem\",\"position\":1,\"name\":\"Accueil\",\"item\":\"https:\\\/\\\/www.info-algerie.com\\\/actualites\\\/\"},{\"@type\":\"ListItem\",\"position\":2,\"name\":\"La Grande mosqu\u00e9e d&#039;Alger r\u00e9ceptionn\u00e9e fin 2018 ou d\u00e9but 2019\"}]},{\"@type\":\"WebSite\",\"@id\":\"https:\\\/\\\/www.info-algerie.com\\\/actualites\\\/#website\",\"url\":\"https:\\\/\\\/www.info-algerie.com\\\/actualites\\\/\",\"name\":\"info algerie\",\"description\":\"Toutes les actualit\u00e9s\",\"publisher\":{\"@id\":\"https:\\\/\\\/www.info-algerie.com\\\/actualites\\\/#organization\"},\"potentialAction\":[{\"@type\":\"SearchAction\",\"target\":{\"@type\":\"EntryPoint\",\"urlTemplate\":\"https:\\\/\\\/www.info-algerie.com\\\/actualites\\\/?s={search_term_string}\"},\"query-input\":{\"@type\":\"PropertyValueSpecification\",\"valueRequired\":true,\"valueName\":\"search_term_string\"}}],\"inLanguage\":\"fr-FR\"},{\"@type\":\"Organization\",\"@id\":\"https:\\\/\\\/www.info-algerie.com\\\/actualites\\\/#organization\",\"name\":\"info algerie\",\"url\":\"https:\\\/\\\/www.info-algerie.com\\\/actualites\\\/\",\"logo\":{\"@type\":\"ImageObject\",\"inLanguage\":\"fr-FR\",\"@id\":\"https:\\\/\\\/www.info-algerie.com\\\/actualites\\\/#\\\/schema\\\/logo\\\/image\\\/\",\"url\":\"https:\\\/\\\/www.info-algerie.com\\\/actualites\\\/wp-content\\\/uploads\\\/2022\\\/07\\\/logo-ia-120.png\",\"contentUrl\":\"https:\\\/\\\/www.info-algerie.com\\\/actualites\\\/wp-content\\\/uploads\\\/2022\\\/07\\\/logo-ia-120.png\",\"width\":120,\"height\":43,\"caption\":\"info algerie\"},\"image\":{\"@id\":\"https:\\\/\\\/www.info-algerie.com\\\/actualites\\\/#\\\/schema\\\/logo\\\/image\\\/\"},\"sameAs\":[\"https:\\\/\\\/www.facebook.com\\\/infoalgerieactu\",\"https:\\\/\\\/x.com\\\/infoalgerie1\"]},{\"@type\":\"Person\",\"@id\":\"https:\\\/\\\/www.info-algerie.com\\\/actualites\\\/#\\\/schema\\\/person\\\/847aaec44920825b843a08f30ec6aa1e\",\"name\":\"La r\u00e9daction\",\"image\":{\"@type\":\"ImageObject\",\"inLanguage\":\"fr-FR\",\"@id\":\"https:\\\/\\\/secure.gravatar.com\\\/avatar\\\/769db425c6f465158149f1ffd6cf61ce7a8a879d11dfbef8288af36dfddd418c?s=96&d=mm&r=g\",\"url\":\"https:\\\/\\\/secure.gravatar.com\\\/avatar\\\/769db425c6f465158149f1ffd6cf61ce7a8a879d11dfbef8288af36dfddd418c?s=96&d=mm&r=g\",\"contentUrl\":\"https:\\\/\\\/secure.gravatar.com\\\/avatar\\\/769db425c6f465158149f1ffd6cf61ce7a8a879d11dfbef8288af36dfddd418c?s=96&d=mm&r=g\",\"caption\":\"La r\u00e9daction\"},\"sameAs\":[\"http:\\\/\\\/www.lkeria.com\\\/\"],\"url\":\"https:\\\/\\\/www.info-algerie.com\\\/actualites\\\/author\\\/chakib32\\\/\"}]}<\/script>\n<!-- \/ Yoast SEO plugin. -->","yoast_head_json":{"title":"La Grande mosqu\u00e9e d&#039;Alger r\u00e9ceptionn\u00e9e fin 2018 ou d\u00e9but 2019 - info algerie","robots":{"index":"index","follow":"follow","max-snippet":"max-snippet:-1","max-image-preview":"max-image-preview:large","max-video-preview":"max-video-preview:-1"},"canonical":"https:\/\/www.info-algerie.com\/actualites\/la-grande-mosquee-dalger-receptionnee-fin-2018-ou-debut-2019\/","og_locale":"fr_FR","og_type":"article","og_title":"La Grande mosqu\u00e9e d&#039;Alger r\u00e9ceptionn\u00e9e fin 2018 ou d\u00e9but 2019 - info algerie","og_description":"ALGER- Le ministre des Affaires religieuses et des Wakfs, Mohamed A\u00efssa, a indiqu\u00e9 dimanche \u00e0 Alger que la r\u00e9ception de la Grande mosqu\u00e9e d&rsquo;Alger interviendra \u00e0 la fin de l&rsquo;ann\u00e9e en cours (2018) ou \u00ab\u00a0au plus tard\u00a0\u00bb d\u00e9but 2019. &#013; &#013; Invit\u00e9 au Forum du quotidien \u00ab\u00a0El Moudjahid\u00a0\u00bb, le ministre a pr\u00e9cis\u00e9 que \u00ab\u00a0la r\u00e9ception","og_url":"https:\/\/www.info-algerie.com\/actualites\/la-grande-mosquee-dalger-receptionnee-fin-2018-ou-debut-2019\/","og_site_name":"info algerie","article_publisher":"https:\/\/www.facebook.com\/infoalgerieactu","article_published_time":"2018-09-02T17:33:09+00:00","og_image":[{"width":280,"height":169,"url":"https:\/\/www.info-algerie.com\/actualites\/wp-content\/uploads\/2018\/09\/07f023d5fd7d74618dbbeb54ea83d7c0_S-1.jpg","type":"image\/jpeg"}],"author":"La r\u00e9daction","twitter_misc":{"\u00c9crit par":"La r\u00e9daction","Dur\u00e9e de lecture estim\u00e9e":"2 minutes"},"schema":{"@context":"https:\/\/schema.org","@graph":[{"@type":"Article","@id":"https:\/\/www.info-algerie.com\/actualites\/la-grande-mosquee-dalger-receptionnee-fin-2018-ou-debut-2019\/#article","isPartOf":{"@id":"https:\/\/www.info-algerie.com\/actualites\/la-grande-mosquee-dalger-receptionnee-fin-2018-ou-debut-2019\/"},"author":{"name":"La r\u00e9daction","@id":"https:\/\/www.info-algerie.com\/actualites\/#\/schema\/person\/847aaec44920825b843a08f30ec6aa1e"},"headline":"La Grande mosqu\u00e9e d&#039;Alger r\u00e9ceptionn\u00e9e fin 2018 ou d\u00e9but 2019","datePublished":"2018-09-02T17:33:09+00:00","mainEntityOfPage":{"@id":"https:\/\/www.info-algerie.com\/actualites\/la-grande-mosquee-dalger-receptionnee-fin-2018-ou-debut-2019\/"},"wordCount":457,"commentCount":0,"publisher":{"@id":"https:\/\/www.info-algerie.com\/actualites\/#organization"},"image":{"@id":"https:\/\/www.info-algerie.com\/actualites\/la-grande-mosquee-dalger-receptionnee-fin-2018-ou-debut-2019\/#primaryimage"},"thumbnailUrl":"https:\/\/www.info-algerie.com\/actualites\/wp-content\/uploads\/2018\/09\/07f023d5fd7d74618dbbeb54ea83d7c0_S-1.jpg","keywords":["ONU"],"articleSection":["infos"],"inLanguage":"fr-FR","potentialAction":[{"@type":"CommentAction","name":"Comment","target":["https:\/\/www.info-algerie.com\/actualites\/la-grande-mosquee-dalger-receptionnee-fin-2018-ou-debut-2019\/#respond"]}]},{"@type":"WebPage","@id":"https:\/\/www.info-algerie.com\/actualites\/la-grande-mosquee-dalger-receptionnee-fin-2018-ou-debut-2019\/","url":"https:\/\/www.info-algerie.com\/actualites\/la-grande-mosquee-dalger-receptionnee-fin-2018-ou-debut-2019\/","name":"La Grande mosqu\u00e9e d&#039;Alger r\u00e9ceptionn\u00e9e fin 2018 ou d\u00e9but 2019 - info algerie","isPartOf":{"@id":"https:\/\/www.info-algerie.com\/actualites\/#website"},"primaryImageOfPage":{"@id":"https:\/\/www.info-algerie.com\/actualites\/la-grande-mosquee-dalger-receptionnee-fin-2018-ou-debut-2019\/#primaryimage"},"image":{"@id":"https:\/\/www.info-algerie.com\/actualites\/la-grande-mosquee-dalger-receptionnee-fin-2018-ou-debut-2019\/#primaryimage"},"thumbnailUrl":"https:\/\/www.info-algerie.com\/actualites\/wp-content\/uploads\/2018\/09\/07f023d5fd7d74618dbbeb54ea83d7c0_S-1.jpg","datePublished":"2018-09-02T17:33:09+00:00","breadcrumb":{"@id":"https:\/\/www.info-algerie.com\/actualites\/la-grande-mosquee-dalger-receptionnee-fin-2018-ou-debut-2019\/#breadcrumb"},"inLanguage":"fr-FR","potentialAction":[{"@type":"ReadAction","target":["https:\/\/www.info-algerie.com\/actualites\/la-grande-mosquee-dalger-receptionnee-fin-2018-ou-debut-2019\/"]}]},{"@type":"ImageObject","inLanguage":"fr-FR","@id":"https:\/\/www.info-algerie.com\/actualites\/la-grande-mosquee-dalger-receptionnee-fin-2018-ou-debut-2019\/#primaryimage","url":"https:\/\/www.info-algerie.com\/actualites\/wp-content\/uploads\/2018\/09\/07f023d5fd7d74618dbbeb54ea83d7c0_S-1.jpg","contentUrl":"https:\/\/www.info-algerie.com\/actualites\/wp-content\/uploads\/2018\/09\/07f023d5fd7d74618dbbeb54ea83d7c0_S-1.jpg","width":280,"height":169},{"@type":"BreadcrumbList","@id":"https:\/\/www.info-algerie.com\/actualites\/la-grande-mosquee-dalger-receptionnee-fin-2018-ou-debut-2019\/#breadcrumb","itemListElement":[{"@type":"ListItem","position":1,"name":"Accueil","item":"https:\/\/www.info-algerie.com\/actualites\/"},{"@type":"ListItem","position":2,"name":"La Grande mosqu\u00e9e d&#039;Alger r\u00e9ceptionn\u00e9e fin 2018 ou d\u00e9but 2019"}]},{"@type":"WebSite","@id":"https:\/\/www.info-algerie.com\/actualites\/#website","url":"https:\/\/www.info-algerie.com\/actualites\/","name":"info algerie","description":"Toutes les actualit\u00e9s","publisher":{"@id":"https:\/\/www.info-algerie.com\/actualites\/#organization"},"potentialAction":[{"@type":"SearchAction","target":{"@type":"EntryPoint","urlTemplate":"https:\/\/www.info-algerie.com\/actualites\/?s={search_term_string}"},"query-input":{"@type":"PropertyValueSpecification","valueRequired":true,"valueName":"search_term_string"}}],"inLanguage":"fr-FR"},{"@type":"Organization","@id":"https:\/\/www.info-algerie.com\/actualites\/#organization","name":"info algerie","url":"https:\/\/www.info-algerie.com\/actualites\/","logo":{"@type":"ImageObject","inLanguage":"fr-FR","@id":"https:\/\/www.info-algerie.com\/actualites\/#\/schema\/logo\/image\/","url":"https:\/\/www.info-algerie.com\/actualites\/wp-content\/uploads\/2022\/07\/logo-ia-120.png","contentUrl":"https:\/\/www.info-algerie.com\/actualites\/wp-content\/uploads\/2022\/07\/logo-ia-120.png","width":120,"height":43,"caption":"info algerie"},"image":{"@id":"https:\/\/www.info-algerie.com\/actualites\/#\/schema\/logo\/image\/"},"sameAs":["https:\/\/www.facebook.com\/infoalgerieactu","https:\/\/x.com\/infoalgerie1"]},{"@type":"Person","@id":"https:\/\/www.info-algerie.com\/actualites\/#\/schema\/person\/847aaec44920825b843a08f30ec6aa1e","name":"La r\u00e9daction","image":{"@type":"ImageObject","inLanguage":"fr-FR","@id":"https:\/\/secure.gravatar.com\/avatar\/769db425c6f465158149f1ffd6cf61ce7a8a879d11dfbef8288af36dfddd418c?s=96&d=mm&r=g","url":"https:\/\/secure.gravatar.com\/avatar\/769db425c6f465158149f1ffd6cf61ce7a8a879d11dfbef8288af36dfddd418c?s=96&d=mm&r=g","contentUrl":"https:\/\/secure.gravatar.com\/avatar\/769db425c6f465158149f1ffd6cf61ce7a8a879d11dfbef8288af36dfddd418c?s=96&d=mm&r=g","caption":"La r\u00e9daction"},"sameAs":["http:\/\/www.lkeria.com\/"],"url":"https:\/\/www.info-algerie.com\/actualites\/author\/chakib32\/"}]}},"_links":{"self":[{"href":"https:\/\/www.info-algerie.com\/actualites\/wp-json\/wp\/v2\/posts\/26750","targetHints":{"allow":["GET"]}}],"collection":[{"href":"https:\/\/www.info-algerie.com\/actualites\/wp-json\/wp\/v2\/posts"}],"about":[{"href":"https:\/\/www.info-algerie.com\/actualites\/wp-json\/wp\/v2\/types\/post"}],"author":[{"embeddable":true,"href":"https:\/\/www.info-algerie.com\/actualites\/wp-json\/wp\/v2\/users\/6"}],"replies":[{"embeddable":true,"href":"https:\/\/www.info-algerie.com\/actualites\/wp-json\/wp\/v2\/comments?post=26750"}],"version-history":[{"count":0,"href":"https:\/\/www.info-algerie.com\/actualites\/wp-json\/wp\/v2\/posts\/26750\/revisions"}],"wp:featuredmedia":[{"embeddable":true,"href":"https:\/\/www.info-algerie.com\/actualites\/wp-json\/wp\/v2\/media\/26751"}],"wp:attachment":[{"href":"https:\/\/www.info-algerie.com\/actualites\/wp-json\/wp\/v2\/media?parent=26750"}],"wp:term":[{"taxonomy":"category","embeddable":true,"href":"https:\/\/www.info-algerie.com\/actualites\/wp-json\/wp\/v2\/categories?post=26750"},{"taxonomy":"post_tag","embeddable":true,"href":"https:\/\/www.info-algerie.com\/actualites\/wp-json\/wp\/v2\/tags?post=26750"}],"curies":[{"name":"wp","href":"https:\/\/api.w.org\/{rel}","templated":true}]}}