{"id":26753,"date":"2018-09-02T19:51:28","date_gmt":"2018-09-02T18:51:28","guid":{"rendered":"http:\/\/www.info-algerie.com\/actualites\/reddition-de-deux-terroristes-a-tamanrasset\/"},"modified":"2018-09-02T19:51:28","modified_gmt":"2018-09-02T18:51:28","slug":"reddition-de-deux-terroristes-a-tamanrasset","status":"publish","type":"post","link":"https:\/\/www.info-algerie.com\/actualites\/reddition-de-deux-terroristes-a-tamanrasset\/","title":{"rendered":"Reddition de deux terroristes \u00e0 Tamanrasset"},"content":{"rendered":"<div class=\"K2FeedImage\"><img decoding=\"async\" src=\"https:\/\/www.info-algerie.com\/actualites\/wp-content\/uploads\/2018\/09\/5f809213616f88730227d5092fc2e71e_S.jpg\" alt=\"Reddition de deux terroristes &#xE0; Tamanrasset\" \/><\/div>\n<div class=\"K2FeedIntroText\">\n<p><strong>ALGER &#8211; Deux terroristes, en possession de deux pistolets mitrailleurs de type Kalachnikov et de deux chargeurs de munitions garnis, se sont rendus dimanche aux autorit\u00e9s militaires \u00e0 Tamanrasset, indique le minist\u00e8re de la D\u00e9fense nationale dans un communiqu\u00e9.<\/strong><\/p>\n<p>&#013;\n<\/p><\/div>\n<div class=\"K2FeedFullText\">&#013;<\/p>\n<p>\u00a0\u00ab\u00a0Dans le cadre de la lutte antiterroriste et dans la dynamique des efforts soutenus fournis par les forces de l&rsquo;Arm\u00e9e nationale populaire, deux (2) terroristes se sont rendus, aujourd\u2019hui 2 septembre 2018, aux autorit\u00e9s militaires \u00e0 Tamanrasset en 6e R\u00e9gion militaire. Il s\u2019agit en l&rsquo;occurrence du d\u00e9nomm\u00e9 +Abdallah Klaghlagh+ dit +Yaakoub Hassen+ et de Ali Ould Badi Klaghlagh dit +Saad+\u00a0\u00bb, pr\u00e9cise la m\u00eame source.<\/p>\n<p>&#013;<\/p>\n<p>\u00ab\u00a0Les deux terroristes, qui avaient ralli\u00e9 les groupes terroristes en 2010, \u00e9taient en possession de 2 pistolets mitrailleurs de type Kalachnikov et de 2 chargeurs de munitions garnis\u00a0\u00bb, ajoute le communiqu\u00e9.<\/p>\n<p>&#013;<\/p>\n<p>\u00ab\u00a0Cette op\u00e9ration venant s\u2019ajouter \u00e0 l\u2019ensemble des r\u00e9sultats de qualit\u00e9 concr\u00e9tis\u00e9s sur le terrain, confirme la grande vigilance et la ferme d\u00e9termination des forces de l\u2019ANP d\u00e9ploy\u00e9es le long de nos fronti\u00e8res, \u00e0 d\u00e9jouer toute tentative d\u2019atteinte \u00e0 la s\u00e9curit\u00e9 du pays et sa stabilit\u00e9\u00a0\u00bb, conclut le MDN.\u00a0<\/p>\n<\/div>\n<p>&#013;<br \/>\nSource: <a href=\"http:\/\/www.aps.dz\/algerie\/78086-reddition-de-deux-terroristes-a-tamanrasset\" target=\"_blank\">Reddition de deux terroristes \u00e0 Tamanrasset<\/a><\/p>\n<!--CusAds0-->\n<div style=\"font-size: 0px; height: 0px; line-height: 0px; margin: 0; padding: 0; clear: both;\"><\/div>","protected":false},"excerpt":{"rendered":"<p>ALGER &#8211; Deux terroristes, en possession de deux pistolets mitrailleurs de type Kalachnikov et de deux chargeurs de munitions garnis, se sont rendus dimanche aux autorit\u00e9s militaires \u00e0 Tamanrasset, indique le minist\u00e8re de la D\u00e9fense nationale dans un communiqu\u00e9. &#013; &#013; \u00a0\u00ab\u00a0Dans le cadre de la lutte antiterroriste et dans la dynamique des efforts soutenus<\/p>\n","protected":false},"author":6,"featured_media":26754,"comment_status":"open","ping_status":"open","sticky":false,"template":"","format":"standard","meta":{"footnotes":""},"categories":[22],"tags":[93],"class_list":["post-26753","post","type-post","status-publish","format-standard","has-post-thumbnail","hentry","category-infos","tag-onu"],"yoast_head":"<!-- This site is optimized with the Yoast SEO plugin v27.5 - https:\/\/yoast.com\/product\/yoast-seo-wordpress\/ -->\n<title>Reddition de deux terroristes \u00e0 Tamanrasset - info algerie<\/title>\n<meta name=\"robots\" content=\"index, follow, max-snippet:-1, max-image-preview:large, max-video-preview:-1\" \/>\n<link rel=\"canonical\" href=\"https:\/\/www.info-algerie.com\/actualites\/reddition-de-deux-terroristes-a-tamanrasset\/\" \/>\n<meta property=\"og:locale\" content=\"fr_FR\" \/>\n<meta property=\"og:type\" content=\"article\" \/>\n<meta property=\"og:title\" content=\"Reddition de deux terroristes \u00e0 Tamanrasset - info algerie\" \/>\n<meta property=\"og:description\" content=\"ALGER &#8211; Deux terroristes, en possession de deux pistolets mitrailleurs de type Kalachnikov et de deux chargeurs de munitions garnis, se sont rendus dimanche aux autorit\u00e9s militaires \u00e0 Tamanrasset, indique le minist\u00e8re de la D\u00e9fense nationale dans un communiqu\u00e9. &#013; &#013; \u00a0\u00ab\u00a0Dans le cadre de la lutte antiterroriste et dans la dynamique des efforts soutenus\" \/>\n<meta property=\"og:url\" content=\"https:\/\/www.info-algerie.com\/actualites\/reddition-de-deux-terroristes-a-tamanrasset\/\" \/>\n<meta property=\"og:site_name\" content=\"info algerie\" \/>\n<meta property=\"article:publisher\" content=\"https:\/\/www.facebook.com\/infoalgerieactu\" \/>\n<meta property=\"article:published_time\" content=\"2018-09-02T18:51:28+00:00\" \/>\n<meta property=\"og:image\" content=\"https:\/\/www.info-algerie.com\/actualites\/wp-content\/uploads\/2018\/09\/5f809213616f88730227d5092fc2e71e_S-1.jpg\" \/>\n\t<meta property=\"og:image:width\" content=\"280\" \/>\n\t<meta property=\"og:image:height\" content=\"169\" \/>\n\t<meta property=\"og:image:type\" content=\"image\/jpeg\" \/>\n<meta name=\"author\" content=\"La r\u00e9daction\" \/>\n<meta name=\"twitter:label1\" content=\"\u00c9crit par\" \/>\n\t<meta name=\"twitter:data1\" content=\"La r\u00e9daction\" \/>\n\t<meta name=\"twitter:label2\" content=\"Dur\u00e9e de lecture estim\u00e9e\" \/>\n\t<meta name=\"twitter:data2\" content=\"1 minute\" \/>\n<script type=\"application\/ld+json\" class=\"yoast-schema-graph\">{\"@context\":\"https:\\\/\\\/schema.org\",\"@graph\":[{\"@type\":\"Article\",\"@id\":\"https:\\\/\\\/www.info-algerie.com\\\/actualites\\\/reddition-de-deux-terroristes-a-tamanrasset\\\/#article\",\"isPartOf\":{\"@id\":\"https:\\\/\\\/www.info-algerie.com\\\/actualites\\\/reddition-de-deux-terroristes-a-tamanrasset\\\/\"},\"author\":{\"name\":\"La r\u00e9daction\",\"@id\":\"https:\\\/\\\/www.info-algerie.com\\\/actualites\\\/#\\\/schema\\\/person\\\/847aaec44920825b843a08f30ec6aa1e\"},\"headline\":\"Reddition de deux terroristes \u00e0 Tamanrasset\",\"datePublished\":\"2018-09-02T18:51:28+00:00\",\"mainEntityOfPage\":{\"@id\":\"https:\\\/\\\/www.info-algerie.com\\\/actualites\\\/reddition-de-deux-terroristes-a-tamanrasset\\\/\"},\"wordCount\":209,\"commentCount\":0,\"publisher\":{\"@id\":\"https:\\\/\\\/www.info-algerie.com\\\/actualites\\\/#organization\"},\"image\":{\"@id\":\"https:\\\/\\\/www.info-algerie.com\\\/actualites\\\/reddition-de-deux-terroristes-a-tamanrasset\\\/#primaryimage\"},\"thumbnailUrl\":\"https:\\\/\\\/www.info-algerie.com\\\/actualites\\\/wp-content\\\/uploads\\\/2018\\\/09\\\/5f809213616f88730227d5092fc2e71e_S-1.jpg\",\"keywords\":[\"ONU\"],\"articleSection\":[\"infos\"],\"inLanguage\":\"fr-FR\",\"potentialAction\":[{\"@type\":\"CommentAction\",\"name\":\"Comment\",\"target\":[\"https:\\\/\\\/www.info-algerie.com\\\/actualites\\\/reddition-de-deux-terroristes-a-tamanrasset\\\/#respond\"]}]},{\"@type\":\"WebPage\",\"@id\":\"https:\\\/\\\/www.info-algerie.com\\\/actualites\\\/reddition-de-deux-terroristes-a-tamanrasset\\\/\",\"url\":\"https:\\\/\\\/www.info-algerie.com\\\/actualites\\\/reddition-de-deux-terroristes-a-tamanrasset\\\/\",\"name\":\"Reddition de deux terroristes \u00e0 Tamanrasset - info algerie\",\"isPartOf\":{\"@id\":\"https:\\\/\\\/www.info-algerie.com\\\/actualites\\\/#website\"},\"primaryImageOfPage\":{\"@id\":\"https:\\\/\\\/www.info-algerie.com\\\/actualites\\\/reddition-de-deux-terroristes-a-tamanrasset\\\/#primaryimage\"},\"image\":{\"@id\":\"https:\\\/\\\/www.info-algerie.com\\\/actualites\\\/reddition-de-deux-terroristes-a-tamanrasset\\\/#primaryimage\"},\"thumbnailUrl\":\"https:\\\/\\\/www.info-algerie.com\\\/actualites\\\/wp-content\\\/uploads\\\/2018\\\/09\\\/5f809213616f88730227d5092fc2e71e_S-1.jpg\",\"datePublished\":\"2018-09-02T18:51:28+00:00\",\"breadcrumb\":{\"@id\":\"https:\\\/\\\/www.info-algerie.com\\\/actualites\\\/reddition-de-deux-terroristes-a-tamanrasset\\\/#breadcrumb\"},\"inLanguage\":\"fr-FR\",\"potentialAction\":[{\"@type\":\"ReadAction\",\"target\":[\"https:\\\/\\\/www.info-algerie.com\\\/actualites\\\/reddition-de-deux-terroristes-a-tamanrasset\\\/\"]}]},{\"@type\":\"ImageObject\",\"inLanguage\":\"fr-FR\",\"@id\":\"https:\\\/\\\/www.info-algerie.com\\\/actualites\\\/reddition-de-deux-terroristes-a-tamanrasset\\\/#primaryimage\",\"url\":\"https:\\\/\\\/www.info-algerie.com\\\/actualites\\\/wp-content\\\/uploads\\\/2018\\\/09\\\/5f809213616f88730227d5092fc2e71e_S-1.jpg\",\"contentUrl\":\"https:\\\/\\\/www.info-algerie.com\\\/actualites\\\/wp-content\\\/uploads\\\/2018\\\/09\\\/5f809213616f88730227d5092fc2e71e_S-1.jpg\",\"width\":280,\"height\":169},{\"@type\":\"BreadcrumbList\",\"@id\":\"https:\\\/\\\/www.info-algerie.com\\\/actualites\\\/reddition-de-deux-terroristes-a-tamanrasset\\\/#breadcrumb\",\"itemListElement\":[{\"@type\":\"ListItem\",\"position\":1,\"name\":\"Accueil\",\"item\":\"https:\\\/\\\/www.info-algerie.com\\\/actualites\\\/\"},{\"@type\":\"ListItem\",\"position\":2,\"name\":\"Reddition de deux terroristes \u00e0 Tamanrasset\"}]},{\"@type\":\"WebSite\",\"@id\":\"https:\\\/\\\/www.info-algerie.com\\\/actualites\\\/#website\",\"url\":\"https:\\\/\\\/www.info-algerie.com\\\/actualites\\\/\",\"name\":\"info algerie\",\"description\":\"Toutes les actualit\u00e9s\",\"publisher\":{\"@id\":\"https:\\\/\\\/www.info-algerie.com\\\/actualites\\\/#organization\"},\"potentialAction\":[{\"@type\":\"SearchAction\",\"target\":{\"@type\":\"EntryPoint\",\"urlTemplate\":\"https:\\\/\\\/www.info-algerie.com\\\/actualites\\\/?s={search_term_string}\"},\"query-input\":{\"@type\":\"PropertyValueSpecification\",\"valueRequired\":true,\"valueName\":\"search_term_string\"}}],\"inLanguage\":\"fr-FR\"},{\"@type\":\"Organization\",\"@id\":\"https:\\\/\\\/www.info-algerie.com\\\/actualites\\\/#organization\",\"name\":\"info algerie\",\"url\":\"https:\\\/\\\/www.info-algerie.com\\\/actualites\\\/\",\"logo\":{\"@type\":\"ImageObject\",\"inLanguage\":\"fr-FR\",\"@id\":\"https:\\\/\\\/www.info-algerie.com\\\/actualites\\\/#\\\/schema\\\/logo\\\/image\\\/\",\"url\":\"https:\\\/\\\/www.info-algerie.com\\\/actualites\\\/wp-content\\\/uploads\\\/2022\\\/07\\\/logo-ia-120.png\",\"contentUrl\":\"https:\\\/\\\/www.info-algerie.com\\\/actualites\\\/wp-content\\\/uploads\\\/2022\\\/07\\\/logo-ia-120.png\",\"width\":120,\"height\":43,\"caption\":\"info algerie\"},\"image\":{\"@id\":\"https:\\\/\\\/www.info-algerie.com\\\/actualites\\\/#\\\/schema\\\/logo\\\/image\\\/\"},\"sameAs\":[\"https:\\\/\\\/www.facebook.com\\\/infoalgerieactu\",\"https:\\\/\\\/x.com\\\/infoalgerie1\"]},{\"@type\":\"Person\",\"@id\":\"https:\\\/\\\/www.info-algerie.com\\\/actualites\\\/#\\\/schema\\\/person\\\/847aaec44920825b843a08f30ec6aa1e\",\"name\":\"La r\u00e9daction\",\"image\":{\"@type\":\"ImageObject\",\"inLanguage\":\"fr-FR\",\"@id\":\"https:\\\/\\\/secure.gravatar.com\\\/avatar\\\/769db425c6f465158149f1ffd6cf61ce7a8a879d11dfbef8288af36dfddd418c?s=96&d=mm&r=g\",\"url\":\"https:\\\/\\\/secure.gravatar.com\\\/avatar\\\/769db425c6f465158149f1ffd6cf61ce7a8a879d11dfbef8288af36dfddd418c?s=96&d=mm&r=g\",\"contentUrl\":\"https:\\\/\\\/secure.gravatar.com\\\/avatar\\\/769db425c6f465158149f1ffd6cf61ce7a8a879d11dfbef8288af36dfddd418c?s=96&d=mm&r=g\",\"caption\":\"La r\u00e9daction\"},\"sameAs\":[\"http:\\\/\\\/www.lkeria.com\\\/\"],\"url\":\"https:\\\/\\\/www.info-algerie.com\\\/actualites\\\/author\\\/chakib32\\\/\"}]}<\/script>\n<!-- \/ Yoast SEO plugin. -->","yoast_head_json":{"title":"Reddition de deux terroristes \u00e0 Tamanrasset - info algerie","robots":{"index":"index","follow":"follow","max-snippet":"max-snippet:-1","max-image-preview":"max-image-preview:large","max-video-preview":"max-video-preview:-1"},"canonical":"https:\/\/www.info-algerie.com\/actualites\/reddition-de-deux-terroristes-a-tamanrasset\/","og_locale":"fr_FR","og_type":"article","og_title":"Reddition de deux terroristes \u00e0 Tamanrasset - info algerie","og_description":"ALGER &#8211; Deux terroristes, en possession de deux pistolets mitrailleurs de type Kalachnikov et de deux chargeurs de munitions garnis, se sont rendus dimanche aux autorit\u00e9s militaires \u00e0 Tamanrasset, indique le minist\u00e8re de la D\u00e9fense nationale dans un communiqu\u00e9. &#013; &#013; \u00a0\u00ab\u00a0Dans le cadre de la lutte antiterroriste et dans la dynamique des efforts soutenus","og_url":"https:\/\/www.info-algerie.com\/actualites\/reddition-de-deux-terroristes-a-tamanrasset\/","og_site_name":"info algerie","article_publisher":"https:\/\/www.facebook.com\/infoalgerieactu","article_published_time":"2018-09-02T18:51:28+00:00","og_image":[{"width":280,"height":169,"url":"https:\/\/www.info-algerie.com\/actualites\/wp-content\/uploads\/2018\/09\/5f809213616f88730227d5092fc2e71e_S-1.jpg","type":"image\/jpeg"}],"author":"La r\u00e9daction","twitter_misc":{"\u00c9crit par":"La r\u00e9daction","Dur\u00e9e de lecture estim\u00e9e":"1 minute"},"schema":{"@context":"https:\/\/schema.org","@graph":[{"@type":"Article","@id":"https:\/\/www.info-algerie.com\/actualites\/reddition-de-deux-terroristes-a-tamanrasset\/#article","isPartOf":{"@id":"https:\/\/www.info-algerie.com\/actualites\/reddition-de-deux-terroristes-a-tamanrasset\/"},"author":{"name":"La r\u00e9daction","@id":"https:\/\/www.info-algerie.com\/actualites\/#\/schema\/person\/847aaec44920825b843a08f30ec6aa1e"},"headline":"Reddition de deux terroristes \u00e0 Tamanrasset","datePublished":"2018-09-02T18:51:28+00:00","mainEntityOfPage":{"@id":"https:\/\/www.info-algerie.com\/actualites\/reddition-de-deux-terroristes-a-tamanrasset\/"},"wordCount":209,"commentCount":0,"publisher":{"@id":"https:\/\/www.info-algerie.com\/actualites\/#organization"},"image":{"@id":"https:\/\/www.info-algerie.com\/actualites\/reddition-de-deux-terroristes-a-tamanrasset\/#primaryimage"},"thumbnailUrl":"https:\/\/www.info-algerie.com\/actualites\/wp-content\/uploads\/2018\/09\/5f809213616f88730227d5092fc2e71e_S-1.jpg","keywords":["ONU"],"articleSection":["infos"],"inLanguage":"fr-FR","potentialAction":[{"@type":"CommentAction","name":"Comment","target":["https:\/\/www.info-algerie.com\/actualites\/reddition-de-deux-terroristes-a-tamanrasset\/#respond"]}]},{"@type":"WebPage","@id":"https:\/\/www.info-algerie.com\/actualites\/reddition-de-deux-terroristes-a-tamanrasset\/","url":"https:\/\/www.info-algerie.com\/actualites\/reddition-de-deux-terroristes-a-tamanrasset\/","name":"Reddition de deux terroristes \u00e0 Tamanrasset - info algerie","isPartOf":{"@id":"https:\/\/www.info-algerie.com\/actualites\/#website"},"primaryImageOfPage":{"@id":"https:\/\/www.info-algerie.com\/actualites\/reddition-de-deux-terroristes-a-tamanrasset\/#primaryimage"},"image":{"@id":"https:\/\/www.info-algerie.com\/actualites\/reddition-de-deux-terroristes-a-tamanrasset\/#primaryimage"},"thumbnailUrl":"https:\/\/www.info-algerie.com\/actualites\/wp-content\/uploads\/2018\/09\/5f809213616f88730227d5092fc2e71e_S-1.jpg","datePublished":"2018-09-02T18:51:28+00:00","breadcrumb":{"@id":"https:\/\/www.info-algerie.com\/actualites\/reddition-de-deux-terroristes-a-tamanrasset\/#breadcrumb"},"inLanguage":"fr-FR","potentialAction":[{"@type":"ReadAction","target":["https:\/\/www.info-algerie.com\/actualites\/reddition-de-deux-terroristes-a-tamanrasset\/"]}]},{"@type":"ImageObject","inLanguage":"fr-FR","@id":"https:\/\/www.info-algerie.com\/actualites\/reddition-de-deux-terroristes-a-tamanrasset\/#primaryimage","url":"https:\/\/www.info-algerie.com\/actualites\/wp-content\/uploads\/2018\/09\/5f809213616f88730227d5092fc2e71e_S-1.jpg","contentUrl":"https:\/\/www.info-algerie.com\/actualites\/wp-content\/uploads\/2018\/09\/5f809213616f88730227d5092fc2e71e_S-1.jpg","width":280,"height":169},{"@type":"BreadcrumbList","@id":"https:\/\/www.info-algerie.com\/actualites\/reddition-de-deux-terroristes-a-tamanrasset\/#breadcrumb","itemListElement":[{"@type":"ListItem","position":1,"name":"Accueil","item":"https:\/\/www.info-algerie.com\/actualites\/"},{"@type":"ListItem","position":2,"name":"Reddition de deux terroristes \u00e0 Tamanrasset"}]},{"@type":"WebSite","@id":"https:\/\/www.info-algerie.com\/actualites\/#website","url":"https:\/\/www.info-algerie.com\/actualites\/","name":"info algerie","description":"Toutes les actualit\u00e9s","publisher":{"@id":"https:\/\/www.info-algerie.com\/actualites\/#organization"},"potentialAction":[{"@type":"SearchAction","target":{"@type":"EntryPoint","urlTemplate":"https:\/\/www.info-algerie.com\/actualites\/?s={search_term_string}"},"query-input":{"@type":"PropertyValueSpecification","valueRequired":true,"valueName":"search_term_string"}}],"inLanguage":"fr-FR"},{"@type":"Organization","@id":"https:\/\/www.info-algerie.com\/actualites\/#organization","name":"info algerie","url":"https:\/\/www.info-algerie.com\/actualites\/","logo":{"@type":"ImageObject","inLanguage":"fr-FR","@id":"https:\/\/www.info-algerie.com\/actualites\/#\/schema\/logo\/image\/","url":"https:\/\/www.info-algerie.com\/actualites\/wp-content\/uploads\/2022\/07\/logo-ia-120.png","contentUrl":"https:\/\/www.info-algerie.com\/actualites\/wp-content\/uploads\/2022\/07\/logo-ia-120.png","width":120,"height":43,"caption":"info algerie"},"image":{"@id":"https:\/\/www.info-algerie.com\/actualites\/#\/schema\/logo\/image\/"},"sameAs":["https:\/\/www.facebook.com\/infoalgerieactu","https:\/\/x.com\/infoalgerie1"]},{"@type":"Person","@id":"https:\/\/www.info-algerie.com\/actualites\/#\/schema\/person\/847aaec44920825b843a08f30ec6aa1e","name":"La r\u00e9daction","image":{"@type":"ImageObject","inLanguage":"fr-FR","@id":"https:\/\/secure.gravatar.com\/avatar\/769db425c6f465158149f1ffd6cf61ce7a8a879d11dfbef8288af36dfddd418c?s=96&d=mm&r=g","url":"https:\/\/secure.gravatar.com\/avatar\/769db425c6f465158149f1ffd6cf61ce7a8a879d11dfbef8288af36dfddd418c?s=96&d=mm&r=g","contentUrl":"https:\/\/secure.gravatar.com\/avatar\/769db425c6f465158149f1ffd6cf61ce7a8a879d11dfbef8288af36dfddd418c?s=96&d=mm&r=g","caption":"La r\u00e9daction"},"sameAs":["http:\/\/www.lkeria.com\/"],"url":"https:\/\/www.info-algerie.com\/actualites\/author\/chakib32\/"}]}},"_links":{"self":[{"href":"https:\/\/www.info-algerie.com\/actualites\/wp-json\/wp\/v2\/posts\/26753","targetHints":{"allow":["GET"]}}],"collection":[{"href":"https:\/\/www.info-algerie.com\/actualites\/wp-json\/wp\/v2\/posts"}],"about":[{"href":"https:\/\/www.info-algerie.com\/actualites\/wp-json\/wp\/v2\/types\/post"}],"author":[{"embeddable":true,"href":"https:\/\/www.info-algerie.com\/actualites\/wp-json\/wp\/v2\/users\/6"}],"replies":[{"embeddable":true,"href":"https:\/\/www.info-algerie.com\/actualites\/wp-json\/wp\/v2\/comments?post=26753"}],"version-history":[{"count":0,"href":"https:\/\/www.info-algerie.com\/actualites\/wp-json\/wp\/v2\/posts\/26753\/revisions"}],"wp:featuredmedia":[{"embeddable":true,"href":"https:\/\/www.info-algerie.com\/actualites\/wp-json\/wp\/v2\/media\/26754"}],"wp:attachment":[{"href":"https:\/\/www.info-algerie.com\/actualites\/wp-json\/wp\/v2\/media?parent=26753"}],"wp:term":[{"taxonomy":"category","embeddable":true,"href":"https:\/\/www.info-algerie.com\/actualites\/wp-json\/wp\/v2\/categories?post=26753"},{"taxonomy":"post_tag","embeddable":true,"href":"https:\/\/www.info-algerie.com\/actualites\/wp-json\/wp\/v2\/tags?post=26753"}],"curies":[{"name":"wp","href":"https:\/\/api.w.org\/{rel}","templated":true}]}}